{"id":24032,"date":"2025-02-25T09:26:11","date_gmt":"2025-02-25T08:26:11","guid":{"rendered":"https:\/\/news.save.ch\/?p=24032"},"modified":"2025-02-25T09:34:07","modified_gmt":"2025-02-25T08:34:07","slug":"inkrafttreten-neue-brandschutzvorschriften-jetzt-fuer-2027-vorgesehen","status":null,"type":"post","link":"https:\/\/news.save.ch\/it\/inkrafttreten-neue-brandschutzvorschriften-jetzt-fuer-2027-vorgesehen\/","title":{"rendered":"L'entrata in vigore delle nuove norme antincendio \u00e8 ora prevista per il 2027"},"content":{"rendered":"<figure id=\"attachment_24036\" aria-describedby=\"caption-attachment-24036\" style=\"width: 1000px\" class=\"wp-caption alignnone\"><a href=\"https:\/\/news.save.ch\/it\/inkrafttreten-neue-brandschutzvorschriften-jetzt-fuer-2027-vorgesehen\/smoke-detector-or-fire-alarm-sensor-on-white-architectural-plans\/\" rel=\"attachment wp-att-24036\"><img loading=\"lazy\" decoding=\"async\" class=\"size-full wp-image-24036\" src=\"https:\/\/news.save.ch\/wp-content\/uploads\/2025\/02\/Depositphotos_627213070_S.jpg\" alt=\"\" width=\"1000\" height=\"667\" srcset=\"https:\/\/news.save.ch\/wp-content\/uploads\/2025\/02\/Depositphotos_627213070_S.jpg 1000w, https:\/\/news.save.ch\/wp-content\/uploads\/2025\/02\/Depositphotos_627213070_S-680x454.jpg 680w, https:\/\/news.save.ch\/wp-content\/uploads\/2025\/02\/Depositphotos_627213070_S-768x512.jpg 768w, https:\/\/news.save.ch\/wp-content\/uploads\/2025\/02\/Depositphotos_627213070_S-18x12.jpg 18w, https:\/\/news.save.ch\/wp-content\/uploads\/2025\/02\/Depositphotos_627213070_S-375x250.jpg 375w, https:\/\/news.save.ch\/wp-content\/uploads\/2025\/02\/Depositphotos_627213070_S-525x350.jpg 525w\" sizes=\"auto, (max-width: 1000px) 100vw, 1000px\" \/><\/a><figcaption id=\"caption-attachment-24036\" class=\"wp-caption-text\">Foto: shawn_hempel<\/figcaption><\/figure>\n<p style=\"font-weight: 400;\">Come previsto, la bozza del nuovo regolamento antincendio \u00e8 disponibile per la prima volta come opera completa ed \u00e8 in ottimo stato.<\/p>\n<p style=\"font-weight: 400;\">Il comitato direttivo del progetto UFAS 2026 ha ora studiato in dettaglio l'intero documento. Ha stabilito che in alcune aree \u00e8 ancora necessaria un'armonizzazione dettagliata delle varie parti della normativa. Inoltre, ha preso nuove decisioni basate su un'analisi globale, il cui impatto sul contenuto delle nuove norme antincendio deve essere esaminato in dettaglio. In questo contesto, il comitato direttivo ha deciso di introdurre una fase di consolidamento.<\/p>\n<p style=\"font-weight: 400;\">L'introduzione di una fase di consolidamento ha un impatto sul progetto BSV 2026:<\/p>\n<ul style=\"font-weight: 400;\">\n<li>La consultazione tecnica inizier\u00e0 ora nel settembre 2025. Ci\u00f2 impedir\u00e0 ai partecipanti alla consultazione di fornire un feedback su punti che potranno essere finalizzati nell'ambito del processo di coordinamento dettagliato.<\/li>\n<li>I corsi di formazione sulle nuove norme antincendio inizieranno ora nel dicembre 2025. Tuttavia, il concetto di formazione non sar\u00e0 modificato.<\/li>\n<li>Il processo di consultazione politica inizier\u00e0 ora nell'agosto 2026.<\/li>\n<li>La richiesta di entrata in vigore delle nuove norme di sicurezza antincendio sar\u00e0 trattata nel marzo 2027, tenendo conto della frequenza dell'Assemblea plenaria dell'IOTH.<\/li>\n<\/ul>\n<p style=\"font-weight: 400;\">Ne consegue che la pianificazione delle milestone \u00e8 stata modificata come segue:<\/p>\n<table style=\"font-weight: 400;\">\n<tbody>\n<tr>\n<td width=\"226\">Settembre 2025 - Gennaio 2026<\/td>\n<td width=\"375\">Consulenza tecnica (4 mesi)<\/td>\n<\/tr>\n<tr>\n<td width=\"226\">Dicembre 2025<\/td>\n<td width=\"375\">Avviare corsi di formazione<\/td>\n<\/tr>\n<tr>\n<td width=\"226\">Agosto - novembre 2026<\/td>\n<td width=\"375\">Consultazione politica (3 mesi)<\/td>\n<\/tr>\n<tr>\n<td width=\"226\">Marzo 2027<\/td>\n<td width=\"375\">Approvazione da parte dell'Assemblea plenaria dell'IOTH<\/td>\n<\/tr>\n<\/tbody>\n<\/table>\n<p style=\"font-weight: 400;\">La VKF sta attualmente lavorando per allineare la pianificazione dettagliata a queste nuove tappe.<\/p>\n<p style=\"font-weight: 400;\">La direzione generale del progetto ha deciso di mantenere il nome \"BSV 2026\".<\/p>\n<p><em>Fonte: www.bsvonline.ch<\/em><\/p>","protected":false},"excerpt":{"rendered":"<p>Der Entwurf der neuen Brandschutzvorschriften liegt plangem\u00e4ss erstmals als Gesamtwerk vor und ist auf einem sehr guten Stand. Der Steuerungsausschuss des Projekts BSV 2026 hat mittlerweile das Gesamtwerk eingehend studiert. Er hat festgestellt, dass an einigen Stellen noch Detailabstimmungen unter den Vorschriftenteilen notwendig sind. Dar\u00fcber hinaus hat er basierend auf einer Gesamtanalyse neue Beschl\u00fcsse gefasst, [&hellip;]<\/p>\n","protected":false},"author":31,"featured_media":0,"comment_status":"closed","ping_status":"closed","sticky":false,"template":"","format":"standard","meta":{"_acf_changed":false,"pgc_sgb_lightbox_settings":"","footnotes":""},"categories":[67],"tags":[156,6387],"class_list":["post-24032","post","type-post","status-publish","format-standard","hentry","category-brandschutz","tag-brandschutz","tag-bsv-2026"],"acf":[],"hkrextid":null,"publication":null,"issue":null,"workflow":null,"startPage":null,"spitzmarke":null,"_posts_by_tag_page_fields":null,"_at_widget":null,"_yoast_wpseo_primary_category":"67","_yoast_wpseo_focuskw_text_input":null,"_yoast_wpseo_opengraph-image":null,"_yoast_wpseo_opengraph-description":null,"_yoast_wpseo_opengraph-title":null,"enclosure":null,"_yoast_wpseo_twitter-title":null,"_yoast_wpseo_twitter-description":null,"_yoast_wpseo_twitter-image":null,"_wp_old_slug":null,"_yoast_wpseo_title":null,"_yoast_wpseo_canonical":null,"yoast_head":"<!-- This site is optimized with the Yoast SEO plugin v27.5 - https:\/\/yoast.com\/product\/yoast-seo-wordpress\/ -->\n<title>Inkrafttreten neue Brandschutzvorschriften jetzt f\u00fcr 2027 vorgesehen - Save<\/title>\n<meta name=\"description\" content=\"Die neuen Brandschutzvorschriften treten erst 2027 in Kraft.\" \/>\n<meta name=\"robots\" content=\"index, follow, max-snippet:-1, max-image-preview:large, max-video-preview:-1\" \/>\n<link rel=\"canonical\" href=\"https:\/\/news.save.ch\/it\/inkrafttreten-neue-brandschutzvorschriften-jetzt-fuer-2027-vorgesehen\/\" \/>\n<meta property=\"og:locale\" content=\"it_IT\" \/>\n<meta property=\"og:type\" content=\"article\" \/>\n<meta property=\"og:title\" content=\"Inkrafttreten neue Brandschutzvorschriften jetzt f\u00fcr 2027 vorgesehen - Save\" \/>\n<meta property=\"og:description\" content=\"Die neuen Brandschutzvorschriften treten erst 2027 in Kraft.\" \/>\n<meta property=\"og:url\" content=\"https:\/\/news.save.ch\/it\/inkrafttreten-neue-brandschutzvorschriften-jetzt-fuer-2027-vorgesehen\/\" \/>\n<meta property=\"og:site_name\" content=\"Save\" \/>\n<meta property=\"article:published_time\" content=\"2025-02-25T08:26:11+00:00\" \/>\n<meta property=\"article:modified_time\" content=\"2025-02-25T08:34:07+00:00\" \/>\n<meta property=\"og:image\" content=\"https:\/\/news.save.ch\/wp-content\/uploads\/2025\/02\/Depositphotos_627213070_S.jpg\" \/>\n\t<meta property=\"og:image:width\" content=\"1000\" \/>\n\t<meta property=\"og:image:height\" content=\"667\" \/>\n\t<meta property=\"og:image:type\" content=\"image\/jpeg\" \/>\n<meta name=\"author\" content=\"stefanie Zeng\" \/>\n<meta name=\"twitter:card\" content=\"summary_large_image\" \/>\n<meta name=\"twitter:label1\" content=\"Scritto da\" \/>\n\t<meta name=\"twitter:data1\" content=\"stefanie Zeng\" \/>\n\t<meta name=\"twitter:label2\" content=\"Tempo di lettura stimato\" \/>\n\t<meta name=\"twitter:data2\" content=\"2 minuti\" \/>\n<script type=\"application\/ld+json\" class=\"yoast-schema-graph\">{\"@context\":\"https:\\\/\\\/schema.org\",\"@graph\":[{\"@type\":\"Article\",\"@id\":\"https:\\\/\\\/news.save.ch\\\/inkrafttreten-neue-brandschutzvorschriften-jetzt-fuer-2027-vorgesehen\\\/#article\",\"isPartOf\":{\"@id\":\"https:\\\/\\\/news.save.ch\\\/inkrafttreten-neue-brandschutzvorschriften-jetzt-fuer-2027-vorgesehen\\\/\"},\"author\":{\"name\":\"stefanie Zeng\",\"@id\":\"https:\\\/\\\/news.save.ch\\\/de\\\/#\\\/schema\\\/person\\\/10917387362b3961e882740f6cf6f2a2\"},\"headline\":\"Inkrafttreten neue Brandschutzvorschriften jetzt f\u00fcr 2027 vorgesehen\",\"datePublished\":\"2025-02-25T08:26:11+00:00\",\"dateModified\":\"2025-02-25T08:34:07+00:00\",\"mainEntityOfPage\":{\"@id\":\"https:\\\/\\\/news.save.ch\\\/inkrafttreten-neue-brandschutzvorschriften-jetzt-fuer-2027-vorgesehen\\\/\"},\"wordCount\":238,\"publisher\":{\"@id\":\"https:\\\/\\\/news.save.ch\\\/de\\\/#organization\"},\"image\":{\"@id\":\"https:\\\/\\\/news.save.ch\\\/inkrafttreten-neue-brandschutzvorschriften-jetzt-fuer-2027-vorgesehen\\\/#primaryimage\"},\"thumbnailUrl\":\"https:\\\/\\\/news.save.ch\\\/wp-content\\\/uploads\\\/2025\\\/02\\\/Depositphotos_627213070_S.jpg\",\"keywords\":[\"Brandschutz\",\"BSV 2026\"],\"articleSection\":[\"BRANDSCHUTZ\"],\"inLanguage\":\"it-IT\"},{\"@type\":\"WebPage\",\"@id\":\"https:\\\/\\\/news.save.ch\\\/inkrafttreten-neue-brandschutzvorschriften-jetzt-fuer-2027-vorgesehen\\\/\",\"url\":\"https:\\\/\\\/news.save.ch\\\/inkrafttreten-neue-brandschutzvorschriften-jetzt-fuer-2027-vorgesehen\\\/\",\"name\":\"Inkrafttreten neue Brandschutzvorschriften jetzt f\u00fcr 2027 vorgesehen - Save\",\"isPartOf\":{\"@id\":\"https:\\\/\\\/news.save.ch\\\/de\\\/#website\"},\"primaryImageOfPage\":{\"@id\":\"https:\\\/\\\/news.save.ch\\\/inkrafttreten-neue-brandschutzvorschriften-jetzt-fuer-2027-vorgesehen\\\/#primaryimage\"},\"image\":{\"@id\":\"https:\\\/\\\/news.save.ch\\\/inkrafttreten-neue-brandschutzvorschriften-jetzt-fuer-2027-vorgesehen\\\/#primaryimage\"},\"thumbnailUrl\":\"https:\\\/\\\/news.save.ch\\\/wp-content\\\/uploads\\\/2025\\\/02\\\/Depositphotos_627213070_S.jpg\",\"datePublished\":\"2025-02-25T08:26:11+00:00\",\"dateModified\":\"2025-02-25T08:34:07+00:00\",\"description\":\"Die neuen Brandschutzvorschriften treten erst 2027 in Kraft.\",\"breadcrumb\":{\"@id\":\"https:\\\/\\\/news.save.ch\\\/inkrafttreten-neue-brandschutzvorschriften-jetzt-fuer-2027-vorgesehen\\\/#breadcrumb\"},\"inLanguage\":\"it-IT\",\"potentialAction\":[{\"@type\":\"ReadAction\",\"target\":[\"https:\\\/\\\/news.save.ch\\\/inkrafttreten-neue-brandschutzvorschriften-jetzt-fuer-2027-vorgesehen\\\/\"]}]},{\"@type\":\"ImageObject\",\"inLanguage\":\"it-IT\",\"@id\":\"https:\\\/\\\/news.save.ch\\\/inkrafttreten-neue-brandschutzvorschriften-jetzt-fuer-2027-vorgesehen\\\/#primaryimage\",\"url\":\"https:\\\/\\\/news.save.ch\\\/wp-content\\\/uploads\\\/2025\\\/02\\\/Depositphotos_627213070_S.jpg\",\"contentUrl\":\"https:\\\/\\\/news.save.ch\\\/wp-content\\\/uploads\\\/2025\\\/02\\\/Depositphotos_627213070_S.jpg\"},{\"@type\":\"BreadcrumbList\",\"@id\":\"https:\\\/\\\/news.save.ch\\\/inkrafttreten-neue-brandschutzvorschriften-jetzt-fuer-2027-vorgesehen\\\/#breadcrumb\",\"itemListElement\":[{\"@type\":\"ListItem\",\"position\":1,\"name\":\"Home\",\"item\":\"https:\\\/\\\/news.save.ch\\\/de\\\/\"},{\"@type\":\"ListItem\",\"position\":2,\"name\":\"Inkrafttreten neue Brandschutzvorschriften jetzt f\u00fcr 2027 vorgesehen\"}]},{\"@type\":\"WebSite\",\"@id\":\"https:\\\/\\\/news.save.ch\\\/de\\\/#website\",\"url\":\"https:\\\/\\\/news.save.ch\\\/de\\\/\",\"name\":\"Save\",\"description\":\"Schweizer Fachzeitschrift f\u00fcr Sicherheit\",\"publisher\":{\"@id\":\"https:\\\/\\\/news.save.ch\\\/de\\\/#organization\"},\"potentialAction\":[{\"@type\":\"SearchAction\",\"target\":{\"@type\":\"EntryPoint\",\"urlTemplate\":\"https:\\\/\\\/news.save.ch\\\/de\\\/?s={search_term_string}\"},\"query-input\":{\"@type\":\"PropertyValueSpecification\",\"valueRequired\":true,\"valueName\":\"search_term_string\"}}],\"inLanguage\":\"it-IT\"},{\"@type\":\"Organization\",\"@id\":\"https:\\\/\\\/news.save.ch\\\/de\\\/#organization\",\"name\":\"Sicherheitsforum\",\"url\":\"https:\\\/\\\/news.save.ch\\\/de\\\/\",\"logo\":{\"@type\":\"ImageObject\",\"inLanguage\":\"it-IT\",\"@id\":\"https:\\\/\\\/news.save.ch\\\/de\\\/#\\\/schema\\\/logo\\\/image\\\/\",\"url\":\"https:\\\/\\\/news.save.ch\\\/wp-content\\\/uploads\\\/2022\\\/06\\\/Logo_SF_2012.png\",\"contentUrl\":\"https:\\\/\\\/news.save.ch\\\/wp-content\\\/uploads\\\/2022\\\/06\\\/Logo_SF_2012.png\",\"width\":1100,\"height\":91,\"caption\":\"Sicherheitsforum\"},\"image\":{\"@id\":\"https:\\\/\\\/news.save.ch\\\/de\\\/#\\\/schema\\\/logo\\\/image\\\/\"}},{\"@type\":\"Person\",\"@id\":\"https:\\\/\\\/news.save.ch\\\/de\\\/#\\\/schema\\\/person\\\/10917387362b3961e882740f6cf6f2a2\",\"name\":\"stefanie Zeng\",\"image\":{\"@type\":\"ImageObject\",\"inLanguage\":\"it-IT\",\"@id\":\"https:\\\/\\\/secure.gravatar.com\\\/avatar\\\/eac43faa6e40bb2c41068c95c9d78bbd94c476d5efdff7abaab80bb3ea681e06?s=96&d=mm&r=g\",\"url\":\"https:\\\/\\\/secure.gravatar.com\\\/avatar\\\/eac43faa6e40bb2c41068c95c9d78bbd94c476d5efdff7abaab80bb3ea681e06?s=96&d=mm&r=g\",\"contentUrl\":\"https:\\\/\\\/secure.gravatar.com\\\/avatar\\\/eac43faa6e40bb2c41068c95c9d78bbd94c476d5efdff7abaab80bb3ea681e06?s=96&d=mm&r=g\",\"caption\":\"stefanie Zeng\"},\"url\":\"https:\\\/\\\/news.save.ch\\\/it\\\/author\\\/stefanie-zeng\\\/\"}]}<\/script>\n<!-- \/ Yoast SEO plugin. -->","yoast_head_json":{"title":"L'entrata in vigore delle nuove norme antincendio \u00e8 ora prevista per il 2027 - Save","description":"Le nuove norme di sicurezza antincendio non entreranno in vigore prima del 2027.","robots":{"index":"index","follow":"follow","max-snippet":"max-snippet:-1","max-image-preview":"max-image-preview:large","max-video-preview":"max-video-preview:-1"},"canonical":"https:\/\/news.save.ch\/it\/inkrafttreten-neue-brandschutzvorschriften-jetzt-fuer-2027-vorgesehen\/","og_locale":"it_IT","og_type":"article","og_title":"Inkrafttreten neue Brandschutzvorschriften jetzt f\u00fcr 2027 vorgesehen - Save","og_description":"Die neuen Brandschutzvorschriften treten erst 2027 in Kraft.","og_url":"https:\/\/news.save.ch\/it\/inkrafttreten-neue-brandschutzvorschriften-jetzt-fuer-2027-vorgesehen\/","og_site_name":"Save","article_published_time":"2025-02-25T08:26:11+00:00","article_modified_time":"2025-02-25T08:34:07+00:00","og_image":[{"width":1000,"height":667,"url":"https:\/\/news.save.ch\/wp-content\/uploads\/2025\/02\/Depositphotos_627213070_S.jpg","type":"image\/jpeg"}],"author":"stefanie Zeng","twitter_card":"summary_large_image","twitter_misc":{"Scritto da":"stefanie Zeng","Tempo di lettura stimato":"2 minuti"},"schema":{"@context":"https:\/\/schema.org","@graph":[{"@type":"Article","@id":"https:\/\/news.save.ch\/inkrafttreten-neue-brandschutzvorschriften-jetzt-fuer-2027-vorgesehen\/#article","isPartOf":{"@id":"https:\/\/news.save.ch\/inkrafttreten-neue-brandschutzvorschriften-jetzt-fuer-2027-vorgesehen\/"},"author":{"name":"stefanie Zeng","@id":"https:\/\/news.save.ch\/de\/#\/schema\/person\/10917387362b3961e882740f6cf6f2a2"},"headline":"Inkrafttreten neue Brandschutzvorschriften jetzt f\u00fcr 2027 vorgesehen","datePublished":"2025-02-25T08:26:11+00:00","dateModified":"2025-02-25T08:34:07+00:00","mainEntityOfPage":{"@id":"https:\/\/news.save.ch\/inkrafttreten-neue-brandschutzvorschriften-jetzt-fuer-2027-vorgesehen\/"},"wordCount":238,"publisher":{"@id":"https:\/\/news.save.ch\/de\/#organization"},"image":{"@id":"https:\/\/news.save.ch\/inkrafttreten-neue-brandschutzvorschriften-jetzt-fuer-2027-vorgesehen\/#primaryimage"},"thumbnailUrl":"https:\/\/news.save.ch\/wp-content\/uploads\/2025\/02\/Depositphotos_627213070_S.jpg","keywords":["Brandschutz","BSV 2026"],"articleSection":["BRANDSCHUTZ"],"inLanguage":"it-IT"},{"@type":"WebPage","@id":"https:\/\/news.save.ch\/inkrafttreten-neue-brandschutzvorschriften-jetzt-fuer-2027-vorgesehen\/","url":"https:\/\/news.save.ch\/inkrafttreten-neue-brandschutzvorschriften-jetzt-fuer-2027-vorgesehen\/","name":"L'entrata in vigore delle nuove norme antincendio \u00e8 ora prevista per il 2027 - Save","isPartOf":{"@id":"https:\/\/news.save.ch\/de\/#website"},"primaryImageOfPage":{"@id":"https:\/\/news.save.ch\/inkrafttreten-neue-brandschutzvorschriften-jetzt-fuer-2027-vorgesehen\/#primaryimage"},"image":{"@id":"https:\/\/news.save.ch\/inkrafttreten-neue-brandschutzvorschriften-jetzt-fuer-2027-vorgesehen\/#primaryimage"},"thumbnailUrl":"https:\/\/news.save.ch\/wp-content\/uploads\/2025\/02\/Depositphotos_627213070_S.jpg","datePublished":"2025-02-25T08:26:11+00:00","dateModified":"2025-02-25T08:34:07+00:00","description":"Le nuove norme di sicurezza antincendio non entreranno in vigore prima del 2027.","breadcrumb":{"@id":"https:\/\/news.save.ch\/inkrafttreten-neue-brandschutzvorschriften-jetzt-fuer-2027-vorgesehen\/#breadcrumb"},"inLanguage":"it-IT","potentialAction":[{"@type":"ReadAction","target":["https:\/\/news.save.ch\/inkrafttreten-neue-brandschutzvorschriften-jetzt-fuer-2027-vorgesehen\/"]}]},{"@type":"ImageObject","inLanguage":"it-IT","@id":"https:\/\/news.save.ch\/inkrafttreten-neue-brandschutzvorschriften-jetzt-fuer-2027-vorgesehen\/#primaryimage","url":"https:\/\/news.save.ch\/wp-content\/uploads\/2025\/02\/Depositphotos_627213070_S.jpg","contentUrl":"https:\/\/news.save.ch\/wp-content\/uploads\/2025\/02\/Depositphotos_627213070_S.jpg"},{"@type":"BreadcrumbList","@id":"https:\/\/news.save.ch\/inkrafttreten-neue-brandschutzvorschriften-jetzt-fuer-2027-vorgesehen\/#breadcrumb","itemListElement":[{"@type":"ListItem","position":1,"name":"Home","item":"https:\/\/news.save.ch\/de\/"},{"@type":"ListItem","position":2,"name":"Inkrafttreten neue Brandschutzvorschriften jetzt f\u00fcr 2027 vorgesehen"}]},{"@type":"WebSite","@id":"https:\/\/news.save.ch\/de\/#website","url":"https:\/\/news.save.ch\/de\/","name":"Risparmiare","description":"Rivista svizzera specializzata in sicurezza","publisher":{"@id":"https:\/\/news.save.ch\/de\/#organization"},"potentialAction":[{"@type":"SearchAction","target":{"@type":"EntryPoint","urlTemplate":"https:\/\/news.save.ch\/de\/?s={search_term_string}"},"query-input":{"@type":"PropertyValueSpecification","valueRequired":true,"valueName":"search_term_string"}}],"inLanguage":"it-IT"},{"@type":"Organization","@id":"https:\/\/news.save.ch\/de\/#organization","name":"Forum sulla sicurezza","url":"https:\/\/news.save.ch\/de\/","logo":{"@type":"ImageObject","inLanguage":"it-IT","@id":"https:\/\/news.save.ch\/de\/#\/schema\/logo\/image\/","url":"https:\/\/news.save.ch\/wp-content\/uploads\/2022\/06\/Logo_SF_2012.png","contentUrl":"https:\/\/news.save.ch\/wp-content\/uploads\/2022\/06\/Logo_SF_2012.png","width":1100,"height":91,"caption":"Sicherheitsforum"},"image":{"@id":"https:\/\/news.save.ch\/de\/#\/schema\/logo\/image\/"}},{"@type":"Person","@id":"https:\/\/news.save.ch\/de\/#\/schema\/person\/10917387362b3961e882740f6cf6f2a2","name":"Stefanie Zeng","image":{"@type":"ImageObject","inLanguage":"it-IT","@id":"https:\/\/secure.gravatar.com\/avatar\/eac43faa6e40bb2c41068c95c9d78bbd94c476d5efdff7abaab80bb3ea681e06?s=96&d=mm&r=g","url":"https:\/\/secure.gravatar.com\/avatar\/eac43faa6e40bb2c41068c95c9d78bbd94c476d5efdff7abaab80bb3ea681e06?s=96&d=mm&r=g","contentUrl":"https:\/\/secure.gravatar.com\/avatar\/eac43faa6e40bb2c41068c95c9d78bbd94c476d5efdff7abaab80bb3ea681e06?s=96&d=mm&r=g","caption":"stefanie Zeng"},"url":"https:\/\/news.save.ch\/it\/author\/stefanie-zeng\/"}]}},"_links":{"self":[{"href":"https:\/\/news.save.ch\/it\/wp-json\/wp\/v2\/posts\/24032","targetHints":{"allow":["GET"]}}],"collection":[{"href":"https:\/\/news.save.ch\/it\/wp-json\/wp\/v2\/posts"}],"about":[{"href":"https:\/\/news.save.ch\/it\/wp-json\/wp\/v2\/types\/post"}],"author":[{"embeddable":true,"href":"https:\/\/news.save.ch\/it\/wp-json\/wp\/v2\/users\/31"}],"replies":[{"embeddable":true,"href":"https:\/\/news.save.ch\/it\/wp-json\/wp\/v2\/comments?post=24032"}],"version-history":[{"count":2,"href":"https:\/\/news.save.ch\/it\/wp-json\/wp\/v2\/posts\/24032\/revisions"}],"predecessor-version":[{"id":24037,"href":"https:\/\/news.save.ch\/it\/wp-json\/wp\/v2\/posts\/24032\/revisions\/24037"}],"wp:attachment":[{"href":"https:\/\/news.save.ch\/it\/wp-json\/wp\/v2\/media?parent=24032"}],"wp:term":[{"taxonomy":"category","embeddable":true,"href":"https:\/\/news.save.ch\/it\/wp-json\/wp\/v2\/categories?post=24032"},{"taxonomy":"post_tag","embeddable":true,"href":"https:\/\/news.save.ch\/it\/wp-json\/wp\/v2\/tags?post=24032"}],"curies":[{"name":"wp","href":"https:\/\/api.w.org\/{rel}","templated":true}]}}