{"id":24054,"date":"2025-03-05T08:03:52","date_gmt":"2025-03-05T07:03:52","guid":{"rendered":"https:\/\/news.save.ch\/?p=24054"},"modified":"2025-03-05T08:03:53","modified_gmt":"2025-03-05T07:03:53","slug":"sicherheitsluecken-gefaehrden-private-5g-netze-inmitten-des-ki-booms","status":null,"type":"post","link":"https:\/\/news.save.ch\/it\/sicherheitsluecken-gefaehrden-private-5g-netze-inmitten-des-ki-booms\/","title":{"rendered":"Le vulnerabilit\u00e0 di sicurezza mettono a rischio le reti private 5G nel contesto del boom dell'intelligenza artificiale"},"content":{"rendered":"<div class=\"richText section\">\n<figure id=\"attachment_24055\" aria-describedby=\"caption-attachment-24055\" style=\"width: 1000px\" class=\"wp-caption alignnone\"><a href=\"https:\/\/news.save.ch\/it\/sicherheitsluecken-gefaehrden-private-5g-netze-inmitten-des-ki-booms\/depositphotos_65098757_s\/\" rel=\"attachment wp-att-24055\"><img loading=\"lazy\" decoding=\"async\" class=\"size-full wp-image-24055\" src=\"https:\/\/news.save.ch\/wp-content\/uploads\/2025\/03\/Depositphotos_65098757_S.jpg\" alt=\"\" width=\"1000\" height=\"667\" srcset=\"https:\/\/news.save.ch\/wp-content\/uploads\/2025\/03\/Depositphotos_65098757_S.jpg 1000w, https:\/\/news.save.ch\/wp-content\/uploads\/2025\/03\/Depositphotos_65098757_S-680x454.jpg 680w, https:\/\/news.save.ch\/wp-content\/uploads\/2025\/03\/Depositphotos_65098757_S-768x512.jpg 768w, https:\/\/news.save.ch\/wp-content\/uploads\/2025\/03\/Depositphotos_65098757_S-18x12.jpg 18w, https:\/\/news.save.ch\/wp-content\/uploads\/2025\/03\/Depositphotos_65098757_S-375x250.jpg 375w, https:\/\/news.save.ch\/wp-content\/uploads\/2025\/03\/Depositphotos_65098757_S-525x350.jpg 525w\" sizes=\"auto, (max-width: 1000px) 100vw, 1000px\" \/><\/a><figcaption id=\"caption-attachment-24055\" class=\"wp-caption-text\">Foto: Depositphotos\/info@crashmedia.fi<\/figcaption><\/figure>\n<p>Le reti private 5G sono in forte espansione grazie al loro utilizzo in settori critici come l'energia e le utility, l'esercito, la logistica e la sanit\u00e0. Il 100% degli intervistati nello studio sulle tendenze ha dichiarato di utilizzare gi\u00e0 reti 5G private (86%) o di prenderne in considerazione l'uso (14%).<\/p>\n<p>Anche gli esperti di IT e cyber security sembrano comprendere i potenziali vantaggi della sicurezza basata sull'intelligenza artificiale in questi ambienti: Anche in questo caso, quasi tutti hanno dichiarato di utilizzare gi\u00e0 tali strumenti per le reti private 5G (62%) o di avere intenzione di utilizzarli (35%).<\/p>\n<p>Gli intervistati considerano essenziali le seguenti funzioni supportate dall'IA:<\/p>\n<ul>\n<li class=\"rich-text-li\"><span class=\"rte-red-bullet\">Informazioni predittive sulle minacce (58%)<\/span><\/li>\n<li class=\"rich-text-li\"><span class=\"rte-red-bullet\">Autenticazione continua e adattiva (52%)<\/span><\/li>\n<li class=\"rich-text-li\"><span class=\"rte-red-bullet\">Applicazione della fiducia zero (47%)<\/span><\/li>\n<li class=\"rich-text-li\"><span class=\"rte-red-bullet\">Reti autorigeneranti con automazione AI (41%)<\/span><\/li>\n<\/ul>\n<p>Pi\u00f9 di nove organizzazioni su dieci che attualmente utilizzano la sicurezza dell'intelligenza artificiale ammettono di dover affrontare delle difficolt\u00e0 nell'implementazione della tecnologia nelle reti private 5G. I costi elevati (47%), le preoccupazioni per i falsi positivi\/negativi (44%) e la mancanza di competenze interne (37%) sono stati i pi\u00f9 citati.<\/p>\n<p>La mancanza di competenze interne in materia di sicurezza informatica si riflette anche nel fatto che solo un quinto (20%) delle aziende globali dispone di un team dedicato alla protezione delle reti di comunicazione. In molti casi, la responsabilit\u00e0 della sicurezza CT spetta al CTO (43%) o al CIO (32%).<\/p>\n<p>In media, meno di un quinto (18%) dei budget per la sicurezza delle aziende \u00e8 attualmente destinato alle reti private 5G, anche se queste supportano servizi critici e trasportano dati altamente sensibili.<\/p>\n<p>Lo studio di Trend mostra che le aziende si espongono inconsapevolmente a rischi informatici e di conformit\u00e0 se non mettono in sicurezza l'uso dell'IA per monitorare\/analizzare il traffico di dati.<\/p>\n<p>In particolare, solo circa la met\u00e0 o meno degli intervistati ha dichiarato di:<\/p>\n<ul>\n<li class=\"rich-text-li\"><span class=\"rte-red-bullet\">Garantire la conformit\u00e0 alle normative sulla protezione dei dati, come il GDPR (54%).<\/span><\/li>\n<li class=\"rich-text-li\"><span class=\"rte-red-bullet\">Crittografia dei dati a riposo e durante la trasmissione (51%)<\/span><\/li>\n<li class=\"rich-text-li\"><span class=\"rte-red-bullet\">Stabilire controlli di accesso rigorosi per i modelli di intelligenza artificiale (50%)<\/span><\/li>\n<li class=\"rich-text-li\"><span class=\"rte-red-bullet\">Utilizzare tecniche di anonimizzazione dei dati (44%)<\/span><\/li>\n<\/ul>\n<p>\"La sicurezza dell'intelligenza artificiale non \u00e8 tutta uguale e alcune organizzazioni si mettono a rischio per mancanza di competenze\", ha dichiarato Rachel Jin, Chief Enterprise Platform Officer di Trend. \"La gestione proattiva della superficie di attacco \u00e8 fondamentale per le reti private 5G, poich\u00e9 qualsiasi errore di valutazione pu\u00f2 aprire la porta a una compromissione. I leader della sicurezza devono combinare la protezione basata sull'intelligenza artificiale con una comprensione completa della tecnologia e del rischio informatico per proteggere questi ambienti critici\".<\/p>\n<p>\"Le organizzazioni vedono un grande valore operativo nelle reti private 5G, spesso come parte di progetti di AI\", riferisce Jim Frey, Principal Analyst, Networking di ESG. \"Tuttavia, devono assicurarsi che il loro Security Operations Centre (SOC) sia pronto a monitorare e proteggere questa nuova tecnologia di comunicazione. I fornitori di cybersicurezza in grado di utilizzare la gestione proattiva del rischio, la previsione dei percorsi di attacco e altre misure proattive saranno in grado di proteggere le architetture private 5G e AI\".<\/p>\n<p>Jason Huang, CEO di CTOne: \"Con il crescente utilizzo di reti private e pubbliche da parte delle aziende, sorgono nuove sfide che richiedono capacit\u00e0 di sicurezza CT specializzate\", spiega Jason Huang, CEO di CTOne. \"Le organizzazioni devono garantire la sicurezza end-to-end combinata con una visibilit\u00e0 completa che si allinei ai requisiti SecOps. Ci\u00f2 consente loro di gestire il rischio di attacco della superficie IT, che continua ad espandersi e a supportare nuove applicazioni wireless\".<\/p>\n<p><em>Fonte: trendmicro.com<\/em><\/p>\n<\/div>","protected":false},"excerpt":{"rendered":"<p>Private 5G-Netzwerke boomen dank ihres Einsatzes in kritischen Branchen wie \u00a0Energie- und Versorgungsunternehmen, im Milit\u00e4r, in der Logistik und im Gesundheitswesen. 100 Prozent der Befragten der Trend-Studie gaben an, dass sie private 5G-Netzwerke entweder derzeit schon nutzen (86 Prozent) oder deren Einsatz pr\u00fcfen (14 Prozent). Auch IT- und Cybersicherheitsexperten scheinen die potenziellen Vorteile von KI-gest\u00fctzter [&hellip;]<\/p>\n","protected":false},"author":31,"featured_media":0,"comment_status":"closed","ping_status":"closed","sticky":false,"template":"","format":"standard","meta":{"_acf_changed":false,"pgc_sgb_lightbox_settings":"","footnotes":""},"categories":[3313],"tags":[439,1580,808],"class_list":["post-24054","post","type-post","status-publish","format-standard","hentry","category-digitalisierung","tag-5g","tag-5g-mobilfunk","tag-ki"],"acf":[],"hkrextid":null,"publication":null,"issue":null,"workflow":null,"startPage":null,"spitzmarke":null,"_posts_by_tag_page_fields":null,"_at_widget":null,"_yoast_wpseo_primary_category":"3313","_yoast_wpseo_focuskw_text_input":null,"_yoast_wpseo_opengraph-image":null,"_yoast_wpseo_opengraph-description":null,"_yoast_wpseo_opengraph-title":null,"enclosure":null,"_yoast_wpseo_twitter-title":null,"_yoast_wpseo_twitter-description":null,"_yoast_wpseo_twitter-image":null,"_wp_old_slug":null,"_yoast_wpseo_title":null,"_yoast_wpseo_canonical":null,"yoast_head":"<!-- This site is optimized with the Yoast SEO plugin v27.4 - https:\/\/yoast.com\/product\/yoast-seo-wordpress\/ -->\n<title>Sicherheitsl\u00fccken gef\u00e4hrden private 5G-Netze inmitten des KI-Booms - Save<\/title>\n<meta name=\"description\" content=\"Sicherheitsl\u00fccken gef\u00e4hrden private 5G-Netze inmitten des KI-Booms\" \/>\n<meta name=\"robots\" content=\"index, follow, max-snippet:-1, max-image-preview:large, max-video-preview:-1\" \/>\n<link rel=\"canonical\" href=\"https:\/\/news.save.ch\/it\/sicherheitsluecken-gefaehrden-private-5g-netze-inmitten-des-ki-booms\/\" \/>\n<meta property=\"og:locale\" content=\"it_IT\" \/>\n<meta property=\"og:type\" content=\"article\" \/>\n<meta property=\"og:title\" content=\"Sicherheitsl\u00fccken gef\u00e4hrden private 5G-Netze inmitten des KI-Booms - Save\" \/>\n<meta property=\"og:description\" content=\"Sicherheitsl\u00fccken gef\u00e4hrden private 5G-Netze inmitten des KI-Booms\" \/>\n<meta property=\"og:url\" content=\"https:\/\/news.save.ch\/it\/sicherheitsluecken-gefaehrden-private-5g-netze-inmitten-des-ki-booms\/\" \/>\n<meta property=\"og:site_name\" content=\"Save\" \/>\n<meta property=\"article:published_time\" content=\"2025-03-05T07:03:52+00:00\" \/>\n<meta property=\"article:modified_time\" content=\"2025-03-05T07:03:53+00:00\" \/>\n<meta property=\"og:image\" content=\"https:\/\/news.save.ch\/wp-content\/uploads\/2025\/03\/Depositphotos_65098757_S.jpg\" \/>\n\t<meta property=\"og:image:width\" content=\"1000\" \/>\n\t<meta property=\"og:image:height\" content=\"667\" \/>\n\t<meta property=\"og:image:type\" content=\"image\/jpeg\" \/>\n<meta name=\"author\" content=\"stefanie Zeng\" \/>\n<meta name=\"twitter:card\" content=\"summary_large_image\" \/>\n<meta name=\"twitter:label1\" content=\"Scritto da\" \/>\n\t<meta name=\"twitter:data1\" content=\"stefanie Zeng\" \/>\n\t<meta name=\"twitter:label2\" content=\"Tempo di lettura stimato\" \/>\n\t<meta name=\"twitter:data2\" content=\"4 minuti\" \/>\n<script type=\"application\/ld+json\" class=\"yoast-schema-graph\">{\"@context\":\"https:\\\/\\\/schema.org\",\"@graph\":[{\"@type\":\"Article\",\"@id\":\"https:\\\/\\\/news.save.ch\\\/sicherheitsluecken-gefaehrden-private-5g-netze-inmitten-des-ki-booms\\\/#article\",\"isPartOf\":{\"@id\":\"https:\\\/\\\/news.save.ch\\\/sicherheitsluecken-gefaehrden-private-5g-netze-inmitten-des-ki-booms\\\/\"},\"author\":{\"name\":\"stefanie Zeng\",\"@id\":\"https:\\\/\\\/news.save.ch\\\/de\\\/#\\\/schema\\\/person\\\/10917387362b3961e882740f6cf6f2a2\"},\"headline\":\"Sicherheitsl\u00fccken gef\u00e4hrden private 5G-Netze inmitten des KI-Booms\",\"datePublished\":\"2025-03-05T07:03:52+00:00\",\"dateModified\":\"2025-03-05T07:03:53+00:00\",\"mainEntityOfPage\":{\"@id\":\"https:\\\/\\\/news.save.ch\\\/sicherheitsluecken-gefaehrden-private-5g-netze-inmitten-des-ki-booms\\\/\"},\"wordCount\":537,\"publisher\":{\"@id\":\"https:\\\/\\\/news.save.ch\\\/de\\\/#organization\"},\"image\":{\"@id\":\"https:\\\/\\\/news.save.ch\\\/sicherheitsluecken-gefaehrden-private-5g-netze-inmitten-des-ki-booms\\\/#primaryimage\"},\"thumbnailUrl\":\"https:\\\/\\\/news.save.ch\\\/wp-content\\\/uploads\\\/2025\\\/03\\\/Depositphotos_65098757_S.jpg\",\"keywords\":[\"5G\",\"5G-Mobilfunk\",\"KI\"],\"articleSection\":[\"DIGITALISIERUNG\"],\"inLanguage\":\"it-IT\"},{\"@type\":\"WebPage\",\"@id\":\"https:\\\/\\\/news.save.ch\\\/sicherheitsluecken-gefaehrden-private-5g-netze-inmitten-des-ki-booms\\\/\",\"url\":\"https:\\\/\\\/news.save.ch\\\/sicherheitsluecken-gefaehrden-private-5g-netze-inmitten-des-ki-booms\\\/\",\"name\":\"Sicherheitsl\u00fccken gef\u00e4hrden private 5G-Netze inmitten des KI-Booms - Save\",\"isPartOf\":{\"@id\":\"https:\\\/\\\/news.save.ch\\\/de\\\/#website\"},\"primaryImageOfPage\":{\"@id\":\"https:\\\/\\\/news.save.ch\\\/sicherheitsluecken-gefaehrden-private-5g-netze-inmitten-des-ki-booms\\\/#primaryimage\"},\"image\":{\"@id\":\"https:\\\/\\\/news.save.ch\\\/sicherheitsluecken-gefaehrden-private-5g-netze-inmitten-des-ki-booms\\\/#primaryimage\"},\"thumbnailUrl\":\"https:\\\/\\\/news.save.ch\\\/wp-content\\\/uploads\\\/2025\\\/03\\\/Depositphotos_65098757_S.jpg\",\"datePublished\":\"2025-03-05T07:03:52+00:00\",\"dateModified\":\"2025-03-05T07:03:53+00:00\",\"description\":\"Sicherheitsl\u00fccken gef\u00e4hrden private 5G-Netze inmitten des KI-Booms\",\"breadcrumb\":{\"@id\":\"https:\\\/\\\/news.save.ch\\\/sicherheitsluecken-gefaehrden-private-5g-netze-inmitten-des-ki-booms\\\/#breadcrumb\"},\"inLanguage\":\"it-IT\",\"potentialAction\":[{\"@type\":\"ReadAction\",\"target\":[\"https:\\\/\\\/news.save.ch\\\/sicherheitsluecken-gefaehrden-private-5g-netze-inmitten-des-ki-booms\\\/\"]}]},{\"@type\":\"ImageObject\",\"inLanguage\":\"it-IT\",\"@id\":\"https:\\\/\\\/news.save.ch\\\/sicherheitsluecken-gefaehrden-private-5g-netze-inmitten-des-ki-booms\\\/#primaryimage\",\"url\":\"https:\\\/\\\/news.save.ch\\\/wp-content\\\/uploads\\\/2025\\\/03\\\/Depositphotos_65098757_S.jpg\",\"contentUrl\":\"https:\\\/\\\/news.save.ch\\\/wp-content\\\/uploads\\\/2025\\\/03\\\/Depositphotos_65098757_S.jpg\"},{\"@type\":\"BreadcrumbList\",\"@id\":\"https:\\\/\\\/news.save.ch\\\/sicherheitsluecken-gefaehrden-private-5g-netze-inmitten-des-ki-booms\\\/#breadcrumb\",\"itemListElement\":[{\"@type\":\"ListItem\",\"position\":1,\"name\":\"Home\",\"item\":\"https:\\\/\\\/news.save.ch\\\/de\\\/\"},{\"@type\":\"ListItem\",\"position\":2,\"name\":\"Sicherheitsl\u00fccken gef\u00e4hrden private 5G-Netze inmitten des KI-Booms\"}]},{\"@type\":\"WebSite\",\"@id\":\"https:\\\/\\\/news.save.ch\\\/de\\\/#website\",\"url\":\"https:\\\/\\\/news.save.ch\\\/de\\\/\",\"name\":\"Save\",\"description\":\"Schweizer Fachzeitschrift f\u00fcr Sicherheit\",\"publisher\":{\"@id\":\"https:\\\/\\\/news.save.ch\\\/de\\\/#organization\"},\"potentialAction\":[{\"@type\":\"SearchAction\",\"target\":{\"@type\":\"EntryPoint\",\"urlTemplate\":\"https:\\\/\\\/news.save.ch\\\/de\\\/?s={search_term_string}\"},\"query-input\":{\"@type\":\"PropertyValueSpecification\",\"valueRequired\":true,\"valueName\":\"search_term_string\"}}],\"inLanguage\":\"it-IT\"},{\"@type\":\"Organization\",\"@id\":\"https:\\\/\\\/news.save.ch\\\/de\\\/#organization\",\"name\":\"Sicherheitsforum\",\"url\":\"https:\\\/\\\/news.save.ch\\\/de\\\/\",\"logo\":{\"@type\":\"ImageObject\",\"inLanguage\":\"it-IT\",\"@id\":\"https:\\\/\\\/news.save.ch\\\/de\\\/#\\\/schema\\\/logo\\\/image\\\/\",\"url\":\"https:\\\/\\\/news.save.ch\\\/wp-content\\\/uploads\\\/2022\\\/06\\\/Logo_SF_2012.png\",\"contentUrl\":\"https:\\\/\\\/news.save.ch\\\/wp-content\\\/uploads\\\/2022\\\/06\\\/Logo_SF_2012.png\",\"width\":1100,\"height\":91,\"caption\":\"Sicherheitsforum\"},\"image\":{\"@id\":\"https:\\\/\\\/news.save.ch\\\/de\\\/#\\\/schema\\\/logo\\\/image\\\/\"}},{\"@type\":\"Person\",\"@id\":\"https:\\\/\\\/news.save.ch\\\/de\\\/#\\\/schema\\\/person\\\/10917387362b3961e882740f6cf6f2a2\",\"name\":\"stefanie Zeng\",\"image\":{\"@type\":\"ImageObject\",\"inLanguage\":\"it-IT\",\"@id\":\"https:\\\/\\\/secure.gravatar.com\\\/avatar\\\/eac43faa6e40bb2c41068c95c9d78bbd94c476d5efdff7abaab80bb3ea681e06?s=96&d=mm&r=g\",\"url\":\"https:\\\/\\\/secure.gravatar.com\\\/avatar\\\/eac43faa6e40bb2c41068c95c9d78bbd94c476d5efdff7abaab80bb3ea681e06?s=96&d=mm&r=g\",\"contentUrl\":\"https:\\\/\\\/secure.gravatar.com\\\/avatar\\\/eac43faa6e40bb2c41068c95c9d78bbd94c476d5efdff7abaab80bb3ea681e06?s=96&d=mm&r=g\",\"caption\":\"stefanie Zeng\"},\"url\":\"https:\\\/\\\/news.save.ch\\\/it\\\/author\\\/stefanie-zeng\\\/\"}]}<\/script>\n<!-- \/ Yoast SEO plugin. -->","yoast_head_json":{"title":"Le vulnerabilit\u00e0 di sicurezza mettono a rischio le reti private 5G nel contesto del boom dell'intelligenza artificiale - Save","description":"Le vulnerabilit\u00e0 di sicurezza mettono a rischio le reti private 5G nel contesto del boom dell'intelligenza artificiale","robots":{"index":"index","follow":"follow","max-snippet":"max-snippet:-1","max-image-preview":"max-image-preview:large","max-video-preview":"max-video-preview:-1"},"canonical":"https:\/\/news.save.ch\/it\/sicherheitsluecken-gefaehrden-private-5g-netze-inmitten-des-ki-booms\/","og_locale":"it_IT","og_type":"article","og_title":"Sicherheitsl\u00fccken gef\u00e4hrden private 5G-Netze inmitten des KI-Booms - Save","og_description":"Sicherheitsl\u00fccken gef\u00e4hrden private 5G-Netze inmitten des KI-Booms","og_url":"https:\/\/news.save.ch\/it\/sicherheitsluecken-gefaehrden-private-5g-netze-inmitten-des-ki-booms\/","og_site_name":"Save","article_published_time":"2025-03-05T07:03:52+00:00","article_modified_time":"2025-03-05T07:03:53+00:00","og_image":[{"width":1000,"height":667,"url":"https:\/\/news.save.ch\/wp-content\/uploads\/2025\/03\/Depositphotos_65098757_S.jpg","type":"image\/jpeg"}],"author":"stefanie Zeng","twitter_card":"summary_large_image","twitter_misc":{"Scritto da":"stefanie Zeng","Tempo di lettura stimato":"4 minuti"},"schema":{"@context":"https:\/\/schema.org","@graph":[{"@type":"Article","@id":"https:\/\/news.save.ch\/sicherheitsluecken-gefaehrden-private-5g-netze-inmitten-des-ki-booms\/#article","isPartOf":{"@id":"https:\/\/news.save.ch\/sicherheitsluecken-gefaehrden-private-5g-netze-inmitten-des-ki-booms\/"},"author":{"name":"stefanie Zeng","@id":"https:\/\/news.save.ch\/de\/#\/schema\/person\/10917387362b3961e882740f6cf6f2a2"},"headline":"Sicherheitsl\u00fccken gef\u00e4hrden private 5G-Netze inmitten des KI-Booms","datePublished":"2025-03-05T07:03:52+00:00","dateModified":"2025-03-05T07:03:53+00:00","mainEntityOfPage":{"@id":"https:\/\/news.save.ch\/sicherheitsluecken-gefaehrden-private-5g-netze-inmitten-des-ki-booms\/"},"wordCount":537,"publisher":{"@id":"https:\/\/news.save.ch\/de\/#organization"},"image":{"@id":"https:\/\/news.save.ch\/sicherheitsluecken-gefaehrden-private-5g-netze-inmitten-des-ki-booms\/#primaryimage"},"thumbnailUrl":"https:\/\/news.save.ch\/wp-content\/uploads\/2025\/03\/Depositphotos_65098757_S.jpg","keywords":["5G","5G-Mobilfunk","KI"],"articleSection":["DIGITALISIERUNG"],"inLanguage":"it-IT"},{"@type":"WebPage","@id":"https:\/\/news.save.ch\/sicherheitsluecken-gefaehrden-private-5g-netze-inmitten-des-ki-booms\/","url":"https:\/\/news.save.ch\/sicherheitsluecken-gefaehrden-private-5g-netze-inmitten-des-ki-booms\/","name":"Le vulnerabilit\u00e0 di sicurezza mettono a rischio le reti private 5G nel contesto del boom dell'intelligenza artificiale - Save","isPartOf":{"@id":"https:\/\/news.save.ch\/de\/#website"},"primaryImageOfPage":{"@id":"https:\/\/news.save.ch\/sicherheitsluecken-gefaehrden-private-5g-netze-inmitten-des-ki-booms\/#primaryimage"},"image":{"@id":"https:\/\/news.save.ch\/sicherheitsluecken-gefaehrden-private-5g-netze-inmitten-des-ki-booms\/#primaryimage"},"thumbnailUrl":"https:\/\/news.save.ch\/wp-content\/uploads\/2025\/03\/Depositphotos_65098757_S.jpg","datePublished":"2025-03-05T07:03:52+00:00","dateModified":"2025-03-05T07:03:53+00:00","description":"Le vulnerabilit\u00e0 di sicurezza mettono a rischio le reti private 5G nel contesto del boom dell'intelligenza artificiale","breadcrumb":{"@id":"https:\/\/news.save.ch\/sicherheitsluecken-gefaehrden-private-5g-netze-inmitten-des-ki-booms\/#breadcrumb"},"inLanguage":"it-IT","potentialAction":[{"@type":"ReadAction","target":["https:\/\/news.save.ch\/sicherheitsluecken-gefaehrden-private-5g-netze-inmitten-des-ki-booms\/"]}]},{"@type":"ImageObject","inLanguage":"it-IT","@id":"https:\/\/news.save.ch\/sicherheitsluecken-gefaehrden-private-5g-netze-inmitten-des-ki-booms\/#primaryimage","url":"https:\/\/news.save.ch\/wp-content\/uploads\/2025\/03\/Depositphotos_65098757_S.jpg","contentUrl":"https:\/\/news.save.ch\/wp-content\/uploads\/2025\/03\/Depositphotos_65098757_S.jpg"},{"@type":"BreadcrumbList","@id":"https:\/\/news.save.ch\/sicherheitsluecken-gefaehrden-private-5g-netze-inmitten-des-ki-booms\/#breadcrumb","itemListElement":[{"@type":"ListItem","position":1,"name":"Home","item":"https:\/\/news.save.ch\/de\/"},{"@type":"ListItem","position":2,"name":"Sicherheitsl\u00fccken gef\u00e4hrden private 5G-Netze inmitten des KI-Booms"}]},{"@type":"WebSite","@id":"https:\/\/news.save.ch\/de\/#website","url":"https:\/\/news.save.ch\/de\/","name":"Risparmiare","description":"Rivista svizzera specializzata in sicurezza","publisher":{"@id":"https:\/\/news.save.ch\/de\/#organization"},"potentialAction":[{"@type":"SearchAction","target":{"@type":"EntryPoint","urlTemplate":"https:\/\/news.save.ch\/de\/?s={search_term_string}"},"query-input":{"@type":"PropertyValueSpecification","valueRequired":true,"valueName":"search_term_string"}}],"inLanguage":"it-IT"},{"@type":"Organization","@id":"https:\/\/news.save.ch\/de\/#organization","name":"Forum sulla sicurezza","url":"https:\/\/news.save.ch\/de\/","logo":{"@type":"ImageObject","inLanguage":"it-IT","@id":"https:\/\/news.save.ch\/de\/#\/schema\/logo\/image\/","url":"https:\/\/news.save.ch\/wp-content\/uploads\/2022\/06\/Logo_SF_2012.png","contentUrl":"https:\/\/news.save.ch\/wp-content\/uploads\/2022\/06\/Logo_SF_2012.png","width":1100,"height":91,"caption":"Sicherheitsforum"},"image":{"@id":"https:\/\/news.save.ch\/de\/#\/schema\/logo\/image\/"}},{"@type":"Person","@id":"https:\/\/news.save.ch\/de\/#\/schema\/person\/10917387362b3961e882740f6cf6f2a2","name":"Stefanie Zeng","image":{"@type":"ImageObject","inLanguage":"it-IT","@id":"https:\/\/secure.gravatar.com\/avatar\/eac43faa6e40bb2c41068c95c9d78bbd94c476d5efdff7abaab80bb3ea681e06?s=96&d=mm&r=g","url":"https:\/\/secure.gravatar.com\/avatar\/eac43faa6e40bb2c41068c95c9d78bbd94c476d5efdff7abaab80bb3ea681e06?s=96&d=mm&r=g","contentUrl":"https:\/\/secure.gravatar.com\/avatar\/eac43faa6e40bb2c41068c95c9d78bbd94c476d5efdff7abaab80bb3ea681e06?s=96&d=mm&r=g","caption":"stefanie Zeng"},"url":"https:\/\/news.save.ch\/it\/author\/stefanie-zeng\/"}]}},"_links":{"self":[{"href":"https:\/\/news.save.ch\/it\/wp-json\/wp\/v2\/posts\/24054","targetHints":{"allow":["GET"]}}],"collection":[{"href":"https:\/\/news.save.ch\/it\/wp-json\/wp\/v2\/posts"}],"about":[{"href":"https:\/\/news.save.ch\/it\/wp-json\/wp\/v2\/types\/post"}],"author":[{"embeddable":true,"href":"https:\/\/news.save.ch\/it\/wp-json\/wp\/v2\/users\/31"}],"replies":[{"embeddable":true,"href":"https:\/\/news.save.ch\/it\/wp-json\/wp\/v2\/comments?post=24054"}],"version-history":[{"count":3,"href":"https:\/\/news.save.ch\/it\/wp-json\/wp\/v2\/posts\/24054\/revisions"}],"predecessor-version":[{"id":24059,"href":"https:\/\/news.save.ch\/it\/wp-json\/wp\/v2\/posts\/24054\/revisions\/24059"}],"wp:attachment":[{"href":"https:\/\/news.save.ch\/it\/wp-json\/wp\/v2\/media?parent=24054"}],"wp:term":[{"taxonomy":"category","embeddable":true,"href":"https:\/\/news.save.ch\/it\/wp-json\/wp\/v2\/categories?post=24054"},{"taxonomy":"post_tag","embeddable":true,"href":"https:\/\/news.save.ch\/it\/wp-json\/wp\/v2\/tags?post=24054"}],"curies":[{"name":"wp","href":"https:\/\/api.w.org\/{rel}","templated":true}]}}