{"id":24064,"date":"2025-03-07T10:54:21","date_gmt":"2025-03-07T09:54:21","guid":{"rendered":"https:\/\/news.save.ch\/?p=24064"},"modified":"2025-03-07T10:54:29","modified_gmt":"2025-03-07T09:54:29","slug":"meldepflicht-fuer-cyberangriffe-auf-kritische-infrastrukturen-gilt-ab-1-april","status":null,"type":"post","link":"https:\/\/news.save.ch\/it\/meldepflicht-fuer-cyberangriffe-auf-kritische-infrastrukturen-gilt-ab-1-april\/","title":{"rendered":"L'obbligo di segnalare gli attacchi informatici alle infrastrutture critiche si applica dal 1\u00b0 aprile"},"content":{"rendered":"<figure id=\"attachment_24065\" aria-describedby=\"caption-attachment-24065\" style=\"width: 1000px\" class=\"wp-caption alignnone\"><a href=\"https:\/\/news.save.ch\/it\/meldepflicht-fuer-cyberangriffe-auf-kritische-infrastrukturen-gilt-ab-1-april\/depositphotos_53202355_s\/\" rel=\"attachment wp-att-24065\"><img loading=\"lazy\" decoding=\"async\" class=\"size-full wp-image-24065\" src=\"https:\/\/news.save.ch\/wp-content\/uploads\/2025\/03\/Depositphotos_53202355_S.jpg\" alt=\"\" width=\"1000\" height=\"667\" srcset=\"https:\/\/news.save.ch\/wp-content\/uploads\/2025\/03\/Depositphotos_53202355_S.jpg 1000w, https:\/\/news.save.ch\/wp-content\/uploads\/2025\/03\/Depositphotos_53202355_S-680x454.jpg 680w, https:\/\/news.save.ch\/wp-content\/uploads\/2025\/03\/Depositphotos_53202355_S-768x512.jpg 768w, https:\/\/news.save.ch\/wp-content\/uploads\/2025\/03\/Depositphotos_53202355_S-18x12.jpg 18w, https:\/\/news.save.ch\/wp-content\/uploads\/2025\/03\/Depositphotos_53202355_S-375x250.jpg 375w, https:\/\/news.save.ch\/wp-content\/uploads\/2025\/03\/Depositphotos_53202355_S-525x350.jpg 525w\" sizes=\"auto, (max-width: 1000px) 100vw, 1000px\" \/><\/a><figcaption id=\"caption-attachment-24065\" class=\"wp-caption-text\">Immagine: Depositphotos\/weerapat<\/figcaption><\/figure>\n<p>A causa della crescente minaccia di incidenti informatici, in Svizzera \u00e8 stato introdotto l'obbligo di segnalazione degli attacchi informatici alle infrastrutture critiche. Gli operatori di infrastrutture critiche sono tenuti a segnalare gli attacchi informatici all'Ufficio federale per la sicurezza informatica (UFSC).<\/p>\n<p>Il Consiglio federale ha fatto entrare in vigore il 1\u00b0 aprile la necessaria modifica della Legge federale sulla sicurezza dell'informazione nella Confederazione (Legge sulla sicurezza dell'informazione, ISG) del 29 settembre 2023. L'ISG stabilisce che le autorit\u00e0 e le organizzazioni soggette a obbligo di notifica, come i fornitori di energia e acqua potabile, le aziende di trasporto e le amministrazioni cantonali e comunali, devono segnalare i cyberattacchi all'UACS entro 24 ore dalla loro scoperta.<\/p>\n<p>Un attacco informatico deve essere segnalato se, tra le altre cose, mette a rischio la funzionalit\u00e0 dell'infrastruttura critica interessata, se ha portato alla manipolazione o alla fuoriuscita di informazioni o se \u00e8 associato a ricatti, minacce o coercizione. Se l'obbligo di segnalazione non viene rispettato, la legge prevede sanzioni pecuniarie.<\/p>\n<p>Per dare agli interessati il tempo sufficiente per adattarsi al nuovo obbligo di segnalazione, il Consiglio federale ha deciso di non far entrare in vigore la base giuridica per le ammende fino al 1\u00b0 ottobre 2025. L'obbligo di segnalazione si applicher\u00e0 quindi per i primi 6 mesi, ma la mancata segnalazione non sar\u00e0 ancora sanzionata.<\/p>\n<h2>Modulo di notifica BACS sulla piattaforma esistente<\/h2>\n<p>Per semplificare al massimo il processo di segnalazione, il BACS mette a disposizione un modulo di segnalazione sulla sua piattaforma esistente per lo scambio di informazioni con gli operatori di infrastrutture critiche. Le organizzazioni che non hanno accesso alla piattaforma possono in alternativa inviare le loro segnalazioni utilizzando un modulo di posta elettronica, che sar\u00e0 disponibile sul sito web del BACS. Se non \u00e8 possibile fornire tutte le informazioni entro 24 ore dalla notifica iniziale, \u00e8 previsto un periodo di 14 giorni per completare la notifica.<\/p>\n<h2>L'ordinanza sulla cybersecurity regola le eccezioni<\/h2>\n<p>Il Consiglio federale ha inoltre approvato l'Ordinanza sulla sicurezza informatica (OSC), che \u00e8 entrata in vigore il 1\u00b0 aprile 2025. L'OSC contiene le disposizioni di attuazione dell'obbligo di comunicazione e disciplina in particolare le eccezioni ai sensi dell'art. 74c LIS. L'ordinanza contiene inoltre disposizioni sulla strategia nazionale in materia di cibernetica, sui compiti dell'ACS e sullo scambio di informazioni tra l'ACS e le autorit\u00e0 e le organizzazioni.<\/p>\n<p>La consultazione sul CSV \u00e8 stata condotta tra il 22 maggio e il 13 settembre 2024 e ha mostrato un ampio sostegno al rafforzamento della sicurezza informatica in Svizzera. La principale preoccupazione degli interessati era che l'obbligo di segnalazione fosse il pi\u00f9 semplice possibile da adempiere e armonizzato con altri obblighi di segnalazione (ad esempio, obblighi di segnalazione in materia di protezione dei dati). Questa preoccupazione \u00e8 stata presa in considerazione. Il modulo di segnalazione BACS consente di registrare rapidamente le informazioni necessarie e, se lo si desidera, di trasmetterle ad altre autorit\u00e0 soggette all'obbligo di segnalazione, come l'Autorit\u00e0 federale di vigilanza sui mercati finanziari o l'Incaricato federale della protezione dei dati e delle informazioni.<\/p>\n<p>Un'altra ordinanza riguarda il cambiamento di nome in relazione al trasferimento del Centro nazionale di sicurezza informatica (NCSC) a un ufficio federale all'interno del DDPS. Al fine di riflettere questo cambiamento di nome nella base giuridica, il Consiglio federale ha emanato un'ordinanza corrispondente con effetto dal 1\u00b0 aprile 2025.<\/p>\n<h2>Una pietra miliare per la sicurezza informatica in Svizzera<\/h2>\n<p>L'introduzione dell'obbligo di segnalazione come prima normativa intersettoriale \u00e8 una pietra miliare per la sicurezza informatica in Svizzera. Il rafforzamento dello scambio di informazioni \u00e8 fondamentale per contrastare il rapido sviluppo delle minacce informatiche con misure adeguate. L'introduzione dell'obbligo di segnalazione dei cyberattacchi in Svizzera \u00e8 in linea con gli standard internazionali. Dal 2018, tutti gli Stati membri dell'UE hanno l'obbligo di segnalare gli incidenti informatici in conformit\u00e0 alla direttiva NIS.<\/p>","protected":false},"excerpt":{"rendered":"<p>Aufgrund der zunehmenden Bedrohung durch Cybervorf\u00e4lle wird in der Schweiz eine Meldepflicht f\u00fcr Cyberangriffe bei kritischen Infrastrukturen eingef\u00fchrt. Die Betreiberinnen und Betreiber von kritischen Infrastrukturen werden verpflichtet, dem Bundesamt f\u00fcr Cybersicherheit (BACS) Cyberangriffe zu melden. Der Bundesrat hat die daf\u00fcr erforderliche \u00c4nderung des Bundesgesetzes \u00fcber die Informationssicherheit beim Bund (Informationssicherheitsgesetz, ISG) vom 29. September 2023 [&hellip;]<\/p>\n","protected":false},"author":31,"featured_media":0,"comment_status":"closed","ping_status":"closed","sticky":false,"template":"","format":"standard","meta":{"_acf_changed":false,"pgc_sgb_lightbox_settings":"","footnotes":""},"categories":[3313],"tags":[6386,3394,6468],"class_list":["post-24064","post","type-post","status-publish","format-standard","hentry","category-digitalisierung","tag-bacs","tag-cyberangriffe","tag-kritis"],"acf":[],"hkrextid":null,"publication":null,"issue":null,"workflow":null,"startPage":null,"spitzmarke":null,"_posts_by_tag_page_fields":null,"_at_widget":null,"_yoast_wpseo_primary_category":"3313","_yoast_wpseo_focuskw_text_input":null,"_yoast_wpseo_opengraph-image":null,"_yoast_wpseo_opengraph-description":null,"_yoast_wpseo_opengraph-title":null,"enclosure":null,"_yoast_wpseo_twitter-title":null,"_yoast_wpseo_twitter-description":null,"_yoast_wpseo_twitter-image":null,"_wp_old_slug":null,"_yoast_wpseo_title":null,"_yoast_wpseo_canonical":null,"yoast_head":"<!-- This site is optimized with the Yoast SEO plugin v27.4 - https:\/\/yoast.com\/product\/yoast-seo-wordpress\/ -->\n<title>Meldepflicht f\u00fcr Cyberangriffe auf kritische Infrastrukturen gilt ab 1. April - Save<\/title>\n<meta name=\"description\" content=\"Der Bundesrat hat die Meldepflicht f\u00fcr Cyberangriffe auf kritische Infrastrukturen per 1. April in Kraft gesetzt.\" \/>\n<meta name=\"robots\" content=\"index, follow, max-snippet:-1, max-image-preview:large, max-video-preview:-1\" \/>\n<link rel=\"canonical\" href=\"https:\/\/news.save.ch\/it\/meldepflicht-fuer-cyberangriffe-auf-kritische-infrastrukturen-gilt-ab-1-april\/\" \/>\n<meta property=\"og:locale\" content=\"it_IT\" \/>\n<meta property=\"og:type\" content=\"article\" \/>\n<meta property=\"og:title\" content=\"Meldepflicht f\u00fcr Cyberangriffe auf kritische Infrastrukturen gilt ab 1. April - Save\" \/>\n<meta property=\"og:description\" content=\"Der Bundesrat hat die Meldepflicht f\u00fcr Cyberangriffe auf kritische Infrastrukturen per 1. April in Kraft gesetzt.\" \/>\n<meta property=\"og:url\" content=\"https:\/\/news.save.ch\/it\/meldepflicht-fuer-cyberangriffe-auf-kritische-infrastrukturen-gilt-ab-1-april\/\" \/>\n<meta property=\"og:site_name\" content=\"Save\" \/>\n<meta property=\"article:published_time\" content=\"2025-03-07T09:54:21+00:00\" \/>\n<meta property=\"article:modified_time\" content=\"2025-03-07T09:54:29+00:00\" \/>\n<meta property=\"og:image\" content=\"https:\/\/news.save.ch\/wp-content\/uploads\/2025\/03\/Depositphotos_53202355_S.jpg\" \/>\n\t<meta property=\"og:image:width\" content=\"1000\" \/>\n\t<meta property=\"og:image:height\" content=\"667\" \/>\n\t<meta property=\"og:image:type\" content=\"image\/jpeg\" \/>\n<meta name=\"author\" content=\"stefanie Zeng\" \/>\n<meta name=\"twitter:card\" content=\"summary_large_image\" \/>\n<meta name=\"twitter:label1\" content=\"Scritto da\" \/>\n\t<meta name=\"twitter:data1\" content=\"stefanie Zeng\" \/>\n\t<meta name=\"twitter:label2\" content=\"Tempo di lettura stimato\" \/>\n\t<meta name=\"twitter:data2\" content=\"4 minuti\" \/>\n<script type=\"application\/ld+json\" class=\"yoast-schema-graph\">{\"@context\":\"https:\\\/\\\/schema.org\",\"@graph\":[{\"@type\":\"Article\",\"@id\":\"https:\\\/\\\/news.save.ch\\\/meldepflicht-fuer-cyberangriffe-auf-kritische-infrastrukturen-gilt-ab-1-april\\\/#article\",\"isPartOf\":{\"@id\":\"https:\\\/\\\/news.save.ch\\\/meldepflicht-fuer-cyberangriffe-auf-kritische-infrastrukturen-gilt-ab-1-april\\\/\"},\"author\":{\"name\":\"stefanie Zeng\",\"@id\":\"https:\\\/\\\/news.save.ch\\\/de\\\/#\\\/schema\\\/person\\\/10917387362b3961e882740f6cf6f2a2\"},\"headline\":\"Meldepflicht f\u00fcr Cyberangriffe auf kritische Infrastrukturen gilt ab 1. April\",\"datePublished\":\"2025-03-07T09:54:21+00:00\",\"dateModified\":\"2025-03-07T09:54:29+00:00\",\"mainEntityOfPage\":{\"@id\":\"https:\\\/\\\/news.save.ch\\\/meldepflicht-fuer-cyberangriffe-auf-kritische-infrastrukturen-gilt-ab-1-april\\\/\"},\"wordCount\":590,\"publisher\":{\"@id\":\"https:\\\/\\\/news.save.ch\\\/de\\\/#organization\"},\"image\":{\"@id\":\"https:\\\/\\\/news.save.ch\\\/meldepflicht-fuer-cyberangriffe-auf-kritische-infrastrukturen-gilt-ab-1-april\\\/#primaryimage\"},\"thumbnailUrl\":\"https:\\\/\\\/news.save.ch\\\/wp-content\\\/uploads\\\/2025\\\/03\\\/Depositphotos_53202355_S.jpg\",\"keywords\":[\"BACS\",\"Cyberangriffe\",\"KRITIS\"],\"articleSection\":[\"DIGITALISIERUNG\"],\"inLanguage\":\"it-IT\"},{\"@type\":\"WebPage\",\"@id\":\"https:\\\/\\\/news.save.ch\\\/meldepflicht-fuer-cyberangriffe-auf-kritische-infrastrukturen-gilt-ab-1-april\\\/\",\"url\":\"https:\\\/\\\/news.save.ch\\\/meldepflicht-fuer-cyberangriffe-auf-kritische-infrastrukturen-gilt-ab-1-april\\\/\",\"name\":\"Meldepflicht f\u00fcr Cyberangriffe auf kritische Infrastrukturen gilt ab 1. April - Save\",\"isPartOf\":{\"@id\":\"https:\\\/\\\/news.save.ch\\\/de\\\/#website\"},\"primaryImageOfPage\":{\"@id\":\"https:\\\/\\\/news.save.ch\\\/meldepflicht-fuer-cyberangriffe-auf-kritische-infrastrukturen-gilt-ab-1-april\\\/#primaryimage\"},\"image\":{\"@id\":\"https:\\\/\\\/news.save.ch\\\/meldepflicht-fuer-cyberangriffe-auf-kritische-infrastrukturen-gilt-ab-1-april\\\/#primaryimage\"},\"thumbnailUrl\":\"https:\\\/\\\/news.save.ch\\\/wp-content\\\/uploads\\\/2025\\\/03\\\/Depositphotos_53202355_S.jpg\",\"datePublished\":\"2025-03-07T09:54:21+00:00\",\"dateModified\":\"2025-03-07T09:54:29+00:00\",\"description\":\"Der Bundesrat hat die Meldepflicht f\u00fcr Cyberangriffe auf kritische Infrastrukturen per 1. April in Kraft gesetzt.\",\"breadcrumb\":{\"@id\":\"https:\\\/\\\/news.save.ch\\\/meldepflicht-fuer-cyberangriffe-auf-kritische-infrastrukturen-gilt-ab-1-april\\\/#breadcrumb\"},\"inLanguage\":\"it-IT\",\"potentialAction\":[{\"@type\":\"ReadAction\",\"target\":[\"https:\\\/\\\/news.save.ch\\\/meldepflicht-fuer-cyberangriffe-auf-kritische-infrastrukturen-gilt-ab-1-april\\\/\"]}]},{\"@type\":\"ImageObject\",\"inLanguage\":\"it-IT\",\"@id\":\"https:\\\/\\\/news.save.ch\\\/meldepflicht-fuer-cyberangriffe-auf-kritische-infrastrukturen-gilt-ab-1-april\\\/#primaryimage\",\"url\":\"https:\\\/\\\/news.save.ch\\\/wp-content\\\/uploads\\\/2025\\\/03\\\/Depositphotos_53202355_S.jpg\",\"contentUrl\":\"https:\\\/\\\/news.save.ch\\\/wp-content\\\/uploads\\\/2025\\\/03\\\/Depositphotos_53202355_S.jpg\"},{\"@type\":\"BreadcrumbList\",\"@id\":\"https:\\\/\\\/news.save.ch\\\/meldepflicht-fuer-cyberangriffe-auf-kritische-infrastrukturen-gilt-ab-1-april\\\/#breadcrumb\",\"itemListElement\":[{\"@type\":\"ListItem\",\"position\":1,\"name\":\"Home\",\"item\":\"https:\\\/\\\/news.save.ch\\\/de\\\/\"},{\"@type\":\"ListItem\",\"position\":2,\"name\":\"Meldepflicht f\u00fcr Cyberangriffe auf kritische Infrastrukturen gilt ab 1. April\"}]},{\"@type\":\"WebSite\",\"@id\":\"https:\\\/\\\/news.save.ch\\\/de\\\/#website\",\"url\":\"https:\\\/\\\/news.save.ch\\\/de\\\/\",\"name\":\"Save\",\"description\":\"Schweizer Fachzeitschrift f\u00fcr Sicherheit\",\"publisher\":{\"@id\":\"https:\\\/\\\/news.save.ch\\\/de\\\/#organization\"},\"potentialAction\":[{\"@type\":\"SearchAction\",\"target\":{\"@type\":\"EntryPoint\",\"urlTemplate\":\"https:\\\/\\\/news.save.ch\\\/de\\\/?s={search_term_string}\"},\"query-input\":{\"@type\":\"PropertyValueSpecification\",\"valueRequired\":true,\"valueName\":\"search_term_string\"}}],\"inLanguage\":\"it-IT\"},{\"@type\":\"Organization\",\"@id\":\"https:\\\/\\\/news.save.ch\\\/de\\\/#organization\",\"name\":\"Sicherheitsforum\",\"url\":\"https:\\\/\\\/news.save.ch\\\/de\\\/\",\"logo\":{\"@type\":\"ImageObject\",\"inLanguage\":\"it-IT\",\"@id\":\"https:\\\/\\\/news.save.ch\\\/de\\\/#\\\/schema\\\/logo\\\/image\\\/\",\"url\":\"https:\\\/\\\/news.save.ch\\\/wp-content\\\/uploads\\\/2022\\\/06\\\/Logo_SF_2012.png\",\"contentUrl\":\"https:\\\/\\\/news.save.ch\\\/wp-content\\\/uploads\\\/2022\\\/06\\\/Logo_SF_2012.png\",\"width\":1100,\"height\":91,\"caption\":\"Sicherheitsforum\"},\"image\":{\"@id\":\"https:\\\/\\\/news.save.ch\\\/de\\\/#\\\/schema\\\/logo\\\/image\\\/\"}},{\"@type\":\"Person\",\"@id\":\"https:\\\/\\\/news.save.ch\\\/de\\\/#\\\/schema\\\/person\\\/10917387362b3961e882740f6cf6f2a2\",\"name\":\"stefanie Zeng\",\"image\":{\"@type\":\"ImageObject\",\"inLanguage\":\"it-IT\",\"@id\":\"https:\\\/\\\/secure.gravatar.com\\\/avatar\\\/eac43faa6e40bb2c41068c95c9d78bbd94c476d5efdff7abaab80bb3ea681e06?s=96&d=mm&r=g\",\"url\":\"https:\\\/\\\/secure.gravatar.com\\\/avatar\\\/eac43faa6e40bb2c41068c95c9d78bbd94c476d5efdff7abaab80bb3ea681e06?s=96&d=mm&r=g\",\"contentUrl\":\"https:\\\/\\\/secure.gravatar.com\\\/avatar\\\/eac43faa6e40bb2c41068c95c9d78bbd94c476d5efdff7abaab80bb3ea681e06?s=96&d=mm&r=g\",\"caption\":\"stefanie Zeng\"},\"url\":\"https:\\\/\\\/news.save.ch\\\/it\\\/author\\\/stefanie-zeng\\\/\"}]}<\/script>\n<!-- \/ Yoast SEO plugin. -->","yoast_head_json":{"title":"L'obbligo di segnalare gli attacchi informatici alle infrastrutture critiche si applica dal 1\u00b0 aprile - Save","description":"Il 1\u00b0 aprile il Consiglio federale ha introdotto l'obbligo di segnalazione degli attacchi informatici alle infrastrutture critiche.","robots":{"index":"index","follow":"follow","max-snippet":"max-snippet:-1","max-image-preview":"max-image-preview:large","max-video-preview":"max-video-preview:-1"},"canonical":"https:\/\/news.save.ch\/it\/meldepflicht-fuer-cyberangriffe-auf-kritische-infrastrukturen-gilt-ab-1-april\/","og_locale":"it_IT","og_type":"article","og_title":"Meldepflicht f\u00fcr Cyberangriffe auf kritische Infrastrukturen gilt ab 1. April - Save","og_description":"Der Bundesrat hat die Meldepflicht f\u00fcr Cyberangriffe auf kritische Infrastrukturen per 1. April in Kraft gesetzt.","og_url":"https:\/\/news.save.ch\/it\/meldepflicht-fuer-cyberangriffe-auf-kritische-infrastrukturen-gilt-ab-1-april\/","og_site_name":"Save","article_published_time":"2025-03-07T09:54:21+00:00","article_modified_time":"2025-03-07T09:54:29+00:00","og_image":[{"width":1000,"height":667,"url":"https:\/\/news.save.ch\/wp-content\/uploads\/2025\/03\/Depositphotos_53202355_S.jpg","type":"image\/jpeg"}],"author":"stefanie Zeng","twitter_card":"summary_large_image","twitter_misc":{"Scritto da":"stefanie Zeng","Tempo di lettura stimato":"4 minuti"},"schema":{"@context":"https:\/\/schema.org","@graph":[{"@type":"Article","@id":"https:\/\/news.save.ch\/meldepflicht-fuer-cyberangriffe-auf-kritische-infrastrukturen-gilt-ab-1-april\/#article","isPartOf":{"@id":"https:\/\/news.save.ch\/meldepflicht-fuer-cyberangriffe-auf-kritische-infrastrukturen-gilt-ab-1-april\/"},"author":{"name":"stefanie Zeng","@id":"https:\/\/news.save.ch\/de\/#\/schema\/person\/10917387362b3961e882740f6cf6f2a2"},"headline":"Meldepflicht f\u00fcr Cyberangriffe auf kritische Infrastrukturen gilt ab 1. April","datePublished":"2025-03-07T09:54:21+00:00","dateModified":"2025-03-07T09:54:29+00:00","mainEntityOfPage":{"@id":"https:\/\/news.save.ch\/meldepflicht-fuer-cyberangriffe-auf-kritische-infrastrukturen-gilt-ab-1-april\/"},"wordCount":590,"publisher":{"@id":"https:\/\/news.save.ch\/de\/#organization"},"image":{"@id":"https:\/\/news.save.ch\/meldepflicht-fuer-cyberangriffe-auf-kritische-infrastrukturen-gilt-ab-1-april\/#primaryimage"},"thumbnailUrl":"https:\/\/news.save.ch\/wp-content\/uploads\/2025\/03\/Depositphotos_53202355_S.jpg","keywords":["BACS","Cyberangriffe","KRITIS"],"articleSection":["DIGITALISIERUNG"],"inLanguage":"it-IT"},{"@type":"WebPage","@id":"https:\/\/news.save.ch\/meldepflicht-fuer-cyberangriffe-auf-kritische-infrastrukturen-gilt-ab-1-april\/","url":"https:\/\/news.save.ch\/meldepflicht-fuer-cyberangriffe-auf-kritische-infrastrukturen-gilt-ab-1-april\/","name":"L'obbligo di segnalare gli attacchi informatici alle infrastrutture critiche si applica dal 1\u00b0 aprile - Save","isPartOf":{"@id":"https:\/\/news.save.ch\/de\/#website"},"primaryImageOfPage":{"@id":"https:\/\/news.save.ch\/meldepflicht-fuer-cyberangriffe-auf-kritische-infrastrukturen-gilt-ab-1-april\/#primaryimage"},"image":{"@id":"https:\/\/news.save.ch\/meldepflicht-fuer-cyberangriffe-auf-kritische-infrastrukturen-gilt-ab-1-april\/#primaryimage"},"thumbnailUrl":"https:\/\/news.save.ch\/wp-content\/uploads\/2025\/03\/Depositphotos_53202355_S.jpg","datePublished":"2025-03-07T09:54:21+00:00","dateModified":"2025-03-07T09:54:29+00:00","description":"Il 1\u00b0 aprile il Consiglio federale ha introdotto l'obbligo di segnalazione degli attacchi informatici alle infrastrutture critiche.","breadcrumb":{"@id":"https:\/\/news.save.ch\/meldepflicht-fuer-cyberangriffe-auf-kritische-infrastrukturen-gilt-ab-1-april\/#breadcrumb"},"inLanguage":"it-IT","potentialAction":[{"@type":"ReadAction","target":["https:\/\/news.save.ch\/meldepflicht-fuer-cyberangriffe-auf-kritische-infrastrukturen-gilt-ab-1-april\/"]}]},{"@type":"ImageObject","inLanguage":"it-IT","@id":"https:\/\/news.save.ch\/meldepflicht-fuer-cyberangriffe-auf-kritische-infrastrukturen-gilt-ab-1-april\/#primaryimage","url":"https:\/\/news.save.ch\/wp-content\/uploads\/2025\/03\/Depositphotos_53202355_S.jpg","contentUrl":"https:\/\/news.save.ch\/wp-content\/uploads\/2025\/03\/Depositphotos_53202355_S.jpg"},{"@type":"BreadcrumbList","@id":"https:\/\/news.save.ch\/meldepflicht-fuer-cyberangriffe-auf-kritische-infrastrukturen-gilt-ab-1-april\/#breadcrumb","itemListElement":[{"@type":"ListItem","position":1,"name":"Home","item":"https:\/\/news.save.ch\/de\/"},{"@type":"ListItem","position":2,"name":"Meldepflicht f\u00fcr Cyberangriffe auf kritische Infrastrukturen gilt ab 1. April"}]},{"@type":"WebSite","@id":"https:\/\/news.save.ch\/de\/#website","url":"https:\/\/news.save.ch\/de\/","name":"Risparmiare","description":"Rivista svizzera specializzata in sicurezza","publisher":{"@id":"https:\/\/news.save.ch\/de\/#organization"},"potentialAction":[{"@type":"SearchAction","target":{"@type":"EntryPoint","urlTemplate":"https:\/\/news.save.ch\/de\/?s={search_term_string}"},"query-input":{"@type":"PropertyValueSpecification","valueRequired":true,"valueName":"search_term_string"}}],"inLanguage":"it-IT"},{"@type":"Organization","@id":"https:\/\/news.save.ch\/de\/#organization","name":"Forum sulla sicurezza","url":"https:\/\/news.save.ch\/de\/","logo":{"@type":"ImageObject","inLanguage":"it-IT","@id":"https:\/\/news.save.ch\/de\/#\/schema\/logo\/image\/","url":"https:\/\/news.save.ch\/wp-content\/uploads\/2022\/06\/Logo_SF_2012.png","contentUrl":"https:\/\/news.save.ch\/wp-content\/uploads\/2022\/06\/Logo_SF_2012.png","width":1100,"height":91,"caption":"Sicherheitsforum"},"image":{"@id":"https:\/\/news.save.ch\/de\/#\/schema\/logo\/image\/"}},{"@type":"Person","@id":"https:\/\/news.save.ch\/de\/#\/schema\/person\/10917387362b3961e882740f6cf6f2a2","name":"Stefanie Zeng","image":{"@type":"ImageObject","inLanguage":"it-IT","@id":"https:\/\/secure.gravatar.com\/avatar\/eac43faa6e40bb2c41068c95c9d78bbd94c476d5efdff7abaab80bb3ea681e06?s=96&d=mm&r=g","url":"https:\/\/secure.gravatar.com\/avatar\/eac43faa6e40bb2c41068c95c9d78bbd94c476d5efdff7abaab80bb3ea681e06?s=96&d=mm&r=g","contentUrl":"https:\/\/secure.gravatar.com\/avatar\/eac43faa6e40bb2c41068c95c9d78bbd94c476d5efdff7abaab80bb3ea681e06?s=96&d=mm&r=g","caption":"stefanie Zeng"},"url":"https:\/\/news.save.ch\/it\/author\/stefanie-zeng\/"}]}},"_links":{"self":[{"href":"https:\/\/news.save.ch\/it\/wp-json\/wp\/v2\/posts\/24064","targetHints":{"allow":["GET"]}}],"collection":[{"href":"https:\/\/news.save.ch\/it\/wp-json\/wp\/v2\/posts"}],"about":[{"href":"https:\/\/news.save.ch\/it\/wp-json\/wp\/v2\/types\/post"}],"author":[{"embeddable":true,"href":"https:\/\/news.save.ch\/it\/wp-json\/wp\/v2\/users\/31"}],"replies":[{"embeddable":true,"href":"https:\/\/news.save.ch\/it\/wp-json\/wp\/v2\/comments?post=24064"}],"version-history":[{"count":2,"href":"https:\/\/news.save.ch\/it\/wp-json\/wp\/v2\/posts\/24064\/revisions"}],"predecessor-version":[{"id":24067,"href":"https:\/\/news.save.ch\/it\/wp-json\/wp\/v2\/posts\/24064\/revisions\/24067"}],"wp:attachment":[{"href":"https:\/\/news.save.ch\/it\/wp-json\/wp\/v2\/media?parent=24064"}],"wp:term":[{"taxonomy":"category","embeddable":true,"href":"https:\/\/news.save.ch\/it\/wp-json\/wp\/v2\/categories?post=24064"},{"taxonomy":"post_tag","embeddable":true,"href":"https:\/\/news.save.ch\/it\/wp-json\/wp\/v2\/tags?post=24064"}],"curies":[{"name":"wp","href":"https:\/\/api.w.org\/{rel}","templated":true}]}}