{"id":24086,"date":"2025-03-19T07:59:12","date_gmt":"2025-03-19T06:59:12","guid":{"rendered":"https:\/\/news.save.ch\/?p=24086"},"modified":"2025-03-19T07:59:15","modified_gmt":"2025-03-19T06:59:15","slug":"neue-regeln-fuer-den-guetertransport-auf-der-strasse","status":null,"type":"post","link":"https:\/\/news.save.ch\/it\/neue-regeln-fuer-den-guetertransport-auf-der-strasse\/","title":{"rendered":"Nuove regole per il trasporto di merci su strada"},"content":{"rendered":"<figure id=\"attachment_24087\" aria-describedby=\"caption-attachment-24087\" style=\"width: 1000px\" class=\"wp-caption alignnone\"><a href=\"https:\/\/news.save.ch\/it\/neue-regeln-fuer-den-guetertransport-auf-der-strasse\/depositphotos_76503035_s\/\" rel=\"attachment wp-att-24087\"><img loading=\"lazy\" decoding=\"async\" class=\"size-full wp-image-24087\" src=\"https:\/\/news.save.ch\/wp-content\/uploads\/2025\/03\/Depositphotos_76503035_S.jpg\" alt=\"\" width=\"1000\" height=\"664\" srcset=\"https:\/\/news.save.ch\/wp-content\/uploads\/2025\/03\/Depositphotos_76503035_S.jpg 1000w, https:\/\/news.save.ch\/wp-content\/uploads\/2025\/03\/Depositphotos_76503035_S-680x452.jpg 680w, https:\/\/news.save.ch\/wp-content\/uploads\/2025\/03\/Depositphotos_76503035_S-768x510.jpg 768w, https:\/\/news.save.ch\/wp-content\/uploads\/2025\/03\/Depositphotos_76503035_S-18x12.jpg 18w, https:\/\/news.save.ch\/wp-content\/uploads\/2025\/03\/Depositphotos_76503035_S-375x249.jpg 375w, https:\/\/news.save.ch\/wp-content\/uploads\/2025\/03\/Depositphotos_76503035_S-527x350.jpg 527w\" sizes=\"auto, (max-width: 1000px) 100vw, 1000px\" \/><\/a><figcaption id=\"caption-attachment-24087\" class=\"wp-caption-text\">Foto: Depositphotos\/Muller_M<\/figcaption><\/figure>\n<p>Nella sessione estiva del 2024, il Parlamento ha approvato diversi emendamenti alla Legge federale sulle licenze delle imprese di trasporto su strada. Tra le altre cose, sar\u00e0 introdotto l'obbligo di licenza per le aziende che utilizzano furgoni di peso superiore a 2,5 tonnellate per il trasporto di merci nel traffico transfrontaliero. Sono previste anche misure contro le imprese fittizie (\"societ\u00e0 di cassette delle lettere\"). Le modifiche mirano a promuovere una concorrenza pi\u00f9 equa e la professionalizzazione dell'industria dei trasporti.<\/p>\n<p>Nella riunione del 14 marzo 2025, il Consiglio federale ha modificato l'ordinanza sull'autorizzazione delle imprese di trasporto su strada per il trasporto di passeggeri e merci sulla base di questa modifica di legge.<\/p>\n<p>Da un lato, l'ordinanza conterr\u00e0 in futuro norme pi\u00f9 precise sulla prova della sede legale dell'azienda. In questo modo si vuole evitare che le imprese di trasporto straniere creino in Svizzera societ\u00e0 di recapito per aggirare il divieto di cabotaggio. Dall'altro lato, il Consiglio federale ha fissato gli importi per la prova della capacit\u00e0 finanziaria per i veicoli leggeri e allo stesso tempo ha ridotto gli importi esistenti per i veicoli di peso superiore a 3,5 tonnellate.<\/p>\n<p>Le aziende che utilizzano solo veicoli fino a 3,5 tonnellate e trasportano solo merci all'interno della Svizzera rimangono esenti dall'obbligo di licenza.<\/p>\n<p>Le modifiche alla legge e all'ordinanza entreranno in vigore il 1\u00b0 maggio 2025.<\/p>\n<p><em>Fonte: Ufficio federale dei trasporti<\/em><\/p>","protected":false},"excerpt":{"rendered":"<p>In der Sommersession 2024 hat das Parlament verschiedene Anpassungen des Bundesgesetzes zur Zulassung von Strassentransportunternehmen beschlossen. Unter anderem wird die Zulassungspflicht f\u00fcr Unternehmen eingef\u00fchrt, die f\u00fcr den G\u00fctertransport im grenz\u00fcberschreitenden Verkehr Lieferwagen \u00fcber 2,5 Tonnen einsetzen. Zudem sind Massnahmen gegen Scheinfirmen (\u00abBriefkastenfirmen\u00bb) vorgesehen. Die Anpassungen sollen einen faireren Wettbewerb und die Professionalisierung im Transportgewerbe f\u00f6rdern. [&hellip;]<\/p>\n","protected":false},"author":31,"featured_media":24087,"comment_status":"closed","ping_status":"closed","sticky":false,"template":"","format":"standard","meta":{"_acf_changed":false,"pgc_sgb_lightbox_settings":"","footnotes":""},"categories":[3312],"tags":[5506,1821,6572,6573,6458],"class_list":["post-24086","post","type-post","status-publish","format-standard","has-post-thumbnail","hentry","category-sicherheit","tag-bav","tag-bundesamt-fuer-verkehr","tag-guetertransport","tag-gueterverkehr","tag-lieferwagen"],"acf":[],"hkrextid":null,"publication":null,"issue":null,"workflow":null,"startPage":null,"spitzmarke":null,"_posts_by_tag_page_fields":null,"_at_widget":null,"_yoast_wpseo_primary_category":"3312","_yoast_wpseo_focuskw_text_input":null,"_yoast_wpseo_opengraph-image":null,"_yoast_wpseo_opengraph-description":null,"_yoast_wpseo_opengraph-title":null,"enclosure":null,"_yoast_wpseo_twitter-title":null,"_yoast_wpseo_twitter-description":null,"_yoast_wpseo_twitter-image":null,"_wp_old_slug":null,"_yoast_wpseo_title":null,"_yoast_wpseo_canonical":null,"yoast_head":"<!-- This site is optimized with the Yoast SEO plugin v27.4 - https:\/\/yoast.com\/product\/yoast-seo-wordpress\/ -->\n<title>Neue Regeln f\u00fcr den G\u00fctertransport auf der Strasse - Save<\/title>\n<meta name=\"robots\" content=\"index, follow, max-snippet:-1, max-image-preview:large, max-video-preview:-1\" \/>\n<link rel=\"canonical\" href=\"https:\/\/news.save.ch\/it\/neue-regeln-fuer-den-guetertransport-auf-der-strasse\/\" \/>\n<meta property=\"og:locale\" content=\"it_IT\" \/>\n<meta property=\"og:type\" content=\"article\" \/>\n<meta property=\"og:title\" content=\"Neue Regeln f\u00fcr den G\u00fctertransport auf der Strasse - Save\" \/>\n<meta property=\"og:description\" content=\"In der Sommersession 2024 hat das Parlament verschiedene Anpassungen des Bundesgesetzes zur Zulassung von Strassentransportunternehmen beschlossen. Unter anderem wird die Zulassungspflicht f\u00fcr Unternehmen eingef\u00fchrt, die f\u00fcr den G\u00fctertransport im grenz\u00fcberschreitenden Verkehr Lieferwagen \u00fcber 2,5 Tonnen einsetzen. Zudem sind Massnahmen gegen Scheinfirmen (\u00abBriefkastenfirmen\u00bb) vorgesehen. Die Anpassungen sollen einen faireren Wettbewerb und die Professionalisierung im Transportgewerbe f\u00f6rdern. [&hellip;]\" \/>\n<meta property=\"og:url\" content=\"https:\/\/news.save.ch\/it\/neue-regeln-fuer-den-guetertransport-auf-der-strasse\/\" \/>\n<meta property=\"og:site_name\" content=\"Save\" \/>\n<meta property=\"article:published_time\" content=\"2025-03-19T06:59:12+00:00\" \/>\n<meta property=\"article:modified_time\" content=\"2025-03-19T06:59:15+00:00\" \/>\n<meta property=\"og:image\" content=\"https:\/\/news.save.ch\/wp-content\/uploads\/2025\/03\/Depositphotos_76503035_S.jpg\" \/>\n\t<meta property=\"og:image:width\" content=\"1000\" \/>\n\t<meta property=\"og:image:height\" content=\"664\" \/>\n\t<meta property=\"og:image:type\" content=\"image\/jpeg\" \/>\n<meta name=\"author\" content=\"stefanie Zeng\" \/>\n<meta name=\"twitter:card\" content=\"summary_large_image\" \/>\n<meta name=\"twitter:label1\" content=\"Scritto da\" \/>\n\t<meta name=\"twitter:data1\" content=\"stefanie Zeng\" \/>\n\t<meta name=\"twitter:label2\" content=\"Tempo di lettura stimato\" \/>\n\t<meta name=\"twitter:data2\" content=\"2 minuti\" \/>\n<script type=\"application\/ld+json\" class=\"yoast-schema-graph\">{\"@context\":\"https:\\\/\\\/schema.org\",\"@graph\":[{\"@type\":\"Article\",\"@id\":\"https:\\\/\\\/news.save.ch\\\/neue-regeln-fuer-den-guetertransport-auf-der-strasse\\\/#article\",\"isPartOf\":{\"@id\":\"https:\\\/\\\/news.save.ch\\\/neue-regeln-fuer-den-guetertransport-auf-der-strasse\\\/\"},\"author\":{\"name\":\"stefanie Zeng\",\"@id\":\"https:\\\/\\\/news.save.ch\\\/de\\\/#\\\/schema\\\/person\\\/10917387362b3961e882740f6cf6f2a2\"},\"headline\":\"Neue Regeln f\u00fcr den G\u00fctertransport auf der Strasse\",\"datePublished\":\"2025-03-19T06:59:12+00:00\",\"dateModified\":\"2025-03-19T06:59:15+00:00\",\"mainEntityOfPage\":{\"@id\":\"https:\\\/\\\/news.save.ch\\\/neue-regeln-fuer-den-guetertransport-auf-der-strasse\\\/\"},\"wordCount\":212,\"publisher\":{\"@id\":\"https:\\\/\\\/news.save.ch\\\/de\\\/#organization\"},\"image\":{\"@id\":\"https:\\\/\\\/news.save.ch\\\/neue-regeln-fuer-den-guetertransport-auf-der-strasse\\\/#primaryimage\"},\"thumbnailUrl\":\"https:\\\/\\\/news.save.ch\\\/wp-content\\\/uploads\\\/2025\\\/03\\\/Depositphotos_76503035_S.jpg\",\"keywords\":[\"BAV\",\"Bundesamt f\u00fcr Verkehr\",\"G\u00fctertransport\",\"G\u00fcterverkehr\",\"Lieferwagen\"],\"articleSection\":[\"SICHERHEIT\"],\"inLanguage\":\"it-IT\"},{\"@type\":\"WebPage\",\"@id\":\"https:\\\/\\\/news.save.ch\\\/neue-regeln-fuer-den-guetertransport-auf-der-strasse\\\/\",\"url\":\"https:\\\/\\\/news.save.ch\\\/neue-regeln-fuer-den-guetertransport-auf-der-strasse\\\/\",\"name\":\"Neue Regeln f\u00fcr den G\u00fctertransport auf der Strasse - Save\",\"isPartOf\":{\"@id\":\"https:\\\/\\\/news.save.ch\\\/de\\\/#website\"},\"primaryImageOfPage\":{\"@id\":\"https:\\\/\\\/news.save.ch\\\/neue-regeln-fuer-den-guetertransport-auf-der-strasse\\\/#primaryimage\"},\"image\":{\"@id\":\"https:\\\/\\\/news.save.ch\\\/neue-regeln-fuer-den-guetertransport-auf-der-strasse\\\/#primaryimage\"},\"thumbnailUrl\":\"https:\\\/\\\/news.save.ch\\\/wp-content\\\/uploads\\\/2025\\\/03\\\/Depositphotos_76503035_S.jpg\",\"datePublished\":\"2025-03-19T06:59:12+00:00\",\"dateModified\":\"2025-03-19T06:59:15+00:00\",\"breadcrumb\":{\"@id\":\"https:\\\/\\\/news.save.ch\\\/neue-regeln-fuer-den-guetertransport-auf-der-strasse\\\/#breadcrumb\"},\"inLanguage\":\"it-IT\",\"potentialAction\":[{\"@type\":\"ReadAction\",\"target\":[\"https:\\\/\\\/news.save.ch\\\/neue-regeln-fuer-den-guetertransport-auf-der-strasse\\\/\"]}]},{\"@type\":\"ImageObject\",\"inLanguage\":\"it-IT\",\"@id\":\"https:\\\/\\\/news.save.ch\\\/neue-regeln-fuer-den-guetertransport-auf-der-strasse\\\/#primaryimage\",\"url\":\"https:\\\/\\\/news.save.ch\\\/wp-content\\\/uploads\\\/2025\\\/03\\\/Depositphotos_76503035_S.jpg\",\"contentUrl\":\"https:\\\/\\\/news.save.ch\\\/wp-content\\\/uploads\\\/2025\\\/03\\\/Depositphotos_76503035_S.jpg\",\"width\":1000,\"height\":664,\"caption\":\"Foto: Depositphotos\\\/Muller_M\"},{\"@type\":\"BreadcrumbList\",\"@id\":\"https:\\\/\\\/news.save.ch\\\/neue-regeln-fuer-den-guetertransport-auf-der-strasse\\\/#breadcrumb\",\"itemListElement\":[{\"@type\":\"ListItem\",\"position\":1,\"name\":\"Home\",\"item\":\"https:\\\/\\\/news.save.ch\\\/de\\\/\"},{\"@type\":\"ListItem\",\"position\":2,\"name\":\"Neue Regeln f\u00fcr den G\u00fctertransport auf der Strasse\"}]},{\"@type\":\"WebSite\",\"@id\":\"https:\\\/\\\/news.save.ch\\\/de\\\/#website\",\"url\":\"https:\\\/\\\/news.save.ch\\\/de\\\/\",\"name\":\"Save\",\"description\":\"Schweizer Fachzeitschrift f\u00fcr Sicherheit\",\"publisher\":{\"@id\":\"https:\\\/\\\/news.save.ch\\\/de\\\/#organization\"},\"potentialAction\":[{\"@type\":\"SearchAction\",\"target\":{\"@type\":\"EntryPoint\",\"urlTemplate\":\"https:\\\/\\\/news.save.ch\\\/de\\\/?s={search_term_string}\"},\"query-input\":{\"@type\":\"PropertyValueSpecification\",\"valueRequired\":true,\"valueName\":\"search_term_string\"}}],\"inLanguage\":\"it-IT\"},{\"@type\":\"Organization\",\"@id\":\"https:\\\/\\\/news.save.ch\\\/de\\\/#organization\",\"name\":\"Sicherheitsforum\",\"url\":\"https:\\\/\\\/news.save.ch\\\/de\\\/\",\"logo\":{\"@type\":\"ImageObject\",\"inLanguage\":\"it-IT\",\"@id\":\"https:\\\/\\\/news.save.ch\\\/de\\\/#\\\/schema\\\/logo\\\/image\\\/\",\"url\":\"https:\\\/\\\/news.save.ch\\\/wp-content\\\/uploads\\\/2022\\\/06\\\/Logo_SF_2012.png\",\"contentUrl\":\"https:\\\/\\\/news.save.ch\\\/wp-content\\\/uploads\\\/2022\\\/06\\\/Logo_SF_2012.png\",\"width\":1100,\"height\":91,\"caption\":\"Sicherheitsforum\"},\"image\":{\"@id\":\"https:\\\/\\\/news.save.ch\\\/de\\\/#\\\/schema\\\/logo\\\/image\\\/\"}},{\"@type\":\"Person\",\"@id\":\"https:\\\/\\\/news.save.ch\\\/de\\\/#\\\/schema\\\/person\\\/10917387362b3961e882740f6cf6f2a2\",\"name\":\"stefanie Zeng\",\"image\":{\"@type\":\"ImageObject\",\"inLanguage\":\"it-IT\",\"@id\":\"https:\\\/\\\/secure.gravatar.com\\\/avatar\\\/eac43faa6e40bb2c41068c95c9d78bbd94c476d5efdff7abaab80bb3ea681e06?s=96&d=mm&r=g\",\"url\":\"https:\\\/\\\/secure.gravatar.com\\\/avatar\\\/eac43faa6e40bb2c41068c95c9d78bbd94c476d5efdff7abaab80bb3ea681e06?s=96&d=mm&r=g\",\"contentUrl\":\"https:\\\/\\\/secure.gravatar.com\\\/avatar\\\/eac43faa6e40bb2c41068c95c9d78bbd94c476d5efdff7abaab80bb3ea681e06?s=96&d=mm&r=g\",\"caption\":\"stefanie Zeng\"},\"url\":\"https:\\\/\\\/news.save.ch\\\/it\\\/author\\\/stefanie-zeng\\\/\"}]}<\/script>\n<!-- \/ Yoast SEO plugin. -->","yoast_head_json":{"title":"Nuove regole per il trasporto di merci su strada - Save","robots":{"index":"index","follow":"follow","max-snippet":"max-snippet:-1","max-image-preview":"max-image-preview:large","max-video-preview":"max-video-preview:-1"},"canonical":"https:\/\/news.save.ch\/it\/neue-regeln-fuer-den-guetertransport-auf-der-strasse\/","og_locale":"it_IT","og_type":"article","og_title":"Neue Regeln f\u00fcr den G\u00fctertransport auf der Strasse - Save","og_description":"In der Sommersession 2024 hat das Parlament verschiedene Anpassungen des Bundesgesetzes zur Zulassung von Strassentransportunternehmen beschlossen. Unter anderem wird die Zulassungspflicht f\u00fcr Unternehmen eingef\u00fchrt, die f\u00fcr den G\u00fctertransport im grenz\u00fcberschreitenden Verkehr Lieferwagen \u00fcber 2,5 Tonnen einsetzen. Zudem sind Massnahmen gegen Scheinfirmen (\u00abBriefkastenfirmen\u00bb) vorgesehen. Die Anpassungen sollen einen faireren Wettbewerb und die Professionalisierung im Transportgewerbe f\u00f6rdern. [&hellip;]","og_url":"https:\/\/news.save.ch\/it\/neue-regeln-fuer-den-guetertransport-auf-der-strasse\/","og_site_name":"Save","article_published_time":"2025-03-19T06:59:12+00:00","article_modified_time":"2025-03-19T06:59:15+00:00","og_image":[{"width":1000,"height":664,"url":"https:\/\/news.save.ch\/wp-content\/uploads\/2025\/03\/Depositphotos_76503035_S.jpg","type":"image\/jpeg"}],"author":"stefanie Zeng","twitter_card":"summary_large_image","twitter_misc":{"Scritto da":"stefanie Zeng","Tempo di lettura stimato":"2 minuti"},"schema":{"@context":"https:\/\/schema.org","@graph":[{"@type":"Article","@id":"https:\/\/news.save.ch\/neue-regeln-fuer-den-guetertransport-auf-der-strasse\/#article","isPartOf":{"@id":"https:\/\/news.save.ch\/neue-regeln-fuer-den-guetertransport-auf-der-strasse\/"},"author":{"name":"stefanie Zeng","@id":"https:\/\/news.save.ch\/de\/#\/schema\/person\/10917387362b3961e882740f6cf6f2a2"},"headline":"Neue Regeln f\u00fcr den G\u00fctertransport auf der Strasse","datePublished":"2025-03-19T06:59:12+00:00","dateModified":"2025-03-19T06:59:15+00:00","mainEntityOfPage":{"@id":"https:\/\/news.save.ch\/neue-regeln-fuer-den-guetertransport-auf-der-strasse\/"},"wordCount":212,"publisher":{"@id":"https:\/\/news.save.ch\/de\/#organization"},"image":{"@id":"https:\/\/news.save.ch\/neue-regeln-fuer-den-guetertransport-auf-der-strasse\/#primaryimage"},"thumbnailUrl":"https:\/\/news.save.ch\/wp-content\/uploads\/2025\/03\/Depositphotos_76503035_S.jpg","keywords":["BAV","Bundesamt f\u00fcr Verkehr","G\u00fctertransport","G\u00fcterverkehr","Lieferwagen"],"articleSection":["SICHERHEIT"],"inLanguage":"it-IT"},{"@type":"WebPage","@id":"https:\/\/news.save.ch\/neue-regeln-fuer-den-guetertransport-auf-der-strasse\/","url":"https:\/\/news.save.ch\/neue-regeln-fuer-den-guetertransport-auf-der-strasse\/","name":"Nuove regole per il trasporto di merci su strada - Save","isPartOf":{"@id":"https:\/\/news.save.ch\/de\/#website"},"primaryImageOfPage":{"@id":"https:\/\/news.save.ch\/neue-regeln-fuer-den-guetertransport-auf-der-strasse\/#primaryimage"},"image":{"@id":"https:\/\/news.save.ch\/neue-regeln-fuer-den-guetertransport-auf-der-strasse\/#primaryimage"},"thumbnailUrl":"https:\/\/news.save.ch\/wp-content\/uploads\/2025\/03\/Depositphotos_76503035_S.jpg","datePublished":"2025-03-19T06:59:12+00:00","dateModified":"2025-03-19T06:59:15+00:00","breadcrumb":{"@id":"https:\/\/news.save.ch\/neue-regeln-fuer-den-guetertransport-auf-der-strasse\/#breadcrumb"},"inLanguage":"it-IT","potentialAction":[{"@type":"ReadAction","target":["https:\/\/news.save.ch\/neue-regeln-fuer-den-guetertransport-auf-der-strasse\/"]}]},{"@type":"ImageObject","inLanguage":"it-IT","@id":"https:\/\/news.save.ch\/neue-regeln-fuer-den-guetertransport-auf-der-strasse\/#primaryimage","url":"https:\/\/news.save.ch\/wp-content\/uploads\/2025\/03\/Depositphotos_76503035_S.jpg","contentUrl":"https:\/\/news.save.ch\/wp-content\/uploads\/2025\/03\/Depositphotos_76503035_S.jpg","width":1000,"height":664,"caption":"Foto: Depositphotos\/Muller_M"},{"@type":"BreadcrumbList","@id":"https:\/\/news.save.ch\/neue-regeln-fuer-den-guetertransport-auf-der-strasse\/#breadcrumb","itemListElement":[{"@type":"ListItem","position":1,"name":"Home","item":"https:\/\/news.save.ch\/de\/"},{"@type":"ListItem","position":2,"name":"Neue Regeln f\u00fcr den G\u00fctertransport auf der Strasse"}]},{"@type":"WebSite","@id":"https:\/\/news.save.ch\/de\/#website","url":"https:\/\/news.save.ch\/de\/","name":"Risparmiare","description":"Rivista svizzera specializzata in sicurezza","publisher":{"@id":"https:\/\/news.save.ch\/de\/#organization"},"potentialAction":[{"@type":"SearchAction","target":{"@type":"EntryPoint","urlTemplate":"https:\/\/news.save.ch\/de\/?s={search_term_string}"},"query-input":{"@type":"PropertyValueSpecification","valueRequired":true,"valueName":"search_term_string"}}],"inLanguage":"it-IT"},{"@type":"Organization","@id":"https:\/\/news.save.ch\/de\/#organization","name":"Forum sulla sicurezza","url":"https:\/\/news.save.ch\/de\/","logo":{"@type":"ImageObject","inLanguage":"it-IT","@id":"https:\/\/news.save.ch\/de\/#\/schema\/logo\/image\/","url":"https:\/\/news.save.ch\/wp-content\/uploads\/2022\/06\/Logo_SF_2012.png","contentUrl":"https:\/\/news.save.ch\/wp-content\/uploads\/2022\/06\/Logo_SF_2012.png","width":1100,"height":91,"caption":"Sicherheitsforum"},"image":{"@id":"https:\/\/news.save.ch\/de\/#\/schema\/logo\/image\/"}},{"@type":"Person","@id":"https:\/\/news.save.ch\/de\/#\/schema\/person\/10917387362b3961e882740f6cf6f2a2","name":"Stefanie Zeng","image":{"@type":"ImageObject","inLanguage":"it-IT","@id":"https:\/\/secure.gravatar.com\/avatar\/eac43faa6e40bb2c41068c95c9d78bbd94c476d5efdff7abaab80bb3ea681e06?s=96&d=mm&r=g","url":"https:\/\/secure.gravatar.com\/avatar\/eac43faa6e40bb2c41068c95c9d78bbd94c476d5efdff7abaab80bb3ea681e06?s=96&d=mm&r=g","contentUrl":"https:\/\/secure.gravatar.com\/avatar\/eac43faa6e40bb2c41068c95c9d78bbd94c476d5efdff7abaab80bb3ea681e06?s=96&d=mm&r=g","caption":"stefanie Zeng"},"url":"https:\/\/news.save.ch\/it\/author\/stefanie-zeng\/"}]}},"_links":{"self":[{"href":"https:\/\/news.save.ch\/it\/wp-json\/wp\/v2\/posts\/24086","targetHints":{"allow":["GET"]}}],"collection":[{"href":"https:\/\/news.save.ch\/it\/wp-json\/wp\/v2\/posts"}],"about":[{"href":"https:\/\/news.save.ch\/it\/wp-json\/wp\/v2\/types\/post"}],"author":[{"embeddable":true,"href":"https:\/\/news.save.ch\/it\/wp-json\/wp\/v2\/users\/31"}],"replies":[{"embeddable":true,"href":"https:\/\/news.save.ch\/it\/wp-json\/wp\/v2\/comments?post=24086"}],"version-history":[{"count":2,"href":"https:\/\/news.save.ch\/it\/wp-json\/wp\/v2\/posts\/24086\/revisions"}],"predecessor-version":[{"id":24089,"href":"https:\/\/news.save.ch\/it\/wp-json\/wp\/v2\/posts\/24086\/revisions\/24089"}],"wp:featuredmedia":[{"embeddable":true,"href":"https:\/\/news.save.ch\/it\/wp-json\/wp\/v2\/media\/24087"}],"wp:attachment":[{"href":"https:\/\/news.save.ch\/it\/wp-json\/wp\/v2\/media?parent=24086"}],"wp:term":[{"taxonomy":"category","embeddable":true,"href":"https:\/\/news.save.ch\/it\/wp-json\/wp\/v2\/categories?post=24086"},{"taxonomy":"post_tag","embeddable":true,"href":"https:\/\/news.save.ch\/it\/wp-json\/wp\/v2\/tags?post=24086"}],"curies":[{"name":"wp","href":"https:\/\/api.w.org\/{rel}","templated":true}]}}