{"id":24112,"date":"2025-03-25T13:23:17","date_gmt":"2025-03-25T12:23:17","guid":{"rendered":"https:\/\/news.save.ch\/?p=24112"},"modified":"2025-03-27T13:28:01","modified_gmt":"2025-03-27T12:28:01","slug":"der-bundesrat-verbessert-die-organisation-des-koordinierten-sanitaetsdiensts","status":null,"type":"post","link":"https:\/\/news.save.ch\/it\/der-bundesrat-verbessert-die-organisation-des-koordinierten-sanitaetsdiensts\/","title":{"rendered":"Il Consiglio federale migliora l'organizzazione del Servizio medico coordinato"},"content":{"rendered":"<figure id=\"attachment_24113\" aria-describedby=\"caption-attachment-24113\" style=\"width: 1000px\" class=\"wp-caption alignnone\"><a href=\"https:\/\/news.save.ch\/it\/der-bundesrat-verbessert-die-organisation-des-koordinierten-sanitaetsdiensts\/depositphotos_35073561_s\/\" rel=\"attachment wp-att-24113\"><img loading=\"lazy\" decoding=\"async\" class=\"size-full wp-image-24113\" src=\"https:\/\/news.save.ch\/wp-content\/uploads\/2025\/03\/Depositphotos_35073561_S.jpg\" alt=\"\" width=\"1000\" height=\"680\" srcset=\"https:\/\/news.save.ch\/wp-content\/uploads\/2025\/03\/Depositphotos_35073561_S.jpg 1000w, https:\/\/news.save.ch\/wp-content\/uploads\/2025\/03\/Depositphotos_35073561_S-680x462.jpg 680w, https:\/\/news.save.ch\/wp-content\/uploads\/2025\/03\/Depositphotos_35073561_S-768x522.jpg 768w, https:\/\/news.save.ch\/wp-content\/uploads\/2025\/03\/Depositphotos_35073561_S-18x12.jpg 18w, https:\/\/news.save.ch\/wp-content\/uploads\/2025\/03\/Depositphotos_35073561_S-375x255.jpg 375w, https:\/\/news.save.ch\/wp-content\/uploads\/2025\/03\/Depositphotos_35073561_S-515x350.jpg 515w\" sizes=\"auto, (max-width: 1000px) 100vw, 1000px\" \/><\/a><figcaption id=\"caption-attachment-24113\" class=\"wp-caption-text\">Foto: Depositphotos\/Arsty.<\/figcaption><\/figure>\n<p>Sotto la guida della Rete svizzera di sicurezza (SVS), \u00e8 stato sviluppato un progetto di riforma del Servizio medico coordinato (KSD) con l'obiettivo di riorganizzare il KSD. Il rapporto finale di questo progetto del 2021 contiene diverse proposte organizzative su come il KSD dovrebbe essere impostato in futuro per quanto riguarda i rischi nel settore sanitario.<\/p>\n<p>Come primo passo di attuazione, il Servizio medico coordinato \u00e8 stato trasferito dal Gruppo Difesa all'Ufficio federale della protezione civile (UFPP) il 1\u00b0 gennaio 2023. In questo modo sar\u00e0 pi\u00f9 strettamente integrato nella rete di protezione civile.<\/p>\n<p>Come seconda fase di implementazione, \u00e8 ora necessario creare nuove strutture per supportare e gestire in modo ottimale i cambiamenti di contenuto e la riorganizzazione del Servizio medico coordinato.<\/p>\n<h3>Nuovi comitati e personale specializzato per migliorare il coordinamento dei partner KSD<\/h3>\n<p>Questa modifica dell'ordinanza sul servizio medico coordinato, ora intitolata \"Ordinanza sul coordinamento del servizio medico\" (VKSD), istituisce una nuova organizzazione con una rappresentanza paritaria della Confederazione e dei Cantoni. A livello strategico e operativo, verranno utilizzati gli organi esistenti dell'SVS, la piattaforma operativa e la piattaforma politica.<\/p>\n<p>Un comitato di supporto tecnico porter\u00e0 le preoccupazioni dei partner CPS all'attenzione dei comitati direttivi e fornir\u00e0 consulenza al Commissario CPS insieme all'Ufficio CPS dell'UFPP, che continuer\u00e0 ad agire come forza trainante della riorganizzazione. Il Comitato di coordinamento dei servizi medici (SANKO) sar\u00e0 cancellato. In situazioni eccezionali, un nuovo staff specializzato valuter\u00e0 le situazioni e le sfide dal punto di vista del servizio medico.<\/p>\n<p>Come terzo passo verso l'attuazione del rapporto finale dell'SVS del 2021, \u00e8 attualmente in corso l'elaborazione di una strategia per la riorganizzazione del KSD sotto forma di un rapporto al Consiglio federale sul coordinamento nazionale della medicina delle catastrofi. \u00c8 soprattutto l'attuazione di questo rapporto che deve essere monitorata e gestita dai comitati di nuova creazione.<\/p>\n<p><em>Fonte: babs.admin.ch<\/em><\/p>","protected":false},"excerpt":{"rendered":"<p>Unter der F\u00fchrung des Sicherheitsverbunds Schweiz (SVS) wurde mit Blick auf die Neuausrichtung des Koordinierten Sanit\u00e4tsdiensts (KSD) ein Projekt zur Reform des Sanit\u00e4tsdiensts erarbeitet. Der Schlussbericht dieses Projekts aus dem Jahr 2021 enth\u00e4lt verschiedene organisatorische Vorschl\u00e4ge, wie der KSD im Hinblick auf Risiken im Gesundheitsbereich k\u00fcnftig aufgestellt werden soll. Als erster Umsetzungsschritt wurde der Koordinierte [&hellip;]<\/p>\n","protected":false},"author":31,"featured_media":24113,"comment_status":"closed","ping_status":"closed","sticky":false,"template":"","format":"standard","meta":{"_acf_changed":false,"pgc_sgb_lightbox_settings":"","footnotes":""},"categories":[3314],"tags":[168,3736],"class_list":["post-24112","post","type-post","status-publish","format-standard","has-post-thumbnail","hentry","category-health-safety","tag-bundesrat","tag-koordinierter-sanitaetsdienst"],"acf":[],"hkrextid":null,"publication":null,"issue":null,"workflow":null,"startPage":null,"spitzmarke":null,"_posts_by_tag_page_fields":null,"_at_widget":null,"_yoast_wpseo_primary_category":"3314","_yoast_wpseo_focuskw_text_input":null,"_yoast_wpseo_opengraph-image":null,"_yoast_wpseo_opengraph-description":null,"_yoast_wpseo_opengraph-title":null,"enclosure":null,"_yoast_wpseo_twitter-title":null,"_yoast_wpseo_twitter-description":null,"_yoast_wpseo_twitter-image":null,"_wp_old_slug":null,"_yoast_wpseo_title":null,"_yoast_wpseo_canonical":null,"yoast_head":"<!-- This site is optimized with the Yoast SEO plugin v27.5 - https:\/\/yoast.com\/product\/yoast-seo-wordpress\/ -->\n<title>Der Bundesrat verbessert die Organisation des Koordinierten Sanit\u00e4tsdiensts - Save<\/title>\n<meta name=\"description\" content=\"Der Bundesrat hat die Verordnung \u00fcber die Koordination im Bereich des Sanit\u00e4tsdiensts (VKSD) gutgeheissen. Diese tritt per 1. Mai 2025 in Kraft.\" \/>\n<meta name=\"robots\" content=\"index, follow, max-snippet:-1, max-image-preview:large, max-video-preview:-1\" \/>\n<link rel=\"canonical\" href=\"https:\/\/news.save.ch\/it\/der-bundesrat-verbessert-die-organisation-des-koordinierten-sanitaetsdiensts\/\" \/>\n<meta property=\"og:locale\" content=\"it_IT\" \/>\n<meta property=\"og:type\" content=\"article\" \/>\n<meta property=\"og:title\" content=\"Der Bundesrat verbessert die Organisation des Koordinierten Sanit\u00e4tsdiensts - Save\" \/>\n<meta property=\"og:description\" content=\"Der Bundesrat hat die Verordnung \u00fcber die Koordination im Bereich des Sanit\u00e4tsdiensts (VKSD) gutgeheissen. Diese tritt per 1. Mai 2025 in Kraft.\" \/>\n<meta property=\"og:url\" content=\"https:\/\/news.save.ch\/it\/der-bundesrat-verbessert-die-organisation-des-koordinierten-sanitaetsdiensts\/\" \/>\n<meta property=\"og:site_name\" content=\"Save\" \/>\n<meta property=\"article:published_time\" content=\"2025-03-25T12:23:17+00:00\" \/>\n<meta property=\"article:modified_time\" content=\"2025-03-27T12:28:01+00:00\" \/>\n<meta property=\"og:image\" content=\"https:\/\/news.save.ch\/wp-content\/uploads\/2025\/03\/Depositphotos_35073561_S.jpg\" \/>\n\t<meta property=\"og:image:width\" content=\"1000\" \/>\n\t<meta property=\"og:image:height\" content=\"680\" \/>\n\t<meta property=\"og:image:type\" content=\"image\/jpeg\" \/>\n<meta name=\"author\" content=\"stefanie Zeng\" \/>\n<meta name=\"twitter:card\" content=\"summary_large_image\" \/>\n<meta name=\"twitter:label1\" content=\"Scritto da\" \/>\n\t<meta name=\"twitter:data1\" content=\"stefanie Zeng\" \/>\n\t<meta name=\"twitter:label2\" content=\"Tempo di lettura stimato\" \/>\n\t<meta name=\"twitter:data2\" content=\"3 minuti\" \/>\n<script type=\"application\/ld+json\" class=\"yoast-schema-graph\">{\"@context\":\"https:\\\/\\\/schema.org\",\"@graph\":[{\"@type\":\"Article\",\"@id\":\"https:\\\/\\\/news.save.ch\\\/der-bundesrat-verbessert-die-organisation-des-koordinierten-sanitaetsdiensts\\\/#article\",\"isPartOf\":{\"@id\":\"https:\\\/\\\/news.save.ch\\\/der-bundesrat-verbessert-die-organisation-des-koordinierten-sanitaetsdiensts\\\/\"},\"author\":{\"name\":\"stefanie Zeng\",\"@id\":\"https:\\\/\\\/news.save.ch\\\/de\\\/#\\\/schema\\\/person\\\/10917387362b3961e882740f6cf6f2a2\"},\"headline\":\"Der Bundesrat verbessert die Organisation des Koordinierten Sanit\u00e4tsdiensts\",\"datePublished\":\"2025-03-25T12:23:17+00:00\",\"dateModified\":\"2025-03-27T12:28:01+00:00\",\"mainEntityOfPage\":{\"@id\":\"https:\\\/\\\/news.save.ch\\\/der-bundesrat-verbessert-die-organisation-des-koordinierten-sanitaetsdiensts\\\/\"},\"wordCount\":323,\"publisher\":{\"@id\":\"https:\\\/\\\/news.save.ch\\\/de\\\/#organization\"},\"image\":{\"@id\":\"https:\\\/\\\/news.save.ch\\\/der-bundesrat-verbessert-die-organisation-des-koordinierten-sanitaetsdiensts\\\/#primaryimage\"},\"thumbnailUrl\":\"https:\\\/\\\/news.save.ch\\\/wp-content\\\/uploads\\\/2025\\\/03\\\/Depositphotos_35073561_S.jpg\",\"keywords\":[\"Bundesrat\",\"Koordinierter Sanit\u00e4tsdienst\"],\"articleSection\":[\"HEALTH &amp; SAFETY\"],\"inLanguage\":\"it-IT\"},{\"@type\":\"WebPage\",\"@id\":\"https:\\\/\\\/news.save.ch\\\/der-bundesrat-verbessert-die-organisation-des-koordinierten-sanitaetsdiensts\\\/\",\"url\":\"https:\\\/\\\/news.save.ch\\\/der-bundesrat-verbessert-die-organisation-des-koordinierten-sanitaetsdiensts\\\/\",\"name\":\"Der Bundesrat verbessert die Organisation des Koordinierten Sanit\u00e4tsdiensts - Save\",\"isPartOf\":{\"@id\":\"https:\\\/\\\/news.save.ch\\\/de\\\/#website\"},\"primaryImageOfPage\":{\"@id\":\"https:\\\/\\\/news.save.ch\\\/der-bundesrat-verbessert-die-organisation-des-koordinierten-sanitaetsdiensts\\\/#primaryimage\"},\"image\":{\"@id\":\"https:\\\/\\\/news.save.ch\\\/der-bundesrat-verbessert-die-organisation-des-koordinierten-sanitaetsdiensts\\\/#primaryimage\"},\"thumbnailUrl\":\"https:\\\/\\\/news.save.ch\\\/wp-content\\\/uploads\\\/2025\\\/03\\\/Depositphotos_35073561_S.jpg\",\"datePublished\":\"2025-03-25T12:23:17+00:00\",\"dateModified\":\"2025-03-27T12:28:01+00:00\",\"description\":\"Der Bundesrat hat die Verordnung \u00fcber die Koordination im Bereich des Sanit\u00e4tsdiensts (VKSD) gutgeheissen. Diese tritt per 1. Mai 2025 in Kraft.\",\"breadcrumb\":{\"@id\":\"https:\\\/\\\/news.save.ch\\\/der-bundesrat-verbessert-die-organisation-des-koordinierten-sanitaetsdiensts\\\/#breadcrumb\"},\"inLanguage\":\"it-IT\",\"potentialAction\":[{\"@type\":\"ReadAction\",\"target\":[\"https:\\\/\\\/news.save.ch\\\/der-bundesrat-verbessert-die-organisation-des-koordinierten-sanitaetsdiensts\\\/\"]}]},{\"@type\":\"ImageObject\",\"inLanguage\":\"it-IT\",\"@id\":\"https:\\\/\\\/news.save.ch\\\/der-bundesrat-verbessert-die-organisation-des-koordinierten-sanitaetsdiensts\\\/#primaryimage\",\"url\":\"https:\\\/\\\/news.save.ch\\\/wp-content\\\/uploads\\\/2025\\\/03\\\/Depositphotos_35073561_S.jpg\",\"contentUrl\":\"https:\\\/\\\/news.save.ch\\\/wp-content\\\/uploads\\\/2025\\\/03\\\/Depositphotos_35073561_S.jpg\",\"width\":1000,\"height\":680,\"caption\":\"Foto: Depositphotos\\\/Arsty.\"},{\"@type\":\"BreadcrumbList\",\"@id\":\"https:\\\/\\\/news.save.ch\\\/der-bundesrat-verbessert-die-organisation-des-koordinierten-sanitaetsdiensts\\\/#breadcrumb\",\"itemListElement\":[{\"@type\":\"ListItem\",\"position\":1,\"name\":\"Home\",\"item\":\"https:\\\/\\\/news.save.ch\\\/de\\\/\"},{\"@type\":\"ListItem\",\"position\":2,\"name\":\"Der Bundesrat verbessert die Organisation des Koordinierten Sanit\u00e4tsdiensts\"}]},{\"@type\":\"WebSite\",\"@id\":\"https:\\\/\\\/news.save.ch\\\/de\\\/#website\",\"url\":\"https:\\\/\\\/news.save.ch\\\/de\\\/\",\"name\":\"Save\",\"description\":\"Schweizer Fachzeitschrift f\u00fcr Sicherheit\",\"publisher\":{\"@id\":\"https:\\\/\\\/news.save.ch\\\/de\\\/#organization\"},\"potentialAction\":[{\"@type\":\"SearchAction\",\"target\":{\"@type\":\"EntryPoint\",\"urlTemplate\":\"https:\\\/\\\/news.save.ch\\\/de\\\/?s={search_term_string}\"},\"query-input\":{\"@type\":\"PropertyValueSpecification\",\"valueRequired\":true,\"valueName\":\"search_term_string\"}}],\"inLanguage\":\"it-IT\"},{\"@type\":\"Organization\",\"@id\":\"https:\\\/\\\/news.save.ch\\\/de\\\/#organization\",\"name\":\"Sicherheitsforum\",\"url\":\"https:\\\/\\\/news.save.ch\\\/de\\\/\",\"logo\":{\"@type\":\"ImageObject\",\"inLanguage\":\"it-IT\",\"@id\":\"https:\\\/\\\/news.save.ch\\\/de\\\/#\\\/schema\\\/logo\\\/image\\\/\",\"url\":\"https:\\\/\\\/news.save.ch\\\/wp-content\\\/uploads\\\/2022\\\/06\\\/Logo_SF_2012.png\",\"contentUrl\":\"https:\\\/\\\/news.save.ch\\\/wp-content\\\/uploads\\\/2022\\\/06\\\/Logo_SF_2012.png\",\"width\":1100,\"height\":91,\"caption\":\"Sicherheitsforum\"},\"image\":{\"@id\":\"https:\\\/\\\/news.save.ch\\\/de\\\/#\\\/schema\\\/logo\\\/image\\\/\"}},{\"@type\":\"Person\",\"@id\":\"https:\\\/\\\/news.save.ch\\\/de\\\/#\\\/schema\\\/person\\\/10917387362b3961e882740f6cf6f2a2\",\"name\":\"stefanie Zeng\",\"image\":{\"@type\":\"ImageObject\",\"inLanguage\":\"it-IT\",\"@id\":\"https:\\\/\\\/secure.gravatar.com\\\/avatar\\\/eac43faa6e40bb2c41068c95c9d78bbd94c476d5efdff7abaab80bb3ea681e06?s=96&d=mm&r=g\",\"url\":\"https:\\\/\\\/secure.gravatar.com\\\/avatar\\\/eac43faa6e40bb2c41068c95c9d78bbd94c476d5efdff7abaab80bb3ea681e06?s=96&d=mm&r=g\",\"contentUrl\":\"https:\\\/\\\/secure.gravatar.com\\\/avatar\\\/eac43faa6e40bb2c41068c95c9d78bbd94c476d5efdff7abaab80bb3ea681e06?s=96&d=mm&r=g\",\"caption\":\"stefanie Zeng\"},\"url\":\"https:\\\/\\\/news.save.ch\\\/it\\\/author\\\/stefanie-zeng\\\/\"}]}<\/script>\n<!-- \/ Yoast SEO plugin. -->","yoast_head_json":{"title":"Il Consiglio federale migliora l'organizzazione del Servizio medico coordinato - Save","description":"Il Consiglio federale ha approvato l'ordinanza sul coordinamento del servizio medico (VKSD). L'ordinanza entrer\u00e0 in vigore il 1\u00b0 maggio 2025.","robots":{"index":"index","follow":"follow","max-snippet":"max-snippet:-1","max-image-preview":"max-image-preview:large","max-video-preview":"max-video-preview:-1"},"canonical":"https:\/\/news.save.ch\/it\/der-bundesrat-verbessert-die-organisation-des-koordinierten-sanitaetsdiensts\/","og_locale":"it_IT","og_type":"article","og_title":"Der Bundesrat verbessert die Organisation des Koordinierten Sanit\u00e4tsdiensts - Save","og_description":"Der Bundesrat hat die Verordnung \u00fcber die Koordination im Bereich des Sanit\u00e4tsdiensts (VKSD) gutgeheissen. Diese tritt per 1. Mai 2025 in Kraft.","og_url":"https:\/\/news.save.ch\/it\/der-bundesrat-verbessert-die-organisation-des-koordinierten-sanitaetsdiensts\/","og_site_name":"Save","article_published_time":"2025-03-25T12:23:17+00:00","article_modified_time":"2025-03-27T12:28:01+00:00","og_image":[{"width":1000,"height":680,"url":"https:\/\/news.save.ch\/wp-content\/uploads\/2025\/03\/Depositphotos_35073561_S.jpg","type":"image\/jpeg"}],"author":"stefanie Zeng","twitter_card":"summary_large_image","twitter_misc":{"Scritto da":"stefanie Zeng","Tempo di lettura stimato":"3 minuti"},"schema":{"@context":"https:\/\/schema.org","@graph":[{"@type":"Article","@id":"https:\/\/news.save.ch\/der-bundesrat-verbessert-die-organisation-des-koordinierten-sanitaetsdiensts\/#article","isPartOf":{"@id":"https:\/\/news.save.ch\/der-bundesrat-verbessert-die-organisation-des-koordinierten-sanitaetsdiensts\/"},"author":{"name":"stefanie Zeng","@id":"https:\/\/news.save.ch\/de\/#\/schema\/person\/10917387362b3961e882740f6cf6f2a2"},"headline":"Der Bundesrat verbessert die Organisation des Koordinierten Sanit\u00e4tsdiensts","datePublished":"2025-03-25T12:23:17+00:00","dateModified":"2025-03-27T12:28:01+00:00","mainEntityOfPage":{"@id":"https:\/\/news.save.ch\/der-bundesrat-verbessert-die-organisation-des-koordinierten-sanitaetsdiensts\/"},"wordCount":323,"publisher":{"@id":"https:\/\/news.save.ch\/de\/#organization"},"image":{"@id":"https:\/\/news.save.ch\/der-bundesrat-verbessert-die-organisation-des-koordinierten-sanitaetsdiensts\/#primaryimage"},"thumbnailUrl":"https:\/\/news.save.ch\/wp-content\/uploads\/2025\/03\/Depositphotos_35073561_S.jpg","keywords":["Bundesrat","Koordinierter Sanit\u00e4tsdienst"],"articleSection":["HEALTH &amp; SAFETY"],"inLanguage":"it-IT"},{"@type":"WebPage","@id":"https:\/\/news.save.ch\/der-bundesrat-verbessert-die-organisation-des-koordinierten-sanitaetsdiensts\/","url":"https:\/\/news.save.ch\/der-bundesrat-verbessert-die-organisation-des-koordinierten-sanitaetsdiensts\/","name":"Il Consiglio federale migliora l'organizzazione del Servizio medico coordinato - Save","isPartOf":{"@id":"https:\/\/news.save.ch\/de\/#website"},"primaryImageOfPage":{"@id":"https:\/\/news.save.ch\/der-bundesrat-verbessert-die-organisation-des-koordinierten-sanitaetsdiensts\/#primaryimage"},"image":{"@id":"https:\/\/news.save.ch\/der-bundesrat-verbessert-die-organisation-des-koordinierten-sanitaetsdiensts\/#primaryimage"},"thumbnailUrl":"https:\/\/news.save.ch\/wp-content\/uploads\/2025\/03\/Depositphotos_35073561_S.jpg","datePublished":"2025-03-25T12:23:17+00:00","dateModified":"2025-03-27T12:28:01+00:00","description":"Il Consiglio federale ha approvato l'ordinanza sul coordinamento del servizio medico (VKSD). L'ordinanza entrer\u00e0 in vigore il 1\u00b0 maggio 2025.","breadcrumb":{"@id":"https:\/\/news.save.ch\/der-bundesrat-verbessert-die-organisation-des-koordinierten-sanitaetsdiensts\/#breadcrumb"},"inLanguage":"it-IT","potentialAction":[{"@type":"ReadAction","target":["https:\/\/news.save.ch\/der-bundesrat-verbessert-die-organisation-des-koordinierten-sanitaetsdiensts\/"]}]},{"@type":"ImageObject","inLanguage":"it-IT","@id":"https:\/\/news.save.ch\/der-bundesrat-verbessert-die-organisation-des-koordinierten-sanitaetsdiensts\/#primaryimage","url":"https:\/\/news.save.ch\/wp-content\/uploads\/2025\/03\/Depositphotos_35073561_S.jpg","contentUrl":"https:\/\/news.save.ch\/wp-content\/uploads\/2025\/03\/Depositphotos_35073561_S.jpg","width":1000,"height":680,"caption":"Foto: Depositphotos\/Arsty."},{"@type":"BreadcrumbList","@id":"https:\/\/news.save.ch\/der-bundesrat-verbessert-die-organisation-des-koordinierten-sanitaetsdiensts\/#breadcrumb","itemListElement":[{"@type":"ListItem","position":1,"name":"Home","item":"https:\/\/news.save.ch\/de\/"},{"@type":"ListItem","position":2,"name":"Der Bundesrat verbessert die Organisation des Koordinierten Sanit\u00e4tsdiensts"}]},{"@type":"WebSite","@id":"https:\/\/news.save.ch\/de\/#website","url":"https:\/\/news.save.ch\/de\/","name":"Risparmiare","description":"Rivista svizzera specializzata in sicurezza","publisher":{"@id":"https:\/\/news.save.ch\/de\/#organization"},"potentialAction":[{"@type":"SearchAction","target":{"@type":"EntryPoint","urlTemplate":"https:\/\/news.save.ch\/de\/?s={search_term_string}"},"query-input":{"@type":"PropertyValueSpecification","valueRequired":true,"valueName":"search_term_string"}}],"inLanguage":"it-IT"},{"@type":"Organization","@id":"https:\/\/news.save.ch\/de\/#organization","name":"Forum sulla sicurezza","url":"https:\/\/news.save.ch\/de\/","logo":{"@type":"ImageObject","inLanguage":"it-IT","@id":"https:\/\/news.save.ch\/de\/#\/schema\/logo\/image\/","url":"https:\/\/news.save.ch\/wp-content\/uploads\/2022\/06\/Logo_SF_2012.png","contentUrl":"https:\/\/news.save.ch\/wp-content\/uploads\/2022\/06\/Logo_SF_2012.png","width":1100,"height":91,"caption":"Sicherheitsforum"},"image":{"@id":"https:\/\/news.save.ch\/de\/#\/schema\/logo\/image\/"}},{"@type":"Person","@id":"https:\/\/news.save.ch\/de\/#\/schema\/person\/10917387362b3961e882740f6cf6f2a2","name":"Stefanie Zeng","image":{"@type":"ImageObject","inLanguage":"it-IT","@id":"https:\/\/secure.gravatar.com\/avatar\/eac43faa6e40bb2c41068c95c9d78bbd94c476d5efdff7abaab80bb3ea681e06?s=96&d=mm&r=g","url":"https:\/\/secure.gravatar.com\/avatar\/eac43faa6e40bb2c41068c95c9d78bbd94c476d5efdff7abaab80bb3ea681e06?s=96&d=mm&r=g","contentUrl":"https:\/\/secure.gravatar.com\/avatar\/eac43faa6e40bb2c41068c95c9d78bbd94c476d5efdff7abaab80bb3ea681e06?s=96&d=mm&r=g","caption":"stefanie Zeng"},"url":"https:\/\/news.save.ch\/it\/author\/stefanie-zeng\/"}]}},"_links":{"self":[{"href":"https:\/\/news.save.ch\/it\/wp-json\/wp\/v2\/posts\/24112","targetHints":{"allow":["GET"]}}],"collection":[{"href":"https:\/\/news.save.ch\/it\/wp-json\/wp\/v2\/posts"}],"about":[{"href":"https:\/\/news.save.ch\/it\/wp-json\/wp\/v2\/types\/post"}],"author":[{"embeddable":true,"href":"https:\/\/news.save.ch\/it\/wp-json\/wp\/v2\/users\/31"}],"replies":[{"embeddable":true,"href":"https:\/\/news.save.ch\/it\/wp-json\/wp\/v2\/comments?post=24112"}],"version-history":[{"count":2,"href":"https:\/\/news.save.ch\/it\/wp-json\/wp\/v2\/posts\/24112\/revisions"}],"predecessor-version":[{"id":24115,"href":"https:\/\/news.save.ch\/it\/wp-json\/wp\/v2\/posts\/24112\/revisions\/24115"}],"wp:featuredmedia":[{"embeddable":true,"href":"https:\/\/news.save.ch\/it\/wp-json\/wp\/v2\/media\/24113"}],"wp:attachment":[{"href":"https:\/\/news.save.ch\/it\/wp-json\/wp\/v2\/media?parent=24112"}],"wp:term":[{"taxonomy":"category","embeddable":true,"href":"https:\/\/news.save.ch\/it\/wp-json\/wp\/v2\/categories?post=24112"},{"taxonomy":"post_tag","embeddable":true,"href":"https:\/\/news.save.ch\/it\/wp-json\/wp\/v2\/tags?post=24112"}],"curies":[{"name":"wp","href":"https:\/\/api.w.org\/{rel}","templated":true}]}}