{"id":24130,"date":"2025-04-02T10:25:36","date_gmt":"2025-04-02T08:25:36","guid":{"rendered":"https:\/\/news.save.ch\/?p=24130"},"modified":"2025-04-02T10:25:36","modified_gmt":"2025-04-02T08:25:36","slug":"50-prozent-mehr-velounfaelle-in-zehn-jahren","status":null,"type":"post","link":"https:\/\/news.save.ch\/it\/50-prozent-mehr-velounfaelle-in-zehn-jahren\/","title":{"rendered":"50 per cento in pi\u00f9 di incidenti in bicicletta in dieci anni"},"content":{"rendered":"<figure id=\"attachment_24132\" aria-describedby=\"caption-attachment-24132\" style=\"width: 1000px\" class=\"wp-caption alignnone\"><a href=\"https:\/\/news.save.ch\/it\/50-prozent-mehr-velounfaelle-in-zehn-jahren\/depositphotos_187734688_s\/\" rel=\"attachment wp-att-24132\"><img loading=\"lazy\" decoding=\"async\" class=\"size-full wp-image-24132\" src=\"https:\/\/news.save.ch\/wp-content\/uploads\/2025\/04\/Depositphotos_187734688_S.jpg\" alt=\"\" width=\"1000\" height=\"667\" srcset=\"https:\/\/news.save.ch\/wp-content\/uploads\/2025\/04\/Depositphotos_187734688_S.jpg 1000w, https:\/\/news.save.ch\/wp-content\/uploads\/2025\/04\/Depositphotos_187734688_S-680x454.jpg 680w, https:\/\/news.save.ch\/wp-content\/uploads\/2025\/04\/Depositphotos_187734688_S-768x512.jpg 768w, https:\/\/news.save.ch\/wp-content\/uploads\/2025\/04\/Depositphotos_187734688_S-18x12.jpg 18w, https:\/\/news.save.ch\/wp-content\/uploads\/2025\/04\/Depositphotos_187734688_S-375x250.jpg 375w, https:\/\/news.save.ch\/wp-content\/uploads\/2025\/04\/Depositphotos_187734688_S-525x350.jpg 525w\" sizes=\"auto, (max-width: 1000px) 100vw, 1000px\" \/><\/a><figcaption id=\"caption-attachment-24132\" class=\"wp-caption-text\">Foto: Depositphotos\/itsajoop<\/figcaption><\/figure>\n<p>Le valutazioni dell'Unit\u00e0 Statistica Infortuni dell'Assicurazione Svizzera contro gli Infortuni (SSUV) mostrano che gli incidenti stradali che coinvolgono le biciclette sono aumentati del 50% negli ultimi dieci anni. Tra il 2018 e il 2022 si sono verificati 26.100 incidenti con biciclette sulle strade svizzere, rispetto ai circa 17.400 incidenti avvenuti tra il 2008 e il 2012. Come regola generale, la frequenza degli incidenti aumenta quanto pi\u00f9 persone sono coinvolte in un'attivit\u00e0 o quanto pi\u00f9 a lungo questa si svolge. In questo contesto, giocano un ruolo diversi fattori, come le condizioni meteorologiche, in particolare gli inverni miti, i cambiamenti nel comportamento nel tempo libero o l'aumento dell'uso della bicicletta come mezzo di trasporto.<\/p>\n<figure id=\"attachment_24131\" aria-describedby=\"caption-attachment-24131\" style=\"width: 652px\" class=\"wp-caption alignnone\"><a href=\"https:\/\/news.save.ch\/it\/50-prozent-mehr-velounfaelle-in-zehn-jahren\/screenshot-2025-04-02-101725\/\" rel=\"attachment wp-att-24131\"><img loading=\"lazy\" decoding=\"async\" class=\"wp-image-24131 size-full\" src=\"https:\/\/news.save.ch\/wp-content\/uploads\/2025\/04\/Screenshot-2025-04-02-101725.jpg\" alt=\"\" width=\"652\" height=\"364\" srcset=\"https:\/\/news.save.ch\/wp-content\/uploads\/2025\/04\/Screenshot-2025-04-02-101725.jpg 652w, https:\/\/news.save.ch\/wp-content\/uploads\/2025\/04\/Screenshot-2025-04-02-101725-18x10.jpg 18w, https:\/\/news.save.ch\/wp-content\/uploads\/2025\/04\/Screenshot-2025-04-02-101725-375x209.jpg 375w, https:\/\/news.save.ch\/wp-content\/uploads\/2025\/04\/Screenshot-2025-04-02-101725-627x350.jpg 627w\" sizes=\"auto, (max-width: 652px) 100vw, 652px\" \/><\/a><figcaption id=\"caption-attachment-24131\" class=\"wp-caption-text\">Legenda: L'aumento degli incidenti stradali che coinvolgono le biciclette \u00e8 maggiore nella fascia di et\u00e0 compresa tra i 55 e i 64 anni. Mentre tra il 2008 e il 2012 si sono registrati circa 2.300 incidenti, tra il 2018 e il 2022 se ne sono verificati 4.700 (+104%). Sempre pi\u00f9 persone in questa fascia di et\u00e0 assicurata vanno regolarmente in bicicletta. A causa della situazione pandemica, nel 2020 si \u00e8 registrato un numero eccezionalmente elevato di incidenti stradali con biciclette in tutte le fasce d'et\u00e0.<\/figcaption><\/figure>\n<h3 id=\"anchor-93A08496-D073-4FD5-BA9D-8E1D110EF5F5\" class=\"h3 sch-h3\">Cuffie: il fattore di distrazione pi\u00f9 importante<\/h3>\n<div>\n<p>Secondo le indagini condotte nel 2023 sulla distrazione nel traffico stradale tra i ciclisti e i ciclisti di biciclette elettriche (Niemann e Hertach), un quinto di tutti i ciclisti era distratto. Tra i giovani di et\u00e0 compresa tra i 15 e i 29 anni, l'uso delle cuffie \u00e8 il fattore di distrazione pi\u00f9 importante. I giovani tra i 30 e i 44 anni si distraggono allo stesso modo indossando le cuffie e utilizzando lo smartphone mentre pedalano. Il tasso di distrazione diminuisce con l'aumentare dell'et\u00e0. Secondo lo studio, la mancanza di attenzione \u00e8 uno dei principali fattori di rischio per gli incidenti in bicicletta. \"Chiunque non sia attento quando pedala nel traffico stradale, sia distratto o sotto pressione, aumenta il rischio di incidenti con il proprio comportamento\", afferma Andrea Lenz, responsabile della prevenzione ciclabile della Suva.<\/p>\n<\/div>\n<h3 id=\"anchor-BF6D68C9-7194-4B43-B22D-99DE99A35FD6\" class=\"h3 sch-h3\">Incidenti dovuti alla mancanza di attenzione<\/h3>\n<div>\n<p>Poich\u00e9 quattro incidenti in bicicletta su cinque (84%) sono incidenti autoinflitti, vale quanto segue: se si sta attenti e si guida con lungimiranza, si riduce il rischio di avere un incidente. \"Quando si va in bicicletta, \u00e8 importante concentrarsi su ci\u00f2 che accade sulla strada, in modo da avere sempre una visione d'insieme\", afferma Andrea Lenz. Le nostre misure di prevenzione mirano a reagire correttamente ai pericoli della strada, ad esempio attraverso una velocit\u00e0 adeguata, segnali manuali chiari e una buona visibilit\u00e0\". Per prevenire gli incidenti, anche le interazioni come il contatto visivo tra gli utenti della strada sono importanti e devono essere considerate positivamente.\"<\/p>\n<\/div>\n<h3 id=\"anchor-52B1FC0D-83D1-44E3-A1C7-CEE387E6B610\" class=\"h3 sch-h3\">Viaggiare in sicurezza in bicicletta<\/h3>\n<div>\n<p>In primavera la bicicletta \u00e8 un mezzo di trasporto molto diffuso e sulle strade tornano a circolare ciclisti pi\u00f9 e meno esperti. La Suva offre diversi consigli su come evitare gli incidenti in bicicletta:<\/p>\n<ul>\n<li>Mantenere l'attenzione: Nessuna distrazione. Tenete lo smartphone e le cuffie spente nella borsa mentre pedalate e concentratevi sulla strada.<\/li>\n<li>Guidate con lungimiranza per riconoscere tempestivamente i pericoli.<\/li>\n<li>Tenete sempre entrambe le mani sul manubrio.<\/li>\n<li>Cercate il contatto visivo tra gli utenti della strada.<\/li>\n<li>Aumentare la visibilit\u00e0: Accendete la luce della vostra bicicletta, indossate indumenti luminosi o riflettenti (gilet fluorescenti) e applicate dei catarifrangenti alla vostra bicicletta.<\/li>\n<\/ul>\n<p><em>Fonte: Suva<\/em><\/p>\n<\/div>","protected":false},"excerpt":{"rendered":"<p>Die Auswertungen der Sammelstelle f\u00fcr die Statistik der Unfallversicherungen UVG (SSUV) zeigen, dass Strassenverkehrsunf\u00e4lle mit dem Velo in den letzten zehn Jahren um 50\u00a0Prozent angestiegen sind. 26\u202f100 Velounf\u00e4lle gab es auf Schweizer Strassen zwischen 2018 und 2022, w\u00e4hrend es zwischen 2008 und 2012 rund 17\u202f400 Unf\u00e4lle waren. Grunds\u00e4tzlich gilt: Die H\u00e4ufigkeit von Unf\u00e4llen nimmt zu, [&hellip;]<\/p>\n","protected":false},"author":31,"featured_media":0,"comment_status":"closed","ping_status":"closed","sticky":false,"template":"","format":"standard","meta":{"_acf_changed":false,"pgc_sgb_lightbox_settings":"","footnotes":""},"categories":[1],"tags":[],"class_list":["post-24130","post","type-post","status-publish","format-standard","hentry","category-allgemein"],"acf":[],"hkrextid":null,"publication":null,"issue":null,"workflow":null,"startPage":null,"spitzmarke":null,"_posts_by_tag_page_fields":null,"_at_widget":null,"_yoast_wpseo_primary_category":"","_yoast_wpseo_focuskw_text_input":null,"_yoast_wpseo_opengraph-image":null,"_yoast_wpseo_opengraph-description":null,"_yoast_wpseo_opengraph-title":null,"enclosure":null,"_yoast_wpseo_twitter-title":null,"_yoast_wpseo_twitter-description":null,"_yoast_wpseo_twitter-image":null,"_wp_old_slug":null,"_yoast_wpseo_title":null,"_yoast_wpseo_canonical":null,"yoast_head":"<!-- This site is optimized with the Yoast SEO plugin v27.5 - https:\/\/yoast.com\/product\/yoast-seo-wordpress\/ -->\n<title>50 Prozent mehr Velounf\u00e4lle in zehn Jahren - Save<\/title>\n<meta name=\"description\" content=\"Die Zahl der Velounf\u00e4lle in der Schweiz ist in den letzten zehn Jahren um 50 Prozent gestiegen. 84 Prozent der Unf\u00e4lle sind Selbstunf\u00e4lle.\" \/>\n<meta name=\"robots\" content=\"index, follow, max-snippet:-1, max-image-preview:large, max-video-preview:-1\" \/>\n<link rel=\"canonical\" href=\"https:\/\/news.save.ch\/it\/50-prozent-mehr-velounfaelle-in-zehn-jahren\/\" \/>\n<meta property=\"og:locale\" content=\"it_IT\" \/>\n<meta property=\"og:type\" content=\"article\" \/>\n<meta property=\"og:title\" content=\"50 Prozent mehr Velounf\u00e4lle in zehn Jahren - Save\" \/>\n<meta property=\"og:description\" content=\"Die Zahl der Velounf\u00e4lle in der Schweiz ist in den letzten zehn Jahren um 50 Prozent gestiegen. 84 Prozent der Unf\u00e4lle sind Selbstunf\u00e4lle.\" \/>\n<meta property=\"og:url\" content=\"https:\/\/news.save.ch\/it\/50-prozent-mehr-velounfaelle-in-zehn-jahren\/\" \/>\n<meta property=\"og:site_name\" content=\"Save\" \/>\n<meta property=\"article:published_time\" content=\"2025-04-02T08:25:36+00:00\" \/>\n<meta property=\"og:image\" content=\"https:\/\/news.save.ch\/wp-content\/uploads\/2025\/04\/Depositphotos_187734688_S.jpg\" \/>\n\t<meta property=\"og:image:width\" content=\"1000\" \/>\n\t<meta property=\"og:image:height\" content=\"667\" \/>\n\t<meta property=\"og:image:type\" content=\"image\/jpeg\" \/>\n<meta name=\"author\" content=\"stefanie Zeng\" \/>\n<meta name=\"twitter:card\" content=\"summary_large_image\" \/>\n<meta name=\"twitter:label1\" content=\"Scritto da\" \/>\n\t<meta name=\"twitter:data1\" content=\"stefanie Zeng\" \/>\n\t<meta name=\"twitter:label2\" content=\"Tempo di lettura stimato\" \/>\n\t<meta name=\"twitter:data2\" content=\"3 minuti\" \/>\n<script type=\"application\/ld+json\" class=\"yoast-schema-graph\">{\"@context\":\"https:\\\/\\\/schema.org\",\"@graph\":[{\"@type\":\"Article\",\"@id\":\"https:\\\/\\\/news.save.ch\\\/50-prozent-mehr-velounfaelle-in-zehn-jahren\\\/#article\",\"isPartOf\":{\"@id\":\"https:\\\/\\\/news.save.ch\\\/50-prozent-mehr-velounfaelle-in-zehn-jahren\\\/\"},\"author\":{\"name\":\"stefanie Zeng\",\"@id\":\"https:\\\/\\\/news.save.ch\\\/de\\\/#\\\/schema\\\/person\\\/10917387362b3961e882740f6cf6f2a2\"},\"headline\":\"50 Prozent mehr Velounf\u00e4lle in zehn Jahren\",\"datePublished\":\"2025-04-02T08:25:36+00:00\",\"mainEntityOfPage\":{\"@id\":\"https:\\\/\\\/news.save.ch\\\/50-prozent-mehr-velounfaelle-in-zehn-jahren\\\/\"},\"wordCount\":506,\"publisher\":{\"@id\":\"https:\\\/\\\/news.save.ch\\\/de\\\/#organization\"},\"image\":{\"@id\":\"https:\\\/\\\/news.save.ch\\\/50-prozent-mehr-velounfaelle-in-zehn-jahren\\\/#primaryimage\"},\"thumbnailUrl\":\"https:\\\/\\\/news.save.ch\\\/wp-content\\\/uploads\\\/2025\\\/04\\\/Depositphotos_187734688_S.jpg\",\"articleSection\":[\"ALLGEMEIN\"],\"inLanguage\":\"it-IT\"},{\"@type\":\"WebPage\",\"@id\":\"https:\\\/\\\/news.save.ch\\\/50-prozent-mehr-velounfaelle-in-zehn-jahren\\\/\",\"url\":\"https:\\\/\\\/news.save.ch\\\/50-prozent-mehr-velounfaelle-in-zehn-jahren\\\/\",\"name\":\"50 Prozent mehr Velounf\u00e4lle in zehn Jahren - Save\",\"isPartOf\":{\"@id\":\"https:\\\/\\\/news.save.ch\\\/de\\\/#website\"},\"primaryImageOfPage\":{\"@id\":\"https:\\\/\\\/news.save.ch\\\/50-prozent-mehr-velounfaelle-in-zehn-jahren\\\/#primaryimage\"},\"image\":{\"@id\":\"https:\\\/\\\/news.save.ch\\\/50-prozent-mehr-velounfaelle-in-zehn-jahren\\\/#primaryimage\"},\"thumbnailUrl\":\"https:\\\/\\\/news.save.ch\\\/wp-content\\\/uploads\\\/2025\\\/04\\\/Depositphotos_187734688_S.jpg\",\"datePublished\":\"2025-04-02T08:25:36+00:00\",\"description\":\"Die Zahl der Velounf\u00e4lle in der Schweiz ist in den letzten zehn Jahren um 50 Prozent gestiegen. 84 Prozent der Unf\u00e4lle sind Selbstunf\u00e4lle.\",\"breadcrumb\":{\"@id\":\"https:\\\/\\\/news.save.ch\\\/50-prozent-mehr-velounfaelle-in-zehn-jahren\\\/#breadcrumb\"},\"inLanguage\":\"it-IT\",\"potentialAction\":[{\"@type\":\"ReadAction\",\"target\":[\"https:\\\/\\\/news.save.ch\\\/50-prozent-mehr-velounfaelle-in-zehn-jahren\\\/\"]}]},{\"@type\":\"ImageObject\",\"inLanguage\":\"it-IT\",\"@id\":\"https:\\\/\\\/news.save.ch\\\/50-prozent-mehr-velounfaelle-in-zehn-jahren\\\/#primaryimage\",\"url\":\"https:\\\/\\\/news.save.ch\\\/wp-content\\\/uploads\\\/2025\\\/04\\\/Depositphotos_187734688_S.jpg\",\"contentUrl\":\"https:\\\/\\\/news.save.ch\\\/wp-content\\\/uploads\\\/2025\\\/04\\\/Depositphotos_187734688_S.jpg\"},{\"@type\":\"BreadcrumbList\",\"@id\":\"https:\\\/\\\/news.save.ch\\\/50-prozent-mehr-velounfaelle-in-zehn-jahren\\\/#breadcrumb\",\"itemListElement\":[{\"@type\":\"ListItem\",\"position\":1,\"name\":\"Home\",\"item\":\"https:\\\/\\\/news.save.ch\\\/de\\\/\"},{\"@type\":\"ListItem\",\"position\":2,\"name\":\"50 Prozent mehr Velounf\u00e4lle in zehn Jahren\"}]},{\"@type\":\"WebSite\",\"@id\":\"https:\\\/\\\/news.save.ch\\\/de\\\/#website\",\"url\":\"https:\\\/\\\/news.save.ch\\\/de\\\/\",\"name\":\"Save\",\"description\":\"Schweizer Fachzeitschrift f\u00fcr Sicherheit\",\"publisher\":{\"@id\":\"https:\\\/\\\/news.save.ch\\\/de\\\/#organization\"},\"potentialAction\":[{\"@type\":\"SearchAction\",\"target\":{\"@type\":\"EntryPoint\",\"urlTemplate\":\"https:\\\/\\\/news.save.ch\\\/de\\\/?s={search_term_string}\"},\"query-input\":{\"@type\":\"PropertyValueSpecification\",\"valueRequired\":true,\"valueName\":\"search_term_string\"}}],\"inLanguage\":\"it-IT\"},{\"@type\":\"Organization\",\"@id\":\"https:\\\/\\\/news.save.ch\\\/de\\\/#organization\",\"name\":\"Sicherheitsforum\",\"url\":\"https:\\\/\\\/news.save.ch\\\/de\\\/\",\"logo\":{\"@type\":\"ImageObject\",\"inLanguage\":\"it-IT\",\"@id\":\"https:\\\/\\\/news.save.ch\\\/de\\\/#\\\/schema\\\/logo\\\/image\\\/\",\"url\":\"https:\\\/\\\/news.save.ch\\\/wp-content\\\/uploads\\\/2022\\\/06\\\/Logo_SF_2012.png\",\"contentUrl\":\"https:\\\/\\\/news.save.ch\\\/wp-content\\\/uploads\\\/2022\\\/06\\\/Logo_SF_2012.png\",\"width\":1100,\"height\":91,\"caption\":\"Sicherheitsforum\"},\"image\":{\"@id\":\"https:\\\/\\\/news.save.ch\\\/de\\\/#\\\/schema\\\/logo\\\/image\\\/\"}},{\"@type\":\"Person\",\"@id\":\"https:\\\/\\\/news.save.ch\\\/de\\\/#\\\/schema\\\/person\\\/10917387362b3961e882740f6cf6f2a2\",\"name\":\"stefanie Zeng\",\"image\":{\"@type\":\"ImageObject\",\"inLanguage\":\"it-IT\",\"@id\":\"https:\\\/\\\/secure.gravatar.com\\\/avatar\\\/eac43faa6e40bb2c41068c95c9d78bbd94c476d5efdff7abaab80bb3ea681e06?s=96&d=mm&r=g\",\"url\":\"https:\\\/\\\/secure.gravatar.com\\\/avatar\\\/eac43faa6e40bb2c41068c95c9d78bbd94c476d5efdff7abaab80bb3ea681e06?s=96&d=mm&r=g\",\"contentUrl\":\"https:\\\/\\\/secure.gravatar.com\\\/avatar\\\/eac43faa6e40bb2c41068c95c9d78bbd94c476d5efdff7abaab80bb3ea681e06?s=96&d=mm&r=g\",\"caption\":\"stefanie Zeng\"},\"url\":\"https:\\\/\\\/news.save.ch\\\/it\\\/author\\\/stefanie-zeng\\\/\"}]}<\/script>\n<!-- \/ Yoast SEO plugin. -->","yoast_head_json":{"title":"50 per cento in pi\u00f9 di incidenti in bicicletta in dieci anni - Save","description":"Il numero di incidenti in bicicletta in Svizzera \u00e8 aumentato del 50% negli ultimi dieci anni. L'84% degli incidenti \u00e8 autoinflitto.","robots":{"index":"index","follow":"follow","max-snippet":"max-snippet:-1","max-image-preview":"max-image-preview:large","max-video-preview":"max-video-preview:-1"},"canonical":"https:\/\/news.save.ch\/it\/50-prozent-mehr-velounfaelle-in-zehn-jahren\/","og_locale":"it_IT","og_type":"article","og_title":"50 Prozent mehr Velounf\u00e4lle in zehn Jahren - Save","og_description":"Die Zahl der Velounf\u00e4lle in der Schweiz ist in den letzten zehn Jahren um 50 Prozent gestiegen. 84 Prozent der Unf\u00e4lle sind Selbstunf\u00e4lle.","og_url":"https:\/\/news.save.ch\/it\/50-prozent-mehr-velounfaelle-in-zehn-jahren\/","og_site_name":"Save","article_published_time":"2025-04-02T08:25:36+00:00","og_image":[{"width":1000,"height":667,"url":"https:\/\/news.save.ch\/wp-content\/uploads\/2025\/04\/Depositphotos_187734688_S.jpg","type":"image\/jpeg"}],"author":"stefanie Zeng","twitter_card":"summary_large_image","twitter_misc":{"Scritto da":"stefanie Zeng","Tempo di lettura stimato":"3 minuti"},"schema":{"@context":"https:\/\/schema.org","@graph":[{"@type":"Article","@id":"https:\/\/news.save.ch\/50-prozent-mehr-velounfaelle-in-zehn-jahren\/#article","isPartOf":{"@id":"https:\/\/news.save.ch\/50-prozent-mehr-velounfaelle-in-zehn-jahren\/"},"author":{"name":"stefanie Zeng","@id":"https:\/\/news.save.ch\/de\/#\/schema\/person\/10917387362b3961e882740f6cf6f2a2"},"headline":"50 Prozent mehr Velounf\u00e4lle in zehn Jahren","datePublished":"2025-04-02T08:25:36+00:00","mainEntityOfPage":{"@id":"https:\/\/news.save.ch\/50-prozent-mehr-velounfaelle-in-zehn-jahren\/"},"wordCount":506,"publisher":{"@id":"https:\/\/news.save.ch\/de\/#organization"},"image":{"@id":"https:\/\/news.save.ch\/50-prozent-mehr-velounfaelle-in-zehn-jahren\/#primaryimage"},"thumbnailUrl":"https:\/\/news.save.ch\/wp-content\/uploads\/2025\/04\/Depositphotos_187734688_S.jpg","articleSection":["ALLGEMEIN"],"inLanguage":"it-IT"},{"@type":"WebPage","@id":"https:\/\/news.save.ch\/50-prozent-mehr-velounfaelle-in-zehn-jahren\/","url":"https:\/\/news.save.ch\/50-prozent-mehr-velounfaelle-in-zehn-jahren\/","name":"50 per cento in pi\u00f9 di incidenti in bicicletta in dieci anni - Save","isPartOf":{"@id":"https:\/\/news.save.ch\/de\/#website"},"primaryImageOfPage":{"@id":"https:\/\/news.save.ch\/50-prozent-mehr-velounfaelle-in-zehn-jahren\/#primaryimage"},"image":{"@id":"https:\/\/news.save.ch\/50-prozent-mehr-velounfaelle-in-zehn-jahren\/#primaryimage"},"thumbnailUrl":"https:\/\/news.save.ch\/wp-content\/uploads\/2025\/04\/Depositphotos_187734688_S.jpg","datePublished":"2025-04-02T08:25:36+00:00","description":"Il numero di incidenti in bicicletta in Svizzera \u00e8 aumentato del 50% negli ultimi dieci anni. L'84% degli incidenti \u00e8 autoinflitto.","breadcrumb":{"@id":"https:\/\/news.save.ch\/50-prozent-mehr-velounfaelle-in-zehn-jahren\/#breadcrumb"},"inLanguage":"it-IT","potentialAction":[{"@type":"ReadAction","target":["https:\/\/news.save.ch\/50-prozent-mehr-velounfaelle-in-zehn-jahren\/"]}]},{"@type":"ImageObject","inLanguage":"it-IT","@id":"https:\/\/news.save.ch\/50-prozent-mehr-velounfaelle-in-zehn-jahren\/#primaryimage","url":"https:\/\/news.save.ch\/wp-content\/uploads\/2025\/04\/Depositphotos_187734688_S.jpg","contentUrl":"https:\/\/news.save.ch\/wp-content\/uploads\/2025\/04\/Depositphotos_187734688_S.jpg"},{"@type":"BreadcrumbList","@id":"https:\/\/news.save.ch\/50-prozent-mehr-velounfaelle-in-zehn-jahren\/#breadcrumb","itemListElement":[{"@type":"ListItem","position":1,"name":"Home","item":"https:\/\/news.save.ch\/de\/"},{"@type":"ListItem","position":2,"name":"50 Prozent mehr Velounf\u00e4lle in zehn Jahren"}]},{"@type":"WebSite","@id":"https:\/\/news.save.ch\/de\/#website","url":"https:\/\/news.save.ch\/de\/","name":"Risparmiare","description":"Rivista svizzera specializzata in sicurezza","publisher":{"@id":"https:\/\/news.save.ch\/de\/#organization"},"potentialAction":[{"@type":"SearchAction","target":{"@type":"EntryPoint","urlTemplate":"https:\/\/news.save.ch\/de\/?s={search_term_string}"},"query-input":{"@type":"PropertyValueSpecification","valueRequired":true,"valueName":"search_term_string"}}],"inLanguage":"it-IT"},{"@type":"Organization","@id":"https:\/\/news.save.ch\/de\/#organization","name":"Forum sulla sicurezza","url":"https:\/\/news.save.ch\/de\/","logo":{"@type":"ImageObject","inLanguage":"it-IT","@id":"https:\/\/news.save.ch\/de\/#\/schema\/logo\/image\/","url":"https:\/\/news.save.ch\/wp-content\/uploads\/2022\/06\/Logo_SF_2012.png","contentUrl":"https:\/\/news.save.ch\/wp-content\/uploads\/2022\/06\/Logo_SF_2012.png","width":1100,"height":91,"caption":"Sicherheitsforum"},"image":{"@id":"https:\/\/news.save.ch\/de\/#\/schema\/logo\/image\/"}},{"@type":"Person","@id":"https:\/\/news.save.ch\/de\/#\/schema\/person\/10917387362b3961e882740f6cf6f2a2","name":"Stefanie Zeng","image":{"@type":"ImageObject","inLanguage":"it-IT","@id":"https:\/\/secure.gravatar.com\/avatar\/eac43faa6e40bb2c41068c95c9d78bbd94c476d5efdff7abaab80bb3ea681e06?s=96&d=mm&r=g","url":"https:\/\/secure.gravatar.com\/avatar\/eac43faa6e40bb2c41068c95c9d78bbd94c476d5efdff7abaab80bb3ea681e06?s=96&d=mm&r=g","contentUrl":"https:\/\/secure.gravatar.com\/avatar\/eac43faa6e40bb2c41068c95c9d78bbd94c476d5efdff7abaab80bb3ea681e06?s=96&d=mm&r=g","caption":"stefanie Zeng"},"url":"https:\/\/news.save.ch\/it\/author\/stefanie-zeng\/"}]}},"_links":{"self":[{"href":"https:\/\/news.save.ch\/it\/wp-json\/wp\/v2\/posts\/24130","targetHints":{"allow":["GET"]}}],"collection":[{"href":"https:\/\/news.save.ch\/it\/wp-json\/wp\/v2\/posts"}],"about":[{"href":"https:\/\/news.save.ch\/it\/wp-json\/wp\/v2\/types\/post"}],"author":[{"embeddable":true,"href":"https:\/\/news.save.ch\/it\/wp-json\/wp\/v2\/users\/31"}],"replies":[{"embeddable":true,"href":"https:\/\/news.save.ch\/it\/wp-json\/wp\/v2\/comments?post=24130"}],"version-history":[{"count":2,"href":"https:\/\/news.save.ch\/it\/wp-json\/wp\/v2\/posts\/24130\/revisions"}],"predecessor-version":[{"id":24134,"href":"https:\/\/news.save.ch\/it\/wp-json\/wp\/v2\/posts\/24130\/revisions\/24134"}],"wp:attachment":[{"href":"https:\/\/news.save.ch\/it\/wp-json\/wp\/v2\/media?parent=24130"}],"wp:term":[{"taxonomy":"category","embeddable":true,"href":"https:\/\/news.save.ch\/it\/wp-json\/wp\/v2\/categories?post=24130"},{"taxonomy":"post_tag","embeddable":true,"href":"https:\/\/news.save.ch\/it\/wp-json\/wp\/v2\/tags?post=24130"}],"curies":[{"name":"wp","href":"https:\/\/api.w.org\/{rel}","templated":true}]}}