{"id":24155,"date":"2025-04-08T15:27:31","date_gmt":"2025-04-08T13:27:31","guid":{"rendered":"https:\/\/news.save.ch\/?p=24155"},"modified":"2025-04-08T15:27:37","modified_gmt":"2025-04-08T13:27:37","slug":"schweizer-armee-staerkt-zusammenarbeit-mit-swisscom-zugunsten-der-neuen-digitalisierungsplattform","status":null,"type":"post","link":"https:\/\/news.save.ch\/it\/schweizer-armee-staerkt-zusammenarbeit-mit-swisscom-zugunsten-der-neuen-digitalisierungsplattform\/","title":{"rendered":"L'Esercito svizzero rafforza la collaborazione con Swisscom a favore della nuova piattaforma di digitalizzazione"},"content":{"rendered":"<div class=\"contentHead\">\n<figure id=\"attachment_24156\" aria-describedby=\"caption-attachment-24156\" style=\"width: 1200px\" class=\"wp-caption alignnone\"><a href=\"https:\/\/news.save.ch\/it\/schweizer-armee-staerkt-zusammenarbeit-mit-swisscom-zugunsten-der-neuen-digitalisierungsplattform\/ausbau-der-faehigkeiten-im-cyberraum-symbolbild\/\" rel=\"attachment wp-att-24156\"><img loading=\"lazy\" decoding=\"async\" class=\"wp-image-24156 size-full\" src=\"https:\/\/news.save.ch\/wp-content\/uploads\/2025\/04\/7266_019-scaled.jpg\" alt=\"\" width=\"1200\" height=\"800\" srcset=\"https:\/\/news.save.ch\/wp-content\/uploads\/2025\/04\/7266_019-scaled.jpg 1200w, https:\/\/news.save.ch\/wp-content\/uploads\/2025\/04\/7266_019-680x453.jpg 680w, https:\/\/news.save.ch\/wp-content\/uploads\/2025\/04\/7266_019-1024x683.jpg 1024w, https:\/\/news.save.ch\/wp-content\/uploads\/2025\/04\/7266_019-768x512.jpg 768w, https:\/\/news.save.ch\/wp-content\/uploads\/2025\/04\/7266_019-1536x1024.jpg 1536w, https:\/\/news.save.ch\/wp-content\/uploads\/2025\/04\/7266_019-2048x1365.jpg 2048w, https:\/\/news.save.ch\/wp-content\/uploads\/2025\/04\/7266_019-18x12.jpg 18w, https:\/\/news.save.ch\/wp-content\/uploads\/2025\/04\/7266_019-375x250.jpg 375w, https:\/\/news.save.ch\/wp-content\/uploads\/2025\/04\/7266_019-525x350.jpg 525w, https:\/\/news.save.ch\/wp-content\/uploads\/2025\/04\/7266_019-1000x667.jpg 1000w\" sizes=\"auto, (max-width: 1200px) 100vw, 1200px\" \/><\/a><figcaption id=\"caption-attachment-24156\" class=\"wp-caption-text\">Foto: VBS\/DDPS\/Clemens Laub<\/figcaption><\/figure>\n<p><span style=\"font-size: 16px;\">Le prime applicazioni mission-critical sono state integrate nella nuova piattaforma di digitalizzazione (NDP) alla fine di marzo 2025. Lo sviluppo della NDP \u00e8 quindi ancora in corso e sar\u00e0 in grado di fornire i primi servizi dai centri dati ad alta disponibilit\u00e0 e robustezza a beneficio degli utenti militari entro il 1\u00b0 luglio 2026. L'ulteriore espansione avverr\u00e0 gradualmente e continuer\u00e0 negli anni 2030.<\/span><\/p>\n<\/div>\n<div class=\"mod mod-nsbnewsdetails\">\n<p>Con il PND, l'Esercito svizzero sta costruendo un'infrastruttura informatica e di comunicazione (TIC) solida, sicura e resistente. Ci\u00f2 consentir\u00e0 la digitalizzazione dell'Esercito svizzero. Il PND migliorer\u00e0 la capacit\u00e0 di comando e operativa dell'Esercito svizzero nella vita quotidiana e in caso di conflitto. Il PND consente la digitalizzazione dell'Esercito svizzero a livello tecnico ed \u00e8 pertanto considerato un fattore critico di successo per il rafforzamento delle capacit\u00e0 di difesa.<\/p>\n<h3>Swisscom come partner strategico<\/h3>\n<p>L'Esercito svizzero e Swisscom collaborano strettamente da quando il contratto \u00e8 stato assegnato alla fine del 2019 nell'ambito dello sviluppo del PND. Con la decisione dell'Esercito a favore di Swisscom come partner strategico per le TIC, le conoscenze acquisite possono essere ulteriormente ampliate e sviluppate. Swisscom apporta a questa partnership ampie competenze e punti di forza nel campo delle TIC, aprendo al Cyber Command ulteriori opportunit\u00e0 nell'innovazione, nello sviluppo, nella fornitura e nella gestione di soluzioni TIC. In qualit\u00e0 di partner ICT strategico, Swisscom contribuisce alla costruzione, all'ulteriore sviluppo, al supporto operativo e alla resilienza del PND.<\/p>\n<p><em>Fonte: www.vtg.admin.ch<\/em><\/p>\n<\/div>","protected":false},"excerpt":{"rendered":"<p>Per Ende M\u00e4rz 2025 konnten erste einsatzkritische Anwendungen auf der Neuen Digitalisierungsplattform (NDP) integriert werden. Der Aufbau der NDP ist damit weiterhin gem\u00e4ss Zeitplan auf Kurs und wird per 1. Juli 2026 erste Leistungen ab den hochverf\u00fcgbaren, robusten Rechenzentren zugunsten der milit\u00e4rischen Anwender erbringen k\u00f6nnen. Der Weiterausbau erfolgt schrittweise und dauert bis in die 2030er [&hellip;]<\/p>\n","protected":false},"author":31,"featured_media":0,"comment_status":"closed","ping_status":"closed","sticky":false,"template":"","format":"standard","meta":{"_acf_changed":false,"pgc_sgb_lightbox_settings":"","footnotes":""},"categories":[3313],"tags":[1270,1346,4195],"class_list":["post-24155","post","type-post","status-publish","format-standard","hentry","category-digitalisierung","tag-cyberabwehr","tag-schweizer-armee","tag-swisscom-schweiz-ag"],"acf":[],"hkrextid":null,"publication":null,"issue":null,"workflow":null,"startPage":null,"spitzmarke":null,"_posts_by_tag_page_fields":null,"_at_widget":null,"_yoast_wpseo_primary_category":"3313","_yoast_wpseo_focuskw_text_input":null,"_yoast_wpseo_opengraph-image":null,"_yoast_wpseo_opengraph-description":null,"_yoast_wpseo_opengraph-title":null,"enclosure":null,"_yoast_wpseo_twitter-title":null,"_yoast_wpseo_twitter-description":null,"_yoast_wpseo_twitter-image":null,"_wp_old_slug":null,"_yoast_wpseo_title":null,"_yoast_wpseo_canonical":null,"yoast_head":"<!-- This site is optimized with the Yoast SEO plugin v27.4 - https:\/\/yoast.com\/product\/yoast-seo-wordpress\/ -->\n<title>Schweizer Armee st\u00e4rkt Zusammenarbeit mit Swisscom zugunsten der Neuen Digitalisierungsplattform - Save<\/title>\n<meta name=\"description\" content=\"Schweizer Armee st\u00e4rkt Zusammenarbeit mit Swisscom zugunsten der Neuen Digitalisierungsplattform.\" \/>\n<meta name=\"robots\" content=\"index, follow, max-snippet:-1, max-image-preview:large, max-video-preview:-1\" \/>\n<link rel=\"canonical\" href=\"https:\/\/news.save.ch\/it\/schweizer-armee-staerkt-zusammenarbeit-mit-swisscom-zugunsten-der-neuen-digitalisierungsplattform\/\" \/>\n<meta property=\"og:locale\" content=\"it_IT\" \/>\n<meta property=\"og:type\" content=\"article\" \/>\n<meta property=\"og:title\" content=\"Schweizer Armee st\u00e4rkt Zusammenarbeit mit Swisscom zugunsten der Neuen Digitalisierungsplattform - Save\" \/>\n<meta property=\"og:description\" content=\"Schweizer Armee st\u00e4rkt Zusammenarbeit mit Swisscom zugunsten der Neuen Digitalisierungsplattform.\" \/>\n<meta property=\"og:url\" content=\"https:\/\/news.save.ch\/it\/schweizer-armee-staerkt-zusammenarbeit-mit-swisscom-zugunsten-der-neuen-digitalisierungsplattform\/\" \/>\n<meta property=\"og:site_name\" content=\"Save\" \/>\n<meta property=\"article:published_time\" content=\"2025-04-08T13:27:31+00:00\" \/>\n<meta property=\"article:modified_time\" content=\"2025-04-08T13:27:37+00:00\" \/>\n<meta property=\"og:image\" content=\"https:\/\/news.save.ch\/wp-content\/uploads\/2025\/04\/7266_019-scaled.jpg\" \/>\n\t<meta property=\"og:image:width\" content=\"1200\" \/>\n\t<meta property=\"og:image:height\" content=\"800\" \/>\n\t<meta property=\"og:image:type\" content=\"image\/jpeg\" \/>\n<meta name=\"author\" content=\"stefanie Zeng\" \/>\n<meta name=\"twitter:card\" content=\"summary_large_image\" \/>\n<meta name=\"twitter:label1\" content=\"Scritto da\" \/>\n\t<meta name=\"twitter:data1\" content=\"stefanie Zeng\" \/>\n\t<meta name=\"twitter:label2\" content=\"Tempo di lettura stimato\" \/>\n\t<meta name=\"twitter:data2\" content=\"2 minuti\" \/>\n<script type=\"application\/ld+json\" class=\"yoast-schema-graph\">{\"@context\":\"https:\\\/\\\/schema.org\",\"@graph\":[{\"@type\":\"Article\",\"@id\":\"https:\\\/\\\/news.save.ch\\\/schweizer-armee-staerkt-zusammenarbeit-mit-swisscom-zugunsten-der-neuen-digitalisierungsplattform\\\/#article\",\"isPartOf\":{\"@id\":\"https:\\\/\\\/news.save.ch\\\/schweizer-armee-staerkt-zusammenarbeit-mit-swisscom-zugunsten-der-neuen-digitalisierungsplattform\\\/\"},\"author\":{\"name\":\"stefanie Zeng\",\"@id\":\"https:\\\/\\\/news.save.ch\\\/de\\\/#\\\/schema\\\/person\\\/10917387362b3961e882740f6cf6f2a2\"},\"headline\":\"Schweizer Armee st\u00e4rkt Zusammenarbeit mit Swisscom zugunsten der Neuen Digitalisierungsplattform\",\"datePublished\":\"2025-04-08T13:27:31+00:00\",\"dateModified\":\"2025-04-08T13:27:37+00:00\",\"mainEntityOfPage\":{\"@id\":\"https:\\\/\\\/news.save.ch\\\/schweizer-armee-staerkt-zusammenarbeit-mit-swisscom-zugunsten-der-neuen-digitalisierungsplattform\\\/\"},\"wordCount\":251,\"publisher\":{\"@id\":\"https:\\\/\\\/news.save.ch\\\/de\\\/#organization\"},\"image\":{\"@id\":\"https:\\\/\\\/news.save.ch\\\/schweizer-armee-staerkt-zusammenarbeit-mit-swisscom-zugunsten-der-neuen-digitalisierungsplattform\\\/#primaryimage\"},\"thumbnailUrl\":\"https:\\\/\\\/news.save.ch\\\/wp-content\\\/uploads\\\/2025\\\/04\\\/7266_019-scaled.jpg\",\"keywords\":[\"Cyberabwehr\",\"Schweizer Armee\",\"Swisscom (Schweiz) AG\"],\"articleSection\":[\"DIGITALISIERUNG\"],\"inLanguage\":\"it-IT\"},{\"@type\":\"WebPage\",\"@id\":\"https:\\\/\\\/news.save.ch\\\/schweizer-armee-staerkt-zusammenarbeit-mit-swisscom-zugunsten-der-neuen-digitalisierungsplattform\\\/\",\"url\":\"https:\\\/\\\/news.save.ch\\\/schweizer-armee-staerkt-zusammenarbeit-mit-swisscom-zugunsten-der-neuen-digitalisierungsplattform\\\/\",\"name\":\"Schweizer Armee st\u00e4rkt Zusammenarbeit mit Swisscom zugunsten der Neuen Digitalisierungsplattform - Save\",\"isPartOf\":{\"@id\":\"https:\\\/\\\/news.save.ch\\\/de\\\/#website\"},\"primaryImageOfPage\":{\"@id\":\"https:\\\/\\\/news.save.ch\\\/schweizer-armee-staerkt-zusammenarbeit-mit-swisscom-zugunsten-der-neuen-digitalisierungsplattform\\\/#primaryimage\"},\"image\":{\"@id\":\"https:\\\/\\\/news.save.ch\\\/schweizer-armee-staerkt-zusammenarbeit-mit-swisscom-zugunsten-der-neuen-digitalisierungsplattform\\\/#primaryimage\"},\"thumbnailUrl\":\"https:\\\/\\\/news.save.ch\\\/wp-content\\\/uploads\\\/2025\\\/04\\\/7266_019-scaled.jpg\",\"datePublished\":\"2025-04-08T13:27:31+00:00\",\"dateModified\":\"2025-04-08T13:27:37+00:00\",\"description\":\"Schweizer Armee st\u00e4rkt Zusammenarbeit mit Swisscom zugunsten der Neuen Digitalisierungsplattform.\",\"breadcrumb\":{\"@id\":\"https:\\\/\\\/news.save.ch\\\/schweizer-armee-staerkt-zusammenarbeit-mit-swisscom-zugunsten-der-neuen-digitalisierungsplattform\\\/#breadcrumb\"},\"inLanguage\":\"it-IT\",\"potentialAction\":[{\"@type\":\"ReadAction\",\"target\":[\"https:\\\/\\\/news.save.ch\\\/schweizer-armee-staerkt-zusammenarbeit-mit-swisscom-zugunsten-der-neuen-digitalisierungsplattform\\\/\"]}]},{\"@type\":\"ImageObject\",\"inLanguage\":\"it-IT\",\"@id\":\"https:\\\/\\\/news.save.ch\\\/schweizer-armee-staerkt-zusammenarbeit-mit-swisscom-zugunsten-der-neuen-digitalisierungsplattform\\\/#primaryimage\",\"url\":\"https:\\\/\\\/news.save.ch\\\/wp-content\\\/uploads\\\/2025\\\/04\\\/7266_019-scaled.jpg\",\"contentUrl\":\"https:\\\/\\\/news.save.ch\\\/wp-content\\\/uploads\\\/2025\\\/04\\\/7266_019-scaled.jpg\"},{\"@type\":\"BreadcrumbList\",\"@id\":\"https:\\\/\\\/news.save.ch\\\/schweizer-armee-staerkt-zusammenarbeit-mit-swisscom-zugunsten-der-neuen-digitalisierungsplattform\\\/#breadcrumb\",\"itemListElement\":[{\"@type\":\"ListItem\",\"position\":1,\"name\":\"Home\",\"item\":\"https:\\\/\\\/news.save.ch\\\/de\\\/\"},{\"@type\":\"ListItem\",\"position\":2,\"name\":\"Schweizer Armee st\u00e4rkt Zusammenarbeit mit Swisscom zugunsten der Neuen Digitalisierungsplattform\"}]},{\"@type\":\"WebSite\",\"@id\":\"https:\\\/\\\/news.save.ch\\\/de\\\/#website\",\"url\":\"https:\\\/\\\/news.save.ch\\\/de\\\/\",\"name\":\"Save\",\"description\":\"Schweizer Fachzeitschrift f\u00fcr Sicherheit\",\"publisher\":{\"@id\":\"https:\\\/\\\/news.save.ch\\\/de\\\/#organization\"},\"potentialAction\":[{\"@type\":\"SearchAction\",\"target\":{\"@type\":\"EntryPoint\",\"urlTemplate\":\"https:\\\/\\\/news.save.ch\\\/de\\\/?s={search_term_string}\"},\"query-input\":{\"@type\":\"PropertyValueSpecification\",\"valueRequired\":true,\"valueName\":\"search_term_string\"}}],\"inLanguage\":\"it-IT\"},{\"@type\":\"Organization\",\"@id\":\"https:\\\/\\\/news.save.ch\\\/de\\\/#organization\",\"name\":\"Sicherheitsforum\",\"url\":\"https:\\\/\\\/news.save.ch\\\/de\\\/\",\"logo\":{\"@type\":\"ImageObject\",\"inLanguage\":\"it-IT\",\"@id\":\"https:\\\/\\\/news.save.ch\\\/de\\\/#\\\/schema\\\/logo\\\/image\\\/\",\"url\":\"https:\\\/\\\/news.save.ch\\\/wp-content\\\/uploads\\\/2022\\\/06\\\/Logo_SF_2012.png\",\"contentUrl\":\"https:\\\/\\\/news.save.ch\\\/wp-content\\\/uploads\\\/2022\\\/06\\\/Logo_SF_2012.png\",\"width\":1100,\"height\":91,\"caption\":\"Sicherheitsforum\"},\"image\":{\"@id\":\"https:\\\/\\\/news.save.ch\\\/de\\\/#\\\/schema\\\/logo\\\/image\\\/\"}},{\"@type\":\"Person\",\"@id\":\"https:\\\/\\\/news.save.ch\\\/de\\\/#\\\/schema\\\/person\\\/10917387362b3961e882740f6cf6f2a2\",\"name\":\"stefanie Zeng\",\"image\":{\"@type\":\"ImageObject\",\"inLanguage\":\"it-IT\",\"@id\":\"https:\\\/\\\/secure.gravatar.com\\\/avatar\\\/eac43faa6e40bb2c41068c95c9d78bbd94c476d5efdff7abaab80bb3ea681e06?s=96&d=mm&r=g\",\"url\":\"https:\\\/\\\/secure.gravatar.com\\\/avatar\\\/eac43faa6e40bb2c41068c95c9d78bbd94c476d5efdff7abaab80bb3ea681e06?s=96&d=mm&r=g\",\"contentUrl\":\"https:\\\/\\\/secure.gravatar.com\\\/avatar\\\/eac43faa6e40bb2c41068c95c9d78bbd94c476d5efdff7abaab80bb3ea681e06?s=96&d=mm&r=g\",\"caption\":\"stefanie Zeng\"},\"url\":\"https:\\\/\\\/news.save.ch\\\/it\\\/author\\\/stefanie-zeng\\\/\"}]}<\/script>\n<!-- \/ Yoast SEO plugin. -->","yoast_head_json":{"title":"L'Esercito svizzero rafforza la collaborazione con Swisscom a favore della nuova piattaforma di digitalizzazione - Save","description":"L'Esercito svizzero rafforza la collaborazione con Swisscom a favore della nuova piattaforma di digitalizzazione.","robots":{"index":"index","follow":"follow","max-snippet":"max-snippet:-1","max-image-preview":"max-image-preview:large","max-video-preview":"max-video-preview:-1"},"canonical":"https:\/\/news.save.ch\/it\/schweizer-armee-staerkt-zusammenarbeit-mit-swisscom-zugunsten-der-neuen-digitalisierungsplattform\/","og_locale":"it_IT","og_type":"article","og_title":"Schweizer Armee st\u00e4rkt Zusammenarbeit mit Swisscom zugunsten der Neuen Digitalisierungsplattform - Save","og_description":"Schweizer Armee st\u00e4rkt Zusammenarbeit mit Swisscom zugunsten der Neuen Digitalisierungsplattform.","og_url":"https:\/\/news.save.ch\/it\/schweizer-armee-staerkt-zusammenarbeit-mit-swisscom-zugunsten-der-neuen-digitalisierungsplattform\/","og_site_name":"Save","article_published_time":"2025-04-08T13:27:31+00:00","article_modified_time":"2025-04-08T13:27:37+00:00","og_image":[{"width":1200,"height":800,"url":"https:\/\/news.save.ch\/wp-content\/uploads\/2025\/04\/7266_019-scaled.jpg","type":"image\/jpeg"}],"author":"stefanie Zeng","twitter_card":"summary_large_image","twitter_misc":{"Scritto da":"stefanie Zeng","Tempo di lettura stimato":"2 minuti"},"schema":{"@context":"https:\/\/schema.org","@graph":[{"@type":"Article","@id":"https:\/\/news.save.ch\/schweizer-armee-staerkt-zusammenarbeit-mit-swisscom-zugunsten-der-neuen-digitalisierungsplattform\/#article","isPartOf":{"@id":"https:\/\/news.save.ch\/schweizer-armee-staerkt-zusammenarbeit-mit-swisscom-zugunsten-der-neuen-digitalisierungsplattform\/"},"author":{"name":"stefanie Zeng","@id":"https:\/\/news.save.ch\/de\/#\/schema\/person\/10917387362b3961e882740f6cf6f2a2"},"headline":"Schweizer Armee st\u00e4rkt Zusammenarbeit mit Swisscom zugunsten der Neuen Digitalisierungsplattform","datePublished":"2025-04-08T13:27:31+00:00","dateModified":"2025-04-08T13:27:37+00:00","mainEntityOfPage":{"@id":"https:\/\/news.save.ch\/schweizer-armee-staerkt-zusammenarbeit-mit-swisscom-zugunsten-der-neuen-digitalisierungsplattform\/"},"wordCount":251,"publisher":{"@id":"https:\/\/news.save.ch\/de\/#organization"},"image":{"@id":"https:\/\/news.save.ch\/schweizer-armee-staerkt-zusammenarbeit-mit-swisscom-zugunsten-der-neuen-digitalisierungsplattform\/#primaryimage"},"thumbnailUrl":"https:\/\/news.save.ch\/wp-content\/uploads\/2025\/04\/7266_019-scaled.jpg","keywords":["Cyberabwehr","Schweizer Armee","Swisscom (Schweiz) AG"],"articleSection":["DIGITALISIERUNG"],"inLanguage":"it-IT"},{"@type":"WebPage","@id":"https:\/\/news.save.ch\/schweizer-armee-staerkt-zusammenarbeit-mit-swisscom-zugunsten-der-neuen-digitalisierungsplattform\/","url":"https:\/\/news.save.ch\/schweizer-armee-staerkt-zusammenarbeit-mit-swisscom-zugunsten-der-neuen-digitalisierungsplattform\/","name":"L'Esercito svizzero rafforza la collaborazione con Swisscom a favore della nuova piattaforma di digitalizzazione - Save","isPartOf":{"@id":"https:\/\/news.save.ch\/de\/#website"},"primaryImageOfPage":{"@id":"https:\/\/news.save.ch\/schweizer-armee-staerkt-zusammenarbeit-mit-swisscom-zugunsten-der-neuen-digitalisierungsplattform\/#primaryimage"},"image":{"@id":"https:\/\/news.save.ch\/schweizer-armee-staerkt-zusammenarbeit-mit-swisscom-zugunsten-der-neuen-digitalisierungsplattform\/#primaryimage"},"thumbnailUrl":"https:\/\/news.save.ch\/wp-content\/uploads\/2025\/04\/7266_019-scaled.jpg","datePublished":"2025-04-08T13:27:31+00:00","dateModified":"2025-04-08T13:27:37+00:00","description":"L'Esercito svizzero rafforza la collaborazione con Swisscom a favore della nuova piattaforma di digitalizzazione.","breadcrumb":{"@id":"https:\/\/news.save.ch\/schweizer-armee-staerkt-zusammenarbeit-mit-swisscom-zugunsten-der-neuen-digitalisierungsplattform\/#breadcrumb"},"inLanguage":"it-IT","potentialAction":[{"@type":"ReadAction","target":["https:\/\/news.save.ch\/schweizer-armee-staerkt-zusammenarbeit-mit-swisscom-zugunsten-der-neuen-digitalisierungsplattform\/"]}]},{"@type":"ImageObject","inLanguage":"it-IT","@id":"https:\/\/news.save.ch\/schweizer-armee-staerkt-zusammenarbeit-mit-swisscom-zugunsten-der-neuen-digitalisierungsplattform\/#primaryimage","url":"https:\/\/news.save.ch\/wp-content\/uploads\/2025\/04\/7266_019-scaled.jpg","contentUrl":"https:\/\/news.save.ch\/wp-content\/uploads\/2025\/04\/7266_019-scaled.jpg"},{"@type":"BreadcrumbList","@id":"https:\/\/news.save.ch\/schweizer-armee-staerkt-zusammenarbeit-mit-swisscom-zugunsten-der-neuen-digitalisierungsplattform\/#breadcrumb","itemListElement":[{"@type":"ListItem","position":1,"name":"Home","item":"https:\/\/news.save.ch\/de\/"},{"@type":"ListItem","position":2,"name":"Schweizer Armee st\u00e4rkt Zusammenarbeit mit Swisscom zugunsten der Neuen Digitalisierungsplattform"}]},{"@type":"WebSite","@id":"https:\/\/news.save.ch\/de\/#website","url":"https:\/\/news.save.ch\/de\/","name":"Risparmiare","description":"Rivista svizzera specializzata in sicurezza","publisher":{"@id":"https:\/\/news.save.ch\/de\/#organization"},"potentialAction":[{"@type":"SearchAction","target":{"@type":"EntryPoint","urlTemplate":"https:\/\/news.save.ch\/de\/?s={search_term_string}"},"query-input":{"@type":"PropertyValueSpecification","valueRequired":true,"valueName":"search_term_string"}}],"inLanguage":"it-IT"},{"@type":"Organization","@id":"https:\/\/news.save.ch\/de\/#organization","name":"Forum sulla sicurezza","url":"https:\/\/news.save.ch\/de\/","logo":{"@type":"ImageObject","inLanguage":"it-IT","@id":"https:\/\/news.save.ch\/de\/#\/schema\/logo\/image\/","url":"https:\/\/news.save.ch\/wp-content\/uploads\/2022\/06\/Logo_SF_2012.png","contentUrl":"https:\/\/news.save.ch\/wp-content\/uploads\/2022\/06\/Logo_SF_2012.png","width":1100,"height":91,"caption":"Sicherheitsforum"},"image":{"@id":"https:\/\/news.save.ch\/de\/#\/schema\/logo\/image\/"}},{"@type":"Person","@id":"https:\/\/news.save.ch\/de\/#\/schema\/person\/10917387362b3961e882740f6cf6f2a2","name":"Stefanie Zeng","image":{"@type":"ImageObject","inLanguage":"it-IT","@id":"https:\/\/secure.gravatar.com\/avatar\/eac43faa6e40bb2c41068c95c9d78bbd94c476d5efdff7abaab80bb3ea681e06?s=96&d=mm&r=g","url":"https:\/\/secure.gravatar.com\/avatar\/eac43faa6e40bb2c41068c95c9d78bbd94c476d5efdff7abaab80bb3ea681e06?s=96&d=mm&r=g","contentUrl":"https:\/\/secure.gravatar.com\/avatar\/eac43faa6e40bb2c41068c95c9d78bbd94c476d5efdff7abaab80bb3ea681e06?s=96&d=mm&r=g","caption":"stefanie Zeng"},"url":"https:\/\/news.save.ch\/it\/author\/stefanie-zeng\/"}]}},"_links":{"self":[{"href":"https:\/\/news.save.ch\/it\/wp-json\/wp\/v2\/posts\/24155","targetHints":{"allow":["GET"]}}],"collection":[{"href":"https:\/\/news.save.ch\/it\/wp-json\/wp\/v2\/posts"}],"about":[{"href":"https:\/\/news.save.ch\/it\/wp-json\/wp\/v2\/types\/post"}],"author":[{"embeddable":true,"href":"https:\/\/news.save.ch\/it\/wp-json\/wp\/v2\/users\/31"}],"replies":[{"embeddable":true,"href":"https:\/\/news.save.ch\/it\/wp-json\/wp\/v2\/comments?post=24155"}],"version-history":[{"count":3,"href":"https:\/\/news.save.ch\/it\/wp-json\/wp\/v2\/posts\/24155\/revisions"}],"predecessor-version":[{"id":24159,"href":"https:\/\/news.save.ch\/it\/wp-json\/wp\/v2\/posts\/24155\/revisions\/24159"}],"wp:attachment":[{"href":"https:\/\/news.save.ch\/it\/wp-json\/wp\/v2\/media?parent=24155"}],"wp:term":[{"taxonomy":"category","embeddable":true,"href":"https:\/\/news.save.ch\/it\/wp-json\/wp\/v2\/categories?post=24155"},{"taxonomy":"post_tag","embeddable":true,"href":"https:\/\/news.save.ch\/it\/wp-json\/wp\/v2\/tags?post=24155"}],"curies":[{"name":"wp","href":"https:\/\/api.w.org\/{rel}","templated":true}]}}