{"id":24205,"date":"2025-04-21T14:40:45","date_gmt":"2025-04-21T12:40:45","guid":{"rendered":"https:\/\/news.save.ch\/?p=24205"},"modified":"2025-04-29T14:43:51","modified_gmt":"2025-04-29T12:43:51","slug":"milder-winter-mit-wenig-toedlichen-lawinenunfaellen","status":null,"type":"post","link":"https:\/\/news.save.ch\/it\/milder-winter-mit-wenig-toedlichen-lawinenunfaellen\/","title":{"rendered":"Inverno mite con pochi incidenti mortali da valanga"},"content":{"rendered":"<article id=\"c1052158\" class=\"contentElement clearfix sectionFrame0\">\n<div class=\"ce-textpic ce-center ce-above\">\n<div class=\"ce-bodytext\">\n<figure id=\"attachment_24206\" aria-describedby=\"caption-attachment-24206\" style=\"width: 1400px\" class=\"wp-caption alignnone\"><a href=\"https:\/\/news.save.ch\/it\/milder-winter-mit-wenig-toedlichen-lawinenunfaellen\/bildschirmfoto-2025-04-29-um-14-37-58\/\" rel=\"attachment wp-att-24206\"><img loading=\"lazy\" decoding=\"async\" class=\"size-full wp-image-24206\" src=\"https:\/\/news.save.ch\/wp-content\/uploads\/2025\/04\/Bildschirmfoto-2025-04-29-um-14.37.58-scaled.png\" alt=\"\" width=\"1400\" height=\"1052\" srcset=\"https:\/\/news.save.ch\/wp-content\/uploads\/2025\/04\/Bildschirmfoto-2025-04-29-um-14.37.58-scaled.png 1200w, https:\/\/news.save.ch\/wp-content\/uploads\/2025\/04\/Bildschirmfoto-2025-04-29-um-14.37.58-680x511.png 680w, https:\/\/news.save.ch\/wp-content\/uploads\/2025\/04\/Bildschirmfoto-2025-04-29-um-14.37.58-1024x770.png 1024w, https:\/\/news.save.ch\/wp-content\/uploads\/2025\/04\/Bildschirmfoto-2025-04-29-um-14.37.58-768x577.png 768w, https:\/\/news.save.ch\/wp-content\/uploads\/2025\/04\/Bildschirmfoto-2025-04-29-um-14.37.58-1536x1155.png 1536w, https:\/\/news.save.ch\/wp-content\/uploads\/2025\/04\/Bildschirmfoto-2025-04-29-um-14.37.58-16x12.png 16w, https:\/\/news.save.ch\/wp-content\/uploads\/2025\/04\/Bildschirmfoto-2025-04-29-um-14.37.58-375x282.png 375w, https:\/\/news.save.ch\/wp-content\/uploads\/2025\/04\/Bildschirmfoto-2025-04-29-um-14.37.58-466x350.png 466w, https:\/\/news.save.ch\/wp-content\/uploads\/2025\/04\/Bildschirmfoto-2025-04-29-um-14.37.58-1000x752.png 1000w\" sizes=\"auto, (max-width: 1400px) 100vw, 1400px\" \/><\/a><figcaption id=\"caption-attachment-24206\" class=\"wp-caption-text\">Foto: V.Bettler (23.11.2024)<\/figcaption><\/figure>\n<p>La ragione principale della poca neve, anche ad alta quota, \u00e8 stata la scarsit\u00e0 di precipitazioni tra novembre 2024 e aprile 2025 nella maggior parte delle Alpi svizzere. A differenza delle stazioni automatiche IMIS situate al di sopra dei 2000 m, la mancanza di neve nell'inverno 2024\/25 \u00e8 stata meno eccezionale nelle stazioni situate al di sotto dei 1500 m, poich\u00e9 gli inverni miti a questa altitudine avevano gi\u00e0 portato a nevicate inferiori alla media negli anni precedenti.<\/p>\n<p>Le scarse precipitazioni nevose di inizio inverno hanno fatto s\u00ec che il manto nevoso avesse una base debole in molte regioni. Questa situazione critica di neve vecchia, con strati angolosi e morbidi in profondit\u00e0 nel manto nevoso, \u00e8 persistita per tutto l'inverno, in particolare sui pendii ombreggiati, soprattutto nelle zone povere di neve del Vallese meridionale, del Ticino e dei Grigioni. Le frequenti rotture del debole manto nevoso vecchio hanno spesso portato a valanghe su larga scala e a molte valanghe di medie e grandi dimensioni. Al contrario, gli strati deboli di lunga durata nelle aree ricche di neve del versante settentrionale delle Alpi e del Basso Vallese occidentale erano solitamente coperti da spessi strati di neve ben consolidata.<\/p>\n<p>I due periodi di maggiore attivit\u00e0 valanghiva dell'inverno 2024\/25 sono stati la settimana di fine 2024 e la fine di gennaio 2025. 10 persone sono morte in 9 incidenti da valanga fino a met\u00e0 aprile 2025. Il numero di vittime \u00e8 significativamente inferiore alla media degli ultimi 20 anni, anche se il numero di valanghe personali segnalate all'SLF \u00e8 leggermente superiore alla media.<\/p>\n<h3><strong>L'inizio vero e proprio dell'inverno si \u00e8 fatto attendere.<\/strong><\/h3>\n<p>Nell'autunno mite del 2024 sono state registrate due insorgenze dell'inverno. Nelle alte montagne glaciali al di sopra dei 3000 m, l'inverno \u00e8 stato annunciato gi\u00e0 all'inizio di ottobre. Qui ha nevicato ripetutamente durante un ottobre piovoso e nuvoloso. A quote pi\u00f9 basse, invece, la maggior parte delle precipitazioni \u00e8 caduta sotto forma di pioggia. A differenza di ottobre, novembre \u00e8 iniziato in modo molto soleggiato ed eccezionalmente mite in montagna. Di conseguenza, a met\u00e0 novembre solo i versanti settentrionali al di sopra dei 2.800 metri e le alte montagne erano coperte di neve.<\/p>\n<p>Solo nel secondo terzo di novembre \u00e8 diventato veramente invernale: dal 19 al 22 novembre 2024 \u00e8 caduta una quantit\u00e0 straordinaria di neve a ovest e a nord, con venti fortissimi in alcuni punti, fino a basse quote. I vasti accumuli di neve da caduta si sono depositati su una superficie nevosa sfavorevole e spigolosa, soprattutto sui pendii in ombra. Il pericolo di valanghe \u00e8 aumentato in modo significativo, a volte fino a raggiungere un livello elevato (livello 4) in alta montagna. Le valanghe sono state registrate principalmente dai sistemi di rilevamento automatico e segnalate dalle stazioni sciistiche di alta quota. Dopo ogni nevicata autunnale, si sono verificate molte piccole valanghe di neve scorrevole sul terreno ancora caldo a quote medie e alte.<\/p>\n<h3>Bianco Natale - tanta neve fresca e un \"problema di neve vecchia\" in montagna<\/h3>\n<p>Nevica ripetutamente nel dicembre 2024. Dal 21 al 24 dicembre 2024 c'\u00e8 stato un grande regalo di Natale: a ovest e a nord, nevicate persistenti e intense hanno garantito abbondanza di neve fresca nelle Alpi svizzere, migliorando le condizioni di innevamento al di sopra dei 2000 metri. Lungo la dorsale alpina settentrionale, dal Basso Vallese alle Alpi glaronesi e nella regione del Gottardo, sono caduti da 1 a 1,5 metri di neve su tutto il territorio. Le restanti aree del nord hanno ricevuto circa mezzo metro di neve. Il sud e l'Engadina, invece, sono rimasti a mani vuote.<\/p>\n<p>Gi\u00e0 prima di questa grande nevicata, era chiaro che l'intero vecchio manto nevoso era una base debole per l'inverno. Diversi periodi di alta pressione e di siccit\u00e0, con notti lunghe e limpide, hanno fatto s\u00ec che la neve si accumulasse. In molti punti si \u00e8 formato uno strato debole e pronunciato di cristalli grandi e spigolosi, poco legati tra loro, che in seguito ha dato origine a un problema di neve vecchia vicino al suolo.<\/p>\n<p>Le grandi quantit\u00e0 di neve nuova e di neve di deriva prima di Natale hanno coperto le deboli fondamenta - e la combinazione di strati necessaria per le valanghe a lastroni era completa. Il 23 e 24 dicembre 2024 la situazione valanghiva era critica a ovest e a nord e il pericolo di valanghe era elevato e diffuso (livello 4). Le fratture nella neve vecchia e debole hanno provocato l'innesco di valanghe su larga scala e molte valanghe spontanee di grandi e grandissime dimensioni.<\/p>\n<p>Tra Natale e Capodanno, le montagne sono state soleggiate, ventose e eccezionalmente miti per questo periodo dell'anno, creando le migliori condizioni per l'escursionismo e il freeride. Tuttavia, \u00e8 stato uno dei periodi pi\u00f9 attivi dal punto di vista valanghivo dell'inverno 2024\/25: in soli 7 giorni, 98 valanghe sono state innescate da appassionati di sport sulla neve, con 22 persone catturate e tre completamente sepolte. Le dimensioni delle valanghe sono state impressionanti: sono state segnalate 58 valanghe medie e 27 valanghe grandi. La diffusione su larga scala delle valanghe si spiega con la marcata e molto diffusa debolezza del manto nevoso vecchio. Il pericolo di valanghe \u00e8 quindi rimasto considerevole in molte aree delle Alpi svizzere (livello 3). Inoltre, le nevicate natalizie e le successive temperature miti hanno provocato molte valanghe di neve scorrevole, soprattutto nelle aree ricche di neve sui versanti settentrionali delle Alpi.<\/p>\n<h3>Inizio d'anno burrascoso: il vento come costruttore di valanghe<\/h3>\n<p>Oltre al problema della neve vecchia di lunga durata, nell'inverno 2024\/25 l'attenzione si \u00e8 ripetutamente concentrata anche su problemi di neve da neve da deriva di breve durata: le condizioni di tempesta hanno ripetutamente portato a instabilit\u00e0 negli strati di neve nuova e da neve da deriva o nel passaggio alla neve vecchia vicino alla superficie, come il 18 gennaio 2025. Nelle regioni del foehn del nord, i forti venti di f\u00f6hn meridionali hanno trasportato la neve vecchia sciolta vicino alla superficie su una superficie di neve vecchia sfavorevole, che \u00e8 diventata cos\u00ec uno strato debole. Di conseguenza, molte valanghe sono state innescate dalle persone in sottili accumuli di neve sciolta. Il 19 gennaio 2025 la situazione si era gi\u00e0 calmata, come \u00e8 tipico di un problema di neve da caduta.<\/p>\n<h3>Tanta neve a sud - Il Ticino come centro nevoso della Svizzera<\/h3>\n<p>Mentre il primo e l'ultimo terzo di gennaio sono stati variabili al nord e molto miti con venti di foehn meridionali, il sud e l'ovest hanno visto abbondanti nevicate in diversi periodi. Tra il 25 e il 29 gennaio 2025, una situazione di spolverio da sud seguita da un pronunciato fronte freddo ha portato neve particolarmente abbondante, con oltre 1 metro di neve caduto a ovest e sulla principale cresta alpina dal Passo del Lucomagno al Passo del Bernina e a sud di esso, e circa mezzo metro su entrambi i versanti delle Alpi. La grande quantit\u00e0 di neve nuova e di neve da caduta si \u00e8 depositata su un manto nevoso sottile ed estremamente debole. L'elevato pericolo di valanghe previsto per il 28 gennaio 2025 (livello 4) \u00e8 stato confermato dalla massima attivit\u00e0 valanghiva dell'inverno 2024\/25, con molte valanghe spontanee di grandi e talvolta grandissime dimensioni. Il 29 gennaio 2025, il primo giorno di bel tempo dopo le abbondanti nevicate, la situazione per gli sport invernali lontano dalle piste protette era molto critica. In questa giornata, gli appassionati di sport invernali hanno innescato molte valanghe di medie e grandi dimensioni.<\/p>\n<p>Da febbraio all'inizio di marzo, il clima \u00e8 stato mite e asciutto in tutti i settori e il sole \u00e8 stato abbondante in montagna e al sud. Dopo le abbondanti nevicate di fine gennaio, il vecchio problema della neve si \u00e8 rapidamente calmato. Ci sono state solo segnalazioni di valanghe isolate con innesco negli strati profondi del manto nevoso e con valanghe di grandi dimensioni. Di conseguenza, la situazione valanghe \u00e8 stata per lo pi\u00f9 favorevole da febbraio all'inizio di marzo.<\/p>\n<p>Dal 9 al 17 marzo 2025, un'impressionante situazione di polveri meridionali ha causato una parentesi invernale con abbondanti nevicate al sud. Nel giro di una settimana, in Ticino e nella regione del Sempione caddero fino a 1,5 metri di neve al di sopra dei 1800 m circa, ma anche a ovest sul Gran San Bernardo e a est dalla Bregaglia alla regione del Bernina cadde fino a 1 metro di neve. Il manto nevoso ha ripreso slancio: a sud, la neve \u00e8 tornata a cadere su una superficie di neve vecchia sfavorevole, costituita da strati sciolti con una struttura angolare, soprattutto sui pendii settentrionali. Di conseguenza, gli strati di neve fresca e sciolta erano soggetti a rottura e si potevano innescare valanghe nella parte superiore del manto nevoso. Inoltre, in Vallese, Ticino e Grigioni, gli strati deboli in profondit\u00e0 del manto nevoso sono diventati nuovamente suscettibili di rottura. Qui sono ricominciate le valanghe nella neve vecchia vicino al suolo, soprattutto sui pendii in ombra. Sui versanti meridionali, invece, la situazione era pi\u00f9 favorevole, poich\u00e9 il manto nevoso era umido fino ad alta quota prima delle nevicate. La grande quantit\u00e0 di neve fresca ha fatto s\u00ec che il pericolo di valanghe salisse a volte al livello 4 (grande), soprattutto nelle aree con un debole manto nevoso vecchio nel sud e nel sud dei Grigioni. L'attivit\u00e0 valanghiva \u00e8 stata elevata, con numerose valanghe spontanee e provocate dall'uomo. In particolare, nella M\u00fcnstertal la struttura del manto nevoso \u00e8 stata eccezionalmente debole, rendendola un'area affidabile per le fratture nella neve vecchia vicino al suolo: qui sono state segnalate per tutto l'inverno valanghe spontanee di dimensioni pericolose e valanghe innescate dall'uomo nella neve vecchia.<\/p>\n<h3>Ultima ondata invernale: neve fresca, vento e molte valanghe provocate dall'uomo.<\/h3>\n<p>Chi l'avrebbe mai detto: dal 29 marzo al 1\u00b0 aprile 2025 l'inverno si \u00e8 ripresentato, anche nel nord-est povero di neve, con fino a mezzo metro di neve. Tuttavia, la neve fresca e la neve vecchia sciolta sono state trasportate dal forte vento del nord e si sono depositate sui pendii ombrosi su una superficie di neve vecchia sfavorevole. Il risultato: diversi giorni con molte valanghe spontanee e provocate dall'uomo. Il problema della neve di risulta \u00e8 stato accompagnato da una vecchia conoscenza, la neve vecchia debole e vicina al suolo. Mentre gli strati deboli della neve vecchia in Ticino erano ormai pesantemente sovrapposti, rendendo difficile l'innesco di rotture, i Grigioni sono rimasti il \"punto caldo della neve vecchia\" delle Alpi svizzere, con numerose valanghe innescate anche negli strati profondi del manto nevoso.<\/p>\n<p>E le valanghe bagnate? Da met\u00e0 marzo a met\u00e0 aprile, l'impregnazione del manto nevoso con il calore e il sole \u00e8 progredita in modo significativo: sui versanti meridionali fino all'alta montagna, sui versanti orientali e occidentali fino a circa 2600 metri e sui versanti settentrionali fino a circa 2000 metri. La marcata influenza del calore sul manto nevoso ha provocato valanghe di neve bagnata e scorrevole, ma i periodi valanghivi sono rimasti meno intensi fino a met\u00e0 aprile.<\/p>\n<p><em>Fonte: slf.ch<\/em><\/p>\n<\/div>\n<\/div>\n<\/article>\n<article id=\"c1052263\" class=\"contentElement clearfix sectionFrame0\">\n<div class=\"ce-textpic ce-center ce-below\">\n<div class=\"ce-gallery\" data-ce-images=\"1\" data-lightbox-labels=\"{&quot;close&quot;:&quot;Schliessen&quot;,&quot;images&quot;:&quot;Bild&quot;,&quot;imagesof&quot;:&quot;von&quot;} \">\n<div class=\"ce-outer\">\n<div class=\"ce-inner\">\n<div class=\"row\">\n<div class=\"col-sm-12\">\n<div class=\"ce-media videoMedia\">\n<div class=\"embed-responsive embed-responsive-16by9\"><\/div>\n<\/div>\n<\/div>\n<\/div>\n<\/div>\n<\/div>\n<\/div>\n<\/div>\n<\/article>","protected":false},"excerpt":{"rendered":"<p>Der Hauptgrund f\u00fcr den wenigen Schnee, auch in hohen Lagen, waren die wenigen Niederschl\u00e4ge zwischen November 2024 und April 2025 im Grossteil der Schweizer Alpen. Im Gegensatz zu den \u00fcber 2000 m gelegenen automatischen IMIS-Stationen war die Schneearmut im Winter 2024\/25 an den unterhalb von 1500 m gelegenen Stationen weniger aussergew\u00f6hnlich, da milde Winter in [&hellip;]<\/p>\n","protected":false},"author":31,"featured_media":0,"comment_status":"closed","ping_status":"closed","sticky":false,"template":"","format":"standard","meta":{"_acf_changed":false,"pgc_sgb_lightbox_settings":"","footnotes":""},"categories":[1,3314],"tags":[4457,1954,6578,6571],"class_list":["post-24205","post","type-post","status-publish","format-standard","hentry","category-allgemein","category-health-safety","tag-altschnee","tag-eis-und-schnee","tag-lawinen","tag-wsl-instituts-fuer-schnee-und-lawinenforschung-slf"],"acf":[],"hkrextid":null,"publication":null,"issue":null,"workflow":null,"startPage":null,"spitzmarke":null,"_posts_by_tag_page_fields":null,"_at_widget":null,"_yoast_wpseo_primary_category":"3314","_yoast_wpseo_focuskw_text_input":null,"_yoast_wpseo_opengraph-image":null,"_yoast_wpseo_opengraph-description":null,"_yoast_wpseo_opengraph-title":null,"enclosure":null,"_yoast_wpseo_twitter-title":null,"_yoast_wpseo_twitter-description":null,"_yoast_wpseo_twitter-image":null,"_wp_old_slug":null,"_yoast_wpseo_title":null,"_yoast_wpseo_canonical":null,"yoast_head":"<!-- This site is optimized with the Yoast SEO plugin v27.5 - https:\/\/yoast.com\/product\/yoast-seo-wordpress\/ -->\n<title>Milder Winter mit wenig t\u00f6dlichen Lawinenunf\u00e4llen - Save<\/title>\n<meta name=\"description\" content=\"Der Winter 2024\/25 liegt in den Top 10 der mildesten Winter seit Messbeginn 1864. Ausserdem herrschte Schneearmut in den Schweizer Alpen.\" \/>\n<meta name=\"robots\" content=\"index, follow, max-snippet:-1, max-image-preview:large, max-video-preview:-1\" \/>\n<link rel=\"canonical\" href=\"https:\/\/news.save.ch\/it\/milder-winter-mit-wenig-toedlichen-lawinenunfaellen\/\" \/>\n<meta property=\"og:locale\" content=\"it_IT\" \/>\n<meta property=\"og:type\" content=\"article\" \/>\n<meta property=\"og:title\" content=\"Milder Winter mit wenig t\u00f6dlichen Lawinenunf\u00e4llen - Save\" \/>\n<meta property=\"og:description\" content=\"Der Winter 2024\/25 liegt in den Top 10 der mildesten Winter seit Messbeginn 1864. Ausserdem herrschte Schneearmut in den Schweizer Alpen.\" \/>\n<meta property=\"og:url\" content=\"https:\/\/news.save.ch\/it\/milder-winter-mit-wenig-toedlichen-lawinenunfaellen\/\" \/>\n<meta property=\"og:site_name\" content=\"Save\" \/>\n<meta property=\"article:published_time\" content=\"2025-04-21T12:40:45+00:00\" \/>\n<meta property=\"article:modified_time\" content=\"2025-04-29T12:43:51+00:00\" \/>\n<meta property=\"og:image\" content=\"https:\/\/news.save.ch\/wp-content\/uploads\/2025\/04\/Bildschirmfoto-2025-04-29-um-14.37.58-scaled.png\" \/>\n\t<meta property=\"og:image:width\" content=\"1200\" \/>\n\t<meta property=\"og:image:height\" content=\"902\" \/>\n\t<meta property=\"og:image:type\" content=\"image\/png\" \/>\n<meta name=\"author\" content=\"stefanie Zeng\" \/>\n<meta name=\"twitter:card\" content=\"summary_large_image\" \/>\n<meta name=\"twitter:label1\" content=\"Scritto da\" \/>\n\t<meta name=\"twitter:data1\" content=\"stefanie Zeng\" \/>\n\t<meta name=\"twitter:label2\" content=\"Tempo di lettura stimato\" \/>\n\t<meta name=\"twitter:data2\" content=\"9 minuti\" \/>\n<script type=\"application\/ld+json\" class=\"yoast-schema-graph\">{\"@context\":\"https:\\\/\\\/schema.org\",\"@graph\":[{\"@type\":\"Article\",\"@id\":\"https:\\\/\\\/news.save.ch\\\/milder-winter-mit-wenig-toedlichen-lawinenunfaellen\\\/#article\",\"isPartOf\":{\"@id\":\"https:\\\/\\\/news.save.ch\\\/milder-winter-mit-wenig-toedlichen-lawinenunfaellen\\\/\"},\"author\":{\"name\":\"stefanie Zeng\",\"@id\":\"https:\\\/\\\/news.save.ch\\\/de\\\/#\\\/schema\\\/person\\\/10917387362b3961e882740f6cf6f2a2\"},\"headline\":\"Milder Winter mit wenig t\u00f6dlichen Lawinenunf\u00e4llen\",\"datePublished\":\"2025-04-21T12:40:45+00:00\",\"dateModified\":\"2025-04-29T12:43:51+00:00\",\"mainEntityOfPage\":{\"@id\":\"https:\\\/\\\/news.save.ch\\\/milder-winter-mit-wenig-toedlichen-lawinenunfaellen\\\/\"},\"wordCount\":1512,\"publisher\":{\"@id\":\"https:\\\/\\\/news.save.ch\\\/de\\\/#organization\"},\"image\":{\"@id\":\"https:\\\/\\\/news.save.ch\\\/milder-winter-mit-wenig-toedlichen-lawinenunfaellen\\\/#primaryimage\"},\"thumbnailUrl\":\"https:\\\/\\\/news.save.ch\\\/wp-content\\\/uploads\\\/2025\\\/04\\\/Bildschirmfoto-2025-04-29-um-14.37.58-scaled.png\",\"keywords\":[\"Altschnee\",\"Eis und Schnee\",\"Lawinen\",\"WSL-Instituts f\u00fcr Schnee- und Lawinenforschung SLF\"],\"articleSection\":[\"ALLGEMEIN\",\"HEALTH &amp; SAFETY\"],\"inLanguage\":\"it-IT\"},{\"@type\":\"WebPage\",\"@id\":\"https:\\\/\\\/news.save.ch\\\/milder-winter-mit-wenig-toedlichen-lawinenunfaellen\\\/\",\"url\":\"https:\\\/\\\/news.save.ch\\\/milder-winter-mit-wenig-toedlichen-lawinenunfaellen\\\/\",\"name\":\"Milder Winter mit wenig t\u00f6dlichen Lawinenunf\u00e4llen - Save\",\"isPartOf\":{\"@id\":\"https:\\\/\\\/news.save.ch\\\/de\\\/#website\"},\"primaryImageOfPage\":{\"@id\":\"https:\\\/\\\/news.save.ch\\\/milder-winter-mit-wenig-toedlichen-lawinenunfaellen\\\/#primaryimage\"},\"image\":{\"@id\":\"https:\\\/\\\/news.save.ch\\\/milder-winter-mit-wenig-toedlichen-lawinenunfaellen\\\/#primaryimage\"},\"thumbnailUrl\":\"https:\\\/\\\/news.save.ch\\\/wp-content\\\/uploads\\\/2025\\\/04\\\/Bildschirmfoto-2025-04-29-um-14.37.58-scaled.png\",\"datePublished\":\"2025-04-21T12:40:45+00:00\",\"dateModified\":\"2025-04-29T12:43:51+00:00\",\"description\":\"Der Winter 2024\\\/25 liegt in den Top 10 der mildesten Winter seit Messbeginn 1864. Ausserdem herrschte Schneearmut in den Schweizer Alpen.\",\"breadcrumb\":{\"@id\":\"https:\\\/\\\/news.save.ch\\\/milder-winter-mit-wenig-toedlichen-lawinenunfaellen\\\/#breadcrumb\"},\"inLanguage\":\"it-IT\",\"potentialAction\":[{\"@type\":\"ReadAction\",\"target\":[\"https:\\\/\\\/news.save.ch\\\/milder-winter-mit-wenig-toedlichen-lawinenunfaellen\\\/\"]}]},{\"@type\":\"ImageObject\",\"inLanguage\":\"it-IT\",\"@id\":\"https:\\\/\\\/news.save.ch\\\/milder-winter-mit-wenig-toedlichen-lawinenunfaellen\\\/#primaryimage\",\"url\":\"https:\\\/\\\/news.save.ch\\\/wp-content\\\/uploads\\\/2025\\\/04\\\/Bildschirmfoto-2025-04-29-um-14.37.58-scaled.png\",\"contentUrl\":\"https:\\\/\\\/news.save.ch\\\/wp-content\\\/uploads\\\/2025\\\/04\\\/Bildschirmfoto-2025-04-29-um-14.37.58-scaled.png\"},{\"@type\":\"BreadcrumbList\",\"@id\":\"https:\\\/\\\/news.save.ch\\\/milder-winter-mit-wenig-toedlichen-lawinenunfaellen\\\/#breadcrumb\",\"itemListElement\":[{\"@type\":\"ListItem\",\"position\":1,\"name\":\"Home\",\"item\":\"https:\\\/\\\/news.save.ch\\\/de\\\/\"},{\"@type\":\"ListItem\",\"position\":2,\"name\":\"Milder Winter mit wenig t\u00f6dlichen Lawinenunf\u00e4llen\"}]},{\"@type\":\"WebSite\",\"@id\":\"https:\\\/\\\/news.save.ch\\\/de\\\/#website\",\"url\":\"https:\\\/\\\/news.save.ch\\\/de\\\/\",\"name\":\"Save\",\"description\":\"Schweizer Fachzeitschrift f\u00fcr Sicherheit\",\"publisher\":{\"@id\":\"https:\\\/\\\/news.save.ch\\\/de\\\/#organization\"},\"potentialAction\":[{\"@type\":\"SearchAction\",\"target\":{\"@type\":\"EntryPoint\",\"urlTemplate\":\"https:\\\/\\\/news.save.ch\\\/de\\\/?s={search_term_string}\"},\"query-input\":{\"@type\":\"PropertyValueSpecification\",\"valueRequired\":true,\"valueName\":\"search_term_string\"}}],\"inLanguage\":\"it-IT\"},{\"@type\":\"Organization\",\"@id\":\"https:\\\/\\\/news.save.ch\\\/de\\\/#organization\",\"name\":\"Sicherheitsforum\",\"url\":\"https:\\\/\\\/news.save.ch\\\/de\\\/\",\"logo\":{\"@type\":\"ImageObject\",\"inLanguage\":\"it-IT\",\"@id\":\"https:\\\/\\\/news.save.ch\\\/de\\\/#\\\/schema\\\/logo\\\/image\\\/\",\"url\":\"https:\\\/\\\/news.save.ch\\\/wp-content\\\/uploads\\\/2022\\\/06\\\/Logo_SF_2012.png\",\"contentUrl\":\"https:\\\/\\\/news.save.ch\\\/wp-content\\\/uploads\\\/2022\\\/06\\\/Logo_SF_2012.png\",\"width\":1100,\"height\":91,\"caption\":\"Sicherheitsforum\"},\"image\":{\"@id\":\"https:\\\/\\\/news.save.ch\\\/de\\\/#\\\/schema\\\/logo\\\/image\\\/\"}},{\"@type\":\"Person\",\"@id\":\"https:\\\/\\\/news.save.ch\\\/de\\\/#\\\/schema\\\/person\\\/10917387362b3961e882740f6cf6f2a2\",\"name\":\"stefanie Zeng\",\"image\":{\"@type\":\"ImageObject\",\"inLanguage\":\"it-IT\",\"@id\":\"https:\\\/\\\/secure.gravatar.com\\\/avatar\\\/eac43faa6e40bb2c41068c95c9d78bbd94c476d5efdff7abaab80bb3ea681e06?s=96&d=mm&r=g\",\"url\":\"https:\\\/\\\/secure.gravatar.com\\\/avatar\\\/eac43faa6e40bb2c41068c95c9d78bbd94c476d5efdff7abaab80bb3ea681e06?s=96&d=mm&r=g\",\"contentUrl\":\"https:\\\/\\\/secure.gravatar.com\\\/avatar\\\/eac43faa6e40bb2c41068c95c9d78bbd94c476d5efdff7abaab80bb3ea681e06?s=96&d=mm&r=g\",\"caption\":\"stefanie Zeng\"},\"url\":\"https:\\\/\\\/news.save.ch\\\/it\\\/author\\\/stefanie-zeng\\\/\"}]}<\/script>\n<!-- \/ Yoast SEO plugin. -->","yoast_head_json":{"title":"Inverno mite con pochi incidenti mortali da valanga - Save","description":"L'inverno 2024\/25 \u00e8 nella top 10 degli inverni pi\u00f9 miti da quando sono iniziate le misurazioni nel 1864. Anche nelle Alpi svizzere \u00e8 mancata la neve.","robots":{"index":"index","follow":"follow","max-snippet":"max-snippet:-1","max-image-preview":"max-image-preview:large","max-video-preview":"max-video-preview:-1"},"canonical":"https:\/\/news.save.ch\/it\/milder-winter-mit-wenig-toedlichen-lawinenunfaellen\/","og_locale":"it_IT","og_type":"article","og_title":"Milder Winter mit wenig t\u00f6dlichen Lawinenunf\u00e4llen - Save","og_description":"Der Winter 2024\/25 liegt in den Top 10 der mildesten Winter seit Messbeginn 1864. Ausserdem herrschte Schneearmut in den Schweizer Alpen.","og_url":"https:\/\/news.save.ch\/it\/milder-winter-mit-wenig-toedlichen-lawinenunfaellen\/","og_site_name":"Save","article_published_time":"2025-04-21T12:40:45+00:00","article_modified_time":"2025-04-29T12:43:51+00:00","og_image":[{"width":1200,"height":902,"url":"https:\/\/news.save.ch\/wp-content\/uploads\/2025\/04\/Bildschirmfoto-2025-04-29-um-14.37.58-scaled.png","type":"image\/png"}],"author":"stefanie Zeng","twitter_card":"summary_large_image","twitter_misc":{"Scritto da":"stefanie Zeng","Tempo di lettura stimato":"9 minuti"},"schema":{"@context":"https:\/\/schema.org","@graph":[{"@type":"Article","@id":"https:\/\/news.save.ch\/milder-winter-mit-wenig-toedlichen-lawinenunfaellen\/#article","isPartOf":{"@id":"https:\/\/news.save.ch\/milder-winter-mit-wenig-toedlichen-lawinenunfaellen\/"},"author":{"name":"stefanie Zeng","@id":"https:\/\/news.save.ch\/de\/#\/schema\/person\/10917387362b3961e882740f6cf6f2a2"},"headline":"Milder Winter mit wenig t\u00f6dlichen Lawinenunf\u00e4llen","datePublished":"2025-04-21T12:40:45+00:00","dateModified":"2025-04-29T12:43:51+00:00","mainEntityOfPage":{"@id":"https:\/\/news.save.ch\/milder-winter-mit-wenig-toedlichen-lawinenunfaellen\/"},"wordCount":1512,"publisher":{"@id":"https:\/\/news.save.ch\/de\/#organization"},"image":{"@id":"https:\/\/news.save.ch\/milder-winter-mit-wenig-toedlichen-lawinenunfaellen\/#primaryimage"},"thumbnailUrl":"https:\/\/news.save.ch\/wp-content\/uploads\/2025\/04\/Bildschirmfoto-2025-04-29-um-14.37.58-scaled.png","keywords":["Altschnee","Eis und Schnee","Lawinen","WSL-Instituts f\u00fcr Schnee- und Lawinenforschung SLF"],"articleSection":["ALLGEMEIN","HEALTH &amp; SAFETY"],"inLanguage":"it-IT"},{"@type":"WebPage","@id":"https:\/\/news.save.ch\/milder-winter-mit-wenig-toedlichen-lawinenunfaellen\/","url":"https:\/\/news.save.ch\/milder-winter-mit-wenig-toedlichen-lawinenunfaellen\/","name":"Inverno mite con pochi incidenti mortali da valanga - Save","isPartOf":{"@id":"https:\/\/news.save.ch\/de\/#website"},"primaryImageOfPage":{"@id":"https:\/\/news.save.ch\/milder-winter-mit-wenig-toedlichen-lawinenunfaellen\/#primaryimage"},"image":{"@id":"https:\/\/news.save.ch\/milder-winter-mit-wenig-toedlichen-lawinenunfaellen\/#primaryimage"},"thumbnailUrl":"https:\/\/news.save.ch\/wp-content\/uploads\/2025\/04\/Bildschirmfoto-2025-04-29-um-14.37.58-scaled.png","datePublished":"2025-04-21T12:40:45+00:00","dateModified":"2025-04-29T12:43:51+00:00","description":"L'inverno 2024\/25 \u00e8 nella top 10 degli inverni pi\u00f9 miti da quando sono iniziate le misurazioni nel 1864. Anche nelle Alpi svizzere \u00e8 mancata la neve.","breadcrumb":{"@id":"https:\/\/news.save.ch\/milder-winter-mit-wenig-toedlichen-lawinenunfaellen\/#breadcrumb"},"inLanguage":"it-IT","potentialAction":[{"@type":"ReadAction","target":["https:\/\/news.save.ch\/milder-winter-mit-wenig-toedlichen-lawinenunfaellen\/"]}]},{"@type":"ImageObject","inLanguage":"it-IT","@id":"https:\/\/news.save.ch\/milder-winter-mit-wenig-toedlichen-lawinenunfaellen\/#primaryimage","url":"https:\/\/news.save.ch\/wp-content\/uploads\/2025\/04\/Bildschirmfoto-2025-04-29-um-14.37.58-scaled.png","contentUrl":"https:\/\/news.save.ch\/wp-content\/uploads\/2025\/04\/Bildschirmfoto-2025-04-29-um-14.37.58-scaled.png"},{"@type":"BreadcrumbList","@id":"https:\/\/news.save.ch\/milder-winter-mit-wenig-toedlichen-lawinenunfaellen\/#breadcrumb","itemListElement":[{"@type":"ListItem","position":1,"name":"Home","item":"https:\/\/news.save.ch\/de\/"},{"@type":"ListItem","position":2,"name":"Milder Winter mit wenig t\u00f6dlichen Lawinenunf\u00e4llen"}]},{"@type":"WebSite","@id":"https:\/\/news.save.ch\/de\/#website","url":"https:\/\/news.save.ch\/de\/","name":"Risparmiare","description":"Rivista svizzera specializzata in sicurezza","publisher":{"@id":"https:\/\/news.save.ch\/de\/#organization"},"potentialAction":[{"@type":"SearchAction","target":{"@type":"EntryPoint","urlTemplate":"https:\/\/news.save.ch\/de\/?s={search_term_string}"},"query-input":{"@type":"PropertyValueSpecification","valueRequired":true,"valueName":"search_term_string"}}],"inLanguage":"it-IT"},{"@type":"Organization","@id":"https:\/\/news.save.ch\/de\/#organization","name":"Forum sulla sicurezza","url":"https:\/\/news.save.ch\/de\/","logo":{"@type":"ImageObject","inLanguage":"it-IT","@id":"https:\/\/news.save.ch\/de\/#\/schema\/logo\/image\/","url":"https:\/\/news.save.ch\/wp-content\/uploads\/2022\/06\/Logo_SF_2012.png","contentUrl":"https:\/\/news.save.ch\/wp-content\/uploads\/2022\/06\/Logo_SF_2012.png","width":1100,"height":91,"caption":"Sicherheitsforum"},"image":{"@id":"https:\/\/news.save.ch\/de\/#\/schema\/logo\/image\/"}},{"@type":"Person","@id":"https:\/\/news.save.ch\/de\/#\/schema\/person\/10917387362b3961e882740f6cf6f2a2","name":"Stefanie Zeng","image":{"@type":"ImageObject","inLanguage":"it-IT","@id":"https:\/\/secure.gravatar.com\/avatar\/eac43faa6e40bb2c41068c95c9d78bbd94c476d5efdff7abaab80bb3ea681e06?s=96&d=mm&r=g","url":"https:\/\/secure.gravatar.com\/avatar\/eac43faa6e40bb2c41068c95c9d78bbd94c476d5efdff7abaab80bb3ea681e06?s=96&d=mm&r=g","contentUrl":"https:\/\/secure.gravatar.com\/avatar\/eac43faa6e40bb2c41068c95c9d78bbd94c476d5efdff7abaab80bb3ea681e06?s=96&d=mm&r=g","caption":"stefanie Zeng"},"url":"https:\/\/news.save.ch\/it\/author\/stefanie-zeng\/"}]}},"_links":{"self":[{"href":"https:\/\/news.save.ch\/it\/wp-json\/wp\/v2\/posts\/24205","targetHints":{"allow":["GET"]}}],"collection":[{"href":"https:\/\/news.save.ch\/it\/wp-json\/wp\/v2\/posts"}],"about":[{"href":"https:\/\/news.save.ch\/it\/wp-json\/wp\/v2\/types\/post"}],"author":[{"embeddable":true,"href":"https:\/\/news.save.ch\/it\/wp-json\/wp\/v2\/users\/31"}],"replies":[{"embeddable":true,"href":"https:\/\/news.save.ch\/it\/wp-json\/wp\/v2\/comments?post=24205"}],"version-history":[{"count":3,"href":"https:\/\/news.save.ch\/it\/wp-json\/wp\/v2\/posts\/24205\/revisions"}],"predecessor-version":[{"id":24209,"href":"https:\/\/news.save.ch\/it\/wp-json\/wp\/v2\/posts\/24205\/revisions\/24209"}],"wp:attachment":[{"href":"https:\/\/news.save.ch\/it\/wp-json\/wp\/v2\/media?parent=24205"}],"wp:term":[{"taxonomy":"category","embeddable":true,"href":"https:\/\/news.save.ch\/it\/wp-json\/wp\/v2\/categories?post=24205"},{"taxonomy":"post_tag","embeddable":true,"href":"https:\/\/news.save.ch\/it\/wp-json\/wp\/v2\/tags?post=24205"}],"curies":[{"name":"wp","href":"https:\/\/api.w.org\/{rel}","templated":true}]}}