{"id":24233,"date":"2025-05-08T11:14:57","date_gmt":"2025-05-08T09:14:57","guid":{"rendered":"https:\/\/news.save.ch\/?p=24233"},"modified":"2025-05-08T11:15:00","modified_gmt":"2025-05-08T09:15:00","slug":"vbs-und-weitere-bundesstellen-unterstuetzen-sicherheit-des-eurovision-song-contest-in-basel","status":null,"type":"post","link":"https:\/\/news.save.ch\/it\/vbs-und-weitere-bundesstellen-unterstuetzen-sicherheit-des-eurovision-song-contest-in-basel\/","title":{"rendered":"Il DDPS e altre agenzie federali sostengono la sicurezza dell'Eurovision Song Contest a Basilea"},"content":{"rendered":"<figure id=\"attachment_24234\" aria-describedby=\"caption-attachment-24234\" style=\"width: 1400px\" class=\"wp-caption alignnone\"><a href=\"https:\/\/news.save.ch\/it\/vbs-und-weitere-bundesstellen-unterstuetzen-sicherheit-des-eurovision-song-contest-in-basel\/esc2025_stagedesign_4-c-srgssr\/\" rel=\"attachment wp-att-24234\"><img loading=\"lazy\" decoding=\"async\" class=\"size-full wp-image-24234\" src=\"https:\/\/news.save.ch\/wp-content\/uploads\/2025\/05\/ESC2025_StageDesign_4-C-SRGSSR-scaled.jpg\" alt=\"\" width=\"1400\" height=\"788\" srcset=\"https:\/\/news.save.ch\/wp-content\/uploads\/2025\/05\/ESC2025_StageDesign_4-C-SRGSSR-scaled.jpg 1200w, https:\/\/news.save.ch\/wp-content\/uploads\/2025\/05\/ESC2025_StageDesign_4-C-SRGSSR-680x383.jpg 680w, https:\/\/news.save.ch\/wp-content\/uploads\/2025\/05\/ESC2025_StageDesign_4-C-SRGSSR-1024x576.jpg 1024w, https:\/\/news.save.ch\/wp-content\/uploads\/2025\/05\/ESC2025_StageDesign_4-C-SRGSSR-768x432.jpg 768w, https:\/\/news.save.ch\/wp-content\/uploads\/2025\/05\/ESC2025_StageDesign_4-C-SRGSSR-1536x864.jpg 1536w, https:\/\/news.save.ch\/wp-content\/uploads\/2025\/05\/ESC2025_StageDesign_4-C-SRGSSR-2048x1152.jpg 2048w, https:\/\/news.save.ch\/wp-content\/uploads\/2025\/05\/ESC2025_StageDesign_4-C-SRGSSR-18x10.jpg 18w, https:\/\/news.save.ch\/wp-content\/uploads\/2025\/05\/ESC2025_StageDesign_4-C-SRGSSR-375x211.jpg 375w, https:\/\/news.save.ch\/wp-content\/uploads\/2025\/05\/ESC2025_StageDesign_4-C-SRGSSR-622x350.jpg 622w, https:\/\/news.save.ch\/wp-content\/uploads\/2025\/05\/ESC2025_StageDesign_4-C-SRGSSR-1000x563.jpg 1000w\" sizes=\"auto, (max-width: 1400px) 100vw, 1400px\" \/><\/a><figcaption id=\"caption-attachment-24234\" class=\"wp-caption-text\">Immagine: SRG SSR<\/figcaption><\/figure>\n<p id=\"doc-1iq839fam0\" class=\"font--regular\">L'Eurovision Song Contest \u00e8 un evento di importanza internazionale. Diverse agenzie dell'Amministrazione federale sono coinvolte nella sicurezza.<\/p>\n<h3 id=\"doc-1iq839h2q0\" class=\"h2\">Esercito: 40 membri dell'esercito schierati<\/h3>\n<p id=\"doc-1iq839h2r0\" class=\"font--regular\">L'esercito sta schierando circa 40 membri della milizia e militari professionisti, che forniranno un totale di circa 350 giorni di servizio. I servizi comprendono contributi nei settori della decontaminazione NBC, della consulenza e dell'analisi nell'ambito dell'eliminazione degli ordigni esplosivi e del supporto nella ricerca preventiva di infrastrutture che richiedono una protezione speciale. Il dispiegamento dell'esercito avviene nel quadro dell'\"Ordinanza sul sostegno alle attivit\u00e0 civili o fuori servizio con mezzi militari\" (VUM).<\/p>\n<h3 id=\"doc-1iq839h2s0\" class=\"h2\">Ufficio federale per la sicurezza informatica: coordinamento della difesa informatica<\/h3>\n<p id=\"doc-1iq839h2s1\" class=\"font--regular\">L'organizzazione di grandi eventi di importanza internazionale in Svizzera pone sfide particolari in termini di cybersecurity. In particolare, le infrastrutture critiche sono sempre pi\u00f9 esposte durante questi eventi e richiedono una protezione speciale. Nell'ambito dell'Eurovision Song Contest, l'Ufficio federale per la sicurezza informatica (UBC) sostiene l'organizzazione della sicurezza in loco e assicura una difesa informatica coordinata. La rete di cyber-situazione, composta dal BACS e da altri partner, sar\u00e0 attiva per tutto il periodo dall'11 al 17 maggio. Per identificare tempestivamente i potenziali rischi, il BACS ha preparato un'analisi completa dei rischi informatici in collaborazione con le citt\u00e0 ospitanti e l'emittente ospitante e ha preso in considerazione gli scenari di minaccia.<\/p>\n<p id=\"doc-1iq839h2s2\" class=\"font--regular\">In caso di incidenti informatici, il BACS fornir\u00e0 prodotti e avvisi specifici per le infrastrutture critiche e fornir\u00e0 supporto per la risposta agli incidenti. Queste misure garantiranno una sicurezza informatica ottimale e la protezione delle infrastrutture critiche durante questo evento internazionale di alto profilo.<\/p>\n<h3 id=\"doc-1iq839h2t0\" class=\"h2\">Servizio federale di intelligence: Valutazione della situazione e rete di intelligence<\/h3>\n<p id=\"doc-1iq839h2t1\" class=\"font--regular\">Il Servizio Informazioni Federale FIS lavora a stretto contatto con le autorit\u00e0 e i partner competenti nel periodo precedente e durante l'evento, al fine di effettuare una valutazione completa della situazione di minaccia. Il FIS \u00e8 responsabile dell'individuazione tempestiva delle minacce alla sicurezza interna ed esterna della Svizzera. Si occupa di reperire, analizzare e valutare le informazioni rilevanti per la sicurezza per il CES, supporta le autorit\u00e0 di sicurezza con valutazioni della situazione e gestisce una rete di intelligence gestita dal suo Centro federale di situazione. In questo modo, garantisce una base decisionale completa ai responsabili dell'organizzazione della sicurezza del CES.<\/p>\n<h3 id=\"doc-1iq839h2t2\" class=\"h2\">Ufficio federale della protezione civile: supporto per le comunicazioni radio e le misurazioni della radioattivit\u00e0<\/h3>\n<p id=\"doc-1iq839h2u0\" class=\"font--regular\">L'Ufficio federale della protezione civile UFPP controlla la qualit\u00e0 e la disponibilit\u00e0 delle comunicazioni radio nell'area di Basilea. L'obiettivo \u00e8 garantire che i canali di comunicazione funzionino in modo affidabile e soddisfino i requisiti in caso di incidente. I canali esistenti vengono inoltre monitorati in tempo reale per ottenere un quadro il pi\u00f9 preciso possibile dell'utilizzo attuale. Il FOCP valuta i dati raccolti e li utilizza per ricavare misure di ottimizzazione.<\/p>\n<p id=\"doc-1iq839h2u1\" class=\"font--regular\">Inoltre, il Centro operativo nazionale di emergenza NEOC, come parte del FOCP, monitora la radioattivit\u00e0 su una vasta area utilizzando sonde di misurazione automatiche. I partner coinvolti sono costantemente informati della situazione attraverso l'Electronic Situation Display ELD NEOC.<\/p>\n<h3 id=\"doc-1iq839h2v0\" class=\"h2\">Ufficio federale di polizia: supporto della polizia in loco<\/h3>\n<p id=\"doc-1iq839h300\" class=\"font--regular\">Per tutta la durata dell'Eurovision Song Contest, fedpol invier\u00e0 a Basilea personale che sar\u00e0 direttamente integrato nella struttura operativa delle autorit\u00e0 di sicurezza basilesi. Tra le altre cose, fedpol fornir\u00e0 supporto nello sviluppo della situazione e, su incarico del Ministero pubblico della Confederazione, si occuper\u00e0 delle indagini su eventuali reati di competenza federale. In qualit\u00e0 di centro di raccordo tra le forze di polizia nazionali e internazionali, fedpol assicura un efficiente scambio di informazioni a livello transfrontaliero. In particolare, il Centro di cooperazione di polizia e doganale con sede a Ginevra sar\u00e0 presente a Basilea durante l'Eurovision Song Contest. Anche gli addetti di polizia di fedpol e dell'Ufficio federale delle dogane e della sicurezza delle frontiere di stanza all'estero saranno a disposizione in caso di incidenti. Se necessario, saranno coinvolti anche gli addetti di polizia delle autorit\u00e0 di polizia straniere di stanza in Svizzera. Sia il punto di contatto nazionale per lo scambio di informazioni supplementari (Ufficio SIRENE Svizzera) che la Centrale operativa e di allarme di fedpol saranno rappresentati sul posto nell'ambito della cooperazione investigativa. Ci\u00f2 garantir\u00e0 un'efficiente elaborazione delle ricerche Schengen o mondiali in caso di incidente. Inoltre, fedpol organizza l'invio di personale Europol a sostegno delle autorit\u00e0 di sicurezza di Basilea.<\/p>\n<h3 id=\"doc-1iq839h301\" class=\"h2\">Ufficio federale delle dogane e della sicurezza delle frontiere: primo filtro di sicurezza<\/h3>\n<p id=\"doc-1iq839h302\" class=\"font--regular\">L'Ufficio federale delle dogane e della sicurezza dei confini (BAZG) fa parte dell'organizzazione di sicurezza per l'Eurovision Song Contest a Basilea. L'UFDC continua a effettuare i suoi controlli a seconda della situazione e in base al rischio, \u00e8 presente ai valichi di frontiera e nella zona di confine come parte del suo mandato e costituisce quindi il primo filtro di sicurezza. Durante il CES, effettuer\u00e0 controlli doganali mirati, intensificando le verifiche su merci e persone nelle singole sezioni e rafforzando di conseguenza la propria organizzazione.<\/p>\n<p id=\"doc-1iq839h310\" class=\"font--regular\">L'UFAC \u00e8 in stretto contatto con le autorit\u00e0 partner in Svizzera, in particolare con la Polizia cantonale di Basilea Citt\u00e0 e la Polizia di Basilea Campagna, ma anche con le autorit\u00e0 estere.<\/p>\n<p><em>Fonte: www.vbs.admin.ch<\/em><\/p>","protected":false},"excerpt":{"rendered":"<p>Der Eurovision Song Contest ist ein Grossanlass von internationaler Bedeutung. Im Einsatz f\u00fcr die Sicherheit stehen auch verschiedene Stellen der Bundesverwaltung. Armee: 40 Armeeangeh\u00f6rige im Einsatz Die Armee setzt rund 40 Milizangeh\u00f6rige der Armee und Berufsmilit\u00e4rs ein, welche insgesamt rund 350 Diensttage erbringen werden. Die Leistungen umfassen Beitr\u00e4ge in den Bereichen ABC-Dekontamination, Beratung und Analyse [&hellip;]<\/p>\n","protected":false},"author":31,"featured_media":24234,"comment_status":"closed","ping_status":"closed","sticky":false,"template":"","format":"standard","meta":{"_acf_changed":false,"pgc_sgb_lightbox_settings":"","footnotes":""},"categories":[3312],"tags":[6216,1325,6583,284,922],"class_list":["post-24233","post","type-post","status-publish","format-standard","has-post-thumbnail","hentry","category-sicherheit","tag-basel","tag-bazg","tag-eurovision-song-contest","tag-fedpol","tag-vbs"],"acf":[],"hkrextid":null,"publication":null,"issue":null,"workflow":null,"startPage":null,"spitzmarke":null,"_posts_by_tag_page_fields":null,"_at_widget":null,"_yoast_wpseo_primary_category":"3312","_yoast_wpseo_focuskw_text_input":null,"_yoast_wpseo_opengraph-image":null,"_yoast_wpseo_opengraph-description":null,"_yoast_wpseo_opengraph-title":null,"enclosure":null,"_yoast_wpseo_twitter-title":null,"_yoast_wpseo_twitter-description":null,"_yoast_wpseo_twitter-image":null,"_wp_old_slug":null,"_yoast_wpseo_title":null,"_yoast_wpseo_canonical":null,"yoast_head":"<!-- This site is optimized with the Yoast SEO plugin v27.4 - https:\/\/yoast.com\/product\/yoast-seo-wordpress\/ -->\n<title>VBS und weitere Bundesstellen unterst\u00fctzen Sicherheit des Eurovision Song Contest in Basel - Save<\/title>\n<meta name=\"description\" content=\"Der Bund tr\u00e4gt massgeblich zur Sicherheit des Grossanlasses Eurovision Song Contest in Basel vom 11. bis 17. Mai 2025 bei.\" \/>\n<meta name=\"robots\" content=\"index, follow, max-snippet:-1, max-image-preview:large, max-video-preview:-1\" \/>\n<link rel=\"canonical\" href=\"https:\/\/news.save.ch\/it\/vbs-und-weitere-bundesstellen-unterstuetzen-sicherheit-des-eurovision-song-contest-in-basel\/\" \/>\n<meta property=\"og:locale\" content=\"it_IT\" \/>\n<meta property=\"og:type\" content=\"article\" \/>\n<meta property=\"og:title\" content=\"VBS und weitere Bundesstellen unterst\u00fctzen Sicherheit des Eurovision Song Contest in Basel - Save\" \/>\n<meta property=\"og:description\" content=\"Der Bund tr\u00e4gt massgeblich zur Sicherheit des Grossanlasses Eurovision Song Contest in Basel vom 11. bis 17. Mai 2025 bei.\" \/>\n<meta property=\"og:url\" content=\"https:\/\/news.save.ch\/it\/vbs-und-weitere-bundesstellen-unterstuetzen-sicherheit-des-eurovision-song-contest-in-basel\/\" \/>\n<meta property=\"og:site_name\" content=\"Save\" \/>\n<meta property=\"article:published_time\" content=\"2025-05-08T09:14:57+00:00\" \/>\n<meta property=\"article:modified_time\" content=\"2025-05-08T09:15:00+00:00\" \/>\n<meta property=\"og:image\" content=\"https:\/\/news.save.ch\/wp-content\/uploads\/2025\/05\/ESC2025_StageDesign_4-C-SRGSSR-scaled.jpg\" \/>\n\t<meta property=\"og:image:width\" content=\"1400\" \/>\n\t<meta property=\"og:image:height\" content=\"788\" \/>\n\t<meta property=\"og:image:type\" content=\"image\/jpeg\" \/>\n<meta name=\"author\" content=\"stefanie Zeng\" \/>\n<meta name=\"twitter:card\" content=\"summary_large_image\" \/>\n<meta name=\"twitter:label1\" content=\"Scritto da\" \/>\n\t<meta name=\"twitter:data1\" content=\"stefanie Zeng\" \/>\n\t<meta name=\"twitter:label2\" content=\"Tempo di lettura stimato\" \/>\n\t<meta name=\"twitter:data2\" content=\"5 minuti\" \/>\n<script type=\"application\/ld+json\" class=\"yoast-schema-graph\">{\"@context\":\"https:\\\/\\\/schema.org\",\"@graph\":[{\"@type\":\"Article\",\"@id\":\"https:\\\/\\\/news.save.ch\\\/vbs-und-weitere-bundesstellen-unterstuetzen-sicherheit-des-eurovision-song-contest-in-basel\\\/#article\",\"isPartOf\":{\"@id\":\"https:\\\/\\\/news.save.ch\\\/vbs-und-weitere-bundesstellen-unterstuetzen-sicherheit-des-eurovision-song-contest-in-basel\\\/\"},\"author\":{\"name\":\"stefanie Zeng\",\"@id\":\"https:\\\/\\\/news.save.ch\\\/de\\\/#\\\/schema\\\/person\\\/10917387362b3961e882740f6cf6f2a2\"},\"headline\":\"VBS und weitere Bundesstellen unterst\u00fctzen Sicherheit des Eurovision Song Contest in Basel\",\"datePublished\":\"2025-05-08T09:14:57+00:00\",\"dateModified\":\"2025-05-08T09:15:00+00:00\",\"mainEntityOfPage\":{\"@id\":\"https:\\\/\\\/news.save.ch\\\/vbs-und-weitere-bundesstellen-unterstuetzen-sicherheit-des-eurovision-song-contest-in-basel\\\/\"},\"wordCount\":825,\"publisher\":{\"@id\":\"https:\\\/\\\/news.save.ch\\\/de\\\/#organization\"},\"image\":{\"@id\":\"https:\\\/\\\/news.save.ch\\\/vbs-und-weitere-bundesstellen-unterstuetzen-sicherheit-des-eurovision-song-contest-in-basel\\\/#primaryimage\"},\"thumbnailUrl\":\"https:\\\/\\\/news.save.ch\\\/wp-content\\\/uploads\\\/2025\\\/05\\\/ESC2025_StageDesign_4-C-SRGSSR-scaled.jpg\",\"keywords\":[\"Basel\",\"BAZG\",\"Eurovision Song Contest\",\"Fedpol\",\"VBS\"],\"articleSection\":[\"SICHERHEIT\"],\"inLanguage\":\"it-IT\"},{\"@type\":\"WebPage\",\"@id\":\"https:\\\/\\\/news.save.ch\\\/vbs-und-weitere-bundesstellen-unterstuetzen-sicherheit-des-eurovision-song-contest-in-basel\\\/\",\"url\":\"https:\\\/\\\/news.save.ch\\\/vbs-und-weitere-bundesstellen-unterstuetzen-sicherheit-des-eurovision-song-contest-in-basel\\\/\",\"name\":\"VBS und weitere Bundesstellen unterst\u00fctzen Sicherheit des Eurovision Song Contest in Basel - Save\",\"isPartOf\":{\"@id\":\"https:\\\/\\\/news.save.ch\\\/de\\\/#website\"},\"primaryImageOfPage\":{\"@id\":\"https:\\\/\\\/news.save.ch\\\/vbs-und-weitere-bundesstellen-unterstuetzen-sicherheit-des-eurovision-song-contest-in-basel\\\/#primaryimage\"},\"image\":{\"@id\":\"https:\\\/\\\/news.save.ch\\\/vbs-und-weitere-bundesstellen-unterstuetzen-sicherheit-des-eurovision-song-contest-in-basel\\\/#primaryimage\"},\"thumbnailUrl\":\"https:\\\/\\\/news.save.ch\\\/wp-content\\\/uploads\\\/2025\\\/05\\\/ESC2025_StageDesign_4-C-SRGSSR-scaled.jpg\",\"datePublished\":\"2025-05-08T09:14:57+00:00\",\"dateModified\":\"2025-05-08T09:15:00+00:00\",\"description\":\"Der Bund tr\u00e4gt massgeblich zur Sicherheit des Grossanlasses Eurovision Song Contest in Basel vom 11. bis 17. Mai 2025 bei.\",\"breadcrumb\":{\"@id\":\"https:\\\/\\\/news.save.ch\\\/vbs-und-weitere-bundesstellen-unterstuetzen-sicherheit-des-eurovision-song-contest-in-basel\\\/#breadcrumb\"},\"inLanguage\":\"it-IT\",\"potentialAction\":[{\"@type\":\"ReadAction\",\"target\":[\"https:\\\/\\\/news.save.ch\\\/vbs-und-weitere-bundesstellen-unterstuetzen-sicherheit-des-eurovision-song-contest-in-basel\\\/\"]}]},{\"@type\":\"ImageObject\",\"inLanguage\":\"it-IT\",\"@id\":\"https:\\\/\\\/news.save.ch\\\/vbs-und-weitere-bundesstellen-unterstuetzen-sicherheit-des-eurovision-song-contest-in-basel\\\/#primaryimage\",\"url\":\"https:\\\/\\\/news.save.ch\\\/wp-content\\\/uploads\\\/2025\\\/05\\\/ESC2025_StageDesign_4-C-SRGSSR-scaled.jpg\",\"contentUrl\":\"https:\\\/\\\/news.save.ch\\\/wp-content\\\/uploads\\\/2025\\\/05\\\/ESC2025_StageDesign_4-C-SRGSSR-scaled.jpg\",\"width\":1200,\"height\":675,\"caption\":\"Bild: SRG SSR\"},{\"@type\":\"BreadcrumbList\",\"@id\":\"https:\\\/\\\/news.save.ch\\\/vbs-und-weitere-bundesstellen-unterstuetzen-sicherheit-des-eurovision-song-contest-in-basel\\\/#breadcrumb\",\"itemListElement\":[{\"@type\":\"ListItem\",\"position\":1,\"name\":\"Home\",\"item\":\"https:\\\/\\\/news.save.ch\\\/de\\\/\"},{\"@type\":\"ListItem\",\"position\":2,\"name\":\"VBS und weitere Bundesstellen unterst\u00fctzen Sicherheit des Eurovision Song Contest in Basel\"}]},{\"@type\":\"WebSite\",\"@id\":\"https:\\\/\\\/news.save.ch\\\/de\\\/#website\",\"url\":\"https:\\\/\\\/news.save.ch\\\/de\\\/\",\"name\":\"Save\",\"description\":\"Schweizer Fachzeitschrift f\u00fcr Sicherheit\",\"publisher\":{\"@id\":\"https:\\\/\\\/news.save.ch\\\/de\\\/#organization\"},\"potentialAction\":[{\"@type\":\"SearchAction\",\"target\":{\"@type\":\"EntryPoint\",\"urlTemplate\":\"https:\\\/\\\/news.save.ch\\\/de\\\/?s={search_term_string}\"},\"query-input\":{\"@type\":\"PropertyValueSpecification\",\"valueRequired\":true,\"valueName\":\"search_term_string\"}}],\"inLanguage\":\"it-IT\"},{\"@type\":\"Organization\",\"@id\":\"https:\\\/\\\/news.save.ch\\\/de\\\/#organization\",\"name\":\"Sicherheitsforum\",\"url\":\"https:\\\/\\\/news.save.ch\\\/de\\\/\",\"logo\":{\"@type\":\"ImageObject\",\"inLanguage\":\"it-IT\",\"@id\":\"https:\\\/\\\/news.save.ch\\\/de\\\/#\\\/schema\\\/logo\\\/image\\\/\",\"url\":\"https:\\\/\\\/news.save.ch\\\/wp-content\\\/uploads\\\/2022\\\/06\\\/Logo_SF_2012.png\",\"contentUrl\":\"https:\\\/\\\/news.save.ch\\\/wp-content\\\/uploads\\\/2022\\\/06\\\/Logo_SF_2012.png\",\"width\":1100,\"height\":91,\"caption\":\"Sicherheitsforum\"},\"image\":{\"@id\":\"https:\\\/\\\/news.save.ch\\\/de\\\/#\\\/schema\\\/logo\\\/image\\\/\"}},{\"@type\":\"Person\",\"@id\":\"https:\\\/\\\/news.save.ch\\\/de\\\/#\\\/schema\\\/person\\\/10917387362b3961e882740f6cf6f2a2\",\"name\":\"stefanie Zeng\",\"image\":{\"@type\":\"ImageObject\",\"inLanguage\":\"it-IT\",\"@id\":\"https:\\\/\\\/secure.gravatar.com\\\/avatar\\\/eac43faa6e40bb2c41068c95c9d78bbd94c476d5efdff7abaab80bb3ea681e06?s=96&d=mm&r=g\",\"url\":\"https:\\\/\\\/secure.gravatar.com\\\/avatar\\\/eac43faa6e40bb2c41068c95c9d78bbd94c476d5efdff7abaab80bb3ea681e06?s=96&d=mm&r=g\",\"contentUrl\":\"https:\\\/\\\/secure.gravatar.com\\\/avatar\\\/eac43faa6e40bb2c41068c95c9d78bbd94c476d5efdff7abaab80bb3ea681e06?s=96&d=mm&r=g\",\"caption\":\"stefanie Zeng\"},\"url\":\"https:\\\/\\\/news.save.ch\\\/it\\\/author\\\/stefanie-zeng\\\/\"}]}<\/script>\n<!-- \/ Yoast SEO plugin. -->","yoast_head_json":{"title":"Il DDPS e altri uffici federali sostengono la sicurezza dell'Eurovision Song Contest a Basilea - Save","description":"La Confederazione contribuisce in modo significativo alla sicurezza dell'importante Eurovision Song Contest che si terr\u00e0 a Basilea dall'11 al 17 maggio 2025.","robots":{"index":"index","follow":"follow","max-snippet":"max-snippet:-1","max-image-preview":"max-image-preview:large","max-video-preview":"max-video-preview:-1"},"canonical":"https:\/\/news.save.ch\/it\/vbs-und-weitere-bundesstellen-unterstuetzen-sicherheit-des-eurovision-song-contest-in-basel\/","og_locale":"it_IT","og_type":"article","og_title":"VBS und weitere Bundesstellen unterst\u00fctzen Sicherheit des Eurovision Song Contest in Basel - Save","og_description":"Der Bund tr\u00e4gt massgeblich zur Sicherheit des Grossanlasses Eurovision Song Contest in Basel vom 11. bis 17. Mai 2025 bei.","og_url":"https:\/\/news.save.ch\/it\/vbs-und-weitere-bundesstellen-unterstuetzen-sicherheit-des-eurovision-song-contest-in-basel\/","og_site_name":"Save","article_published_time":"2025-05-08T09:14:57+00:00","article_modified_time":"2025-05-08T09:15:00+00:00","og_image":[{"width":1400,"height":788,"url":"https:\/\/news.save.ch\/wp-content\/uploads\/2025\/05\/ESC2025_StageDesign_4-C-SRGSSR-scaled.jpg","type":"image\/jpeg"}],"author":"stefanie Zeng","twitter_card":"summary_large_image","twitter_misc":{"Scritto da":"stefanie Zeng","Tempo di lettura stimato":"5 minuti"},"schema":{"@context":"https:\/\/schema.org","@graph":[{"@type":"Article","@id":"https:\/\/news.save.ch\/vbs-und-weitere-bundesstellen-unterstuetzen-sicherheit-des-eurovision-song-contest-in-basel\/#article","isPartOf":{"@id":"https:\/\/news.save.ch\/vbs-und-weitere-bundesstellen-unterstuetzen-sicherheit-des-eurovision-song-contest-in-basel\/"},"author":{"name":"stefanie Zeng","@id":"https:\/\/news.save.ch\/de\/#\/schema\/person\/10917387362b3961e882740f6cf6f2a2"},"headline":"VBS und weitere Bundesstellen unterst\u00fctzen Sicherheit des Eurovision Song Contest in Basel","datePublished":"2025-05-08T09:14:57+00:00","dateModified":"2025-05-08T09:15:00+00:00","mainEntityOfPage":{"@id":"https:\/\/news.save.ch\/vbs-und-weitere-bundesstellen-unterstuetzen-sicherheit-des-eurovision-song-contest-in-basel\/"},"wordCount":825,"publisher":{"@id":"https:\/\/news.save.ch\/de\/#organization"},"image":{"@id":"https:\/\/news.save.ch\/vbs-und-weitere-bundesstellen-unterstuetzen-sicherheit-des-eurovision-song-contest-in-basel\/#primaryimage"},"thumbnailUrl":"https:\/\/news.save.ch\/wp-content\/uploads\/2025\/05\/ESC2025_StageDesign_4-C-SRGSSR-scaled.jpg","keywords":["Basel","BAZG","Eurovision Song Contest","Fedpol","VBS"],"articleSection":["SICHERHEIT"],"inLanguage":"it-IT"},{"@type":"WebPage","@id":"https:\/\/news.save.ch\/vbs-und-weitere-bundesstellen-unterstuetzen-sicherheit-des-eurovision-song-contest-in-basel\/","url":"https:\/\/news.save.ch\/vbs-und-weitere-bundesstellen-unterstuetzen-sicherheit-des-eurovision-song-contest-in-basel\/","name":"Il DDPS e altri uffici federali sostengono la sicurezza dell'Eurovision Song Contest a Basilea - Save","isPartOf":{"@id":"https:\/\/news.save.ch\/de\/#website"},"primaryImageOfPage":{"@id":"https:\/\/news.save.ch\/vbs-und-weitere-bundesstellen-unterstuetzen-sicherheit-des-eurovision-song-contest-in-basel\/#primaryimage"},"image":{"@id":"https:\/\/news.save.ch\/vbs-und-weitere-bundesstellen-unterstuetzen-sicherheit-des-eurovision-song-contest-in-basel\/#primaryimage"},"thumbnailUrl":"https:\/\/news.save.ch\/wp-content\/uploads\/2025\/05\/ESC2025_StageDesign_4-C-SRGSSR-scaled.jpg","datePublished":"2025-05-08T09:14:57+00:00","dateModified":"2025-05-08T09:15:00+00:00","description":"La Confederazione contribuisce in modo significativo alla sicurezza dell'importante Eurovision Song Contest che si terr\u00e0 a Basilea dall'11 al 17 maggio 2025.","breadcrumb":{"@id":"https:\/\/news.save.ch\/vbs-und-weitere-bundesstellen-unterstuetzen-sicherheit-des-eurovision-song-contest-in-basel\/#breadcrumb"},"inLanguage":"it-IT","potentialAction":[{"@type":"ReadAction","target":["https:\/\/news.save.ch\/vbs-und-weitere-bundesstellen-unterstuetzen-sicherheit-des-eurovision-song-contest-in-basel\/"]}]},{"@type":"ImageObject","inLanguage":"it-IT","@id":"https:\/\/news.save.ch\/vbs-und-weitere-bundesstellen-unterstuetzen-sicherheit-des-eurovision-song-contest-in-basel\/#primaryimage","url":"https:\/\/news.save.ch\/wp-content\/uploads\/2025\/05\/ESC2025_StageDesign_4-C-SRGSSR-scaled.jpg","contentUrl":"https:\/\/news.save.ch\/wp-content\/uploads\/2025\/05\/ESC2025_StageDesign_4-C-SRGSSR-scaled.jpg","width":1200,"height":675,"caption":"Bild: SRG SSR"},{"@type":"BreadcrumbList","@id":"https:\/\/news.save.ch\/vbs-und-weitere-bundesstellen-unterstuetzen-sicherheit-des-eurovision-song-contest-in-basel\/#breadcrumb","itemListElement":[{"@type":"ListItem","position":1,"name":"Home","item":"https:\/\/news.save.ch\/de\/"},{"@type":"ListItem","position":2,"name":"VBS und weitere Bundesstellen unterst\u00fctzen Sicherheit des Eurovision Song Contest in Basel"}]},{"@type":"WebSite","@id":"https:\/\/news.save.ch\/de\/#website","url":"https:\/\/news.save.ch\/de\/","name":"Risparmiare","description":"Rivista svizzera specializzata in sicurezza","publisher":{"@id":"https:\/\/news.save.ch\/de\/#organization"},"potentialAction":[{"@type":"SearchAction","target":{"@type":"EntryPoint","urlTemplate":"https:\/\/news.save.ch\/de\/?s={search_term_string}"},"query-input":{"@type":"PropertyValueSpecification","valueRequired":true,"valueName":"search_term_string"}}],"inLanguage":"it-IT"},{"@type":"Organization","@id":"https:\/\/news.save.ch\/de\/#organization","name":"Forum sulla sicurezza","url":"https:\/\/news.save.ch\/de\/","logo":{"@type":"ImageObject","inLanguage":"it-IT","@id":"https:\/\/news.save.ch\/de\/#\/schema\/logo\/image\/","url":"https:\/\/news.save.ch\/wp-content\/uploads\/2022\/06\/Logo_SF_2012.png","contentUrl":"https:\/\/news.save.ch\/wp-content\/uploads\/2022\/06\/Logo_SF_2012.png","width":1100,"height":91,"caption":"Sicherheitsforum"},"image":{"@id":"https:\/\/news.save.ch\/de\/#\/schema\/logo\/image\/"}},{"@type":"Person","@id":"https:\/\/news.save.ch\/de\/#\/schema\/person\/10917387362b3961e882740f6cf6f2a2","name":"Stefanie Zeng","image":{"@type":"ImageObject","inLanguage":"it-IT","@id":"https:\/\/secure.gravatar.com\/avatar\/eac43faa6e40bb2c41068c95c9d78bbd94c476d5efdff7abaab80bb3ea681e06?s=96&d=mm&r=g","url":"https:\/\/secure.gravatar.com\/avatar\/eac43faa6e40bb2c41068c95c9d78bbd94c476d5efdff7abaab80bb3ea681e06?s=96&d=mm&r=g","contentUrl":"https:\/\/secure.gravatar.com\/avatar\/eac43faa6e40bb2c41068c95c9d78bbd94c476d5efdff7abaab80bb3ea681e06?s=96&d=mm&r=g","caption":"stefanie Zeng"},"url":"https:\/\/news.save.ch\/it\/author\/stefanie-zeng\/"}]}},"_links":{"self":[{"href":"https:\/\/news.save.ch\/it\/wp-json\/wp\/v2\/posts\/24233","targetHints":{"allow":["GET"]}}],"collection":[{"href":"https:\/\/news.save.ch\/it\/wp-json\/wp\/v2\/posts"}],"about":[{"href":"https:\/\/news.save.ch\/it\/wp-json\/wp\/v2\/types\/post"}],"author":[{"embeddable":true,"href":"https:\/\/news.save.ch\/it\/wp-json\/wp\/v2\/users\/31"}],"replies":[{"embeddable":true,"href":"https:\/\/news.save.ch\/it\/wp-json\/wp\/v2\/comments?post=24233"}],"version-history":[{"count":2,"href":"https:\/\/news.save.ch\/it\/wp-json\/wp\/v2\/posts\/24233\/revisions"}],"predecessor-version":[{"id":24236,"href":"https:\/\/news.save.ch\/it\/wp-json\/wp\/v2\/posts\/24233\/revisions\/24236"}],"wp:featuredmedia":[{"embeddable":true,"href":"https:\/\/news.save.ch\/it\/wp-json\/wp\/v2\/media\/24234"}],"wp:attachment":[{"href":"https:\/\/news.save.ch\/it\/wp-json\/wp\/v2\/media?parent=24233"}],"wp:term":[{"taxonomy":"category","embeddable":true,"href":"https:\/\/news.save.ch\/it\/wp-json\/wp\/v2\/categories?post=24233"},{"taxonomy":"post_tag","embeddable":true,"href":"https:\/\/news.save.ch\/it\/wp-json\/wp\/v2\/tags?post=24233"}],"curies":[{"name":"wp","href":"https:\/\/api.w.org\/{rel}","templated":true}]}}