{"id":24252,"date":"2025-05-14T08:12:13","date_gmt":"2025-05-14T06:12:13","guid":{"rendered":"https:\/\/news.save.ch\/?p=24252"},"modified":"2025-05-14T08:12:13","modified_gmt":"2025-05-14T06:12:13","slug":"wirtschaftskriminelle-meist-maennlich-36-bis-55-jahre-alt-und-langjaehrige-mitarbeiter","status":null,"type":"post","link":"https:\/\/news.save.ch\/it\/wirtschaftskriminelle-meist-maennlich-36-bis-55-jahre-alt-und-langjaehrige-mitarbeiter\/","title":{"rendered":"Criminali dei colletti bianchi: per lo pi\u00f9 uomini, di et\u00e0 compresa tra i 36 e i 55 anni e dipendenti di lunga data."},"content":{"rendered":"<div class=\"section container responsivegrid content-max-width-small\" data-component-initialized=\"true\">\n<div id=\"section-81ef0df848\" class=\"cmp-container\">\n<div class=\"columncontrol utils-padding-top--medium utils-padding-bottom--medium utils-padding-horizontal--base utils-xlg-padding-horizontal--medium\">\n<div class=\"cmp-column-control\">\n<div class=\"cmp-column-control__row cmp-column-control__row--oneEven\">\n<div class=\"cmp-column-control__col\">\n<div id=\"column-073f713f60\" class=\"cmp-container\">\n<div class=\"text\">\n<div id=\"text-a9dee932a9\" class=\"cmp-text\" data-cmp-data-layer=\"{&quot;text-a9dee932a9&quot;:{&quot;repo:modifyDate&quot;:&quot;2025-05-12T05:55:20Z&quot;,&quot;@type&quot;:&quot;kpmg\/components\/content\/text&quot;}}\">\n<figure id=\"attachment_24253\" aria-describedby=\"caption-attachment-24253\" style=\"width: 1000px\" class=\"wp-caption alignnone\"><a href=\"https:\/\/news.save.ch\/it\/wirtschaftskriminelle-meist-maennlich-36-bis-55-jahre-alt-und-langjaehrige-mitarbeiter\/businessman-putting-money-in-his-pocket\/\" rel=\"attachment wp-att-24253\"><img loading=\"lazy\" decoding=\"async\" class=\"size-full wp-image-24253\" src=\"https:\/\/news.save.ch\/wp-content\/uploads\/2025\/05\/Depositphotos_359223934_S.jpg\" alt=\"\" width=\"1000\" height=\"667\" srcset=\"https:\/\/news.save.ch\/wp-content\/uploads\/2025\/05\/Depositphotos_359223934_S.jpg 1000w, https:\/\/news.save.ch\/wp-content\/uploads\/2025\/05\/Depositphotos_359223934_S-680x454.jpg 680w, https:\/\/news.save.ch\/wp-content\/uploads\/2025\/05\/Depositphotos_359223934_S-768x512.jpg 768w, https:\/\/news.save.ch\/wp-content\/uploads\/2025\/05\/Depositphotos_359223934_S-18x12.jpg 18w, https:\/\/news.save.ch\/wp-content\/uploads\/2025\/05\/Depositphotos_359223934_S-375x250.jpg 375w, https:\/\/news.save.ch\/wp-content\/uploads\/2025\/05\/Depositphotos_359223934_S-525x350.jpg 525w\" sizes=\"auto, (max-width: 1000px) 100vw, 1000px\" \/><\/a><figcaption id=\"caption-attachment-24253\" class=\"wp-caption-text\">Immagine: Depositphotos\/Tiko0305<\/figcaption><\/figure>\n<ul>\n<li>Il tipico criminale dei colletti bianchi \u00e8 maschio, ha un'et\u00e0 compresa tra i 36 e i 55 anni e lavora per l'azienda da pi\u00f9 di sei anni. Solo l'8% \u00e8 un criminale solitario.<\/li>\n<\/ul>\n<ul>\n<li>46 % dei casi di frode sono stati commessi senza tecnologia - i cyberattacchi, l'IA e le criptovalute hanno giocato finora solo un ruolo minore.<\/li>\n<\/ul>\n<ul>\n<li>I reati pi\u00f9 comuni sono stati l'appropriazione indebita di beni, la falsificazione e il furto.<\/li>\n<\/ul>\n<ul>\n<li>Un caso di frode su cinque ha riguardato un reato di importo superiore a 5 milioni di dollari.<\/li>\n<\/ul>\n<ul>\n<li>I controlli interni sono fondamentali per la prevenzione e l'individuazione delle frodi.<\/li>\n<\/ul>\n<\/div>\n<\/div>\n<div class=\"text utils-padding-vertical--x-small utils-xlg-padding-vertical--base\">\n<div id=\"text-bcbd2e55bf\" class=\"cmp-text\" data-cmp-data-layer=\"{&quot;text-bcbd2e55bf&quot;:{&quot;repo:modifyDate&quot;:&quot;2025-05-09T06:34:55Z&quot;,&quot;@type&quot;:&quot;kpmg\/components\/content\/text&quot;}}\">\n<p>L'attuale studio di KPMG\u00a0<i>Il nemico interno - Profilazione del truffatore aziendale<\/i> mostra che, nonostante i diversi casi di crimini dei colletti bianchi, \u00e8 possibile identificare alcune caratteristiche comuni tra gli autori.<\/p>\n<\/div>\n<\/div>\n<\/div>\n<\/div>\n<\/div>\n<\/div>\n<\/div>\n<\/div>\n<\/div>\n<div class=\"section container responsivegrid content-max-width-small\" data-component-initialized=\"true\">\n<div id=\"section-89da319798\" class=\"cmp-container\">\n<div class=\"columncontrol utils-padding-top--medium utils-padding-bottom--medium utils-padding-horizontal--base utils-xlg-padding-horizontal--medium\">\n<div class=\"cmp-column-control\">\n<div class=\"cmp-column-control__row cmp-column-control__row--oneEven\">\n<div class=\"cmp-column-control__col\">\n<div id=\"column-22ec7a290a\" class=\"cmp-container\">\n<div class=\"title\">\n<div id=\"title-4eb4af13a4\" class=\"cmp-title\" data-cmp-data-layer=\"{&quot;title-4eb4af13a4&quot;:{&quot;@type&quot;:&quot;core\/wcm\/components\/title\/v3\/title&quot;,&quot;repo:modifyDate&quot;:&quot;2025-05-09T06:35:00Z&quot;,&quot;dc:title&quot;:&quot;Freundlich, extrovertiert und angesehen&quot;}}\">\n<h3 class=\"cmp-title__text\">Amichevole, estroverso e rispettato<\/h3>\n<\/div>\n<\/div>\n<div class=\"text\">\n<div id=\"text-a1ea4174a9\" class=\"cmp-text\" data-cmp-data-layer=\"{&quot;text-a1ea4174a9&quot;:{&quot;repo:modifyDate&quot;:&quot;2025-05-09T06:35:09Z&quot;,&quot;@type&quot;:&quot;kpmg\/components\/content\/text&quot;}}\">\n<p>Se ci fosse un profilo tipico di un criminale dei colletti bianchi, sarebbe di sesso maschile, di et\u00e0 compresa tra i 36 e i 55 anni e lavorerebbe per l'azienda da pi\u00f9 di sei anni. Gli autori non mostrano comportamenti sospetti come risentimento verso l'azienda o segni di problemi personali o professionali. Sono considerati amichevoli ed estroversi e sono generalmente percepiti come persone di rispetto - ma questa facciata spesso nasconde un forte senso di superiorit\u00e0.<\/p>\n<p>Lo studio mostra anche che quasi tre quarti dei casi di frode (71%) sono stati commessi da gruppi di due-cinque persone, mentre 8 % sono stati commessi da singoli e 21 % da gruppi di pi\u00f9 di cinque persone. Spesso si trattava di dipendenti di aziende multinazionali. Le donne sono state coinvolte anche in 52% dei casi di frode commessi da due o pi\u00f9 persone.<\/p>\n<\/div>\n<\/div>\n<div class=\"title\">\n<div id=\"title-dba443a059\" class=\"cmp-title\" data-cmp-data-layer=\"{&quot;title-dba443a059&quot;:{&quot;@type&quot;:&quot;core\/wcm\/components\/title\/v3\/title&quot;,&quot;repo:modifyDate&quot;:&quot;2025-05-09T06:35:14Z&quot;,&quot;dc:title&quot;:&quot;Technologie noch kein entscheidender Faktor &quot;}}\">\n<h3 class=\"cmp-title__text\">La tecnologia non \u00e8 ancora un fattore decisivo<\/h3>\n<\/div>\n<\/div>\n<div class=\"text\">\n<div id=\"text-475f3fcb15\" class=\"cmp-text\" data-cmp-data-layer=\"{&quot;text-475f3fcb15&quot;:{&quot;repo:modifyDate&quot;:&quot;2025-05-09T06:35:31Z&quot;,&quot;@type&quot;:&quot;kpmg\/components\/content\/text&quot;}}\">\n<p>Nonostante la crescente digitalizzazione, 46% dei casi di frode sono stati commessi senza l'uso della tecnologia, mentre questa ha avuto un ruolo minore solo in 35%. \"L'uso della tecnologia lascia tracce digitali che possono essere riconosciute pi\u00f9 facilmente e rapidamente. Inoltre, le aziende utilizzano sempre pi\u00f9 spesso soluzioni tecnologiche per ottimizzare i propri meccanismi di difesa\", afferma Bob Dillen, responsabile del settore Forensics di KPMG Svizzera.<\/p>\n<p>Dillen prevede che in futuro la digitalizzazione e l'IA in particolare svolgeranno un ruolo sempre pi\u00f9 importante nella criminalit\u00e0 dei colletti bianchi, non da ultimo a causa del crescente utilizzo di \"deepfakes\", ad esempio per simulare i poteri esecutivi.<\/p>\n<\/div>\n<\/div>\n<div class=\"title\">\n<div id=\"title-dc984e9076\" class=\"cmp-title\" data-cmp-data-layer=\"{&quot;title-dc984e9076&quot;:{&quot;@type&quot;:&quot;core\/wcm\/components\/title\/v3\/title&quot;,&quot;repo:modifyDate&quot;:&quot;2025-05-08T12:53:51Z&quot;,&quot;dc:title&quot;:&quot;Finanzieller Gewinn im Fokus&quot;}}\">\n<h3 class=\"cmp-title__text\">Concentrarsi sul profitto finanziario<\/h3>\n<\/div>\n<\/div>\n<div class=\"text\">\n<div id=\"text-69a4336f3a\" class=\"cmp-text\" data-cmp-data-layer=\"{&quot;text-69a4336f3a&quot;:{&quot;repo:modifyDate&quot;:&quot;2025-05-12T05:55:40Z&quot;,&quot;@type&quot;:&quot;kpmg\/components\/content\/text&quot;}}\">\n<p>Il movente principale dei reati dei colletti bianchi \u00e8 il guadagno finanziario, seguito dall'opportunismo. Solo raramente i reati vengono commessi per necessit\u00e0 finanziarie o per nascondere una cattiva condotta personale come le perdite. I reati pi\u00f9 comuni sono stati l'appropriazione indebita di beni (52%), seguita dalla falsificazione (29%) e dal furto (24%).<\/p>\n<p>In poco meno della met\u00e0 dei casi di frode (45%), l'importo del reato era inferiore a 500.000 dollari USA. In un caso su cinque l'importo del reato era superiore a 5 milioni di dollari USA.<\/p>\n<\/div>\n<\/div>\n<div class=\"title\">\n<div id=\"title-51e7fd02c1\" class=\"cmp-title\" data-cmp-data-layer=\"{&quot;title-51e7fd02c1&quot;:{&quot;@type&quot;:&quot;core\/wcm\/components\/title\/v3\/title&quot;,&quot;repo:modifyDate&quot;:&quot;2025-05-08T12:54:14Z&quot;,&quot;dc:title&quot;:&quot;Schwache interne Kontrollen als Hauptursache f\u00fcr Wirtschaftskriminalit\u00e4t&quot;}}\">\n<h3 class=\"cmp-title__text\">La debolezza dei controlli interni come causa principale dei crimini dei colletti bianchi<\/h3>\n<\/div>\n<\/div>\n<div class=\"text\">\n<div id=\"text-4bcfac67e3\" class=\"cmp-text\" data-cmp-data-layer=\"{&quot;text-4bcfac67e3&quot;:{&quot;repo:modifyDate&quot;:&quot;2025-05-09T15:08:09Z&quot;,&quot;@type&quot;:&quot;kpmg\/components\/content\/text&quot;}}\">\n<p>In 76% dei casi di frode, i controlli interni erano insufficienti. 51% delle aziende interessate non disponevano nemmeno di meccanismi di controllo adeguati al momento della frode, mentre le altre aziende hanno citato i codici di condotta (81%), le revisioni interne (64%) e le segnalazioni (60%) come strumenti di controllo pi\u00f9 comuni.<\/p>\n<p>Il metodo di rilevamento pi\u00f9 importante \u00e8 stato quello delle informazioni ricevute attraverso canali interni ufficiali, come le linee dirette di whistleblowing, o da fonti informali. \"Per ridurre la criminalit\u00e0 dei colletti bianchi non bastano sistemi efficaci, ma anche dipendenti sensibilizzati ai rischi e responsabilizzati\", afferma Dillen.<\/p>\n<\/div>\n<\/div>\n<div class=\"text utils-background-grey-100 light-theme utils-padding-vertical--x-small utils-md-padding-vertical--base utils-xlg-padding-vertical--large utils-padding-horizontal--x-small utils-md-padding-horizontal--base utils-xlg-padding-horizontal--large\">\n<div id=\"text-489d4857d6\" class=\"cmp-text\" data-cmp-data-layer=\"{&quot;text-489d4857d6&quot;:{&quot;repo:modifyDate&quot;:&quot;2025-05-09T06:35:58Z&quot;,&quot;@type&quot;:&quot;kpmg\/components\/content\/text&quot;}}\">\n<div class=\"greybox\">\n<p><b>Metodologia<br \/>\n<\/b><br \/>\nLo studio si basa su 256 casi di frode che sono stati indagati dagli uffici nazionali di KPMG negli ultimi cinque anni per conto delle organizzazioni interessate. Sulla base di questionari, analisi dettagliate dei casi e interviste dirette con gli autori, il rapporto fornisce un quadro fondato di almeno 669 frodatori e dei reati da loro commessi.<\/p>\n<\/div>\n<\/div>\n<p><em>Fonte: KPMG<\/em><\/p>\n<\/div>\n<\/div>\n<\/div>\n<\/div>\n<\/div>\n<\/div>\n<\/div>\n<\/div>","protected":false},"excerpt":{"rendered":"<p>Der typische Wirtschaftskriminelle ist m\u00e4nnlich, zwischen 36 und 55 Jahre alt und seit mehr als sechs Jahren im Unternehmen t\u00e4tig. Nur 8% sind Einzelt\u00e4ter. 46\u202f% der Betrugsf\u00e4lle wurden ohne Technologie begangen \u2013 Cyberangriffe, KI und Kryptow\u00e4hrungen spielen bislang nur eine untergeordnete Rolle. H\u00e4ufigste Delikte waren Verm\u00f6gensveruntreuung, Urkundenf\u00e4lschung und Diebstahl. Jeder f\u00fcnfte Betrugsfall wies eine Deliktsumme [&hellip;]<\/p>\n","protected":false},"author":31,"featured_media":24253,"comment_status":"closed","ping_status":"closed","sticky":false,"template":"","format":"standard","meta":{"_acf_changed":false,"pgc_sgb_lightbox_settings":"","footnotes":""},"categories":[3312],"tags":[468,347,6586,6585,115],"class_list":["post-24252","post","type-post","status-publish","format-standard","has-post-thumbnail","hentry","category-sicherheit","tag-betrug","tag-diebstahl","tag-kpmg","tag-veruntreuung","tag-wirtschaftskriminalitaet"],"acf":[],"hkrextid":null,"publication":null,"issue":null,"workflow":null,"startPage":null,"spitzmarke":null,"_posts_by_tag_page_fields":null,"_at_widget":null,"_yoast_wpseo_primary_category":"3312","_yoast_wpseo_focuskw_text_input":null,"_yoast_wpseo_opengraph-image":null,"_yoast_wpseo_opengraph-description":null,"_yoast_wpseo_opengraph-title":null,"enclosure":null,"_yoast_wpseo_twitter-title":null,"_yoast_wpseo_twitter-description":null,"_yoast_wpseo_twitter-image":null,"_wp_old_slug":null,"_yoast_wpseo_title":null,"_yoast_wpseo_canonical":null,"yoast_head":"<!-- This site is optimized with the Yoast SEO plugin v27.4 - https:\/\/yoast.com\/product\/yoast-seo-wordpress\/ -->\n<title>Wirtschaftskriminelle: meist m\u00e4nnlich, 36 bis 55 Jahre alt und langj\u00e4hrige Mitarbeiter - Save<\/title>\n<meta name=\"description\" content=\"Wirtschaftskriminelle agieren selten allein und sind meist fester Bestandteil des Unternehmens: m\u00e4nnlich, erfahren, gut integriert.\" \/>\n<meta name=\"robots\" content=\"index, follow, max-snippet:-1, max-image-preview:large, max-video-preview:-1\" \/>\n<link rel=\"canonical\" href=\"https:\/\/news.save.ch\/it\/wirtschaftskriminelle-meist-maennlich-36-bis-55-jahre-alt-und-langjaehrige-mitarbeiter\/\" \/>\n<meta property=\"og:locale\" content=\"it_IT\" \/>\n<meta property=\"og:type\" content=\"article\" \/>\n<meta property=\"og:title\" content=\"Wirtschaftskriminelle: meist m\u00e4nnlich, 36 bis 55 Jahre alt und langj\u00e4hrige Mitarbeiter - Save\" \/>\n<meta property=\"og:description\" content=\"Wirtschaftskriminelle agieren selten allein und sind meist fester Bestandteil des Unternehmens: m\u00e4nnlich, erfahren, gut integriert.\" \/>\n<meta property=\"og:url\" content=\"https:\/\/news.save.ch\/it\/wirtschaftskriminelle-meist-maennlich-36-bis-55-jahre-alt-und-langjaehrige-mitarbeiter\/\" \/>\n<meta property=\"og:site_name\" content=\"Save\" \/>\n<meta property=\"article:published_time\" content=\"2025-05-14T06:12:13+00:00\" \/>\n<meta property=\"og:image\" content=\"https:\/\/news.save.ch\/wp-content\/uploads\/2025\/05\/Depositphotos_359223934_S.jpg\" \/>\n\t<meta property=\"og:image:width\" content=\"1000\" \/>\n\t<meta property=\"og:image:height\" content=\"667\" \/>\n\t<meta property=\"og:image:type\" content=\"image\/jpeg\" \/>\n<meta name=\"author\" content=\"stefanie Zeng\" \/>\n<meta name=\"twitter:card\" content=\"summary_large_image\" \/>\n<meta name=\"twitter:label1\" content=\"Scritto da\" \/>\n\t<meta name=\"twitter:data1\" content=\"stefanie Zeng\" \/>\n\t<meta name=\"twitter:label2\" content=\"Tempo di lettura stimato\" \/>\n\t<meta name=\"twitter:data2\" content=\"4 minuti\" \/>\n<script type=\"application\/ld+json\" class=\"yoast-schema-graph\">{\"@context\":\"https:\\\/\\\/schema.org\",\"@graph\":[{\"@type\":\"Article\",\"@id\":\"https:\\\/\\\/news.save.ch\\\/wirtschaftskriminelle-meist-maennlich-36-bis-55-jahre-alt-und-langjaehrige-mitarbeiter\\\/#article\",\"isPartOf\":{\"@id\":\"https:\\\/\\\/news.save.ch\\\/wirtschaftskriminelle-meist-maennlich-36-bis-55-jahre-alt-und-langjaehrige-mitarbeiter\\\/\"},\"author\":{\"name\":\"stefanie Zeng\",\"@id\":\"https:\\\/\\\/news.save.ch\\\/de\\\/#\\\/schema\\\/person\\\/10917387362b3961e882740f6cf6f2a2\"},\"headline\":\"Wirtschaftskriminelle: meist m\u00e4nnlich, 36 bis 55 Jahre alt und langj\u00e4hrige Mitarbeiter\",\"datePublished\":\"2025-05-14T06:12:13+00:00\",\"mainEntityOfPage\":{\"@id\":\"https:\\\/\\\/news.save.ch\\\/wirtschaftskriminelle-meist-maennlich-36-bis-55-jahre-alt-und-langjaehrige-mitarbeiter\\\/\"},\"wordCount\":595,\"publisher\":{\"@id\":\"https:\\\/\\\/news.save.ch\\\/de\\\/#organization\"},\"image\":{\"@id\":\"https:\\\/\\\/news.save.ch\\\/wirtschaftskriminelle-meist-maennlich-36-bis-55-jahre-alt-und-langjaehrige-mitarbeiter\\\/#primaryimage\"},\"thumbnailUrl\":\"https:\\\/\\\/news.save.ch\\\/wp-content\\\/uploads\\\/2025\\\/05\\\/Depositphotos_359223934_S.jpg\",\"keywords\":[\"Betrug\",\"Diebstahl\",\"KPMG\",\"Veruntreuung\",\"Wirtschaftskriminalit\u00e4t\"],\"articleSection\":[\"SICHERHEIT\"],\"inLanguage\":\"it-IT\"},{\"@type\":\"WebPage\",\"@id\":\"https:\\\/\\\/news.save.ch\\\/wirtschaftskriminelle-meist-maennlich-36-bis-55-jahre-alt-und-langjaehrige-mitarbeiter\\\/\",\"url\":\"https:\\\/\\\/news.save.ch\\\/wirtschaftskriminelle-meist-maennlich-36-bis-55-jahre-alt-und-langjaehrige-mitarbeiter\\\/\",\"name\":\"Wirtschaftskriminelle: meist m\u00e4nnlich, 36 bis 55 Jahre alt und langj\u00e4hrige Mitarbeiter - Save\",\"isPartOf\":{\"@id\":\"https:\\\/\\\/news.save.ch\\\/de\\\/#website\"},\"primaryImageOfPage\":{\"@id\":\"https:\\\/\\\/news.save.ch\\\/wirtschaftskriminelle-meist-maennlich-36-bis-55-jahre-alt-und-langjaehrige-mitarbeiter\\\/#primaryimage\"},\"image\":{\"@id\":\"https:\\\/\\\/news.save.ch\\\/wirtschaftskriminelle-meist-maennlich-36-bis-55-jahre-alt-und-langjaehrige-mitarbeiter\\\/#primaryimage\"},\"thumbnailUrl\":\"https:\\\/\\\/news.save.ch\\\/wp-content\\\/uploads\\\/2025\\\/05\\\/Depositphotos_359223934_S.jpg\",\"datePublished\":\"2025-05-14T06:12:13+00:00\",\"description\":\"Wirtschaftskriminelle agieren selten allein und sind meist fester Bestandteil des Unternehmens: m\u00e4nnlich, erfahren, gut integriert.\",\"breadcrumb\":{\"@id\":\"https:\\\/\\\/news.save.ch\\\/wirtschaftskriminelle-meist-maennlich-36-bis-55-jahre-alt-und-langjaehrige-mitarbeiter\\\/#breadcrumb\"},\"inLanguage\":\"it-IT\",\"potentialAction\":[{\"@type\":\"ReadAction\",\"target\":[\"https:\\\/\\\/news.save.ch\\\/wirtschaftskriminelle-meist-maennlich-36-bis-55-jahre-alt-und-langjaehrige-mitarbeiter\\\/\"]}]},{\"@type\":\"ImageObject\",\"inLanguage\":\"it-IT\",\"@id\":\"https:\\\/\\\/news.save.ch\\\/wirtschaftskriminelle-meist-maennlich-36-bis-55-jahre-alt-und-langjaehrige-mitarbeiter\\\/#primaryimage\",\"url\":\"https:\\\/\\\/news.save.ch\\\/wp-content\\\/uploads\\\/2025\\\/05\\\/Depositphotos_359223934_S.jpg\",\"contentUrl\":\"https:\\\/\\\/news.save.ch\\\/wp-content\\\/uploads\\\/2025\\\/05\\\/Depositphotos_359223934_S.jpg\",\"width\":1000,\"height\":667,\"caption\":\"Bild: Depositphotos\\\/Tiko0305\"},{\"@type\":\"BreadcrumbList\",\"@id\":\"https:\\\/\\\/news.save.ch\\\/wirtschaftskriminelle-meist-maennlich-36-bis-55-jahre-alt-und-langjaehrige-mitarbeiter\\\/#breadcrumb\",\"itemListElement\":[{\"@type\":\"ListItem\",\"position\":1,\"name\":\"Home\",\"item\":\"https:\\\/\\\/news.save.ch\\\/de\\\/\"},{\"@type\":\"ListItem\",\"position\":2,\"name\":\"Wirtschaftskriminelle: meist m\u00e4nnlich, 36 bis 55 Jahre alt und langj\u00e4hrige Mitarbeiter\"}]},{\"@type\":\"WebSite\",\"@id\":\"https:\\\/\\\/news.save.ch\\\/de\\\/#website\",\"url\":\"https:\\\/\\\/news.save.ch\\\/de\\\/\",\"name\":\"Save\",\"description\":\"Schweizer Fachzeitschrift f\u00fcr Sicherheit\",\"publisher\":{\"@id\":\"https:\\\/\\\/news.save.ch\\\/de\\\/#organization\"},\"potentialAction\":[{\"@type\":\"SearchAction\",\"target\":{\"@type\":\"EntryPoint\",\"urlTemplate\":\"https:\\\/\\\/news.save.ch\\\/de\\\/?s={search_term_string}\"},\"query-input\":{\"@type\":\"PropertyValueSpecification\",\"valueRequired\":true,\"valueName\":\"search_term_string\"}}],\"inLanguage\":\"it-IT\"},{\"@type\":\"Organization\",\"@id\":\"https:\\\/\\\/news.save.ch\\\/de\\\/#organization\",\"name\":\"Sicherheitsforum\",\"url\":\"https:\\\/\\\/news.save.ch\\\/de\\\/\",\"logo\":{\"@type\":\"ImageObject\",\"inLanguage\":\"it-IT\",\"@id\":\"https:\\\/\\\/news.save.ch\\\/de\\\/#\\\/schema\\\/logo\\\/image\\\/\",\"url\":\"https:\\\/\\\/news.save.ch\\\/wp-content\\\/uploads\\\/2022\\\/06\\\/Logo_SF_2012.png\",\"contentUrl\":\"https:\\\/\\\/news.save.ch\\\/wp-content\\\/uploads\\\/2022\\\/06\\\/Logo_SF_2012.png\",\"width\":1100,\"height\":91,\"caption\":\"Sicherheitsforum\"},\"image\":{\"@id\":\"https:\\\/\\\/news.save.ch\\\/de\\\/#\\\/schema\\\/logo\\\/image\\\/\"}},{\"@type\":\"Person\",\"@id\":\"https:\\\/\\\/news.save.ch\\\/de\\\/#\\\/schema\\\/person\\\/10917387362b3961e882740f6cf6f2a2\",\"name\":\"stefanie Zeng\",\"image\":{\"@type\":\"ImageObject\",\"inLanguage\":\"it-IT\",\"@id\":\"https:\\\/\\\/secure.gravatar.com\\\/avatar\\\/eac43faa6e40bb2c41068c95c9d78bbd94c476d5efdff7abaab80bb3ea681e06?s=96&d=mm&r=g\",\"url\":\"https:\\\/\\\/secure.gravatar.com\\\/avatar\\\/eac43faa6e40bb2c41068c95c9d78bbd94c476d5efdff7abaab80bb3ea681e06?s=96&d=mm&r=g\",\"contentUrl\":\"https:\\\/\\\/secure.gravatar.com\\\/avatar\\\/eac43faa6e40bb2c41068c95c9d78bbd94c476d5efdff7abaab80bb3ea681e06?s=96&d=mm&r=g\",\"caption\":\"stefanie Zeng\"},\"url\":\"https:\\\/\\\/news.save.ch\\\/it\\\/author\\\/stefanie-zeng\\\/\"}]}<\/script>\n<!-- \/ Yoast SEO plugin. -->","yoast_head_json":{"title":"Criminali dei colletti bianchi: per lo pi\u00f9 uomini, di et\u00e0 compresa tra i 36 e i 55 anni e dipendenti di lunga data - Salva","description":"I criminali dei colletti bianchi raramente agiscono da soli e di solito sono parte integrante dell'azienda: uomini, esperti, ben integrati.","robots":{"index":"index","follow":"follow","max-snippet":"max-snippet:-1","max-image-preview":"max-image-preview:large","max-video-preview":"max-video-preview:-1"},"canonical":"https:\/\/news.save.ch\/it\/wirtschaftskriminelle-meist-maennlich-36-bis-55-jahre-alt-und-langjaehrige-mitarbeiter\/","og_locale":"it_IT","og_type":"article","og_title":"Wirtschaftskriminelle: meist m\u00e4nnlich, 36 bis 55 Jahre alt und langj\u00e4hrige Mitarbeiter - Save","og_description":"Wirtschaftskriminelle agieren selten allein und sind meist fester Bestandteil des Unternehmens: m\u00e4nnlich, erfahren, gut integriert.","og_url":"https:\/\/news.save.ch\/it\/wirtschaftskriminelle-meist-maennlich-36-bis-55-jahre-alt-und-langjaehrige-mitarbeiter\/","og_site_name":"Save","article_published_time":"2025-05-14T06:12:13+00:00","og_image":[{"width":1000,"height":667,"url":"https:\/\/news.save.ch\/wp-content\/uploads\/2025\/05\/Depositphotos_359223934_S.jpg","type":"image\/jpeg"}],"author":"stefanie Zeng","twitter_card":"summary_large_image","twitter_misc":{"Scritto da":"stefanie Zeng","Tempo di lettura stimato":"4 minuti"},"schema":{"@context":"https:\/\/schema.org","@graph":[{"@type":"Article","@id":"https:\/\/news.save.ch\/wirtschaftskriminelle-meist-maennlich-36-bis-55-jahre-alt-und-langjaehrige-mitarbeiter\/#article","isPartOf":{"@id":"https:\/\/news.save.ch\/wirtschaftskriminelle-meist-maennlich-36-bis-55-jahre-alt-und-langjaehrige-mitarbeiter\/"},"author":{"name":"stefanie Zeng","@id":"https:\/\/news.save.ch\/de\/#\/schema\/person\/10917387362b3961e882740f6cf6f2a2"},"headline":"Wirtschaftskriminelle: meist m\u00e4nnlich, 36 bis 55 Jahre alt und langj\u00e4hrige Mitarbeiter","datePublished":"2025-05-14T06:12:13+00:00","mainEntityOfPage":{"@id":"https:\/\/news.save.ch\/wirtschaftskriminelle-meist-maennlich-36-bis-55-jahre-alt-und-langjaehrige-mitarbeiter\/"},"wordCount":595,"publisher":{"@id":"https:\/\/news.save.ch\/de\/#organization"},"image":{"@id":"https:\/\/news.save.ch\/wirtschaftskriminelle-meist-maennlich-36-bis-55-jahre-alt-und-langjaehrige-mitarbeiter\/#primaryimage"},"thumbnailUrl":"https:\/\/news.save.ch\/wp-content\/uploads\/2025\/05\/Depositphotos_359223934_S.jpg","keywords":["Betrug","Diebstahl","KPMG","Veruntreuung","Wirtschaftskriminalit\u00e4t"],"articleSection":["SICHERHEIT"],"inLanguage":"it-IT"},{"@type":"WebPage","@id":"https:\/\/news.save.ch\/wirtschaftskriminelle-meist-maennlich-36-bis-55-jahre-alt-und-langjaehrige-mitarbeiter\/","url":"https:\/\/news.save.ch\/wirtschaftskriminelle-meist-maennlich-36-bis-55-jahre-alt-und-langjaehrige-mitarbeiter\/","name":"Criminali dei colletti bianchi: per lo pi\u00f9 uomini, di et\u00e0 compresa tra i 36 e i 55 anni e dipendenti di lunga data - Salva","isPartOf":{"@id":"https:\/\/news.save.ch\/de\/#website"},"primaryImageOfPage":{"@id":"https:\/\/news.save.ch\/wirtschaftskriminelle-meist-maennlich-36-bis-55-jahre-alt-und-langjaehrige-mitarbeiter\/#primaryimage"},"image":{"@id":"https:\/\/news.save.ch\/wirtschaftskriminelle-meist-maennlich-36-bis-55-jahre-alt-und-langjaehrige-mitarbeiter\/#primaryimage"},"thumbnailUrl":"https:\/\/news.save.ch\/wp-content\/uploads\/2025\/05\/Depositphotos_359223934_S.jpg","datePublished":"2025-05-14T06:12:13+00:00","description":"I criminali dei colletti bianchi raramente agiscono da soli e di solito sono parte integrante dell'azienda: uomini, esperti, ben integrati.","breadcrumb":{"@id":"https:\/\/news.save.ch\/wirtschaftskriminelle-meist-maennlich-36-bis-55-jahre-alt-und-langjaehrige-mitarbeiter\/#breadcrumb"},"inLanguage":"it-IT","potentialAction":[{"@type":"ReadAction","target":["https:\/\/news.save.ch\/wirtschaftskriminelle-meist-maennlich-36-bis-55-jahre-alt-und-langjaehrige-mitarbeiter\/"]}]},{"@type":"ImageObject","inLanguage":"it-IT","@id":"https:\/\/news.save.ch\/wirtschaftskriminelle-meist-maennlich-36-bis-55-jahre-alt-und-langjaehrige-mitarbeiter\/#primaryimage","url":"https:\/\/news.save.ch\/wp-content\/uploads\/2025\/05\/Depositphotos_359223934_S.jpg","contentUrl":"https:\/\/news.save.ch\/wp-content\/uploads\/2025\/05\/Depositphotos_359223934_S.jpg","width":1000,"height":667,"caption":"Bild: Depositphotos\/Tiko0305"},{"@type":"BreadcrumbList","@id":"https:\/\/news.save.ch\/wirtschaftskriminelle-meist-maennlich-36-bis-55-jahre-alt-und-langjaehrige-mitarbeiter\/#breadcrumb","itemListElement":[{"@type":"ListItem","position":1,"name":"Home","item":"https:\/\/news.save.ch\/de\/"},{"@type":"ListItem","position":2,"name":"Wirtschaftskriminelle: meist m\u00e4nnlich, 36 bis 55 Jahre alt und langj\u00e4hrige Mitarbeiter"}]},{"@type":"WebSite","@id":"https:\/\/news.save.ch\/de\/#website","url":"https:\/\/news.save.ch\/de\/","name":"Risparmiare","description":"Rivista svizzera specializzata in sicurezza","publisher":{"@id":"https:\/\/news.save.ch\/de\/#organization"},"potentialAction":[{"@type":"SearchAction","target":{"@type":"EntryPoint","urlTemplate":"https:\/\/news.save.ch\/de\/?s={search_term_string}"},"query-input":{"@type":"PropertyValueSpecification","valueRequired":true,"valueName":"search_term_string"}}],"inLanguage":"it-IT"},{"@type":"Organization","@id":"https:\/\/news.save.ch\/de\/#organization","name":"Forum sulla sicurezza","url":"https:\/\/news.save.ch\/de\/","logo":{"@type":"ImageObject","inLanguage":"it-IT","@id":"https:\/\/news.save.ch\/de\/#\/schema\/logo\/image\/","url":"https:\/\/news.save.ch\/wp-content\/uploads\/2022\/06\/Logo_SF_2012.png","contentUrl":"https:\/\/news.save.ch\/wp-content\/uploads\/2022\/06\/Logo_SF_2012.png","width":1100,"height":91,"caption":"Sicherheitsforum"},"image":{"@id":"https:\/\/news.save.ch\/de\/#\/schema\/logo\/image\/"}},{"@type":"Person","@id":"https:\/\/news.save.ch\/de\/#\/schema\/person\/10917387362b3961e882740f6cf6f2a2","name":"Stefanie Zeng","image":{"@type":"ImageObject","inLanguage":"it-IT","@id":"https:\/\/secure.gravatar.com\/avatar\/eac43faa6e40bb2c41068c95c9d78bbd94c476d5efdff7abaab80bb3ea681e06?s=96&d=mm&r=g","url":"https:\/\/secure.gravatar.com\/avatar\/eac43faa6e40bb2c41068c95c9d78bbd94c476d5efdff7abaab80bb3ea681e06?s=96&d=mm&r=g","contentUrl":"https:\/\/secure.gravatar.com\/avatar\/eac43faa6e40bb2c41068c95c9d78bbd94c476d5efdff7abaab80bb3ea681e06?s=96&d=mm&r=g","caption":"stefanie Zeng"},"url":"https:\/\/news.save.ch\/it\/author\/stefanie-zeng\/"}]}},"_links":{"self":[{"href":"https:\/\/news.save.ch\/it\/wp-json\/wp\/v2\/posts\/24252","targetHints":{"allow":["GET"]}}],"collection":[{"href":"https:\/\/news.save.ch\/it\/wp-json\/wp\/v2\/posts"}],"about":[{"href":"https:\/\/news.save.ch\/it\/wp-json\/wp\/v2\/types\/post"}],"author":[{"embeddable":true,"href":"https:\/\/news.save.ch\/it\/wp-json\/wp\/v2\/users\/31"}],"replies":[{"embeddable":true,"href":"https:\/\/news.save.ch\/it\/wp-json\/wp\/v2\/comments?post=24252"}],"version-history":[{"count":2,"href":"https:\/\/news.save.ch\/it\/wp-json\/wp\/v2\/posts\/24252\/revisions"}],"predecessor-version":[{"id":24255,"href":"https:\/\/news.save.ch\/it\/wp-json\/wp\/v2\/posts\/24252\/revisions\/24255"}],"wp:featuredmedia":[{"embeddable":true,"href":"https:\/\/news.save.ch\/it\/wp-json\/wp\/v2\/media\/24253"}],"wp:attachment":[{"href":"https:\/\/news.save.ch\/it\/wp-json\/wp\/v2\/media?parent=24252"}],"wp:term":[{"taxonomy":"category","embeddable":true,"href":"https:\/\/news.save.ch\/it\/wp-json\/wp\/v2\/categories?post=24252"},{"taxonomy":"post_tag","embeddable":true,"href":"https:\/\/news.save.ch\/it\/wp-json\/wp\/v2\/tags?post=24252"}],"curies":[{"name":"wp","href":"https:\/\/api.w.org\/{rel}","templated":true}]}}