{"id":24279,"date":"2025-05-26T11:45:20","date_gmt":"2025-05-26T09:45:20","guid":{"rendered":"https:\/\/news.save.ch\/?p=24279"},"modified":"2025-05-26T11:45:28","modified_gmt":"2025-05-26T09:45:28","slug":"bundesrat-martin-pfister-praesentiert-seine-schwerpunkte-in-der-sicherheitspolitik","status":null,"type":"post","link":"https:\/\/news.save.ch\/it\/bundesrat-martin-pfister-praesentiert-seine-schwerpunkte-in-der-sicherheitspolitik\/","title":{"rendered":"Il Consigliere federale Martin Pfister presenta le sue priorit\u00e0 in materia di politica di sicurezza"},"content":{"rendered":"<figure id=\"attachment_24282\" aria-describedby=\"caption-attachment-24282\" style=\"width: 1294px\" class=\"wp-caption alignnone\"><a href=\"https:\/\/news.save.ch\/it\/bundesrat-martin-pfister-praesentiert-seine-schwerpunkte-in-der-sicherheitspolitik\/bildschirmfoto-2025-05-26-um-11-39-28\/\" rel=\"attachment wp-att-24282\"><img loading=\"lazy\" decoding=\"async\" class=\"size-full wp-image-24282\" src=\"https:\/\/news.save.ch\/wp-content\/uploads\/2025\/05\/Bildschirmfoto-2025-05-26-um-11.39.28.png\" alt=\"\" width=\"1294\" height=\"970\" srcset=\"https:\/\/news.save.ch\/wp-content\/uploads\/2025\/05\/Bildschirmfoto-2025-05-26-um-11.39.28.png 1200w, https:\/\/news.save.ch\/wp-content\/uploads\/2025\/05\/Bildschirmfoto-2025-05-26-um-11.39.28-680x510.png 680w, https:\/\/news.save.ch\/wp-content\/uploads\/2025\/05\/Bildschirmfoto-2025-05-26-um-11.39.28-1024x768.png 1024w, https:\/\/news.save.ch\/wp-content\/uploads\/2025\/05\/Bildschirmfoto-2025-05-26-um-11.39.28-768x576.png 768w, https:\/\/news.save.ch\/wp-content\/uploads\/2025\/05\/Bildschirmfoto-2025-05-26-um-11.39.28-16x12.png 16w, https:\/\/news.save.ch\/wp-content\/uploads\/2025\/05\/Bildschirmfoto-2025-05-26-um-11.39.28-375x281.png 375w, https:\/\/news.save.ch\/wp-content\/uploads\/2025\/05\/Bildschirmfoto-2025-05-26-um-11.39.28-467x350.png 467w, https:\/\/news.save.ch\/wp-content\/uploads\/2025\/05\/Bildschirmfoto-2025-05-26-um-11.39.28-1000x750.png 1000w\" sizes=\"auto, (max-width: 1294px) 100vw, 1294px\" \/><\/a><figcaption id=\"caption-attachment-24282\" class=\"wp-caption-text\">Foto: Screenshot, vbs.admin.ch (26.05.2025)<\/figcaption><\/figure>\n<p id=\"doc-1is5mhu4b0\" class=\"font--regular\">Il nuovo capo del DDPS, il Consigliere federale Martin Pfister, traccia un bilancio positivo delle sue prime settimane di mandato in occasione della conferenza stampa presso la base militare di Bure. La collaborazione e la collegialit\u00e0 in seno al Consiglio federale sono state costruttive ed egli ha trovato nel Dipartimento un team motivato. Allo stesso tempo, l'attuale situazione della politica di sicurezza non lascia tempo per lunghi silenzi. \"Gli sconvolgimenti geopolitici dimostrano in modo impressionante quanto le questioni di sicurezza siano critiche per la Svizzera\", ha dichiarato il consigliere federale Pfister. Dopo una prima valutazione della situazione, dopo soli 50 giorni il consigliere federale definisce le sue priorit\u00e0 in materia di politica di sicurezza, definendo tre aree d'azione fondamentali.<\/p>\n<h3 id=\"doc-1is5mi3pp0\" class=\"h2\">1. sviluppare strategicamente la politica di sicurezza della Svizzera<\/h3>\n<p id=\"doc-1is5mi3pp1\" class=\"font--regular\">La sicurezza della Svizzera \u00e8 pi\u00f9 a rischio di quanto non lo sia stata per decenni, afferma il capo del DDPS. L'attacco della Russia all'Ucraina rappresenta un cambiamento epocale. Gli attacchi ibridi come lo spionaggio, gli attacchi informatici e le operazioni di influenza potrebbero assumere proporzioni ancora maggiori in futuro. Secondo il Consigliere federale Pfister, la Svizzera deve quindi assumere un maggiore controllo della propria sicurezza. Occorre utilizzare tutti i mezzi a disposizione.<\/p>\n<p id=\"doc-1is5min1e1\" class=\"font--regular\">A tal fine, sotto la guida della Segreteria di Stato per la politica di sicurezza SEPOS, si sta sviluppando una prima strategia di politica di sicurezza della Svizzera. \"\u00c8 giunto il momento di sviluppare ulteriormente la sicurezza della Svizzera in modo strategico\", afferma il capo del DDPS.<\/p>\n<h3 id=\"doc-1is5mi3pq0\" class=\"h2\">2. organizzare l'esercito in modo che possa contrastare efficacemente le minacce<\/h3>\n<p id=\"doc-1is5mi3pq1\" class=\"font--regular\">Il Consigliere federale Pfister sottolinea che l'esercito deve tornare a concentrarsi maggiormente sulla difesa. \"Un esercito capace di difendersi non \u00e8 una reliquia dei tempi passati, ma una necessit\u00e0 per la protezione di societ\u00e0 moderne come la nostra\", afferma il capo del DDPS. L'esercito non protegge solo il territorio, ma anche i valori della Svizzera\".<\/p>\n<p id=\"doc-1is5mi3pq2\" class=\"font--regular\">Con il previsto aumento del bilancio dell'esercito all'1% del PIL entro il 2032, il primo passo verso il rafforzamento delle capacit\u00e0 di difesa pu\u00f2 essere completato entro la fine degli anni 2030. In particolare, si tratta di nuovi sistemi di artiglieria, pi\u00f9 munizioni, moderne infrastrutture informatiche e difesa aerea.<\/p>\n<p id=\"doc-1is5mi3pr0\" class=\"font--regular\">Il Consigliere federale Pfister ha inoltre incaricato il Gruppo Difesa di dare priorit\u00e0 al lavoro sulla visione e sull'orientamento strategico di un esercito capace di difendere. Questa immagine target si basa sulle seguenti linee guida: in primo luogo, l'esercito \u00e8 orientato principalmente alla difesa e, in secondo luogo, la sua struttura dovrebbe essere tale da non richiedere alcuna riorganizzazione o solo una piccola riorganizzazione in caso di transizione verso una situazione di difesa. Nel corso di questo lavoro, sar\u00e0 rivista anche l'attuale struttura di comando dell'esercito.<\/p>\n<p id=\"doc-1is5mi3pr1\" class=\"font--regular\">Inoltre, la cooperazione internazionale deve essere ampliata e i finanziamenti stabilizzati, \"sempre con l'obiettivo di rafforzare rapidamente le capacit\u00e0 di difesa delle nostre forze armate\", afferma il Consigliere federale Pfister.<\/p>\n<h3 id=\"doc-1is5mi3pr2\" class=\"h2\">3. rafforzare la fiducia politica e pubblica nel DDPS<\/h3>\n<p id=\"doc-1is5mi3pr3\" class=\"font--regular\">Anche il Consigliere federale Martin Pfister si concentra sulla fiducia politica e pubblica nel Dipartimento. \"Voglio consolidare ci\u00f2 che \u00e8 ben consolidato e apportare modifiche laddove necessario\", spiega. Nelle sue prime settimane al DDPS, ha rafforzato la supervisione di progetti e programmi riunendo i settori legati ai progetti nella Segreteria generale del DDPS e raggruppando il lavoro.<\/p>\n<p id=\"doc-1is5mi3ps0\" class=\"font--regular\">Come prima misura concreta, la Segreteria generale sta assumendo un ruolo pi\u00f9 incisivo nei comitati di progetto. Ci\u00f2 consentir\u00e0 in futuro di monitorare pi\u00f9 da vicino i progetti e di gestirli in modo pi\u00f9 efficace, se necessario.<\/p>\n<h3 id=\"doc-1is5mi3ps1\" class=\"h2\">Tutte le forze devono unirsi<\/h3>\n<p id=\"doc-1is5mi3ps2\" class=\"font--regular\">Il Consigliere federale Martin Pfister si impegna per una politica di sicurezza che protegga la popolazione, le infrastrutture critiche e i mezzi di sussistenza della Svizzera, salvaguardando al contempo la sovranit\u00e0 e l'autodeterminazione del Paese. Un compito impegnativo, ma fattibile: \"Se c'\u00e8 un Paese che ha le capacit\u00e0 per affrontare questa sfida, quello \u00e8 la Svizzera\", afferma Pfister. Nelle numerose discussioni delle prime settimane, ha percepito un'ampia disponibilit\u00e0 ad assumersi la responsabilit\u00e0 della sicurezza del Paese. Ora \u00e8 importante agire in modo rapido e deciso. Per questo \u00e8 necessario che tutte le forze si uniscano. Pfister vuole promuovere un dialogo aperto - in Consiglio federale, con il Parlamento, i Cantoni e la popolazione.<\/p>","protected":false},"excerpt":{"rendered":"<p>Der neue Chef VBS, Bundesrat Martin Pfister, blickt anl\u00e4sslich der Medienkonferenz auf dem Waffenplatz Bure positiv auf seine ersten Wochen im Amt zur\u00fcck. Im Bundesrat herrsche eine konstruktive Zusammenarbeit und Kollegialit\u00e4t, und im Departement habe er ein motiviertes Team angetroffen. Gleichzeitig lasse die aktuelle sicherheitspolitische Lage keine Zeit f\u00fcr langes Schweigen. \u00abDie geopolitischen Umw\u00e4lzungen illustrieren [&hellip;]<\/p>\n","protected":false},"author":31,"featured_media":0,"comment_status":"closed","ping_status":"closed","sticky":false,"template":"","format":"standard","meta":{"_acf_changed":false,"pgc_sgb_lightbox_settings":"","footnotes":""},"categories":[3312],"tags":[168,6588,1494,922],"class_list":["post-24279","post","type-post","status-publish","format-standard","hentry","category-sicherheit","tag-bundesrat","tag-martin-pfister","tag-sicherheitspolitik","tag-vbs"],"acf":[],"hkrextid":null,"publication":null,"issue":null,"workflow":null,"startPage":null,"spitzmarke":null,"_posts_by_tag_page_fields":null,"_at_widget":null,"_yoast_wpseo_primary_category":"3312","_yoast_wpseo_focuskw_text_input":null,"_yoast_wpseo_opengraph-image":null,"_yoast_wpseo_opengraph-description":null,"_yoast_wpseo_opengraph-title":null,"enclosure":null,"_yoast_wpseo_twitter-title":null,"_yoast_wpseo_twitter-description":null,"_yoast_wpseo_twitter-image":null,"_wp_old_slug":null,"_yoast_wpseo_title":null,"_yoast_wpseo_canonical":null,"yoast_head":"<!-- This site is optimized with the Yoast SEO plugin v27.4 - https:\/\/yoast.com\/product\/yoast-seo-wordpress\/ -->\n<title>Bundesrat Martin Pfister pr\u00e4sentiert seine Schwerpunkte in der Sicherheitspolitik - Save<\/title>\n<meta name=\"description\" content=\"Angesichts der sicherheitspolitischen Herausforderungen pr\u00e4sentiert Bundesrat Martin Pfister bereits nach rund 50 Tagen im Amt seine Schwerpunkte.\" \/>\n<meta name=\"robots\" content=\"index, follow, max-snippet:-1, max-image-preview:large, max-video-preview:-1\" \/>\n<link rel=\"canonical\" href=\"https:\/\/news.save.ch\/it\/bundesrat-martin-pfister-praesentiert-seine-schwerpunkte-in-der-sicherheitspolitik\/\" \/>\n<meta property=\"og:locale\" content=\"it_IT\" \/>\n<meta property=\"og:type\" content=\"article\" \/>\n<meta property=\"og:title\" content=\"Bundesrat Martin Pfister pr\u00e4sentiert seine Schwerpunkte in der Sicherheitspolitik - Save\" \/>\n<meta property=\"og:description\" content=\"Angesichts der sicherheitspolitischen Herausforderungen pr\u00e4sentiert Bundesrat Martin Pfister bereits nach rund 50 Tagen im Amt seine Schwerpunkte.\" \/>\n<meta property=\"og:url\" content=\"https:\/\/news.save.ch\/it\/bundesrat-martin-pfister-praesentiert-seine-schwerpunkte-in-der-sicherheitspolitik\/\" \/>\n<meta property=\"og:site_name\" content=\"Save\" \/>\n<meta property=\"article:published_time\" content=\"2025-05-26T09:45:20+00:00\" \/>\n<meta property=\"article:modified_time\" content=\"2025-05-26T09:45:28+00:00\" \/>\n<meta property=\"og:image\" content=\"https:\/\/news.save.ch\/wp-content\/uploads\/2025\/05\/Bildschirmfoto-2025-05-26-um-11.39.28.png\" \/>\n\t<meta property=\"og:image:width\" content=\"1200\" \/>\n\t<meta property=\"og:image:height\" content=\"900\" \/>\n\t<meta property=\"og:image:type\" content=\"image\/png\" \/>\n<meta name=\"author\" content=\"stefanie Zeng\" \/>\n<meta name=\"twitter:card\" content=\"summary_large_image\" \/>\n<meta name=\"twitter:label1\" content=\"Scritto da\" \/>\n\t<meta name=\"twitter:data1\" content=\"stefanie Zeng\" \/>\n\t<meta name=\"twitter:label2\" content=\"Tempo di lettura stimato\" \/>\n\t<meta name=\"twitter:data2\" content=\"4 minuti\" \/>\n<script type=\"application\/ld+json\" class=\"yoast-schema-graph\">{\"@context\":\"https:\\\/\\\/schema.org\",\"@graph\":[{\"@type\":\"Article\",\"@id\":\"https:\\\/\\\/news.save.ch\\\/bundesrat-martin-pfister-praesentiert-seine-schwerpunkte-in-der-sicherheitspolitik\\\/#article\",\"isPartOf\":{\"@id\":\"https:\\\/\\\/news.save.ch\\\/bundesrat-martin-pfister-praesentiert-seine-schwerpunkte-in-der-sicherheitspolitik\\\/\"},\"author\":{\"name\":\"stefanie Zeng\",\"@id\":\"https:\\\/\\\/news.save.ch\\\/de\\\/#\\\/schema\\\/person\\\/10917387362b3961e882740f6cf6f2a2\"},\"headline\":\"Bundesrat Martin Pfister pr\u00e4sentiert seine Schwerpunkte in der Sicherheitspolitik\",\"datePublished\":\"2025-05-26T09:45:20+00:00\",\"dateModified\":\"2025-05-26T09:45:28+00:00\",\"mainEntityOfPage\":{\"@id\":\"https:\\\/\\\/news.save.ch\\\/bundesrat-martin-pfister-praesentiert-seine-schwerpunkte-in-der-sicherheitspolitik\\\/\"},\"wordCount\":660,\"publisher\":{\"@id\":\"https:\\\/\\\/news.save.ch\\\/de\\\/#organization\"},\"image\":{\"@id\":\"https:\\\/\\\/news.save.ch\\\/bundesrat-martin-pfister-praesentiert-seine-schwerpunkte-in-der-sicherheitspolitik\\\/#primaryimage\"},\"thumbnailUrl\":\"https:\\\/\\\/news.save.ch\\\/wp-content\\\/uploads\\\/2025\\\/05\\\/Bildschirmfoto-2025-05-26-um-11.39.28.png\",\"keywords\":[\"Bundesrat\",\"Martin Pfister\",\"Sicherheitspolitik\",\"VBS\"],\"articleSection\":[\"SICHERHEIT\"],\"inLanguage\":\"it-IT\"},{\"@type\":\"WebPage\",\"@id\":\"https:\\\/\\\/news.save.ch\\\/bundesrat-martin-pfister-praesentiert-seine-schwerpunkte-in-der-sicherheitspolitik\\\/\",\"url\":\"https:\\\/\\\/news.save.ch\\\/bundesrat-martin-pfister-praesentiert-seine-schwerpunkte-in-der-sicherheitspolitik\\\/\",\"name\":\"Bundesrat Martin Pfister pr\u00e4sentiert seine Schwerpunkte in der Sicherheitspolitik - Save\",\"isPartOf\":{\"@id\":\"https:\\\/\\\/news.save.ch\\\/de\\\/#website\"},\"primaryImageOfPage\":{\"@id\":\"https:\\\/\\\/news.save.ch\\\/bundesrat-martin-pfister-praesentiert-seine-schwerpunkte-in-der-sicherheitspolitik\\\/#primaryimage\"},\"image\":{\"@id\":\"https:\\\/\\\/news.save.ch\\\/bundesrat-martin-pfister-praesentiert-seine-schwerpunkte-in-der-sicherheitspolitik\\\/#primaryimage\"},\"thumbnailUrl\":\"https:\\\/\\\/news.save.ch\\\/wp-content\\\/uploads\\\/2025\\\/05\\\/Bildschirmfoto-2025-05-26-um-11.39.28.png\",\"datePublished\":\"2025-05-26T09:45:20+00:00\",\"dateModified\":\"2025-05-26T09:45:28+00:00\",\"description\":\"Angesichts der sicherheitspolitischen Herausforderungen pr\u00e4sentiert Bundesrat Martin Pfister bereits nach rund 50 Tagen im Amt seine Schwerpunkte.\",\"breadcrumb\":{\"@id\":\"https:\\\/\\\/news.save.ch\\\/bundesrat-martin-pfister-praesentiert-seine-schwerpunkte-in-der-sicherheitspolitik\\\/#breadcrumb\"},\"inLanguage\":\"it-IT\",\"potentialAction\":[{\"@type\":\"ReadAction\",\"target\":[\"https:\\\/\\\/news.save.ch\\\/bundesrat-martin-pfister-praesentiert-seine-schwerpunkte-in-der-sicherheitspolitik\\\/\"]}]},{\"@type\":\"ImageObject\",\"inLanguage\":\"it-IT\",\"@id\":\"https:\\\/\\\/news.save.ch\\\/bundesrat-martin-pfister-praesentiert-seine-schwerpunkte-in-der-sicherheitspolitik\\\/#primaryimage\",\"url\":\"https:\\\/\\\/news.save.ch\\\/wp-content\\\/uploads\\\/2025\\\/05\\\/Bildschirmfoto-2025-05-26-um-11.39.28.png\",\"contentUrl\":\"https:\\\/\\\/news.save.ch\\\/wp-content\\\/uploads\\\/2025\\\/05\\\/Bildschirmfoto-2025-05-26-um-11.39.28.png\"},{\"@type\":\"BreadcrumbList\",\"@id\":\"https:\\\/\\\/news.save.ch\\\/bundesrat-martin-pfister-praesentiert-seine-schwerpunkte-in-der-sicherheitspolitik\\\/#breadcrumb\",\"itemListElement\":[{\"@type\":\"ListItem\",\"position\":1,\"name\":\"Home\",\"item\":\"https:\\\/\\\/news.save.ch\\\/de\\\/\"},{\"@type\":\"ListItem\",\"position\":2,\"name\":\"Bundesrat Martin Pfister pr\u00e4sentiert seine Schwerpunkte in der Sicherheitspolitik\"}]},{\"@type\":\"WebSite\",\"@id\":\"https:\\\/\\\/news.save.ch\\\/de\\\/#website\",\"url\":\"https:\\\/\\\/news.save.ch\\\/de\\\/\",\"name\":\"Save\",\"description\":\"Schweizer Fachzeitschrift f\u00fcr Sicherheit\",\"publisher\":{\"@id\":\"https:\\\/\\\/news.save.ch\\\/de\\\/#organization\"},\"potentialAction\":[{\"@type\":\"SearchAction\",\"target\":{\"@type\":\"EntryPoint\",\"urlTemplate\":\"https:\\\/\\\/news.save.ch\\\/de\\\/?s={search_term_string}\"},\"query-input\":{\"@type\":\"PropertyValueSpecification\",\"valueRequired\":true,\"valueName\":\"search_term_string\"}}],\"inLanguage\":\"it-IT\"},{\"@type\":\"Organization\",\"@id\":\"https:\\\/\\\/news.save.ch\\\/de\\\/#organization\",\"name\":\"Sicherheitsforum\",\"url\":\"https:\\\/\\\/news.save.ch\\\/de\\\/\",\"logo\":{\"@type\":\"ImageObject\",\"inLanguage\":\"it-IT\",\"@id\":\"https:\\\/\\\/news.save.ch\\\/de\\\/#\\\/schema\\\/logo\\\/image\\\/\",\"url\":\"https:\\\/\\\/news.save.ch\\\/wp-content\\\/uploads\\\/2022\\\/06\\\/Logo_SF_2012.png\",\"contentUrl\":\"https:\\\/\\\/news.save.ch\\\/wp-content\\\/uploads\\\/2022\\\/06\\\/Logo_SF_2012.png\",\"width\":1100,\"height\":91,\"caption\":\"Sicherheitsforum\"},\"image\":{\"@id\":\"https:\\\/\\\/news.save.ch\\\/de\\\/#\\\/schema\\\/logo\\\/image\\\/\"}},{\"@type\":\"Person\",\"@id\":\"https:\\\/\\\/news.save.ch\\\/de\\\/#\\\/schema\\\/person\\\/10917387362b3961e882740f6cf6f2a2\",\"name\":\"stefanie Zeng\",\"image\":{\"@type\":\"ImageObject\",\"inLanguage\":\"it-IT\",\"@id\":\"https:\\\/\\\/secure.gravatar.com\\\/avatar\\\/eac43faa6e40bb2c41068c95c9d78bbd94c476d5efdff7abaab80bb3ea681e06?s=96&d=mm&r=g\",\"url\":\"https:\\\/\\\/secure.gravatar.com\\\/avatar\\\/eac43faa6e40bb2c41068c95c9d78bbd94c476d5efdff7abaab80bb3ea681e06?s=96&d=mm&r=g\",\"contentUrl\":\"https:\\\/\\\/secure.gravatar.com\\\/avatar\\\/eac43faa6e40bb2c41068c95c9d78bbd94c476d5efdff7abaab80bb3ea681e06?s=96&d=mm&r=g\",\"caption\":\"stefanie Zeng\"},\"url\":\"https:\\\/\\\/news.save.ch\\\/it\\\/author\\\/stefanie-zeng\\\/\"}]}<\/script>\n<!-- \/ Yoast SEO plugin. -->","yoast_head_json":{"title":"Il Consigliere federale Martin Pfister presenta le sue priorit\u00e0 in materia di politica di sicurezza - Save","description":"Alla luce delle sfide della politica di sicurezza, il Consigliere federale Martin Pfister presenta le sue priorit\u00e0 dopo soli 50 giorni di mandato.","robots":{"index":"index","follow":"follow","max-snippet":"max-snippet:-1","max-image-preview":"max-image-preview:large","max-video-preview":"max-video-preview:-1"},"canonical":"https:\/\/news.save.ch\/it\/bundesrat-martin-pfister-praesentiert-seine-schwerpunkte-in-der-sicherheitspolitik\/","og_locale":"it_IT","og_type":"article","og_title":"Bundesrat Martin Pfister pr\u00e4sentiert seine Schwerpunkte in der Sicherheitspolitik - Save","og_description":"Angesichts der sicherheitspolitischen Herausforderungen pr\u00e4sentiert Bundesrat Martin Pfister bereits nach rund 50 Tagen im Amt seine Schwerpunkte.","og_url":"https:\/\/news.save.ch\/it\/bundesrat-martin-pfister-praesentiert-seine-schwerpunkte-in-der-sicherheitspolitik\/","og_site_name":"Save","article_published_time":"2025-05-26T09:45:20+00:00","article_modified_time":"2025-05-26T09:45:28+00:00","og_image":[{"width":1200,"height":900,"url":"https:\/\/news.save.ch\/wp-content\/uploads\/2025\/05\/Bildschirmfoto-2025-05-26-um-11.39.28.png","type":"image\/png"}],"author":"stefanie Zeng","twitter_card":"summary_large_image","twitter_misc":{"Scritto da":"stefanie Zeng","Tempo di lettura stimato":"4 minuti"},"schema":{"@context":"https:\/\/schema.org","@graph":[{"@type":"Article","@id":"https:\/\/news.save.ch\/bundesrat-martin-pfister-praesentiert-seine-schwerpunkte-in-der-sicherheitspolitik\/#article","isPartOf":{"@id":"https:\/\/news.save.ch\/bundesrat-martin-pfister-praesentiert-seine-schwerpunkte-in-der-sicherheitspolitik\/"},"author":{"name":"stefanie Zeng","@id":"https:\/\/news.save.ch\/de\/#\/schema\/person\/10917387362b3961e882740f6cf6f2a2"},"headline":"Bundesrat Martin Pfister pr\u00e4sentiert seine Schwerpunkte in der Sicherheitspolitik","datePublished":"2025-05-26T09:45:20+00:00","dateModified":"2025-05-26T09:45:28+00:00","mainEntityOfPage":{"@id":"https:\/\/news.save.ch\/bundesrat-martin-pfister-praesentiert-seine-schwerpunkte-in-der-sicherheitspolitik\/"},"wordCount":660,"publisher":{"@id":"https:\/\/news.save.ch\/de\/#organization"},"image":{"@id":"https:\/\/news.save.ch\/bundesrat-martin-pfister-praesentiert-seine-schwerpunkte-in-der-sicherheitspolitik\/#primaryimage"},"thumbnailUrl":"https:\/\/news.save.ch\/wp-content\/uploads\/2025\/05\/Bildschirmfoto-2025-05-26-um-11.39.28.png","keywords":["Bundesrat","Martin Pfister","Sicherheitspolitik","VBS"],"articleSection":["SICHERHEIT"],"inLanguage":"it-IT"},{"@type":"WebPage","@id":"https:\/\/news.save.ch\/bundesrat-martin-pfister-praesentiert-seine-schwerpunkte-in-der-sicherheitspolitik\/","url":"https:\/\/news.save.ch\/bundesrat-martin-pfister-praesentiert-seine-schwerpunkte-in-der-sicherheitspolitik\/","name":"Il Consigliere federale Martin Pfister presenta le sue priorit\u00e0 in materia di politica di sicurezza - Save","isPartOf":{"@id":"https:\/\/news.save.ch\/de\/#website"},"primaryImageOfPage":{"@id":"https:\/\/news.save.ch\/bundesrat-martin-pfister-praesentiert-seine-schwerpunkte-in-der-sicherheitspolitik\/#primaryimage"},"image":{"@id":"https:\/\/news.save.ch\/bundesrat-martin-pfister-praesentiert-seine-schwerpunkte-in-der-sicherheitspolitik\/#primaryimage"},"thumbnailUrl":"https:\/\/news.save.ch\/wp-content\/uploads\/2025\/05\/Bildschirmfoto-2025-05-26-um-11.39.28.png","datePublished":"2025-05-26T09:45:20+00:00","dateModified":"2025-05-26T09:45:28+00:00","description":"Alla luce delle sfide della politica di sicurezza, il Consigliere federale Martin Pfister presenta le sue priorit\u00e0 dopo soli 50 giorni di mandato.","breadcrumb":{"@id":"https:\/\/news.save.ch\/bundesrat-martin-pfister-praesentiert-seine-schwerpunkte-in-der-sicherheitspolitik\/#breadcrumb"},"inLanguage":"it-IT","potentialAction":[{"@type":"ReadAction","target":["https:\/\/news.save.ch\/bundesrat-martin-pfister-praesentiert-seine-schwerpunkte-in-der-sicherheitspolitik\/"]}]},{"@type":"ImageObject","inLanguage":"it-IT","@id":"https:\/\/news.save.ch\/bundesrat-martin-pfister-praesentiert-seine-schwerpunkte-in-der-sicherheitspolitik\/#primaryimage","url":"https:\/\/news.save.ch\/wp-content\/uploads\/2025\/05\/Bildschirmfoto-2025-05-26-um-11.39.28.png","contentUrl":"https:\/\/news.save.ch\/wp-content\/uploads\/2025\/05\/Bildschirmfoto-2025-05-26-um-11.39.28.png"},{"@type":"BreadcrumbList","@id":"https:\/\/news.save.ch\/bundesrat-martin-pfister-praesentiert-seine-schwerpunkte-in-der-sicherheitspolitik\/#breadcrumb","itemListElement":[{"@type":"ListItem","position":1,"name":"Home","item":"https:\/\/news.save.ch\/de\/"},{"@type":"ListItem","position":2,"name":"Bundesrat Martin Pfister pr\u00e4sentiert seine Schwerpunkte in der Sicherheitspolitik"}]},{"@type":"WebSite","@id":"https:\/\/news.save.ch\/de\/#website","url":"https:\/\/news.save.ch\/de\/","name":"Risparmiare","description":"Rivista svizzera specializzata in sicurezza","publisher":{"@id":"https:\/\/news.save.ch\/de\/#organization"},"potentialAction":[{"@type":"SearchAction","target":{"@type":"EntryPoint","urlTemplate":"https:\/\/news.save.ch\/de\/?s={search_term_string}"},"query-input":{"@type":"PropertyValueSpecification","valueRequired":true,"valueName":"search_term_string"}}],"inLanguage":"it-IT"},{"@type":"Organization","@id":"https:\/\/news.save.ch\/de\/#organization","name":"Forum sulla sicurezza","url":"https:\/\/news.save.ch\/de\/","logo":{"@type":"ImageObject","inLanguage":"it-IT","@id":"https:\/\/news.save.ch\/de\/#\/schema\/logo\/image\/","url":"https:\/\/news.save.ch\/wp-content\/uploads\/2022\/06\/Logo_SF_2012.png","contentUrl":"https:\/\/news.save.ch\/wp-content\/uploads\/2022\/06\/Logo_SF_2012.png","width":1100,"height":91,"caption":"Sicherheitsforum"},"image":{"@id":"https:\/\/news.save.ch\/de\/#\/schema\/logo\/image\/"}},{"@type":"Person","@id":"https:\/\/news.save.ch\/de\/#\/schema\/person\/10917387362b3961e882740f6cf6f2a2","name":"Stefanie Zeng","image":{"@type":"ImageObject","inLanguage":"it-IT","@id":"https:\/\/secure.gravatar.com\/avatar\/eac43faa6e40bb2c41068c95c9d78bbd94c476d5efdff7abaab80bb3ea681e06?s=96&d=mm&r=g","url":"https:\/\/secure.gravatar.com\/avatar\/eac43faa6e40bb2c41068c95c9d78bbd94c476d5efdff7abaab80bb3ea681e06?s=96&d=mm&r=g","contentUrl":"https:\/\/secure.gravatar.com\/avatar\/eac43faa6e40bb2c41068c95c9d78bbd94c476d5efdff7abaab80bb3ea681e06?s=96&d=mm&r=g","caption":"stefanie Zeng"},"url":"https:\/\/news.save.ch\/it\/author\/stefanie-zeng\/"}]}},"_links":{"self":[{"href":"https:\/\/news.save.ch\/it\/wp-json\/wp\/v2\/posts\/24279","targetHints":{"allow":["GET"]}}],"collection":[{"href":"https:\/\/news.save.ch\/it\/wp-json\/wp\/v2\/posts"}],"about":[{"href":"https:\/\/news.save.ch\/it\/wp-json\/wp\/v2\/types\/post"}],"author":[{"embeddable":true,"href":"https:\/\/news.save.ch\/it\/wp-json\/wp\/v2\/users\/31"}],"replies":[{"embeddable":true,"href":"https:\/\/news.save.ch\/it\/wp-json\/wp\/v2\/comments?post=24279"}],"version-history":[{"count":2,"href":"https:\/\/news.save.ch\/it\/wp-json\/wp\/v2\/posts\/24279\/revisions"}],"predecessor-version":[{"id":24284,"href":"https:\/\/news.save.ch\/it\/wp-json\/wp\/v2\/posts\/24279\/revisions\/24284"}],"wp:attachment":[{"href":"https:\/\/news.save.ch\/it\/wp-json\/wp\/v2\/media?parent=24279"}],"wp:term":[{"taxonomy":"category","embeddable":true,"href":"https:\/\/news.save.ch\/it\/wp-json\/wp\/v2\/categories?post=24279"},{"taxonomy":"post_tag","embeddable":true,"href":"https:\/\/news.save.ch\/it\/wp-json\/wp\/v2\/tags?post=24279"}],"curies":[{"name":"wp","href":"https:\/\/api.w.org\/{rel}","templated":true}]}}