{"id":24300,"date":"2025-06-02T12:32:06","date_gmt":"2025-06-02T10:32:06","guid":{"rendered":"https:\/\/news.save.ch\/?p=24300"},"modified":"2025-06-02T12:32:11","modified_gmt":"2025-06-02T10:32:11","slug":"axis-communications-erweitert-produktportfolio","status":null,"type":"post","link":"https:\/\/news.save.ch\/it\/axis-communications-erweitert-produktportfolio\/","title":{"rendered":"Axis Communications amplia il portafoglio prodotti"},"content":{"rendered":"<figure id=\"attachment_24301\" aria-describedby=\"caption-attachment-24301\" style=\"width: 1400px\" class=\"wp-caption alignnone\"><a href=\"https:\/\/news.save.ch\/it\/axis-communications-erweitert-produktportfolio\/axis-d6210-air-quality-sensor_2_copyright-axis-communications-scaled\/\" rel=\"attachment wp-att-24301\"><img loading=\"lazy\" decoding=\"async\" class=\"size-full wp-image-24301\" src=\"https:\/\/news.save.ch\/wp-content\/uploads\/2025\/06\/AXIS-D6210-Air-Quality-Sensor_2_Copyright-Axis-Communications-scaled-1-scaled.jpg\" alt=\"\" width=\"1400\" height=\"933\" srcset=\"https:\/\/news.save.ch\/wp-content\/uploads\/2025\/06\/AXIS-D6210-Air-Quality-Sensor_2_Copyright-Axis-Communications-scaled-1-scaled.jpg 1200w, https:\/\/news.save.ch\/wp-content\/uploads\/2025\/06\/AXIS-D6210-Air-Quality-Sensor_2_Copyright-Axis-Communications-scaled-1-680x453.jpg 680w, https:\/\/news.save.ch\/wp-content\/uploads\/2025\/06\/AXIS-D6210-Air-Quality-Sensor_2_Copyright-Axis-Communications-scaled-1-1024x682.jpg 1024w, https:\/\/news.save.ch\/wp-content\/uploads\/2025\/06\/AXIS-D6210-Air-Quality-Sensor_2_Copyright-Axis-Communications-scaled-1-768x512.jpg 768w, https:\/\/news.save.ch\/wp-content\/uploads\/2025\/06\/AXIS-D6210-Air-Quality-Sensor_2_Copyright-Axis-Communications-scaled-1-1536x1024.jpg 1536w, https:\/\/news.save.ch\/wp-content\/uploads\/2025\/06\/AXIS-D6210-Air-Quality-Sensor_2_Copyright-Axis-Communications-scaled-1-2048x1365.jpg 2048w, https:\/\/news.save.ch\/wp-content\/uploads\/2025\/06\/AXIS-D6210-Air-Quality-Sensor_2_Copyright-Axis-Communications-scaled-1-18x12.jpg 18w, https:\/\/news.save.ch\/wp-content\/uploads\/2025\/06\/AXIS-D6210-Air-Quality-Sensor_2_Copyright-Axis-Communications-scaled-1-375x250.jpg 375w, https:\/\/news.save.ch\/wp-content\/uploads\/2025\/06\/AXIS-D6210-Air-Quality-Sensor_2_Copyright-Axis-Communications-scaled-1-525x350.jpg 525w, https:\/\/news.save.ch\/wp-content\/uploads\/2025\/06\/AXIS-D6210-Air-Quality-Sensor_2_Copyright-Axis-Communications-scaled-1-1000x666.jpg 1000w\" sizes=\"auto, (max-width: 1400px) 100vw, 1400px\" \/><\/a><figcaption id=\"caption-attachment-24301\" class=\"wp-caption-text\">Foto: Axis Communications<\/figcaption><\/figure>\n<p><span class=\"markb7d6ochzl\" data-markjs=\"true\" data-ogac=\"\" data-ogab=\"\" data-ogsc=\"\" data-ogsb=\"\">Asse<\/span>\u00a0Communications, leader tecnologico nel settore dei video di rete, lancia una categoria di prodotti completamente nuova: i sensori ambientali per la misurazione di vari parametri rilevanti per la salute e la sicurezza. Tutto inizia con il\u00a0<span class=\"markb7d6ochzl\" data-markjs=\"true\" data-ogac=\"\" data-ogab=\"\" data-ogsc=\"\" data-ogsb=\"\">ASSE<\/span>\u00a0Sensore di qualit\u00e0 dell'aria D6210, un sensore economico per la misurazione della qualit\u00e0 dell'aria negli ambienti interni.<\/p>\n<p>Il\u00a0<span class=\"markb7d6ochzl\" data-markjs=\"true\" data-ogac=\"\" data-ogab=\"\" data-ogsc=\"\" data-ogsb=\"\">ASSE<\/span> Il sensore di qualit\u00e0 dell'aria D6210 \u00e8 un sensore di qualit\u00e0 dell'aria in grado di monitorare diversi parametri di qualit\u00e0 dell'aria interna: Rileva il vapore aerosol prodotto dalle sigarette elettroniche (\"vaping\"), il fumo di sigaretta e vari inquinanti atmosferici, tra cui pollini, particolato (PM), anidride carbonica (CO<sub>2<\/sub>), ossidi di azoto (NOx) e composti organici volatili (VOC). \u00c8 inoltre in grado di misurare l'umidit\u00e0 relativa e la temperatura nell'intervallo da -10 a 45 gradi Celsius e, in combinazione con altri strumenti, di misurare l'umidit\u00e0 relativa e la temperatura. <span class=\"markb7d6ochzl\" data-markjs=\"true\" data-ogac=\"\" data-ogab=\"\" data-ogsc=\"\" data-ogsb=\"\">Asse<\/span>-Il sistema pu\u00f2 attivare reazioni automatiche in tempo reale quando vengono superati determinati valori di soglia predefiniti.<\/p>\n<h3><span data-olk-copy-source=\"MessageBody\">Flessibilit\u00e0 di installazione e utilizzo<\/span><\/h3>\n<p>Questo \u00e8 possibile grazie alla tecnologia Portcast di\u00a0<span class=\"markb7d6ochzl\" data-markjs=\"true\" data-ogac=\"\" data-ogab=\"\" data-ogsc=\"\" data-ogsb=\"\">Asse<\/span>. Consente di integrare perfettamente il sensore in soluzioni di rete esistenti e selezionate.\u00a0<span class=\"markb7d6ochzl\" data-markjs=\"true\" data-ogac=\"\" data-ogab=\"\" data-ogsc=\"\" data-ogsb=\"\">Asse<\/span>\u00a0- tra cui circa la met\u00e0 di quelli attualmente disponibili\u00a0<span class=\"markb7d6ochzl\" data-markjs=\"true\" data-ogac=\"\" data-ogab=\"\" data-ogsc=\"\" data-ogsb=\"\">Asse<\/span>-telecamere di rete - senza la necessit\u00e0 di indirizzi IP, porte di switch o connessioni di alimentazione aggiuntive. Ad esempio, \u00e8 possibile visualizzare i parametri della qualit\u00e0 dell'aria nella sezione immagini di una telecamera di rete collegata o emettere un messaggio di avvertimento tramite un altoparlante per segnalare una scarsa qualit\u00e0 dell'aria.<\/p>\n<figure id=\"attachment_24302\" aria-describedby=\"caption-attachment-24302\" style=\"width: 1400px\" class=\"wp-caption alignnone\"><a href=\"https:\/\/news.save.ch\/it\/axis-communications-erweitert-produktportfolio\/axis-d6210-air-quality-sensor_7_copyright-axis-communication-scaled\/\" rel=\"attachment wp-att-24302\"><img loading=\"lazy\" decoding=\"async\" class=\"size-full wp-image-24302\" src=\"https:\/\/news.save.ch\/wp-content\/uploads\/2025\/06\/AXIS-D6210-Air-Quality-Sensor_7_Copyright-Axis-Communication-scaled-1-scaled.jpg\" alt=\"\" width=\"1400\" height=\"933\" srcset=\"https:\/\/news.save.ch\/wp-content\/uploads\/2025\/06\/AXIS-D6210-Air-Quality-Sensor_7_Copyright-Axis-Communication-scaled-1-scaled.jpg 1200w, https:\/\/news.save.ch\/wp-content\/uploads\/2025\/06\/AXIS-D6210-Air-Quality-Sensor_7_Copyright-Axis-Communication-scaled-1-680x453.jpg 680w, https:\/\/news.save.ch\/wp-content\/uploads\/2025\/06\/AXIS-D6210-Air-Quality-Sensor_7_Copyright-Axis-Communication-scaled-1-1024x682.jpg 1024w, https:\/\/news.save.ch\/wp-content\/uploads\/2025\/06\/AXIS-D6210-Air-Quality-Sensor_7_Copyright-Axis-Communication-scaled-1-768x512.jpg 768w, https:\/\/news.save.ch\/wp-content\/uploads\/2025\/06\/AXIS-D6210-Air-Quality-Sensor_7_Copyright-Axis-Communication-scaled-1-1536x1024.jpg 1536w, https:\/\/news.save.ch\/wp-content\/uploads\/2025\/06\/AXIS-D6210-Air-Quality-Sensor_7_Copyright-Axis-Communication-scaled-1-2048x1365.jpg 2048w, https:\/\/news.save.ch\/wp-content\/uploads\/2025\/06\/AXIS-D6210-Air-Quality-Sensor_7_Copyright-Axis-Communication-scaled-1-18x12.jpg 18w, https:\/\/news.save.ch\/wp-content\/uploads\/2025\/06\/AXIS-D6210-Air-Quality-Sensor_7_Copyright-Axis-Communication-scaled-1-375x250.jpg 375w, https:\/\/news.save.ch\/wp-content\/uploads\/2025\/06\/AXIS-D6210-Air-Quality-Sensor_7_Copyright-Axis-Communication-scaled-1-525x350.jpg 525w, https:\/\/news.save.ch\/wp-content\/uploads\/2025\/06\/AXIS-D6210-Air-Quality-Sensor_7_Copyright-Axis-Communication-scaled-1-1000x666.jpg 1000w\" sizes=\"auto, (max-width: 1400px) 100vw, 1400px\" \/><\/a><figcaption id=\"caption-attachment-24302\" class=\"wp-caption-text\">Foto: Axis Communications<\/figcaption><\/figure>\n<p>Per una maggiore flessibilit\u00e0 di posizionamento, il sensore pu\u00f2 essere collocato fino a 100 metri di distanza dal dispositivo di rete o dalla fonte di alimentazione. Poich\u00e9 il sensore e il dispositivo collegato condividono lo stesso indirizzo IP, possono essere facilmente configurati e gestiti contemporaneamente. In questo modo, la funzionalit\u00e0 dei dispositivi esistenti\u00a0<span class=\"markb7d6ochzl\" data-markjs=\"true\" data-ogac=\"\" data-ogab=\"\" data-ogsc=\"\" data-ogsb=\"\">Asse<\/span>-e creare una soluzione flessibile end-to-end per la misurazione della qualit\u00e0 dell'aria interna.<\/p>\n<h3>Una leva per i miglioramenti a lungo termine<\/h3>\n<p>Oltre a migliorare la qualit\u00e0 dell'aria negli ambienti interni, le aziende possono anche utilizzare la\u00a0<span class=\"markb7d6ochzl\" data-markjs=\"true\" data-ogac=\"\" data-ogab=\"\" data-ogsc=\"\" data-ogsb=\"\">ASSE<\/span> D6210 per documentare la conformit\u00e0 ai requisiti normativi. Inoltre, possono adattare la strategia di ventilazione e riscaldamento per risparmiare sui costi energetici e ridurre l'impatto ambientale. In combinazione con altri set di dati, ci\u00f2 consentir\u00e0 loro di pianificare e implementare iniziative di smart building in modo pi\u00f9 efficace a lungo termine.<\/p>","protected":false},"excerpt":{"rendered":"<p>Axis\u00a0Communications, Technologief\u00fchrer im Bereich Netzwerk-Video, launcht eine komplett neue Produktkategorie: Umgebungssensoren zur Messung verschiedener gesundheits- und sicherheitsrelevanter Parameter. Den Anfang macht der\u00a0AXIS\u00a0D6210 Air Quality Sensor, ein kosteng\u00fcnstiger Luftqualit\u00e4tssensor zur Messung von Luftqualit\u00e4t in Innenr\u00e4umen. Der\u00a0AXIS D6210 Air Quality Sensor kann als Luftqualit\u00e4tssensor verschiedene Parameter der Raumluftqualit\u00e4t \u00fcberwachen: Er erkennt von E-Zigaretten erzeugten Aerosol-Dampf (engl. \u00abVaping\u00bb), [&hellip;]<\/p>\n","protected":false},"author":31,"featured_media":0,"comment_status":"closed","ping_status":"closed","sticky":false,"template":"","format":"standard","meta":{"_acf_changed":false,"pgc_sgb_lightbox_settings":"","footnotes":""},"categories":[3314],"tags":[343],"class_list":["post-24300","post","type-post","status-publish","format-standard","hentry","category-health-safety","tag-axis"],"acf":[],"hkrextid":null,"publication":null,"issue":null,"workflow":null,"startPage":null,"spitzmarke":null,"_posts_by_tag_page_fields":null,"_at_widget":null,"_yoast_wpseo_primary_category":"3314","_yoast_wpseo_focuskw_text_input":null,"_yoast_wpseo_opengraph-image":null,"_yoast_wpseo_opengraph-description":null,"_yoast_wpseo_opengraph-title":null,"enclosure":null,"_yoast_wpseo_twitter-title":null,"_yoast_wpseo_twitter-description":null,"_yoast_wpseo_twitter-image":null,"_wp_old_slug":null,"_yoast_wpseo_title":null,"_yoast_wpseo_canonical":null,"yoast_head":"<!-- This site is optimized with the Yoast SEO plugin v27.5 - https:\/\/yoast.com\/product\/yoast-seo-wordpress\/ -->\n<title>Axis Communications erweitert Produktportfolio - Save<\/title>\n<meta name=\"description\" content=\"Der erste Luftqualit\u00e4tssensor von\u00a0Axis\u00a0Communications erkennt Luftschadstoffe und unterst\u00fctzt Unternehmen bei der Verbesserung der Luftqualit\u00e4t in Innenr\u00e4umen.\" \/>\n<meta name=\"robots\" content=\"index, follow, max-snippet:-1, max-image-preview:large, max-video-preview:-1\" \/>\n<link rel=\"canonical\" href=\"https:\/\/news.save.ch\/it\/axis-communications-erweitert-produktportfolio\/\" \/>\n<meta property=\"og:locale\" content=\"it_IT\" \/>\n<meta property=\"og:type\" content=\"article\" \/>\n<meta property=\"og:title\" content=\"Axis Communications erweitert Produktportfolio - Save\" \/>\n<meta property=\"og:description\" content=\"Der erste Luftqualit\u00e4tssensor von\u00a0Axis\u00a0Communications erkennt Luftschadstoffe und unterst\u00fctzt Unternehmen bei der Verbesserung der Luftqualit\u00e4t in Innenr\u00e4umen.\" \/>\n<meta property=\"og:url\" content=\"https:\/\/news.save.ch\/it\/axis-communications-erweitert-produktportfolio\/\" \/>\n<meta property=\"og:site_name\" content=\"Save\" \/>\n<meta property=\"article:published_time\" content=\"2025-06-02T10:32:06+00:00\" \/>\n<meta property=\"article:modified_time\" content=\"2025-06-02T10:32:11+00:00\" \/>\n<meta property=\"og:image\" content=\"https:\/\/news.save.ch\/wp-content\/uploads\/2025\/06\/AXIS-D6210-Air-Quality-Sensor_2_Copyright-Axis-Communications-scaled-1-scaled.jpg\" \/>\n\t<meta property=\"og:image:width\" content=\"1200\" \/>\n\t<meta property=\"og:image:height\" content=\"800\" \/>\n\t<meta property=\"og:image:type\" content=\"image\/jpeg\" \/>\n<meta name=\"author\" content=\"stefanie Zeng\" \/>\n<meta name=\"twitter:card\" content=\"summary_large_image\" \/>\n<meta name=\"twitter:label1\" content=\"Scritto da\" \/>\n\t<meta name=\"twitter:data1\" content=\"stefanie Zeng\" \/>\n\t<meta name=\"twitter:label2\" content=\"Tempo di lettura stimato\" \/>\n\t<meta name=\"twitter:data2\" content=\"3 minuti\" \/>\n<script type=\"application\/ld+json\" class=\"yoast-schema-graph\">{\"@context\":\"https:\\\/\\\/schema.org\",\"@graph\":[{\"@type\":\"Article\",\"@id\":\"https:\\\/\\\/news.save.ch\\\/axis-communications-erweitert-produktportfolio\\\/#article\",\"isPartOf\":{\"@id\":\"https:\\\/\\\/news.save.ch\\\/axis-communications-erweitert-produktportfolio\\\/\"},\"author\":{\"name\":\"stefanie Zeng\",\"@id\":\"https:\\\/\\\/news.save.ch\\\/de\\\/#\\\/schema\\\/person\\\/10917387362b3961e882740f6cf6f2a2\"},\"headline\":\"Axis Communications erweitert Produktportfolio\",\"datePublished\":\"2025-06-02T10:32:06+00:00\",\"dateModified\":\"2025-06-02T10:32:11+00:00\",\"mainEntityOfPage\":{\"@id\":\"https:\\\/\\\/news.save.ch\\\/axis-communications-erweitert-produktportfolio\\\/\"},\"wordCount\":377,\"publisher\":{\"@id\":\"https:\\\/\\\/news.save.ch\\\/de\\\/#organization\"},\"image\":{\"@id\":\"https:\\\/\\\/news.save.ch\\\/axis-communications-erweitert-produktportfolio\\\/#primaryimage\"},\"thumbnailUrl\":\"https:\\\/\\\/news.save.ch\\\/wp-content\\\/uploads\\\/2025\\\/06\\\/AXIS-D6210-Air-Quality-Sensor_2_Copyright-Axis-Communications-scaled-1-scaled.jpg\",\"keywords\":[\"Axis\"],\"articleSection\":[\"HEALTH &amp; SAFETY\"],\"inLanguage\":\"it-IT\"},{\"@type\":\"WebPage\",\"@id\":\"https:\\\/\\\/news.save.ch\\\/axis-communications-erweitert-produktportfolio\\\/\",\"url\":\"https:\\\/\\\/news.save.ch\\\/axis-communications-erweitert-produktportfolio\\\/\",\"name\":\"Axis Communications erweitert Produktportfolio - Save\",\"isPartOf\":{\"@id\":\"https:\\\/\\\/news.save.ch\\\/de\\\/#website\"},\"primaryImageOfPage\":{\"@id\":\"https:\\\/\\\/news.save.ch\\\/axis-communications-erweitert-produktportfolio\\\/#primaryimage\"},\"image\":{\"@id\":\"https:\\\/\\\/news.save.ch\\\/axis-communications-erweitert-produktportfolio\\\/#primaryimage\"},\"thumbnailUrl\":\"https:\\\/\\\/news.save.ch\\\/wp-content\\\/uploads\\\/2025\\\/06\\\/AXIS-D6210-Air-Quality-Sensor_2_Copyright-Axis-Communications-scaled-1-scaled.jpg\",\"datePublished\":\"2025-06-02T10:32:06+00:00\",\"dateModified\":\"2025-06-02T10:32:11+00:00\",\"description\":\"Der erste Luftqualit\u00e4tssensor von\u00a0Axis\u00a0Communications erkennt Luftschadstoffe und unterst\u00fctzt Unternehmen bei der Verbesserung der Luftqualit\u00e4t in Innenr\u00e4umen.\",\"breadcrumb\":{\"@id\":\"https:\\\/\\\/news.save.ch\\\/axis-communications-erweitert-produktportfolio\\\/#breadcrumb\"},\"inLanguage\":\"it-IT\",\"potentialAction\":[{\"@type\":\"ReadAction\",\"target\":[\"https:\\\/\\\/news.save.ch\\\/axis-communications-erweitert-produktportfolio\\\/\"]}]},{\"@type\":\"ImageObject\",\"inLanguage\":\"it-IT\",\"@id\":\"https:\\\/\\\/news.save.ch\\\/axis-communications-erweitert-produktportfolio\\\/#primaryimage\",\"url\":\"https:\\\/\\\/news.save.ch\\\/wp-content\\\/uploads\\\/2025\\\/06\\\/AXIS-D6210-Air-Quality-Sensor_2_Copyright-Axis-Communications-scaled-1-scaled.jpg\",\"contentUrl\":\"https:\\\/\\\/news.save.ch\\\/wp-content\\\/uploads\\\/2025\\\/06\\\/AXIS-D6210-Air-Quality-Sensor_2_Copyright-Axis-Communications-scaled-1-scaled.jpg\"},{\"@type\":\"BreadcrumbList\",\"@id\":\"https:\\\/\\\/news.save.ch\\\/axis-communications-erweitert-produktportfolio\\\/#breadcrumb\",\"itemListElement\":[{\"@type\":\"ListItem\",\"position\":1,\"name\":\"Home\",\"item\":\"https:\\\/\\\/news.save.ch\\\/de\\\/\"},{\"@type\":\"ListItem\",\"position\":2,\"name\":\"Axis Communications erweitert Produktportfolio\"}]},{\"@type\":\"WebSite\",\"@id\":\"https:\\\/\\\/news.save.ch\\\/de\\\/#website\",\"url\":\"https:\\\/\\\/news.save.ch\\\/de\\\/\",\"name\":\"Save\",\"description\":\"Schweizer Fachzeitschrift f\u00fcr Sicherheit\",\"publisher\":{\"@id\":\"https:\\\/\\\/news.save.ch\\\/de\\\/#organization\"},\"potentialAction\":[{\"@type\":\"SearchAction\",\"target\":{\"@type\":\"EntryPoint\",\"urlTemplate\":\"https:\\\/\\\/news.save.ch\\\/de\\\/?s={search_term_string}\"},\"query-input\":{\"@type\":\"PropertyValueSpecification\",\"valueRequired\":true,\"valueName\":\"search_term_string\"}}],\"inLanguage\":\"it-IT\"},{\"@type\":\"Organization\",\"@id\":\"https:\\\/\\\/news.save.ch\\\/de\\\/#organization\",\"name\":\"Sicherheitsforum\",\"url\":\"https:\\\/\\\/news.save.ch\\\/de\\\/\",\"logo\":{\"@type\":\"ImageObject\",\"inLanguage\":\"it-IT\",\"@id\":\"https:\\\/\\\/news.save.ch\\\/de\\\/#\\\/schema\\\/logo\\\/image\\\/\",\"url\":\"https:\\\/\\\/news.save.ch\\\/wp-content\\\/uploads\\\/2022\\\/06\\\/Logo_SF_2012.png\",\"contentUrl\":\"https:\\\/\\\/news.save.ch\\\/wp-content\\\/uploads\\\/2022\\\/06\\\/Logo_SF_2012.png\",\"width\":1100,\"height\":91,\"caption\":\"Sicherheitsforum\"},\"image\":{\"@id\":\"https:\\\/\\\/news.save.ch\\\/de\\\/#\\\/schema\\\/logo\\\/image\\\/\"}},{\"@type\":\"Person\",\"@id\":\"https:\\\/\\\/news.save.ch\\\/de\\\/#\\\/schema\\\/person\\\/10917387362b3961e882740f6cf6f2a2\",\"name\":\"stefanie Zeng\",\"image\":{\"@type\":\"ImageObject\",\"inLanguage\":\"it-IT\",\"@id\":\"https:\\\/\\\/secure.gravatar.com\\\/avatar\\\/eac43faa6e40bb2c41068c95c9d78bbd94c476d5efdff7abaab80bb3ea681e06?s=96&d=mm&r=g\",\"url\":\"https:\\\/\\\/secure.gravatar.com\\\/avatar\\\/eac43faa6e40bb2c41068c95c9d78bbd94c476d5efdff7abaab80bb3ea681e06?s=96&d=mm&r=g\",\"contentUrl\":\"https:\\\/\\\/secure.gravatar.com\\\/avatar\\\/eac43faa6e40bb2c41068c95c9d78bbd94c476d5efdff7abaab80bb3ea681e06?s=96&d=mm&r=g\",\"caption\":\"stefanie Zeng\"},\"url\":\"https:\\\/\\\/news.save.ch\\\/it\\\/author\\\/stefanie-zeng\\\/\"}]}<\/script>\n<!-- \/ Yoast SEO plugin. -->","yoast_head_json":{"title":"Axis Communications amplia il portafoglio prodotti - Save","description":"Il primo sensore di qualit\u00e0 dell'aria di Axis Communications rileva gli inquinanti atmosferici e aiuta le aziende a migliorare la qualit\u00e0 dell'aria interna.","robots":{"index":"index","follow":"follow","max-snippet":"max-snippet:-1","max-image-preview":"max-image-preview:large","max-video-preview":"max-video-preview:-1"},"canonical":"https:\/\/news.save.ch\/it\/axis-communications-erweitert-produktportfolio\/","og_locale":"it_IT","og_type":"article","og_title":"Axis Communications erweitert Produktportfolio - Save","og_description":"Der erste Luftqualit\u00e4tssensor von\u00a0Axis\u00a0Communications erkennt Luftschadstoffe und unterst\u00fctzt Unternehmen bei der Verbesserung der Luftqualit\u00e4t in Innenr\u00e4umen.","og_url":"https:\/\/news.save.ch\/it\/axis-communications-erweitert-produktportfolio\/","og_site_name":"Save","article_published_time":"2025-06-02T10:32:06+00:00","article_modified_time":"2025-06-02T10:32:11+00:00","og_image":[{"width":1200,"height":800,"url":"https:\/\/news.save.ch\/wp-content\/uploads\/2025\/06\/AXIS-D6210-Air-Quality-Sensor_2_Copyright-Axis-Communications-scaled-1-scaled.jpg","type":"image\/jpeg"}],"author":"stefanie Zeng","twitter_card":"summary_large_image","twitter_misc":{"Scritto da":"stefanie Zeng","Tempo di lettura stimato":"3 minuti"},"schema":{"@context":"https:\/\/schema.org","@graph":[{"@type":"Article","@id":"https:\/\/news.save.ch\/axis-communications-erweitert-produktportfolio\/#article","isPartOf":{"@id":"https:\/\/news.save.ch\/axis-communications-erweitert-produktportfolio\/"},"author":{"name":"stefanie Zeng","@id":"https:\/\/news.save.ch\/de\/#\/schema\/person\/10917387362b3961e882740f6cf6f2a2"},"headline":"Axis Communications erweitert Produktportfolio","datePublished":"2025-06-02T10:32:06+00:00","dateModified":"2025-06-02T10:32:11+00:00","mainEntityOfPage":{"@id":"https:\/\/news.save.ch\/axis-communications-erweitert-produktportfolio\/"},"wordCount":377,"publisher":{"@id":"https:\/\/news.save.ch\/de\/#organization"},"image":{"@id":"https:\/\/news.save.ch\/axis-communications-erweitert-produktportfolio\/#primaryimage"},"thumbnailUrl":"https:\/\/news.save.ch\/wp-content\/uploads\/2025\/06\/AXIS-D6210-Air-Quality-Sensor_2_Copyright-Axis-Communications-scaled-1-scaled.jpg","keywords":["Axis"],"articleSection":["HEALTH &amp; SAFETY"],"inLanguage":"it-IT"},{"@type":"WebPage","@id":"https:\/\/news.save.ch\/axis-communications-erweitert-produktportfolio\/","url":"https:\/\/news.save.ch\/axis-communications-erweitert-produktportfolio\/","name":"Axis Communications amplia il portafoglio prodotti - Save","isPartOf":{"@id":"https:\/\/news.save.ch\/de\/#website"},"primaryImageOfPage":{"@id":"https:\/\/news.save.ch\/axis-communications-erweitert-produktportfolio\/#primaryimage"},"image":{"@id":"https:\/\/news.save.ch\/axis-communications-erweitert-produktportfolio\/#primaryimage"},"thumbnailUrl":"https:\/\/news.save.ch\/wp-content\/uploads\/2025\/06\/AXIS-D6210-Air-Quality-Sensor_2_Copyright-Axis-Communications-scaled-1-scaled.jpg","datePublished":"2025-06-02T10:32:06+00:00","dateModified":"2025-06-02T10:32:11+00:00","description":"Il primo sensore di qualit\u00e0 dell'aria di Axis Communications rileva gli inquinanti atmosferici e aiuta le aziende a migliorare la qualit\u00e0 dell'aria interna.","breadcrumb":{"@id":"https:\/\/news.save.ch\/axis-communications-erweitert-produktportfolio\/#breadcrumb"},"inLanguage":"it-IT","potentialAction":[{"@type":"ReadAction","target":["https:\/\/news.save.ch\/axis-communications-erweitert-produktportfolio\/"]}]},{"@type":"ImageObject","inLanguage":"it-IT","@id":"https:\/\/news.save.ch\/axis-communications-erweitert-produktportfolio\/#primaryimage","url":"https:\/\/news.save.ch\/wp-content\/uploads\/2025\/06\/AXIS-D6210-Air-Quality-Sensor_2_Copyright-Axis-Communications-scaled-1-scaled.jpg","contentUrl":"https:\/\/news.save.ch\/wp-content\/uploads\/2025\/06\/AXIS-D6210-Air-Quality-Sensor_2_Copyright-Axis-Communications-scaled-1-scaled.jpg"},{"@type":"BreadcrumbList","@id":"https:\/\/news.save.ch\/axis-communications-erweitert-produktportfolio\/#breadcrumb","itemListElement":[{"@type":"ListItem","position":1,"name":"Home","item":"https:\/\/news.save.ch\/de\/"},{"@type":"ListItem","position":2,"name":"Axis Communications erweitert Produktportfolio"}]},{"@type":"WebSite","@id":"https:\/\/news.save.ch\/de\/#website","url":"https:\/\/news.save.ch\/de\/","name":"Risparmiare","description":"Rivista svizzera specializzata in sicurezza","publisher":{"@id":"https:\/\/news.save.ch\/de\/#organization"},"potentialAction":[{"@type":"SearchAction","target":{"@type":"EntryPoint","urlTemplate":"https:\/\/news.save.ch\/de\/?s={search_term_string}"},"query-input":{"@type":"PropertyValueSpecification","valueRequired":true,"valueName":"search_term_string"}}],"inLanguage":"it-IT"},{"@type":"Organization","@id":"https:\/\/news.save.ch\/de\/#organization","name":"Forum sulla sicurezza","url":"https:\/\/news.save.ch\/de\/","logo":{"@type":"ImageObject","inLanguage":"it-IT","@id":"https:\/\/news.save.ch\/de\/#\/schema\/logo\/image\/","url":"https:\/\/news.save.ch\/wp-content\/uploads\/2022\/06\/Logo_SF_2012.png","contentUrl":"https:\/\/news.save.ch\/wp-content\/uploads\/2022\/06\/Logo_SF_2012.png","width":1100,"height":91,"caption":"Sicherheitsforum"},"image":{"@id":"https:\/\/news.save.ch\/de\/#\/schema\/logo\/image\/"}},{"@type":"Person","@id":"https:\/\/news.save.ch\/de\/#\/schema\/person\/10917387362b3961e882740f6cf6f2a2","name":"Stefanie Zeng","image":{"@type":"ImageObject","inLanguage":"it-IT","@id":"https:\/\/secure.gravatar.com\/avatar\/eac43faa6e40bb2c41068c95c9d78bbd94c476d5efdff7abaab80bb3ea681e06?s=96&d=mm&r=g","url":"https:\/\/secure.gravatar.com\/avatar\/eac43faa6e40bb2c41068c95c9d78bbd94c476d5efdff7abaab80bb3ea681e06?s=96&d=mm&r=g","contentUrl":"https:\/\/secure.gravatar.com\/avatar\/eac43faa6e40bb2c41068c95c9d78bbd94c476d5efdff7abaab80bb3ea681e06?s=96&d=mm&r=g","caption":"stefanie Zeng"},"url":"https:\/\/news.save.ch\/it\/author\/stefanie-zeng\/"}]}},"_links":{"self":[{"href":"https:\/\/news.save.ch\/it\/wp-json\/wp\/v2\/posts\/24300","targetHints":{"allow":["GET"]}}],"collection":[{"href":"https:\/\/news.save.ch\/it\/wp-json\/wp\/v2\/posts"}],"about":[{"href":"https:\/\/news.save.ch\/it\/wp-json\/wp\/v2\/types\/post"}],"author":[{"embeddable":true,"href":"https:\/\/news.save.ch\/it\/wp-json\/wp\/v2\/users\/31"}],"replies":[{"embeddable":true,"href":"https:\/\/news.save.ch\/it\/wp-json\/wp\/v2\/comments?post=24300"}],"version-history":[{"count":2,"href":"https:\/\/news.save.ch\/it\/wp-json\/wp\/v2\/posts\/24300\/revisions"}],"predecessor-version":[{"id":24304,"href":"https:\/\/news.save.ch\/it\/wp-json\/wp\/v2\/posts\/24300\/revisions\/24304"}],"wp:attachment":[{"href":"https:\/\/news.save.ch\/it\/wp-json\/wp\/v2\/media?parent=24300"}],"wp:term":[{"taxonomy":"category","embeddable":true,"href":"https:\/\/news.save.ch\/it\/wp-json\/wp\/v2\/categories?post=24300"},{"taxonomy":"post_tag","embeddable":true,"href":"https:\/\/news.save.ch\/it\/wp-json\/wp\/v2\/tags?post=24300"}],"curies":[{"name":"wp","href":"https:\/\/api.w.org\/{rel}","templated":true}]}}