{"id":24366,"date":"2025-06-27T09:04:31","date_gmt":"2025-06-27T07:04:31","guid":{"rendered":"https:\/\/news.save.ch\/?p=24366"},"modified":"2025-06-26T14:17:42","modified_gmt":"2025-06-26T12:17:42","slug":"zivile-staatsluftfahrt-neue-verordnung-fuer-fluege-der-blaulichtorganisationen","status":null,"type":"post","link":"https:\/\/news.save.ch\/it\/zivile-staatsluftfahrt-neue-verordnung-fuer-fluege-der-blaulichtorganisationen\/","title":{"rendered":"Aviazione civile di Stato: nuovo regolamento per i voli delle organizzazioni a luci blu"},"content":{"rendered":"<figure id=\"attachment_24368\" aria-describedby=\"caption-attachment-24368\" style=\"width: 1400px\" class=\"wp-caption alignnone\"><a href=\"https:\/\/news.save.ch\/it\/?attachment_id=24368\" rel=\"attachment wp-att-24368\"><img loading=\"lazy\" decoding=\"async\" class=\"wp-image-24368 size-full\" src=\"https:\/\/news.save.ch\/wp-content\/uploads\/2025\/06\/image-scaled.jpeg\" alt=\"\" width=\"1400\" height=\"788\" srcset=\"https:\/\/news.save.ch\/wp-content\/uploads\/2025\/06\/image-scaled.jpeg 1200w, https:\/\/news.save.ch\/wp-content\/uploads\/2025\/06\/image-680x383.jpeg 680w, https:\/\/news.save.ch\/wp-content\/uploads\/2025\/06\/image-1024x576.jpeg 1024w, https:\/\/news.save.ch\/wp-content\/uploads\/2025\/06\/image-768x432.jpeg 768w, https:\/\/news.save.ch\/wp-content\/uploads\/2025\/06\/image-1536x864.jpeg 1536w, https:\/\/news.save.ch\/wp-content\/uploads\/2025\/06\/image-18x10.jpeg 18w, https:\/\/news.save.ch\/wp-content\/uploads\/2025\/06\/image-375x211.jpeg 375w, https:\/\/news.save.ch\/wp-content\/uploads\/2025\/06\/image-622x350.jpeg 622w, https:\/\/news.save.ch\/wp-content\/uploads\/2025\/06\/image-1000x563.jpeg 1000w\" sizes=\"auto, (max-width: 1400px) 100vw, 1400px\" \/><\/a><figcaption id=\"caption-attachment-24368\" class=\"wp-caption-text\">Foto: Cantone di Basilea Citt\u00e0<\/figcaption><\/figure>\n<p id=\"doc-1iulpip7f0\" class=\"font--regular\">Una missione di salvataggio in elicottero dopo un incidente sugli sci; la polizia che cerca una persona scomparsa con un drone; i vigili del fuoco che combattono un incendio boschivo dall'alto: queste missioni saranno rappresentate nella nuova ordinanza nazionale sull'aviazione.<\/p>\n<p id=\"doc-1iulpl0k00\" class=\"font--regular\">La base giuridica nazionale esistente \u00e8 incompleta e non pi\u00f9 aggiornata. Ad esempio, gli aerei di Stato senza pilota, come i droni utilizzati dalla polizia o dai vigili del fuoco, non sono ancora regolamentati dalla legge.<\/p>\n<p id=\"doc-1iulpl0k10\" class=\"font--regular\">L'UFAC intende pertanto aggiornare la base giuridica sulla base della prassi attuale e definirla in una nuova ordinanza.<\/p>\n<h3 id=\"doc-1iulpl0k20\" class=\"font--regular\"><strong>In futuro sar\u00e0 possibile effettuare voli di soccorso anche con elicotteri monomotore.<\/strong><\/h3>\n<p id=\"doc-1iulpl0k30\" class=\"font--regular\">Il progetto di ordinanza lascia invariati i requisiti delle classi di prestazione di volo per i voli di soccorso con elicotteri. Ci\u00f2 significa che i voli di soccorso con elicotteri monomotore potranno continuare a svolgersi in Svizzera anche in futuro.<\/p>\n<p id=\"doc-1iulpl0k31\" class=\"font--regular\">Il progetto di ordinanza prevede un'approssimazione agli standard dell'aviazione civile in singole aree: Si tratta, ad esempio, dei voli notturni, per i quali l'UFAC vorrebbe imporre l'uso di visori notturni certificati. L'uso di tali dispositivi aumenta la sicurezza del volo; diverse operazioni di volo li utilizzano gi\u00e0. L'UFAC vuole inoltre adeguare i minimi visivi agli standard europei. L'obiettivo \u00e8 proteggere l'equipaggio e i pazienti da collisioni con ostacoli o altri velivoli.<\/p>\n<p id=\"doc-1iulpl0k40\" class=\"font--regular\">L'UFAC propone inoltre che il rilascio delle licenze e l'addestramento dei piloti, nonch\u00e9 la certificazione e la manutenzione degli aeromobili siano formalmente soggetti alle normative europee in materia di aviazione civile. In questo modo la Svizzera disporr\u00e0 di una base giuridica per impiegare equipaggi e aeromobili sia nell'aviazione di Stato che nell'aviazione civile senza ulteriori formalit\u00e0. Ci\u00f2 significa, ad esempio, che lo stesso elicottero con lo stesso equipaggio potr\u00e0 volare con i turisti subito dopo un'operazione antincendio.<\/p>\n<h3 id=\"doc-1iulpl0k41\" class=\"font--regular\"><strong>Consultazione delle parti interessate fino alla fine di agosto<\/strong><\/h3>\n<p id=\"doc-1iulpl0k50\" class=\"font--regular\">L'UFAC aprir\u00e0 la consultazione delle parti interessate il 25 giugno 2025. Le aziende interessate, le organizzazioni per le luci blu e le autorit\u00e0 hanno tempo fino alla fine di agosto per commentare il progetto di ordinanza. L'UFAC finalizzer\u00e0 poi la bozza e la sottoporr\u00e0 al Consiglio federale per l'approvazione.<\/p>\n<p><em>Fonte: FOCA<\/em><\/p>","protected":false},"excerpt":{"rendered":"<p>Ein Rettungseinsatz mit dem Helikopter nach einem Skiunfall; die Polizei sucht eine vermisste Person mit einer Drohne; die Feuerwehr bek\u00e4mpft einen Waldbrand aus der Luft: Diese Eins\u00e4tze sollen in der neuen Staatsluftfahrtverordnung abgebildet werden. Die bestehenden nationalen rechtlichen Grundlagen sind unvollst\u00e4ndig und nicht mehr zeitgem\u00e4ss. So sind etwa die unbemannten Staatsluftfahrzeuge \u2013 wie die von [&hellip;]<\/p>\n","protected":false},"author":31,"featured_media":0,"comment_status":"closed","ping_status":"closed","sticky":false,"template":"","format":"standard","meta":{"_acf_changed":false,"pgc_sgb_lightbox_settings":"","footnotes":""},"categories":[3312],"tags":[351,162,950],"class_list":["post-24366","post","type-post","status-publish","format-standard","hentry","category-sicherheit","tag-blaulichtorganisation","tag-drohnen","tag-unbemannte-flugkoerper"],"acf":[],"hkrextid":null,"publication":null,"issue":null,"workflow":null,"startPage":null,"spitzmarke":null,"_posts_by_tag_page_fields":null,"_at_widget":null,"_yoast_wpseo_primary_category":"3312","_yoast_wpseo_focuskw_text_input":null,"_yoast_wpseo_opengraph-image":null,"_yoast_wpseo_opengraph-description":null,"_yoast_wpseo_opengraph-title":null,"enclosure":null,"_yoast_wpseo_twitter-title":null,"_yoast_wpseo_twitter-description":null,"_yoast_wpseo_twitter-image":null,"_wp_old_slug":null,"_yoast_wpseo_title":null,"_yoast_wpseo_canonical":null,"yoast_head":"<!-- This site is optimized with the Yoast SEO plugin v27.4 - https:\/\/yoast.com\/product\/yoast-seo-wordpress\/ -->\n<title>Zivile Staatsluftfahrt: Neue Verordnung f\u00fcr Fl\u00fcge der Blaulichtorganisationen - Save<\/title>\n<meta name=\"description\" content=\"Die bestehenden nationalen rechtlichen Grundlagen f\u00fcr Fl\u00fcge von Blaulichtorganisationen sind unvollst\u00e4ndig und nicht mehr zeitgem\u00e4ss.\" \/>\n<meta name=\"robots\" content=\"index, follow, max-snippet:-1, max-image-preview:large, max-video-preview:-1\" \/>\n<link rel=\"canonical\" href=\"https:\/\/news.save.ch\/it\/zivile-staatsluftfahrt-neue-verordnung-fuer-fluege-der-blaulichtorganisationen\/\" \/>\n<meta property=\"og:locale\" content=\"it_IT\" \/>\n<meta property=\"og:type\" content=\"article\" \/>\n<meta property=\"og:title\" content=\"Zivile Staatsluftfahrt: Neue Verordnung f\u00fcr Fl\u00fcge der Blaulichtorganisationen - Save\" \/>\n<meta property=\"og:description\" content=\"Die bestehenden nationalen rechtlichen Grundlagen f\u00fcr Fl\u00fcge von Blaulichtorganisationen sind unvollst\u00e4ndig und nicht mehr zeitgem\u00e4ss.\" \/>\n<meta property=\"og:url\" content=\"https:\/\/news.save.ch\/it\/zivile-staatsluftfahrt-neue-verordnung-fuer-fluege-der-blaulichtorganisationen\/\" \/>\n<meta property=\"og:site_name\" content=\"Save\" \/>\n<meta property=\"article:published_time\" content=\"2025-06-27T07:04:31+00:00\" \/>\n<meta property=\"og:image\" content=\"https:\/\/news.save.ch\/wp-content\/uploads\/2025\/06\/image-scaled.jpeg\" \/>\n\t<meta property=\"og:image:width\" content=\"1200\" \/>\n\t<meta property=\"og:image:height\" content=\"675\" \/>\n\t<meta property=\"og:image:type\" content=\"image\/jpeg\" \/>\n<meta name=\"author\" content=\"stefanie Zeng\" \/>\n<meta name=\"twitter:card\" content=\"summary_large_image\" \/>\n<meta name=\"twitter:label1\" content=\"Scritto da\" \/>\n\t<meta name=\"twitter:data1\" content=\"stefanie Zeng\" \/>\n\t<meta name=\"twitter:label2\" content=\"Tempo di lettura stimato\" \/>\n\t<meta name=\"twitter:data2\" content=\"2 minuti\" \/>\n<script type=\"application\/ld+json\" class=\"yoast-schema-graph\">{\"@context\":\"https:\\\/\\\/schema.org\",\"@graph\":[{\"@type\":\"Article\",\"@id\":\"https:\\\/\\\/news.save.ch\\\/zivile-staatsluftfahrt-neue-verordnung-fuer-fluege-der-blaulichtorganisationen\\\/#article\",\"isPartOf\":{\"@id\":\"https:\\\/\\\/news.save.ch\\\/zivile-staatsluftfahrt-neue-verordnung-fuer-fluege-der-blaulichtorganisationen\\\/\"},\"author\":{\"name\":\"stefanie Zeng\",\"@id\":\"https:\\\/\\\/news.save.ch\\\/de\\\/#\\\/schema\\\/person\\\/10917387362b3961e882740f6cf6f2a2\"},\"headline\":\"Zivile Staatsluftfahrt: Neue Verordnung f\u00fcr Fl\u00fcge der Blaulichtorganisationen\",\"datePublished\":\"2025-06-27T07:04:31+00:00\",\"mainEntityOfPage\":{\"@id\":\"https:\\\/\\\/news.save.ch\\\/zivile-staatsluftfahrt-neue-verordnung-fuer-fluege-der-blaulichtorganisationen\\\/\"},\"wordCount\":356,\"publisher\":{\"@id\":\"https:\\\/\\\/news.save.ch\\\/de\\\/#organization\"},\"image\":{\"@id\":\"https:\\\/\\\/news.save.ch\\\/zivile-staatsluftfahrt-neue-verordnung-fuer-fluege-der-blaulichtorganisationen\\\/#primaryimage\"},\"thumbnailUrl\":\"https:\\\/\\\/news.save.ch\\\/wp-content\\\/uploads\\\/2025\\\/06\\\/image-scaled.jpeg\",\"keywords\":[\"Blaulichtorganisation\",\"Drohnen\",\"unbemannte Flugk\u00f6rper\"],\"articleSection\":[\"SICHERHEIT\"],\"inLanguage\":\"it-IT\"},{\"@type\":\"WebPage\",\"@id\":\"https:\\\/\\\/news.save.ch\\\/zivile-staatsluftfahrt-neue-verordnung-fuer-fluege-der-blaulichtorganisationen\\\/\",\"url\":\"https:\\\/\\\/news.save.ch\\\/zivile-staatsluftfahrt-neue-verordnung-fuer-fluege-der-blaulichtorganisationen\\\/\",\"name\":\"Zivile Staatsluftfahrt: Neue Verordnung f\u00fcr Fl\u00fcge der Blaulichtorganisationen - Save\",\"isPartOf\":{\"@id\":\"https:\\\/\\\/news.save.ch\\\/de\\\/#website\"},\"primaryImageOfPage\":{\"@id\":\"https:\\\/\\\/news.save.ch\\\/zivile-staatsluftfahrt-neue-verordnung-fuer-fluege-der-blaulichtorganisationen\\\/#primaryimage\"},\"image\":{\"@id\":\"https:\\\/\\\/news.save.ch\\\/zivile-staatsluftfahrt-neue-verordnung-fuer-fluege-der-blaulichtorganisationen\\\/#primaryimage\"},\"thumbnailUrl\":\"https:\\\/\\\/news.save.ch\\\/wp-content\\\/uploads\\\/2025\\\/06\\\/image-scaled.jpeg\",\"datePublished\":\"2025-06-27T07:04:31+00:00\",\"description\":\"Die bestehenden nationalen rechtlichen Grundlagen f\u00fcr Fl\u00fcge von Blaulichtorganisationen sind unvollst\u00e4ndig und nicht mehr zeitgem\u00e4ss.\",\"breadcrumb\":{\"@id\":\"https:\\\/\\\/news.save.ch\\\/zivile-staatsluftfahrt-neue-verordnung-fuer-fluege-der-blaulichtorganisationen\\\/#breadcrumb\"},\"inLanguage\":\"it-IT\",\"potentialAction\":[{\"@type\":\"ReadAction\",\"target\":[\"https:\\\/\\\/news.save.ch\\\/zivile-staatsluftfahrt-neue-verordnung-fuer-fluege-der-blaulichtorganisationen\\\/\"]}]},{\"@type\":\"ImageObject\",\"inLanguage\":\"it-IT\",\"@id\":\"https:\\\/\\\/news.save.ch\\\/zivile-staatsluftfahrt-neue-verordnung-fuer-fluege-der-blaulichtorganisationen\\\/#primaryimage\",\"url\":\"https:\\\/\\\/news.save.ch\\\/wp-content\\\/uploads\\\/2025\\\/06\\\/image-scaled.jpeg\",\"contentUrl\":\"https:\\\/\\\/news.save.ch\\\/wp-content\\\/uploads\\\/2025\\\/06\\\/image-scaled.jpeg\"},{\"@type\":\"BreadcrumbList\",\"@id\":\"https:\\\/\\\/news.save.ch\\\/zivile-staatsluftfahrt-neue-verordnung-fuer-fluege-der-blaulichtorganisationen\\\/#breadcrumb\",\"itemListElement\":[{\"@type\":\"ListItem\",\"position\":1,\"name\":\"Home\",\"item\":\"https:\\\/\\\/news.save.ch\\\/de\\\/\"},{\"@type\":\"ListItem\",\"position\":2,\"name\":\"Zivile Staatsluftfahrt: Neue Verordnung f\u00fcr Fl\u00fcge der Blaulichtorganisationen\"}]},{\"@type\":\"WebSite\",\"@id\":\"https:\\\/\\\/news.save.ch\\\/de\\\/#website\",\"url\":\"https:\\\/\\\/news.save.ch\\\/de\\\/\",\"name\":\"Save\",\"description\":\"Schweizer Fachzeitschrift f\u00fcr Sicherheit\",\"publisher\":{\"@id\":\"https:\\\/\\\/news.save.ch\\\/de\\\/#organization\"},\"potentialAction\":[{\"@type\":\"SearchAction\",\"target\":{\"@type\":\"EntryPoint\",\"urlTemplate\":\"https:\\\/\\\/news.save.ch\\\/de\\\/?s={search_term_string}\"},\"query-input\":{\"@type\":\"PropertyValueSpecification\",\"valueRequired\":true,\"valueName\":\"search_term_string\"}}],\"inLanguage\":\"it-IT\"},{\"@type\":\"Organization\",\"@id\":\"https:\\\/\\\/news.save.ch\\\/de\\\/#organization\",\"name\":\"Sicherheitsforum\",\"url\":\"https:\\\/\\\/news.save.ch\\\/de\\\/\",\"logo\":{\"@type\":\"ImageObject\",\"inLanguage\":\"it-IT\",\"@id\":\"https:\\\/\\\/news.save.ch\\\/de\\\/#\\\/schema\\\/logo\\\/image\\\/\",\"url\":\"https:\\\/\\\/news.save.ch\\\/wp-content\\\/uploads\\\/2022\\\/06\\\/Logo_SF_2012.png\",\"contentUrl\":\"https:\\\/\\\/news.save.ch\\\/wp-content\\\/uploads\\\/2022\\\/06\\\/Logo_SF_2012.png\",\"width\":1100,\"height\":91,\"caption\":\"Sicherheitsforum\"},\"image\":{\"@id\":\"https:\\\/\\\/news.save.ch\\\/de\\\/#\\\/schema\\\/logo\\\/image\\\/\"}},{\"@type\":\"Person\",\"@id\":\"https:\\\/\\\/news.save.ch\\\/de\\\/#\\\/schema\\\/person\\\/10917387362b3961e882740f6cf6f2a2\",\"name\":\"stefanie Zeng\",\"image\":{\"@type\":\"ImageObject\",\"inLanguage\":\"it-IT\",\"@id\":\"https:\\\/\\\/secure.gravatar.com\\\/avatar\\\/eac43faa6e40bb2c41068c95c9d78bbd94c476d5efdff7abaab80bb3ea681e06?s=96&d=mm&r=g\",\"url\":\"https:\\\/\\\/secure.gravatar.com\\\/avatar\\\/eac43faa6e40bb2c41068c95c9d78bbd94c476d5efdff7abaab80bb3ea681e06?s=96&d=mm&r=g\",\"contentUrl\":\"https:\\\/\\\/secure.gravatar.com\\\/avatar\\\/eac43faa6e40bb2c41068c95c9d78bbd94c476d5efdff7abaab80bb3ea681e06?s=96&d=mm&r=g\",\"caption\":\"stefanie Zeng\"},\"url\":\"https:\\\/\\\/news.save.ch\\\/it\\\/author\\\/stefanie-zeng\\\/\"}]}<\/script>\n<!-- \/ Yoast SEO plugin. -->","yoast_head_json":{"title":"Aviazione civile: nuovo regolamento per i voli delle organizzazioni a luci blu - Save","description":"La base giuridica nazionale esistente per i voli delle organizzazioni di luce blu \u00e8 incompleta e non pi\u00f9 aggiornata.","robots":{"index":"index","follow":"follow","max-snippet":"max-snippet:-1","max-image-preview":"max-image-preview:large","max-video-preview":"max-video-preview:-1"},"canonical":"https:\/\/news.save.ch\/it\/zivile-staatsluftfahrt-neue-verordnung-fuer-fluege-der-blaulichtorganisationen\/","og_locale":"it_IT","og_type":"article","og_title":"Zivile Staatsluftfahrt: Neue Verordnung f\u00fcr Fl\u00fcge der Blaulichtorganisationen - Save","og_description":"Die bestehenden nationalen rechtlichen Grundlagen f\u00fcr Fl\u00fcge von Blaulichtorganisationen sind unvollst\u00e4ndig und nicht mehr zeitgem\u00e4ss.","og_url":"https:\/\/news.save.ch\/it\/zivile-staatsluftfahrt-neue-verordnung-fuer-fluege-der-blaulichtorganisationen\/","og_site_name":"Save","article_published_time":"2025-06-27T07:04:31+00:00","og_image":[{"width":1200,"height":675,"url":"https:\/\/news.save.ch\/wp-content\/uploads\/2025\/06\/image-scaled.jpeg","type":"image\/jpeg"}],"author":"stefanie Zeng","twitter_card":"summary_large_image","twitter_misc":{"Scritto da":"stefanie Zeng","Tempo di lettura stimato":"2 minuti"},"schema":{"@context":"https:\/\/schema.org","@graph":[{"@type":"Article","@id":"https:\/\/news.save.ch\/zivile-staatsluftfahrt-neue-verordnung-fuer-fluege-der-blaulichtorganisationen\/#article","isPartOf":{"@id":"https:\/\/news.save.ch\/zivile-staatsluftfahrt-neue-verordnung-fuer-fluege-der-blaulichtorganisationen\/"},"author":{"name":"stefanie Zeng","@id":"https:\/\/news.save.ch\/de\/#\/schema\/person\/10917387362b3961e882740f6cf6f2a2"},"headline":"Zivile Staatsluftfahrt: Neue Verordnung f\u00fcr Fl\u00fcge der Blaulichtorganisationen","datePublished":"2025-06-27T07:04:31+00:00","mainEntityOfPage":{"@id":"https:\/\/news.save.ch\/zivile-staatsluftfahrt-neue-verordnung-fuer-fluege-der-blaulichtorganisationen\/"},"wordCount":356,"publisher":{"@id":"https:\/\/news.save.ch\/de\/#organization"},"image":{"@id":"https:\/\/news.save.ch\/zivile-staatsluftfahrt-neue-verordnung-fuer-fluege-der-blaulichtorganisationen\/#primaryimage"},"thumbnailUrl":"https:\/\/news.save.ch\/wp-content\/uploads\/2025\/06\/image-scaled.jpeg","keywords":["Blaulichtorganisation","Drohnen","unbemannte Flugk\u00f6rper"],"articleSection":["SICHERHEIT"],"inLanguage":"it-IT"},{"@type":"WebPage","@id":"https:\/\/news.save.ch\/zivile-staatsluftfahrt-neue-verordnung-fuer-fluege-der-blaulichtorganisationen\/","url":"https:\/\/news.save.ch\/zivile-staatsluftfahrt-neue-verordnung-fuer-fluege-der-blaulichtorganisationen\/","name":"Aviazione civile: nuovo regolamento per i voli delle organizzazioni a luci blu - Save","isPartOf":{"@id":"https:\/\/news.save.ch\/de\/#website"},"primaryImageOfPage":{"@id":"https:\/\/news.save.ch\/zivile-staatsluftfahrt-neue-verordnung-fuer-fluege-der-blaulichtorganisationen\/#primaryimage"},"image":{"@id":"https:\/\/news.save.ch\/zivile-staatsluftfahrt-neue-verordnung-fuer-fluege-der-blaulichtorganisationen\/#primaryimage"},"thumbnailUrl":"https:\/\/news.save.ch\/wp-content\/uploads\/2025\/06\/image-scaled.jpeg","datePublished":"2025-06-27T07:04:31+00:00","description":"La base giuridica nazionale esistente per i voli delle organizzazioni di luce blu \u00e8 incompleta e non pi\u00f9 aggiornata.","breadcrumb":{"@id":"https:\/\/news.save.ch\/zivile-staatsluftfahrt-neue-verordnung-fuer-fluege-der-blaulichtorganisationen\/#breadcrumb"},"inLanguage":"it-IT","potentialAction":[{"@type":"ReadAction","target":["https:\/\/news.save.ch\/zivile-staatsluftfahrt-neue-verordnung-fuer-fluege-der-blaulichtorganisationen\/"]}]},{"@type":"ImageObject","inLanguage":"it-IT","@id":"https:\/\/news.save.ch\/zivile-staatsluftfahrt-neue-verordnung-fuer-fluege-der-blaulichtorganisationen\/#primaryimage","url":"https:\/\/news.save.ch\/wp-content\/uploads\/2025\/06\/image-scaled.jpeg","contentUrl":"https:\/\/news.save.ch\/wp-content\/uploads\/2025\/06\/image-scaled.jpeg"},{"@type":"BreadcrumbList","@id":"https:\/\/news.save.ch\/zivile-staatsluftfahrt-neue-verordnung-fuer-fluege-der-blaulichtorganisationen\/#breadcrumb","itemListElement":[{"@type":"ListItem","position":1,"name":"Home","item":"https:\/\/news.save.ch\/de\/"},{"@type":"ListItem","position":2,"name":"Zivile Staatsluftfahrt: Neue Verordnung f\u00fcr Fl\u00fcge der Blaulichtorganisationen"}]},{"@type":"WebSite","@id":"https:\/\/news.save.ch\/de\/#website","url":"https:\/\/news.save.ch\/de\/","name":"Risparmiare","description":"Rivista svizzera specializzata in sicurezza","publisher":{"@id":"https:\/\/news.save.ch\/de\/#organization"},"potentialAction":[{"@type":"SearchAction","target":{"@type":"EntryPoint","urlTemplate":"https:\/\/news.save.ch\/de\/?s={search_term_string}"},"query-input":{"@type":"PropertyValueSpecification","valueRequired":true,"valueName":"search_term_string"}}],"inLanguage":"it-IT"},{"@type":"Organization","@id":"https:\/\/news.save.ch\/de\/#organization","name":"Forum sulla sicurezza","url":"https:\/\/news.save.ch\/de\/","logo":{"@type":"ImageObject","inLanguage":"it-IT","@id":"https:\/\/news.save.ch\/de\/#\/schema\/logo\/image\/","url":"https:\/\/news.save.ch\/wp-content\/uploads\/2022\/06\/Logo_SF_2012.png","contentUrl":"https:\/\/news.save.ch\/wp-content\/uploads\/2022\/06\/Logo_SF_2012.png","width":1100,"height":91,"caption":"Sicherheitsforum"},"image":{"@id":"https:\/\/news.save.ch\/de\/#\/schema\/logo\/image\/"}},{"@type":"Person","@id":"https:\/\/news.save.ch\/de\/#\/schema\/person\/10917387362b3961e882740f6cf6f2a2","name":"Stefanie Zeng","image":{"@type":"ImageObject","inLanguage":"it-IT","@id":"https:\/\/secure.gravatar.com\/avatar\/eac43faa6e40bb2c41068c95c9d78bbd94c476d5efdff7abaab80bb3ea681e06?s=96&d=mm&r=g","url":"https:\/\/secure.gravatar.com\/avatar\/eac43faa6e40bb2c41068c95c9d78bbd94c476d5efdff7abaab80bb3ea681e06?s=96&d=mm&r=g","contentUrl":"https:\/\/secure.gravatar.com\/avatar\/eac43faa6e40bb2c41068c95c9d78bbd94c476d5efdff7abaab80bb3ea681e06?s=96&d=mm&r=g","caption":"stefanie Zeng"},"url":"https:\/\/news.save.ch\/it\/author\/stefanie-zeng\/"}]}},"_links":{"self":[{"href":"https:\/\/news.save.ch\/it\/wp-json\/wp\/v2\/posts\/24366","targetHints":{"allow":["GET"]}}],"collection":[{"href":"https:\/\/news.save.ch\/it\/wp-json\/wp\/v2\/posts"}],"about":[{"href":"https:\/\/news.save.ch\/it\/wp-json\/wp\/v2\/types\/post"}],"author":[{"embeddable":true,"href":"https:\/\/news.save.ch\/it\/wp-json\/wp\/v2\/users\/31"}],"replies":[{"embeddable":true,"href":"https:\/\/news.save.ch\/it\/wp-json\/wp\/v2\/comments?post=24366"}],"version-history":[{"count":2,"href":"https:\/\/news.save.ch\/it\/wp-json\/wp\/v2\/posts\/24366\/revisions"}],"predecessor-version":[{"id":24370,"href":"https:\/\/news.save.ch\/it\/wp-json\/wp\/v2\/posts\/24366\/revisions\/24370"}],"wp:attachment":[{"href":"https:\/\/news.save.ch\/it\/wp-json\/wp\/v2\/media?parent=24366"}],"wp:term":[{"taxonomy":"category","embeddable":true,"href":"https:\/\/news.save.ch\/it\/wp-json\/wp\/v2\/categories?post=24366"},{"taxonomy":"post_tag","embeddable":true,"href":"https:\/\/news.save.ch\/it\/wp-json\/wp\/v2\/tags?post=24366"}],"curies":[{"name":"wp","href":"https:\/\/api.w.org\/{rel}","templated":true}]}}