{"id":24490,"date":"2025-08-29T12:33:30","date_gmt":"2025-08-29T10:33:30","guid":{"rendered":"https:\/\/news.save.ch\/?p=24490"},"modified":"2025-08-29T12:33:35","modified_gmt":"2025-08-29T10:33:35","slug":"elektronische-signatur-verlaengerung-der-dauer-des-datenzugangs","status":null,"type":"post","link":"https:\/\/news.save.ch\/it\/elektronische-signatur-verlaengerung-der-dauer-des-datenzugangs\/","title":{"rendered":"Firma elettronica: estensione della durata dell'accesso ai dati"},"content":{"rendered":"<figure id=\"attachment_24491\" aria-describedby=\"caption-attachment-24491\" style=\"width: 1000px\" class=\"wp-caption alignnone\"><a href=\"https:\/\/news.save.ch\/it\/elektronische-signatur-verlaengerung-der-dauer-des-datenzugangs\/depositphotos_51119737_s\/\" rel=\"attachment wp-att-24491\"><img loading=\"lazy\" decoding=\"async\" class=\"size-full wp-image-24491\" src=\"https:\/\/news.save.ch\/wp-content\/uploads\/2025\/08\/Depositphotos_51119737_S.jpg\" alt=\"\" width=\"1000\" height=\"667\" srcset=\"https:\/\/news.save.ch\/wp-content\/uploads\/2025\/08\/Depositphotos_51119737_S.jpg 1000w, https:\/\/news.save.ch\/wp-content\/uploads\/2025\/08\/Depositphotos_51119737_S-680x454.jpg 680w, https:\/\/news.save.ch\/wp-content\/uploads\/2025\/08\/Depositphotos_51119737_S-768x512.jpg 768w, https:\/\/news.save.ch\/wp-content\/uploads\/2025\/08\/Depositphotos_51119737_S-18x12.jpg 18w, https:\/\/news.save.ch\/wp-content\/uploads\/2025\/08\/Depositphotos_51119737_S-375x250.jpg 375w, https:\/\/news.save.ch\/wp-content\/uploads\/2025\/08\/Depositphotos_51119737_S-525x350.jpg 525w\" sizes=\"auto, (max-width: 1000px) 100vw, 1000px\" \/><\/a><figcaption id=\"caption-attachment-24491\" class=\"wp-caption-text\">Foto: Depositphotos\/Gajus-Images<\/figcaption><\/figure>\n<p>Per firmare elettronicamente un documento, le persone o le aziende hanno bisogno di un certificato che confermi la loro identit\u00e0. Il periodo di validit\u00e0 del certificato \u00e8 specificato al momento della sua emissione. Se il certificato viene revocato prima della scadenza di questo periodo, le informazioni sulla sua invalidazione non saranno pi\u00f9 disponibili online dopo la fine della sua validit\u00e0. In futuro, i fornitori di servizi di certificazione dovranno garantire che queste informazioni siano accessibili online per undici anni dopo la scadenza del proprio certificato.<\/p>\n<p>Il 20 agosto 2025 il Consiglio federale ha deciso di inserire le nuove disposizioni corrispondenti nell'ordinanza sui servizi di certificazione nel campo della firma elettronica e di altre applicazioni dei certificati digitali (ordinanza sulla firma elettronica, VZertES). Ci\u00f2 significa che i servizi di verifica automatica delle firme, come il validatore fornito dalla Confederazione (validator.ch), avranno accesso alle informazioni sulla revoca dei certificati per un periodo di tempo significativamente pi\u00f9 lungo.<\/p>\n<p>Le nuove disposizioni chiariscono anche le regole per l'accreditamento degli organismi di riconoscimento con riferimento alle norme e alle specifiche applicabili. Data la complessit\u00e0 dell'attuazione, gli organismi hanno tempo fino al 1\u00b0 febbraio 2026 per adeguare i propri processi; la VZertES rivista entrer\u00e0 in vigore il 1\u00b0 novembre 2025.<\/p>\n<p>Queste misure rendono l'uso della firma elettronica pi\u00f9 affidabile e pi\u00f9 facile per le aziende e i privati.<\/p>\n<p><em>Fonte: Ufficio federale delle comunicazioni UFCOM<\/em><\/p>","protected":false},"excerpt":{"rendered":"<p>Um ein Dokument elektronisch zu signieren, ben\u00f6tigen Personen oder Unternehmen ein Zertifikat, das ihre Identit\u00e4t best\u00e4tigt. Die G\u00fcltigkeitsdauer des Zertifikats wird bei der Ausstellung festgelegt. Wird das Zertifikat vor Ablauf dieser Dauer widerrufen, sind die Informationen zu dessen Ung\u00fcltigerkl\u00e4rung nach Ende der G\u00fcltigkeit nicht mehr online verf\u00fcgbar. In Zukunft m\u00fcssen die Anbieterinnen von Zertifizierungsdiensten sicherstellen, [&hellip;]<\/p>\n","protected":false},"author":31,"featured_media":24491,"comment_status":"closed","ping_status":"closed","sticky":false,"template":"","format":"standard","meta":{"_acf_changed":false,"pgc_sgb_lightbox_settings":"","footnotes":""},"categories":[3312],"tags":[6608],"class_list":["post-24490","post","type-post","status-publish","format-standard","has-post-thumbnail","hentry","category-sicherheit","tag-elektronische-signatur"],"acf":[],"hkrextid":null,"publication":null,"issue":null,"workflow":null,"startPage":null,"spitzmarke":null,"_posts_by_tag_page_fields":null,"_at_widget":null,"_yoast_wpseo_primary_category":"3312","_yoast_wpseo_focuskw_text_input":null,"_yoast_wpseo_opengraph-image":null,"_yoast_wpseo_opengraph-description":null,"_yoast_wpseo_opengraph-title":null,"enclosure":null,"_yoast_wpseo_twitter-title":null,"_yoast_wpseo_twitter-description":null,"_yoast_wpseo_twitter-image":null,"_wp_old_slug":null,"_yoast_wpseo_title":null,"_yoast_wpseo_canonical":null,"yoast_head":"<!-- This site is optimized with the Yoast SEO plugin v27.4 - https:\/\/yoast.com\/product\/yoast-seo-wordpress\/ -->\n<title>Elektronische Signatur: Verl\u00e4ngerung der Dauer des Datenzugangs - Save<\/title>\n<meta name=\"description\" content=\"Nach Ablauf eines Zertifikats, das die G\u00fcltigkeit einer elektronischen Signatur garantiert, m\u00fcssen die Informationen \u00fcber diese Ung\u00fcltigerkl\u00e4rung k\u00fcnftig mindestens elf Jahre lang online verf\u00fcgbar bleiben.\" \/>\n<meta name=\"robots\" content=\"index, follow, max-snippet:-1, max-image-preview:large, max-video-preview:-1\" \/>\n<link rel=\"canonical\" href=\"https:\/\/news.save.ch\/it\/elektronische-signatur-verlaengerung-der-dauer-des-datenzugangs\/\" \/>\n<meta property=\"og:locale\" content=\"it_IT\" \/>\n<meta property=\"og:type\" content=\"article\" \/>\n<meta property=\"og:title\" content=\"Elektronische Signatur: Verl\u00e4ngerung der Dauer des Datenzugangs - Save\" \/>\n<meta property=\"og:description\" content=\"Nach Ablauf eines Zertifikats, das die G\u00fcltigkeit einer elektronischen Signatur garantiert, m\u00fcssen die Informationen \u00fcber diese Ung\u00fcltigerkl\u00e4rung k\u00fcnftig mindestens elf Jahre lang online verf\u00fcgbar bleiben.\" \/>\n<meta property=\"og:url\" content=\"https:\/\/news.save.ch\/it\/elektronische-signatur-verlaengerung-der-dauer-des-datenzugangs\/\" \/>\n<meta property=\"og:site_name\" content=\"Save\" \/>\n<meta property=\"article:published_time\" content=\"2025-08-29T10:33:30+00:00\" \/>\n<meta property=\"article:modified_time\" content=\"2025-08-29T10:33:35+00:00\" \/>\n<meta property=\"og:image\" content=\"https:\/\/news.save.ch\/wp-content\/uploads\/2025\/08\/Depositphotos_51119737_S.jpg\" \/>\n\t<meta property=\"og:image:width\" content=\"1000\" \/>\n\t<meta property=\"og:image:height\" content=\"667\" \/>\n\t<meta property=\"og:image:type\" content=\"image\/jpeg\" \/>\n<meta name=\"author\" content=\"stefanie Zeng\" \/>\n<meta name=\"twitter:card\" content=\"summary_large_image\" \/>\n<meta name=\"twitter:label1\" content=\"Scritto da\" \/>\n\t<meta name=\"twitter:data1\" content=\"stefanie Zeng\" \/>\n\t<meta name=\"twitter:label2\" content=\"Tempo di lettura stimato\" \/>\n\t<meta name=\"twitter:data2\" content=\"2 minuti\" \/>\n<script type=\"application\/ld+json\" class=\"yoast-schema-graph\">{\"@context\":\"https:\\\/\\\/schema.org\",\"@graph\":[{\"@type\":\"Article\",\"@id\":\"https:\\\/\\\/news.save.ch\\\/elektronische-signatur-verlaengerung-der-dauer-des-datenzugangs\\\/#article\",\"isPartOf\":{\"@id\":\"https:\\\/\\\/news.save.ch\\\/elektronische-signatur-verlaengerung-der-dauer-des-datenzugangs\\\/\"},\"author\":{\"name\":\"stefanie Zeng\",\"@id\":\"https:\\\/\\\/news.save.ch\\\/de\\\/#\\\/schema\\\/person\\\/10917387362b3961e882740f6cf6f2a2\"},\"headline\":\"Elektronische Signatur: Verl\u00e4ngerung der Dauer des Datenzugangs\",\"datePublished\":\"2025-08-29T10:33:30+00:00\",\"dateModified\":\"2025-08-29T10:33:35+00:00\",\"mainEntityOfPage\":{\"@id\":\"https:\\\/\\\/news.save.ch\\\/elektronische-signatur-verlaengerung-der-dauer-des-datenzugangs\\\/\"},\"wordCount\":231,\"publisher\":{\"@id\":\"https:\\\/\\\/news.save.ch\\\/de\\\/#organization\"},\"image\":{\"@id\":\"https:\\\/\\\/news.save.ch\\\/elektronische-signatur-verlaengerung-der-dauer-des-datenzugangs\\\/#primaryimage\"},\"thumbnailUrl\":\"https:\\\/\\\/news.save.ch\\\/wp-content\\\/uploads\\\/2025\\\/08\\\/Depositphotos_51119737_S.jpg\",\"keywords\":[\"elektronische Signatur\"],\"articleSection\":[\"SICHERHEIT\"],\"inLanguage\":\"it-IT\"},{\"@type\":\"WebPage\",\"@id\":\"https:\\\/\\\/news.save.ch\\\/elektronische-signatur-verlaengerung-der-dauer-des-datenzugangs\\\/\",\"url\":\"https:\\\/\\\/news.save.ch\\\/elektronische-signatur-verlaengerung-der-dauer-des-datenzugangs\\\/\",\"name\":\"Elektronische Signatur: Verl\u00e4ngerung der Dauer des Datenzugangs - Save\",\"isPartOf\":{\"@id\":\"https:\\\/\\\/news.save.ch\\\/de\\\/#website\"},\"primaryImageOfPage\":{\"@id\":\"https:\\\/\\\/news.save.ch\\\/elektronische-signatur-verlaengerung-der-dauer-des-datenzugangs\\\/#primaryimage\"},\"image\":{\"@id\":\"https:\\\/\\\/news.save.ch\\\/elektronische-signatur-verlaengerung-der-dauer-des-datenzugangs\\\/#primaryimage\"},\"thumbnailUrl\":\"https:\\\/\\\/news.save.ch\\\/wp-content\\\/uploads\\\/2025\\\/08\\\/Depositphotos_51119737_S.jpg\",\"datePublished\":\"2025-08-29T10:33:30+00:00\",\"dateModified\":\"2025-08-29T10:33:35+00:00\",\"description\":\"Nach Ablauf eines Zertifikats, das die G\u00fcltigkeit einer elektronischen Signatur garantiert, m\u00fcssen die Informationen \u00fcber diese Ung\u00fcltigerkl\u00e4rung k\u00fcnftig mindestens elf Jahre lang online verf\u00fcgbar bleiben.\",\"breadcrumb\":{\"@id\":\"https:\\\/\\\/news.save.ch\\\/elektronische-signatur-verlaengerung-der-dauer-des-datenzugangs\\\/#breadcrumb\"},\"inLanguage\":\"it-IT\",\"potentialAction\":[{\"@type\":\"ReadAction\",\"target\":[\"https:\\\/\\\/news.save.ch\\\/elektronische-signatur-verlaengerung-der-dauer-des-datenzugangs\\\/\"]}]},{\"@type\":\"ImageObject\",\"inLanguage\":\"it-IT\",\"@id\":\"https:\\\/\\\/news.save.ch\\\/elektronische-signatur-verlaengerung-der-dauer-des-datenzugangs\\\/#primaryimage\",\"url\":\"https:\\\/\\\/news.save.ch\\\/wp-content\\\/uploads\\\/2025\\\/08\\\/Depositphotos_51119737_S.jpg\",\"contentUrl\":\"https:\\\/\\\/news.save.ch\\\/wp-content\\\/uploads\\\/2025\\\/08\\\/Depositphotos_51119737_S.jpg\",\"width\":1000,\"height\":667,\"caption\":\"Foto: Depositphotos\\\/Gajus-Images\"},{\"@type\":\"BreadcrumbList\",\"@id\":\"https:\\\/\\\/news.save.ch\\\/elektronische-signatur-verlaengerung-der-dauer-des-datenzugangs\\\/#breadcrumb\",\"itemListElement\":[{\"@type\":\"ListItem\",\"position\":1,\"name\":\"Home\",\"item\":\"https:\\\/\\\/news.save.ch\\\/de\\\/\"},{\"@type\":\"ListItem\",\"position\":2,\"name\":\"Elektronische Signatur: Verl\u00e4ngerung der Dauer des Datenzugangs\"}]},{\"@type\":\"WebSite\",\"@id\":\"https:\\\/\\\/news.save.ch\\\/de\\\/#website\",\"url\":\"https:\\\/\\\/news.save.ch\\\/de\\\/\",\"name\":\"Save\",\"description\":\"Schweizer Fachzeitschrift f\u00fcr Sicherheit\",\"publisher\":{\"@id\":\"https:\\\/\\\/news.save.ch\\\/de\\\/#organization\"},\"potentialAction\":[{\"@type\":\"SearchAction\",\"target\":{\"@type\":\"EntryPoint\",\"urlTemplate\":\"https:\\\/\\\/news.save.ch\\\/de\\\/?s={search_term_string}\"},\"query-input\":{\"@type\":\"PropertyValueSpecification\",\"valueRequired\":true,\"valueName\":\"search_term_string\"}}],\"inLanguage\":\"it-IT\"},{\"@type\":\"Organization\",\"@id\":\"https:\\\/\\\/news.save.ch\\\/de\\\/#organization\",\"name\":\"Sicherheitsforum\",\"url\":\"https:\\\/\\\/news.save.ch\\\/de\\\/\",\"logo\":{\"@type\":\"ImageObject\",\"inLanguage\":\"it-IT\",\"@id\":\"https:\\\/\\\/news.save.ch\\\/de\\\/#\\\/schema\\\/logo\\\/image\\\/\",\"url\":\"https:\\\/\\\/news.save.ch\\\/wp-content\\\/uploads\\\/2022\\\/06\\\/Logo_SF_2012.png\",\"contentUrl\":\"https:\\\/\\\/news.save.ch\\\/wp-content\\\/uploads\\\/2022\\\/06\\\/Logo_SF_2012.png\",\"width\":1100,\"height\":91,\"caption\":\"Sicherheitsforum\"},\"image\":{\"@id\":\"https:\\\/\\\/news.save.ch\\\/de\\\/#\\\/schema\\\/logo\\\/image\\\/\"}},{\"@type\":\"Person\",\"@id\":\"https:\\\/\\\/news.save.ch\\\/de\\\/#\\\/schema\\\/person\\\/10917387362b3961e882740f6cf6f2a2\",\"name\":\"stefanie Zeng\",\"image\":{\"@type\":\"ImageObject\",\"inLanguage\":\"it-IT\",\"@id\":\"https:\\\/\\\/secure.gravatar.com\\\/avatar\\\/eac43faa6e40bb2c41068c95c9d78bbd94c476d5efdff7abaab80bb3ea681e06?s=96&d=mm&r=g\",\"url\":\"https:\\\/\\\/secure.gravatar.com\\\/avatar\\\/eac43faa6e40bb2c41068c95c9d78bbd94c476d5efdff7abaab80bb3ea681e06?s=96&d=mm&r=g\",\"contentUrl\":\"https:\\\/\\\/secure.gravatar.com\\\/avatar\\\/eac43faa6e40bb2c41068c95c9d78bbd94c476d5efdff7abaab80bb3ea681e06?s=96&d=mm&r=g\",\"caption\":\"stefanie Zeng\"},\"url\":\"https:\\\/\\\/news.save.ch\\\/it\\\/author\\\/stefanie-zeng\\\/\"}]}<\/script>\n<!-- \/ Yoast SEO plugin. -->","yoast_head_json":{"title":"Firma elettronica: estensione della durata dell'accesso ai dati - Save","description":"Una volta scaduto il certificato che garantisce la validit\u00e0 di una firma elettronica, le informazioni relative a tale invalidazione devono rimanere disponibili online per almeno undici anni.","robots":{"index":"index","follow":"follow","max-snippet":"max-snippet:-1","max-image-preview":"max-image-preview:large","max-video-preview":"max-video-preview:-1"},"canonical":"https:\/\/news.save.ch\/it\/elektronische-signatur-verlaengerung-der-dauer-des-datenzugangs\/","og_locale":"it_IT","og_type":"article","og_title":"Elektronische Signatur: Verl\u00e4ngerung der Dauer des Datenzugangs - Save","og_description":"Nach Ablauf eines Zertifikats, das die G\u00fcltigkeit einer elektronischen Signatur garantiert, m\u00fcssen die Informationen \u00fcber diese Ung\u00fcltigerkl\u00e4rung k\u00fcnftig mindestens elf Jahre lang online verf\u00fcgbar bleiben.","og_url":"https:\/\/news.save.ch\/it\/elektronische-signatur-verlaengerung-der-dauer-des-datenzugangs\/","og_site_name":"Save","article_published_time":"2025-08-29T10:33:30+00:00","article_modified_time":"2025-08-29T10:33:35+00:00","og_image":[{"width":1000,"height":667,"url":"https:\/\/news.save.ch\/wp-content\/uploads\/2025\/08\/Depositphotos_51119737_S.jpg","type":"image\/jpeg"}],"author":"stefanie Zeng","twitter_card":"summary_large_image","twitter_misc":{"Scritto da":"stefanie Zeng","Tempo di lettura stimato":"2 minuti"},"schema":{"@context":"https:\/\/schema.org","@graph":[{"@type":"Article","@id":"https:\/\/news.save.ch\/elektronische-signatur-verlaengerung-der-dauer-des-datenzugangs\/#article","isPartOf":{"@id":"https:\/\/news.save.ch\/elektronische-signatur-verlaengerung-der-dauer-des-datenzugangs\/"},"author":{"name":"stefanie Zeng","@id":"https:\/\/news.save.ch\/de\/#\/schema\/person\/10917387362b3961e882740f6cf6f2a2"},"headline":"Elektronische Signatur: Verl\u00e4ngerung der Dauer des Datenzugangs","datePublished":"2025-08-29T10:33:30+00:00","dateModified":"2025-08-29T10:33:35+00:00","mainEntityOfPage":{"@id":"https:\/\/news.save.ch\/elektronische-signatur-verlaengerung-der-dauer-des-datenzugangs\/"},"wordCount":231,"publisher":{"@id":"https:\/\/news.save.ch\/de\/#organization"},"image":{"@id":"https:\/\/news.save.ch\/elektronische-signatur-verlaengerung-der-dauer-des-datenzugangs\/#primaryimage"},"thumbnailUrl":"https:\/\/news.save.ch\/wp-content\/uploads\/2025\/08\/Depositphotos_51119737_S.jpg","keywords":["elektronische Signatur"],"articleSection":["SICHERHEIT"],"inLanguage":"it-IT"},{"@type":"WebPage","@id":"https:\/\/news.save.ch\/elektronische-signatur-verlaengerung-der-dauer-des-datenzugangs\/","url":"https:\/\/news.save.ch\/elektronische-signatur-verlaengerung-der-dauer-des-datenzugangs\/","name":"Firma elettronica: estensione della durata dell'accesso ai dati - Save","isPartOf":{"@id":"https:\/\/news.save.ch\/de\/#website"},"primaryImageOfPage":{"@id":"https:\/\/news.save.ch\/elektronische-signatur-verlaengerung-der-dauer-des-datenzugangs\/#primaryimage"},"image":{"@id":"https:\/\/news.save.ch\/elektronische-signatur-verlaengerung-der-dauer-des-datenzugangs\/#primaryimage"},"thumbnailUrl":"https:\/\/news.save.ch\/wp-content\/uploads\/2025\/08\/Depositphotos_51119737_S.jpg","datePublished":"2025-08-29T10:33:30+00:00","dateModified":"2025-08-29T10:33:35+00:00","description":"Una volta scaduto il certificato che garantisce la validit\u00e0 di una firma elettronica, le informazioni relative a tale invalidazione devono rimanere disponibili online per almeno undici anni.","breadcrumb":{"@id":"https:\/\/news.save.ch\/elektronische-signatur-verlaengerung-der-dauer-des-datenzugangs\/#breadcrumb"},"inLanguage":"it-IT","potentialAction":[{"@type":"ReadAction","target":["https:\/\/news.save.ch\/elektronische-signatur-verlaengerung-der-dauer-des-datenzugangs\/"]}]},{"@type":"ImageObject","inLanguage":"it-IT","@id":"https:\/\/news.save.ch\/elektronische-signatur-verlaengerung-der-dauer-des-datenzugangs\/#primaryimage","url":"https:\/\/news.save.ch\/wp-content\/uploads\/2025\/08\/Depositphotos_51119737_S.jpg","contentUrl":"https:\/\/news.save.ch\/wp-content\/uploads\/2025\/08\/Depositphotos_51119737_S.jpg","width":1000,"height":667,"caption":"Foto: Depositphotos\/Gajus-Images"},{"@type":"BreadcrumbList","@id":"https:\/\/news.save.ch\/elektronische-signatur-verlaengerung-der-dauer-des-datenzugangs\/#breadcrumb","itemListElement":[{"@type":"ListItem","position":1,"name":"Home","item":"https:\/\/news.save.ch\/de\/"},{"@type":"ListItem","position":2,"name":"Elektronische Signatur: Verl\u00e4ngerung der Dauer des Datenzugangs"}]},{"@type":"WebSite","@id":"https:\/\/news.save.ch\/de\/#website","url":"https:\/\/news.save.ch\/de\/","name":"Risparmiare","description":"Rivista svizzera specializzata in sicurezza","publisher":{"@id":"https:\/\/news.save.ch\/de\/#organization"},"potentialAction":[{"@type":"SearchAction","target":{"@type":"EntryPoint","urlTemplate":"https:\/\/news.save.ch\/de\/?s={search_term_string}"},"query-input":{"@type":"PropertyValueSpecification","valueRequired":true,"valueName":"search_term_string"}}],"inLanguage":"it-IT"},{"@type":"Organization","@id":"https:\/\/news.save.ch\/de\/#organization","name":"Forum sulla sicurezza","url":"https:\/\/news.save.ch\/de\/","logo":{"@type":"ImageObject","inLanguage":"it-IT","@id":"https:\/\/news.save.ch\/de\/#\/schema\/logo\/image\/","url":"https:\/\/news.save.ch\/wp-content\/uploads\/2022\/06\/Logo_SF_2012.png","contentUrl":"https:\/\/news.save.ch\/wp-content\/uploads\/2022\/06\/Logo_SF_2012.png","width":1100,"height":91,"caption":"Sicherheitsforum"},"image":{"@id":"https:\/\/news.save.ch\/de\/#\/schema\/logo\/image\/"}},{"@type":"Person","@id":"https:\/\/news.save.ch\/de\/#\/schema\/person\/10917387362b3961e882740f6cf6f2a2","name":"Stefanie Zeng","image":{"@type":"ImageObject","inLanguage":"it-IT","@id":"https:\/\/secure.gravatar.com\/avatar\/eac43faa6e40bb2c41068c95c9d78bbd94c476d5efdff7abaab80bb3ea681e06?s=96&d=mm&r=g","url":"https:\/\/secure.gravatar.com\/avatar\/eac43faa6e40bb2c41068c95c9d78bbd94c476d5efdff7abaab80bb3ea681e06?s=96&d=mm&r=g","contentUrl":"https:\/\/secure.gravatar.com\/avatar\/eac43faa6e40bb2c41068c95c9d78bbd94c476d5efdff7abaab80bb3ea681e06?s=96&d=mm&r=g","caption":"stefanie Zeng"},"url":"https:\/\/news.save.ch\/it\/author\/stefanie-zeng\/"}]}},"_links":{"self":[{"href":"https:\/\/news.save.ch\/it\/wp-json\/wp\/v2\/posts\/24490","targetHints":{"allow":["GET"]}}],"collection":[{"href":"https:\/\/news.save.ch\/it\/wp-json\/wp\/v2\/posts"}],"about":[{"href":"https:\/\/news.save.ch\/it\/wp-json\/wp\/v2\/types\/post"}],"author":[{"embeddable":true,"href":"https:\/\/news.save.ch\/it\/wp-json\/wp\/v2\/users\/31"}],"replies":[{"embeddable":true,"href":"https:\/\/news.save.ch\/it\/wp-json\/wp\/v2\/comments?post=24490"}],"version-history":[{"count":2,"href":"https:\/\/news.save.ch\/it\/wp-json\/wp\/v2\/posts\/24490\/revisions"}],"predecessor-version":[{"id":24493,"href":"https:\/\/news.save.ch\/it\/wp-json\/wp\/v2\/posts\/24490\/revisions\/24493"}],"wp:featuredmedia":[{"embeddable":true,"href":"https:\/\/news.save.ch\/it\/wp-json\/wp\/v2\/media\/24491"}],"wp:attachment":[{"href":"https:\/\/news.save.ch\/it\/wp-json\/wp\/v2\/media?parent=24490"}],"wp:term":[{"taxonomy":"category","embeddable":true,"href":"https:\/\/news.save.ch\/it\/wp-json\/wp\/v2\/categories?post=24490"},{"taxonomy":"post_tag","embeddable":true,"href":"https:\/\/news.save.ch\/it\/wp-json\/wp\/v2\/tags?post=24490"}],"curies":[{"name":"wp","href":"https:\/\/api.w.org\/{rel}","templated":true}]}}