{"id":24583,"date":"2025-09-16T13:00:21","date_gmt":"2025-09-16T11:00:21","guid":{"rendered":"https:\/\/news.save.ch\/?p=24583"},"modified":"2025-10-01T13:03:23","modified_gmt":"2025-10-01T11:03:23","slug":"sepsis-eine-unterschaetzte-gefahr-fuer-gesundheit-und-leben-3","status":null,"type":"post","link":"https:\/\/news.save.ch\/it\/sepsis-eine-unterschaetzte-gefahr-fuer-gesundheit-und-leben-3\/","title":{"rendered":"La sepsi: un pericolo sottovalutato per la salute e per la vita"},"content":{"rendered":"<figure id=\"attachment_24567\" aria-describedby=\"caption-attachment-24567\" style=\"width: 1000px\" class=\"wp-caption alignnone\"><a href=\"https:\/\/news.save.ch\/it\/sepsis-eine-unterschaetzte-gefahr-fuer-gesundheit-und-leben\/depositphotos_33848041_s\/\" rel=\"attachment wp-att-24567\"><img loading=\"lazy\" decoding=\"async\" class=\"size-full wp-image-24567\" src=\"https:\/\/news.save.ch\/wp-content\/uploads\/2025\/09\/Depositphotos_33848041_S.jpg\" alt=\"\" width=\"1000\" height=\"667\" srcset=\"https:\/\/news.save.ch\/wp-content\/uploads\/2025\/09\/Depositphotos_33848041_S.jpg 1000w, https:\/\/news.save.ch\/wp-content\/uploads\/2025\/09\/Depositphotos_33848041_S-680x454.jpg 680w, https:\/\/news.save.ch\/wp-content\/uploads\/2025\/09\/Depositphotos_33848041_S-768x512.jpg 768w, https:\/\/news.save.ch\/wp-content\/uploads\/2025\/09\/Depositphotos_33848041_S-18x12.jpg 18w, https:\/\/news.save.ch\/wp-content\/uploads\/2025\/09\/Depositphotos_33848041_S-375x250.jpg 375w, https:\/\/news.save.ch\/wp-content\/uploads\/2025\/09\/Depositphotos_33848041_S-525x350.jpg 525w\" sizes=\"auto, (max-width: 1000px) 100vw, 1000px\" \/><\/a><figcaption id=\"caption-attachment-24567\" class=\"wp-caption-text\">Foto: Depositphotos\/Londondeposit<\/figcaption><\/figure>\n<p id=\"doc-1j4rpeeaa0\" class=\"font--regular\">Il 13 settembre 2025, in occasione della Giornata mondiale della sepsi, lo Swiss Sepsis Program (SSP) pubblica un rapporto sul numero di casi di sepsi in Svizzera e sui relativi costi per il sistema sanitario e la societ\u00e0. Basato sui dati della Statistica Medica Ospedaliera dell'Ufficio Federale di Statistica (UST), il rapporto analizza il numero di casi di sepsi e il conseguente carico di malattia, nonch\u00e9 i costi sanitari diretti in Svizzera. Gli esperti dell'Ospedale pediatrico universitario di Zurigo hanno condotto l'analisi insieme a ricercatori dell'Unisant\u00e9 di Losanna e dell'Universit\u00e0 di Basilea.<\/p>\n<p id=\"doc-1j4rpf1ij0\" class=\"font--regular\">I ricercatori hanno analizzato i dati sanitari svizzeri dal 2019 al 2023. Hanno scoperto che la sepsi \u00e8 stata codificata in oltre 20.000 ricoveri all'anno in questo periodo. Tutte le fasce d'et\u00e0 sono colpite, ma soprattutto i neonati e gli anziani. La sepsi \u00e8 una reazione fuori controllo dell'organismo a un'infezione, pericolosa per la vita, che pu\u00f2 portare a insufficienza d'organo, shock e persino alla morte. I numeri non sono diminuiti negli ultimi anni. \u00c8 inoltre giustificato ritenere che non tutti i casi di sepsi vengano riconosciuti e registrati e che non tutte le persone affette da sepsi vengano trattate in ospedale. Poich\u00e9 questi casi non sono inclusi nelle statistiche, gli autori dello studio sospettano che il carico della malattia in Svizzera sia ancora pi\u00f9 elevato.<\/p>\n<p id=\"doc-1j4rpf1ik0\" class=\"font--regular\">\"Il rischio di sepsi \u00e8 ancora sottovalutato\", afferma la prima autrice del rapporto, la dottoressa PD Nora L\u00fcthi. Insieme al Prof. Luregn Schlapbach, medico di terapia intensiva presso l'Ospedale pediatrico universitario di Zurigo, dirige lo Swiss Sepsis Programme.<\/p>\n<h3 id=\"doc-1j4rpf8gg0\" class=\"h2\">Quasi il 20% dei pazienti muore in ospedale<\/h3>\n<p id=\"doc-1j4rpfjuo0\" class=\"font--regular\">L'analisi mostra che dei 20.000 casi ricoverati, poco meno del 20% - cio\u00e8 circa 4.000 pazienti - muore in ospedale. Tuttavia, la mortalit\u00e0 \u00e8 molto pi\u00f9 elevata con l'aumentare dell'et\u00e0 e nei casi di shock settico. Nonostante le cure avanzate, il numero di decessi \u00e8 rimasto sostanzialmente invariato negli ultimi anni. A titolo di confronto, l'infarto \u00e8 responsabile di circa 19.000 ricoveri ospedalieri e l'ictus di 22.000 ricoveri e circa 2.500 decessi ogni anno.<\/p>\n<p>&nbsp;<\/p>\n<div class=\"greybox\">\n<h2 id=\"doc-1j4rpjltr0\" class=\"h2\">Che cos'\u00e8 la sepsi?<\/h2>\n<p id=\"doc-1j4rpk0ck0\" class=\"font--regular\">La sepsi \u00e8 una reazione potenzialmente letale dell'organismo a un'infezione. Pu\u00f2 portare a shock, gravi danni ai tessuti e agli organi e persino alla morte. Questo vale soprattutto se non viene riconosciuta e trattata in tempo. La sepsi colpisce tutte le fasce d'et\u00e0. Oltre due terzi dei casi si verificano negli anziani. La sepsi \u00e8 molto meno comune nei bambini (circa 600 casi all'anno), e la maggior parte dei casi riguarda bambini di et\u00e0 inferiore ai cinque anni e neonati.<\/p>\n<\/div>\n<p id=\"doc-1j4rpfr1k0\" class=\"font--regular\">Anche dopo l'ospedalizzazione, il tasso di mortalit\u00e0 dovuto alla sepsi rimane elevato. Quasi un terzo dei pazienti anziani con sepsi \u00e8 morto entro un anno dal ricovero.<\/p>\n<h3 id=\"doc-1j4rpfvds0\" class=\"h2\">Costi di oltre un miliardo di franchi all'anno<\/h3>\n<p id=\"doc-1j4rpgdst0\" class=\"font--regular\">La sepsi rappresenta una sfida importante per il sistema sanitario svizzero. Circa il 40% dei casi ospedalieri con diagnosi di sepsi viene trattato in un'unit\u00e0 di terapia intensiva. Secondo il rapporto, il costo medio di un caso di sepsi \u00e8 di circa 50.000 franchi svizzeri. Con 20.000 casi di sepsi all'anno, i costi ospedalieri diretti in tutta la Svizzera ammontano a 1 miliardo di franchi all'anno. Se si estrapolano i costi per la riabilitazione, l'assistenza post-ospedaliera e il trattamento delle complicanze a lungo termine nei tre anni successivi, si stima che i costi diretti in Svizzera raddoppieranno, raggiungendo i 2 miliardi di franchi all'anno. Inoltre, i costi indiretti derivano dalle conseguenze fisiche e psicologiche a lungo termine per le persone colpite e le loro famiglie, che possono durare anni e talvolta portare alla perdita del lavoro.<\/p>\n<p id=\"doc-1j4rpgmq10\" class=\"font--regular\">\"I calcoli dimostrano chiaramente che la sepsi rappresenta una grave minaccia e grava sulla nostra societ\u00e0 con costi enormi\", afferma Luregn Schlapbach. \"L'individuazione, il trattamento e il follow-up della sepsi devono quindi essere urgentemente prioritari nel sistema sanitario\", aggiunge.<\/p>\n<p id=\"doc-1j4rpgmq30\" class=\"font--regular\">Lo Swiss Sepsis Programme si propone di dare un importante contributo nei prossimi anni. I team ospedalieri responsabili intendono migliorare la situazione con una campagna pubblicitaria, la definizione di standard clinici, moduli educativi, un registro della sepsi e la creazione di un gruppo di persone colpite dalla sepsi. Il programma \u00e8 di competenza degli ospedali universitari CHUV (Losanna), Insel (Berna) e Ospedale pediatrico (Zurigo) ed \u00e8 finanziato dalla Commissione federale per la qualit\u00e0 (CQE) per il settore sanitario. L'attenzione \u00e8 rivolta alla diagnosi precoce, al trattamento e alla cura della sepsi. \"In Svizzera manca ancora un coordinamento nazionale della ricerca sulla sepsi, in modo che i risultati della ricerca possano avere un impatto pi\u00f9 rapido sul trattamento dei pazienti\", aggiunge Schlapbach.<\/p>\n<div class=\"greybox\">\n<h3 id=\"doc-1j4rpke0m0\" class=\"h2\">Il Programma svizzero sulla sepsi (Swiss Sepsis Programme)<\/h3>\n<p id=\"doc-1j4rpl2ci0\" class=\"font--regular\">Lo Swiss Sepsis Program (SSP) \u00e8 responsabilit\u00e0 congiunta dell'Ospedale pediatrico universitario di Zurigo, dell'Inselspital di Berna e del Centre hospitalier universitaire vaudois di Losanna (CHUV). Il programma \u00e8 stato lanciato come parte del Piano d'azione nazionale svizzero per la sepsi 2023, \u00e8 iniziato nel 2024 e durer\u00e0 fino a dicembre 2028. \u00c8 finanziato dalla Commissione federale per la qualit\u00e0 EQC.<\/p>\n<p id=\"doc-1j4rpl4eb0\" class=\"font--regular\">Informazioni:\u00a0<a class=\"link--external\" href=\"http:\/\/www.sepsis.ch\/\" target=\"_blank\" rel=\"external noopener\" aria-label=\"www.sepsis.ch Aprire il link in una nuova scheda\">www.sepsis.ch<\/a><\/p>\n<\/div>\n<p id=\"doc-1j4rplk2u0\" class=\"font--regular\"><em>Fonte: BAG<\/em><\/p>","protected":false},"excerpt":{"rendered":"<p>Das Schweizer Sepsis-Programm (Swiss Sepsis Program SSP) ver\u00f6ffentlicht zum Welt-Sepsis-Tag vom 13. September 2025 einen Bericht \u00fcber die Zahl der Sepsis-F\u00e4lle in der Schweiz und \u00fcber die entsprechenden Kosten f\u00fcr Gesundheitssystem und Gesellschaft. Anhand von Daten der Medizinischen Statistik der Krankenh\u00e4user des Bundesamts f\u00fcr Statistik (BfS) analysiert der Bericht die Zahl der Sepsis-F\u00e4lle und die [&hellip;]<\/p>\n","protected":false},"author":31,"featured_media":0,"comment_status":"closed","ping_status":"closed","sticky":false,"template":"","format":"standard","meta":{"_acf_changed":false,"pgc_sgb_lightbox_settings":"","footnotes":""},"categories":[3314],"tags":[2163,6614,2970,6615],"class_list":["post-24583","post","type-post","status-publish","format-standard","hentry","category-health-safety","tag-gesundheitsdaten","tag-sepsis","tag-spitalinfektionen","tag-swiss-sepsis-program"],"acf":[],"hkrextid":null,"publication":null,"issue":null,"workflow":null,"startPage":null,"spitzmarke":null,"_posts_by_tag_page_fields":null,"_at_widget":null,"_yoast_wpseo_primary_category":"3314","_yoast_wpseo_focuskw_text_input":null,"_yoast_wpseo_opengraph-image":null,"_yoast_wpseo_opengraph-description":null,"_yoast_wpseo_opengraph-title":null,"enclosure":null,"_yoast_wpseo_twitter-title":null,"_yoast_wpseo_twitter-description":null,"_yoast_wpseo_twitter-image":null,"_wp_old_slug":null,"_yoast_wpseo_title":null,"_yoast_wpseo_canonical":null,"yoast_head":"<!-- This site is optimized with the Yoast SEO plugin v27.4 - https:\/\/yoast.com\/product\/yoast-seo-wordpress\/ -->\n<title>Sepsis \u2013 eine untersch\u00e4tzte Gefahr f\u00fcr Gesundheit und Leben - Save<\/title>\n<meta name=\"description\" content=\"In der Schweiz erkranken j\u00e4hrlich \u00fcber 20&#039;000 Menschen im Spital an Sepsis, rund 4&#039;000 sterben daran. Ein neuer Bericht des nationalen Sepsis-Programms zeigt die Dringlichkeit.\" \/>\n<meta name=\"robots\" content=\"index, follow, max-snippet:-1, max-image-preview:large, max-video-preview:-1\" \/>\n<link rel=\"canonical\" href=\"https:\/\/news.save.ch\/it\/sepsis-eine-unterschaetzte-gefahr-fuer-gesundheit-und-leben-3\/\" \/>\n<meta property=\"og:locale\" content=\"it_IT\" \/>\n<meta property=\"og:type\" content=\"article\" \/>\n<meta property=\"og:title\" content=\"Sepsis \u2013 eine untersch\u00e4tzte Gefahr f\u00fcr Gesundheit und Leben - Save\" \/>\n<meta property=\"og:description\" content=\"In der Schweiz erkranken j\u00e4hrlich \u00fcber 20&#039;000 Menschen im Spital an Sepsis, rund 4&#039;000 sterben daran. Ein neuer Bericht des nationalen Sepsis-Programms zeigt die Dringlichkeit.\" \/>\n<meta property=\"og:url\" content=\"https:\/\/news.save.ch\/it\/sepsis-eine-unterschaetzte-gefahr-fuer-gesundheit-und-leben-3\/\" \/>\n<meta property=\"og:site_name\" content=\"Save\" \/>\n<meta property=\"article:published_time\" content=\"2025-09-16T11:00:21+00:00\" \/>\n<meta property=\"article:modified_time\" content=\"2025-10-01T11:03:23+00:00\" \/>\n<meta property=\"og:image\" content=\"https:\/\/news.save.ch\/wp-content\/uploads\/2025\/09\/Depositphotos_33848041_S.jpg\" \/>\n\t<meta property=\"og:image:width\" content=\"1000\" \/>\n\t<meta property=\"og:image:height\" content=\"667\" \/>\n\t<meta property=\"og:image:type\" content=\"image\/jpeg\" \/>\n<meta name=\"author\" content=\"stefanie Zeng\" \/>\n<meta name=\"twitter:card\" content=\"summary_large_image\" \/>\n<meta name=\"twitter:label1\" content=\"Scritto da\" \/>\n\t<meta name=\"twitter:data1\" content=\"stefanie Zeng\" \/>\n\t<meta name=\"twitter:label2\" content=\"Tempo di lettura stimato\" \/>\n\t<meta name=\"twitter:data2\" content=\"5 minuti\" \/>\n<script type=\"application\/ld+json\" class=\"yoast-schema-graph\">{\"@context\":\"https:\\\/\\\/schema.org\",\"@graph\":[{\"@type\":\"Article\",\"@id\":\"https:\\\/\\\/news.save.ch\\\/sepsis-eine-unterschaetzte-gefahr-fuer-gesundheit-und-leben-3\\\/#article\",\"isPartOf\":{\"@id\":\"https:\\\/\\\/news.save.ch\\\/sepsis-eine-unterschaetzte-gefahr-fuer-gesundheit-und-leben-3\\\/\"},\"author\":{\"name\":\"stefanie Zeng\",\"@id\":\"https:\\\/\\\/news.save.ch\\\/de\\\/#\\\/schema\\\/person\\\/10917387362b3961e882740f6cf6f2a2\"},\"headline\":\"Sepsis \u2013 eine untersch\u00e4tzte Gefahr f\u00fcr Gesundheit und Leben\",\"datePublished\":\"2025-09-16T11:00:21+00:00\",\"dateModified\":\"2025-10-01T11:03:23+00:00\",\"mainEntityOfPage\":{\"@id\":\"https:\\\/\\\/news.save.ch\\\/sepsis-eine-unterschaetzte-gefahr-fuer-gesundheit-und-leben-3\\\/\"},\"wordCount\":832,\"publisher\":{\"@id\":\"https:\\\/\\\/news.save.ch\\\/de\\\/#organization\"},\"image\":{\"@id\":\"https:\\\/\\\/news.save.ch\\\/sepsis-eine-unterschaetzte-gefahr-fuer-gesundheit-und-leben-3\\\/#primaryimage\"},\"thumbnailUrl\":\"https:\\\/\\\/news.save.ch\\\/wp-content\\\/uploads\\\/2025\\\/09\\\/Depositphotos_33848041_S.jpg\",\"keywords\":[\"Gesundheitsdaten\",\"Sepsis\",\"Spitalinfektionen\",\"Swiss Sepsis Program\"],\"articleSection\":[\"HEALTH &amp; SAFETY\"],\"inLanguage\":\"it-IT\"},{\"@type\":\"WebPage\",\"@id\":\"https:\\\/\\\/news.save.ch\\\/sepsis-eine-unterschaetzte-gefahr-fuer-gesundheit-und-leben-3\\\/\",\"url\":\"https:\\\/\\\/news.save.ch\\\/sepsis-eine-unterschaetzte-gefahr-fuer-gesundheit-und-leben-3\\\/\",\"name\":\"Sepsis \u2013 eine untersch\u00e4tzte Gefahr f\u00fcr Gesundheit und Leben - Save\",\"isPartOf\":{\"@id\":\"https:\\\/\\\/news.save.ch\\\/de\\\/#website\"},\"primaryImageOfPage\":{\"@id\":\"https:\\\/\\\/news.save.ch\\\/sepsis-eine-unterschaetzte-gefahr-fuer-gesundheit-und-leben-3\\\/#primaryimage\"},\"image\":{\"@id\":\"https:\\\/\\\/news.save.ch\\\/sepsis-eine-unterschaetzte-gefahr-fuer-gesundheit-und-leben-3\\\/#primaryimage\"},\"thumbnailUrl\":\"https:\\\/\\\/news.save.ch\\\/wp-content\\\/uploads\\\/2025\\\/09\\\/Depositphotos_33848041_S.jpg\",\"datePublished\":\"2025-09-16T11:00:21+00:00\",\"dateModified\":\"2025-10-01T11:03:23+00:00\",\"description\":\"In der Schweiz erkranken j\u00e4hrlich \u00fcber 20'000 Menschen im Spital an Sepsis, rund 4'000 sterben daran. Ein neuer Bericht des nationalen Sepsis-Programms zeigt die Dringlichkeit.\",\"breadcrumb\":{\"@id\":\"https:\\\/\\\/news.save.ch\\\/sepsis-eine-unterschaetzte-gefahr-fuer-gesundheit-und-leben-3\\\/#breadcrumb\"},\"inLanguage\":\"it-IT\",\"potentialAction\":[{\"@type\":\"ReadAction\",\"target\":[\"https:\\\/\\\/news.save.ch\\\/sepsis-eine-unterschaetzte-gefahr-fuer-gesundheit-und-leben-3\\\/\"]}]},{\"@type\":\"ImageObject\",\"inLanguage\":\"it-IT\",\"@id\":\"https:\\\/\\\/news.save.ch\\\/sepsis-eine-unterschaetzte-gefahr-fuer-gesundheit-und-leben-3\\\/#primaryimage\",\"url\":\"https:\\\/\\\/news.save.ch\\\/wp-content\\\/uploads\\\/2025\\\/09\\\/Depositphotos_33848041_S.jpg\",\"contentUrl\":\"https:\\\/\\\/news.save.ch\\\/wp-content\\\/uploads\\\/2025\\\/09\\\/Depositphotos_33848041_S.jpg\"},{\"@type\":\"BreadcrumbList\",\"@id\":\"https:\\\/\\\/news.save.ch\\\/sepsis-eine-unterschaetzte-gefahr-fuer-gesundheit-und-leben-3\\\/#breadcrumb\",\"itemListElement\":[{\"@type\":\"ListItem\",\"position\":1,\"name\":\"Home\",\"item\":\"https:\\\/\\\/news.save.ch\\\/de\\\/\"},{\"@type\":\"ListItem\",\"position\":2,\"name\":\"Sepsis \u2013 eine untersch\u00e4tzte Gefahr f\u00fcr Gesundheit und Leben\"}]},{\"@type\":\"WebSite\",\"@id\":\"https:\\\/\\\/news.save.ch\\\/de\\\/#website\",\"url\":\"https:\\\/\\\/news.save.ch\\\/de\\\/\",\"name\":\"Save\",\"description\":\"Schweizer Fachzeitschrift f\u00fcr Sicherheit\",\"publisher\":{\"@id\":\"https:\\\/\\\/news.save.ch\\\/de\\\/#organization\"},\"potentialAction\":[{\"@type\":\"SearchAction\",\"target\":{\"@type\":\"EntryPoint\",\"urlTemplate\":\"https:\\\/\\\/news.save.ch\\\/de\\\/?s={search_term_string}\"},\"query-input\":{\"@type\":\"PropertyValueSpecification\",\"valueRequired\":true,\"valueName\":\"search_term_string\"}}],\"inLanguage\":\"it-IT\"},{\"@type\":\"Organization\",\"@id\":\"https:\\\/\\\/news.save.ch\\\/de\\\/#organization\",\"name\":\"Sicherheitsforum\",\"url\":\"https:\\\/\\\/news.save.ch\\\/de\\\/\",\"logo\":{\"@type\":\"ImageObject\",\"inLanguage\":\"it-IT\",\"@id\":\"https:\\\/\\\/news.save.ch\\\/de\\\/#\\\/schema\\\/logo\\\/image\\\/\",\"url\":\"https:\\\/\\\/news.save.ch\\\/wp-content\\\/uploads\\\/2022\\\/06\\\/Logo_SF_2012.png\",\"contentUrl\":\"https:\\\/\\\/news.save.ch\\\/wp-content\\\/uploads\\\/2022\\\/06\\\/Logo_SF_2012.png\",\"width\":1100,\"height\":91,\"caption\":\"Sicherheitsforum\"},\"image\":{\"@id\":\"https:\\\/\\\/news.save.ch\\\/de\\\/#\\\/schema\\\/logo\\\/image\\\/\"}},{\"@type\":\"Person\",\"@id\":\"https:\\\/\\\/news.save.ch\\\/de\\\/#\\\/schema\\\/person\\\/10917387362b3961e882740f6cf6f2a2\",\"name\":\"stefanie Zeng\",\"image\":{\"@type\":\"ImageObject\",\"inLanguage\":\"it-IT\",\"@id\":\"https:\\\/\\\/secure.gravatar.com\\\/avatar\\\/eac43faa6e40bb2c41068c95c9d78bbd94c476d5efdff7abaab80bb3ea681e06?s=96&d=mm&r=g\",\"url\":\"https:\\\/\\\/secure.gravatar.com\\\/avatar\\\/eac43faa6e40bb2c41068c95c9d78bbd94c476d5efdff7abaab80bb3ea681e06?s=96&d=mm&r=g\",\"contentUrl\":\"https:\\\/\\\/secure.gravatar.com\\\/avatar\\\/eac43faa6e40bb2c41068c95c9d78bbd94c476d5efdff7abaab80bb3ea681e06?s=96&d=mm&r=g\",\"caption\":\"stefanie Zeng\"},\"url\":\"https:\\\/\\\/news.save.ch\\\/it\\\/author\\\/stefanie-zeng\\\/\"}]}<\/script>\n<!-- \/ Yoast SEO plugin. -->","yoast_head_json":{"title":"La sepsi: un pericolo sottovalutato per la salute e la vita - Save","description":"In Svizzera, ogni anno oltre 20.000 persone vengono ricoverate in ospedale per sepsi e circa 4.000 muoiono di conseguenza. Un nuovo rapporto del programma nazionale per la sepsi ne evidenzia l'urgenza.","robots":{"index":"index","follow":"follow","max-snippet":"max-snippet:-1","max-image-preview":"max-image-preview:large","max-video-preview":"max-video-preview:-1"},"canonical":"https:\/\/news.save.ch\/it\/sepsis-eine-unterschaetzte-gefahr-fuer-gesundheit-und-leben-3\/","og_locale":"it_IT","og_type":"article","og_title":"Sepsis \u2013 eine untersch\u00e4tzte Gefahr f\u00fcr Gesundheit und Leben - Save","og_description":"In der Schweiz erkranken j\u00e4hrlich \u00fcber 20'000 Menschen im Spital an Sepsis, rund 4'000 sterben daran. Ein neuer Bericht des nationalen Sepsis-Programms zeigt die Dringlichkeit.","og_url":"https:\/\/news.save.ch\/it\/sepsis-eine-unterschaetzte-gefahr-fuer-gesundheit-und-leben-3\/","og_site_name":"Save","article_published_time":"2025-09-16T11:00:21+00:00","article_modified_time":"2025-10-01T11:03:23+00:00","og_image":[{"width":1000,"height":667,"url":"https:\/\/news.save.ch\/wp-content\/uploads\/2025\/09\/Depositphotos_33848041_S.jpg","type":"image\/jpeg"}],"author":"stefanie Zeng","twitter_card":"summary_large_image","twitter_misc":{"Scritto da":"stefanie Zeng","Tempo di lettura stimato":"5 minuti"},"schema":{"@context":"https:\/\/schema.org","@graph":[{"@type":"Article","@id":"https:\/\/news.save.ch\/sepsis-eine-unterschaetzte-gefahr-fuer-gesundheit-und-leben-3\/#article","isPartOf":{"@id":"https:\/\/news.save.ch\/sepsis-eine-unterschaetzte-gefahr-fuer-gesundheit-und-leben-3\/"},"author":{"name":"stefanie Zeng","@id":"https:\/\/news.save.ch\/de\/#\/schema\/person\/10917387362b3961e882740f6cf6f2a2"},"headline":"Sepsis \u2013 eine untersch\u00e4tzte Gefahr f\u00fcr Gesundheit und Leben","datePublished":"2025-09-16T11:00:21+00:00","dateModified":"2025-10-01T11:03:23+00:00","mainEntityOfPage":{"@id":"https:\/\/news.save.ch\/sepsis-eine-unterschaetzte-gefahr-fuer-gesundheit-und-leben-3\/"},"wordCount":832,"publisher":{"@id":"https:\/\/news.save.ch\/de\/#organization"},"image":{"@id":"https:\/\/news.save.ch\/sepsis-eine-unterschaetzte-gefahr-fuer-gesundheit-und-leben-3\/#primaryimage"},"thumbnailUrl":"https:\/\/news.save.ch\/wp-content\/uploads\/2025\/09\/Depositphotos_33848041_S.jpg","keywords":["Gesundheitsdaten","Sepsis","Spitalinfektionen","Swiss Sepsis Program"],"articleSection":["HEALTH &amp; SAFETY"],"inLanguage":"it-IT"},{"@type":"WebPage","@id":"https:\/\/news.save.ch\/sepsis-eine-unterschaetzte-gefahr-fuer-gesundheit-und-leben-3\/","url":"https:\/\/news.save.ch\/sepsis-eine-unterschaetzte-gefahr-fuer-gesundheit-und-leben-3\/","name":"La sepsi: un pericolo sottovalutato per la salute e la vita - Save","isPartOf":{"@id":"https:\/\/news.save.ch\/de\/#website"},"primaryImageOfPage":{"@id":"https:\/\/news.save.ch\/sepsis-eine-unterschaetzte-gefahr-fuer-gesundheit-und-leben-3\/#primaryimage"},"image":{"@id":"https:\/\/news.save.ch\/sepsis-eine-unterschaetzte-gefahr-fuer-gesundheit-und-leben-3\/#primaryimage"},"thumbnailUrl":"https:\/\/news.save.ch\/wp-content\/uploads\/2025\/09\/Depositphotos_33848041_S.jpg","datePublished":"2025-09-16T11:00:21+00:00","dateModified":"2025-10-01T11:03:23+00:00","description":"In Svizzera, ogni anno oltre 20.000 persone vengono ricoverate in ospedale per sepsi e circa 4.000 muoiono di conseguenza. Un nuovo rapporto del programma nazionale per la sepsi ne evidenzia l'urgenza.","breadcrumb":{"@id":"https:\/\/news.save.ch\/sepsis-eine-unterschaetzte-gefahr-fuer-gesundheit-und-leben-3\/#breadcrumb"},"inLanguage":"it-IT","potentialAction":[{"@type":"ReadAction","target":["https:\/\/news.save.ch\/sepsis-eine-unterschaetzte-gefahr-fuer-gesundheit-und-leben-3\/"]}]},{"@type":"ImageObject","inLanguage":"it-IT","@id":"https:\/\/news.save.ch\/sepsis-eine-unterschaetzte-gefahr-fuer-gesundheit-und-leben-3\/#primaryimage","url":"https:\/\/news.save.ch\/wp-content\/uploads\/2025\/09\/Depositphotos_33848041_S.jpg","contentUrl":"https:\/\/news.save.ch\/wp-content\/uploads\/2025\/09\/Depositphotos_33848041_S.jpg"},{"@type":"BreadcrumbList","@id":"https:\/\/news.save.ch\/sepsis-eine-unterschaetzte-gefahr-fuer-gesundheit-und-leben-3\/#breadcrumb","itemListElement":[{"@type":"ListItem","position":1,"name":"Home","item":"https:\/\/news.save.ch\/de\/"},{"@type":"ListItem","position":2,"name":"Sepsis \u2013 eine untersch\u00e4tzte Gefahr f\u00fcr Gesundheit und Leben"}]},{"@type":"WebSite","@id":"https:\/\/news.save.ch\/de\/#website","url":"https:\/\/news.save.ch\/de\/","name":"Risparmiare","description":"Rivista svizzera specializzata in sicurezza","publisher":{"@id":"https:\/\/news.save.ch\/de\/#organization"},"potentialAction":[{"@type":"SearchAction","target":{"@type":"EntryPoint","urlTemplate":"https:\/\/news.save.ch\/de\/?s={search_term_string}"},"query-input":{"@type":"PropertyValueSpecification","valueRequired":true,"valueName":"search_term_string"}}],"inLanguage":"it-IT"},{"@type":"Organization","@id":"https:\/\/news.save.ch\/de\/#organization","name":"Forum sulla sicurezza","url":"https:\/\/news.save.ch\/de\/","logo":{"@type":"ImageObject","inLanguage":"it-IT","@id":"https:\/\/news.save.ch\/de\/#\/schema\/logo\/image\/","url":"https:\/\/news.save.ch\/wp-content\/uploads\/2022\/06\/Logo_SF_2012.png","contentUrl":"https:\/\/news.save.ch\/wp-content\/uploads\/2022\/06\/Logo_SF_2012.png","width":1100,"height":91,"caption":"Sicherheitsforum"},"image":{"@id":"https:\/\/news.save.ch\/de\/#\/schema\/logo\/image\/"}},{"@type":"Person","@id":"https:\/\/news.save.ch\/de\/#\/schema\/person\/10917387362b3961e882740f6cf6f2a2","name":"Stefanie Zeng","image":{"@type":"ImageObject","inLanguage":"it-IT","@id":"https:\/\/secure.gravatar.com\/avatar\/eac43faa6e40bb2c41068c95c9d78bbd94c476d5efdff7abaab80bb3ea681e06?s=96&d=mm&r=g","url":"https:\/\/secure.gravatar.com\/avatar\/eac43faa6e40bb2c41068c95c9d78bbd94c476d5efdff7abaab80bb3ea681e06?s=96&d=mm&r=g","contentUrl":"https:\/\/secure.gravatar.com\/avatar\/eac43faa6e40bb2c41068c95c9d78bbd94c476d5efdff7abaab80bb3ea681e06?s=96&d=mm&r=g","caption":"stefanie Zeng"},"url":"https:\/\/news.save.ch\/it\/author\/stefanie-zeng\/"}]}},"_links":{"self":[{"href":"https:\/\/news.save.ch\/it\/wp-json\/wp\/v2\/posts\/24583","targetHints":{"allow":["GET"]}}],"collection":[{"href":"https:\/\/news.save.ch\/it\/wp-json\/wp\/v2\/posts"}],"about":[{"href":"https:\/\/news.save.ch\/it\/wp-json\/wp\/v2\/types\/post"}],"author":[{"embeddable":true,"href":"https:\/\/news.save.ch\/it\/wp-json\/wp\/v2\/users\/31"}],"replies":[{"embeddable":true,"href":"https:\/\/news.save.ch\/it\/wp-json\/wp\/v2\/comments?post=24583"}],"version-history":[{"count":2,"href":"https:\/\/news.save.ch\/it\/wp-json\/wp\/v2\/posts\/24583\/revisions"}],"predecessor-version":[{"id":24585,"href":"https:\/\/news.save.ch\/it\/wp-json\/wp\/v2\/posts\/24583\/revisions\/24585"}],"wp:attachment":[{"href":"https:\/\/news.save.ch\/it\/wp-json\/wp\/v2\/media?parent=24583"}],"wp:term":[{"taxonomy":"category","embeddable":true,"href":"https:\/\/news.save.ch\/it\/wp-json\/wp\/v2\/categories?post=24583"},{"taxonomy":"post_tag","embeddable":true,"href":"https:\/\/news.save.ch\/it\/wp-json\/wp\/v2\/tags?post=24583"}],"curies":[{"name":"wp","href":"https:\/\/api.w.org\/{rel}","templated":true}]}}