{"id":24663,"date":"2025-10-29T11:02:38","date_gmt":"2025-10-29T10:02:38","guid":{"rendered":"https:\/\/news.save.ch\/?p=24663"},"modified":"2025-10-29T11:02:38","modified_gmt":"2025-10-29T10:02:38","slug":"neue-comics-des-bundes-zu-den-risiken-der-digitalisierung","status":null,"type":"post","link":"https:\/\/news.save.ch\/it\/neue-comics-des-bundes-zu-den-risiken-der-digitalisierung\/","title":{"rendered":"Nuovi fumetti federali sui rischi della digitalizzazione"},"content":{"rendered":"<figure id=\"attachment_24665\" aria-describedby=\"caption-attachment-24665\" style=\"width: 680px\" class=\"wp-caption alignnone\"><img loading=\"lazy\" decoding=\"async\" class=\"size-medium wp-image-24665\" src=\"https:\/\/news.save.ch\/wp-content\/uploads\/2025\/10\/websters25_neu-680x383.png\" alt=\"\" width=\"680\" height=\"383\" srcset=\"https:\/\/news.save.ch\/wp-content\/uploads\/2025\/10\/websters25_neu-680x383.png 680w, https:\/\/news.save.ch\/wp-content\/uploads\/2025\/10\/websters25_neu-1024x576.png 1024w, https:\/\/news.save.ch\/wp-content\/uploads\/2025\/10\/websters25_neu-768x432.png 768w, https:\/\/news.save.ch\/wp-content\/uploads\/2025\/10\/websters25_neu-18x10.png 18w, https:\/\/news.save.ch\/wp-content\/uploads\/2025\/10\/websters25_neu-375x211.png 375w, https:\/\/news.save.ch\/wp-content\/uploads\/2025\/10\/websters25_neu-622x350.png 622w, https:\/\/news.save.ch\/wp-content\/uploads\/2025\/10\/websters25_neu-1000x563.png 1000w, https:\/\/news.save.ch\/wp-content\/uploads\/2025\/10\/websters25_neu-scaled.png 1200w\" sizes=\"auto, (max-width: 680px) 100vw, 680px\" \/><figcaption id=\"caption-attachment-24665\" class=\"wp-caption-text\">Grafica: Bakom<\/figcaption><\/figure>\n<p id=\"doc-1j7hb47ah0\" class=\"font--regular\">La famiglia Webster di sei persone e i loro amici sperimentano numerose situazioni spiacevoli e pericoli nella vita digitale di tutti i giorni che tutti noi potremmo incontrare. Le storie a fumetti della nuova serie affrontano temi come i deep fake, il sessismo nei giochi online, il bullismo, la contraffazione di prodotti di marca online, l'uso di dispositivi wireless a norma di legge e la protezione efficace delle password. Le avventure dei Webster fanno parte di una campagna di prevenzione condotta da diversi enti federali e dalla Prevenzione Svizzera della Criminalit\u00e0 per sensibilizzare la popolazione svizzera sulle sfide quotidiane del mondo digitale.<\/p>\n<h3 id=\"doc-1j7hb49q70\" class=\"h2\"><strong>Il fumetto come strumento per la scuola e per la casa<\/strong><\/h3>\n<p id=\"doc-1j7hb49q80\" class=\"font--regular\">Le storie a fumetti possono essere utilizzate durante le lezioni scolastiche o a casa. Incoraggiano la discussione con bambini e ragazzi sulla vita digitale di tutti i giorni e offrono consigli pratici e ulteriori informazioni sui singoli argomenti. L'UFCOM ha sviluppato le storie in collaborazione con l'Ufficio federale delle assicurazioni sociali (Piattaforma giovani e media), la Prevenzione svizzera della criminalit\u00e0, l'Ufficio federale per la sicurezza informatica e Stop alla pirateria. I fumetti sono pubblicati in formato cartaceo e digitale. Sono disponibili nelle quattro lingue nazionali e in inglese. Le storie sono disponibili sul sito web\u00a0<a class=\"link--external\" href=\"https:\/\/www.websters.swiss\/de\/s4\" target=\"_blank\" rel=\"external noopener\" aria-label=\"www.websters.swiss\/de\/s4 Aprire il link in una nuova scheda\">www.websters.swiss<\/a>\u00a0e sono pubblicati anche su Instagram. L'UFCOM ha collaborato con l'illustratore svizzero Matthias Leutwyler per la visualizzazione.<\/p>\n<h3 id=\"doc-1j7hb49q90\" class=\"h2\"><strong>Distribuzione internazionale<\/strong><\/h3>\n<p id=\"doc-1j7hb49qa0\" class=\"font--regular\">Dal 2015 l'OFCOM e i suoi partner pubblicano regolarmente nuove storie sulla famiglia Webster, migliaia delle quali vengono distribuite nelle scuole svizzere e utilizzate nelle lezioni. I fumetti sono un successo anche a livello internazionale: tutte le edizioni sono state tradotte in rumeno, tra le altre lingue, e vengono utilizzate nel lavoro di prevenzione in Romania.<\/p>\n<h3 id=\"doc-1j7hb5ak80\" class=\"h2\">Ordinate gratuitamente l'opuscolo<\/h3>\n<p id=\"doc-1j7hb49qa1\" class=\"font--regular\">I fumetti possono essere ordinati gratuitamente per le lezioni scolastiche, per l'esposizione in luoghi adatti o per uso privato presso il sito\u00a0<a class=\"link--external\" href=\"https:\/\/www.bundespublikationen.admin.ch\/de\/product\/000000000862731698\/geschichten-aus-dem-digitalen-alltag-s4\" target=\"_blank\" rel=\"external noopener\" aria-label=\"www.bundespublikationen.admin.ch\/de\/product\/000000000862731698\/geschichten-aus-dem-digitalen-alltag-s4 Aprire il link in una nuova scheda\">Ufficio federale degli edifici e della logistica<\/a>\u00a0essere ordinato.<\/p>\n<p>&nbsp;<\/p>\n<p><em>Fonte: Bakom<\/em><\/p>","protected":false},"excerpt":{"rendered":"<p>Die sechsk\u00f6pfige Familie Webster und ihre Freunde erleben im digitalen Alltag zahlreiche unangenehme Situationen und Gefahren, die uns allen begegnen k\u00f6nnten. Die Comicgeschichten der neuen Serie behandeln Themen wie Deep Fakes, Sexismus bei Online-Spielen, Mobbing, gef\u00e4lschte Markenprodukte im Netz, den Einsatz rechtskonformer Funkger\u00e4te oder effektiven Passwortschutz. Die Abenteuer der Websters sind Teil einer Pr\u00e4ventionskampagne verschiedener [&hellip;]<\/p>\n","protected":false},"author":31,"featured_media":0,"comment_status":"closed","ping_status":"closed","sticky":false,"template":"","format":"standard","meta":{"_acf_changed":false,"pgc_sgb_lightbox_settings":"","footnotes":""},"categories":[3313],"tags":[1486],"class_list":["post-24663","post","type-post","status-publish","format-standard","hentry","category-digitalisierung","tag-bakom"],"acf":[],"hkrextid":null,"publication":null,"issue":null,"workflow":null,"startPage":null,"spitzmarke":null,"_posts_by_tag_page_fields":null,"_at_widget":null,"_yoast_wpseo_primary_category":"3313","_yoast_wpseo_focuskw_text_input":null,"_yoast_wpseo_opengraph-image":null,"_yoast_wpseo_opengraph-description":null,"_yoast_wpseo_opengraph-title":null,"enclosure":null,"_yoast_wpseo_twitter-title":null,"_yoast_wpseo_twitter-description":null,"_yoast_wpseo_twitter-image":null,"_wp_old_slug":null,"_yoast_wpseo_title":null,"_yoast_wpseo_canonical":null,"yoast_head":"<!-- This site is optimized with the Yoast SEO plugin v27.4 - https:\/\/yoast.com\/product\/yoast-seo-wordpress\/ -->\n<title>Neue Comics des Bundes zu den Risiken der Digitalisierung - Save<\/title>\n<meta name=\"description\" content=\"Das BAKOM hat die vierte Ausgabe der Comic-Serie \u00abGeschichten aus dem digitalen Alltag\u00bb ver\u00f6ffentlicht.\" \/>\n<meta name=\"robots\" content=\"index, follow, max-snippet:-1, max-image-preview:large, max-video-preview:-1\" \/>\n<link rel=\"canonical\" href=\"https:\/\/news.save.ch\/it\/neue-comics-des-bundes-zu-den-risiken-der-digitalisierung\/\" \/>\n<meta property=\"og:locale\" content=\"it_IT\" \/>\n<meta property=\"og:type\" content=\"article\" \/>\n<meta property=\"og:title\" content=\"Neue Comics des Bundes zu den Risiken der Digitalisierung - Save\" \/>\n<meta property=\"og:description\" content=\"Das BAKOM hat die vierte Ausgabe der Comic-Serie \u00abGeschichten aus dem digitalen Alltag\u00bb ver\u00f6ffentlicht.\" \/>\n<meta property=\"og:url\" content=\"https:\/\/news.save.ch\/it\/neue-comics-des-bundes-zu-den-risiken-der-digitalisierung\/\" \/>\n<meta property=\"og:site_name\" content=\"Save\" \/>\n<meta property=\"article:published_time\" content=\"2025-10-29T10:02:38+00:00\" \/>\n<meta property=\"og:image\" content=\"https:\/\/news.save.ch\/wp-content\/uploads\/2025\/10\/websters25_neu-scaled.png\" \/>\n\t<meta property=\"og:image:width\" content=\"1200\" \/>\n\t<meta property=\"og:image:height\" content=\"675\" \/>\n\t<meta property=\"og:image:type\" content=\"image\/png\" \/>\n<meta name=\"author\" content=\"stefanie Zeng\" \/>\n<meta name=\"twitter:card\" content=\"summary_large_image\" \/>\n<meta name=\"twitter:label1\" content=\"Scritto da\" \/>\n\t<meta name=\"twitter:data1\" content=\"stefanie Zeng\" \/>\n\t<meta name=\"twitter:label2\" content=\"Tempo di lettura stimato\" \/>\n\t<meta name=\"twitter:data2\" content=\"2 minuti\" \/>\n<script type=\"application\/ld+json\" class=\"yoast-schema-graph\">{\"@context\":\"https:\\\/\\\/schema.org\",\"@graph\":[{\"@type\":\"Article\",\"@id\":\"https:\\\/\\\/news.save.ch\\\/neue-comics-des-bundes-zu-den-risiken-der-digitalisierung\\\/#article\",\"isPartOf\":{\"@id\":\"https:\\\/\\\/news.save.ch\\\/neue-comics-des-bundes-zu-den-risiken-der-digitalisierung\\\/\"},\"author\":{\"name\":\"stefanie Zeng\",\"@id\":\"https:\\\/\\\/news.save.ch\\\/de\\\/#\\\/schema\\\/person\\\/10917387362b3961e882740f6cf6f2a2\"},\"headline\":\"Neue Comics des Bundes zu den Risiken der Digitalisierung\",\"datePublished\":\"2025-10-29T10:02:38+00:00\",\"mainEntityOfPage\":{\"@id\":\"https:\\\/\\\/news.save.ch\\\/neue-comics-des-bundes-zu-den-risiken-der-digitalisierung\\\/\"},\"wordCount\":322,\"publisher\":{\"@id\":\"https:\\\/\\\/news.save.ch\\\/de\\\/#organization\"},\"image\":{\"@id\":\"https:\\\/\\\/news.save.ch\\\/neue-comics-des-bundes-zu-den-risiken-der-digitalisierung\\\/#primaryimage\"},\"thumbnailUrl\":\"https:\\\/\\\/news.save.ch\\\/wp-content\\\/uploads\\\/2025\\\/10\\\/websters25_neu-680x383.png\",\"keywords\":[\"Bakom\"],\"articleSection\":[\"DIGITALISIERUNG\"],\"inLanguage\":\"it-IT\"},{\"@type\":\"WebPage\",\"@id\":\"https:\\\/\\\/news.save.ch\\\/neue-comics-des-bundes-zu-den-risiken-der-digitalisierung\\\/\",\"url\":\"https:\\\/\\\/news.save.ch\\\/neue-comics-des-bundes-zu-den-risiken-der-digitalisierung\\\/\",\"name\":\"Neue Comics des Bundes zu den Risiken der Digitalisierung - Save\",\"isPartOf\":{\"@id\":\"https:\\\/\\\/news.save.ch\\\/de\\\/#website\"},\"primaryImageOfPage\":{\"@id\":\"https:\\\/\\\/news.save.ch\\\/neue-comics-des-bundes-zu-den-risiken-der-digitalisierung\\\/#primaryimage\"},\"image\":{\"@id\":\"https:\\\/\\\/news.save.ch\\\/neue-comics-des-bundes-zu-den-risiken-der-digitalisierung\\\/#primaryimage\"},\"thumbnailUrl\":\"https:\\\/\\\/news.save.ch\\\/wp-content\\\/uploads\\\/2025\\\/10\\\/websters25_neu-680x383.png\",\"datePublished\":\"2025-10-29T10:02:38+00:00\",\"description\":\"Das BAKOM hat die vierte Ausgabe der Comic-Serie \u00abGeschichten aus dem digitalen Alltag\u00bb ver\u00f6ffentlicht.\",\"breadcrumb\":{\"@id\":\"https:\\\/\\\/news.save.ch\\\/neue-comics-des-bundes-zu-den-risiken-der-digitalisierung\\\/#breadcrumb\"},\"inLanguage\":\"it-IT\",\"potentialAction\":[{\"@type\":\"ReadAction\",\"target\":[\"https:\\\/\\\/news.save.ch\\\/neue-comics-des-bundes-zu-den-risiken-der-digitalisierung\\\/\"]}]},{\"@type\":\"ImageObject\",\"inLanguage\":\"it-IT\",\"@id\":\"https:\\\/\\\/news.save.ch\\\/neue-comics-des-bundes-zu-den-risiken-der-digitalisierung\\\/#primaryimage\",\"url\":\"https:\\\/\\\/news.save.ch\\\/wp-content\\\/uploads\\\/2025\\\/10\\\/websters25_neu-680x383.png\",\"contentUrl\":\"https:\\\/\\\/news.save.ch\\\/wp-content\\\/uploads\\\/2025\\\/10\\\/websters25_neu-680x383.png\"},{\"@type\":\"BreadcrumbList\",\"@id\":\"https:\\\/\\\/news.save.ch\\\/neue-comics-des-bundes-zu-den-risiken-der-digitalisierung\\\/#breadcrumb\",\"itemListElement\":[{\"@type\":\"ListItem\",\"position\":1,\"name\":\"Home\",\"item\":\"https:\\\/\\\/news.save.ch\\\/de\\\/\"},{\"@type\":\"ListItem\",\"position\":2,\"name\":\"Neue Comics des Bundes zu den Risiken der Digitalisierung\"}]},{\"@type\":\"WebSite\",\"@id\":\"https:\\\/\\\/news.save.ch\\\/de\\\/#website\",\"url\":\"https:\\\/\\\/news.save.ch\\\/de\\\/\",\"name\":\"Save\",\"description\":\"Schweizer Fachzeitschrift f\u00fcr Sicherheit\",\"publisher\":{\"@id\":\"https:\\\/\\\/news.save.ch\\\/de\\\/#organization\"},\"potentialAction\":[{\"@type\":\"SearchAction\",\"target\":{\"@type\":\"EntryPoint\",\"urlTemplate\":\"https:\\\/\\\/news.save.ch\\\/de\\\/?s={search_term_string}\"},\"query-input\":{\"@type\":\"PropertyValueSpecification\",\"valueRequired\":true,\"valueName\":\"search_term_string\"}}],\"inLanguage\":\"it-IT\"},{\"@type\":\"Organization\",\"@id\":\"https:\\\/\\\/news.save.ch\\\/de\\\/#organization\",\"name\":\"Sicherheitsforum\",\"url\":\"https:\\\/\\\/news.save.ch\\\/de\\\/\",\"logo\":{\"@type\":\"ImageObject\",\"inLanguage\":\"it-IT\",\"@id\":\"https:\\\/\\\/news.save.ch\\\/de\\\/#\\\/schema\\\/logo\\\/image\\\/\",\"url\":\"https:\\\/\\\/news.save.ch\\\/wp-content\\\/uploads\\\/2022\\\/06\\\/Logo_SF_2012.png\",\"contentUrl\":\"https:\\\/\\\/news.save.ch\\\/wp-content\\\/uploads\\\/2022\\\/06\\\/Logo_SF_2012.png\",\"width\":1100,\"height\":91,\"caption\":\"Sicherheitsforum\"},\"image\":{\"@id\":\"https:\\\/\\\/news.save.ch\\\/de\\\/#\\\/schema\\\/logo\\\/image\\\/\"}},{\"@type\":\"Person\",\"@id\":\"https:\\\/\\\/news.save.ch\\\/de\\\/#\\\/schema\\\/person\\\/10917387362b3961e882740f6cf6f2a2\",\"name\":\"stefanie Zeng\",\"image\":{\"@type\":\"ImageObject\",\"inLanguage\":\"it-IT\",\"@id\":\"https:\\\/\\\/secure.gravatar.com\\\/avatar\\\/eac43faa6e40bb2c41068c95c9d78bbd94c476d5efdff7abaab80bb3ea681e06?s=96&d=mm&r=g\",\"url\":\"https:\\\/\\\/secure.gravatar.com\\\/avatar\\\/eac43faa6e40bb2c41068c95c9d78bbd94c476d5efdff7abaab80bb3ea681e06?s=96&d=mm&r=g\",\"contentUrl\":\"https:\\\/\\\/secure.gravatar.com\\\/avatar\\\/eac43faa6e40bb2c41068c95c9d78bbd94c476d5efdff7abaab80bb3ea681e06?s=96&d=mm&r=g\",\"caption\":\"stefanie Zeng\"},\"url\":\"https:\\\/\\\/news.save.ch\\\/it\\\/author\\\/stefanie-zeng\\\/\"}]}<\/script>\n<!-- \/ Yoast SEO plugin. -->","yoast_head_json":{"title":"Nuovi fumetti federali sui rischi della digitalizzazione - Save","description":"L'OFCOM ha pubblicato la quarta edizione della serie di fumetti \u00abStorie di vita digitale quotidiana\u00bb.","robots":{"index":"index","follow":"follow","max-snippet":"max-snippet:-1","max-image-preview":"max-image-preview:large","max-video-preview":"max-video-preview:-1"},"canonical":"https:\/\/news.save.ch\/it\/neue-comics-des-bundes-zu-den-risiken-der-digitalisierung\/","og_locale":"it_IT","og_type":"article","og_title":"Neue Comics des Bundes zu den Risiken der Digitalisierung - Save","og_description":"Das BAKOM hat die vierte Ausgabe der Comic-Serie \u00abGeschichten aus dem digitalen Alltag\u00bb ver\u00f6ffentlicht.","og_url":"https:\/\/news.save.ch\/it\/neue-comics-des-bundes-zu-den-risiken-der-digitalisierung\/","og_site_name":"Save","article_published_time":"2025-10-29T10:02:38+00:00","og_image":[{"width":1200,"height":675,"url":"https:\/\/news.save.ch\/wp-content\/uploads\/2025\/10\/websters25_neu-scaled.png","type":"image\/png"}],"author":"stefanie Zeng","twitter_card":"summary_large_image","twitter_misc":{"Scritto da":"stefanie Zeng","Tempo di lettura stimato":"2 minuti"},"schema":{"@context":"https:\/\/schema.org","@graph":[{"@type":"Article","@id":"https:\/\/news.save.ch\/neue-comics-des-bundes-zu-den-risiken-der-digitalisierung\/#article","isPartOf":{"@id":"https:\/\/news.save.ch\/neue-comics-des-bundes-zu-den-risiken-der-digitalisierung\/"},"author":{"name":"stefanie Zeng","@id":"https:\/\/news.save.ch\/de\/#\/schema\/person\/10917387362b3961e882740f6cf6f2a2"},"headline":"Neue Comics des Bundes zu den Risiken der Digitalisierung","datePublished":"2025-10-29T10:02:38+00:00","mainEntityOfPage":{"@id":"https:\/\/news.save.ch\/neue-comics-des-bundes-zu-den-risiken-der-digitalisierung\/"},"wordCount":322,"publisher":{"@id":"https:\/\/news.save.ch\/de\/#organization"},"image":{"@id":"https:\/\/news.save.ch\/neue-comics-des-bundes-zu-den-risiken-der-digitalisierung\/#primaryimage"},"thumbnailUrl":"https:\/\/news.save.ch\/wp-content\/uploads\/2025\/10\/websters25_neu-680x383.png","keywords":["Bakom"],"articleSection":["DIGITALISIERUNG"],"inLanguage":"it-IT"},{"@type":"WebPage","@id":"https:\/\/news.save.ch\/neue-comics-des-bundes-zu-den-risiken-der-digitalisierung\/","url":"https:\/\/news.save.ch\/neue-comics-des-bundes-zu-den-risiken-der-digitalisierung\/","name":"Nuovi fumetti federali sui rischi della digitalizzazione - Save","isPartOf":{"@id":"https:\/\/news.save.ch\/de\/#website"},"primaryImageOfPage":{"@id":"https:\/\/news.save.ch\/neue-comics-des-bundes-zu-den-risiken-der-digitalisierung\/#primaryimage"},"image":{"@id":"https:\/\/news.save.ch\/neue-comics-des-bundes-zu-den-risiken-der-digitalisierung\/#primaryimage"},"thumbnailUrl":"https:\/\/news.save.ch\/wp-content\/uploads\/2025\/10\/websters25_neu-680x383.png","datePublished":"2025-10-29T10:02:38+00:00","description":"L'OFCOM ha pubblicato la quarta edizione della serie di fumetti \u00abStorie di vita digitale quotidiana\u00bb.","breadcrumb":{"@id":"https:\/\/news.save.ch\/neue-comics-des-bundes-zu-den-risiken-der-digitalisierung\/#breadcrumb"},"inLanguage":"it-IT","potentialAction":[{"@type":"ReadAction","target":["https:\/\/news.save.ch\/neue-comics-des-bundes-zu-den-risiken-der-digitalisierung\/"]}]},{"@type":"ImageObject","inLanguage":"it-IT","@id":"https:\/\/news.save.ch\/neue-comics-des-bundes-zu-den-risiken-der-digitalisierung\/#primaryimage","url":"https:\/\/news.save.ch\/wp-content\/uploads\/2025\/10\/websters25_neu-680x383.png","contentUrl":"https:\/\/news.save.ch\/wp-content\/uploads\/2025\/10\/websters25_neu-680x383.png"},{"@type":"BreadcrumbList","@id":"https:\/\/news.save.ch\/neue-comics-des-bundes-zu-den-risiken-der-digitalisierung\/#breadcrumb","itemListElement":[{"@type":"ListItem","position":1,"name":"Home","item":"https:\/\/news.save.ch\/de\/"},{"@type":"ListItem","position":2,"name":"Neue Comics des Bundes zu den Risiken der Digitalisierung"}]},{"@type":"WebSite","@id":"https:\/\/news.save.ch\/de\/#website","url":"https:\/\/news.save.ch\/de\/","name":"Risparmiare","description":"Rivista svizzera specializzata in sicurezza","publisher":{"@id":"https:\/\/news.save.ch\/de\/#organization"},"potentialAction":[{"@type":"SearchAction","target":{"@type":"EntryPoint","urlTemplate":"https:\/\/news.save.ch\/de\/?s={search_term_string}"},"query-input":{"@type":"PropertyValueSpecification","valueRequired":true,"valueName":"search_term_string"}}],"inLanguage":"it-IT"},{"@type":"Organization","@id":"https:\/\/news.save.ch\/de\/#organization","name":"Forum sulla sicurezza","url":"https:\/\/news.save.ch\/de\/","logo":{"@type":"ImageObject","inLanguage":"it-IT","@id":"https:\/\/news.save.ch\/de\/#\/schema\/logo\/image\/","url":"https:\/\/news.save.ch\/wp-content\/uploads\/2022\/06\/Logo_SF_2012.png","contentUrl":"https:\/\/news.save.ch\/wp-content\/uploads\/2022\/06\/Logo_SF_2012.png","width":1100,"height":91,"caption":"Sicherheitsforum"},"image":{"@id":"https:\/\/news.save.ch\/de\/#\/schema\/logo\/image\/"}},{"@type":"Person","@id":"https:\/\/news.save.ch\/de\/#\/schema\/person\/10917387362b3961e882740f6cf6f2a2","name":"Stefanie Zeng","image":{"@type":"ImageObject","inLanguage":"it-IT","@id":"https:\/\/secure.gravatar.com\/avatar\/eac43faa6e40bb2c41068c95c9d78bbd94c476d5efdff7abaab80bb3ea681e06?s=96&d=mm&r=g","url":"https:\/\/secure.gravatar.com\/avatar\/eac43faa6e40bb2c41068c95c9d78bbd94c476d5efdff7abaab80bb3ea681e06?s=96&d=mm&r=g","contentUrl":"https:\/\/secure.gravatar.com\/avatar\/eac43faa6e40bb2c41068c95c9d78bbd94c476d5efdff7abaab80bb3ea681e06?s=96&d=mm&r=g","caption":"stefanie Zeng"},"url":"https:\/\/news.save.ch\/it\/author\/stefanie-zeng\/"}]}},"_links":{"self":[{"href":"https:\/\/news.save.ch\/it\/wp-json\/wp\/v2\/posts\/24663","targetHints":{"allow":["GET"]}}],"collection":[{"href":"https:\/\/news.save.ch\/it\/wp-json\/wp\/v2\/posts"}],"about":[{"href":"https:\/\/news.save.ch\/it\/wp-json\/wp\/v2\/types\/post"}],"author":[{"embeddable":true,"href":"https:\/\/news.save.ch\/it\/wp-json\/wp\/v2\/users\/31"}],"replies":[{"embeddable":true,"href":"https:\/\/news.save.ch\/it\/wp-json\/wp\/v2\/comments?post=24663"}],"version-history":[{"count":2,"href":"https:\/\/news.save.ch\/it\/wp-json\/wp\/v2\/posts\/24663\/revisions"}],"predecessor-version":[{"id":24667,"href":"https:\/\/news.save.ch\/it\/wp-json\/wp\/v2\/posts\/24663\/revisions\/24667"}],"wp:attachment":[{"href":"https:\/\/news.save.ch\/it\/wp-json\/wp\/v2\/media?parent=24663"}],"wp:term":[{"taxonomy":"category","embeddable":true,"href":"https:\/\/news.save.ch\/it\/wp-json\/wp\/v2\/categories?post=24663"},{"taxonomy":"post_tag","embeddable":true,"href":"https:\/\/news.save.ch\/it\/wp-json\/wp\/v2\/tags?post=24663"}],"curies":[{"name":"wp","href":"https:\/\/api.w.org\/{rel}","templated":true}]}}