{"id":2474,"date":"2017-12-13T15:21:47","date_gmt":"2017-12-13T14:21:47","guid":{"rendered":"https:\/\/news.save.ch\/?p=2474"},"modified":"2023-03-14T09:04:18","modified_gmt":"2023-03-14T08:04:18","slug":"erhoehte-brandgefahr-waehrend-der-adventszeit","status":null,"type":"post","link":"https:\/\/news.save.ch\/it\/erhoehte-brandgefahr-waehrend-der-adventszeit\/","title":{"rendered":"Aumento del rischio di incendio durante il periodo dell'Avvento"},"content":{"rendered":"<figure id=\"attachment_2475\" aria-describedby=\"caption-attachment-2475\" style=\"width: 680px\" class=\"wp-caption alignnone\"><img loading=\"lazy\" decoding=\"async\" class=\"size-medium wp-image-2475\" src=\"http:\/\/develop.safety-plus.ch\/wp-content\/uploads\/2017\/12\/Depositphotos_Patryk_Kosmider.jpg\" alt=\"\" width=\"680\" height=\"453\" \/><figcaption id=\"caption-attachment-2475\" class=\"wp-caption-text\">Le candele accese sono spesso la causa di incendi in case e appartamenti. Le luci fiabesche a LED e le candele a LED si stanno affermando come un'alternativa sicura per il fuoco. \u00a9 Depositphotos\/Patryk_Kosmider<\/figcaption><\/figure>\n<p>Le candele creano un'atmosfera accogliente in casa. Tuttavia, sono anche associate a un maggiore rischio di incendio. Una candela che ha appena tremato delicatamente pu\u00f2 presto ridurre in macerie un salotto. La maggior parte degli incendi causati dalle candele \u00e8 dovuta alla disattenzione. Chiunque lasci una stanza con candele accese rischia sempre un incendio in casa o in appartamento. Le candele incustodite possono essere rovesciate dai bambini che giocano o dagli animali domestici e incendiare facilmente gli oggetti infiammabili. Inoltre, le sterpaglie della corona d'Avvento e dell'albero di Natale prendono fuoco rapidamente. Pertanto, non si dovrebbero pi\u00f9 accendere candele su una composizione dell'Avvento o su un albero di Natale spelacchiato.<\/p>\n<p><strong>Alternativa: luci LED e candele LED <\/strong><\/p>\n<p>Le luci fiabesche a LED e le candele a LED si stanno affermando come un'alternativa sicura per il fuoco. Occorre fare attenzione a non sovraccaricare le prese di corrente e a non collegare ulteriori spine multiple a pi\u00f9 prese. Gli spray per la neve contengono spesso i seguenti propellenti <a href=\"https:\/\/news.save.ch\/it\/fluessiggas-gesetzgebung-angepasst\/\" target=\"_blank\" rel=\"noopener\">gas liquido esplosivo<\/a>. Pertanto, devono essere utilizzati solo in presenza di una buona ventilazione e non in presenza di fiamme libere e devono essere seguite le istruzioni sullo spray. Se si verifica un incendio, \u00e8 necessario allertare prima i vigili del fuoco. Quindi soccorrere le vittime e cercare di salvare l'incendio. <a href=\"https:\/\/news.save.ch\/it\/feuergefahr-in-der-adventszeit-kerzenbraende-vermeiden\/\" target=\"_blank\" rel=\"noopener\">Spegnere il fuoco<\/a>.<\/p>\n<p><strong>La BfB e l'upi forniscono i seguenti consigli di sicurezza per un periodo di Avvento e Natale senza incendi:<\/strong><\/p>\n<ul>\n<li>Spegnere le candele se non possono essere sorvegliate.<\/li>\n<li>Non lasciate bambini e animali domestici da soli in una stanza con candele accese.<\/li>\n<li>Collocare le candele in una posizione stabile su una base non combustibile, a una distanza sufficiente da tessuti, decorazioni e altri materiali combustibili.<\/li>\n<li>Assicuratevi che le candele della corona dell'Avvento e dell'albero di Natale siano ben salde e in posizione verticale.<\/li>\n<li>Sostituite le candele prima che si brucino.<\/li>\n<li>Le disposizioni dell'Avvento secco non sono mai state <a href=\"https:\/\/news.save.ch\/it\/achtung-chemineebraende\/\" target=\"_blank\" rel=\"noopener\">Camino<\/a> bruciarlo, ma smaltirlo.<\/li>\n<li>Tenete pronto un secchio d'acqua o una coperta antincendio per le emergenze.<\/li>\n<li>... o passare a candele a LED con un aspetto di vera cera (consiglio del redattore)!<\/li>\n<\/ul>\n<p><a href=\"http:\/\/www.bfu.ch\" target=\"_blank\" rel=\"noopener\">upi - Consiglio consultivo per la prevenzione degli infortuni<\/a><\/p>\n<p>&nbsp;<\/p>","protected":false},"excerpt":{"rendered":"<p>Zuhause sorgen Kerzen f\u00fcr eine wohlige Atmosph\u00e4re. Allerdings ist damit auch ein erh\u00f6htes Brandrisiko verbunden. Eine soeben noch sanft flackernde Kerze kann ein Wohnzimmer innert K\u00fcrze in Schutt und Asche legen. Die meisten durch Kerzen verursachten Br\u00e4nde ereignen sich aufgrund von Unachtsamkeit. Wer einen Raum mit brennenden Kerzen verl\u00e4sst, riskiert immer einen Haus- oder Wohnungsbrand. [&hellip;]<\/p>\n","protected":false},"author":1,"featured_media":16242,"comment_status":"open","ping_status":"open","sticky":false,"template":"","format":"standard","meta":{"_acf_changed":false,"pgc_sgb_lightbox_settings":"","footnotes":""},"categories":[1,3314],"tags":[105,907,156,1814,2358,175,141,68],"class_list":["post-2474","post","type-post","status-publish","format-standard","has-post-thumbnail","hentry","category-allgemein","category-health-safety","tag-brandbekaempfung","tag-brandgefahr","tag-brandschutz","tag-brennbaren-materialie","tag-kerzen","tag-nichtberufsunfaelle","tag-praevention","tag-tipps-und-tricks"],"acf":[],"hkrextid":null,"publication":null,"issue":null,"workflow":null,"startPage":null,"spitzmarke":null,"_posts_by_tag_page_fields":{"widget_title":"","widget_tags":""},"_at_widget":"1","_yoast_wpseo_primary_category":"1","_yoast_wpseo_focuskw_text_input":"Erh\u00f6hte Brandgefahr","_yoast_wpseo_opengraph-image":null,"_yoast_wpseo_opengraph-description":null,"_yoast_wpseo_opengraph-title":null,"enclosure":null,"_yoast_wpseo_twitter-title":null,"_yoast_wpseo_twitter-description":null,"_yoast_wpseo_twitter-image":null,"_wp_old_slug":null,"_yoast_wpseo_title":null,"_yoast_wpseo_canonical":null,"yoast_head":"<!-- This site is optimized with the Yoast SEO plugin v27.4 - https:\/\/yoast.com\/product\/yoast-seo-wordpress\/ -->\n<title>Erh\u00f6hte Brandgefahr w\u00e4hrend der Adventszeit - Save<\/title>\n<meta name=\"description\" content=\"Brennende Kerzen sind oft die Ursache f\u00fcr Haus- und Wohnungsbr\u00e4nde. Ungef\u00e4hrliche Alternative sind LED-Lichterketten und LED-Kerzen.\" \/>\n<meta name=\"robots\" content=\"index, follow, max-snippet:-1, max-image-preview:large, max-video-preview:-1\" \/>\n<link rel=\"canonical\" href=\"https:\/\/news.save.ch\/it\/erhoehte-brandgefahr-waehrend-der-adventszeit\/\" \/>\n<meta property=\"og:locale\" content=\"it_IT\" \/>\n<meta property=\"og:type\" content=\"article\" \/>\n<meta property=\"og:title\" content=\"Erh\u00f6hte Brandgefahr w\u00e4hrend der Adventszeit - Save\" \/>\n<meta property=\"og:description\" content=\"Brennende Kerzen sind oft die Ursache f\u00fcr Haus- und Wohnungsbr\u00e4nde. Ungef\u00e4hrliche Alternative sind LED-Lichterketten und LED-Kerzen.\" \/>\n<meta property=\"og:url\" content=\"https:\/\/news.save.ch\/it\/erhoehte-brandgefahr-waehrend-der-adventszeit\/\" \/>\n<meta property=\"og:site_name\" content=\"Save\" \/>\n<meta property=\"article:published_time\" content=\"2017-12-13T14:21:47+00:00\" \/>\n<meta property=\"article:modified_time\" content=\"2023-03-14T08:04:18+00:00\" \/>\n<meta property=\"og:image\" content=\"https:\/\/news.save.ch\/wp-content\/uploads\/2017\/12\/Depositphotos_Patryk_Kosmider-scaled-1.jpg\" \/>\n\t<meta property=\"og:image:width\" content=\"1200\" \/>\n\t<meta property=\"og:image:height\" content=\"800\" \/>\n\t<meta property=\"og:image:type\" content=\"image\/jpeg\" \/>\n<meta name=\"author\" content=\"admin\" \/>\n<meta name=\"twitter:card\" content=\"summary_large_image\" \/>\n<meta name=\"twitter:label1\" content=\"Scritto da\" \/>\n\t<meta name=\"twitter:data1\" content=\"admin\" \/>\n\t<meta name=\"twitter:label2\" content=\"Tempo di lettura stimato\" \/>\n\t<meta name=\"twitter:data2\" content=\"2 minuti\" \/>\n<script type=\"application\/ld+json\" class=\"yoast-schema-graph\">{\"@context\":\"https:\\\/\\\/schema.org\",\"@graph\":[{\"@type\":\"Article\",\"@id\":\"https:\\\/\\\/news.save.ch\\\/erhoehte-brandgefahr-waehrend-der-adventszeit\\\/#article\",\"isPartOf\":{\"@id\":\"https:\\\/\\\/news.save.ch\\\/erhoehte-brandgefahr-waehrend-der-adventszeit\\\/\"},\"author\":{\"name\":\"admin\",\"@id\":\"https:\\\/\\\/news.save.ch\\\/de\\\/#\\\/schema\\\/person\\\/d49e199490bad7c70d64b9ab51142f2b\"},\"headline\":\"Erh\u00f6hte Brandgefahr w\u00e4hrend der Adventszeit\",\"datePublished\":\"2017-12-13T14:21:47+00:00\",\"dateModified\":\"2023-03-14T08:04:18+00:00\",\"mainEntityOfPage\":{\"@id\":\"https:\\\/\\\/news.save.ch\\\/erhoehte-brandgefahr-waehrend-der-adventszeit\\\/\"},\"wordCount\":350,\"commentCount\":0,\"publisher\":{\"@id\":\"https:\\\/\\\/news.save.ch\\\/de\\\/#organization\"},\"image\":{\"@id\":\"https:\\\/\\\/news.save.ch\\\/erhoehte-brandgefahr-waehrend-der-adventszeit\\\/#primaryimage\"},\"thumbnailUrl\":\"https:\\\/\\\/news.save.ch\\\/wp-content\\\/uploads\\\/2017\\\/12\\\/Depositphotos_Patryk_Kosmider-scaled-1.jpg\",\"keywords\":[\"Brandbek\u00e4mpfung\",\"Brandgefahr\",\"Brandschutz\",\"brennbaren Materialie\",\"Kerzen\",\"Nichtberufsunf\u00e4lle\",\"Pr\u00e4vention\",\"Tipps und Tricks\"],\"articleSection\":[\"ALLGEMEIN\",\"HEALTH &amp; SAFETY\"],\"inLanguage\":\"it-IT\"},{\"@type\":\"WebPage\",\"@id\":\"https:\\\/\\\/news.save.ch\\\/erhoehte-brandgefahr-waehrend-der-adventszeit\\\/\",\"url\":\"https:\\\/\\\/news.save.ch\\\/erhoehte-brandgefahr-waehrend-der-adventszeit\\\/\",\"name\":\"Erh\u00f6hte Brandgefahr w\u00e4hrend der Adventszeit - Save\",\"isPartOf\":{\"@id\":\"https:\\\/\\\/news.save.ch\\\/de\\\/#website\"},\"primaryImageOfPage\":{\"@id\":\"https:\\\/\\\/news.save.ch\\\/erhoehte-brandgefahr-waehrend-der-adventszeit\\\/#primaryimage\"},\"image\":{\"@id\":\"https:\\\/\\\/news.save.ch\\\/erhoehte-brandgefahr-waehrend-der-adventszeit\\\/#primaryimage\"},\"thumbnailUrl\":\"https:\\\/\\\/news.save.ch\\\/wp-content\\\/uploads\\\/2017\\\/12\\\/Depositphotos_Patryk_Kosmider-scaled-1.jpg\",\"datePublished\":\"2017-12-13T14:21:47+00:00\",\"dateModified\":\"2023-03-14T08:04:18+00:00\",\"description\":\"Brennende Kerzen sind oft die Ursache f\u00fcr Haus- und Wohnungsbr\u00e4nde. Ungef\u00e4hrliche Alternative sind LED-Lichterketten und LED-Kerzen.\",\"breadcrumb\":{\"@id\":\"https:\\\/\\\/news.save.ch\\\/erhoehte-brandgefahr-waehrend-der-adventszeit\\\/#breadcrumb\"},\"inLanguage\":\"it-IT\",\"potentialAction\":[{\"@type\":\"ReadAction\",\"target\":[\"https:\\\/\\\/news.save.ch\\\/erhoehte-brandgefahr-waehrend-der-adventszeit\\\/\"]}]},{\"@type\":\"ImageObject\",\"inLanguage\":\"it-IT\",\"@id\":\"https:\\\/\\\/news.save.ch\\\/erhoehte-brandgefahr-waehrend-der-adventszeit\\\/#primaryimage\",\"url\":\"https:\\\/\\\/news.save.ch\\\/wp-content\\\/uploads\\\/2017\\\/12\\\/Depositphotos_Patryk_Kosmider-scaled-1.jpg\",\"contentUrl\":\"https:\\\/\\\/news.save.ch\\\/wp-content\\\/uploads\\\/2017\\\/12\\\/Depositphotos_Patryk_Kosmider-scaled-1.jpg\",\"width\":1200,\"height\":800,\"caption\":\"Brennende Kerzen sind oft die Ursache f\u00fcr Haus- und Wohnungsbr\u00e4nde. Als brandtechnisch ungef\u00e4hrliche Alternative etablieren sich LED-Lichterketten und LED-Kerzen. \u00a9 Depositphotos\\\/Patryk_Kosmider\"},{\"@type\":\"BreadcrumbList\",\"@id\":\"https:\\\/\\\/news.save.ch\\\/erhoehte-brandgefahr-waehrend-der-adventszeit\\\/#breadcrumb\",\"itemListElement\":[{\"@type\":\"ListItem\",\"position\":1,\"name\":\"Home\",\"item\":\"https:\\\/\\\/news.save.ch\\\/de\\\/\"},{\"@type\":\"ListItem\",\"position\":2,\"name\":\"Erh\u00f6hte Brandgefahr w\u00e4hrend der Adventszeit\"}]},{\"@type\":\"WebSite\",\"@id\":\"https:\\\/\\\/news.save.ch\\\/de\\\/#website\",\"url\":\"https:\\\/\\\/news.save.ch\\\/de\\\/\",\"name\":\"Save\",\"description\":\"Schweizer Fachzeitschrift f\u00fcr Sicherheit\",\"publisher\":{\"@id\":\"https:\\\/\\\/news.save.ch\\\/de\\\/#organization\"},\"potentialAction\":[{\"@type\":\"SearchAction\",\"target\":{\"@type\":\"EntryPoint\",\"urlTemplate\":\"https:\\\/\\\/news.save.ch\\\/de\\\/?s={search_term_string}\"},\"query-input\":{\"@type\":\"PropertyValueSpecification\",\"valueRequired\":true,\"valueName\":\"search_term_string\"}}],\"inLanguage\":\"it-IT\"},{\"@type\":\"Organization\",\"@id\":\"https:\\\/\\\/news.save.ch\\\/de\\\/#organization\",\"name\":\"Sicherheitsforum\",\"url\":\"https:\\\/\\\/news.save.ch\\\/de\\\/\",\"logo\":{\"@type\":\"ImageObject\",\"inLanguage\":\"it-IT\",\"@id\":\"https:\\\/\\\/news.save.ch\\\/de\\\/#\\\/schema\\\/logo\\\/image\\\/\",\"url\":\"https:\\\/\\\/news.save.ch\\\/wp-content\\\/uploads\\\/2022\\\/06\\\/Logo_SF_2012.png\",\"contentUrl\":\"https:\\\/\\\/news.save.ch\\\/wp-content\\\/uploads\\\/2022\\\/06\\\/Logo_SF_2012.png\",\"width\":1100,\"height\":91,\"caption\":\"Sicherheitsforum\"},\"image\":{\"@id\":\"https:\\\/\\\/news.save.ch\\\/de\\\/#\\\/schema\\\/logo\\\/image\\\/\"}},{\"@type\":\"Person\",\"@id\":\"https:\\\/\\\/news.save.ch\\\/de\\\/#\\\/schema\\\/person\\\/d49e199490bad7c70d64b9ab51142f2b\",\"name\":\"admin\",\"image\":{\"@type\":\"ImageObject\",\"inLanguage\":\"it-IT\",\"@id\":\"https:\\\/\\\/secure.gravatar.com\\\/avatar\\\/ae2f4d718e6c49043e314ce431e7e645d646302a24a5ef5a8bc8e3f5a032e319?s=96&d=mm&r=g\",\"url\":\"https:\\\/\\\/secure.gravatar.com\\\/avatar\\\/ae2f4d718e6c49043e314ce431e7e645d646302a24a5ef5a8bc8e3f5a032e319?s=96&d=mm&r=g\",\"contentUrl\":\"https:\\\/\\\/secure.gravatar.com\\\/avatar\\\/ae2f4d718e6c49043e314ce431e7e645d646302a24a5ef5a8bc8e3f5a032e319?s=96&d=mm&r=g\",\"caption\":\"admin\"},\"sameAs\":[\"https:\\\/\\\/develop.organisator.galledia.ch\"],\"url\":\"https:\\\/\\\/news.save.ch\\\/it\\\/author\\\/admin\\\/\"}]}<\/script>\n<!-- \/ Yoast SEO plugin. -->","yoast_head_json":{"title":"Aumenta il rischio di incendi durante il periodo dell'Avvento - Save","description":"Le candele accese sono spesso la causa di incendi in case e appartamenti. Le luci LED e le candele LED sono un'alternativa sicura.","robots":{"index":"index","follow":"follow","max-snippet":"max-snippet:-1","max-image-preview":"max-image-preview:large","max-video-preview":"max-video-preview:-1"},"canonical":"https:\/\/news.save.ch\/it\/erhoehte-brandgefahr-waehrend-der-adventszeit\/","og_locale":"it_IT","og_type":"article","og_title":"Erh\u00f6hte Brandgefahr w\u00e4hrend der Adventszeit - Save","og_description":"Brennende Kerzen sind oft die Ursache f\u00fcr Haus- und Wohnungsbr\u00e4nde. Ungef\u00e4hrliche Alternative sind LED-Lichterketten und LED-Kerzen.","og_url":"https:\/\/news.save.ch\/it\/erhoehte-brandgefahr-waehrend-der-adventszeit\/","og_site_name":"Save","article_published_time":"2017-12-13T14:21:47+00:00","article_modified_time":"2023-03-14T08:04:18+00:00","og_image":[{"width":1200,"height":800,"url":"https:\/\/news.save.ch\/wp-content\/uploads\/2017\/12\/Depositphotos_Patryk_Kosmider-scaled-1.jpg","type":"image\/jpeg"}],"author":"admin","twitter_card":"summary_large_image","twitter_misc":{"Scritto da":"admin","Tempo di lettura stimato":"2 minuti"},"schema":{"@context":"https:\/\/schema.org","@graph":[{"@type":"Article","@id":"https:\/\/news.save.ch\/erhoehte-brandgefahr-waehrend-der-adventszeit\/#article","isPartOf":{"@id":"https:\/\/news.save.ch\/erhoehte-brandgefahr-waehrend-der-adventszeit\/"},"author":{"name":"admin","@id":"https:\/\/news.save.ch\/de\/#\/schema\/person\/d49e199490bad7c70d64b9ab51142f2b"},"headline":"Erh\u00f6hte Brandgefahr w\u00e4hrend der Adventszeit","datePublished":"2017-12-13T14:21:47+00:00","dateModified":"2023-03-14T08:04:18+00:00","mainEntityOfPage":{"@id":"https:\/\/news.save.ch\/erhoehte-brandgefahr-waehrend-der-adventszeit\/"},"wordCount":350,"commentCount":0,"publisher":{"@id":"https:\/\/news.save.ch\/de\/#organization"},"image":{"@id":"https:\/\/news.save.ch\/erhoehte-brandgefahr-waehrend-der-adventszeit\/#primaryimage"},"thumbnailUrl":"https:\/\/news.save.ch\/wp-content\/uploads\/2017\/12\/Depositphotos_Patryk_Kosmider-scaled-1.jpg","keywords":["Brandbek\u00e4mpfung","Brandgefahr","Brandschutz","brennbaren Materialie","Kerzen","Nichtberufsunf\u00e4lle","Pr\u00e4vention","Tipps und Tricks"],"articleSection":["ALLGEMEIN","HEALTH &amp; SAFETY"],"inLanguage":"it-IT"},{"@type":"WebPage","@id":"https:\/\/news.save.ch\/erhoehte-brandgefahr-waehrend-der-adventszeit\/","url":"https:\/\/news.save.ch\/erhoehte-brandgefahr-waehrend-der-adventszeit\/","name":"Aumenta il rischio di incendi durante il periodo dell'Avvento - Save","isPartOf":{"@id":"https:\/\/news.save.ch\/de\/#website"},"primaryImageOfPage":{"@id":"https:\/\/news.save.ch\/erhoehte-brandgefahr-waehrend-der-adventszeit\/#primaryimage"},"image":{"@id":"https:\/\/news.save.ch\/erhoehte-brandgefahr-waehrend-der-adventszeit\/#primaryimage"},"thumbnailUrl":"https:\/\/news.save.ch\/wp-content\/uploads\/2017\/12\/Depositphotos_Patryk_Kosmider-scaled-1.jpg","datePublished":"2017-12-13T14:21:47+00:00","dateModified":"2023-03-14T08:04:18+00:00","description":"Le candele accese sono spesso la causa di incendi in case e appartamenti. Le luci LED e le candele LED sono un'alternativa sicura.","breadcrumb":{"@id":"https:\/\/news.save.ch\/erhoehte-brandgefahr-waehrend-der-adventszeit\/#breadcrumb"},"inLanguage":"it-IT","potentialAction":[{"@type":"ReadAction","target":["https:\/\/news.save.ch\/erhoehte-brandgefahr-waehrend-der-adventszeit\/"]}]},{"@type":"ImageObject","inLanguage":"it-IT","@id":"https:\/\/news.save.ch\/erhoehte-brandgefahr-waehrend-der-adventszeit\/#primaryimage","url":"https:\/\/news.save.ch\/wp-content\/uploads\/2017\/12\/Depositphotos_Patryk_Kosmider-scaled-1.jpg","contentUrl":"https:\/\/news.save.ch\/wp-content\/uploads\/2017\/12\/Depositphotos_Patryk_Kosmider-scaled-1.jpg","width":1200,"height":800,"caption":"Brennende Kerzen sind oft die Ursache f\u00fcr Haus- und Wohnungsbr\u00e4nde. Als brandtechnisch ungef\u00e4hrliche Alternative etablieren sich LED-Lichterketten und LED-Kerzen. \u00a9 Depositphotos\/Patryk_Kosmider"},{"@type":"BreadcrumbList","@id":"https:\/\/news.save.ch\/erhoehte-brandgefahr-waehrend-der-adventszeit\/#breadcrumb","itemListElement":[{"@type":"ListItem","position":1,"name":"Home","item":"https:\/\/news.save.ch\/de\/"},{"@type":"ListItem","position":2,"name":"Erh\u00f6hte Brandgefahr w\u00e4hrend der Adventszeit"}]},{"@type":"WebSite","@id":"https:\/\/news.save.ch\/de\/#website","url":"https:\/\/news.save.ch\/de\/","name":"Risparmiare","description":"Rivista svizzera specializzata in sicurezza","publisher":{"@id":"https:\/\/news.save.ch\/de\/#organization"},"potentialAction":[{"@type":"SearchAction","target":{"@type":"EntryPoint","urlTemplate":"https:\/\/news.save.ch\/de\/?s={search_term_string}"},"query-input":{"@type":"PropertyValueSpecification","valueRequired":true,"valueName":"search_term_string"}}],"inLanguage":"it-IT"},{"@type":"Organization","@id":"https:\/\/news.save.ch\/de\/#organization","name":"Forum sulla sicurezza","url":"https:\/\/news.save.ch\/de\/","logo":{"@type":"ImageObject","inLanguage":"it-IT","@id":"https:\/\/news.save.ch\/de\/#\/schema\/logo\/image\/","url":"https:\/\/news.save.ch\/wp-content\/uploads\/2022\/06\/Logo_SF_2012.png","contentUrl":"https:\/\/news.save.ch\/wp-content\/uploads\/2022\/06\/Logo_SF_2012.png","width":1100,"height":91,"caption":"Sicherheitsforum"},"image":{"@id":"https:\/\/news.save.ch\/de\/#\/schema\/logo\/image\/"}},{"@type":"Person","@id":"https:\/\/news.save.ch\/de\/#\/schema\/person\/d49e199490bad7c70d64b9ab51142f2b","name":"amministratore","image":{"@type":"ImageObject","inLanguage":"it-IT","@id":"https:\/\/secure.gravatar.com\/avatar\/ae2f4d718e6c49043e314ce431e7e645d646302a24a5ef5a8bc8e3f5a032e319?s=96&d=mm&r=g","url":"https:\/\/secure.gravatar.com\/avatar\/ae2f4d718e6c49043e314ce431e7e645d646302a24a5ef5a8bc8e3f5a032e319?s=96&d=mm&r=g","contentUrl":"https:\/\/secure.gravatar.com\/avatar\/ae2f4d718e6c49043e314ce431e7e645d646302a24a5ef5a8bc8e3f5a032e319?s=96&d=mm&r=g","caption":"admin"},"sameAs":["https:\/\/develop.organisator.galledia.ch"],"url":"https:\/\/news.save.ch\/it\/author\/admin\/"}]}},"_links":{"self":[{"href":"https:\/\/news.save.ch\/it\/wp-json\/wp\/v2\/posts\/2474","targetHints":{"allow":["GET"]}}],"collection":[{"href":"https:\/\/news.save.ch\/it\/wp-json\/wp\/v2\/posts"}],"about":[{"href":"https:\/\/news.save.ch\/it\/wp-json\/wp\/v2\/types\/post"}],"author":[{"embeddable":true,"href":"https:\/\/news.save.ch\/it\/wp-json\/wp\/v2\/users\/1"}],"replies":[{"embeddable":true,"href":"https:\/\/news.save.ch\/it\/wp-json\/wp\/v2\/comments?post=2474"}],"version-history":[{"count":1,"href":"https:\/\/news.save.ch\/it\/wp-json\/wp\/v2\/posts\/2474\/revisions"}],"predecessor-version":[{"id":18931,"href":"https:\/\/news.save.ch\/it\/wp-json\/wp\/v2\/posts\/2474\/revisions\/18931"}],"wp:featuredmedia":[{"embeddable":true,"href":"https:\/\/news.save.ch\/it\/wp-json\/wp\/v2\/media\/16242"}],"wp:attachment":[{"href":"https:\/\/news.save.ch\/it\/wp-json\/wp\/v2\/media?parent=2474"}],"wp:term":[{"taxonomy":"category","embeddable":true,"href":"https:\/\/news.save.ch\/it\/wp-json\/wp\/v2\/categories?post=2474"},{"taxonomy":"post_tag","embeddable":true,"href":"https:\/\/news.save.ch\/it\/wp-json\/wp\/v2\/tags?post=2474"}],"curies":[{"name":"wp","href":"https:\/\/api.w.org\/{rel}","templated":true}]}}