{"id":24791,"date":"2025-12-03T07:27:53","date_gmt":"2025-12-03T06:27:53","guid":{"rendered":"https:\/\/news.save.ch\/?p=24791"},"modified":"2025-12-03T07:27:53","modified_gmt":"2025-12-03T06:27:53","slug":"bundesrat-setzt-interdepartementale-arbeitsgruppe-gegen-beeinflussungsaktivitaeten-und-desinformation-ein","status":null,"type":"post","link":"https:\/\/news.save.ch\/it\/bundesrat-setzt-interdepartementale-arbeitsgruppe-gegen-beeinflussungsaktivitaeten-und-desinformation-ein\/","title":{"rendered":"Il Consiglio federale istituisce un gruppo di lavoro interdipartimentale per combattere le operazioni di influenza e la disinformazione"},"content":{"rendered":"<figure id=\"attachment_24792\" aria-describedby=\"caption-attachment-24792\" style=\"width: 680px\" class=\"wp-caption alignnone\"><img loading=\"lazy\" decoding=\"async\" class=\"size-medium wp-image-24792\" src=\"https:\/\/news.save.ch\/wp-content\/uploads\/2025\/12\/Depositphotos_10171240_S-680x510.jpg\" alt=\"\" width=\"680\" height=\"510\" srcset=\"https:\/\/news.save.ch\/wp-content\/uploads\/2025\/12\/Depositphotos_10171240_S-680x510.jpg 680w, https:\/\/news.save.ch\/wp-content\/uploads\/2025\/12\/Depositphotos_10171240_S-768x576.jpg 768w, https:\/\/news.save.ch\/wp-content\/uploads\/2025\/12\/Depositphotos_10171240_S-16x12.jpg 16w, https:\/\/news.save.ch\/wp-content\/uploads\/2025\/12\/Depositphotos_10171240_S-375x281.jpg 375w, https:\/\/news.save.ch\/wp-content\/uploads\/2025\/12\/Depositphotos_10171240_S-467x350.jpg 467w, https:\/\/news.save.ch\/wp-content\/uploads\/2025\/12\/Depositphotos_10171240_S.jpg 1000w\" sizes=\"auto, (max-width: 680px) 100vw, 680px\" \/><figcaption id=\"caption-attachment-24792\" class=\"wp-caption-text\">Foto: Depositphotos\/Andreus<\/figcaption><\/figure>\n<p id=\"doc-1javi93cq0\" class=\"font--regular\">Le attivit\u00e0 di influenza mirano a manipolare la percezione, i pensieri e le azioni di individui e societ\u00e0. Alcuni Stati utilizzano operazioni di influenza contro la Svizzera. Queste includono, ad esempio, la disinformazione, la propaganda e la repressione transnazionale volte a dipingere le istituzioni svizzere come disfunzionali, a indebolire la fiducia nella democrazia o a intimidire la popolazione. Queste attivit\u00e0 fanno parte della gestione ibrida dei conflitti.<\/p>\n<p id=\"doc-1javi9trd0\" class=\"font--regular\">Con le crescenti tensioni geopolitiche, \u00e8 probabile che aumentino anche le attivit\u00e0 di influenza contro la Svizzera. Il Consiglio federale intende agire in tal senso e ha pertanto istituito il Gruppo di lavoro interdipartimentale sulle attivit\u00e0 di influenza e disinformazione (IDWG). L'obiettivo \u00e8 quello di rafforzare il lavoro all'interno dell'Amministrazione federale sul tema delle operazioni di influenza e disinformazione.<\/p>\n<p id=\"doc-1javi9tre0\" class=\"font--regular\">L'IDWG si basa in particolare sul rapporto del Consiglio federale \u00abAttivit\u00e0 di influenza e disinformazione\u00bb del 19 giugno 2024 in adempimento del postulato 22.3006 della Commissione per la politica di sicurezza del Consiglio nazionale, ma anche sul rapporto \u00abSituazione delle persone tibetane e uigure in Svizzera\u00bb del 12 febbraio 2025 in adempimento del postulato 20.4333. In questi rapporti, il Consiglio federale ha deciso misure per contrastare queste minacce.<\/p>\n<h3 id=\"doc-1javi9tre1\" class=\"h2\">Sviluppare ulteriori misure contro le attivit\u00e0 di influenza e disinformazione.<\/h3>\n<p id=\"doc-1javi9trf0\" class=\"font--regular\">L'IDWG coordina il lavoro dell'Amministrazione federale su questo tema e rafforzer\u00e0 la cooperazione nazionale e internazionale per contrastare le operazioni di influenza e disinformazione. Svilupper\u00e0 inoltre una comprensione della situazione in Svizzera e degli attuali sviluppi nel campo delle operazioni di influenza e della disinformazione. Su questa base, pu\u00f2 proporre ai decisori politici misure di prevenzione, rafforzamento della resilienza o difesa dagli attacchi, se necessario. Inoltre, contribuisce a sensibilizzare le autorit\u00e0 e il pubblico in generale.<\/p>\n<p class=\"font--regular\">L'IDAG \u00e8 diretto dalla Segreteria di Stato per la politica di sicurezza (SEPOS) e comprende gli uffici maggiormente interessati dalla minaccia del DDPS, del DFAE, del DEFR, del DATEC, del DFGP, della Cancelleria federale e i delegati della Rete svizzera di sicurezza (SSN). Gli specialisti del mondo accademico, della societ\u00e0 civile e dell'estero sono coinvolti caso per caso.<\/p>\n<p><em>Fonte: Segreteria di Stato per la politica di sicurezza SEPOS<\/em><\/p>","protected":false},"excerpt":{"rendered":"<p>Beeinflussungsaktivit\u00e4ten wollen die Wahrnehmung, das Denken und das Handeln von Personen und Gesellschaften manipulieren. Gewisse Staaten setzen Beeinflussungsaktivit\u00e4ten gegen die Schweiz ein. Dazu geh\u00f6ren beispielsweise Desinformation, Propaganda und transnationale Repression, die darauf abzielen, Schweizer Institutionen als dysfunktional darzustellen, das Vertrauen in die Demokratie zu schw\u00e4chen oder Menschen einzusch\u00fcchtern. Solche Aktivit\u00e4ten sind Teil der hybriden Konfliktf\u00fchrung. [&hellip;]<\/p>\n","protected":false},"author":31,"featured_media":0,"comment_status":"closed","ping_status":"closed","sticky":false,"template":"","format":"standard","meta":{"_acf_changed":false,"pgc_sgb_lightbox_settings":"","footnotes":""},"categories":[3312],"tags":[6631,922],"class_list":["post-24791","post","type-post","status-publish","format-standard","hentry","category-sicherheit","tag-sepos","tag-vbs"],"acf":[],"hkrextid":null,"publication":null,"issue":null,"workflow":null,"startPage":null,"spitzmarke":null,"_posts_by_tag_page_fields":null,"_at_widget":null,"_yoast_wpseo_primary_category":"3312","_yoast_wpseo_focuskw_text_input":null,"_yoast_wpseo_opengraph-image":null,"_yoast_wpseo_opengraph-description":null,"_yoast_wpseo_opengraph-title":null,"enclosure":null,"_yoast_wpseo_twitter-title":null,"_yoast_wpseo_twitter-description":null,"_yoast_wpseo_twitter-image":null,"_wp_old_slug":null,"_yoast_wpseo_title":null,"_yoast_wpseo_canonical":null,"yoast_head":"<!-- This site is optimized with the Yoast SEO plugin v27.4 - https:\/\/yoast.com\/product\/yoast-seo-wordpress\/ -->\n<title>Bundesrat setzt interdepartementale Arbeitsgruppe gegen Beeinflussungsaktivit\u00e4ten und Desinformation ein - Save<\/title>\n<meta name=\"description\" content=\"Der Bundesrat hat das VBS beauftragt, die Interdepartementale Arbeitsgruppe Beeinflussungsaktivit\u00e4ten und Desinformation einzusetzen.\" \/>\n<meta name=\"robots\" content=\"index, follow, max-snippet:-1, max-image-preview:large, max-video-preview:-1\" \/>\n<link rel=\"canonical\" href=\"https:\/\/news.save.ch\/it\/bundesrat-setzt-interdepartementale-arbeitsgruppe-gegen-beeinflussungsaktivitaeten-und-desinformation-ein\/\" \/>\n<meta property=\"og:locale\" content=\"it_IT\" \/>\n<meta property=\"og:type\" content=\"article\" \/>\n<meta property=\"og:title\" content=\"Bundesrat setzt interdepartementale Arbeitsgruppe gegen Beeinflussungsaktivit\u00e4ten und Desinformation ein - Save\" \/>\n<meta property=\"og:description\" content=\"Der Bundesrat hat das VBS beauftragt, die Interdepartementale Arbeitsgruppe Beeinflussungsaktivit\u00e4ten und Desinformation einzusetzen.\" \/>\n<meta property=\"og:url\" content=\"https:\/\/news.save.ch\/it\/bundesrat-setzt-interdepartementale-arbeitsgruppe-gegen-beeinflussungsaktivitaeten-und-desinformation-ein\/\" \/>\n<meta property=\"og:site_name\" content=\"Save\" \/>\n<meta property=\"article:published_time\" content=\"2025-12-03T06:27:53+00:00\" \/>\n<meta property=\"og:image\" content=\"https:\/\/news.save.ch\/wp-content\/uploads\/2025\/12\/Depositphotos_10171240_S.jpg\" \/>\n\t<meta property=\"og:image:width\" content=\"1000\" \/>\n\t<meta property=\"og:image:height\" content=\"750\" \/>\n\t<meta property=\"og:image:type\" content=\"image\/jpeg\" \/>\n<meta name=\"author\" content=\"stefanie Zeng\" \/>\n<meta name=\"twitter:card\" content=\"summary_large_image\" \/>\n<meta name=\"twitter:label1\" content=\"Scritto da\" \/>\n\t<meta name=\"twitter:data1\" content=\"stefanie Zeng\" \/>\n\t<meta name=\"twitter:label2\" content=\"Tempo di lettura stimato\" \/>\n\t<meta name=\"twitter:data2\" content=\"2 minuti\" \/>\n<script type=\"application\/ld+json\" class=\"yoast-schema-graph\">{\"@context\":\"https:\\\/\\\/schema.org\",\"@graph\":[{\"@type\":\"Article\",\"@id\":\"https:\\\/\\\/news.save.ch\\\/bundesrat-setzt-interdepartementale-arbeitsgruppe-gegen-beeinflussungsaktivitaeten-und-desinformation-ein\\\/#article\",\"isPartOf\":{\"@id\":\"https:\\\/\\\/news.save.ch\\\/bundesrat-setzt-interdepartementale-arbeitsgruppe-gegen-beeinflussungsaktivitaeten-und-desinformation-ein\\\/\"},\"author\":{\"name\":\"stefanie Zeng\",\"@id\":\"https:\\\/\\\/news.save.ch\\\/de\\\/#\\\/schema\\\/person\\\/10917387362b3961e882740f6cf6f2a2\"},\"headline\":\"Bundesrat setzt interdepartementale Arbeitsgruppe gegen Beeinflussungsaktivit\u00e4ten und Desinformation ein\",\"datePublished\":\"2025-12-03T06:27:53+00:00\",\"mainEntityOfPage\":{\"@id\":\"https:\\\/\\\/news.save.ch\\\/bundesrat-setzt-interdepartementale-arbeitsgruppe-gegen-beeinflussungsaktivitaeten-und-desinformation-ein\\\/\"},\"wordCount\":339,\"publisher\":{\"@id\":\"https:\\\/\\\/news.save.ch\\\/de\\\/#organization\"},\"image\":{\"@id\":\"https:\\\/\\\/news.save.ch\\\/bundesrat-setzt-interdepartementale-arbeitsgruppe-gegen-beeinflussungsaktivitaeten-und-desinformation-ein\\\/#primaryimage\"},\"thumbnailUrl\":\"https:\\\/\\\/news.save.ch\\\/wp-content\\\/uploads\\\/2025\\\/12\\\/Depositphotos_10171240_S-680x510.jpg\",\"keywords\":[\"SEPOS\",\"VBS\"],\"articleSection\":[\"SICHERHEIT\"],\"inLanguage\":\"it-IT\"},{\"@type\":\"WebPage\",\"@id\":\"https:\\\/\\\/news.save.ch\\\/bundesrat-setzt-interdepartementale-arbeitsgruppe-gegen-beeinflussungsaktivitaeten-und-desinformation-ein\\\/\",\"url\":\"https:\\\/\\\/news.save.ch\\\/bundesrat-setzt-interdepartementale-arbeitsgruppe-gegen-beeinflussungsaktivitaeten-und-desinformation-ein\\\/\",\"name\":\"Bundesrat setzt interdepartementale Arbeitsgruppe gegen Beeinflussungsaktivit\u00e4ten und Desinformation ein - Save\",\"isPartOf\":{\"@id\":\"https:\\\/\\\/news.save.ch\\\/de\\\/#website\"},\"primaryImageOfPage\":{\"@id\":\"https:\\\/\\\/news.save.ch\\\/bundesrat-setzt-interdepartementale-arbeitsgruppe-gegen-beeinflussungsaktivitaeten-und-desinformation-ein\\\/#primaryimage\"},\"image\":{\"@id\":\"https:\\\/\\\/news.save.ch\\\/bundesrat-setzt-interdepartementale-arbeitsgruppe-gegen-beeinflussungsaktivitaeten-und-desinformation-ein\\\/#primaryimage\"},\"thumbnailUrl\":\"https:\\\/\\\/news.save.ch\\\/wp-content\\\/uploads\\\/2025\\\/12\\\/Depositphotos_10171240_S-680x510.jpg\",\"datePublished\":\"2025-12-03T06:27:53+00:00\",\"description\":\"Der Bundesrat hat das VBS beauftragt, die Interdepartementale Arbeitsgruppe Beeinflussungsaktivit\u00e4ten und Desinformation einzusetzen.\",\"breadcrumb\":{\"@id\":\"https:\\\/\\\/news.save.ch\\\/bundesrat-setzt-interdepartementale-arbeitsgruppe-gegen-beeinflussungsaktivitaeten-und-desinformation-ein\\\/#breadcrumb\"},\"inLanguage\":\"it-IT\",\"potentialAction\":[{\"@type\":\"ReadAction\",\"target\":[\"https:\\\/\\\/news.save.ch\\\/bundesrat-setzt-interdepartementale-arbeitsgruppe-gegen-beeinflussungsaktivitaeten-und-desinformation-ein\\\/\"]}]},{\"@type\":\"ImageObject\",\"inLanguage\":\"it-IT\",\"@id\":\"https:\\\/\\\/news.save.ch\\\/bundesrat-setzt-interdepartementale-arbeitsgruppe-gegen-beeinflussungsaktivitaeten-und-desinformation-ein\\\/#primaryimage\",\"url\":\"https:\\\/\\\/news.save.ch\\\/wp-content\\\/uploads\\\/2025\\\/12\\\/Depositphotos_10171240_S-680x510.jpg\",\"contentUrl\":\"https:\\\/\\\/news.save.ch\\\/wp-content\\\/uploads\\\/2025\\\/12\\\/Depositphotos_10171240_S-680x510.jpg\"},{\"@type\":\"BreadcrumbList\",\"@id\":\"https:\\\/\\\/news.save.ch\\\/bundesrat-setzt-interdepartementale-arbeitsgruppe-gegen-beeinflussungsaktivitaeten-und-desinformation-ein\\\/#breadcrumb\",\"itemListElement\":[{\"@type\":\"ListItem\",\"position\":1,\"name\":\"Home\",\"item\":\"https:\\\/\\\/news.save.ch\\\/de\\\/\"},{\"@type\":\"ListItem\",\"position\":2,\"name\":\"Bundesrat setzt interdepartementale Arbeitsgruppe gegen Beeinflussungsaktivit\u00e4ten und Desinformation ein\"}]},{\"@type\":\"WebSite\",\"@id\":\"https:\\\/\\\/news.save.ch\\\/de\\\/#website\",\"url\":\"https:\\\/\\\/news.save.ch\\\/de\\\/\",\"name\":\"Save\",\"description\":\"Schweizer Fachzeitschrift f\u00fcr Sicherheit\",\"publisher\":{\"@id\":\"https:\\\/\\\/news.save.ch\\\/de\\\/#organization\"},\"potentialAction\":[{\"@type\":\"SearchAction\",\"target\":{\"@type\":\"EntryPoint\",\"urlTemplate\":\"https:\\\/\\\/news.save.ch\\\/de\\\/?s={search_term_string}\"},\"query-input\":{\"@type\":\"PropertyValueSpecification\",\"valueRequired\":true,\"valueName\":\"search_term_string\"}}],\"inLanguage\":\"it-IT\"},{\"@type\":\"Organization\",\"@id\":\"https:\\\/\\\/news.save.ch\\\/de\\\/#organization\",\"name\":\"Sicherheitsforum\",\"url\":\"https:\\\/\\\/news.save.ch\\\/de\\\/\",\"logo\":{\"@type\":\"ImageObject\",\"inLanguage\":\"it-IT\",\"@id\":\"https:\\\/\\\/news.save.ch\\\/de\\\/#\\\/schema\\\/logo\\\/image\\\/\",\"url\":\"https:\\\/\\\/news.save.ch\\\/wp-content\\\/uploads\\\/2022\\\/06\\\/Logo_SF_2012.png\",\"contentUrl\":\"https:\\\/\\\/news.save.ch\\\/wp-content\\\/uploads\\\/2022\\\/06\\\/Logo_SF_2012.png\",\"width\":1100,\"height\":91,\"caption\":\"Sicherheitsforum\"},\"image\":{\"@id\":\"https:\\\/\\\/news.save.ch\\\/de\\\/#\\\/schema\\\/logo\\\/image\\\/\"}},{\"@type\":\"Person\",\"@id\":\"https:\\\/\\\/news.save.ch\\\/de\\\/#\\\/schema\\\/person\\\/10917387362b3961e882740f6cf6f2a2\",\"name\":\"stefanie Zeng\",\"image\":{\"@type\":\"ImageObject\",\"inLanguage\":\"it-IT\",\"@id\":\"https:\\\/\\\/secure.gravatar.com\\\/avatar\\\/eac43faa6e40bb2c41068c95c9d78bbd94c476d5efdff7abaab80bb3ea681e06?s=96&d=mm&r=g\",\"url\":\"https:\\\/\\\/secure.gravatar.com\\\/avatar\\\/eac43faa6e40bb2c41068c95c9d78bbd94c476d5efdff7abaab80bb3ea681e06?s=96&d=mm&r=g\",\"contentUrl\":\"https:\\\/\\\/secure.gravatar.com\\\/avatar\\\/eac43faa6e40bb2c41068c95c9d78bbd94c476d5efdff7abaab80bb3ea681e06?s=96&d=mm&r=g\",\"caption\":\"stefanie Zeng\"},\"url\":\"https:\\\/\\\/news.save.ch\\\/it\\\/author\\\/stefanie-zeng\\\/\"}]}<\/script>\n<!-- \/ Yoast SEO plugin. -->","yoast_head_json":{"title":"Il Consiglio federale istituisce un gruppo di lavoro interdipartimentale per combattere le operazioni di influenza e disinformazione - Save","description":"Il Consiglio federale ha incaricato il DDPS di istituire il Gruppo di lavoro interdipartimentale sulle attivit\u00e0 di influenza e disinformazione.","robots":{"index":"index","follow":"follow","max-snippet":"max-snippet:-1","max-image-preview":"max-image-preview:large","max-video-preview":"max-video-preview:-1"},"canonical":"https:\/\/news.save.ch\/it\/bundesrat-setzt-interdepartementale-arbeitsgruppe-gegen-beeinflussungsaktivitaeten-und-desinformation-ein\/","og_locale":"it_IT","og_type":"article","og_title":"Bundesrat setzt interdepartementale Arbeitsgruppe gegen Beeinflussungsaktivit\u00e4ten und Desinformation ein - Save","og_description":"Der Bundesrat hat das VBS beauftragt, die Interdepartementale Arbeitsgruppe Beeinflussungsaktivit\u00e4ten und Desinformation einzusetzen.","og_url":"https:\/\/news.save.ch\/it\/bundesrat-setzt-interdepartementale-arbeitsgruppe-gegen-beeinflussungsaktivitaeten-und-desinformation-ein\/","og_site_name":"Save","article_published_time":"2025-12-03T06:27:53+00:00","og_image":[{"width":1000,"height":750,"url":"https:\/\/news.save.ch\/wp-content\/uploads\/2025\/12\/Depositphotos_10171240_S.jpg","type":"image\/jpeg"}],"author":"stefanie Zeng","twitter_card":"summary_large_image","twitter_misc":{"Scritto da":"stefanie Zeng","Tempo di lettura stimato":"2 minuti"},"schema":{"@context":"https:\/\/schema.org","@graph":[{"@type":"Article","@id":"https:\/\/news.save.ch\/bundesrat-setzt-interdepartementale-arbeitsgruppe-gegen-beeinflussungsaktivitaeten-und-desinformation-ein\/#article","isPartOf":{"@id":"https:\/\/news.save.ch\/bundesrat-setzt-interdepartementale-arbeitsgruppe-gegen-beeinflussungsaktivitaeten-und-desinformation-ein\/"},"author":{"name":"stefanie Zeng","@id":"https:\/\/news.save.ch\/de\/#\/schema\/person\/10917387362b3961e882740f6cf6f2a2"},"headline":"Bundesrat setzt interdepartementale Arbeitsgruppe gegen Beeinflussungsaktivit\u00e4ten und Desinformation ein","datePublished":"2025-12-03T06:27:53+00:00","mainEntityOfPage":{"@id":"https:\/\/news.save.ch\/bundesrat-setzt-interdepartementale-arbeitsgruppe-gegen-beeinflussungsaktivitaeten-und-desinformation-ein\/"},"wordCount":339,"publisher":{"@id":"https:\/\/news.save.ch\/de\/#organization"},"image":{"@id":"https:\/\/news.save.ch\/bundesrat-setzt-interdepartementale-arbeitsgruppe-gegen-beeinflussungsaktivitaeten-und-desinformation-ein\/#primaryimage"},"thumbnailUrl":"https:\/\/news.save.ch\/wp-content\/uploads\/2025\/12\/Depositphotos_10171240_S-680x510.jpg","keywords":["SEPOS","VBS"],"articleSection":["SICHERHEIT"],"inLanguage":"it-IT"},{"@type":"WebPage","@id":"https:\/\/news.save.ch\/bundesrat-setzt-interdepartementale-arbeitsgruppe-gegen-beeinflussungsaktivitaeten-und-desinformation-ein\/","url":"https:\/\/news.save.ch\/bundesrat-setzt-interdepartementale-arbeitsgruppe-gegen-beeinflussungsaktivitaeten-und-desinformation-ein\/","name":"Il Consiglio federale istituisce un gruppo di lavoro interdipartimentale per combattere le operazioni di influenza e disinformazione - Save","isPartOf":{"@id":"https:\/\/news.save.ch\/de\/#website"},"primaryImageOfPage":{"@id":"https:\/\/news.save.ch\/bundesrat-setzt-interdepartementale-arbeitsgruppe-gegen-beeinflussungsaktivitaeten-und-desinformation-ein\/#primaryimage"},"image":{"@id":"https:\/\/news.save.ch\/bundesrat-setzt-interdepartementale-arbeitsgruppe-gegen-beeinflussungsaktivitaeten-und-desinformation-ein\/#primaryimage"},"thumbnailUrl":"https:\/\/news.save.ch\/wp-content\/uploads\/2025\/12\/Depositphotos_10171240_S-680x510.jpg","datePublished":"2025-12-03T06:27:53+00:00","description":"Il Consiglio federale ha incaricato il DDPS di istituire il Gruppo di lavoro interdipartimentale sulle attivit\u00e0 di influenza e disinformazione.","breadcrumb":{"@id":"https:\/\/news.save.ch\/bundesrat-setzt-interdepartementale-arbeitsgruppe-gegen-beeinflussungsaktivitaeten-und-desinformation-ein\/#breadcrumb"},"inLanguage":"it-IT","potentialAction":[{"@type":"ReadAction","target":["https:\/\/news.save.ch\/bundesrat-setzt-interdepartementale-arbeitsgruppe-gegen-beeinflussungsaktivitaeten-und-desinformation-ein\/"]}]},{"@type":"ImageObject","inLanguage":"it-IT","@id":"https:\/\/news.save.ch\/bundesrat-setzt-interdepartementale-arbeitsgruppe-gegen-beeinflussungsaktivitaeten-und-desinformation-ein\/#primaryimage","url":"https:\/\/news.save.ch\/wp-content\/uploads\/2025\/12\/Depositphotos_10171240_S-680x510.jpg","contentUrl":"https:\/\/news.save.ch\/wp-content\/uploads\/2025\/12\/Depositphotos_10171240_S-680x510.jpg"},{"@type":"BreadcrumbList","@id":"https:\/\/news.save.ch\/bundesrat-setzt-interdepartementale-arbeitsgruppe-gegen-beeinflussungsaktivitaeten-und-desinformation-ein\/#breadcrumb","itemListElement":[{"@type":"ListItem","position":1,"name":"Home","item":"https:\/\/news.save.ch\/de\/"},{"@type":"ListItem","position":2,"name":"Bundesrat setzt interdepartementale Arbeitsgruppe gegen Beeinflussungsaktivit\u00e4ten und Desinformation ein"}]},{"@type":"WebSite","@id":"https:\/\/news.save.ch\/de\/#website","url":"https:\/\/news.save.ch\/de\/","name":"Risparmiare","description":"Rivista svizzera specializzata in sicurezza","publisher":{"@id":"https:\/\/news.save.ch\/de\/#organization"},"potentialAction":[{"@type":"SearchAction","target":{"@type":"EntryPoint","urlTemplate":"https:\/\/news.save.ch\/de\/?s={search_term_string}"},"query-input":{"@type":"PropertyValueSpecification","valueRequired":true,"valueName":"search_term_string"}}],"inLanguage":"it-IT"},{"@type":"Organization","@id":"https:\/\/news.save.ch\/de\/#organization","name":"Forum sulla sicurezza","url":"https:\/\/news.save.ch\/de\/","logo":{"@type":"ImageObject","inLanguage":"it-IT","@id":"https:\/\/news.save.ch\/de\/#\/schema\/logo\/image\/","url":"https:\/\/news.save.ch\/wp-content\/uploads\/2022\/06\/Logo_SF_2012.png","contentUrl":"https:\/\/news.save.ch\/wp-content\/uploads\/2022\/06\/Logo_SF_2012.png","width":1100,"height":91,"caption":"Sicherheitsforum"},"image":{"@id":"https:\/\/news.save.ch\/de\/#\/schema\/logo\/image\/"}},{"@type":"Person","@id":"https:\/\/news.save.ch\/de\/#\/schema\/person\/10917387362b3961e882740f6cf6f2a2","name":"Stefanie Zeng","image":{"@type":"ImageObject","inLanguage":"it-IT","@id":"https:\/\/secure.gravatar.com\/avatar\/eac43faa6e40bb2c41068c95c9d78bbd94c476d5efdff7abaab80bb3ea681e06?s=96&d=mm&r=g","url":"https:\/\/secure.gravatar.com\/avatar\/eac43faa6e40bb2c41068c95c9d78bbd94c476d5efdff7abaab80bb3ea681e06?s=96&d=mm&r=g","contentUrl":"https:\/\/secure.gravatar.com\/avatar\/eac43faa6e40bb2c41068c95c9d78bbd94c476d5efdff7abaab80bb3ea681e06?s=96&d=mm&r=g","caption":"stefanie Zeng"},"url":"https:\/\/news.save.ch\/it\/author\/stefanie-zeng\/"}]}},"_links":{"self":[{"href":"https:\/\/news.save.ch\/it\/wp-json\/wp\/v2\/posts\/24791","targetHints":{"allow":["GET"]}}],"collection":[{"href":"https:\/\/news.save.ch\/it\/wp-json\/wp\/v2\/posts"}],"about":[{"href":"https:\/\/news.save.ch\/it\/wp-json\/wp\/v2\/types\/post"}],"author":[{"embeddable":true,"href":"https:\/\/news.save.ch\/it\/wp-json\/wp\/v2\/users\/31"}],"replies":[{"embeddable":true,"href":"https:\/\/news.save.ch\/it\/wp-json\/wp\/v2\/comments?post=24791"}],"version-history":[{"count":2,"href":"https:\/\/news.save.ch\/it\/wp-json\/wp\/v2\/posts\/24791\/revisions"}],"predecessor-version":[{"id":24794,"href":"https:\/\/news.save.ch\/it\/wp-json\/wp\/v2\/posts\/24791\/revisions\/24794"}],"wp:attachment":[{"href":"https:\/\/news.save.ch\/it\/wp-json\/wp\/v2\/media?parent=24791"}],"wp:term":[{"taxonomy":"category","embeddable":true,"href":"https:\/\/news.save.ch\/it\/wp-json\/wp\/v2\/categories?post=24791"},{"taxonomy":"post_tag","embeddable":true,"href":"https:\/\/news.save.ch\/it\/wp-json\/wp\/v2\/tags?post=24791"}],"curies":[{"name":"wp","href":"https:\/\/api.w.org\/{rel}","templated":true}]}}