{"id":2481,"date":"2016-07-15T12:00:59","date_gmt":"2016-07-15T10:00:59","guid":{"rendered":"https:\/\/dev.sicherheitsforum.ch\/?p=2481"},"modified":"2023-08-15T07:50:47","modified_gmt":"2023-08-15T05:50:47","slug":"gefahrgutregelwerke-erklaeren","status":null,"type":"post","link":"https:\/\/news.save.ch\/it\/gefahrgutregelwerke-erklaeren\/","title":{"rendered":"Spiegare le normative sulle merci pericolose"},"content":{"rendered":"<figure id=\"attachment_2482\" aria-describedby=\"caption-attachment-2482\" style=\"width: 1000px\" class=\"wp-caption alignnone\"><img loading=\"lazy\" decoding=\"async\" class=\"wp-image-2482 size-full\" src=\"https:\/\/news.save.ch\/wp-content\/uploads\/2016\/12\/Gefahrgutregelwerke-erklaeren_sicherheitsforum.jpg\" alt=\"Normativa sulle merci pericolose\" width=\"1000\" height=\"667\" srcset=\"https:\/\/news.save.ch\/wp-content\/uploads\/2016\/12\/Gefahrgutregelwerke-erklaeren_sicherheitsforum.jpg 1000w, https:\/\/news.save.ch\/wp-content\/uploads\/2016\/12\/Gefahrgutregelwerke-erklaeren_sicherheitsforum-375x250.jpg 375w\" sizes=\"auto, (max-width: 1000px) 100vw, 1000px\" \/><figcaption id=\"caption-attachment-2482\" class=\"wp-caption-text\">Depositphotos<\/figcaption><\/figure>\n<p>Il 16 settembre, l'Associazione svizzera degli organizzatori di corsi di formazione per addetti al trasporto di merci pericolose (<a href=\"https:\/\/www.vag-schweiz.ch\" target=\"_blank\" rel=\"noopener\" data-cke-saved-href=\"https:\/\/www.vag-schweiz.ch\">VAG<\/a>) a Lucerna ha tenuto il suo \"<a href=\"https:\/\/www.vag-schweiz.ch\/schweizer-gefahrguttag\/schweizer-gefahrguttag-2016\/\" target=\"_blank\" rel=\"noopener\" data-cke-saved-href=\"https:\/\/www.vag-schweiz.ch\/schweizer-gefahrguttag\/schweizer-gefahrguttag-2016\/\">Giornata svizzera delle merci pericolose<\/a>\"I relatori forniranno una panoramica delle modifiche apportate alle normative europee sulle merci pericolose. I relatori forniranno una panoramica delle modifiche apportate al Regolamento Europeo sulle Merci Pericolose ADR 2017, oltre naturalmente alle novit\u00e0 del Codice IMDG (International Maritime Code for Dangerous Goods), il regolamento internazionale per il trasporto di merci pericolose in alto mare.<\/p>\n<p><strong>Revisione SDR e GGBV<\/strong><\/p>\n<p>Altri argomenti riguardano le norme per gli imballaggi vuoti e non puliti e le norme per il trasporto di batterie al litio. Inoltre, la revisione delle ordinanze SDR e Gefahrgutbeauftragtenverordnung GGBV sar\u00e0 esaminata e discussa in modo pi\u00f9 approfondito.<\/p>","protected":false},"excerpt":{"rendered":"<p>Am 16. September f\u00fchrt der Verband der Schweizerischen Ausbildungsveranstalter f\u00fcr Gefahrgutbeauftragte (VAG) \u00a0in Luzern seinen diesj\u00e4hrigen\u00a0\u201eSchweizer Gefahrguttag\u201c durch. Die Referenten verschaffen einen \u00dcberblick \u00fcber die \u00c4nderungen des Europ\u00e4ischen Gefahrgutregelwerkes ADR 2017. Selbstverst\u00e4ndlich werden auch die Neuerungen im IMDG-Code (International Maritime Code for Dangerous Goods), dem internationalen Regelwerk f\u00fcr die Gefahrgutbef\u00f6rderung auf hoher See vermittelt. Revision [&hellip;]<\/p>\n","protected":false},"author":1,"featured_media":2482,"comment_status":"closed","ping_status":"closed","sticky":false,"template":"","format":"standard","meta":{"_acf_changed":false,"pgc_sgb_lightbox_settings":"","footnotes":""},"categories":[1],"tags":[6300,187,127,128,6301,6302,6299],"class_list":["post-2481","post","type-post","status-publish","format-standard","has-post-thumbnail","hentry","category-allgemein","tag-adr-2017","tag-gefahrguttag","tag-gefaehrliche-stoffe","tag-gifte","tag-imdg-code","tag-lithiumbatterien","tag-vag"],"acf":[],"hkrextid":null,"publication":null,"issue":null,"workflow":null,"startPage":null,"spitzmarke":null,"_posts_by_tag_page_fields":{"widget_title":"","widget_tags":""},"_at_widget":"1","_yoast_wpseo_primary_category":"","_yoast_wpseo_focuskw_text_input":"Gefahrgutregelwerke","_yoast_wpseo_opengraph-image":"https:\/\/news.save.ch\/wp-content\/uploads\/2016\/12\/Gefahrgutregelwerke-erkl\u00e4ren_sicherheitsforum.jpg","_yoast_wpseo_opengraph-description":"Der Verband VAG f\u00fchrt demn\u00e4chst eine Tagung zu den Gefahrgutregelwerken durch.","_yoast_wpseo_opengraph-title":"Gefahrgutregelwerke erkl\u00e4ren","enclosure":null,"_yoast_wpseo_twitter-title":null,"_yoast_wpseo_twitter-description":null,"_yoast_wpseo_twitter-image":null,"_wp_old_slug":null,"_yoast_wpseo_title":null,"_yoast_wpseo_canonical":null,"yoast_head":"<!-- This site is optimized with the Yoast SEO plugin v27.5 - https:\/\/yoast.com\/product\/yoast-seo-wordpress\/ -->\n<title>Gefahrgutregelwerke erkl\u00e4ren - Save<\/title>\n<meta name=\"description\" content=\"Der Verband VAG f\u00fchrt demn\u00e4chst eine Tagung zu den Gefahrgutregelwerken durch.\" \/>\n<meta name=\"robots\" content=\"index, follow, max-snippet:-1, max-image-preview:large, max-video-preview:-1\" \/>\n<link rel=\"canonical\" href=\"https:\/\/news.save.ch\/it\/gefahrgutregelwerke-erklaeren\/\" \/>\n<meta property=\"og:locale\" content=\"it_IT\" \/>\n<meta property=\"og:type\" content=\"article\" \/>\n<meta property=\"og:title\" content=\"Gefahrgutregelwerke erkl\u00e4ren\" \/>\n<meta property=\"og:description\" content=\"Der Verband VAG f\u00fchrt demn\u00e4chst eine Tagung zu den Gefahrgutregelwerken durch.\" \/>\n<meta property=\"og:url\" content=\"https:\/\/news.save.ch\/it\/gefahrgutregelwerke-erklaeren\/\" \/>\n<meta property=\"og:site_name\" content=\"Save\" \/>\n<meta property=\"article:published_time\" content=\"2016-07-15T10:00:59+00:00\" \/>\n<meta property=\"article:modified_time\" content=\"2023-08-15T05:50:47+00:00\" \/>\n<meta property=\"og:image\" content=\"https:\/\/news.save.ch\/wp-content\/uploads\/2016\/12\/Gefahrgutregelwerke-erkl\u00e4ren_sicherheitsforum.jpg\" \/>\n<meta name=\"author\" content=\"admin\" \/>\n<meta name=\"twitter:card\" content=\"summary_large_image\" \/>\n<meta name=\"twitter:label1\" content=\"Scritto da\" \/>\n\t<meta name=\"twitter:data1\" content=\"admin\" \/>\n\t<meta name=\"twitter:label2\" content=\"Tempo di lettura stimato\" \/>\n\t<meta name=\"twitter:data2\" content=\"1 minuto\" \/>\n<script type=\"application\/ld+json\" class=\"yoast-schema-graph\">{\"@context\":\"https:\\\/\\\/schema.org\",\"@graph\":[{\"@type\":\"Article\",\"@id\":\"https:\\\/\\\/news.save.ch\\\/gefahrgutregelwerke-erklaeren\\\/#article\",\"isPartOf\":{\"@id\":\"https:\\\/\\\/news.save.ch\\\/gefahrgutregelwerke-erklaeren\\\/\"},\"author\":{\"name\":\"admin\",\"@id\":\"https:\\\/\\\/news.save.ch\\\/de\\\/#\\\/schema\\\/person\\\/d49e199490bad7c70d64b9ab51142f2b\"},\"headline\":\"Gefahrgutregelwerke erkl\u00e4ren\",\"datePublished\":\"2016-07-15T10:00:59+00:00\",\"dateModified\":\"2023-08-15T05:50:47+00:00\",\"mainEntityOfPage\":{\"@id\":\"https:\\\/\\\/news.save.ch\\\/gefahrgutregelwerke-erklaeren\\\/\"},\"wordCount\":110,\"publisher\":{\"@id\":\"https:\\\/\\\/news.save.ch\\\/de\\\/#organization\"},\"image\":{\"@id\":\"https:\\\/\\\/news.save.ch\\\/gefahrgutregelwerke-erklaeren\\\/#primaryimage\"},\"thumbnailUrl\":\"https:\\\/\\\/news.save.ch\\\/wp-content\\\/uploads\\\/2016\\\/12\\\/Gefahrgutregelwerke-erklaeren_sicherheitsforum.jpg\",\"keywords\":[\"ADR 2017\",\"Gefahrguttag\",\"Gef\u00e4hrliche Stoffe\",\"Gifte\",\"IMDG-Code\",\"Lithiumbatterien\",\"VAG\"],\"articleSection\":[\"ALLGEMEIN\"],\"inLanguage\":\"it-IT\"},{\"@type\":\"WebPage\",\"@id\":\"https:\\\/\\\/news.save.ch\\\/gefahrgutregelwerke-erklaeren\\\/\",\"url\":\"https:\\\/\\\/news.save.ch\\\/gefahrgutregelwerke-erklaeren\\\/\",\"name\":\"Gefahrgutregelwerke erkl\u00e4ren - Save\",\"isPartOf\":{\"@id\":\"https:\\\/\\\/news.save.ch\\\/de\\\/#website\"},\"primaryImageOfPage\":{\"@id\":\"https:\\\/\\\/news.save.ch\\\/gefahrgutregelwerke-erklaeren\\\/#primaryimage\"},\"image\":{\"@id\":\"https:\\\/\\\/news.save.ch\\\/gefahrgutregelwerke-erklaeren\\\/#primaryimage\"},\"thumbnailUrl\":\"https:\\\/\\\/news.save.ch\\\/wp-content\\\/uploads\\\/2016\\\/12\\\/Gefahrgutregelwerke-erklaeren_sicherheitsforum.jpg\",\"datePublished\":\"2016-07-15T10:00:59+00:00\",\"dateModified\":\"2023-08-15T05:50:47+00:00\",\"description\":\"Der Verband VAG f\u00fchrt demn\u00e4chst eine Tagung zu den Gefahrgutregelwerken durch.\",\"breadcrumb\":{\"@id\":\"https:\\\/\\\/news.save.ch\\\/gefahrgutregelwerke-erklaeren\\\/#breadcrumb\"},\"inLanguage\":\"it-IT\",\"potentialAction\":[{\"@type\":\"ReadAction\",\"target\":[\"https:\\\/\\\/news.save.ch\\\/gefahrgutregelwerke-erklaeren\\\/\"]}]},{\"@type\":\"ImageObject\",\"inLanguage\":\"it-IT\",\"@id\":\"https:\\\/\\\/news.save.ch\\\/gefahrgutregelwerke-erklaeren\\\/#primaryimage\",\"url\":\"https:\\\/\\\/news.save.ch\\\/wp-content\\\/uploads\\\/2016\\\/12\\\/Gefahrgutregelwerke-erklaeren_sicherheitsforum.jpg\",\"contentUrl\":\"https:\\\/\\\/news.save.ch\\\/wp-content\\\/uploads\\\/2016\\\/12\\\/Gefahrgutregelwerke-erklaeren_sicherheitsforum.jpg\",\"width\":1000,\"height\":667,\"caption\":\"Depositphotos\"},{\"@type\":\"BreadcrumbList\",\"@id\":\"https:\\\/\\\/news.save.ch\\\/gefahrgutregelwerke-erklaeren\\\/#breadcrumb\",\"itemListElement\":[{\"@type\":\"ListItem\",\"position\":1,\"name\":\"Home\",\"item\":\"https:\\\/\\\/news.save.ch\\\/de\\\/\"},{\"@type\":\"ListItem\",\"position\":2,\"name\":\"Gefahrgutregelwerke erkl\u00e4ren\"}]},{\"@type\":\"WebSite\",\"@id\":\"https:\\\/\\\/news.save.ch\\\/de\\\/#website\",\"url\":\"https:\\\/\\\/news.save.ch\\\/de\\\/\",\"name\":\"Save\",\"description\":\"Schweizer Fachzeitschrift f\u00fcr Sicherheit\",\"publisher\":{\"@id\":\"https:\\\/\\\/news.save.ch\\\/de\\\/#organization\"},\"potentialAction\":[{\"@type\":\"SearchAction\",\"target\":{\"@type\":\"EntryPoint\",\"urlTemplate\":\"https:\\\/\\\/news.save.ch\\\/de\\\/?s={search_term_string}\"},\"query-input\":{\"@type\":\"PropertyValueSpecification\",\"valueRequired\":true,\"valueName\":\"search_term_string\"}}],\"inLanguage\":\"it-IT\"},{\"@type\":\"Organization\",\"@id\":\"https:\\\/\\\/news.save.ch\\\/de\\\/#organization\",\"name\":\"Sicherheitsforum\",\"url\":\"https:\\\/\\\/news.save.ch\\\/de\\\/\",\"logo\":{\"@type\":\"ImageObject\",\"inLanguage\":\"it-IT\",\"@id\":\"https:\\\/\\\/news.save.ch\\\/de\\\/#\\\/schema\\\/logo\\\/image\\\/\",\"url\":\"https:\\\/\\\/news.save.ch\\\/wp-content\\\/uploads\\\/2022\\\/06\\\/Logo_SF_2012.png\",\"contentUrl\":\"https:\\\/\\\/news.save.ch\\\/wp-content\\\/uploads\\\/2022\\\/06\\\/Logo_SF_2012.png\",\"width\":1100,\"height\":91,\"caption\":\"Sicherheitsforum\"},\"image\":{\"@id\":\"https:\\\/\\\/news.save.ch\\\/de\\\/#\\\/schema\\\/logo\\\/image\\\/\"}},{\"@type\":\"Person\",\"@id\":\"https:\\\/\\\/news.save.ch\\\/de\\\/#\\\/schema\\\/person\\\/d49e199490bad7c70d64b9ab51142f2b\",\"name\":\"admin\",\"image\":{\"@type\":\"ImageObject\",\"inLanguage\":\"it-IT\",\"@id\":\"https:\\\/\\\/secure.gravatar.com\\\/avatar\\\/ae2f4d718e6c49043e314ce431e7e645d646302a24a5ef5a8bc8e3f5a032e319?s=96&d=mm&r=g\",\"url\":\"https:\\\/\\\/secure.gravatar.com\\\/avatar\\\/ae2f4d718e6c49043e314ce431e7e645d646302a24a5ef5a8bc8e3f5a032e319?s=96&d=mm&r=g\",\"contentUrl\":\"https:\\\/\\\/secure.gravatar.com\\\/avatar\\\/ae2f4d718e6c49043e314ce431e7e645d646302a24a5ef5a8bc8e3f5a032e319?s=96&d=mm&r=g\",\"caption\":\"admin\"},\"sameAs\":[\"https:\\\/\\\/develop.organisator.galledia.ch\"],\"url\":\"https:\\\/\\\/news.save.ch\\\/it\\\/author\\\/admin\\\/\"}]}<\/script>\n<!-- \/ Yoast SEO plugin. -->","yoast_head_json":{"title":"Spiegare le normative sulle merci pericolose - Save","description":"L'Associazione VAG organizzer\u00e0 presto una conferenza sulle normative sulle merci pericolose.","robots":{"index":"index","follow":"follow","max-snippet":"max-snippet:-1","max-image-preview":"max-image-preview:large","max-video-preview":"max-video-preview:-1"},"canonical":"https:\/\/news.save.ch\/it\/gefahrgutregelwerke-erklaeren\/","og_locale":"it_IT","og_type":"article","og_title":"Gefahrgutregelwerke erkl\u00e4ren","og_description":"Der Verband VAG f\u00fchrt demn\u00e4chst eine Tagung zu den Gefahrgutregelwerken durch.","og_url":"https:\/\/news.save.ch\/it\/gefahrgutregelwerke-erklaeren\/","og_site_name":"Save","article_published_time":"2016-07-15T10:00:59+00:00","article_modified_time":"2023-08-15T05:50:47+00:00","og_image":[{"url":"https:\/\/news.save.ch\/wp-content\/uploads\/2016\/12\/Gefahrgutregelwerke-erkl\u00e4ren_sicherheitsforum.jpg","type":"","width":"","height":""}],"author":"admin","twitter_card":"summary_large_image","twitter_misc":{"Scritto da":"admin","Tempo di lettura stimato":"1 minuto"},"schema":{"@context":"https:\/\/schema.org","@graph":[{"@type":"Article","@id":"https:\/\/news.save.ch\/gefahrgutregelwerke-erklaeren\/#article","isPartOf":{"@id":"https:\/\/news.save.ch\/gefahrgutregelwerke-erklaeren\/"},"author":{"name":"admin","@id":"https:\/\/news.save.ch\/de\/#\/schema\/person\/d49e199490bad7c70d64b9ab51142f2b"},"headline":"Gefahrgutregelwerke erkl\u00e4ren","datePublished":"2016-07-15T10:00:59+00:00","dateModified":"2023-08-15T05:50:47+00:00","mainEntityOfPage":{"@id":"https:\/\/news.save.ch\/gefahrgutregelwerke-erklaeren\/"},"wordCount":110,"publisher":{"@id":"https:\/\/news.save.ch\/de\/#organization"},"image":{"@id":"https:\/\/news.save.ch\/gefahrgutregelwerke-erklaeren\/#primaryimage"},"thumbnailUrl":"https:\/\/news.save.ch\/wp-content\/uploads\/2016\/12\/Gefahrgutregelwerke-erklaeren_sicherheitsforum.jpg","keywords":["ADR 2017","Gefahrguttag","Gef\u00e4hrliche Stoffe","Gifte","IMDG-Code","Lithiumbatterien","VAG"],"articleSection":["ALLGEMEIN"],"inLanguage":"it-IT"},{"@type":"WebPage","@id":"https:\/\/news.save.ch\/gefahrgutregelwerke-erklaeren\/","url":"https:\/\/news.save.ch\/gefahrgutregelwerke-erklaeren\/","name":"Spiegare le normative sulle merci pericolose - Save","isPartOf":{"@id":"https:\/\/news.save.ch\/de\/#website"},"primaryImageOfPage":{"@id":"https:\/\/news.save.ch\/gefahrgutregelwerke-erklaeren\/#primaryimage"},"image":{"@id":"https:\/\/news.save.ch\/gefahrgutregelwerke-erklaeren\/#primaryimage"},"thumbnailUrl":"https:\/\/news.save.ch\/wp-content\/uploads\/2016\/12\/Gefahrgutregelwerke-erklaeren_sicherheitsforum.jpg","datePublished":"2016-07-15T10:00:59+00:00","dateModified":"2023-08-15T05:50:47+00:00","description":"L'Associazione VAG organizzer\u00e0 presto una conferenza sulle normative sulle merci pericolose.","breadcrumb":{"@id":"https:\/\/news.save.ch\/gefahrgutregelwerke-erklaeren\/#breadcrumb"},"inLanguage":"it-IT","potentialAction":[{"@type":"ReadAction","target":["https:\/\/news.save.ch\/gefahrgutregelwerke-erklaeren\/"]}]},{"@type":"ImageObject","inLanguage":"it-IT","@id":"https:\/\/news.save.ch\/gefahrgutregelwerke-erklaeren\/#primaryimage","url":"https:\/\/news.save.ch\/wp-content\/uploads\/2016\/12\/Gefahrgutregelwerke-erklaeren_sicherheitsforum.jpg","contentUrl":"https:\/\/news.save.ch\/wp-content\/uploads\/2016\/12\/Gefahrgutregelwerke-erklaeren_sicherheitsforum.jpg","width":1000,"height":667,"caption":"Depositphotos"},{"@type":"BreadcrumbList","@id":"https:\/\/news.save.ch\/gefahrgutregelwerke-erklaeren\/#breadcrumb","itemListElement":[{"@type":"ListItem","position":1,"name":"Home","item":"https:\/\/news.save.ch\/de\/"},{"@type":"ListItem","position":2,"name":"Gefahrgutregelwerke erkl\u00e4ren"}]},{"@type":"WebSite","@id":"https:\/\/news.save.ch\/de\/#website","url":"https:\/\/news.save.ch\/de\/","name":"Risparmiare","description":"Rivista svizzera specializzata in sicurezza","publisher":{"@id":"https:\/\/news.save.ch\/de\/#organization"},"potentialAction":[{"@type":"SearchAction","target":{"@type":"EntryPoint","urlTemplate":"https:\/\/news.save.ch\/de\/?s={search_term_string}"},"query-input":{"@type":"PropertyValueSpecification","valueRequired":true,"valueName":"search_term_string"}}],"inLanguage":"it-IT"},{"@type":"Organization","@id":"https:\/\/news.save.ch\/de\/#organization","name":"Forum sulla sicurezza","url":"https:\/\/news.save.ch\/de\/","logo":{"@type":"ImageObject","inLanguage":"it-IT","@id":"https:\/\/news.save.ch\/de\/#\/schema\/logo\/image\/","url":"https:\/\/news.save.ch\/wp-content\/uploads\/2022\/06\/Logo_SF_2012.png","contentUrl":"https:\/\/news.save.ch\/wp-content\/uploads\/2022\/06\/Logo_SF_2012.png","width":1100,"height":91,"caption":"Sicherheitsforum"},"image":{"@id":"https:\/\/news.save.ch\/de\/#\/schema\/logo\/image\/"}},{"@type":"Person","@id":"https:\/\/news.save.ch\/de\/#\/schema\/person\/d49e199490bad7c70d64b9ab51142f2b","name":"amministratore","image":{"@type":"ImageObject","inLanguage":"it-IT","@id":"https:\/\/secure.gravatar.com\/avatar\/ae2f4d718e6c49043e314ce431e7e645d646302a24a5ef5a8bc8e3f5a032e319?s=96&d=mm&r=g","url":"https:\/\/secure.gravatar.com\/avatar\/ae2f4d718e6c49043e314ce431e7e645d646302a24a5ef5a8bc8e3f5a032e319?s=96&d=mm&r=g","contentUrl":"https:\/\/secure.gravatar.com\/avatar\/ae2f4d718e6c49043e314ce431e7e645d646302a24a5ef5a8bc8e3f5a032e319?s=96&d=mm&r=g","caption":"admin"},"sameAs":["https:\/\/develop.organisator.galledia.ch"],"url":"https:\/\/news.save.ch\/it\/author\/admin\/"}]}},"_links":{"self":[{"href":"https:\/\/news.save.ch\/it\/wp-json\/wp\/v2\/posts\/2481","targetHints":{"allow":["GET"]}}],"collection":[{"href":"https:\/\/news.save.ch\/it\/wp-json\/wp\/v2\/posts"}],"about":[{"href":"https:\/\/news.save.ch\/it\/wp-json\/wp\/v2\/types\/post"}],"author":[{"embeddable":true,"href":"https:\/\/news.save.ch\/it\/wp-json\/wp\/v2\/users\/1"}],"replies":[{"embeddable":true,"href":"https:\/\/news.save.ch\/it\/wp-json\/wp\/v2\/comments?post=2481"}],"version-history":[{"count":2,"href":"https:\/\/news.save.ch\/it\/wp-json\/wp\/v2\/posts\/2481\/revisions"}],"predecessor-version":[{"id":21827,"href":"https:\/\/news.save.ch\/it\/wp-json\/wp\/v2\/posts\/2481\/revisions\/21827"}],"wp:featuredmedia":[{"embeddable":true,"href":"https:\/\/news.save.ch\/it\/wp-json\/wp\/v2\/media\/2482"}],"wp:attachment":[{"href":"https:\/\/news.save.ch\/it\/wp-json\/wp\/v2\/media?parent=2481"}],"wp:term":[{"taxonomy":"category","embeddable":true,"href":"https:\/\/news.save.ch\/it\/wp-json\/wp\/v2\/categories?post=2481"},{"taxonomy":"post_tag","embeddable":true,"href":"https:\/\/news.save.ch\/it\/wp-json\/wp\/v2\/tags?post=2481"}],"curies":[{"name":"wp","href":"https:\/\/api.w.org\/{rel}","templated":true}]}}