{"id":24812,"date":"2025-12-10T11:06:36","date_gmt":"2025-12-10T10:06:36","guid":{"rendered":"https:\/\/news.save.ch\/?p=24812"},"modified":"2025-12-10T11:06:36","modified_gmt":"2025-12-10T10:06:36","slug":"michaela-schaerer-verlaesst-das-bundesamt-fuer-bevoelkerungsschutz","status":null,"type":"post","link":"https:\/\/news.save.ch\/it\/michaela-schaerer-verlaesst-das-bundesamt-fuer-bevoelkerungsschutz\/","title":{"rendered":"Michaela Sch\u00e4rer lascia l'Ufficio federale della protezione della popolazione"},"content":{"rendered":"<figure id=\"attachment_24413\" aria-describedby=\"caption-attachment-24413\" style=\"width: 680px\" class=\"wp-caption alignnone\"><img loading=\"lazy\" decoding=\"async\" class=\"wp-image-24413 size-medium\" src=\"https:\/\/news.save.ch\/wp-content\/uploads\/2025\/08\/Photo_Michaela-3-scaled-e1765361165241-680x425.jpg\" alt=\"\" width=\"680\" height=\"425\" srcset=\"https:\/\/news.save.ch\/wp-content\/uploads\/2025\/08\/Photo_Michaela-3-scaled-e1765361165241-680x425.jpg 680w, https:\/\/news.save.ch\/wp-content\/uploads\/2025\/08\/Photo_Michaela-3-scaled-e1765361165241-768x480.jpg 768w, https:\/\/news.save.ch\/wp-content\/uploads\/2025\/08\/Photo_Michaela-3-scaled-e1765361165241-18x12.jpg 18w, https:\/\/news.save.ch\/wp-content\/uploads\/2025\/08\/Photo_Michaela-3-scaled-e1765361165241-375x234.jpg 375w, https:\/\/news.save.ch\/wp-content\/uploads\/2025\/08\/Photo_Michaela-3-scaled-e1765361165241-560x350.jpg 560w, https:\/\/news.save.ch\/wp-content\/uploads\/2025\/08\/Photo_Michaela-3-scaled-e1765361165241.jpg 960w\" sizes=\"auto, (max-width: 680px) 100vw, 680px\" \/><figcaption id=\"caption-attachment-24413\" class=\"wp-caption-text\">L'intervistataMichaela Sch\u00e4rerMichaela Sch\u00e4rer dirige l'Ufficio federale della protezione civile. Fotografo famiglia | ritratto cv | matrimonio | Ga\u00ebl Greppin | Montreux<\/figcaption><\/figure>\n<p id=\"doc-1jbn0rj1d0\" class=\"font--regular\">Il capo del Dipartimento federale della difesa, della protezione della popolazione e dello sport (DDPS), il consigliere federale Martin Pfister, e Michaela Sch\u00e4rer, direttrice dell'Ufficio federale della protezione della popolazione (UFPP), hanno concordato di rinnovare la direzione dell'Ufficio federale della protezione della popolazione. Il Consiglio federale ha approvato la risoluzione consensuale del rapporto di lavoro con Michaela Sch\u00e4rer con effetto dal 30 aprile 2026. Ai sensi dell'articolo 78 dell'Ordinanza sul personale della Confederazione, Michaela Sch\u00e4rer ricever\u00e0 un'indennit\u00e0 di buonuscita pari a un anno di stipendio.<\/p>\n<p id=\"doc-1jbn0rkiv0\" class=\"font--regular\">Michaela Sch\u00e4rer ha assunto la sua funzione nel gennaio 2021, durante la pandemia di Covid, e ha potuto mettere alla prova la sua esperienza nella gestione delle crisi senza un periodo di preparazione o di inserimento nella nuova carica. Grazie alla sua esperienza, \u00e8 riuscita a stabilire contatti con le autorit\u00e0 e le organizzazioni partner dell'UFPP in condizioni difficili e a distanza. Ha rapidamente effettuato la valutazione della situazione richiesta nei grandi progetti e li ha riorganizzati. Michaela Sch\u00e4rer ha inoltre avviato un processo di sviluppo all'interno dell'Ufficio e ha attuato con successo la riorganizzazione necessaria a livello dirigenziale a seguito di pensionamenti per raggiunti limiti di et\u00e0.<\/p>\n<p id=\"doc-1jbn0rkj00\" class=\"font--regular\">Il Consiglio federale ringrazia Michaela Sch\u00e4rer per il lavoro svolto presso l'Ufficio federale della protezione della popolazione.<\/p>\n<p id=\"doc-1jbn0rkj10\" class=\"font--regular\">La procedura di successione sar\u00e0 avviata immediatamente. Il capo del DDPS istituir\u00e0 una commissione di selezione a tal fine.<\/p>\n<p><em>Fonte: VBS<\/em><\/p>","protected":false},"excerpt":{"rendered":"<p>Der Chef des Eidgen\u00f6ssischen Departementes f\u00fcr Verteidigung, Bev\u00f6lkerungsschutz und Sport VBS, Bundesrat Martin Pfister, und Michaela Sch\u00e4rer, Direktorin des Bundesamtes f\u00fcr Bev\u00f6lkerungsschutz BABS, sind \u00fcbereingekommen, die Leitung des Bundesamts f\u00fcr Bev\u00f6lkerungsschutz neu zu besetzen. Der Bundesrat hat der einvernehmlichen Aufl\u00f6sung des Arbeitsverh\u00e4ltnisses mit Michaela Sch\u00e4rer per 30. April 2026 zugestimmt. Michaela Sch\u00e4rer erh\u00e4lt gem\u00e4ss Artikel [&hellip;]<\/p>\n","protected":false},"author":31,"featured_media":0,"comment_status":"closed","ping_status":"closed","sticky":false,"template":"","format":"standard","meta":{"_acf_changed":false,"pgc_sgb_lightbox_settings":"","footnotes":""},"categories":[3312],"tags":[6635,922],"class_list":["post-24812","post","type-post","status-publish","format-standard","hentry","category-sicherheit","tag-michaela-schaerer","tag-vbs"],"acf":[],"hkrextid":null,"publication":null,"issue":null,"workflow":null,"startPage":null,"spitzmarke":null,"_posts_by_tag_page_fields":null,"_at_widget":null,"_yoast_wpseo_primary_category":"3312","_yoast_wpseo_focuskw_text_input":null,"_yoast_wpseo_opengraph-image":null,"_yoast_wpseo_opengraph-description":null,"_yoast_wpseo_opengraph-title":null,"enclosure":null,"_yoast_wpseo_twitter-title":null,"_yoast_wpseo_twitter-description":null,"_yoast_wpseo_twitter-image":null,"_wp_old_slug":null,"_yoast_wpseo_title":null,"_yoast_wpseo_canonical":null,"yoast_head":"<!-- This site is optimized with the Yoast SEO plugin v27.5 - https:\/\/yoast.com\/product\/yoast-seo-wordpress\/ -->\n<title>Michaela Sch\u00e4rer verl\u00e4sst das Bundesamt f\u00fcr Bev\u00f6lkerungsschutz - Save<\/title>\n<meta name=\"robots\" content=\"index, follow, max-snippet:-1, max-image-preview:large, max-video-preview:-1\" \/>\n<link rel=\"canonical\" href=\"https:\/\/news.save.ch\/it\/michaela-schaerer-verlaesst-das-bundesamt-fuer-bevoelkerungsschutz\/\" \/>\n<meta property=\"og:locale\" content=\"it_IT\" \/>\n<meta property=\"og:type\" content=\"article\" \/>\n<meta property=\"og:title\" content=\"Michaela Sch\u00e4rer verl\u00e4sst das Bundesamt f\u00fcr Bev\u00f6lkerungsschutz - Save\" \/>\n<meta property=\"og:description\" content=\"Der Chef des Eidgen\u00f6ssischen Departementes f\u00fcr Verteidigung, Bev\u00f6lkerungsschutz und Sport VBS, Bundesrat Martin Pfister, und Michaela Sch\u00e4rer, Direktorin des Bundesamtes f\u00fcr Bev\u00f6lkerungsschutz BABS, sind \u00fcbereingekommen, die Leitung des Bundesamts f\u00fcr Bev\u00f6lkerungsschutz neu zu besetzen. Der Bundesrat hat der einvernehmlichen Aufl\u00f6sung des Arbeitsverh\u00e4ltnisses mit Michaela Sch\u00e4rer per 30. April 2026 zugestimmt. Michaela Sch\u00e4rer erh\u00e4lt gem\u00e4ss Artikel [&hellip;]\" \/>\n<meta property=\"og:url\" content=\"https:\/\/news.save.ch\/it\/michaela-schaerer-verlaesst-das-bundesamt-fuer-bevoelkerungsschutz\/\" \/>\n<meta property=\"og:site_name\" content=\"Save\" \/>\n<meta property=\"article:published_time\" content=\"2025-12-10T10:06:36+00:00\" \/>\n<meta name=\"author\" content=\"stefanie Zeng\" \/>\n<meta name=\"twitter:card\" content=\"summary_large_image\" \/>\n<meta name=\"twitter:image\" content=\"https:\/\/news.save.ch\/wp-content\/uploads\/2025\/08\/Photo_Michaela-3-scaled-e1765361165241.jpg\" \/>\n<meta name=\"twitter:label1\" content=\"Scritto da\" \/>\n\t<meta name=\"twitter:data1\" content=\"stefanie Zeng\" \/>\n\t<meta name=\"twitter:label2\" content=\"Tempo di lettura stimato\" \/>\n\t<meta name=\"twitter:data2\" content=\"2 minuti\" \/>\n<script type=\"application\/ld+json\" class=\"yoast-schema-graph\">{\"@context\":\"https:\\\/\\\/schema.org\",\"@graph\":[{\"@type\":\"Article\",\"@id\":\"https:\\\/\\\/news.save.ch\\\/michaela-schaerer-verlaesst-das-bundesamt-fuer-bevoelkerungsschutz\\\/#article\",\"isPartOf\":{\"@id\":\"https:\\\/\\\/news.save.ch\\\/michaela-schaerer-verlaesst-das-bundesamt-fuer-bevoelkerungsschutz\\\/\"},\"author\":{\"name\":\"stefanie Zeng\",\"@id\":\"https:\\\/\\\/news.save.ch\\\/de\\\/#\\\/schema\\\/person\\\/10917387362b3961e882740f6cf6f2a2\"},\"headline\":\"Michaela Sch\u00e4rer verl\u00e4sst das Bundesamt f\u00fcr Bev\u00f6lkerungsschutz\",\"datePublished\":\"2025-12-10T10:06:36+00:00\",\"mainEntityOfPage\":{\"@id\":\"https:\\\/\\\/news.save.ch\\\/michaela-schaerer-verlaesst-das-bundesamt-fuer-bevoelkerungsschutz\\\/\"},\"wordCount\":248,\"publisher\":{\"@id\":\"https:\\\/\\\/news.save.ch\\\/de\\\/#organization\"},\"image\":{\"@id\":\"https:\\\/\\\/news.save.ch\\\/michaela-schaerer-verlaesst-das-bundesamt-fuer-bevoelkerungsschutz\\\/#primaryimage\"},\"thumbnailUrl\":\"https:\\\/\\\/news.save.ch\\\/wp-content\\\/uploads\\\/2025\\\/08\\\/Photo_Michaela-3-scaled-e1765361165241-680x425.jpg\",\"keywords\":[\"Michaela Sch\u00e4rer\",\"VBS\"],\"articleSection\":[\"SICHERHEIT\"],\"inLanguage\":\"it-IT\"},{\"@type\":\"WebPage\",\"@id\":\"https:\\\/\\\/news.save.ch\\\/michaela-schaerer-verlaesst-das-bundesamt-fuer-bevoelkerungsschutz\\\/\",\"url\":\"https:\\\/\\\/news.save.ch\\\/michaela-schaerer-verlaesst-das-bundesamt-fuer-bevoelkerungsschutz\\\/\",\"name\":\"Michaela Sch\u00e4rer verl\u00e4sst das Bundesamt f\u00fcr Bev\u00f6lkerungsschutz - Save\",\"isPartOf\":{\"@id\":\"https:\\\/\\\/news.save.ch\\\/de\\\/#website\"},\"primaryImageOfPage\":{\"@id\":\"https:\\\/\\\/news.save.ch\\\/michaela-schaerer-verlaesst-das-bundesamt-fuer-bevoelkerungsschutz\\\/#primaryimage\"},\"image\":{\"@id\":\"https:\\\/\\\/news.save.ch\\\/michaela-schaerer-verlaesst-das-bundesamt-fuer-bevoelkerungsschutz\\\/#primaryimage\"},\"thumbnailUrl\":\"https:\\\/\\\/news.save.ch\\\/wp-content\\\/uploads\\\/2025\\\/08\\\/Photo_Michaela-3-scaled-e1765361165241-680x425.jpg\",\"datePublished\":\"2025-12-10T10:06:36+00:00\",\"breadcrumb\":{\"@id\":\"https:\\\/\\\/news.save.ch\\\/michaela-schaerer-verlaesst-das-bundesamt-fuer-bevoelkerungsschutz\\\/#breadcrumb\"},\"inLanguage\":\"it-IT\",\"potentialAction\":[{\"@type\":\"ReadAction\",\"target\":[\"https:\\\/\\\/news.save.ch\\\/michaela-schaerer-verlaesst-das-bundesamt-fuer-bevoelkerungsschutz\\\/\"]}]},{\"@type\":\"ImageObject\",\"inLanguage\":\"it-IT\",\"@id\":\"https:\\\/\\\/news.save.ch\\\/michaela-schaerer-verlaesst-das-bundesamt-fuer-bevoelkerungsschutz\\\/#primaryimage\",\"url\":\"https:\\\/\\\/news.save.ch\\\/wp-content\\\/uploads\\\/2025\\\/08\\\/Photo_Michaela-3-scaled-e1765361165241-680x425.jpg\",\"contentUrl\":\"https:\\\/\\\/news.save.ch\\\/wp-content\\\/uploads\\\/2025\\\/08\\\/Photo_Michaela-3-scaled-e1765361165241-680x425.jpg\"},{\"@type\":\"BreadcrumbList\",\"@id\":\"https:\\\/\\\/news.save.ch\\\/michaela-schaerer-verlaesst-das-bundesamt-fuer-bevoelkerungsschutz\\\/#breadcrumb\",\"itemListElement\":[{\"@type\":\"ListItem\",\"position\":1,\"name\":\"Home\",\"item\":\"https:\\\/\\\/news.save.ch\\\/de\\\/\"},{\"@type\":\"ListItem\",\"position\":2,\"name\":\"Michaela Sch\u00e4rer verl\u00e4sst das Bundesamt f\u00fcr Bev\u00f6lkerungsschutz\"}]},{\"@type\":\"WebSite\",\"@id\":\"https:\\\/\\\/news.save.ch\\\/de\\\/#website\",\"url\":\"https:\\\/\\\/news.save.ch\\\/de\\\/\",\"name\":\"Save\",\"description\":\"Schweizer Fachzeitschrift f\u00fcr Sicherheit\",\"publisher\":{\"@id\":\"https:\\\/\\\/news.save.ch\\\/de\\\/#organization\"},\"potentialAction\":[{\"@type\":\"SearchAction\",\"target\":{\"@type\":\"EntryPoint\",\"urlTemplate\":\"https:\\\/\\\/news.save.ch\\\/de\\\/?s={search_term_string}\"},\"query-input\":{\"@type\":\"PropertyValueSpecification\",\"valueRequired\":true,\"valueName\":\"search_term_string\"}}],\"inLanguage\":\"it-IT\"},{\"@type\":\"Organization\",\"@id\":\"https:\\\/\\\/news.save.ch\\\/de\\\/#organization\",\"name\":\"Sicherheitsforum\",\"url\":\"https:\\\/\\\/news.save.ch\\\/de\\\/\",\"logo\":{\"@type\":\"ImageObject\",\"inLanguage\":\"it-IT\",\"@id\":\"https:\\\/\\\/news.save.ch\\\/de\\\/#\\\/schema\\\/logo\\\/image\\\/\",\"url\":\"https:\\\/\\\/news.save.ch\\\/wp-content\\\/uploads\\\/2022\\\/06\\\/Logo_SF_2012.png\",\"contentUrl\":\"https:\\\/\\\/news.save.ch\\\/wp-content\\\/uploads\\\/2022\\\/06\\\/Logo_SF_2012.png\",\"width\":1100,\"height\":91,\"caption\":\"Sicherheitsforum\"},\"image\":{\"@id\":\"https:\\\/\\\/news.save.ch\\\/de\\\/#\\\/schema\\\/logo\\\/image\\\/\"}},{\"@type\":\"Person\",\"@id\":\"https:\\\/\\\/news.save.ch\\\/de\\\/#\\\/schema\\\/person\\\/10917387362b3961e882740f6cf6f2a2\",\"name\":\"stefanie Zeng\",\"image\":{\"@type\":\"ImageObject\",\"inLanguage\":\"it-IT\",\"@id\":\"https:\\\/\\\/secure.gravatar.com\\\/avatar\\\/eac43faa6e40bb2c41068c95c9d78bbd94c476d5efdff7abaab80bb3ea681e06?s=96&d=mm&r=g\",\"url\":\"https:\\\/\\\/secure.gravatar.com\\\/avatar\\\/eac43faa6e40bb2c41068c95c9d78bbd94c476d5efdff7abaab80bb3ea681e06?s=96&d=mm&r=g\",\"contentUrl\":\"https:\\\/\\\/secure.gravatar.com\\\/avatar\\\/eac43faa6e40bb2c41068c95c9d78bbd94c476d5efdff7abaab80bb3ea681e06?s=96&d=mm&r=g\",\"caption\":\"stefanie Zeng\"},\"url\":\"https:\\\/\\\/news.save.ch\\\/it\\\/author\\\/stefanie-zeng\\\/\"}]}<\/script>\n<!-- \/ Yoast SEO plugin. -->","yoast_head_json":{"title":"Michaela Sch\u00e4rer lascia l'Ufficio federale della protezione della popolazione - Save","robots":{"index":"index","follow":"follow","max-snippet":"max-snippet:-1","max-image-preview":"max-image-preview:large","max-video-preview":"max-video-preview:-1"},"canonical":"https:\/\/news.save.ch\/it\/michaela-schaerer-verlaesst-das-bundesamt-fuer-bevoelkerungsschutz\/","og_locale":"it_IT","og_type":"article","og_title":"Michaela Sch\u00e4rer verl\u00e4sst das Bundesamt f\u00fcr Bev\u00f6lkerungsschutz - Save","og_description":"Der Chef des Eidgen\u00f6ssischen Departementes f\u00fcr Verteidigung, Bev\u00f6lkerungsschutz und Sport VBS, Bundesrat Martin Pfister, und Michaela Sch\u00e4rer, Direktorin des Bundesamtes f\u00fcr Bev\u00f6lkerungsschutz BABS, sind \u00fcbereingekommen, die Leitung des Bundesamts f\u00fcr Bev\u00f6lkerungsschutz neu zu besetzen. Der Bundesrat hat der einvernehmlichen Aufl\u00f6sung des Arbeitsverh\u00e4ltnisses mit Michaela Sch\u00e4rer per 30. April 2026 zugestimmt. Michaela Sch\u00e4rer erh\u00e4lt gem\u00e4ss Artikel [&hellip;]","og_url":"https:\/\/news.save.ch\/it\/michaela-schaerer-verlaesst-das-bundesamt-fuer-bevoelkerungsschutz\/","og_site_name":"Save","article_published_time":"2025-12-10T10:06:36+00:00","author":"stefanie Zeng","twitter_card":"summary_large_image","twitter_image":"https:\/\/news.save.ch\/wp-content\/uploads\/2025\/08\/Photo_Michaela-3-scaled-e1765361165241.jpg","twitter_misc":{"Scritto da":"stefanie Zeng","Tempo di lettura stimato":"2 minuti"},"schema":{"@context":"https:\/\/schema.org","@graph":[{"@type":"Article","@id":"https:\/\/news.save.ch\/michaela-schaerer-verlaesst-das-bundesamt-fuer-bevoelkerungsschutz\/#article","isPartOf":{"@id":"https:\/\/news.save.ch\/michaela-schaerer-verlaesst-das-bundesamt-fuer-bevoelkerungsschutz\/"},"author":{"name":"stefanie Zeng","@id":"https:\/\/news.save.ch\/de\/#\/schema\/person\/10917387362b3961e882740f6cf6f2a2"},"headline":"Michaela Sch\u00e4rer verl\u00e4sst das Bundesamt f\u00fcr Bev\u00f6lkerungsschutz","datePublished":"2025-12-10T10:06:36+00:00","mainEntityOfPage":{"@id":"https:\/\/news.save.ch\/michaela-schaerer-verlaesst-das-bundesamt-fuer-bevoelkerungsschutz\/"},"wordCount":248,"publisher":{"@id":"https:\/\/news.save.ch\/de\/#organization"},"image":{"@id":"https:\/\/news.save.ch\/michaela-schaerer-verlaesst-das-bundesamt-fuer-bevoelkerungsschutz\/#primaryimage"},"thumbnailUrl":"https:\/\/news.save.ch\/wp-content\/uploads\/2025\/08\/Photo_Michaela-3-scaled-e1765361165241-680x425.jpg","keywords":["Michaela Sch\u00e4rer","VBS"],"articleSection":["SICHERHEIT"],"inLanguage":"it-IT"},{"@type":"WebPage","@id":"https:\/\/news.save.ch\/michaela-schaerer-verlaesst-das-bundesamt-fuer-bevoelkerungsschutz\/","url":"https:\/\/news.save.ch\/michaela-schaerer-verlaesst-das-bundesamt-fuer-bevoelkerungsschutz\/","name":"Michaela Sch\u00e4rer lascia l'Ufficio federale della protezione della popolazione - Save","isPartOf":{"@id":"https:\/\/news.save.ch\/de\/#website"},"primaryImageOfPage":{"@id":"https:\/\/news.save.ch\/michaela-schaerer-verlaesst-das-bundesamt-fuer-bevoelkerungsschutz\/#primaryimage"},"image":{"@id":"https:\/\/news.save.ch\/michaela-schaerer-verlaesst-das-bundesamt-fuer-bevoelkerungsschutz\/#primaryimage"},"thumbnailUrl":"https:\/\/news.save.ch\/wp-content\/uploads\/2025\/08\/Photo_Michaela-3-scaled-e1765361165241-680x425.jpg","datePublished":"2025-12-10T10:06:36+00:00","breadcrumb":{"@id":"https:\/\/news.save.ch\/michaela-schaerer-verlaesst-das-bundesamt-fuer-bevoelkerungsschutz\/#breadcrumb"},"inLanguage":"it-IT","potentialAction":[{"@type":"ReadAction","target":["https:\/\/news.save.ch\/michaela-schaerer-verlaesst-das-bundesamt-fuer-bevoelkerungsschutz\/"]}]},{"@type":"ImageObject","inLanguage":"it-IT","@id":"https:\/\/news.save.ch\/michaela-schaerer-verlaesst-das-bundesamt-fuer-bevoelkerungsschutz\/#primaryimage","url":"https:\/\/news.save.ch\/wp-content\/uploads\/2025\/08\/Photo_Michaela-3-scaled-e1765361165241-680x425.jpg","contentUrl":"https:\/\/news.save.ch\/wp-content\/uploads\/2025\/08\/Photo_Michaela-3-scaled-e1765361165241-680x425.jpg"},{"@type":"BreadcrumbList","@id":"https:\/\/news.save.ch\/michaela-schaerer-verlaesst-das-bundesamt-fuer-bevoelkerungsschutz\/#breadcrumb","itemListElement":[{"@type":"ListItem","position":1,"name":"Home","item":"https:\/\/news.save.ch\/de\/"},{"@type":"ListItem","position":2,"name":"Michaela Sch\u00e4rer verl\u00e4sst das Bundesamt f\u00fcr Bev\u00f6lkerungsschutz"}]},{"@type":"WebSite","@id":"https:\/\/news.save.ch\/de\/#website","url":"https:\/\/news.save.ch\/de\/","name":"Risparmiare","description":"Rivista svizzera specializzata in sicurezza","publisher":{"@id":"https:\/\/news.save.ch\/de\/#organization"},"potentialAction":[{"@type":"SearchAction","target":{"@type":"EntryPoint","urlTemplate":"https:\/\/news.save.ch\/de\/?s={search_term_string}"},"query-input":{"@type":"PropertyValueSpecification","valueRequired":true,"valueName":"search_term_string"}}],"inLanguage":"it-IT"},{"@type":"Organization","@id":"https:\/\/news.save.ch\/de\/#organization","name":"Forum sulla sicurezza","url":"https:\/\/news.save.ch\/de\/","logo":{"@type":"ImageObject","inLanguage":"it-IT","@id":"https:\/\/news.save.ch\/de\/#\/schema\/logo\/image\/","url":"https:\/\/news.save.ch\/wp-content\/uploads\/2022\/06\/Logo_SF_2012.png","contentUrl":"https:\/\/news.save.ch\/wp-content\/uploads\/2022\/06\/Logo_SF_2012.png","width":1100,"height":91,"caption":"Sicherheitsforum"},"image":{"@id":"https:\/\/news.save.ch\/de\/#\/schema\/logo\/image\/"}},{"@type":"Person","@id":"https:\/\/news.save.ch\/de\/#\/schema\/person\/10917387362b3961e882740f6cf6f2a2","name":"Stefanie Zeng","image":{"@type":"ImageObject","inLanguage":"it-IT","@id":"https:\/\/secure.gravatar.com\/avatar\/eac43faa6e40bb2c41068c95c9d78bbd94c476d5efdff7abaab80bb3ea681e06?s=96&d=mm&r=g","url":"https:\/\/secure.gravatar.com\/avatar\/eac43faa6e40bb2c41068c95c9d78bbd94c476d5efdff7abaab80bb3ea681e06?s=96&d=mm&r=g","contentUrl":"https:\/\/secure.gravatar.com\/avatar\/eac43faa6e40bb2c41068c95c9d78bbd94c476d5efdff7abaab80bb3ea681e06?s=96&d=mm&r=g","caption":"stefanie Zeng"},"url":"https:\/\/news.save.ch\/it\/author\/stefanie-zeng\/"}]}},"_links":{"self":[{"href":"https:\/\/news.save.ch\/it\/wp-json\/wp\/v2\/posts\/24812","targetHints":{"allow":["GET"]}}],"collection":[{"href":"https:\/\/news.save.ch\/it\/wp-json\/wp\/v2\/posts"}],"about":[{"href":"https:\/\/news.save.ch\/it\/wp-json\/wp\/v2\/types\/post"}],"author":[{"embeddable":true,"href":"https:\/\/news.save.ch\/it\/wp-json\/wp\/v2\/users\/31"}],"replies":[{"embeddable":true,"href":"https:\/\/news.save.ch\/it\/wp-json\/wp\/v2\/comments?post=24812"}],"version-history":[{"count":1,"href":"https:\/\/news.save.ch\/it\/wp-json\/wp\/v2\/posts\/24812\/revisions"}],"predecessor-version":[{"id":24813,"href":"https:\/\/news.save.ch\/it\/wp-json\/wp\/v2\/posts\/24812\/revisions\/24813"}],"wp:attachment":[{"href":"https:\/\/news.save.ch\/it\/wp-json\/wp\/v2\/media?parent=24812"}],"wp:term":[{"taxonomy":"category","embeddable":true,"href":"https:\/\/news.save.ch\/it\/wp-json\/wp\/v2\/categories?post=24812"},{"taxonomy":"post_tag","embeddable":true,"href":"https:\/\/news.save.ch\/it\/wp-json\/wp\/v2\/tags?post=24812"}],"curies":[{"name":"wp","href":"https:\/\/api.w.org\/{rel}","templated":true}]}}