{"id":24817,"date":"2025-12-10T12:53:49","date_gmt":"2025-12-10T11:53:49","guid":{"rendered":"https:\/\/news.save.ch\/?p=24817"},"modified":"2025-12-10T12:53:49","modified_gmt":"2025-12-10T11:53:49","slug":"tabak-und-nikotin-ein-weiterer-schritt-zur-einfuehrung-der-vom-volk-gewuenschten-werbeeinschraenkungen","status":null,"type":"post","link":"https:\/\/news.save.ch\/it\/tabak-und-nikotin-ein-weiterer-schritt-zur-einfuehrung-der-vom-volk-gewuenschten-werbeeinschraenkungen\/","title":{"rendered":"Tabacco e nicotina: un ulteriore passo verso l'introduzione delle restrizioni pubblicitarie richieste dal popolo"},"content":{"rendered":"<figure id=\"attachment_24818\" aria-describedby=\"caption-attachment-24818\" style=\"width: 680px\" class=\"wp-caption alignnone\"><img loading=\"lazy\" decoding=\"async\" class=\"size-medium wp-image-24818\" src=\"https:\/\/news.save.ch\/wp-content\/uploads\/2025\/12\/Depositphotos_28599665_S-680x454.jpg\" alt=\"\" width=\"680\" height=\"454\" srcset=\"https:\/\/news.save.ch\/wp-content\/uploads\/2025\/12\/Depositphotos_28599665_S-680x454.jpg 680w, https:\/\/news.save.ch\/wp-content\/uploads\/2025\/12\/Depositphotos_28599665_S-768x512.jpg 768w, https:\/\/news.save.ch\/wp-content\/uploads\/2025\/12\/Depositphotos_28599665_S-18x12.jpg 18w, https:\/\/news.save.ch\/wp-content\/uploads\/2025\/12\/Depositphotos_28599665_S-375x250.jpg 375w, https:\/\/news.save.ch\/wp-content\/uploads\/2025\/12\/Depositphotos_28599665_S-525x350.jpg 525w, https:\/\/news.save.ch\/wp-content\/uploads\/2025\/12\/Depositphotos_28599665_S.jpg 1000w\" sizes=\"auto, (max-width: 680px) 100vw, 680px\" \/><figcaption id=\"caption-attachment-24818\" class=\"wp-caption-text\">Foto: Depositphotos\/alptraum<\/figcaption><\/figure>\n<p id=\"doc-1jbmn9avr0\" class=\"font--regular\">La nuova legge sui prodotti del tabacco, entrata in vigore nell'ottobre 2024, ha gi\u00e0 introdotto il divieto di vendita ai minori e restrizioni pubblicitarie per tutti i prodotti del tabacco e le sigarette elettroniche. Tuttavia, la legge deve essere modificata per attuare l'iniziativa popolare \u00abBambini e adolescenti senza pubblicit\u00e0 del tabacco\u00bb, approvata dal popolo e dai Cantoni nel 2022.<\/p>\n<p id=\"doc-1jbmn9frk0\" class=\"font--regular\">La legge rivista dal Parlamento nel giugno 2025 introduce ulteriori restrizioni nel campo della pubblicit\u00e0, della promozione delle vendite e della sponsorizzazione dei prodotti del tabacco e delle sigarette elettroniche. In futuro sar\u00e0 vietata la pubblicit\u00e0 sulla stampa, ad eccezione delle pubblicazioni vendute prevalentemente in abbonamento e il cui pubblico \u00e8 composto per almeno il 98 per cento da adulti. Non sar\u00e0 pi\u00f9 consentita nemmeno la pubblicit\u00e0 nei punti vendita. Inoltre, non sar\u00e0 pi\u00f9 consentito pubblicizzare prodotti del tabacco e sigarette elettroniche su Internet se non esiste un sistema di controllo dell'et\u00e0. Sar\u00e0 inoltre vietata la sponsorizzazione di eventi a cui possono partecipare minori, a meno che non siano state adottate misure adeguate per garantire che la pubblicit\u00e0 in loco non sia visibile n\u00e9 accessibile ai minori.<\/p>\n<h3 id=\"doc-1jbmn9j640\" class=\"h2\">Elementi principali della revisione dell'ordinanza<\/h3>\n<p id=\"doc-1jbmn9qe60\" class=\"font--regular\">La revisione della legge richiede anche una revisione dell'ordinanza sui prodotti del tabacco (OPT). Questa disciplina in particolare i requisiti del sistema di controllo dell'et\u00e0, obbligatorio per la pubblicit\u00e0 online e la vendita via Internet o tramite distributori automatici. La prova della maggiore et\u00e0 deve essere fornita con un documento d'identit\u00e0 ufficiale in forma fisica o elettronica, ad esempio con una carta d'identit\u00e0, un permesso di soggiorno per stranieri, un documento d'identit\u00e0 elettronico (e-ID) o un altro mezzo di identificazione elettronico sicuro come SwissID. Il progetto definisce inoltre quali misure sono considerate adeguate per rendere la pubblicit\u00e0 invisibile e inaccessibile ai minori in occasione di eventi sponsorizzati dall'industria del tabacco e della nicotina. L'accesso al luogo in cui si trova la pubblicit\u00e0 deve essere vietato ai minori e all'ingresso deve essere effettuato un controllo dell'et\u00e0. Il Consiglio federale ha avviato la procedura di consultazione sulla revisione dell'ordinanza: la consultazione durer\u00e0 fino al 20 marzo 2026.<\/p>\n<h3 id=\"doc-1jbmna3ek0\" class=\"h2\">Ulteriori informazioni:<\/h3>\n<ul id=\"doc-1jbmnaagc0\" class=\"list list--default\" title=\"\">\n<li><a class=\"link--external\" href=\"https:\/\/www.bag.admin.ch\/de\/revision-des-tabakproduktegesetzes\" target=\"_blank\" rel=\"external noopener\" aria-label=\"www.bag.admin.ch\/de\/revision-des-tabakproduktegesetzes Apri il link in una nuova scheda\">Revisione della legge sui prodotti del tabacco<\/a><\/li>\n<li><a class=\"link--external\" href=\"https:\/\/www.bag.admin.ch\/de\/revision-des-tabakproduktegesetzes\" target=\"_blank\" rel=\"external noopener\" aria-label=\"www.bag.admin.ch\/de\/revision-des-tabakproduktegesetzes Apri il link in una nuova scheda\">Scheda informativa: Pubblicit\u00e0 del tabacco<\/a><\/li>\n<li><a class=\"link--external\" href=\"https:\/\/www.bag.admin.ch\/de\/faq-zur-umsetzung-des-tabakproduktegesetzes\" target=\"_blank\" rel=\"external noopener\" aria-label=\"www.bag.admin.ch\/de\/faq-zur-umsetzung-des-tabakproduktegesetzes Apri il link in una nuova scheda\">Domande frequenti sull'attuazione della legge sui prodotti del tabacco<\/a><\/li>\n<\/ul>\n<p><em>Fonte: BAG<\/em><\/p>","protected":false},"excerpt":{"rendered":"<p>Mit dem neuen Tabakproduktgesetz, das im Oktober 2024 in Kraft getreten ist, wurden bereits ein Verbot der Abgabe an Minderj\u00e4hrige und Werbeeinschr\u00e4nkungen f\u00fcr alle Tabakprodukte und E-Zigaretten eingef\u00fchrt. Das Gesetz muss jedoch ge\u00e4ndert werden, um die von Volk und St\u00e4nden im Jahr 2022 angenommenen Volksinitiative \u00abKinder und Jugendliche ohne Tabakwerbung\u00bb umzusetzen. Das vom Parlament im [&hellip;]<\/p>\n","protected":false},"author":31,"featured_media":0,"comment_status":"closed","ping_status":"closed","sticky":false,"template":"","format":"standard","meta":{"_acf_changed":false,"pgc_sgb_lightbox_settings":"","footnotes":""},"categories":[3314],"tags":[168,6636,3068,6637],"class_list":["post-24817","post","type-post","status-publish","format-standard","hentry","category-health-safety","tag-bundesrat","tag-nikotin","tag-tabak","tag-tabakprodukteverordnung-tabpv"],"acf":[],"hkrextid":null,"publication":null,"issue":null,"workflow":null,"startPage":null,"spitzmarke":null,"_posts_by_tag_page_fields":null,"_at_widget":null,"_yoast_wpseo_primary_category":"3314","_yoast_wpseo_focuskw_text_input":null,"_yoast_wpseo_opengraph-image":null,"_yoast_wpseo_opengraph-description":null,"_yoast_wpseo_opengraph-title":null,"enclosure":null,"_yoast_wpseo_twitter-title":null,"_yoast_wpseo_twitter-description":null,"_yoast_wpseo_twitter-image":null,"_wp_old_slug":null,"_yoast_wpseo_title":null,"_yoast_wpseo_canonical":null,"yoast_head":"<!-- This site is optimized with the Yoast SEO plugin v27.4 - https:\/\/yoast.com\/product\/yoast-seo-wordpress\/ -->\n<title>Tabak und Nikotin: Ein weiterer Schritt zur Einf\u00fchrung der vom Volk gew\u00fcnschten Werbeeinschr\u00e4nkungen - Save<\/title>\n<meta name=\"description\" content=\"Der Bundesrat hat die Vernehmlassung zum Revisionsentwurf der Tabakprodukteverordnung (TabPV) er\u00f6ffnet. Mit dieser Vorlage sollen die Werbeeinschr\u00e4nkungen versch\u00e4rft werden.\" \/>\n<meta name=\"robots\" content=\"index, follow, max-snippet:-1, max-image-preview:large, max-video-preview:-1\" \/>\n<link rel=\"canonical\" href=\"https:\/\/news.save.ch\/it\/tabak-und-nikotin-ein-weiterer-schritt-zur-einfuehrung-der-vom-volk-gewuenschten-werbeeinschraenkungen\/\" \/>\n<meta property=\"og:locale\" content=\"it_IT\" \/>\n<meta property=\"og:type\" content=\"article\" \/>\n<meta property=\"og:title\" content=\"Tabak und Nikotin: Ein weiterer Schritt zur Einf\u00fchrung der vom Volk gew\u00fcnschten Werbeeinschr\u00e4nkungen - Save\" \/>\n<meta property=\"og:description\" content=\"Der Bundesrat hat die Vernehmlassung zum Revisionsentwurf der Tabakprodukteverordnung (TabPV) er\u00f6ffnet. Mit dieser Vorlage sollen die Werbeeinschr\u00e4nkungen versch\u00e4rft werden.\" \/>\n<meta property=\"og:url\" content=\"https:\/\/news.save.ch\/it\/tabak-und-nikotin-ein-weiterer-schritt-zur-einfuehrung-der-vom-volk-gewuenschten-werbeeinschraenkungen\/\" \/>\n<meta property=\"og:site_name\" content=\"Save\" \/>\n<meta property=\"article:published_time\" content=\"2025-12-10T11:53:49+00:00\" \/>\n<meta property=\"og:image\" content=\"https:\/\/news.save.ch\/wp-content\/uploads\/2025\/12\/Depositphotos_28599665_S.jpg\" \/>\n\t<meta property=\"og:image:width\" content=\"1000\" \/>\n\t<meta property=\"og:image:height\" content=\"667\" \/>\n\t<meta property=\"og:image:type\" content=\"image\/jpeg\" \/>\n<meta name=\"author\" content=\"stefanie Zeng\" \/>\n<meta name=\"twitter:card\" content=\"summary_large_image\" \/>\n<meta name=\"twitter:label1\" content=\"Scritto da\" \/>\n\t<meta name=\"twitter:data1\" content=\"stefanie Zeng\" \/>\n\t<meta name=\"twitter:label2\" content=\"Tempo di lettura stimato\" \/>\n\t<meta name=\"twitter:data2\" content=\"2 minuti\" \/>\n<script type=\"application\/ld+json\" class=\"yoast-schema-graph\">{\"@context\":\"https:\\\/\\\/schema.org\",\"@graph\":[{\"@type\":\"Article\",\"@id\":\"https:\\\/\\\/news.save.ch\\\/tabak-und-nikotin-ein-weiterer-schritt-zur-einfuehrung-der-vom-volk-gewuenschten-werbeeinschraenkungen\\\/#article\",\"isPartOf\":{\"@id\":\"https:\\\/\\\/news.save.ch\\\/tabak-und-nikotin-ein-weiterer-schritt-zur-einfuehrung-der-vom-volk-gewuenschten-werbeeinschraenkungen\\\/\"},\"author\":{\"name\":\"stefanie Zeng\",\"@id\":\"https:\\\/\\\/news.save.ch\\\/de\\\/#\\\/schema\\\/person\\\/10917387362b3961e882740f6cf6f2a2\"},\"headline\":\"Tabak und Nikotin: Ein weiterer Schritt zur Einf\u00fchrung der vom Volk gew\u00fcnschten Werbeeinschr\u00e4nkungen\",\"datePublished\":\"2025-12-10T11:53:49+00:00\",\"mainEntityOfPage\":{\"@id\":\"https:\\\/\\\/news.save.ch\\\/tabak-und-nikotin-ein-weiterer-schritt-zur-einfuehrung-der-vom-volk-gewuenschten-werbeeinschraenkungen\\\/\"},\"wordCount\":367,\"publisher\":{\"@id\":\"https:\\\/\\\/news.save.ch\\\/de\\\/#organization\"},\"image\":{\"@id\":\"https:\\\/\\\/news.save.ch\\\/tabak-und-nikotin-ein-weiterer-schritt-zur-einfuehrung-der-vom-volk-gewuenschten-werbeeinschraenkungen\\\/#primaryimage\"},\"thumbnailUrl\":\"https:\\\/\\\/news.save.ch\\\/wp-content\\\/uploads\\\/2025\\\/12\\\/Depositphotos_28599665_S-680x454.jpg\",\"keywords\":[\"Bundesrat\",\"Nikotin\",\"Tabak\",\"Tabakprodukteverordnung (TabPV\"],\"articleSection\":[\"HEALTH &amp; SAFETY\"],\"inLanguage\":\"it-IT\"},{\"@type\":\"WebPage\",\"@id\":\"https:\\\/\\\/news.save.ch\\\/tabak-und-nikotin-ein-weiterer-schritt-zur-einfuehrung-der-vom-volk-gewuenschten-werbeeinschraenkungen\\\/\",\"url\":\"https:\\\/\\\/news.save.ch\\\/tabak-und-nikotin-ein-weiterer-schritt-zur-einfuehrung-der-vom-volk-gewuenschten-werbeeinschraenkungen\\\/\",\"name\":\"Tabak und Nikotin: Ein weiterer Schritt zur Einf\u00fchrung der vom Volk gew\u00fcnschten Werbeeinschr\u00e4nkungen - Save\",\"isPartOf\":{\"@id\":\"https:\\\/\\\/news.save.ch\\\/de\\\/#website\"},\"primaryImageOfPage\":{\"@id\":\"https:\\\/\\\/news.save.ch\\\/tabak-und-nikotin-ein-weiterer-schritt-zur-einfuehrung-der-vom-volk-gewuenschten-werbeeinschraenkungen\\\/#primaryimage\"},\"image\":{\"@id\":\"https:\\\/\\\/news.save.ch\\\/tabak-und-nikotin-ein-weiterer-schritt-zur-einfuehrung-der-vom-volk-gewuenschten-werbeeinschraenkungen\\\/#primaryimage\"},\"thumbnailUrl\":\"https:\\\/\\\/news.save.ch\\\/wp-content\\\/uploads\\\/2025\\\/12\\\/Depositphotos_28599665_S-680x454.jpg\",\"datePublished\":\"2025-12-10T11:53:49+00:00\",\"description\":\"Der Bundesrat hat die Vernehmlassung zum Revisionsentwurf der Tabakprodukteverordnung (TabPV) er\u00f6ffnet. Mit dieser Vorlage sollen die Werbeeinschr\u00e4nkungen versch\u00e4rft werden.\",\"breadcrumb\":{\"@id\":\"https:\\\/\\\/news.save.ch\\\/tabak-und-nikotin-ein-weiterer-schritt-zur-einfuehrung-der-vom-volk-gewuenschten-werbeeinschraenkungen\\\/#breadcrumb\"},\"inLanguage\":\"it-IT\",\"potentialAction\":[{\"@type\":\"ReadAction\",\"target\":[\"https:\\\/\\\/news.save.ch\\\/tabak-und-nikotin-ein-weiterer-schritt-zur-einfuehrung-der-vom-volk-gewuenschten-werbeeinschraenkungen\\\/\"]}]},{\"@type\":\"ImageObject\",\"inLanguage\":\"it-IT\",\"@id\":\"https:\\\/\\\/news.save.ch\\\/tabak-und-nikotin-ein-weiterer-schritt-zur-einfuehrung-der-vom-volk-gewuenschten-werbeeinschraenkungen\\\/#primaryimage\",\"url\":\"https:\\\/\\\/news.save.ch\\\/wp-content\\\/uploads\\\/2025\\\/12\\\/Depositphotos_28599665_S-680x454.jpg\",\"contentUrl\":\"https:\\\/\\\/news.save.ch\\\/wp-content\\\/uploads\\\/2025\\\/12\\\/Depositphotos_28599665_S-680x454.jpg\"},{\"@type\":\"BreadcrumbList\",\"@id\":\"https:\\\/\\\/news.save.ch\\\/tabak-und-nikotin-ein-weiterer-schritt-zur-einfuehrung-der-vom-volk-gewuenschten-werbeeinschraenkungen\\\/#breadcrumb\",\"itemListElement\":[{\"@type\":\"ListItem\",\"position\":1,\"name\":\"Home\",\"item\":\"https:\\\/\\\/news.save.ch\\\/de\\\/\"},{\"@type\":\"ListItem\",\"position\":2,\"name\":\"Tabak und Nikotin: Ein weiterer Schritt zur Einf\u00fchrung der vom Volk gew\u00fcnschten Werbeeinschr\u00e4nkungen\"}]},{\"@type\":\"WebSite\",\"@id\":\"https:\\\/\\\/news.save.ch\\\/de\\\/#website\",\"url\":\"https:\\\/\\\/news.save.ch\\\/de\\\/\",\"name\":\"Save\",\"description\":\"Schweizer Fachzeitschrift f\u00fcr Sicherheit\",\"publisher\":{\"@id\":\"https:\\\/\\\/news.save.ch\\\/de\\\/#organization\"},\"potentialAction\":[{\"@type\":\"SearchAction\",\"target\":{\"@type\":\"EntryPoint\",\"urlTemplate\":\"https:\\\/\\\/news.save.ch\\\/de\\\/?s={search_term_string}\"},\"query-input\":{\"@type\":\"PropertyValueSpecification\",\"valueRequired\":true,\"valueName\":\"search_term_string\"}}],\"inLanguage\":\"it-IT\"},{\"@type\":\"Organization\",\"@id\":\"https:\\\/\\\/news.save.ch\\\/de\\\/#organization\",\"name\":\"Sicherheitsforum\",\"url\":\"https:\\\/\\\/news.save.ch\\\/de\\\/\",\"logo\":{\"@type\":\"ImageObject\",\"inLanguage\":\"it-IT\",\"@id\":\"https:\\\/\\\/news.save.ch\\\/de\\\/#\\\/schema\\\/logo\\\/image\\\/\",\"url\":\"https:\\\/\\\/news.save.ch\\\/wp-content\\\/uploads\\\/2022\\\/06\\\/Logo_SF_2012.png\",\"contentUrl\":\"https:\\\/\\\/news.save.ch\\\/wp-content\\\/uploads\\\/2022\\\/06\\\/Logo_SF_2012.png\",\"width\":1100,\"height\":91,\"caption\":\"Sicherheitsforum\"},\"image\":{\"@id\":\"https:\\\/\\\/news.save.ch\\\/de\\\/#\\\/schema\\\/logo\\\/image\\\/\"}},{\"@type\":\"Person\",\"@id\":\"https:\\\/\\\/news.save.ch\\\/de\\\/#\\\/schema\\\/person\\\/10917387362b3961e882740f6cf6f2a2\",\"name\":\"stefanie Zeng\",\"image\":{\"@type\":\"ImageObject\",\"inLanguage\":\"it-IT\",\"@id\":\"https:\\\/\\\/secure.gravatar.com\\\/avatar\\\/eac43faa6e40bb2c41068c95c9d78bbd94c476d5efdff7abaab80bb3ea681e06?s=96&d=mm&r=g\",\"url\":\"https:\\\/\\\/secure.gravatar.com\\\/avatar\\\/eac43faa6e40bb2c41068c95c9d78bbd94c476d5efdff7abaab80bb3ea681e06?s=96&d=mm&r=g\",\"contentUrl\":\"https:\\\/\\\/secure.gravatar.com\\\/avatar\\\/eac43faa6e40bb2c41068c95c9d78bbd94c476d5efdff7abaab80bb3ea681e06?s=96&d=mm&r=g\",\"caption\":\"stefanie Zeng\"},\"url\":\"https:\\\/\\\/news.save.ch\\\/it\\\/author\\\/stefanie-zeng\\\/\"}]}<\/script>\n<!-- \/ Yoast SEO plugin. -->","yoast_head_json":{"title":"Tabacco e nicotina: un ulteriore passo avanti verso l'introduzione delle restrizioni pubblicitarie richieste dal popolo - Save","description":"Il Consiglio federale ha avviato la procedura di consultazione sul progetto di revisione dell'ordinanza sui prodotti del tabacco (OPT). Questo progetto mira a inasprire le restrizioni in materia di pubblicit\u00e0.","robots":{"index":"index","follow":"follow","max-snippet":"max-snippet:-1","max-image-preview":"max-image-preview:large","max-video-preview":"max-video-preview:-1"},"canonical":"https:\/\/news.save.ch\/it\/tabak-und-nikotin-ein-weiterer-schritt-zur-einfuehrung-der-vom-volk-gewuenschten-werbeeinschraenkungen\/","og_locale":"it_IT","og_type":"article","og_title":"Tabak und Nikotin: Ein weiterer Schritt zur Einf\u00fchrung der vom Volk gew\u00fcnschten Werbeeinschr\u00e4nkungen - Save","og_description":"Der Bundesrat hat die Vernehmlassung zum Revisionsentwurf der Tabakprodukteverordnung (TabPV) er\u00f6ffnet. Mit dieser Vorlage sollen die Werbeeinschr\u00e4nkungen versch\u00e4rft werden.","og_url":"https:\/\/news.save.ch\/it\/tabak-und-nikotin-ein-weiterer-schritt-zur-einfuehrung-der-vom-volk-gewuenschten-werbeeinschraenkungen\/","og_site_name":"Save","article_published_time":"2025-12-10T11:53:49+00:00","og_image":[{"width":1000,"height":667,"url":"https:\/\/news.save.ch\/wp-content\/uploads\/2025\/12\/Depositphotos_28599665_S.jpg","type":"image\/jpeg"}],"author":"stefanie Zeng","twitter_card":"summary_large_image","twitter_misc":{"Scritto da":"stefanie Zeng","Tempo di lettura stimato":"2 minuti"},"schema":{"@context":"https:\/\/schema.org","@graph":[{"@type":"Article","@id":"https:\/\/news.save.ch\/tabak-und-nikotin-ein-weiterer-schritt-zur-einfuehrung-der-vom-volk-gewuenschten-werbeeinschraenkungen\/#article","isPartOf":{"@id":"https:\/\/news.save.ch\/tabak-und-nikotin-ein-weiterer-schritt-zur-einfuehrung-der-vom-volk-gewuenschten-werbeeinschraenkungen\/"},"author":{"name":"stefanie Zeng","@id":"https:\/\/news.save.ch\/de\/#\/schema\/person\/10917387362b3961e882740f6cf6f2a2"},"headline":"Tabak und Nikotin: Ein weiterer Schritt zur Einf\u00fchrung der vom Volk gew\u00fcnschten Werbeeinschr\u00e4nkungen","datePublished":"2025-12-10T11:53:49+00:00","mainEntityOfPage":{"@id":"https:\/\/news.save.ch\/tabak-und-nikotin-ein-weiterer-schritt-zur-einfuehrung-der-vom-volk-gewuenschten-werbeeinschraenkungen\/"},"wordCount":367,"publisher":{"@id":"https:\/\/news.save.ch\/de\/#organization"},"image":{"@id":"https:\/\/news.save.ch\/tabak-und-nikotin-ein-weiterer-schritt-zur-einfuehrung-der-vom-volk-gewuenschten-werbeeinschraenkungen\/#primaryimage"},"thumbnailUrl":"https:\/\/news.save.ch\/wp-content\/uploads\/2025\/12\/Depositphotos_28599665_S-680x454.jpg","keywords":["Bundesrat","Nikotin","Tabak","Tabakprodukteverordnung (TabPV"],"articleSection":["HEALTH &amp; SAFETY"],"inLanguage":"it-IT"},{"@type":"WebPage","@id":"https:\/\/news.save.ch\/tabak-und-nikotin-ein-weiterer-schritt-zur-einfuehrung-der-vom-volk-gewuenschten-werbeeinschraenkungen\/","url":"https:\/\/news.save.ch\/tabak-und-nikotin-ein-weiterer-schritt-zur-einfuehrung-der-vom-volk-gewuenschten-werbeeinschraenkungen\/","name":"Tabacco e nicotina: un ulteriore passo avanti verso l'introduzione delle restrizioni pubblicitarie richieste dal popolo - Save","isPartOf":{"@id":"https:\/\/news.save.ch\/de\/#website"},"primaryImageOfPage":{"@id":"https:\/\/news.save.ch\/tabak-und-nikotin-ein-weiterer-schritt-zur-einfuehrung-der-vom-volk-gewuenschten-werbeeinschraenkungen\/#primaryimage"},"image":{"@id":"https:\/\/news.save.ch\/tabak-und-nikotin-ein-weiterer-schritt-zur-einfuehrung-der-vom-volk-gewuenschten-werbeeinschraenkungen\/#primaryimage"},"thumbnailUrl":"https:\/\/news.save.ch\/wp-content\/uploads\/2025\/12\/Depositphotos_28599665_S-680x454.jpg","datePublished":"2025-12-10T11:53:49+00:00","description":"Il Consiglio federale ha avviato la procedura di consultazione sul progetto di revisione dell'ordinanza sui prodotti del tabacco (OPT). Questo progetto mira a inasprire le restrizioni in materia di pubblicit\u00e0.","breadcrumb":{"@id":"https:\/\/news.save.ch\/tabak-und-nikotin-ein-weiterer-schritt-zur-einfuehrung-der-vom-volk-gewuenschten-werbeeinschraenkungen\/#breadcrumb"},"inLanguage":"it-IT","potentialAction":[{"@type":"ReadAction","target":["https:\/\/news.save.ch\/tabak-und-nikotin-ein-weiterer-schritt-zur-einfuehrung-der-vom-volk-gewuenschten-werbeeinschraenkungen\/"]}]},{"@type":"ImageObject","inLanguage":"it-IT","@id":"https:\/\/news.save.ch\/tabak-und-nikotin-ein-weiterer-schritt-zur-einfuehrung-der-vom-volk-gewuenschten-werbeeinschraenkungen\/#primaryimage","url":"https:\/\/news.save.ch\/wp-content\/uploads\/2025\/12\/Depositphotos_28599665_S-680x454.jpg","contentUrl":"https:\/\/news.save.ch\/wp-content\/uploads\/2025\/12\/Depositphotos_28599665_S-680x454.jpg"},{"@type":"BreadcrumbList","@id":"https:\/\/news.save.ch\/tabak-und-nikotin-ein-weiterer-schritt-zur-einfuehrung-der-vom-volk-gewuenschten-werbeeinschraenkungen\/#breadcrumb","itemListElement":[{"@type":"ListItem","position":1,"name":"Home","item":"https:\/\/news.save.ch\/de\/"},{"@type":"ListItem","position":2,"name":"Tabak und Nikotin: Ein weiterer Schritt zur Einf\u00fchrung der vom Volk gew\u00fcnschten Werbeeinschr\u00e4nkungen"}]},{"@type":"WebSite","@id":"https:\/\/news.save.ch\/de\/#website","url":"https:\/\/news.save.ch\/de\/","name":"Risparmiare","description":"Rivista svizzera specializzata in sicurezza","publisher":{"@id":"https:\/\/news.save.ch\/de\/#organization"},"potentialAction":[{"@type":"SearchAction","target":{"@type":"EntryPoint","urlTemplate":"https:\/\/news.save.ch\/de\/?s={search_term_string}"},"query-input":{"@type":"PropertyValueSpecification","valueRequired":true,"valueName":"search_term_string"}}],"inLanguage":"it-IT"},{"@type":"Organization","@id":"https:\/\/news.save.ch\/de\/#organization","name":"Forum sulla sicurezza","url":"https:\/\/news.save.ch\/de\/","logo":{"@type":"ImageObject","inLanguage":"it-IT","@id":"https:\/\/news.save.ch\/de\/#\/schema\/logo\/image\/","url":"https:\/\/news.save.ch\/wp-content\/uploads\/2022\/06\/Logo_SF_2012.png","contentUrl":"https:\/\/news.save.ch\/wp-content\/uploads\/2022\/06\/Logo_SF_2012.png","width":1100,"height":91,"caption":"Sicherheitsforum"},"image":{"@id":"https:\/\/news.save.ch\/de\/#\/schema\/logo\/image\/"}},{"@type":"Person","@id":"https:\/\/news.save.ch\/de\/#\/schema\/person\/10917387362b3961e882740f6cf6f2a2","name":"Stefanie Zeng","image":{"@type":"ImageObject","inLanguage":"it-IT","@id":"https:\/\/secure.gravatar.com\/avatar\/eac43faa6e40bb2c41068c95c9d78bbd94c476d5efdff7abaab80bb3ea681e06?s=96&d=mm&r=g","url":"https:\/\/secure.gravatar.com\/avatar\/eac43faa6e40bb2c41068c95c9d78bbd94c476d5efdff7abaab80bb3ea681e06?s=96&d=mm&r=g","contentUrl":"https:\/\/secure.gravatar.com\/avatar\/eac43faa6e40bb2c41068c95c9d78bbd94c476d5efdff7abaab80bb3ea681e06?s=96&d=mm&r=g","caption":"stefanie Zeng"},"url":"https:\/\/news.save.ch\/it\/author\/stefanie-zeng\/"}]}},"_links":{"self":[{"href":"https:\/\/news.save.ch\/it\/wp-json\/wp\/v2\/posts\/24817","targetHints":{"allow":["GET"]}}],"collection":[{"href":"https:\/\/news.save.ch\/it\/wp-json\/wp\/v2\/posts"}],"about":[{"href":"https:\/\/news.save.ch\/it\/wp-json\/wp\/v2\/types\/post"}],"author":[{"embeddable":true,"href":"https:\/\/news.save.ch\/it\/wp-json\/wp\/v2\/users\/31"}],"replies":[{"embeddable":true,"href":"https:\/\/news.save.ch\/it\/wp-json\/wp\/v2\/comments?post=24817"}],"version-history":[{"count":1,"href":"https:\/\/news.save.ch\/it\/wp-json\/wp\/v2\/posts\/24817\/revisions"}],"predecessor-version":[{"id":24819,"href":"https:\/\/news.save.ch\/it\/wp-json\/wp\/v2\/posts\/24817\/revisions\/24819"}],"wp:attachment":[{"href":"https:\/\/news.save.ch\/it\/wp-json\/wp\/v2\/media?parent=24817"}],"wp:term":[{"taxonomy":"category","embeddable":true,"href":"https:\/\/news.save.ch\/it\/wp-json\/wp\/v2\/categories?post=24817"},{"taxonomy":"post_tag","embeddable":true,"href":"https:\/\/news.save.ch\/it\/wp-json\/wp\/v2\/tags?post=24817"}],"curies":[{"name":"wp","href":"https:\/\/api.w.org\/{rel}","templated":true}]}}