{"id":24843,"date":"2026-01-06T07:00:05","date_gmt":"2026-01-06T06:00:05","guid":{"rendered":"https:\/\/news.save.ch\/?p=24843"},"modified":"2026-01-05T15:03:49","modified_gmt":"2026-01-05T14:03:49","slug":"sicherheitspolitische-strategie-der-schweiz-fuer-eine-umfassende-sicherheit","status":null,"type":"post","link":"https:\/\/news.save.ch\/it\/sicherheitspolitische-strategie-der-schweiz-fuer-eine-umfassende-sicherheit\/","title":{"rendered":"Strategia di politica di sicurezza della Svizzera: per una sicurezza globale"},"content":{"rendered":"<section id=\"doc-1jc6f6inr0\" class=\"hero hero--default\">\n<div class=\"container container--grid gap--responsive\">\n<div class=\"hero__content\">\n<figure id=\"attachment_24844\" aria-describedby=\"caption-attachment-24844\" style=\"width: 680px\" class=\"wp-caption alignnone\"><img loading=\"lazy\" decoding=\"async\" class=\"size-medium wp-image-24844\" src=\"https:\/\/news.save.ch\/wp-content\/uploads\/2026\/01\/Depositphotos_7865530_S-680x463.jpg\" alt=\"\" width=\"680\" height=\"463\" srcset=\"https:\/\/news.save.ch\/wp-content\/uploads\/2026\/01\/Depositphotos_7865530_S-680x463.jpg 680w, https:\/\/news.save.ch\/wp-content\/uploads\/2026\/01\/Depositphotos_7865530_S-768x523.jpg 768w, https:\/\/news.save.ch\/wp-content\/uploads\/2026\/01\/Depositphotos_7865530_S-18x12.jpg 18w, https:\/\/news.save.ch\/wp-content\/uploads\/2026\/01\/Depositphotos_7865530_S-375x255.jpg 375w, https:\/\/news.save.ch\/wp-content\/uploads\/2026\/01\/Depositphotos_7865530_S-514x350.jpg 514w, https:\/\/news.save.ch\/wp-content\/uploads\/2026\/01\/Depositphotos_7865530_S.jpg 1000w\" sizes=\"auto, (max-width: 680px) 100vw, 680px\" \/><figcaption id=\"caption-attachment-24844\" class=\"wp-caption-text\">Foto: Depositphotos\/vencav<\/figcaption><\/figure>\n<p class=\"font--regular hero__description\">\n<\/div>\n<\/div>\n<\/section>\n<section class=\"section section--default\">\n<div class=\"container container--grid gap--responsive\">\n<div class=\"container__center--xs vertical-spacing\">\n<p id=\"doc-1jc6f828i0\" class=\"font--regular\">Finora, la politica di sicurezza svizzera si basava su un rapporto sulla politica di sicurezza redatto di norma ogni 4-10 anni. L'ultimo risale al 2021 ed \u00e8 stato integrato nel settembre 2022 con un rapporto supplementare sulle conseguenze dell'attacco della Russia all'Ucraina. Poich\u00e9 negli ultimi anni la situazione di minaccia per la Svizzera si \u00e8 ulteriormente aggravata, nel giugno 2024 il Consiglio federale ha deciso di elaborare una strategia di politica di sicurezza insieme a tutti gli attori interessati. Oggi ha avviato la procedura di consultazione.<\/p>\n<p id=\"doc-1jc6f84150\" class=\"font--regular\">La strategia di politica di sicurezza deve servire alle autorit\u00e0 come quadro di riferimento per l'attuazione della politica di sicurezza. Si tratta di una strategia quadro che riguarda tutti i settori rilevanti per la politica di sicurezza. Da essa derivano strategie parziali come la strategia in materia di armamenti. La strategia di politica di sicurezza \u00e8 rivolta alla Confederazione, ai Cantoni e ai Comuni, nonch\u00e9 agli attori della societ\u00e0, dell'economia, della scienza e della politica, affinch\u00e9 anche questi possano contribuire alla sua attuazione. Inoltre, funge da orientamento per i partner all'estero.<\/p>\n<h3 id=\"doc-1jc6f84160\" class=\"h2\">Sicurezza completa<\/h3>\n<p id=\"doc-1jc6f84161\" class=\"font--regular\">Nella strategia di politica di sicurezza, il Consiglio federale evidenzia come il contesto della politica di sicurezza della Svizzera sia peggiorato drasticamente e le minacce siano diventate pi\u00f9 diversificate. In questo contesto, cita le caratteristiche rilevanti e i punti deboli della Svizzera. Per far fronte alla molteplicit\u00e0 delle minacce e proteggere la Svizzera, il Consiglio federale persegue con la strategia di politica di sicurezza un approccio di sicurezza globale. Questo orientamento olistico della politica di sicurezza comprende mezzi civili e militari, nonch\u00e9 attori della Confederazione e dei Cantoni, e tiene conto di tutti gli aspetti rilevanti per la politica di sicurezza della politica estera, interna ed economica.<\/p>\n<h3 id=\"doc-1jc6f84170\" class=\"h2\">3 linee guida, 10 obiettivi, oltre 40 misure<\/h3>\n<p id=\"doc-1jc6f84171\" class=\"font--regular\">Concretamente, nella strategia di politica di sicurezza il Consiglio federale presenta tre orientamenti, perseguiti con un totale di dieci obiettivi. A tal fine, la strategia definisce oltre quaranta misure.<\/p>\n<p id=\"doc-1jc6f84172\" class=\"font--regular\">1) \u00a0\u00a0<em>Rafforzare la resilienza:<\/em>\u00a0In primo luogo, occorre ridurre il pi\u00f9 possibile le vulnerabilit\u00e0 e le dipendenze critiche, in modo che la Svizzera offra meno punti di attacco e i danni siano minimi. Ci\u00f2 dovrebbe anche ridurre la probabilit\u00e0 che minacce e pericoli si concretizzino. Per attuare questa linea d'azione sono stati formulati 6 obiettivi e 18 misure.<\/p>\n<p id=\"doc-1jc6f84173\" class=\"font--regular\">2) \u00a0\u00a0<em>Migliorare la protezione e la difesa:\u00a0<\/em>In secondo luogo occorre migliorare la protezione della popolazione dai rischi e la sicurezza interna. La Svizzera deve essere in grado di prevenire e respingere meglio gli attacchi potenziali ed effettivi e di proteggersi meglio dalle loro conseguenze. Per attuare questa linea d'azione sono stati formulati 2 obiettivi e 15 misure.<\/p>\n<p id=\"doc-1jc6f84180\" class=\"font--regular\">3) \u00a0\u00a0<em>Aumentare la capacit\u00e0 di difesa:\u00a0<\/em>In terzo luogo, la Svizzera deve essere in grado di difendersi nel miglior modo possibile in modo autonomo da un attacco armato. In caso di attacco armato, la difesa deve essere possibile e preparata in cooperazione. Per l'attuazione di questa linea d'azione sono stati formulati 2 obiettivi e 12 misure.<\/p>\n<h3 id=\"doc-1jc6f84181\" class=\"h2\">Attuazione senza ritardi<\/h3>\n<p id=\"doc-1jc6f84182\" class=\"font--regular\">Nella strategia di politica di sicurezza, il Consiglio federale illustra anche le modalit\u00e0 di attuazione. Considerata la situazione di minaccia, ha gi\u00e0 incaricato i dipartimenti competenti di avviare l'attuazione. Ha inoltre incaricato il DDPS e la Segreteria di Stato della politica di sicurezza (SEPOS) di coordinare i lavori in modo globale. A tal fine sar\u00e0 istituito un comitato direttivo sotto forma di gruppo di lavoro interdipartimentale permanente. Il DDPS riferir\u00e0 al Consiglio federale sullo stato di avanzamento dell'attuazione entro la fine del 2028.<\/p>\n<p id=\"doc-1jc6f84190\" class=\"font--regular\">La consultazione durer\u00e0 fino al 31 marzo 2026.<\/p>\n<p><em>Fonte: sepos.admin.ch<\/em><\/p>\n<ul id=\"doc-1jc6f9ftc0\" class=\"list list--default\" title=\"\"><\/ul>\n<\/div>\n<\/div>\n<\/section>","protected":false},"excerpt":{"rendered":"<p>Als Grundlage f\u00fcr die Schweizer Sicherheitspolitik wurde bisher in der Regel alle 4 bis 10 Jahre ein sicherheitspolitischer Bericht erstellt. Der letzte datiert von 2021 und wurde im September 2022 mit einem Zusatzbericht \u00fcber die Folgen des Angriffs Russlands auf die Ukraine erg\u00e4nzt. Da sich die Bedrohungslage f\u00fcr die Schweiz in den vergangenen Jahren weiter [&hellip;]<\/p>\n","protected":false},"author":31,"featured_media":0,"comment_status":"closed","ping_status":"closed","sticky":false,"template":"","format":"standard","meta":{"_acf_changed":false,"pgc_sgb_lightbox_settings":"","footnotes":""},"categories":[3312],"tags":[168,1494,3390],"class_list":["post-24843","post","type-post","status-publish","format-standard","hentry","category-sicherheit","tag-bundesrat","tag-sicherheitspolitik","tag-sicherheitsstrategie"],"acf":[],"hkrextid":null,"publication":null,"issue":null,"workflow":null,"startPage":null,"spitzmarke":null,"_posts_by_tag_page_fields":null,"_at_widget":null,"_yoast_wpseo_primary_category":"3312","_yoast_wpseo_focuskw_text_input":null,"_yoast_wpseo_opengraph-image":null,"_yoast_wpseo_opengraph-description":null,"_yoast_wpseo_opengraph-title":null,"enclosure":null,"_yoast_wpseo_twitter-title":null,"_yoast_wpseo_twitter-description":null,"_yoast_wpseo_twitter-image":null,"_wp_old_slug":null,"_yoast_wpseo_title":null,"_yoast_wpseo_canonical":null,"yoast_head":"<!-- This site is optimized with the Yoast SEO plugin v27.5 - https:\/\/yoast.com\/product\/yoast-seo-wordpress\/ -->\n<title>Sicherheitspolitische Strategie der Schweiz: F\u00fcr eine umfassende Sicherheit - Save<\/title>\n<meta name=\"description\" content=\"Aufgrund der verschlechterten Bedrohungslage richtet der Bundesrat die Sicherheitspolitik der Schweiz f\u00fcr die kommenden Jahre neu aus.\" \/>\n<meta name=\"robots\" content=\"index, follow, max-snippet:-1, max-image-preview:large, max-video-preview:-1\" \/>\n<link rel=\"canonical\" href=\"https:\/\/news.save.ch\/it\/sicherheitspolitische-strategie-der-schweiz-fuer-eine-umfassende-sicherheit\/\" \/>\n<meta property=\"og:locale\" content=\"it_IT\" \/>\n<meta property=\"og:type\" content=\"article\" \/>\n<meta property=\"og:title\" content=\"Sicherheitspolitische Strategie der Schweiz: F\u00fcr eine umfassende Sicherheit - Save\" \/>\n<meta property=\"og:description\" content=\"Aufgrund der verschlechterten Bedrohungslage richtet der Bundesrat die Sicherheitspolitik der Schweiz f\u00fcr die kommenden Jahre neu aus.\" \/>\n<meta property=\"og:url\" content=\"https:\/\/news.save.ch\/it\/sicherheitspolitische-strategie-der-schweiz-fuer-eine-umfassende-sicherheit\/\" \/>\n<meta property=\"og:site_name\" content=\"Save\" \/>\n<meta property=\"article:published_time\" content=\"2026-01-06T06:00:05+00:00\" \/>\n<meta property=\"og:image\" content=\"https:\/\/news.save.ch\/wp-content\/uploads\/2026\/01\/Depositphotos_7865530_S.jpg\" \/>\n\t<meta property=\"og:image:width\" content=\"1000\" \/>\n\t<meta property=\"og:image:height\" content=\"681\" \/>\n\t<meta property=\"og:image:type\" content=\"image\/jpeg\" \/>\n<meta name=\"author\" content=\"stefanie Zeng\" \/>\n<meta name=\"twitter:card\" content=\"summary_large_image\" \/>\n<meta name=\"twitter:label1\" content=\"Scritto da\" \/>\n\t<meta name=\"twitter:data1\" content=\"stefanie Zeng\" \/>\n\t<meta name=\"twitter:label2\" content=\"Tempo di lettura stimato\" \/>\n\t<meta name=\"twitter:data2\" content=\"4 minuti\" \/>\n<script type=\"application\/ld+json\" class=\"yoast-schema-graph\">{\"@context\":\"https:\\\/\\\/schema.org\",\"@graph\":[{\"@type\":\"Article\",\"@id\":\"https:\\\/\\\/news.save.ch\\\/sicherheitspolitische-strategie-der-schweiz-fuer-eine-umfassende-sicherheit\\\/#article\",\"isPartOf\":{\"@id\":\"https:\\\/\\\/news.save.ch\\\/sicherheitspolitische-strategie-der-schweiz-fuer-eine-umfassende-sicherheit\\\/\"},\"author\":{\"name\":\"stefanie Zeng\",\"@id\":\"https:\\\/\\\/news.save.ch\\\/de\\\/#\\\/schema\\\/person\\\/10917387362b3961e882740f6cf6f2a2\"},\"headline\":\"Sicherheitspolitische Strategie der Schweiz: F\u00fcr eine umfassende Sicherheit\",\"datePublished\":\"2026-01-06T06:00:05+00:00\",\"mainEntityOfPage\":{\"@id\":\"https:\\\/\\\/news.save.ch\\\/sicherheitspolitische-strategie-der-schweiz-fuer-eine-umfassende-sicherheit\\\/\"},\"wordCount\":540,\"publisher\":{\"@id\":\"https:\\\/\\\/news.save.ch\\\/de\\\/#organization\"},\"image\":{\"@id\":\"https:\\\/\\\/news.save.ch\\\/sicherheitspolitische-strategie-der-schweiz-fuer-eine-umfassende-sicherheit\\\/#primaryimage\"},\"thumbnailUrl\":\"https:\\\/\\\/news.save.ch\\\/wp-content\\\/uploads\\\/2026\\\/01\\\/Depositphotos_7865530_S-680x463.jpg\",\"keywords\":[\"Bundesrat\",\"Sicherheitspolitik\",\"Sicherheitsstrategie\"],\"articleSection\":[\"SICHERHEIT\"],\"inLanguage\":\"it-IT\"},{\"@type\":\"WebPage\",\"@id\":\"https:\\\/\\\/news.save.ch\\\/sicherheitspolitische-strategie-der-schweiz-fuer-eine-umfassende-sicherheit\\\/\",\"url\":\"https:\\\/\\\/news.save.ch\\\/sicherheitspolitische-strategie-der-schweiz-fuer-eine-umfassende-sicherheit\\\/\",\"name\":\"Sicherheitspolitische Strategie der Schweiz: F\u00fcr eine umfassende Sicherheit - Save\",\"isPartOf\":{\"@id\":\"https:\\\/\\\/news.save.ch\\\/de\\\/#website\"},\"primaryImageOfPage\":{\"@id\":\"https:\\\/\\\/news.save.ch\\\/sicherheitspolitische-strategie-der-schweiz-fuer-eine-umfassende-sicherheit\\\/#primaryimage\"},\"image\":{\"@id\":\"https:\\\/\\\/news.save.ch\\\/sicherheitspolitische-strategie-der-schweiz-fuer-eine-umfassende-sicherheit\\\/#primaryimage\"},\"thumbnailUrl\":\"https:\\\/\\\/news.save.ch\\\/wp-content\\\/uploads\\\/2026\\\/01\\\/Depositphotos_7865530_S-680x463.jpg\",\"datePublished\":\"2026-01-06T06:00:05+00:00\",\"description\":\"Aufgrund der verschlechterten Bedrohungslage richtet der Bundesrat die Sicherheitspolitik der Schweiz f\u00fcr die kommenden Jahre neu aus.\",\"breadcrumb\":{\"@id\":\"https:\\\/\\\/news.save.ch\\\/sicherheitspolitische-strategie-der-schweiz-fuer-eine-umfassende-sicherheit\\\/#breadcrumb\"},\"inLanguage\":\"it-IT\",\"potentialAction\":[{\"@type\":\"ReadAction\",\"target\":[\"https:\\\/\\\/news.save.ch\\\/sicherheitspolitische-strategie-der-schweiz-fuer-eine-umfassende-sicherheit\\\/\"]}]},{\"@type\":\"ImageObject\",\"inLanguage\":\"it-IT\",\"@id\":\"https:\\\/\\\/news.save.ch\\\/sicherheitspolitische-strategie-der-schweiz-fuer-eine-umfassende-sicherheit\\\/#primaryimage\",\"url\":\"https:\\\/\\\/news.save.ch\\\/wp-content\\\/uploads\\\/2026\\\/01\\\/Depositphotos_7865530_S-680x463.jpg\",\"contentUrl\":\"https:\\\/\\\/news.save.ch\\\/wp-content\\\/uploads\\\/2026\\\/01\\\/Depositphotos_7865530_S-680x463.jpg\"},{\"@type\":\"BreadcrumbList\",\"@id\":\"https:\\\/\\\/news.save.ch\\\/sicherheitspolitische-strategie-der-schweiz-fuer-eine-umfassende-sicherheit\\\/#breadcrumb\",\"itemListElement\":[{\"@type\":\"ListItem\",\"position\":1,\"name\":\"Home\",\"item\":\"https:\\\/\\\/news.save.ch\\\/de\\\/\"},{\"@type\":\"ListItem\",\"position\":2,\"name\":\"Sicherheitspolitische Strategie der Schweiz: F\u00fcr eine umfassende Sicherheit\"}]},{\"@type\":\"WebSite\",\"@id\":\"https:\\\/\\\/news.save.ch\\\/de\\\/#website\",\"url\":\"https:\\\/\\\/news.save.ch\\\/de\\\/\",\"name\":\"Save\",\"description\":\"Schweizer Fachzeitschrift f\u00fcr Sicherheit\",\"publisher\":{\"@id\":\"https:\\\/\\\/news.save.ch\\\/de\\\/#organization\"},\"potentialAction\":[{\"@type\":\"SearchAction\",\"target\":{\"@type\":\"EntryPoint\",\"urlTemplate\":\"https:\\\/\\\/news.save.ch\\\/de\\\/?s={search_term_string}\"},\"query-input\":{\"@type\":\"PropertyValueSpecification\",\"valueRequired\":true,\"valueName\":\"search_term_string\"}}],\"inLanguage\":\"it-IT\"},{\"@type\":\"Organization\",\"@id\":\"https:\\\/\\\/news.save.ch\\\/de\\\/#organization\",\"name\":\"Sicherheitsforum\",\"url\":\"https:\\\/\\\/news.save.ch\\\/de\\\/\",\"logo\":{\"@type\":\"ImageObject\",\"inLanguage\":\"it-IT\",\"@id\":\"https:\\\/\\\/news.save.ch\\\/de\\\/#\\\/schema\\\/logo\\\/image\\\/\",\"url\":\"https:\\\/\\\/news.save.ch\\\/wp-content\\\/uploads\\\/2022\\\/06\\\/Logo_SF_2012.png\",\"contentUrl\":\"https:\\\/\\\/news.save.ch\\\/wp-content\\\/uploads\\\/2022\\\/06\\\/Logo_SF_2012.png\",\"width\":1100,\"height\":91,\"caption\":\"Sicherheitsforum\"},\"image\":{\"@id\":\"https:\\\/\\\/news.save.ch\\\/de\\\/#\\\/schema\\\/logo\\\/image\\\/\"}},{\"@type\":\"Person\",\"@id\":\"https:\\\/\\\/news.save.ch\\\/de\\\/#\\\/schema\\\/person\\\/10917387362b3961e882740f6cf6f2a2\",\"name\":\"stefanie Zeng\",\"image\":{\"@type\":\"ImageObject\",\"inLanguage\":\"it-IT\",\"@id\":\"https:\\\/\\\/secure.gravatar.com\\\/avatar\\\/eac43faa6e40bb2c41068c95c9d78bbd94c476d5efdff7abaab80bb3ea681e06?s=96&d=mm&r=g\",\"url\":\"https:\\\/\\\/secure.gravatar.com\\\/avatar\\\/eac43faa6e40bb2c41068c95c9d78bbd94c476d5efdff7abaab80bb3ea681e06?s=96&d=mm&r=g\",\"contentUrl\":\"https:\\\/\\\/secure.gravatar.com\\\/avatar\\\/eac43faa6e40bb2c41068c95c9d78bbd94c476d5efdff7abaab80bb3ea681e06?s=96&d=mm&r=g\",\"caption\":\"stefanie Zeng\"},\"url\":\"https:\\\/\\\/news.save.ch\\\/it\\\/author\\\/stefanie-zeng\\\/\"}]}<\/script>\n<!-- \/ Yoast SEO plugin. -->","yoast_head_json":{"title":"Strategia di politica di sicurezza della Svizzera: per una sicurezza globale - Save","description":"A causa dell'aggravarsi della situazione di minaccia, il Consiglio federale ridefinisce la politica di sicurezza della Svizzera per i prossimi anni.","robots":{"index":"index","follow":"follow","max-snippet":"max-snippet:-1","max-image-preview":"max-image-preview:large","max-video-preview":"max-video-preview:-1"},"canonical":"https:\/\/news.save.ch\/it\/sicherheitspolitische-strategie-der-schweiz-fuer-eine-umfassende-sicherheit\/","og_locale":"it_IT","og_type":"article","og_title":"Sicherheitspolitische Strategie der Schweiz: F\u00fcr eine umfassende Sicherheit - Save","og_description":"Aufgrund der verschlechterten Bedrohungslage richtet der Bundesrat die Sicherheitspolitik der Schweiz f\u00fcr die kommenden Jahre neu aus.","og_url":"https:\/\/news.save.ch\/it\/sicherheitspolitische-strategie-der-schweiz-fuer-eine-umfassende-sicherheit\/","og_site_name":"Save","article_published_time":"2026-01-06T06:00:05+00:00","og_image":[{"width":1000,"height":681,"url":"https:\/\/news.save.ch\/wp-content\/uploads\/2026\/01\/Depositphotos_7865530_S.jpg","type":"image\/jpeg"}],"author":"stefanie Zeng","twitter_card":"summary_large_image","twitter_misc":{"Scritto da":"stefanie Zeng","Tempo di lettura stimato":"4 minuti"},"schema":{"@context":"https:\/\/schema.org","@graph":[{"@type":"Article","@id":"https:\/\/news.save.ch\/sicherheitspolitische-strategie-der-schweiz-fuer-eine-umfassende-sicherheit\/#article","isPartOf":{"@id":"https:\/\/news.save.ch\/sicherheitspolitische-strategie-der-schweiz-fuer-eine-umfassende-sicherheit\/"},"author":{"name":"stefanie Zeng","@id":"https:\/\/news.save.ch\/de\/#\/schema\/person\/10917387362b3961e882740f6cf6f2a2"},"headline":"Sicherheitspolitische Strategie der Schweiz: F\u00fcr eine umfassende Sicherheit","datePublished":"2026-01-06T06:00:05+00:00","mainEntityOfPage":{"@id":"https:\/\/news.save.ch\/sicherheitspolitische-strategie-der-schweiz-fuer-eine-umfassende-sicherheit\/"},"wordCount":540,"publisher":{"@id":"https:\/\/news.save.ch\/de\/#organization"},"image":{"@id":"https:\/\/news.save.ch\/sicherheitspolitische-strategie-der-schweiz-fuer-eine-umfassende-sicherheit\/#primaryimage"},"thumbnailUrl":"https:\/\/news.save.ch\/wp-content\/uploads\/2026\/01\/Depositphotos_7865530_S-680x463.jpg","keywords":["Bundesrat","Sicherheitspolitik","Sicherheitsstrategie"],"articleSection":["SICHERHEIT"],"inLanguage":"it-IT"},{"@type":"WebPage","@id":"https:\/\/news.save.ch\/sicherheitspolitische-strategie-der-schweiz-fuer-eine-umfassende-sicherheit\/","url":"https:\/\/news.save.ch\/sicherheitspolitische-strategie-der-schweiz-fuer-eine-umfassende-sicherheit\/","name":"Strategia di politica di sicurezza della Svizzera: per una sicurezza globale - Save","isPartOf":{"@id":"https:\/\/news.save.ch\/de\/#website"},"primaryImageOfPage":{"@id":"https:\/\/news.save.ch\/sicherheitspolitische-strategie-der-schweiz-fuer-eine-umfassende-sicherheit\/#primaryimage"},"image":{"@id":"https:\/\/news.save.ch\/sicherheitspolitische-strategie-der-schweiz-fuer-eine-umfassende-sicherheit\/#primaryimage"},"thumbnailUrl":"https:\/\/news.save.ch\/wp-content\/uploads\/2026\/01\/Depositphotos_7865530_S-680x463.jpg","datePublished":"2026-01-06T06:00:05+00:00","description":"A causa dell'aggravarsi della situazione di minaccia, il Consiglio federale ridefinisce la politica di sicurezza della Svizzera per i prossimi anni.","breadcrumb":{"@id":"https:\/\/news.save.ch\/sicherheitspolitische-strategie-der-schweiz-fuer-eine-umfassende-sicherheit\/#breadcrumb"},"inLanguage":"it-IT","potentialAction":[{"@type":"ReadAction","target":["https:\/\/news.save.ch\/sicherheitspolitische-strategie-der-schweiz-fuer-eine-umfassende-sicherheit\/"]}]},{"@type":"ImageObject","inLanguage":"it-IT","@id":"https:\/\/news.save.ch\/sicherheitspolitische-strategie-der-schweiz-fuer-eine-umfassende-sicherheit\/#primaryimage","url":"https:\/\/news.save.ch\/wp-content\/uploads\/2026\/01\/Depositphotos_7865530_S-680x463.jpg","contentUrl":"https:\/\/news.save.ch\/wp-content\/uploads\/2026\/01\/Depositphotos_7865530_S-680x463.jpg"},{"@type":"BreadcrumbList","@id":"https:\/\/news.save.ch\/sicherheitspolitische-strategie-der-schweiz-fuer-eine-umfassende-sicherheit\/#breadcrumb","itemListElement":[{"@type":"ListItem","position":1,"name":"Home","item":"https:\/\/news.save.ch\/de\/"},{"@type":"ListItem","position":2,"name":"Sicherheitspolitische Strategie der Schweiz: F\u00fcr eine umfassende Sicherheit"}]},{"@type":"WebSite","@id":"https:\/\/news.save.ch\/de\/#website","url":"https:\/\/news.save.ch\/de\/","name":"Risparmiare","description":"Rivista svizzera specializzata in sicurezza","publisher":{"@id":"https:\/\/news.save.ch\/de\/#organization"},"potentialAction":[{"@type":"SearchAction","target":{"@type":"EntryPoint","urlTemplate":"https:\/\/news.save.ch\/de\/?s={search_term_string}"},"query-input":{"@type":"PropertyValueSpecification","valueRequired":true,"valueName":"search_term_string"}}],"inLanguage":"it-IT"},{"@type":"Organization","@id":"https:\/\/news.save.ch\/de\/#organization","name":"Forum sulla sicurezza","url":"https:\/\/news.save.ch\/de\/","logo":{"@type":"ImageObject","inLanguage":"it-IT","@id":"https:\/\/news.save.ch\/de\/#\/schema\/logo\/image\/","url":"https:\/\/news.save.ch\/wp-content\/uploads\/2022\/06\/Logo_SF_2012.png","contentUrl":"https:\/\/news.save.ch\/wp-content\/uploads\/2022\/06\/Logo_SF_2012.png","width":1100,"height":91,"caption":"Sicherheitsforum"},"image":{"@id":"https:\/\/news.save.ch\/de\/#\/schema\/logo\/image\/"}},{"@type":"Person","@id":"https:\/\/news.save.ch\/de\/#\/schema\/person\/10917387362b3961e882740f6cf6f2a2","name":"Stefanie Zeng","image":{"@type":"ImageObject","inLanguage":"it-IT","@id":"https:\/\/secure.gravatar.com\/avatar\/eac43faa6e40bb2c41068c95c9d78bbd94c476d5efdff7abaab80bb3ea681e06?s=96&d=mm&r=g","url":"https:\/\/secure.gravatar.com\/avatar\/eac43faa6e40bb2c41068c95c9d78bbd94c476d5efdff7abaab80bb3ea681e06?s=96&d=mm&r=g","contentUrl":"https:\/\/secure.gravatar.com\/avatar\/eac43faa6e40bb2c41068c95c9d78bbd94c476d5efdff7abaab80bb3ea681e06?s=96&d=mm&r=g","caption":"stefanie Zeng"},"url":"https:\/\/news.save.ch\/it\/author\/stefanie-zeng\/"}]}},"_links":{"self":[{"href":"https:\/\/news.save.ch\/it\/wp-json\/wp\/v2\/posts\/24843","targetHints":{"allow":["GET"]}}],"collection":[{"href":"https:\/\/news.save.ch\/it\/wp-json\/wp\/v2\/posts"}],"about":[{"href":"https:\/\/news.save.ch\/it\/wp-json\/wp\/v2\/types\/post"}],"author":[{"embeddable":true,"href":"https:\/\/news.save.ch\/it\/wp-json\/wp\/v2\/users\/31"}],"replies":[{"embeddable":true,"href":"https:\/\/news.save.ch\/it\/wp-json\/wp\/v2\/comments?post=24843"}],"version-history":[{"count":1,"href":"https:\/\/news.save.ch\/it\/wp-json\/wp\/v2\/posts\/24843\/revisions"}],"predecessor-version":[{"id":24845,"href":"https:\/\/news.save.ch\/it\/wp-json\/wp\/v2\/posts\/24843\/revisions\/24845"}],"wp:attachment":[{"href":"https:\/\/news.save.ch\/it\/wp-json\/wp\/v2\/media?parent=24843"}],"wp:term":[{"taxonomy":"category","embeddable":true,"href":"https:\/\/news.save.ch\/it\/wp-json\/wp\/v2\/categories?post=24843"},{"taxonomy":"post_tag","embeddable":true,"href":"https:\/\/news.save.ch\/it\/wp-json\/wp\/v2\/tags?post=24843"}],"curies":[{"name":"wp","href":"https:\/\/api.w.org\/{rel}","templated":true}]}}