{"id":24851,"date":"2026-01-06T16:05:00","date_gmt":"2026-01-06T15:05:00","guid":{"rendered":"https:\/\/news.save.ch\/?p=24851"},"modified":"2026-01-06T16:05:00","modified_gmt":"2026-01-06T15:05:00","slug":"sicherheitskongress-an-der-swissbau-2026-in-basel","status":null,"type":"post","link":"https:\/\/news.save.ch\/it\/sicherheitskongress-an-der-swissbau-2026-in-basel\/","title":{"rendered":"Congresso sulla sicurezza alla Swissbau 2026 di Basilea"},"content":{"rendered":"<figure id=\"attachment_24854\" aria-describedby=\"caption-attachment-24854\" style=\"width: 680px\" class=\"wp-caption alignnone\"><img loading=\"lazy\" decoding=\"async\" class=\"wp-image-24854 size-medium\" src=\"https:\/\/news.save.ch\/wp-content\/uploads\/2026\/01\/Depositphotos_853004048_S-2-680x454.jpg\" alt=\"\" width=\"680\" height=\"454\" srcset=\"https:\/\/news.save.ch\/wp-content\/uploads\/2026\/01\/Depositphotos_853004048_S-2-680x454.jpg 680w, https:\/\/news.save.ch\/wp-content\/uploads\/2026\/01\/Depositphotos_853004048_S-2-768x512.jpg 768w, https:\/\/news.save.ch\/wp-content\/uploads\/2026\/01\/Depositphotos_853004048_S-2-18x12.jpg 18w, https:\/\/news.save.ch\/wp-content\/uploads\/2026\/01\/Depositphotos_853004048_S-2-375x250.jpg 375w, https:\/\/news.save.ch\/wp-content\/uploads\/2026\/01\/Depositphotos_853004048_S-2-525x350.jpg 525w, https:\/\/news.save.ch\/wp-content\/uploads\/2026\/01\/Depositphotos_853004048_S-2.jpg 1000w\" sizes=\"auto, (max-width: 680px) 100vw, 680px\" \/><figcaption id=\"caption-attachment-24854\" class=\"wp-caption-text\">Parallelamente alla Swissbau, alla Fiera di Basilea si terr\u00e0 anche il Congresso sulla sicurezza (Foto: Depositphotos\/valirin)<\/figcaption><\/figure>\n<p>&nbsp;<\/p>\n<p>Tra due settimane avr\u00e0 inizio Swissbau 2026 a Basilea. Dal 20 al 24 gennaio tutto ruoter\u00e0 attorno al settore dell'edilizia e dell'immobiliare in Svizzera. In qualit\u00e0 di fiera multisettoriale e piattaforma interdisciplinare per eventi e networking, riunisce tutti gli esperti e i decisori coinvolti nel ciclo di vita di un immobile.<\/p>\n<p>Parallelamente alla fiera biennale, gli interessati alla sicurezza possono ampliare le proprie conoscenze e la propria rete di contatti partecipando al congresso SICHERHEITS-Kongress. Dal 21 al 22 gennaio, quattro moduli di mezza giornata affronteranno le sfide attuali in materia di sicurezza. Ogni modulo di mezza giornata \u00e8 autonomo e pu\u00f2 essere prenotato singolarmente.<\/p>\n<p>Il programma prevede, ad esempio, misure di sicurezza mirate per prevenire guasti operativi, minacce e malfunzionamenti. Sono inoltre in agenda la protezione antincendio aziendale e le tendenze e tecnologie relative alla sicurezza fisica.<\/p>\n<p>Il congresso si svolger\u00e0 in modalit\u00e0 ibrida: gli interessati potranno partecipare sia in presenza che online.<\/p>\n<p>Tutte le informazioni e il modulo di iscrizione sono disponibili <a href=\"https:\/\/save.ch\/event\/sicherheitskongress-01-2026\/\">qui.<\/a><\/p>","protected":false},"excerpt":{"rendered":"<p>&nbsp; In zwei Wochen geht in Basel die Swissbau 2026 \u00fcber die B\u00fchne. Vom 20. bis 24. Januar dreht sich alles um die Bau- und Immobilienwirtschaft in der Schweiz. Als Mehrbranchenmesse sowie fach\u00fcbergreifende Veranstaltungs- und Netzwerk-Plattform bringt sie alle Fachexpertinnen und Entscheidungstr\u00e4ger entlang des Lebenszyklus einer Immobilie zusammen. Parallel zur alle zwei Jahre stattfindenden Messe [&hellip;]<\/p>\n","protected":false},"author":31,"featured_media":0,"comment_status":"closed","ping_status":"closed","sticky":false,"template":"","format":"standard","meta":{"_acf_changed":false,"pgc_sgb_lightbox_settings":"","footnotes":""},"categories":[3314,3312],"tags":[],"class_list":["post-24851","post","type-post","status-publish","format-standard","hentry","category-health-safety","category-sicherheit"],"acf":[],"hkrextid":null,"publication":null,"issue":null,"workflow":null,"startPage":null,"spitzmarke":null,"_posts_by_tag_page_fields":null,"_at_widget":null,"_yoast_wpseo_primary_category":"3312","_yoast_wpseo_focuskw_text_input":null,"_yoast_wpseo_opengraph-image":null,"_yoast_wpseo_opengraph-description":null,"_yoast_wpseo_opengraph-title":null,"enclosure":null,"_yoast_wpseo_twitter-title":null,"_yoast_wpseo_twitter-description":null,"_yoast_wpseo_twitter-image":null,"_wp_old_slug":null,"_yoast_wpseo_title":null,"_yoast_wpseo_canonical":null,"yoast_head":"<!-- This site is optimized with the Yoast SEO plugin v27.5 - https:\/\/yoast.com\/product\/yoast-seo-wordpress\/ -->\n<title>Sicherheitskongress an der Swissbau 2026 in Basel - Save<\/title>\n<meta name=\"robots\" content=\"index, follow, max-snippet:-1, max-image-preview:large, max-video-preview:-1\" \/>\n<link rel=\"canonical\" href=\"https:\/\/news.save.ch\/it\/sicherheitskongress-an-der-swissbau-2026-in-basel\/\" \/>\n<meta property=\"og:locale\" content=\"it_IT\" \/>\n<meta property=\"og:type\" content=\"article\" \/>\n<meta property=\"og:title\" content=\"Sicherheitskongress an der Swissbau 2026 in Basel - Save\" \/>\n<meta property=\"og:description\" content=\"&nbsp; In zwei Wochen geht in Basel die Swissbau 2026 \u00fcber die B\u00fchne. Vom 20. bis 24. Januar dreht sich alles um die Bau- und Immobilienwirtschaft in der Schweiz. Als Mehrbranchenmesse sowie fach\u00fcbergreifende Veranstaltungs- und Netzwerk-Plattform bringt sie alle Fachexpertinnen und Entscheidungstr\u00e4ger entlang des Lebenszyklus einer Immobilie zusammen. Parallel zur alle zwei Jahre stattfindenden Messe [&hellip;]\" \/>\n<meta property=\"og:url\" content=\"https:\/\/news.save.ch\/it\/sicherheitskongress-an-der-swissbau-2026-in-basel\/\" \/>\n<meta property=\"og:site_name\" content=\"Save\" \/>\n<meta property=\"article:published_time\" content=\"2026-01-06T15:05:00+00:00\" \/>\n<meta property=\"og:image\" content=\"https:\/\/news.save.ch\/wp-content\/uploads\/2026\/01\/Depositphotos_853004048_S-2.jpg\" \/>\n\t<meta property=\"og:image:width\" content=\"1000\" \/>\n\t<meta property=\"og:image:height\" content=\"667\" \/>\n\t<meta property=\"og:image:type\" content=\"image\/jpeg\" \/>\n<meta name=\"author\" content=\"stefanie Zeng\" \/>\n<meta name=\"twitter:card\" content=\"summary_large_image\" \/>\n<meta name=\"twitter:label1\" content=\"Scritto da\" \/>\n\t<meta name=\"twitter:data1\" content=\"stefanie Zeng\" \/>\n\t<meta name=\"twitter:label2\" content=\"Tempo di lettura stimato\" \/>\n\t<meta name=\"twitter:data2\" content=\"2 minuti\" \/>\n<script type=\"application\/ld+json\" class=\"yoast-schema-graph\">{\"@context\":\"https:\\\/\\\/schema.org\",\"@graph\":[{\"@type\":\"Article\",\"@id\":\"https:\\\/\\\/news.save.ch\\\/sicherheitskongress-an-der-swissbau-2026-in-basel\\\/#article\",\"isPartOf\":{\"@id\":\"https:\\\/\\\/news.save.ch\\\/sicherheitskongress-an-der-swissbau-2026-in-basel\\\/\"},\"author\":{\"name\":\"stefanie Zeng\",\"@id\":\"https:\\\/\\\/news.save.ch\\\/de\\\/#\\\/schema\\\/person\\\/10917387362b3961e882740f6cf6f2a2\"},\"headline\":\"Sicherheitskongress an der Swissbau 2026 in Basel\",\"datePublished\":\"2026-01-06T15:05:00+00:00\",\"mainEntityOfPage\":{\"@id\":\"https:\\\/\\\/news.save.ch\\\/sicherheitskongress-an-der-swissbau-2026-in-basel\\\/\"},\"wordCount\":176,\"publisher\":{\"@id\":\"https:\\\/\\\/news.save.ch\\\/de\\\/#organization\"},\"image\":{\"@id\":\"https:\\\/\\\/news.save.ch\\\/sicherheitskongress-an-der-swissbau-2026-in-basel\\\/#primaryimage\"},\"thumbnailUrl\":\"https:\\\/\\\/news.save.ch\\\/wp-content\\\/uploads\\\/2026\\\/01\\\/Depositphotos_853004048_S-2-680x454.jpg\",\"articleSection\":[\"HEALTH &amp; SAFETY\",\"SICHERHEIT\"],\"inLanguage\":\"it-IT\"},{\"@type\":\"WebPage\",\"@id\":\"https:\\\/\\\/news.save.ch\\\/sicherheitskongress-an-der-swissbau-2026-in-basel\\\/\",\"url\":\"https:\\\/\\\/news.save.ch\\\/sicherheitskongress-an-der-swissbau-2026-in-basel\\\/\",\"name\":\"Sicherheitskongress an der Swissbau 2026 in Basel - Save\",\"isPartOf\":{\"@id\":\"https:\\\/\\\/news.save.ch\\\/de\\\/#website\"},\"primaryImageOfPage\":{\"@id\":\"https:\\\/\\\/news.save.ch\\\/sicherheitskongress-an-der-swissbau-2026-in-basel\\\/#primaryimage\"},\"image\":{\"@id\":\"https:\\\/\\\/news.save.ch\\\/sicherheitskongress-an-der-swissbau-2026-in-basel\\\/#primaryimage\"},\"thumbnailUrl\":\"https:\\\/\\\/news.save.ch\\\/wp-content\\\/uploads\\\/2026\\\/01\\\/Depositphotos_853004048_S-2-680x454.jpg\",\"datePublished\":\"2026-01-06T15:05:00+00:00\",\"breadcrumb\":{\"@id\":\"https:\\\/\\\/news.save.ch\\\/sicherheitskongress-an-der-swissbau-2026-in-basel\\\/#breadcrumb\"},\"inLanguage\":\"it-IT\",\"potentialAction\":[{\"@type\":\"ReadAction\",\"target\":[\"https:\\\/\\\/news.save.ch\\\/sicherheitskongress-an-der-swissbau-2026-in-basel\\\/\"]}]},{\"@type\":\"ImageObject\",\"inLanguage\":\"it-IT\",\"@id\":\"https:\\\/\\\/news.save.ch\\\/sicherheitskongress-an-der-swissbau-2026-in-basel\\\/#primaryimage\",\"url\":\"https:\\\/\\\/news.save.ch\\\/wp-content\\\/uploads\\\/2026\\\/01\\\/Depositphotos_853004048_S-2-680x454.jpg\",\"contentUrl\":\"https:\\\/\\\/news.save.ch\\\/wp-content\\\/uploads\\\/2026\\\/01\\\/Depositphotos_853004048_S-2-680x454.jpg\"},{\"@type\":\"BreadcrumbList\",\"@id\":\"https:\\\/\\\/news.save.ch\\\/sicherheitskongress-an-der-swissbau-2026-in-basel\\\/#breadcrumb\",\"itemListElement\":[{\"@type\":\"ListItem\",\"position\":1,\"name\":\"Home\",\"item\":\"https:\\\/\\\/news.save.ch\\\/de\\\/\"},{\"@type\":\"ListItem\",\"position\":2,\"name\":\"Sicherheitskongress an der Swissbau 2026 in Basel\"}]},{\"@type\":\"WebSite\",\"@id\":\"https:\\\/\\\/news.save.ch\\\/de\\\/#website\",\"url\":\"https:\\\/\\\/news.save.ch\\\/de\\\/\",\"name\":\"Save\",\"description\":\"Schweizer Fachzeitschrift f\u00fcr Sicherheit\",\"publisher\":{\"@id\":\"https:\\\/\\\/news.save.ch\\\/de\\\/#organization\"},\"potentialAction\":[{\"@type\":\"SearchAction\",\"target\":{\"@type\":\"EntryPoint\",\"urlTemplate\":\"https:\\\/\\\/news.save.ch\\\/de\\\/?s={search_term_string}\"},\"query-input\":{\"@type\":\"PropertyValueSpecification\",\"valueRequired\":true,\"valueName\":\"search_term_string\"}}],\"inLanguage\":\"it-IT\"},{\"@type\":\"Organization\",\"@id\":\"https:\\\/\\\/news.save.ch\\\/de\\\/#organization\",\"name\":\"Sicherheitsforum\",\"url\":\"https:\\\/\\\/news.save.ch\\\/de\\\/\",\"logo\":{\"@type\":\"ImageObject\",\"inLanguage\":\"it-IT\",\"@id\":\"https:\\\/\\\/news.save.ch\\\/de\\\/#\\\/schema\\\/logo\\\/image\\\/\",\"url\":\"https:\\\/\\\/news.save.ch\\\/wp-content\\\/uploads\\\/2022\\\/06\\\/Logo_SF_2012.png\",\"contentUrl\":\"https:\\\/\\\/news.save.ch\\\/wp-content\\\/uploads\\\/2022\\\/06\\\/Logo_SF_2012.png\",\"width\":1100,\"height\":91,\"caption\":\"Sicherheitsforum\"},\"image\":{\"@id\":\"https:\\\/\\\/news.save.ch\\\/de\\\/#\\\/schema\\\/logo\\\/image\\\/\"}},{\"@type\":\"Person\",\"@id\":\"https:\\\/\\\/news.save.ch\\\/de\\\/#\\\/schema\\\/person\\\/10917387362b3961e882740f6cf6f2a2\",\"name\":\"stefanie Zeng\",\"image\":{\"@type\":\"ImageObject\",\"inLanguage\":\"it-IT\",\"@id\":\"https:\\\/\\\/secure.gravatar.com\\\/avatar\\\/eac43faa6e40bb2c41068c95c9d78bbd94c476d5efdff7abaab80bb3ea681e06?s=96&d=mm&r=g\",\"url\":\"https:\\\/\\\/secure.gravatar.com\\\/avatar\\\/eac43faa6e40bb2c41068c95c9d78bbd94c476d5efdff7abaab80bb3ea681e06?s=96&d=mm&r=g\",\"contentUrl\":\"https:\\\/\\\/secure.gravatar.com\\\/avatar\\\/eac43faa6e40bb2c41068c95c9d78bbd94c476d5efdff7abaab80bb3ea681e06?s=96&d=mm&r=g\",\"caption\":\"stefanie Zeng\"},\"url\":\"https:\\\/\\\/news.save.ch\\\/it\\\/author\\\/stefanie-zeng\\\/\"}]}<\/script>\n<!-- \/ Yoast SEO plugin. -->","yoast_head_json":{"title":"Congresso sulla sicurezza alla Swissbau 2026 di Basilea - Save","robots":{"index":"index","follow":"follow","max-snippet":"max-snippet:-1","max-image-preview":"max-image-preview:large","max-video-preview":"max-video-preview:-1"},"canonical":"https:\/\/news.save.ch\/it\/sicherheitskongress-an-der-swissbau-2026-in-basel\/","og_locale":"it_IT","og_type":"article","og_title":"Sicherheitskongress an der Swissbau 2026 in Basel - Save","og_description":"&nbsp; In zwei Wochen geht in Basel die Swissbau 2026 \u00fcber die B\u00fchne. Vom 20. bis 24. Januar dreht sich alles um die Bau- und Immobilienwirtschaft in der Schweiz. Als Mehrbranchenmesse sowie fach\u00fcbergreifende Veranstaltungs- und Netzwerk-Plattform bringt sie alle Fachexpertinnen und Entscheidungstr\u00e4ger entlang des Lebenszyklus einer Immobilie zusammen. Parallel zur alle zwei Jahre stattfindenden Messe [&hellip;]","og_url":"https:\/\/news.save.ch\/it\/sicherheitskongress-an-der-swissbau-2026-in-basel\/","og_site_name":"Save","article_published_time":"2026-01-06T15:05:00+00:00","og_image":[{"width":1000,"height":667,"url":"https:\/\/news.save.ch\/wp-content\/uploads\/2026\/01\/Depositphotos_853004048_S-2.jpg","type":"image\/jpeg"}],"author":"stefanie Zeng","twitter_card":"summary_large_image","twitter_misc":{"Scritto da":"stefanie Zeng","Tempo di lettura stimato":"2 minuti"},"schema":{"@context":"https:\/\/schema.org","@graph":[{"@type":"Article","@id":"https:\/\/news.save.ch\/sicherheitskongress-an-der-swissbau-2026-in-basel\/#article","isPartOf":{"@id":"https:\/\/news.save.ch\/sicherheitskongress-an-der-swissbau-2026-in-basel\/"},"author":{"name":"stefanie Zeng","@id":"https:\/\/news.save.ch\/de\/#\/schema\/person\/10917387362b3961e882740f6cf6f2a2"},"headline":"Sicherheitskongress an der Swissbau 2026 in Basel","datePublished":"2026-01-06T15:05:00+00:00","mainEntityOfPage":{"@id":"https:\/\/news.save.ch\/sicherheitskongress-an-der-swissbau-2026-in-basel\/"},"wordCount":176,"publisher":{"@id":"https:\/\/news.save.ch\/de\/#organization"},"image":{"@id":"https:\/\/news.save.ch\/sicherheitskongress-an-der-swissbau-2026-in-basel\/#primaryimage"},"thumbnailUrl":"https:\/\/news.save.ch\/wp-content\/uploads\/2026\/01\/Depositphotos_853004048_S-2-680x454.jpg","articleSection":["HEALTH &amp; SAFETY","SICHERHEIT"],"inLanguage":"it-IT"},{"@type":"WebPage","@id":"https:\/\/news.save.ch\/sicherheitskongress-an-der-swissbau-2026-in-basel\/","url":"https:\/\/news.save.ch\/sicherheitskongress-an-der-swissbau-2026-in-basel\/","name":"Congresso sulla sicurezza alla Swissbau 2026 di Basilea - Save","isPartOf":{"@id":"https:\/\/news.save.ch\/de\/#website"},"primaryImageOfPage":{"@id":"https:\/\/news.save.ch\/sicherheitskongress-an-der-swissbau-2026-in-basel\/#primaryimage"},"image":{"@id":"https:\/\/news.save.ch\/sicherheitskongress-an-der-swissbau-2026-in-basel\/#primaryimage"},"thumbnailUrl":"https:\/\/news.save.ch\/wp-content\/uploads\/2026\/01\/Depositphotos_853004048_S-2-680x454.jpg","datePublished":"2026-01-06T15:05:00+00:00","breadcrumb":{"@id":"https:\/\/news.save.ch\/sicherheitskongress-an-der-swissbau-2026-in-basel\/#breadcrumb"},"inLanguage":"it-IT","potentialAction":[{"@type":"ReadAction","target":["https:\/\/news.save.ch\/sicherheitskongress-an-der-swissbau-2026-in-basel\/"]}]},{"@type":"ImageObject","inLanguage":"it-IT","@id":"https:\/\/news.save.ch\/sicherheitskongress-an-der-swissbau-2026-in-basel\/#primaryimage","url":"https:\/\/news.save.ch\/wp-content\/uploads\/2026\/01\/Depositphotos_853004048_S-2-680x454.jpg","contentUrl":"https:\/\/news.save.ch\/wp-content\/uploads\/2026\/01\/Depositphotos_853004048_S-2-680x454.jpg"},{"@type":"BreadcrumbList","@id":"https:\/\/news.save.ch\/sicherheitskongress-an-der-swissbau-2026-in-basel\/#breadcrumb","itemListElement":[{"@type":"ListItem","position":1,"name":"Home","item":"https:\/\/news.save.ch\/de\/"},{"@type":"ListItem","position":2,"name":"Sicherheitskongress an der Swissbau 2026 in Basel"}]},{"@type":"WebSite","@id":"https:\/\/news.save.ch\/de\/#website","url":"https:\/\/news.save.ch\/de\/","name":"Risparmiare","description":"Rivista svizzera specializzata in sicurezza","publisher":{"@id":"https:\/\/news.save.ch\/de\/#organization"},"potentialAction":[{"@type":"SearchAction","target":{"@type":"EntryPoint","urlTemplate":"https:\/\/news.save.ch\/de\/?s={search_term_string}"},"query-input":{"@type":"PropertyValueSpecification","valueRequired":true,"valueName":"search_term_string"}}],"inLanguage":"it-IT"},{"@type":"Organization","@id":"https:\/\/news.save.ch\/de\/#organization","name":"Forum sulla sicurezza","url":"https:\/\/news.save.ch\/de\/","logo":{"@type":"ImageObject","inLanguage":"it-IT","@id":"https:\/\/news.save.ch\/de\/#\/schema\/logo\/image\/","url":"https:\/\/news.save.ch\/wp-content\/uploads\/2022\/06\/Logo_SF_2012.png","contentUrl":"https:\/\/news.save.ch\/wp-content\/uploads\/2022\/06\/Logo_SF_2012.png","width":1100,"height":91,"caption":"Sicherheitsforum"},"image":{"@id":"https:\/\/news.save.ch\/de\/#\/schema\/logo\/image\/"}},{"@type":"Person","@id":"https:\/\/news.save.ch\/de\/#\/schema\/person\/10917387362b3961e882740f6cf6f2a2","name":"Stefanie Zeng","image":{"@type":"ImageObject","inLanguage":"it-IT","@id":"https:\/\/secure.gravatar.com\/avatar\/eac43faa6e40bb2c41068c95c9d78bbd94c476d5efdff7abaab80bb3ea681e06?s=96&d=mm&r=g","url":"https:\/\/secure.gravatar.com\/avatar\/eac43faa6e40bb2c41068c95c9d78bbd94c476d5efdff7abaab80bb3ea681e06?s=96&d=mm&r=g","contentUrl":"https:\/\/secure.gravatar.com\/avatar\/eac43faa6e40bb2c41068c95c9d78bbd94c476d5efdff7abaab80bb3ea681e06?s=96&d=mm&r=g","caption":"stefanie Zeng"},"url":"https:\/\/news.save.ch\/it\/author\/stefanie-zeng\/"}]}},"_links":{"self":[{"href":"https:\/\/news.save.ch\/it\/wp-json\/wp\/v2\/posts\/24851","targetHints":{"allow":["GET"]}}],"collection":[{"href":"https:\/\/news.save.ch\/it\/wp-json\/wp\/v2\/posts"}],"about":[{"href":"https:\/\/news.save.ch\/it\/wp-json\/wp\/v2\/types\/post"}],"author":[{"embeddable":true,"href":"https:\/\/news.save.ch\/it\/wp-json\/wp\/v2\/users\/31"}],"replies":[{"embeddable":true,"href":"https:\/\/news.save.ch\/it\/wp-json\/wp\/v2\/comments?post=24851"}],"version-history":[{"count":2,"href":"https:\/\/news.save.ch\/it\/wp-json\/wp\/v2\/posts\/24851\/revisions"}],"predecessor-version":[{"id":24856,"href":"https:\/\/news.save.ch\/it\/wp-json\/wp\/v2\/posts\/24851\/revisions\/24856"}],"wp:attachment":[{"href":"https:\/\/news.save.ch\/it\/wp-json\/wp\/v2\/media?parent=24851"}],"wp:term":[{"taxonomy":"category","embeddable":true,"href":"https:\/\/news.save.ch\/it\/wp-json\/wp\/v2\/categories?post=24851"},{"taxonomy":"post_tag","embeddable":true,"href":"https:\/\/news.save.ch\/it\/wp-json\/wp\/v2\/tags?post=24851"}],"curies":[{"name":"wp","href":"https:\/\/api.w.org\/{rel}","templated":true}]}}