{"id":24876,"date":"2026-01-15T11:44:19","date_gmt":"2026-01-15T10:44:19","guid":{"rendered":"https:\/\/news.save.ch\/?p=24876"},"modified":"2026-01-15T11:44:19","modified_gmt":"2026-01-15T10:44:19","slug":"allianz-risk-barometer-cyber-bleibt-weltweit-top-risiko-waehrend-ki-risiken-auf-platz-2-springen","status":null,"type":"post","link":"https:\/\/news.save.ch\/it\/allianz-risk-barometer-cyber-bleibt-weltweit-top-risiko-waehrend-ki-risiken-auf-platz-2-springen\/","title":{"rendered":"Barometro del rischio Allianz: Il cyber rimane il rischio principale a livello mondiale, mentre i rischi legati all'intelligenza artificiale balzano al secondo posto"},"content":{"rendered":"<figure id=\"attachment_24877\" aria-describedby=\"caption-attachment-24877\" style=\"width: 680px\" class=\"wp-caption alignnone\"><img loading=\"lazy\" decoding=\"async\" class=\"size-medium wp-image-24877\" src=\"https:\/\/news.save.ch\/wp-content\/uploads\/2026\/01\/Depositphotos_619983038_S-680x454.jpg\" alt=\"\" width=\"680\" height=\"454\" srcset=\"https:\/\/news.save.ch\/wp-content\/uploads\/2026\/01\/Depositphotos_619983038_S-680x454.jpg 680w, https:\/\/news.save.ch\/wp-content\/uploads\/2026\/01\/Depositphotos_619983038_S-768x512.jpg 768w, https:\/\/news.save.ch\/wp-content\/uploads\/2026\/01\/Depositphotos_619983038_S-18x12.jpg 18w, https:\/\/news.save.ch\/wp-content\/uploads\/2026\/01\/Depositphotos_619983038_S-375x250.jpg 375w, https:\/\/news.save.ch\/wp-content\/uploads\/2026\/01\/Depositphotos_619983038_S-525x350.jpg 525w, https:\/\/news.save.ch\/wp-content\/uploads\/2026\/01\/Depositphotos_619983038_S.jpg 1000w\" sizes=\"auto, (max-width: 680px) 100vw, 680px\" \/><figcaption id=\"caption-attachment-24877\" class=\"wp-caption-text\">Immagine: Depositphotos\/PeopleImages.com<\/figcaption><\/figure>\n<p>Al sondaggio hanno partecipato in totale 3338 persone provenienti da 97 Paesi.<\/p>\n<p class=\"p4\">Al terzo posto a livello mondiale ci sono le catastrofi naturali (CH: 6), mentre in Svizzera, al quarto posto, i cambiamenti legislativi e normativi continuano a creare problemi alle aziende. <b><\/b><\/p>\n<p class=\"p4\">Gli incidenti informatici hanno fatto notizia nel 2025 e, secondo il <span class=\"s2\">Barometro del rischio Allianz <\/span>rimarr\u00e0 la principale preoccupazione per le aziende di tutto il mondo nel 2026. L'anno scorso \u00e8 stato un anno significativo anche per l'intelligenza artificiale (AI). Il fatto che questo rischio sia arrivato al secondo posto della classifica e abbia fatto il salto maggiore (CH: 2\u00b0 posto) sottolinea la complessit\u00e0 dell'IA come rischio operativo e legale, ma anche come minaccia alla reputazione delle aziende. Tuttavia, quasi la met\u00e0 degli intervistati ritiene che l'IA porti pi\u00f9 benefici che rischi al proprio settore.<\/p>\n<p class=\"p4\">Un quinto \u00e8 di parere opposto. Per la prima volta, l'interruzione dell'attivit\u00e0 (BI) non \u00e8 pi\u00f9 uno dei due rischi principali, scendendo al terzo posto (CH: terzo posto). Tuttavia, l'interruzione dell'attivit\u00e0 rimane un tema importante, poich\u00e9 spesso \u00e8 una conseguenza di altri rischi presenti nella top 10 globale.<\/p>\n<p class=\"p4\">Grazie a fattori quali una stagione degli uragani pi\u00f9 tranquilla nel 2025, le catastrofi naturali scendono al 5\u00b0 posto (CH: 6\u00b0) rispetto all'anno precedente. Nel frattempo, i rischi politici e la violenza salgono dal 9\u00b0 al 7\u00b0 posto (CH: 9\u00b0). Il motivo principale \u00e8 la crescente preoccupazione per l'instabilit\u00e0 geopolitica e i conflitti nel mondo. \u00c8 interessante notare che l'anno scorso questo rischio non era entrato nella top 10 dei rischi in Svizzera.<\/p>\n<p>&nbsp;<\/p>\n<figure id=\"attachment_24878\" aria-describedby=\"caption-attachment-24878\" style=\"width: 640px\" class=\"wp-caption alignnone\"><img loading=\"lazy\" decoding=\"async\" class=\"wp-image-24878 size-full\" src=\"https:\/\/news.save.ch\/wp-content\/uploads\/2026\/01\/20260114_MedienmitteilungAllianzRiskBarometer-e1768473536160.jpeg\" alt=\"\" width=\"640\" height=\"460\" srcset=\"https:\/\/news.save.ch\/wp-content\/uploads\/2026\/01\/20260114_MedienmitteilungAllianzRiskBarometer-e1768473536160.jpeg 640w, https:\/\/news.save.ch\/wp-content\/uploads\/2026\/01\/20260114_MedienmitteilungAllianzRiskBarometer-e1768473536160-18x12.jpeg 18w, https:\/\/news.save.ch\/wp-content\/uploads\/2026\/01\/20260114_MedienmitteilungAllianzRiskBarometer-e1768473536160-375x270.jpeg 375w, https:\/\/news.save.ch\/wp-content\/uploads\/2026\/01\/20260114_MedienmitteilungAllianzRiskBarometer-e1768473536160-487x350.jpeg 487w\" sizes=\"auto, (max-width: 640px) 100vw, 640px\" \/><figcaption id=\"caption-attachment-24878\" class=\"wp-caption-text\">I numeri indicano la frequenza con cui un rischio \u00e8 stato selezionato in percentuale rispetto a tutte le risposte per il rispettivo Paese. La somma dei numeri non corrisponde a 100%, poich\u00e9 in ogni caso potevano essere selezionati fino a 3 rischi. (Fonte: Allianz Commercial)<\/figcaption><\/figure>\n<p class=\"p4\">Thomas Lillelund, CEO di Allianz Commercial, commenta: \u00abIl 2025 \u00e8 stato caratterizzato da volatilit\u00e0 e incertezza. Quest'anno le aziende continuano a confrontarsi con un ambiente in rapida evoluzione, caratterizzato da rischi interconnessi e altamente complessi. Considerata la continua ascesa dell'IA nella societ\u00e0 e nelle imprese, non sorprende che essa figuri in primo piano nel Barometro dei rischi di Allianz. L'IA non solo porta con s\u00e9 enormi opportunit\u00e0, ma sta anche cambiando il panorama dei rischi a causa del suo potenziale di trasformazione e del suo rapido sviluppo e diffusione. Accanto ad altre minacce pi\u00f9 consolidate, sta quindi diventando un tema di primo piano per le aziende di tutte le dimensioni in tutto il mondo\u00bb.\u00bb<\/p>\n<h3 class=\"p4\"><b>I rischi informatici sono di gran lunga la sfida pi\u00f9 grande per le aziende <\/b><\/h3>\n<p class=\"p4\">Nel 2026, per il quinto anno consecutivo, gli incidenti informatici saranno il rischio maggiore a livello mondiale. Il 42% degli intervistati in tutto il mondo considera il cyber-incidente come il rischio principale. Si tratta della cifra pi\u00f9 alta mai raggiunta. Il cyber \u00e8 anche dieci punti percentuali avanti rispetto al secondo rischio pi\u00f9 grande, che \u00e8 il 32%. I rischi informatici sono al primo posto in tutte le regioni del mondo (America, Asia-Pacifico, Europa, Africa e Medio Oriente). Il mantenimento della prima posizione nel Barometro dei rischi di Allianz riflette la crescente dipendenza dalla tecnologia digitale in un momento in cui il <span class=\"s2\">Il panorama delle minacce informatiche <\/span>e l'ambiente geopolitico e normativo stanno cambiando rapidamente. I recenti attacchi informatici di alto profilo sottolineano la continua minaccia per le aziende di tutte le dimensioni. Le piccole e medie imprese sono sempre pi\u00f9 bersaglio dei criminali, soprattutto a causa della mancanza di risorse per la sicurezza informatica, e sono sottoposte a una forte pressione.<\/p>\n<p class=\"p4\">\u00abGli investimenti fatti dalle grandi aziende in sicurezza informatica e resilienza hanno dato i loro frutti e garantiscono la capacit\u00e0 di riconoscere e rispondere agli attacchi in una fase precoce. Tuttavia, i rischi informatici sono in continua evoluzione. Le organizzazioni fanno sempre pi\u00f9 affidamento su fornitori terzi per i dati e i servizi critici, mentre l'intelligenza artificiale sta amplificando le minacce, aumentando la superficie di attacco e aggravando le vulnerabilit\u00e0 esistenti\u00bb, spiega Michael Bruch, Global Head of Risk Consulting Advisory Services di Allianz Commercial.<\/p>\n<h3 class=\"p4\">L'intelligenza artificiale crea nuove opportunit\u00e0 e rischi<\/h3>\n<p class=\"p4\">L'IA \u00e8 salita al primo posto tra i rischi aziendali globali e si trova al secondo posto nel 2026 (32%) rispetto al decimo posto dell'anno precedente. Si tratta del salto maggiore nella classifica di quest'anno. L'IA \u00e8 un fattore importante in tutte le regioni - al secondo posto nelle Americhe, nell'Asia-Pacifico, in Africa e in Medio Oriente e al terzo posto in Europa - ed \u00e8 anche un rischio crescente per le aziende di tutte le dimensioni. \u00c8 entrato nella top 3 per le grandi, medie e piccole imprese. Con l'accelerazione dell'adozione dell'IA e l'integrazione della tecnologia nel core business, gli intervistati prevedono un aumento dei rischi legati all'IA, in particolare per quanto riguarda le questioni di responsabilit\u00e0. La rapida diffusione dei sistemi generativi di IA e il loro crescente utilizzo nella pratica hanno aumentato la consapevolezza della misura in cui le aziende sono esposte a questi rischi.<\/p>\n<p class=\"p4\">\u00abLe aziende vedono sempre pi\u00f9 spesso l'IA non solo come una potente opportunit\u00e0 strategica, ma anche come una complessa fonte di rischio operativo, legale e reputazionale. In molti casi, l'adozione sta progredendo pi\u00f9 velocemente di quanto la governance, la regolamentazione e la cultura aziendale possano tenere il passo\u00bb, afferma Ludovic Subran, Chief Economist di Allianz. \u00abNel 2026, sempre pi\u00f9 aziende cercheranno di espandere l'uso dell'IA. Si troveranno sempre pi\u00f9 spesso ad affrontare problemi legati all'affidabilit\u00e0 dei sistemi, alla qualit\u00e0 dei dati, agli ostacoli all'integrazione e alla mancanza di specialisti qualificati. Allo stesso tempo, sorgeranno nuovi rischi di responsabilit\u00e0 in relazione ai processi decisionali automatizzati, ai modelli distorti o discriminatori, all'uso improprio della propriet\u00e0 intellettuale e all'incertezza su chi sia responsabile se i risultati generati dall'IA causano danni.\u00bb<\/p>\n<h3 class=\"p4\"><b>Interruzioni dell'attivit\u00e0 strettamente legate ai rischi geopolitici <\/b><\/h3>\n<p class=\"p4\">Il 2025 ha segnato una svolta verso politiche commerciali protezionistiche e guerre commerciali che hanno messo in crisi l'economia globale. \u00c8 stato anche un anno di conflitti regionali in Medio Oriente e della guerra in corso in Ucraina. Ci sono state anche dispute di confine tra India e Pakistan, tra Thailandia e Cambogia e guerre civili in Africa - una tendenza che continuer\u00e0 nel 2026 con l'intervento degli Stati Uniti in Venezuela. I rischi geopolitici stanno esercitando una pressione crescente sulle catene di approvvigionamento, ma nonostante l'aumento dei rischi, solo il 3% degli intervistati dall'Allianz Risk Barometer giudica le proprie catene di approvvigionamento molto resilienti. Solo nell'ultimo anno, le restrizioni commerciali sono triplicate e colpiscono merci per un valore stimato di <span class=\"s2\">2,7 trilioni di dollari USA <\/span>- secondo Allianz Trade, quasi il 20% delle importazioni globali. Ci\u00f2 spinge le aziende a perseguire tendenze come il friendshoring e la regionalizzazione. Questi sviluppi portano a un'elevata percezione del rischio: il 29% degli intervistati considera le interruzioni dell'attivit\u00e0 come il rischio maggiore. Il 29% degli intervistati ritiene che le interruzioni dell'attivit\u00e0 siano il rischio maggiore e si colloca al terzo posto nella classifica, rispetto al secondo posto dell'anno precedente.<\/p>\n<p class=\"p4\">Data l'attuale situazione geopolitica, non sorprende che i rischi politici e la violenza siano saliti di due posizioni, raggiungendo il 7\u00b0 posto - la posizione pi\u00f9 alta dal lancio del Barometro dei rischi. Il rischio strettamente correlato di cambiamenti legislativi e normativi - comprese le tariffe commerciali - si colloca al quarto posto a livello globale, invariato rispetto all'anno precedente, ma con un aumento della percentuale di intervistati che riflette le preoccupazioni per il crescente protezionismo. Infatti, il 51% degli intervistati ritiene che la paralisi delle catene di approvvigionamento globali a causa di conflitti geopolitici sia lo scenario \u00abblackswan\u00bb pi\u00f9 probabile che potrebbe verificarsi nei prossimi cinque anni.<\/p>\n<p>&nbsp;<\/p>","protected":false},"excerpt":{"rendered":"<p>An der Befragung nahmen\u00a0 3338 Personen aus 97 L\u00e4ndern teil. Auf Platz 3 weltweit stehen Naturkatastrophen (CH: 6), w\u00e4hrend in der Schweiz auf Platz 4 \u00c4nderungen in Gesetzgebung und Regulierung den Unternehmen noch immer Kopfzerbrechen bereiten. Cybervorf\u00e4lle sorgten 2025 f\u00fcr zahlreiche Schlagzeilen und sind laut dem Allianz Risk Barometer auch 2026 weltweit die gr\u00f6sste Sorge [&hellip;]<\/p>\n","protected":false},"author":31,"featured_media":0,"comment_status":"closed","ping_status":"closed","sticky":false,"template":"","format":"standard","meta":{"_acf_changed":false,"pgc_sgb_lightbox_settings":"","footnotes":""},"categories":[3312],"tags":[],"class_list":["post-24876","post","type-post","status-publish","format-standard","hentry","category-sicherheit"],"acf":[],"hkrextid":null,"publication":null,"issue":null,"workflow":null,"startPage":null,"spitzmarke":null,"_posts_by_tag_page_fields":null,"_at_widget":null,"_yoast_wpseo_primary_category":"3312","_yoast_wpseo_focuskw_text_input":null,"_yoast_wpseo_opengraph-image":null,"_yoast_wpseo_opengraph-description":null,"_yoast_wpseo_opengraph-title":null,"enclosure":null,"_yoast_wpseo_twitter-title":null,"_yoast_wpseo_twitter-description":null,"_yoast_wpseo_twitter-image":null,"_wp_old_slug":null,"_yoast_wpseo_title":null,"_yoast_wpseo_canonical":null,"yoast_head":"<!-- This site is optimized with the Yoast SEO plugin v27.4 - https:\/\/yoast.com\/product\/yoast-seo-wordpress\/ -->\n<title>Allianz Risk Barometer: Cyber bleibt weltweit Top-Risiko, w\u00e4hrend KI-Risiken auf Platz 2 springen - Save<\/title>\n<meta name=\"description\" content=\"15. \u00abAllianz Risk Barometer\u00bb: Cybervorf\u00e4lle und Betriebsunterbrechungen liegen auf Platz 1 und 3.\" \/>\n<meta name=\"robots\" content=\"index, follow, max-snippet:-1, max-image-preview:large, max-video-preview:-1\" \/>\n<link rel=\"canonical\" href=\"https:\/\/news.save.ch\/it\/allianz-risk-barometer-cyber-bleibt-weltweit-top-risiko-waehrend-ki-risiken-auf-platz-2-springen\/\" \/>\n<meta property=\"og:locale\" content=\"it_IT\" \/>\n<meta property=\"og:type\" content=\"article\" \/>\n<meta property=\"og:title\" content=\"Allianz Risk Barometer: Cyber bleibt weltweit Top-Risiko, w\u00e4hrend KI-Risiken auf Platz 2 springen - Save\" \/>\n<meta property=\"og:description\" content=\"15. \u00abAllianz Risk Barometer\u00bb: Cybervorf\u00e4lle und Betriebsunterbrechungen liegen auf Platz 1 und 3.\" \/>\n<meta property=\"og:url\" content=\"https:\/\/news.save.ch\/it\/allianz-risk-barometer-cyber-bleibt-weltweit-top-risiko-waehrend-ki-risiken-auf-platz-2-springen\/\" \/>\n<meta property=\"og:site_name\" content=\"Save\" \/>\n<meta property=\"article:published_time\" content=\"2026-01-15T10:44:19+00:00\" \/>\n<meta property=\"og:image\" content=\"https:\/\/news.save.ch\/wp-content\/uploads\/2026\/01\/Depositphotos_619983038_S.jpg\" \/>\n\t<meta property=\"og:image:width\" content=\"1000\" \/>\n\t<meta property=\"og:image:height\" content=\"667\" \/>\n\t<meta property=\"og:image:type\" content=\"image\/jpeg\" \/>\n<meta name=\"author\" content=\"stefanie Zeng\" \/>\n<meta name=\"twitter:card\" content=\"summary_large_image\" \/>\n<meta name=\"twitter:label1\" content=\"Scritto da\" \/>\n\t<meta name=\"twitter:data1\" content=\"stefanie Zeng\" \/>\n\t<meta name=\"twitter:label2\" content=\"Tempo di lettura stimato\" \/>\n\t<meta name=\"twitter:data2\" content=\"7 minuti\" \/>\n<script type=\"application\/ld+json\" class=\"yoast-schema-graph\">{\"@context\":\"https:\\\/\\\/schema.org\",\"@graph\":[{\"@type\":\"Article\",\"@id\":\"https:\\\/\\\/news.save.ch\\\/allianz-risk-barometer-cyber-bleibt-weltweit-top-risiko-waehrend-ki-risiken-auf-platz-2-springen\\\/#article\",\"isPartOf\":{\"@id\":\"https:\\\/\\\/news.save.ch\\\/allianz-risk-barometer-cyber-bleibt-weltweit-top-risiko-waehrend-ki-risiken-auf-platz-2-springen\\\/\"},\"author\":{\"name\":\"stefanie Zeng\",\"@id\":\"https:\\\/\\\/news.save.ch\\\/de\\\/#\\\/schema\\\/person\\\/10917387362b3961e882740f6cf6f2a2\"},\"headline\":\"Allianz Risk Barometer: Cyber bleibt weltweit Top-Risiko, w\u00e4hrend KI-Risiken auf Platz 2 springen\",\"datePublished\":\"2026-01-15T10:44:19+00:00\",\"mainEntityOfPage\":{\"@id\":\"https:\\\/\\\/news.save.ch\\\/allianz-risk-barometer-cyber-bleibt-weltweit-top-risiko-waehrend-ki-risiken-auf-platz-2-springen\\\/\"},\"wordCount\":1160,\"publisher\":{\"@id\":\"https:\\\/\\\/news.save.ch\\\/de\\\/#organization\"},\"image\":{\"@id\":\"https:\\\/\\\/news.save.ch\\\/allianz-risk-barometer-cyber-bleibt-weltweit-top-risiko-waehrend-ki-risiken-auf-platz-2-springen\\\/#primaryimage\"},\"thumbnailUrl\":\"https:\\\/\\\/news.save.ch\\\/wp-content\\\/uploads\\\/2026\\\/01\\\/Depositphotos_619983038_S-680x454.jpg\",\"articleSection\":[\"SICHERHEIT\"],\"inLanguage\":\"it-IT\"},{\"@type\":\"WebPage\",\"@id\":\"https:\\\/\\\/news.save.ch\\\/allianz-risk-barometer-cyber-bleibt-weltweit-top-risiko-waehrend-ki-risiken-auf-platz-2-springen\\\/\",\"url\":\"https:\\\/\\\/news.save.ch\\\/allianz-risk-barometer-cyber-bleibt-weltweit-top-risiko-waehrend-ki-risiken-auf-platz-2-springen\\\/\",\"name\":\"Allianz Risk Barometer: Cyber bleibt weltweit Top-Risiko, w\u00e4hrend KI-Risiken auf Platz 2 springen - Save\",\"isPartOf\":{\"@id\":\"https:\\\/\\\/news.save.ch\\\/de\\\/#website\"},\"primaryImageOfPage\":{\"@id\":\"https:\\\/\\\/news.save.ch\\\/allianz-risk-barometer-cyber-bleibt-weltweit-top-risiko-waehrend-ki-risiken-auf-platz-2-springen\\\/#primaryimage\"},\"image\":{\"@id\":\"https:\\\/\\\/news.save.ch\\\/allianz-risk-barometer-cyber-bleibt-weltweit-top-risiko-waehrend-ki-risiken-auf-platz-2-springen\\\/#primaryimage\"},\"thumbnailUrl\":\"https:\\\/\\\/news.save.ch\\\/wp-content\\\/uploads\\\/2026\\\/01\\\/Depositphotos_619983038_S-680x454.jpg\",\"datePublished\":\"2026-01-15T10:44:19+00:00\",\"description\":\"15. \u00abAllianz Risk Barometer\u00bb: Cybervorf\u00e4lle und Betriebsunterbrechungen liegen auf Platz 1 und 3.\",\"breadcrumb\":{\"@id\":\"https:\\\/\\\/news.save.ch\\\/allianz-risk-barometer-cyber-bleibt-weltweit-top-risiko-waehrend-ki-risiken-auf-platz-2-springen\\\/#breadcrumb\"},\"inLanguage\":\"it-IT\",\"potentialAction\":[{\"@type\":\"ReadAction\",\"target\":[\"https:\\\/\\\/news.save.ch\\\/allianz-risk-barometer-cyber-bleibt-weltweit-top-risiko-waehrend-ki-risiken-auf-platz-2-springen\\\/\"]}]},{\"@type\":\"ImageObject\",\"inLanguage\":\"it-IT\",\"@id\":\"https:\\\/\\\/news.save.ch\\\/allianz-risk-barometer-cyber-bleibt-weltweit-top-risiko-waehrend-ki-risiken-auf-platz-2-springen\\\/#primaryimage\",\"url\":\"https:\\\/\\\/news.save.ch\\\/wp-content\\\/uploads\\\/2026\\\/01\\\/Depositphotos_619983038_S-680x454.jpg\",\"contentUrl\":\"https:\\\/\\\/news.save.ch\\\/wp-content\\\/uploads\\\/2026\\\/01\\\/Depositphotos_619983038_S-680x454.jpg\"},{\"@type\":\"BreadcrumbList\",\"@id\":\"https:\\\/\\\/news.save.ch\\\/allianz-risk-barometer-cyber-bleibt-weltweit-top-risiko-waehrend-ki-risiken-auf-platz-2-springen\\\/#breadcrumb\",\"itemListElement\":[{\"@type\":\"ListItem\",\"position\":1,\"name\":\"Home\",\"item\":\"https:\\\/\\\/news.save.ch\\\/de\\\/\"},{\"@type\":\"ListItem\",\"position\":2,\"name\":\"Allianz Risk Barometer: Cyber bleibt weltweit Top-Risiko, w\u00e4hrend KI-Risiken auf Platz 2 springen\"}]},{\"@type\":\"WebSite\",\"@id\":\"https:\\\/\\\/news.save.ch\\\/de\\\/#website\",\"url\":\"https:\\\/\\\/news.save.ch\\\/de\\\/\",\"name\":\"Save\",\"description\":\"Schweizer Fachzeitschrift f\u00fcr Sicherheit\",\"publisher\":{\"@id\":\"https:\\\/\\\/news.save.ch\\\/de\\\/#organization\"},\"potentialAction\":[{\"@type\":\"SearchAction\",\"target\":{\"@type\":\"EntryPoint\",\"urlTemplate\":\"https:\\\/\\\/news.save.ch\\\/de\\\/?s={search_term_string}\"},\"query-input\":{\"@type\":\"PropertyValueSpecification\",\"valueRequired\":true,\"valueName\":\"search_term_string\"}}],\"inLanguage\":\"it-IT\"},{\"@type\":\"Organization\",\"@id\":\"https:\\\/\\\/news.save.ch\\\/de\\\/#organization\",\"name\":\"Sicherheitsforum\",\"url\":\"https:\\\/\\\/news.save.ch\\\/de\\\/\",\"logo\":{\"@type\":\"ImageObject\",\"inLanguage\":\"it-IT\",\"@id\":\"https:\\\/\\\/news.save.ch\\\/de\\\/#\\\/schema\\\/logo\\\/image\\\/\",\"url\":\"https:\\\/\\\/news.save.ch\\\/wp-content\\\/uploads\\\/2022\\\/06\\\/Logo_SF_2012.png\",\"contentUrl\":\"https:\\\/\\\/news.save.ch\\\/wp-content\\\/uploads\\\/2022\\\/06\\\/Logo_SF_2012.png\",\"width\":1100,\"height\":91,\"caption\":\"Sicherheitsforum\"},\"image\":{\"@id\":\"https:\\\/\\\/news.save.ch\\\/de\\\/#\\\/schema\\\/logo\\\/image\\\/\"}},{\"@type\":\"Person\",\"@id\":\"https:\\\/\\\/news.save.ch\\\/de\\\/#\\\/schema\\\/person\\\/10917387362b3961e882740f6cf6f2a2\",\"name\":\"stefanie Zeng\",\"image\":{\"@type\":\"ImageObject\",\"inLanguage\":\"it-IT\",\"@id\":\"https:\\\/\\\/secure.gravatar.com\\\/avatar\\\/eac43faa6e40bb2c41068c95c9d78bbd94c476d5efdff7abaab80bb3ea681e06?s=96&d=mm&r=g\",\"url\":\"https:\\\/\\\/secure.gravatar.com\\\/avatar\\\/eac43faa6e40bb2c41068c95c9d78bbd94c476d5efdff7abaab80bb3ea681e06?s=96&d=mm&r=g\",\"contentUrl\":\"https:\\\/\\\/secure.gravatar.com\\\/avatar\\\/eac43faa6e40bb2c41068c95c9d78bbd94c476d5efdff7abaab80bb3ea681e06?s=96&d=mm&r=g\",\"caption\":\"stefanie Zeng\"},\"url\":\"https:\\\/\\\/news.save.ch\\\/it\\\/author\\\/stefanie-zeng\\\/\"}]}<\/script>\n<!-- \/ Yoast SEO plugin. -->","yoast_head_json":{"title":"Barometro del rischio Allianz: Il cyber rimane il primo rischio a livello mondiale, mentre i rischi legati all'intelligenza artificiale balzano al secondo posto - Save","description":"15\u00b0 \u00abBarometro del rischio Allianz\u00bb: gli incidenti informatici e le interruzioni dell'attivit\u00e0 sono al primo e al terzo posto.","robots":{"index":"index","follow":"follow","max-snippet":"max-snippet:-1","max-image-preview":"max-image-preview:large","max-video-preview":"max-video-preview:-1"},"canonical":"https:\/\/news.save.ch\/it\/allianz-risk-barometer-cyber-bleibt-weltweit-top-risiko-waehrend-ki-risiken-auf-platz-2-springen\/","og_locale":"it_IT","og_type":"article","og_title":"Allianz Risk Barometer: Cyber bleibt weltweit Top-Risiko, w\u00e4hrend KI-Risiken auf Platz 2 springen - Save","og_description":"15. \u00abAllianz Risk Barometer\u00bb: Cybervorf\u00e4lle und Betriebsunterbrechungen liegen auf Platz 1 und 3.","og_url":"https:\/\/news.save.ch\/it\/allianz-risk-barometer-cyber-bleibt-weltweit-top-risiko-waehrend-ki-risiken-auf-platz-2-springen\/","og_site_name":"Save","article_published_time":"2026-01-15T10:44:19+00:00","og_image":[{"width":1000,"height":667,"url":"https:\/\/news.save.ch\/wp-content\/uploads\/2026\/01\/Depositphotos_619983038_S.jpg","type":"image\/jpeg"}],"author":"stefanie Zeng","twitter_card":"summary_large_image","twitter_misc":{"Scritto da":"stefanie Zeng","Tempo di lettura stimato":"7 minuti"},"schema":{"@context":"https:\/\/schema.org","@graph":[{"@type":"Article","@id":"https:\/\/news.save.ch\/allianz-risk-barometer-cyber-bleibt-weltweit-top-risiko-waehrend-ki-risiken-auf-platz-2-springen\/#article","isPartOf":{"@id":"https:\/\/news.save.ch\/allianz-risk-barometer-cyber-bleibt-weltweit-top-risiko-waehrend-ki-risiken-auf-platz-2-springen\/"},"author":{"name":"stefanie Zeng","@id":"https:\/\/news.save.ch\/de\/#\/schema\/person\/10917387362b3961e882740f6cf6f2a2"},"headline":"Allianz Risk Barometer: Cyber bleibt weltweit Top-Risiko, w\u00e4hrend KI-Risiken auf Platz 2 springen","datePublished":"2026-01-15T10:44:19+00:00","mainEntityOfPage":{"@id":"https:\/\/news.save.ch\/allianz-risk-barometer-cyber-bleibt-weltweit-top-risiko-waehrend-ki-risiken-auf-platz-2-springen\/"},"wordCount":1160,"publisher":{"@id":"https:\/\/news.save.ch\/de\/#organization"},"image":{"@id":"https:\/\/news.save.ch\/allianz-risk-barometer-cyber-bleibt-weltweit-top-risiko-waehrend-ki-risiken-auf-platz-2-springen\/#primaryimage"},"thumbnailUrl":"https:\/\/news.save.ch\/wp-content\/uploads\/2026\/01\/Depositphotos_619983038_S-680x454.jpg","articleSection":["SICHERHEIT"],"inLanguage":"it-IT"},{"@type":"WebPage","@id":"https:\/\/news.save.ch\/allianz-risk-barometer-cyber-bleibt-weltweit-top-risiko-waehrend-ki-risiken-auf-platz-2-springen\/","url":"https:\/\/news.save.ch\/allianz-risk-barometer-cyber-bleibt-weltweit-top-risiko-waehrend-ki-risiken-auf-platz-2-springen\/","name":"Barometro del rischio Allianz: Il cyber rimane il primo rischio a livello mondiale, mentre i rischi legati all'intelligenza artificiale balzano al secondo posto - Save","isPartOf":{"@id":"https:\/\/news.save.ch\/de\/#website"},"primaryImageOfPage":{"@id":"https:\/\/news.save.ch\/allianz-risk-barometer-cyber-bleibt-weltweit-top-risiko-waehrend-ki-risiken-auf-platz-2-springen\/#primaryimage"},"image":{"@id":"https:\/\/news.save.ch\/allianz-risk-barometer-cyber-bleibt-weltweit-top-risiko-waehrend-ki-risiken-auf-platz-2-springen\/#primaryimage"},"thumbnailUrl":"https:\/\/news.save.ch\/wp-content\/uploads\/2026\/01\/Depositphotos_619983038_S-680x454.jpg","datePublished":"2026-01-15T10:44:19+00:00","description":"15\u00b0 \u00abBarometro del rischio Allianz\u00bb: gli incidenti informatici e le interruzioni dell'attivit\u00e0 sono al primo e al terzo posto.","breadcrumb":{"@id":"https:\/\/news.save.ch\/allianz-risk-barometer-cyber-bleibt-weltweit-top-risiko-waehrend-ki-risiken-auf-platz-2-springen\/#breadcrumb"},"inLanguage":"it-IT","potentialAction":[{"@type":"ReadAction","target":["https:\/\/news.save.ch\/allianz-risk-barometer-cyber-bleibt-weltweit-top-risiko-waehrend-ki-risiken-auf-platz-2-springen\/"]}]},{"@type":"ImageObject","inLanguage":"it-IT","@id":"https:\/\/news.save.ch\/allianz-risk-barometer-cyber-bleibt-weltweit-top-risiko-waehrend-ki-risiken-auf-platz-2-springen\/#primaryimage","url":"https:\/\/news.save.ch\/wp-content\/uploads\/2026\/01\/Depositphotos_619983038_S-680x454.jpg","contentUrl":"https:\/\/news.save.ch\/wp-content\/uploads\/2026\/01\/Depositphotos_619983038_S-680x454.jpg"},{"@type":"BreadcrumbList","@id":"https:\/\/news.save.ch\/allianz-risk-barometer-cyber-bleibt-weltweit-top-risiko-waehrend-ki-risiken-auf-platz-2-springen\/#breadcrumb","itemListElement":[{"@type":"ListItem","position":1,"name":"Home","item":"https:\/\/news.save.ch\/de\/"},{"@type":"ListItem","position":2,"name":"Allianz Risk Barometer: Cyber bleibt weltweit Top-Risiko, w\u00e4hrend KI-Risiken auf Platz 2 springen"}]},{"@type":"WebSite","@id":"https:\/\/news.save.ch\/de\/#website","url":"https:\/\/news.save.ch\/de\/","name":"Risparmiare","description":"Rivista svizzera specializzata in sicurezza","publisher":{"@id":"https:\/\/news.save.ch\/de\/#organization"},"potentialAction":[{"@type":"SearchAction","target":{"@type":"EntryPoint","urlTemplate":"https:\/\/news.save.ch\/de\/?s={search_term_string}"},"query-input":{"@type":"PropertyValueSpecification","valueRequired":true,"valueName":"search_term_string"}}],"inLanguage":"it-IT"},{"@type":"Organization","@id":"https:\/\/news.save.ch\/de\/#organization","name":"Forum sulla sicurezza","url":"https:\/\/news.save.ch\/de\/","logo":{"@type":"ImageObject","inLanguage":"it-IT","@id":"https:\/\/news.save.ch\/de\/#\/schema\/logo\/image\/","url":"https:\/\/news.save.ch\/wp-content\/uploads\/2022\/06\/Logo_SF_2012.png","contentUrl":"https:\/\/news.save.ch\/wp-content\/uploads\/2022\/06\/Logo_SF_2012.png","width":1100,"height":91,"caption":"Sicherheitsforum"},"image":{"@id":"https:\/\/news.save.ch\/de\/#\/schema\/logo\/image\/"}},{"@type":"Person","@id":"https:\/\/news.save.ch\/de\/#\/schema\/person\/10917387362b3961e882740f6cf6f2a2","name":"Stefanie Zeng","image":{"@type":"ImageObject","inLanguage":"it-IT","@id":"https:\/\/secure.gravatar.com\/avatar\/eac43faa6e40bb2c41068c95c9d78bbd94c476d5efdff7abaab80bb3ea681e06?s=96&d=mm&r=g","url":"https:\/\/secure.gravatar.com\/avatar\/eac43faa6e40bb2c41068c95c9d78bbd94c476d5efdff7abaab80bb3ea681e06?s=96&d=mm&r=g","contentUrl":"https:\/\/secure.gravatar.com\/avatar\/eac43faa6e40bb2c41068c95c9d78bbd94c476d5efdff7abaab80bb3ea681e06?s=96&d=mm&r=g","caption":"stefanie Zeng"},"url":"https:\/\/news.save.ch\/it\/author\/stefanie-zeng\/"}]}},"_links":{"self":[{"href":"https:\/\/news.save.ch\/it\/wp-json\/wp\/v2\/posts\/24876","targetHints":{"allow":["GET"]}}],"collection":[{"href":"https:\/\/news.save.ch\/it\/wp-json\/wp\/v2\/posts"}],"about":[{"href":"https:\/\/news.save.ch\/it\/wp-json\/wp\/v2\/types\/post"}],"author":[{"embeddable":true,"href":"https:\/\/news.save.ch\/it\/wp-json\/wp\/v2\/users\/31"}],"replies":[{"embeddable":true,"href":"https:\/\/news.save.ch\/it\/wp-json\/wp\/v2\/comments?post=24876"}],"version-history":[{"count":1,"href":"https:\/\/news.save.ch\/it\/wp-json\/wp\/v2\/posts\/24876\/revisions"}],"predecessor-version":[{"id":24879,"href":"https:\/\/news.save.ch\/it\/wp-json\/wp\/v2\/posts\/24876\/revisions\/24879"}],"wp:attachment":[{"href":"https:\/\/news.save.ch\/it\/wp-json\/wp\/v2\/media?parent=24876"}],"wp:term":[{"taxonomy":"category","embeddable":true,"href":"https:\/\/news.save.ch\/it\/wp-json\/wp\/v2\/categories?post=24876"},{"taxonomy":"post_tag","embeddable":true,"href":"https:\/\/news.save.ch\/it\/wp-json\/wp\/v2\/tags?post=24876"}],"curies":[{"name":"wp","href":"https:\/\/api.w.org\/{rel}","templated":true}]}}