{"id":24889,"date":"2026-01-20T09:04:27","date_gmt":"2026-01-20T08:04:27","guid":{"rendered":"https:\/\/news.save.ch\/?p=24889"},"modified":"2026-01-20T09:04:27","modified_gmt":"2026-01-20T08:04:27","slug":"mehr-notrufe-und-einsaetze-fuer-schutz-rettung-im-jahr-2025","status":null,"type":"post","link":"https:\/\/news.save.ch\/it\/mehr-notrufe-und-einsaetze-fuer-schutz-rettung-im-jahr-2025\/","title":{"rendered":"Pi\u00f9 chiamate di emergenza e interventi di protezione e soccorso nel 2025"},"content":{"rendered":"<figure id=\"attachment_24890\" aria-describedby=\"caption-attachment-24890\" style=\"width: 680px\" class=\"wp-caption alignnone\"><img loading=\"lazy\" decoding=\"async\" class=\"size-medium wp-image-24890\" src=\"https:\/\/news.save.ch\/wp-content\/uploads\/2026\/01\/cq5dam.web_.1280.1280-680x454.jpeg\" alt=\"\" width=\"680\" height=\"454\" srcset=\"https:\/\/news.save.ch\/wp-content\/uploads\/2026\/01\/cq5dam.web_.1280.1280-680x454.jpeg 680w, https:\/\/news.save.ch\/wp-content\/uploads\/2026\/01\/cq5dam.web_.1280.1280-1024x683.jpeg 1024w, https:\/\/news.save.ch\/wp-content\/uploads\/2026\/01\/cq5dam.web_.1280.1280-768x512.jpeg 768w, https:\/\/news.save.ch\/wp-content\/uploads\/2026\/01\/cq5dam.web_.1280.1280-18x12.jpeg 18w, https:\/\/news.save.ch\/wp-content\/uploads\/2026\/01\/cq5dam.web_.1280.1280-375x250.jpeg 375w, https:\/\/news.save.ch\/wp-content\/uploads\/2026\/01\/cq5dam.web_.1280.1280-525x350.jpeg 525w, https:\/\/news.save.ch\/wp-content\/uploads\/2026\/01\/cq5dam.web_.1280.1280-1000x667.jpeg 1000w, https:\/\/news.save.ch\/wp-content\/uploads\/2026\/01\/cq5dam.web_.1280.1280.jpeg 1200w\" sizes=\"auto, (max-width: 680px) 100vw, 680px\" \/><figcaption id=\"caption-attachment-24890\" class=\"wp-caption-text\">Immagine: Protezione e soccorso di Zurigo<\/figcaption><\/figure>\n<p>L'anno scorso Schutz &amp; Rettung Z\u00fcrich (SRZ) ha ricevuto 168.379 chiamate (2024: 159.403) ai numeri di emergenza 144 e 118. In media, \u00e8 stata ricevuta una chiamata di emergenza ogni tre minuti. Nell'area di spedizione, che comprende i cantoni di Zurigo, Sciaffusa, Svitto e Zugo, sono state ricevute 141.529 chiamate d'emergenza tramite il numero 144. Il numero di emergenza dei vigili del fuoco 118 \u00e8 stato composto 26.850 volte nel cantone di Zurigo.<\/p>\n<h2><strong>Servizio di soccorso leggermente superiore all'anno precedente<\/strong><\/h2>\n<p>I paramedici della SRZ sono stati chiamati 41.328 volte, quasi l'1% in pi\u00f9 rispetto all'anno precedente. Di questi, 26.365 interventi sono stati effettuati nella citt\u00e0 di Zurigo. Gli altri 10.149 interventi hanno riguardato i 22 comuni contraenti e l'aeroporto di Zurigo. Il servizio di trasferimento ha trasportato circa 4.814 pazienti.<\/p>\n<h2><strong>Pi\u00f9 dispiegamenti per i vigili del fuoco professionisti e di milizia<\/strong><\/h2>\n<p>Nel 2025, gli interventi dei vigili del fuoco nella citt\u00e0 di Zurigo e all'aeroporto di Zurigo sono aumentati di circa il dieci per cento, con 5688 chiamate. Circa un terzo degli incidenti ha riguardato i sistemi di allarme antincendio, il 15% \u00e8 stato causato da incendi e circa il 10% \u00e8 stato causato da pericoli naturali come tempeste, rottura di tubature dell'acqua e rischi ambientali. I servizi di soccorso hanno inoltre prestato assistenza in caso di incidenti e di recupero di persone, animali e beni. I servizi forniti dai vigili del fuoco di milizia, la maggior parte dei quali erano operazioni pianificate, sono leggermente aumentati.<\/p>\n<h2><strong>Diminuzione della protezione civile<\/strong><\/h2>\n<p>L'anno scorso, i 1149 membri della Protezione civile hanno prestato 6.385 giorni di servizio, un livello inferiore a quello dell'anno precedente. I servizi \u00abAktiv plus\u00bb - come il trasporto di pazienti per conto delle case di cura e dei centri di riposo della citt\u00e0 - sono diminuiti di circa il 10% con 2192 interventi.<\/p>\n<h2><strong>Pi\u00f9 ispezioni edilizie per i vigili del fuoco<\/strong><\/h2>\n<p>L'anno scorso, gli esperti di sicurezza antincendio della polizia antincendio hanno effettuato 706 ispezioni edilizie, con un aumento dell'11% rispetto all'anno precedente. Le 983 ispezioni finali di nuovi edifici o conversioni sono diminuite leggermente, mentre il 99% di tutte le domande di costruzione sono state evase entro i termini previsti.<\/p>","protected":false},"excerpt":{"rendered":"<p>Schutz &amp; Rettung Z\u00fcrich (SRZ) nahm im vergangenen Jahr 168\u00a0379 Anrufe (2024: 159\u00a0403) auf den Notrufnummern 144 und 118 entgegen. Durchschnittlich ging alle drei Minuten ein Notruf ein. Im Dispositionsgebiet, das die Kantone Z\u00fcrich, Schaffhausen, Schwyz und Zug umfasst, wurden 141\u00a0529 Notrufe \u00fcber die Nummer 144 entgegengenommen. Der Feuerwehrnotruf 118 wurde im Kanton Z\u00fcrich 26\u00a0850-mal [&hellip;]<\/p>\n","protected":false},"author":31,"featured_media":24890,"comment_status":"closed","ping_status":"closed","sticky":false,"template":"","format":"standard","meta":{"_acf_changed":false,"pgc_sgb_lightbox_settings":"","footnotes":""},"categories":[3314],"tags":[6642,6641],"class_list":["post-24889","post","type-post","status-publish","format-standard","has-post-thumbnail","hentry","category-health-safety","tag-notfalleinsaetze","tag-schutz-und-rettung"],"acf":[],"hkrextid":null,"publication":null,"issue":null,"workflow":null,"startPage":null,"spitzmarke":null,"_posts_by_tag_page_fields":null,"_at_widget":null,"_yoast_wpseo_primary_category":"3314","_yoast_wpseo_focuskw_text_input":null,"_yoast_wpseo_opengraph-image":null,"_yoast_wpseo_opengraph-description":null,"_yoast_wpseo_opengraph-title":null,"enclosure":null,"_yoast_wpseo_twitter-title":null,"_yoast_wpseo_twitter-description":null,"_yoast_wpseo_twitter-image":null,"_wp_old_slug":null,"_yoast_wpseo_title":null,"_yoast_wpseo_canonical":null,"yoast_head":"<!-- This site is optimized with the Yoast SEO plugin v27.4 - https:\/\/yoast.com\/product\/yoast-seo-wordpress\/ -->\n<title>Mehr Notrufe und Eins\u00e4tze f\u00fcr Schutz &amp; Rettung im Jahr 2025 - Save<\/title>\n<meta name=\"description\" content=\"Die Rettungskr\u00e4fte der Sanit\u00e4t und die Feuerwehr von Schutz &amp; Rettung Z\u00fcrich leisteten 2025 insgesamt 47016 Eins\u00e4tze, fast zwei Prozent mehr als im Vorjahr.\" \/>\n<meta name=\"robots\" content=\"index, follow, max-snippet:-1, max-image-preview:large, max-video-preview:-1\" \/>\n<link rel=\"canonical\" href=\"https:\/\/news.save.ch\/it\/mehr-notrufe-und-einsaetze-fuer-schutz-rettung-im-jahr-2025\/\" \/>\n<meta property=\"og:locale\" content=\"it_IT\" \/>\n<meta property=\"og:type\" content=\"article\" \/>\n<meta property=\"og:title\" content=\"Mehr Notrufe und Eins\u00e4tze f\u00fcr Schutz &amp; Rettung im Jahr 2025 - Save\" \/>\n<meta property=\"og:description\" content=\"Die Rettungskr\u00e4fte der Sanit\u00e4t und die Feuerwehr von Schutz &amp; Rettung Z\u00fcrich leisteten 2025 insgesamt 47016 Eins\u00e4tze, fast zwei Prozent mehr als im Vorjahr.\" \/>\n<meta property=\"og:url\" content=\"https:\/\/news.save.ch\/it\/mehr-notrufe-und-einsaetze-fuer-schutz-rettung-im-jahr-2025\/\" \/>\n<meta property=\"og:site_name\" content=\"Save\" \/>\n<meta property=\"article:published_time\" content=\"2026-01-20T08:04:27+00:00\" \/>\n<meta property=\"og:image\" content=\"https:\/\/news.save.ch\/wp-content\/uploads\/2026\/01\/cq5dam.web_.1280.1280.jpeg\" \/>\n\t<meta property=\"og:image:width\" content=\"1200\" \/>\n\t<meta property=\"og:image:height\" content=\"801\" \/>\n\t<meta property=\"og:image:type\" content=\"image\/jpeg\" \/>\n<meta name=\"author\" content=\"stefanie Zeng\" \/>\n<meta name=\"twitter:card\" content=\"summary_large_image\" \/>\n<meta name=\"twitter:label1\" content=\"Scritto da\" \/>\n\t<meta name=\"twitter:data1\" content=\"stefanie Zeng\" \/>\n\t<meta name=\"twitter:label2\" content=\"Tempo di lettura stimato\" \/>\n\t<meta name=\"twitter:data2\" content=\"3 minuti\" \/>\n<script type=\"application\/ld+json\" class=\"yoast-schema-graph\">{\"@context\":\"https:\\\/\\\/schema.org\",\"@graph\":[{\"@type\":\"Article\",\"@id\":\"https:\\\/\\\/news.save.ch\\\/mehr-notrufe-und-einsaetze-fuer-schutz-rettung-im-jahr-2025\\\/#article\",\"isPartOf\":{\"@id\":\"https:\\\/\\\/news.save.ch\\\/mehr-notrufe-und-einsaetze-fuer-schutz-rettung-im-jahr-2025\\\/\"},\"author\":{\"name\":\"stefanie Zeng\",\"@id\":\"https:\\\/\\\/news.save.ch\\\/de\\\/#\\\/schema\\\/person\\\/10917387362b3961e882740f6cf6f2a2\"},\"headline\":\"Mehr Notrufe und Eins\u00e4tze f\u00fcr Schutz &#038; Rettung im Jahr 2025\",\"datePublished\":\"2026-01-20T08:04:27+00:00\",\"mainEntityOfPage\":{\"@id\":\"https:\\\/\\\/news.save.ch\\\/mehr-notrufe-und-einsaetze-fuer-schutz-rettung-im-jahr-2025\\\/\"},\"wordCount\":319,\"publisher\":{\"@id\":\"https:\\\/\\\/news.save.ch\\\/de\\\/#organization\"},\"image\":{\"@id\":\"https:\\\/\\\/news.save.ch\\\/mehr-notrufe-und-einsaetze-fuer-schutz-rettung-im-jahr-2025\\\/#primaryimage\"},\"thumbnailUrl\":\"https:\\\/\\\/news.save.ch\\\/wp-content\\\/uploads\\\/2026\\\/01\\\/cq5dam.web_.1280.1280.jpeg\",\"keywords\":[\"Notfalleins\u00e4tze\",\"Schutz und Rettung\"],\"articleSection\":[\"HEALTH &amp; SAFETY\"],\"inLanguage\":\"it-IT\"},{\"@type\":\"WebPage\",\"@id\":\"https:\\\/\\\/news.save.ch\\\/mehr-notrufe-und-einsaetze-fuer-schutz-rettung-im-jahr-2025\\\/\",\"url\":\"https:\\\/\\\/news.save.ch\\\/mehr-notrufe-und-einsaetze-fuer-schutz-rettung-im-jahr-2025\\\/\",\"name\":\"Mehr Notrufe und Eins\u00e4tze f\u00fcr Schutz & Rettung im Jahr 2025 - Save\",\"isPartOf\":{\"@id\":\"https:\\\/\\\/news.save.ch\\\/de\\\/#website\"},\"primaryImageOfPage\":{\"@id\":\"https:\\\/\\\/news.save.ch\\\/mehr-notrufe-und-einsaetze-fuer-schutz-rettung-im-jahr-2025\\\/#primaryimage\"},\"image\":{\"@id\":\"https:\\\/\\\/news.save.ch\\\/mehr-notrufe-und-einsaetze-fuer-schutz-rettung-im-jahr-2025\\\/#primaryimage\"},\"thumbnailUrl\":\"https:\\\/\\\/news.save.ch\\\/wp-content\\\/uploads\\\/2026\\\/01\\\/cq5dam.web_.1280.1280.jpeg\",\"datePublished\":\"2026-01-20T08:04:27+00:00\",\"description\":\"Die Rettungskr\u00e4fte der Sanit\u00e4t und die Feuerwehr von Schutz & Rettung Z\u00fcrich leisteten 2025 insgesamt 47016 Eins\u00e4tze, fast zwei Prozent mehr als im Vorjahr.\",\"breadcrumb\":{\"@id\":\"https:\\\/\\\/news.save.ch\\\/mehr-notrufe-und-einsaetze-fuer-schutz-rettung-im-jahr-2025\\\/#breadcrumb\"},\"inLanguage\":\"it-IT\",\"potentialAction\":[{\"@type\":\"ReadAction\",\"target\":[\"https:\\\/\\\/news.save.ch\\\/mehr-notrufe-und-einsaetze-fuer-schutz-rettung-im-jahr-2025\\\/\"]}]},{\"@type\":\"ImageObject\",\"inLanguage\":\"it-IT\",\"@id\":\"https:\\\/\\\/news.save.ch\\\/mehr-notrufe-und-einsaetze-fuer-schutz-rettung-im-jahr-2025\\\/#primaryimage\",\"url\":\"https:\\\/\\\/news.save.ch\\\/wp-content\\\/uploads\\\/2026\\\/01\\\/cq5dam.web_.1280.1280.jpeg\",\"contentUrl\":\"https:\\\/\\\/news.save.ch\\\/wp-content\\\/uploads\\\/2026\\\/01\\\/cq5dam.web_.1280.1280.jpeg\",\"width\":1200,\"height\":801,\"caption\":\"Bild: Schutz & Rettung Z\u00fcrich\"},{\"@type\":\"BreadcrumbList\",\"@id\":\"https:\\\/\\\/news.save.ch\\\/mehr-notrufe-und-einsaetze-fuer-schutz-rettung-im-jahr-2025\\\/#breadcrumb\",\"itemListElement\":[{\"@type\":\"ListItem\",\"position\":1,\"name\":\"Home\",\"item\":\"https:\\\/\\\/news.save.ch\\\/de\\\/\"},{\"@type\":\"ListItem\",\"position\":2,\"name\":\"Mehr Notrufe und Eins\u00e4tze f\u00fcr Schutz &#038; Rettung im Jahr 2025\"}]},{\"@type\":\"WebSite\",\"@id\":\"https:\\\/\\\/news.save.ch\\\/de\\\/#website\",\"url\":\"https:\\\/\\\/news.save.ch\\\/de\\\/\",\"name\":\"Save\",\"description\":\"Schweizer Fachzeitschrift f\u00fcr Sicherheit\",\"publisher\":{\"@id\":\"https:\\\/\\\/news.save.ch\\\/de\\\/#organization\"},\"potentialAction\":[{\"@type\":\"SearchAction\",\"target\":{\"@type\":\"EntryPoint\",\"urlTemplate\":\"https:\\\/\\\/news.save.ch\\\/de\\\/?s={search_term_string}\"},\"query-input\":{\"@type\":\"PropertyValueSpecification\",\"valueRequired\":true,\"valueName\":\"search_term_string\"}}],\"inLanguage\":\"it-IT\"},{\"@type\":\"Organization\",\"@id\":\"https:\\\/\\\/news.save.ch\\\/de\\\/#organization\",\"name\":\"Sicherheitsforum\",\"url\":\"https:\\\/\\\/news.save.ch\\\/de\\\/\",\"logo\":{\"@type\":\"ImageObject\",\"inLanguage\":\"it-IT\",\"@id\":\"https:\\\/\\\/news.save.ch\\\/de\\\/#\\\/schema\\\/logo\\\/image\\\/\",\"url\":\"https:\\\/\\\/news.save.ch\\\/wp-content\\\/uploads\\\/2022\\\/06\\\/Logo_SF_2012.png\",\"contentUrl\":\"https:\\\/\\\/news.save.ch\\\/wp-content\\\/uploads\\\/2022\\\/06\\\/Logo_SF_2012.png\",\"width\":1100,\"height\":91,\"caption\":\"Sicherheitsforum\"},\"image\":{\"@id\":\"https:\\\/\\\/news.save.ch\\\/de\\\/#\\\/schema\\\/logo\\\/image\\\/\"}},{\"@type\":\"Person\",\"@id\":\"https:\\\/\\\/news.save.ch\\\/de\\\/#\\\/schema\\\/person\\\/10917387362b3961e882740f6cf6f2a2\",\"name\":\"stefanie Zeng\",\"image\":{\"@type\":\"ImageObject\",\"inLanguage\":\"it-IT\",\"@id\":\"https:\\\/\\\/secure.gravatar.com\\\/avatar\\\/eac43faa6e40bb2c41068c95c9d78bbd94c476d5efdff7abaab80bb3ea681e06?s=96&d=mm&r=g\",\"url\":\"https:\\\/\\\/secure.gravatar.com\\\/avatar\\\/eac43faa6e40bb2c41068c95c9d78bbd94c476d5efdff7abaab80bb3ea681e06?s=96&d=mm&r=g\",\"contentUrl\":\"https:\\\/\\\/secure.gravatar.com\\\/avatar\\\/eac43faa6e40bb2c41068c95c9d78bbd94c476d5efdff7abaab80bb3ea681e06?s=96&d=mm&r=g\",\"caption\":\"stefanie Zeng\"},\"url\":\"https:\\\/\\\/news.save.ch\\\/it\\\/author\\\/stefanie-zeng\\\/\"}]}<\/script>\n<!-- \/ Yoast SEO plugin. -->","yoast_head_json":{"title":"Pi\u00f9 chiamate di emergenza e interventi di protezione e soccorso nel 2025 - Save","description":"Nel 2025, i paramedici e i vigili del fuoco di Zurich Protection &amp; Rescue hanno effettuato un totale di 4.7016 missioni, quasi il 2% in pi\u00f9 rispetto all'anno precedente.","robots":{"index":"index","follow":"follow","max-snippet":"max-snippet:-1","max-image-preview":"max-image-preview:large","max-video-preview":"max-video-preview:-1"},"canonical":"https:\/\/news.save.ch\/it\/mehr-notrufe-und-einsaetze-fuer-schutz-rettung-im-jahr-2025\/","og_locale":"it_IT","og_type":"article","og_title":"Mehr Notrufe und Eins\u00e4tze f\u00fcr Schutz & Rettung im Jahr 2025 - Save","og_description":"Die Rettungskr\u00e4fte der Sanit\u00e4t und die Feuerwehr von Schutz & Rettung Z\u00fcrich leisteten 2025 insgesamt 47016 Eins\u00e4tze, fast zwei Prozent mehr als im Vorjahr.","og_url":"https:\/\/news.save.ch\/it\/mehr-notrufe-und-einsaetze-fuer-schutz-rettung-im-jahr-2025\/","og_site_name":"Save","article_published_time":"2026-01-20T08:04:27+00:00","og_image":[{"width":1200,"height":801,"url":"https:\/\/news.save.ch\/wp-content\/uploads\/2026\/01\/cq5dam.web_.1280.1280.jpeg","type":"image\/jpeg"}],"author":"stefanie Zeng","twitter_card":"summary_large_image","twitter_misc":{"Scritto da":"stefanie Zeng","Tempo di lettura stimato":"3 minuti"},"schema":{"@context":"https:\/\/schema.org","@graph":[{"@type":"Article","@id":"https:\/\/news.save.ch\/mehr-notrufe-und-einsaetze-fuer-schutz-rettung-im-jahr-2025\/#article","isPartOf":{"@id":"https:\/\/news.save.ch\/mehr-notrufe-und-einsaetze-fuer-schutz-rettung-im-jahr-2025\/"},"author":{"name":"stefanie Zeng","@id":"https:\/\/news.save.ch\/de\/#\/schema\/person\/10917387362b3961e882740f6cf6f2a2"},"headline":"Mehr Notrufe und Eins\u00e4tze f\u00fcr Schutz &#038; Rettung im Jahr 2025","datePublished":"2026-01-20T08:04:27+00:00","mainEntityOfPage":{"@id":"https:\/\/news.save.ch\/mehr-notrufe-und-einsaetze-fuer-schutz-rettung-im-jahr-2025\/"},"wordCount":319,"publisher":{"@id":"https:\/\/news.save.ch\/de\/#organization"},"image":{"@id":"https:\/\/news.save.ch\/mehr-notrufe-und-einsaetze-fuer-schutz-rettung-im-jahr-2025\/#primaryimage"},"thumbnailUrl":"https:\/\/news.save.ch\/wp-content\/uploads\/2026\/01\/cq5dam.web_.1280.1280.jpeg","keywords":["Notfalleins\u00e4tze","Schutz und Rettung"],"articleSection":["HEALTH &amp; SAFETY"],"inLanguage":"it-IT"},{"@type":"WebPage","@id":"https:\/\/news.save.ch\/mehr-notrufe-und-einsaetze-fuer-schutz-rettung-im-jahr-2025\/","url":"https:\/\/news.save.ch\/mehr-notrufe-und-einsaetze-fuer-schutz-rettung-im-jahr-2025\/","name":"Pi\u00f9 chiamate di emergenza e interventi di protezione e soccorso nel 2025 - Save","isPartOf":{"@id":"https:\/\/news.save.ch\/de\/#website"},"primaryImageOfPage":{"@id":"https:\/\/news.save.ch\/mehr-notrufe-und-einsaetze-fuer-schutz-rettung-im-jahr-2025\/#primaryimage"},"image":{"@id":"https:\/\/news.save.ch\/mehr-notrufe-und-einsaetze-fuer-schutz-rettung-im-jahr-2025\/#primaryimage"},"thumbnailUrl":"https:\/\/news.save.ch\/wp-content\/uploads\/2026\/01\/cq5dam.web_.1280.1280.jpeg","datePublished":"2026-01-20T08:04:27+00:00","description":"Nel 2025, i paramedici e i vigili del fuoco di Zurich Protection &amp; Rescue hanno effettuato un totale di 4.7016 missioni, quasi il 2% in pi\u00f9 rispetto all'anno precedente.","breadcrumb":{"@id":"https:\/\/news.save.ch\/mehr-notrufe-und-einsaetze-fuer-schutz-rettung-im-jahr-2025\/#breadcrumb"},"inLanguage":"it-IT","potentialAction":[{"@type":"ReadAction","target":["https:\/\/news.save.ch\/mehr-notrufe-und-einsaetze-fuer-schutz-rettung-im-jahr-2025\/"]}]},{"@type":"ImageObject","inLanguage":"it-IT","@id":"https:\/\/news.save.ch\/mehr-notrufe-und-einsaetze-fuer-schutz-rettung-im-jahr-2025\/#primaryimage","url":"https:\/\/news.save.ch\/wp-content\/uploads\/2026\/01\/cq5dam.web_.1280.1280.jpeg","contentUrl":"https:\/\/news.save.ch\/wp-content\/uploads\/2026\/01\/cq5dam.web_.1280.1280.jpeg","width":1200,"height":801,"caption":"Bild: Schutz & Rettung Z\u00fcrich"},{"@type":"BreadcrumbList","@id":"https:\/\/news.save.ch\/mehr-notrufe-und-einsaetze-fuer-schutz-rettung-im-jahr-2025\/#breadcrumb","itemListElement":[{"@type":"ListItem","position":1,"name":"Home","item":"https:\/\/news.save.ch\/de\/"},{"@type":"ListItem","position":2,"name":"Mehr Notrufe und Eins\u00e4tze f\u00fcr Schutz &#038; Rettung im Jahr 2025"}]},{"@type":"WebSite","@id":"https:\/\/news.save.ch\/de\/#website","url":"https:\/\/news.save.ch\/de\/","name":"Risparmiare","description":"Rivista svizzera specializzata in sicurezza","publisher":{"@id":"https:\/\/news.save.ch\/de\/#organization"},"potentialAction":[{"@type":"SearchAction","target":{"@type":"EntryPoint","urlTemplate":"https:\/\/news.save.ch\/de\/?s={search_term_string}"},"query-input":{"@type":"PropertyValueSpecification","valueRequired":true,"valueName":"search_term_string"}}],"inLanguage":"it-IT"},{"@type":"Organization","@id":"https:\/\/news.save.ch\/de\/#organization","name":"Forum sulla sicurezza","url":"https:\/\/news.save.ch\/de\/","logo":{"@type":"ImageObject","inLanguage":"it-IT","@id":"https:\/\/news.save.ch\/de\/#\/schema\/logo\/image\/","url":"https:\/\/news.save.ch\/wp-content\/uploads\/2022\/06\/Logo_SF_2012.png","contentUrl":"https:\/\/news.save.ch\/wp-content\/uploads\/2022\/06\/Logo_SF_2012.png","width":1100,"height":91,"caption":"Sicherheitsforum"},"image":{"@id":"https:\/\/news.save.ch\/de\/#\/schema\/logo\/image\/"}},{"@type":"Person","@id":"https:\/\/news.save.ch\/de\/#\/schema\/person\/10917387362b3961e882740f6cf6f2a2","name":"Stefanie Zeng","image":{"@type":"ImageObject","inLanguage":"it-IT","@id":"https:\/\/secure.gravatar.com\/avatar\/eac43faa6e40bb2c41068c95c9d78bbd94c476d5efdff7abaab80bb3ea681e06?s=96&d=mm&r=g","url":"https:\/\/secure.gravatar.com\/avatar\/eac43faa6e40bb2c41068c95c9d78bbd94c476d5efdff7abaab80bb3ea681e06?s=96&d=mm&r=g","contentUrl":"https:\/\/secure.gravatar.com\/avatar\/eac43faa6e40bb2c41068c95c9d78bbd94c476d5efdff7abaab80bb3ea681e06?s=96&d=mm&r=g","caption":"stefanie Zeng"},"url":"https:\/\/news.save.ch\/it\/author\/stefanie-zeng\/"}]}},"_links":{"self":[{"href":"https:\/\/news.save.ch\/it\/wp-json\/wp\/v2\/posts\/24889","targetHints":{"allow":["GET"]}}],"collection":[{"href":"https:\/\/news.save.ch\/it\/wp-json\/wp\/v2\/posts"}],"about":[{"href":"https:\/\/news.save.ch\/it\/wp-json\/wp\/v2\/types\/post"}],"author":[{"embeddable":true,"href":"https:\/\/news.save.ch\/it\/wp-json\/wp\/v2\/users\/31"}],"replies":[{"embeddable":true,"href":"https:\/\/news.save.ch\/it\/wp-json\/wp\/v2\/comments?post=24889"}],"version-history":[{"count":2,"href":"https:\/\/news.save.ch\/it\/wp-json\/wp\/v2\/posts\/24889\/revisions"}],"predecessor-version":[{"id":24892,"href":"https:\/\/news.save.ch\/it\/wp-json\/wp\/v2\/posts\/24889\/revisions\/24892"}],"wp:featuredmedia":[{"embeddable":true,"href":"https:\/\/news.save.ch\/it\/wp-json\/wp\/v2\/media\/24890"}],"wp:attachment":[{"href":"https:\/\/news.save.ch\/it\/wp-json\/wp\/v2\/media?parent=24889"}],"wp:term":[{"taxonomy":"category","embeddable":true,"href":"https:\/\/news.save.ch\/it\/wp-json\/wp\/v2\/categories?post=24889"},{"taxonomy":"post_tag","embeddable":true,"href":"https:\/\/news.save.ch\/it\/wp-json\/wp\/v2\/tags?post=24889"}],"curies":[{"name":"wp","href":"https:\/\/api.w.org\/{rel}","templated":true}]}}