{"id":2493,"date":"2016-07-12T12:06:02","date_gmt":"2016-07-12T10:06:02","guid":{"rendered":"https:\/\/dev.sicherheitsforum.ch\/?p=2493"},"modified":"2023-03-14T08:59:00","modified_gmt":"2023-03-14T07:59:00","slug":"hagel-sturm-co-in-der-buchhaltung","status":null,"type":"post","link":"https:\/\/news.save.ch\/it\/hagel-sturm-co-in-der-buchhaltung\/","title":{"rendered":"Grandine, tempesta &amp; Co. in contabilit\u00e0"},"content":{"rendered":"<figure id=\"attachment_2494\" aria-describedby=\"caption-attachment-2494\" style=\"width: 680px\" class=\"wp-caption alignnone\"><img loading=\"lazy\" decoding=\"async\" class=\"size-medium wp-image-2494\" src=\"https:\/\/news.save.ch\/wp-content\/uploads\/2016\/12\/Hagel-Sturm-Co.-in-der-Buchhaltung_sicherheitsforum.jpg\" alt=\"\" width=\"680\" height=\"454\" srcset=\"https:\/\/news.save.ch\/wp-content\/uploads\/2016\/12\/Hagel-Sturm-Co.-in-der-Buchhaltung_sicherheitsforum.jpg 1000w, https:\/\/news.save.ch\/wp-content\/uploads\/2016\/12\/Hagel-Sturm-Co.-in-der-Buchhaltung_sicherheitsforum-375x250.jpg 375w\" sizes=\"auto, (max-width: 680px) 100vw, 680px\" \/><figcaption id=\"caption-attachment-2494\" class=\"wp-caption-text\">Foto: depositphotos<\/figcaption><\/figure>\n<p>Il tempo in Svizzera nelle ultime settimane non \u00e8 stato esattamente clemente: forti temporali e inondazioni in alcune localit\u00e0 non solo hanno tenuto la popolazione e i servizi di soccorso con il fiato sospeso, ma anche le perdite per gli assicuratori hanno raggiunto i milioni. Secondo le stime di Allianz Suisse, la grandinata \"Elvira\" di fine maggio e la tempesta \"Friederike\" di inizio giugno hanno causato circa 3.000 sinistri e una perdita totale di circa 10 milioni di franchi svizzeri. L'entit\u00e0 dei danni non \u00e8 stata cos\u00ec grande come in molte parti della Germania, della Francia o dell'Austria - ma anche in Svizzera, dopo una tempesta c'\u00e8 la tempesta successiva. Il clima di questo Paese \u00e8 fortemente influenzato dalle Alpi, il pi\u00f9 importante spartiacque dell'Europa centrale, con grandi differenze climatiche in una piccola area. Il risultato sono forti temporali con chicchi di grandine grandi come palle da tennis, piogge torrenziali e forti temporali, che spesso lasciano dietro di s\u00e9 un'immagine di devastazione, soprattutto nei mesi estivi. In un confronto decennale, il giugno 2016 non spicca nemmeno tanto, sebbene sia considerato uno dei mesi pi\u00f9 piovosi da quando sono iniziate le registrazioni meteorologiche. Lo dimostra il calendario dei rischi naturali di Allianz Suisse, per il quale sono stati analizzati i dati relativi ai sinistri degli ultimi dieci anni.<\/p>\n<p><strong>Grandine e alluvioni sono i pi\u00f9 costosi<\/strong><\/p>\n<p>Dal 2006 Allianz Suisse ha registrato circa 200.000 sinistri causati da eventi naturali come grandine, inondazioni, tempeste, fulmini, valanghe e terremoti, secondo le statistiche sui sinistri. L'importo totale dei danni \u00e8 stato di circa 640 milioni di franchi svizzeri, di cui quasi la met\u00e0 \u00e8 stata causata da grandinate (circa 320 milioni di franchi svizzeri in 96.000 sinistri), mentre le inondazioni hanno rappresentato circa 170 milioni di franchi svizzeri in 42.000 sinistri. Le tempeste (circa 55 milioni di franchi svizzeri con 17.000 sinistri) e i fulmini (circa 32 milioni di franchi svizzeri con 21.000 sinistri) hanno svolto il ruolo pi\u00f9 importante. In fondo alla classifica ci sono i danni da terremoto con una spesa di 120.000 franchi svizzeri in 51 sinistri negli ultimi dieci anni.<\/p>\n<p>Uno sguardo al calendario rivela che gli anni 2009 e 2013, in particolare, sono stati i pi\u00f9 intensi per Allianz Suisse in un confronto decennale, con danni assicurati di oltre 85 milioni di franchi svizzeri in ciascun caso. \"A causa del riscaldamento globale, l'umidit\u00e0 nell'atmosfera \u00e8 sempre pi\u00f9 alta, per cui ci aspettiamo un ulteriore aumento delle tempeste gravi in futuro\", spiega Markus Deplazes, responsabile Sinistri di Allianz Suisse.<\/p>\n<p><strong>Pi\u00f9 spesso nei mesi estivi<\/strong><\/p>\n<p>Pi\u00f9 di un terzo degli eventi naturali si verifica nel solo mese di luglio, con il Ticino e il cantone di Berna che sono i pi\u00f9 colpiti. Questi forti temporali si verificano pi\u00f9 frequentemente quando i signori svizzeri lo desiderano meno: nei mesi estivi di giugno e luglio, che rappresentano pi\u00f9 della met\u00e0 degli eventi naturali (circa 110.000). La probabilit\u00e0 di una tempesta \u00e8 massima in luglio a causa dei numerosi temporali di calore - con un totale di 70.000 eventi naturali, luglio occupa il primo posto solitario di Allianz Suisse. Per inciso, i mesi con il minor numero di richieste di risarcimento nel confronto a lungo termine sono novembre (circa 4.700 richieste), febbraio (circa 6.200 richieste) e ottobre (circa 6.500 richieste). E anche le statistiche sui sinistri rivelano che la maggior parte dei sinistri dovuti a eventi naturali viene segnalata ad Allianz Suisse dai cantoni di Berna e Ticino (circa 25.000 sinistri ciascuno), seguiti da Zurigo (circa 23.000 sinistri). Il Cantone di Appenzello Interno \u00e8 in coda a questa classifica, con solo 86 richieste di risarcimento dal 2006, ma con circa 16.000 abitanti \u00e8 anche il Cantone meno popoloso della Svizzera.<\/p>\n<p><em>Fonte: ots\/Allianz Suisse<\/em><\/p>","protected":false},"excerpt":{"rendered":"<p>Das Wetter der vergangenen Wochen zeigte sich in der Schweiz nicht gerade von der freundlichen Seite: teilweise heftige Unwetter und \u00dcberschwemmungen haben in einigen Ortschaften nicht nur die Bev\u00f6lkerung und Rettungskr\u00e4fte in Atem gehalten &#8211; auch die Sch\u00e4den f\u00fcr die Versicherer gingen in die Millionen. Allein die Allianz Suisse rechnet durch den Hagelsturm &#8222;Elvira&#8220; Ende [&hellip;]<\/p>\n","protected":false},"author":1,"featured_media":2494,"comment_status":"open","ping_status":"open","sticky":false,"template":"","format":"standard","meta":{"_acf_changed":false,"pgc_sgb_lightbox_settings":"","footnotes":""},"categories":[3312],"tags":[170],"class_list":["post-2493","post","type-post","status-publish","format-standard","has-post-thumbnail","hentry","category-sicherheit","tag-naturgefahren"],"acf":[],"hkrextid":null,"publication":null,"issue":null,"workflow":null,"startPage":null,"spitzmarke":null,"_posts_by_tag_page_fields":{"widget_title":"","widget_tags":""},"_at_widget":"1","_yoast_wpseo_primary_category":"5","_yoast_wpseo_focuskw_text_input":"Naturgefahren","_yoast_wpseo_opengraph-image":null,"_yoast_wpseo_opengraph-description":null,"_yoast_wpseo_opengraph-title":null,"enclosure":null,"_yoast_wpseo_twitter-title":null,"_yoast_wpseo_twitter-description":null,"_yoast_wpseo_twitter-image":null,"_wp_old_slug":null,"_yoast_wpseo_title":null,"_yoast_wpseo_canonical":null,"yoast_head":"<!-- This site is optimized with the Yoast SEO plugin v27.5 - https:\/\/yoast.com\/product\/yoast-seo-wordpress\/ -->\n<title>Hagel, Sturm &amp; Co. in der Buchhaltung - Save<\/title>\n<meta name=\"robots\" content=\"index, follow, max-snippet:-1, max-image-preview:large, max-video-preview:-1\" \/>\n<link rel=\"canonical\" href=\"https:\/\/news.save.ch\/it\/hagel-sturm-co-in-der-buchhaltung\/\" \/>\n<meta property=\"og:locale\" content=\"it_IT\" \/>\n<meta property=\"og:type\" content=\"article\" \/>\n<meta property=\"og:title\" content=\"Hagel, Sturm &amp; Co. in der Buchhaltung - Save\" \/>\n<meta property=\"og:description\" content=\"Das Wetter der vergangenen Wochen zeigte sich in der Schweiz nicht gerade von der freundlichen Seite: teilweise heftige Unwetter und \u00dcberschwemmungen haben in einigen Ortschaften nicht nur die Bev\u00f6lkerung und Rettungskr\u00e4fte in Atem gehalten &#8211; auch die Sch\u00e4den f\u00fcr die Versicherer gingen in die Millionen. Allein die Allianz Suisse rechnet durch den Hagelsturm &#8222;Elvira&#8220; Ende [&hellip;]\" \/>\n<meta property=\"og:url\" content=\"https:\/\/news.save.ch\/it\/hagel-sturm-co-in-der-buchhaltung\/\" \/>\n<meta property=\"og:site_name\" content=\"Save\" \/>\n<meta property=\"article:published_time\" content=\"2016-07-12T10:06:02+00:00\" \/>\n<meta property=\"article:modified_time\" content=\"2023-03-14T07:59:00+00:00\" \/>\n<meta property=\"og:image\" content=\"https:\/\/news.save.ch\/wp-content\/uploads\/2016\/12\/Hagel-Sturm-Co.-in-der-Buchhaltung_sicherheitsforum.jpg\" \/>\n\t<meta property=\"og:image:width\" content=\"1000\" \/>\n\t<meta property=\"og:image:height\" content=\"667\" \/>\n\t<meta property=\"og:image:type\" content=\"image\/jpeg\" \/>\n<meta name=\"author\" content=\"admin\" \/>\n<meta name=\"twitter:card\" content=\"summary_large_image\" \/>\n<meta name=\"twitter:label1\" content=\"Scritto da\" \/>\n\t<meta name=\"twitter:data1\" content=\"admin\" \/>\n\t<meta name=\"twitter:label2\" content=\"Tempo di lettura stimato\" \/>\n\t<meta name=\"twitter:data2\" content=\"3 minuti\" \/>\n<script type=\"application\/ld+json\" class=\"yoast-schema-graph\">{\"@context\":\"https:\\\/\\\/schema.org\",\"@graph\":[{\"@type\":\"Article\",\"@id\":\"https:\\\/\\\/news.save.ch\\\/hagel-sturm-co-in-der-buchhaltung\\\/#article\",\"isPartOf\":{\"@id\":\"https:\\\/\\\/news.save.ch\\\/hagel-sturm-co-in-der-buchhaltung\\\/\"},\"author\":{\"name\":\"admin\",\"@id\":\"https:\\\/\\\/news.save.ch\\\/de\\\/#\\\/schema\\\/person\\\/d49e199490bad7c70d64b9ab51142f2b\"},\"headline\":\"Hagel, Sturm &#038; Co. in der Buchhaltung\",\"datePublished\":\"2016-07-12T10:06:02+00:00\",\"dateModified\":\"2023-03-14T07:59:00+00:00\",\"mainEntityOfPage\":{\"@id\":\"https:\\\/\\\/news.save.ch\\\/hagel-sturm-co-in-der-buchhaltung\\\/\"},\"wordCount\":599,\"commentCount\":0,\"publisher\":{\"@id\":\"https:\\\/\\\/news.save.ch\\\/de\\\/#organization\"},\"image\":{\"@id\":\"https:\\\/\\\/news.save.ch\\\/hagel-sturm-co-in-der-buchhaltung\\\/#primaryimage\"},\"thumbnailUrl\":\"https:\\\/\\\/news.save.ch\\\/wp-content\\\/uploads\\\/2016\\\/12\\\/Hagel-Sturm-Co.-in-der-Buchhaltung_sicherheitsforum.jpg\",\"keywords\":[\"Naturgefahren\"],\"articleSection\":[\"SICHERHEIT\"],\"inLanguage\":\"it-IT\"},{\"@type\":\"WebPage\",\"@id\":\"https:\\\/\\\/news.save.ch\\\/hagel-sturm-co-in-der-buchhaltung\\\/\",\"url\":\"https:\\\/\\\/news.save.ch\\\/hagel-sturm-co-in-der-buchhaltung\\\/\",\"name\":\"Hagel, Sturm & Co. in der Buchhaltung - Save\",\"isPartOf\":{\"@id\":\"https:\\\/\\\/news.save.ch\\\/de\\\/#website\"},\"primaryImageOfPage\":{\"@id\":\"https:\\\/\\\/news.save.ch\\\/hagel-sturm-co-in-der-buchhaltung\\\/#primaryimage\"},\"image\":{\"@id\":\"https:\\\/\\\/news.save.ch\\\/hagel-sturm-co-in-der-buchhaltung\\\/#primaryimage\"},\"thumbnailUrl\":\"https:\\\/\\\/news.save.ch\\\/wp-content\\\/uploads\\\/2016\\\/12\\\/Hagel-Sturm-Co.-in-der-Buchhaltung_sicherheitsforum.jpg\",\"datePublished\":\"2016-07-12T10:06:02+00:00\",\"dateModified\":\"2023-03-14T07:59:00+00:00\",\"breadcrumb\":{\"@id\":\"https:\\\/\\\/news.save.ch\\\/hagel-sturm-co-in-der-buchhaltung\\\/#breadcrumb\"},\"inLanguage\":\"it-IT\",\"potentialAction\":[{\"@type\":\"ReadAction\",\"target\":[\"https:\\\/\\\/news.save.ch\\\/hagel-sturm-co-in-der-buchhaltung\\\/\"]}]},{\"@type\":\"ImageObject\",\"inLanguage\":\"it-IT\",\"@id\":\"https:\\\/\\\/news.save.ch\\\/hagel-sturm-co-in-der-buchhaltung\\\/#primaryimage\",\"url\":\"https:\\\/\\\/news.save.ch\\\/wp-content\\\/uploads\\\/2016\\\/12\\\/Hagel-Sturm-Co.-in-der-Buchhaltung_sicherheitsforum.jpg\",\"contentUrl\":\"https:\\\/\\\/news.save.ch\\\/wp-content\\\/uploads\\\/2016\\\/12\\\/Hagel-Sturm-Co.-in-der-Buchhaltung_sicherheitsforum.jpg\",\"width\":1000,\"height\":667,\"caption\":\"Foto: depositphotos\"},{\"@type\":\"BreadcrumbList\",\"@id\":\"https:\\\/\\\/news.save.ch\\\/hagel-sturm-co-in-der-buchhaltung\\\/#breadcrumb\",\"itemListElement\":[{\"@type\":\"ListItem\",\"position\":1,\"name\":\"Home\",\"item\":\"https:\\\/\\\/news.save.ch\\\/de\\\/\"},{\"@type\":\"ListItem\",\"position\":2,\"name\":\"Hagel, Sturm &#038; Co. in der Buchhaltung\"}]},{\"@type\":\"WebSite\",\"@id\":\"https:\\\/\\\/news.save.ch\\\/de\\\/#website\",\"url\":\"https:\\\/\\\/news.save.ch\\\/de\\\/\",\"name\":\"Save\",\"description\":\"Schweizer Fachzeitschrift f\u00fcr Sicherheit\",\"publisher\":{\"@id\":\"https:\\\/\\\/news.save.ch\\\/de\\\/#organization\"},\"potentialAction\":[{\"@type\":\"SearchAction\",\"target\":{\"@type\":\"EntryPoint\",\"urlTemplate\":\"https:\\\/\\\/news.save.ch\\\/de\\\/?s={search_term_string}\"},\"query-input\":{\"@type\":\"PropertyValueSpecification\",\"valueRequired\":true,\"valueName\":\"search_term_string\"}}],\"inLanguage\":\"it-IT\"},{\"@type\":\"Organization\",\"@id\":\"https:\\\/\\\/news.save.ch\\\/de\\\/#organization\",\"name\":\"Sicherheitsforum\",\"url\":\"https:\\\/\\\/news.save.ch\\\/de\\\/\",\"logo\":{\"@type\":\"ImageObject\",\"inLanguage\":\"it-IT\",\"@id\":\"https:\\\/\\\/news.save.ch\\\/de\\\/#\\\/schema\\\/logo\\\/image\\\/\",\"url\":\"https:\\\/\\\/news.save.ch\\\/wp-content\\\/uploads\\\/2022\\\/06\\\/Logo_SF_2012.png\",\"contentUrl\":\"https:\\\/\\\/news.save.ch\\\/wp-content\\\/uploads\\\/2022\\\/06\\\/Logo_SF_2012.png\",\"width\":1100,\"height\":91,\"caption\":\"Sicherheitsforum\"},\"image\":{\"@id\":\"https:\\\/\\\/news.save.ch\\\/de\\\/#\\\/schema\\\/logo\\\/image\\\/\"}},{\"@type\":\"Person\",\"@id\":\"https:\\\/\\\/news.save.ch\\\/de\\\/#\\\/schema\\\/person\\\/d49e199490bad7c70d64b9ab51142f2b\",\"name\":\"admin\",\"image\":{\"@type\":\"ImageObject\",\"inLanguage\":\"it-IT\",\"@id\":\"https:\\\/\\\/secure.gravatar.com\\\/avatar\\\/ae2f4d718e6c49043e314ce431e7e645d646302a24a5ef5a8bc8e3f5a032e319?s=96&d=mm&r=g\",\"url\":\"https:\\\/\\\/secure.gravatar.com\\\/avatar\\\/ae2f4d718e6c49043e314ce431e7e645d646302a24a5ef5a8bc8e3f5a032e319?s=96&d=mm&r=g\",\"contentUrl\":\"https:\\\/\\\/secure.gravatar.com\\\/avatar\\\/ae2f4d718e6c49043e314ce431e7e645d646302a24a5ef5a8bc8e3f5a032e319?s=96&d=mm&r=g\",\"caption\":\"admin\"},\"sameAs\":[\"https:\\\/\\\/develop.organisator.galledia.ch\"],\"url\":\"https:\\\/\\\/news.save.ch\\\/it\\\/author\\\/admin\\\/\"}]}<\/script>\n<!-- \/ Yoast SEO plugin. -->","yoast_head_json":{"title":"Grandine, tempesta &amp; Co. in contabilit\u00e0 - Salva","robots":{"index":"index","follow":"follow","max-snippet":"max-snippet:-1","max-image-preview":"max-image-preview:large","max-video-preview":"max-video-preview:-1"},"canonical":"https:\/\/news.save.ch\/it\/hagel-sturm-co-in-der-buchhaltung\/","og_locale":"it_IT","og_type":"article","og_title":"Hagel, Sturm & Co. in der Buchhaltung - Save","og_description":"Das Wetter der vergangenen Wochen zeigte sich in der Schweiz nicht gerade von der freundlichen Seite: teilweise heftige Unwetter und \u00dcberschwemmungen haben in einigen Ortschaften nicht nur die Bev\u00f6lkerung und Rettungskr\u00e4fte in Atem gehalten &#8211; auch die Sch\u00e4den f\u00fcr die Versicherer gingen in die Millionen. Allein die Allianz Suisse rechnet durch den Hagelsturm &#8222;Elvira&#8220; Ende [&hellip;]","og_url":"https:\/\/news.save.ch\/it\/hagel-sturm-co-in-der-buchhaltung\/","og_site_name":"Save","article_published_time":"2016-07-12T10:06:02+00:00","article_modified_time":"2023-03-14T07:59:00+00:00","og_image":[{"width":1000,"height":667,"url":"https:\/\/news.save.ch\/wp-content\/uploads\/2016\/12\/Hagel-Sturm-Co.-in-der-Buchhaltung_sicherheitsforum.jpg","type":"image\/jpeg"}],"author":"admin","twitter_card":"summary_large_image","twitter_misc":{"Scritto da":"admin","Tempo di lettura stimato":"3 minuti"},"schema":{"@context":"https:\/\/schema.org","@graph":[{"@type":"Article","@id":"https:\/\/news.save.ch\/hagel-sturm-co-in-der-buchhaltung\/#article","isPartOf":{"@id":"https:\/\/news.save.ch\/hagel-sturm-co-in-der-buchhaltung\/"},"author":{"name":"admin","@id":"https:\/\/news.save.ch\/de\/#\/schema\/person\/d49e199490bad7c70d64b9ab51142f2b"},"headline":"Hagel, Sturm &#038; Co. in der Buchhaltung","datePublished":"2016-07-12T10:06:02+00:00","dateModified":"2023-03-14T07:59:00+00:00","mainEntityOfPage":{"@id":"https:\/\/news.save.ch\/hagel-sturm-co-in-der-buchhaltung\/"},"wordCount":599,"commentCount":0,"publisher":{"@id":"https:\/\/news.save.ch\/de\/#organization"},"image":{"@id":"https:\/\/news.save.ch\/hagel-sturm-co-in-der-buchhaltung\/#primaryimage"},"thumbnailUrl":"https:\/\/news.save.ch\/wp-content\/uploads\/2016\/12\/Hagel-Sturm-Co.-in-der-Buchhaltung_sicherheitsforum.jpg","keywords":["Naturgefahren"],"articleSection":["SICHERHEIT"],"inLanguage":"it-IT"},{"@type":"WebPage","@id":"https:\/\/news.save.ch\/hagel-sturm-co-in-der-buchhaltung\/","url":"https:\/\/news.save.ch\/hagel-sturm-co-in-der-buchhaltung\/","name":"Grandine, tempesta &amp; Co. in contabilit\u00e0 - Salva","isPartOf":{"@id":"https:\/\/news.save.ch\/de\/#website"},"primaryImageOfPage":{"@id":"https:\/\/news.save.ch\/hagel-sturm-co-in-der-buchhaltung\/#primaryimage"},"image":{"@id":"https:\/\/news.save.ch\/hagel-sturm-co-in-der-buchhaltung\/#primaryimage"},"thumbnailUrl":"https:\/\/news.save.ch\/wp-content\/uploads\/2016\/12\/Hagel-Sturm-Co.-in-der-Buchhaltung_sicherheitsforum.jpg","datePublished":"2016-07-12T10:06:02+00:00","dateModified":"2023-03-14T07:59:00+00:00","breadcrumb":{"@id":"https:\/\/news.save.ch\/hagel-sturm-co-in-der-buchhaltung\/#breadcrumb"},"inLanguage":"it-IT","potentialAction":[{"@type":"ReadAction","target":["https:\/\/news.save.ch\/hagel-sturm-co-in-der-buchhaltung\/"]}]},{"@type":"ImageObject","inLanguage":"it-IT","@id":"https:\/\/news.save.ch\/hagel-sturm-co-in-der-buchhaltung\/#primaryimage","url":"https:\/\/news.save.ch\/wp-content\/uploads\/2016\/12\/Hagel-Sturm-Co.-in-der-Buchhaltung_sicherheitsforum.jpg","contentUrl":"https:\/\/news.save.ch\/wp-content\/uploads\/2016\/12\/Hagel-Sturm-Co.-in-der-Buchhaltung_sicherheitsforum.jpg","width":1000,"height":667,"caption":"Foto: depositphotos"},{"@type":"BreadcrumbList","@id":"https:\/\/news.save.ch\/hagel-sturm-co-in-der-buchhaltung\/#breadcrumb","itemListElement":[{"@type":"ListItem","position":1,"name":"Home","item":"https:\/\/news.save.ch\/de\/"},{"@type":"ListItem","position":2,"name":"Hagel, Sturm &#038; Co. in der Buchhaltung"}]},{"@type":"WebSite","@id":"https:\/\/news.save.ch\/de\/#website","url":"https:\/\/news.save.ch\/de\/","name":"Risparmiare","description":"Rivista svizzera specializzata in sicurezza","publisher":{"@id":"https:\/\/news.save.ch\/de\/#organization"},"potentialAction":[{"@type":"SearchAction","target":{"@type":"EntryPoint","urlTemplate":"https:\/\/news.save.ch\/de\/?s={search_term_string}"},"query-input":{"@type":"PropertyValueSpecification","valueRequired":true,"valueName":"search_term_string"}}],"inLanguage":"it-IT"},{"@type":"Organization","@id":"https:\/\/news.save.ch\/de\/#organization","name":"Forum sulla sicurezza","url":"https:\/\/news.save.ch\/de\/","logo":{"@type":"ImageObject","inLanguage":"it-IT","@id":"https:\/\/news.save.ch\/de\/#\/schema\/logo\/image\/","url":"https:\/\/news.save.ch\/wp-content\/uploads\/2022\/06\/Logo_SF_2012.png","contentUrl":"https:\/\/news.save.ch\/wp-content\/uploads\/2022\/06\/Logo_SF_2012.png","width":1100,"height":91,"caption":"Sicherheitsforum"},"image":{"@id":"https:\/\/news.save.ch\/de\/#\/schema\/logo\/image\/"}},{"@type":"Person","@id":"https:\/\/news.save.ch\/de\/#\/schema\/person\/d49e199490bad7c70d64b9ab51142f2b","name":"amministratore","image":{"@type":"ImageObject","inLanguage":"it-IT","@id":"https:\/\/secure.gravatar.com\/avatar\/ae2f4d718e6c49043e314ce431e7e645d646302a24a5ef5a8bc8e3f5a032e319?s=96&d=mm&r=g","url":"https:\/\/secure.gravatar.com\/avatar\/ae2f4d718e6c49043e314ce431e7e645d646302a24a5ef5a8bc8e3f5a032e319?s=96&d=mm&r=g","contentUrl":"https:\/\/secure.gravatar.com\/avatar\/ae2f4d718e6c49043e314ce431e7e645d646302a24a5ef5a8bc8e3f5a032e319?s=96&d=mm&r=g","caption":"admin"},"sameAs":["https:\/\/develop.organisator.galledia.ch"],"url":"https:\/\/news.save.ch\/it\/author\/admin\/"}]}},"_links":{"self":[{"href":"https:\/\/news.save.ch\/it\/wp-json\/wp\/v2\/posts\/2493","targetHints":{"allow":["GET"]}}],"collection":[{"href":"https:\/\/news.save.ch\/it\/wp-json\/wp\/v2\/posts"}],"about":[{"href":"https:\/\/news.save.ch\/it\/wp-json\/wp\/v2\/types\/post"}],"author":[{"embeddable":true,"href":"https:\/\/news.save.ch\/it\/wp-json\/wp\/v2\/users\/1"}],"replies":[{"embeddable":true,"href":"https:\/\/news.save.ch\/it\/wp-json\/wp\/v2\/comments?post=2493"}],"version-history":[{"count":1,"href":"https:\/\/news.save.ch\/it\/wp-json\/wp\/v2\/posts\/2493\/revisions"}],"predecessor-version":[{"id":17881,"href":"https:\/\/news.save.ch\/it\/wp-json\/wp\/v2\/posts\/2493\/revisions\/17881"}],"wp:featuredmedia":[{"embeddable":true,"href":"https:\/\/news.save.ch\/it\/wp-json\/wp\/v2\/media\/2494"}],"wp:attachment":[{"href":"https:\/\/news.save.ch\/it\/wp-json\/wp\/v2\/media?parent=2493"}],"wp:term":[{"taxonomy":"category","embeddable":true,"href":"https:\/\/news.save.ch\/it\/wp-json\/wp\/v2\/categories?post=2493"},{"taxonomy":"post_tag","embeddable":true,"href":"https:\/\/news.save.ch\/it\/wp-json\/wp\/v2\/tags?post=2493"}],"curies":[{"name":"wp","href":"https:\/\/api.w.org\/{rel}","templated":true}]}}