{"id":24955,"date":"2026-02-10T10:24:35","date_gmt":"2026-02-10T09:24:35","guid":{"rendered":"https:\/\/news.save.ch\/?p=24955"},"modified":"2026-02-10T10:38:54","modified_gmt":"2026-02-10T09:38:54","slug":"skiunfaelle-verursachen-jedes-jahr-ueber-800-000-absenztage","status":null,"type":"post","link":"https:\/\/news.save.ch\/it\/skiunfaelle-verursachen-jedes-jahr-ueber-800-000-absenztage\/","title":{"rendered":"Gli incidenti sugli sci causano oltre 800.000 giorni di assenza ogni anno"},"content":{"rendered":"<div class=\"container\">\n<div class=\"row sch-page-intro\">\n<section class=\"col-lg-7 offset-md-1\">\n<figure id=\"attachment_24956\" aria-describedby=\"caption-attachment-24956\" style=\"width: 680px\" class=\"wp-caption alignnone\"><img loading=\"lazy\" decoding=\"async\" class=\"size-medium wp-image-24956\" src=\"https:\/\/news.save.ch\/wp-content\/uploads\/2026\/02\/Depositphotos_327236256_S-680x454.jpg\" alt=\"\" width=\"680\" height=\"454\" srcset=\"https:\/\/news.save.ch\/wp-content\/uploads\/2026\/02\/Depositphotos_327236256_S-680x454.jpg 680w, https:\/\/news.save.ch\/wp-content\/uploads\/2026\/02\/Depositphotos_327236256_S-768x512.jpg 768w, https:\/\/news.save.ch\/wp-content\/uploads\/2026\/02\/Depositphotos_327236256_S-18x12.jpg 18w, https:\/\/news.save.ch\/wp-content\/uploads\/2026\/02\/Depositphotos_327236256_S-375x250.jpg 375w, https:\/\/news.save.ch\/wp-content\/uploads\/2026\/02\/Depositphotos_327236256_S-525x350.jpg 525w, https:\/\/news.save.ch\/wp-content\/uploads\/2026\/02\/Depositphotos_327236256_S.jpg 1000w\" sizes=\"auto, (max-width: 680px) 100vw, 680px\" \/><figcaption id=\"caption-attachment-24956\" class=\"wp-caption-text\">Foto: Depositphotos\/HayDimitri<\/figcaption><\/figure>\n<\/section>\n<\/div>\n<\/div>\n<section class=\"container sux-section-content\">\n<div class=\"row\">\n<div class=\"col-lg-6 offset-lg-3 col-md-8 offset-md-2 col-sm-10 offset-sm-1\">\n<div>\n<p>Lo sci e lo snowboard sono tra gli sport invernali pi\u00f9 popolari in Svizzera. Allo stesso tempo, i dati delle assicurazioni svizzere contro gli infortuni mostrano che le conseguenze degli incidenti negli sport sulla neve sono considerevoli. Non solo per le persone colpite, ma anche per le aziende e le squadre di lavoro che devono risarcire la perdita di quasi 827.000 giorni lavorativi.<\/p>\n<\/div>\n<h3 id=\"anchor-9E3A55C4-C5A0-4188-A20F-2C8E341A7941\" class=\"h3 sch-h3\">Giorni persi per gruppo di et\u00e0 all'anno<\/h3>\n<div>\n<ul>\n<li>15-24 anni: circa 4700 infortuni, circa 108 700 giorni lavorativi indennizzati<\/li>\n<li>25-34 anni: circa 7600 infortuni, circa 171 900 giorni lavorativi indennizzati<\/li>\n<li>35-44 anni: circa 7600 infortuni, circa 163 100 giorni lavorativi indennizzati<\/li>\n<li>45-54 anni: circa 9200 infortuni, circa 228.100 giornate lavorative indennizzate<\/li>\n<li>55-64 anni: circa 5300 infortuni, circa 147 700 giorni di lavoro indennizzati<\/li>\n<li>65+ anni: circa 360 infortuni, circa 7100 giornate lavorative indennizzate<\/li>\n<\/ul>\n<p>Gli incidenti legati agli sport sulla neve colpiscono quindi tutte le fasce d'et\u00e0. Il maggior numero di giorni lavorativi persi si registra tra i 45 e i 54 anni. Esiste anche una chiara differenza di et\u00e0 nella durata dell'inabilit\u00e0 al lavoro: mentre le persone di et\u00e0 compresa tra i 15 e i 24 anni registrano una media di circa 21 giorni indennizzati per caso in seguito a un incidente di sport sulla neve, questa cifra \u00e8 di circa 27 giorni per le persone di et\u00e0 compresa tra i 55 e i 64 anni.<\/p>\n<\/div>\n<h3 id=\"anchor-BFEFA2C3-72F0-40B1-8C61-A8C45C00076E\" class=\"h3 sch-h3\">Pi\u00f9 giorni persi nonostante la stabilit\u00e0 dei dati sugli infortuni<\/h3>\n<div>\n<p>Uno sguardo all'andamento degli ultimi 15 anni lo dimostra: Il numero di infortuni legati agli sport invernali \u00e8 aumentato solo leggermente dalla met\u00e0 degli anni 2000 (+6 %). Tuttavia, nello stesso periodo il numero di giorni lavorativi indennizzati \u00e8 aumentato in modo sproporzionato (+16 %). In altre parole, oggi le persone sono assenti dal lavoro molto pi\u00f9 a lungo dopo gli incidenti sciistici rispetto al passato. Ci\u00f2 \u00e8 dovuto principalmente alle tendenze demografiche: la percentuale di vittime di incidenti di et\u00e0 superiore ai 44 anni \u00e8 aumentata in modo significativo negli ultimi 15 anni.<\/p>\n<\/div>\n<h3 id=\"anchor-580BC9C5-AE52-4D04-ABE5-A100C32EDEDB\" class=\"h3 sch-h3\">Evitare gli incidenti, ridurre i tempi di inattivit\u00e0<\/h3>\n<div>\n<p>Molti incidenti possono essere evitati. La Suva raccomanda agli appassionati di sport sulla neve:<\/p>\n<ul>\n<li>utilizzare attrezzature ben tenute e attacchi correttamente regolati<\/li>\n<li>non sopravvalutare le proprie capacit\u00e0<\/li>\n<li>Riscaldarsi adeguatamente prima della partenza<\/li>\n<li>Adattare il ritmo alla situazione e alle proprie capacit\u00e0.<\/li>\n<li>fare pause regolari<\/li>\n<li>Sciare e fare snowboard con la mente sgombra, per non perdere di vista la pista<\/li>\n<\/ul>\n<p>Se siete consapevoli e attenti quando viaggiate, riducete il rischio di incidenti e contribuite a evitare le assenze nella vita lavorativa quotidiana.<\/p>\n<p><em>Fonte: Suva<\/em><\/p>\n<\/div>\n<div class=\"sch-teaser\">\n<div class=\"sch-teaser-click-animation\">\n<div class=\"sch-teaser-content-container sch-teaser-small-image sch-teaser-list-item\"><\/div>\n<\/div>\n<\/div>\n<\/div>\n<\/div>\n<\/section>","protected":false},"excerpt":{"rendered":"<p>Ski- und Snowboardfahren z\u00e4hlt zu den beliebtesten Wintersportarten in der Schweiz. Gleichzeitig zeigen die Zahlen der Schweizer Unfallversicherungen, dass die Auswirkungen von Schneesportunf\u00e4llen erheblich sind. Nicht nur f\u00fcr die Betroffenen, sondern auch f\u00fcr die Unternehmen und Arbeitsteams, die die Ausf\u00e4lle von knapp 827\u202f000 Arbeitstagen auffangen m\u00fcssen. Ausfalltage nach Altersgruppen\u00a0pro Jahr 15\u201324 Jahre: rund 4700 Unf\u00e4lle, [&hellip;]<\/p>\n","protected":false},"author":31,"featured_media":24956,"comment_status":"closed","ping_status":"closed","sticky":false,"template":"","format":"standard","meta":{"_acf_changed":false,"pgc_sgb_lightbox_settings":"","footnotes":""},"categories":[3314],"tags":[2853,2926,2928,2938,167],"class_list":["post-24955","post","type-post","status-publish","format-standard","has-post-thumbnail","hentry","category-health-safety","tag-schneesportunfall","tag-skifahren","tag-skiunfall","tag-snowboard","tag-suva"],"acf":[],"hkrextid":null,"publication":null,"issue":null,"workflow":null,"startPage":null,"spitzmarke":null,"_posts_by_tag_page_fields":null,"_at_widget":null,"_yoast_wpseo_primary_category":"3314","_yoast_wpseo_focuskw_text_input":null,"_yoast_wpseo_opengraph-image":null,"_yoast_wpseo_opengraph-description":null,"_yoast_wpseo_opengraph-title":null,"enclosure":null,"_yoast_wpseo_twitter-title":null,"_yoast_wpseo_twitter-description":null,"_yoast_wpseo_twitter-image":null,"_wp_old_slug":null,"_yoast_wpseo_title":null,"_yoast_wpseo_canonical":null,"yoast_head":"<!-- This site is optimized with the Yoast SEO plugin v27.5 - https:\/\/yoast.com\/product\/yoast-seo-wordpress\/ -->\n<title>Skiunf\u00e4lle verursachen jedes Jahr \u00fcber 800\u202f000 Absenztage - Save<\/title>\n<meta name=\"description\" content=\"Rund 35\u202f000 Ski- und Snowboardunf\u00e4lle verursachen\u00a0jedes Jahr\u00a0einen Ausfall an Arbeitszeit im Umfang von rund 3300\u00a0Arbeitsjahren.\" \/>\n<meta name=\"robots\" content=\"index, follow, max-snippet:-1, max-image-preview:large, max-video-preview:-1\" \/>\n<link rel=\"canonical\" href=\"https:\/\/news.save.ch\/it\/skiunfaelle-verursachen-jedes-jahr-ueber-800-000-absenztage\/\" \/>\n<meta property=\"og:locale\" content=\"it_IT\" \/>\n<meta property=\"og:type\" content=\"article\" \/>\n<meta property=\"og:title\" content=\"Skiunf\u00e4lle verursachen jedes Jahr \u00fcber 800\u202f000 Absenztage - Save\" \/>\n<meta property=\"og:description\" content=\"Rund 35\u202f000 Ski- und Snowboardunf\u00e4lle verursachen\u00a0jedes Jahr\u00a0einen Ausfall an Arbeitszeit im Umfang von rund 3300\u00a0Arbeitsjahren.\" \/>\n<meta property=\"og:url\" content=\"https:\/\/news.save.ch\/it\/skiunfaelle-verursachen-jedes-jahr-ueber-800-000-absenztage\/\" \/>\n<meta property=\"og:site_name\" content=\"Save\" \/>\n<meta property=\"article:published_time\" content=\"2026-02-10T09:24:35+00:00\" \/>\n<meta property=\"article:modified_time\" content=\"2026-02-10T09:38:54+00:00\" \/>\n<meta property=\"og:image\" content=\"https:\/\/news.save.ch\/wp-content\/uploads\/2026\/02\/Depositphotos_327236256_S.jpg\" \/>\n\t<meta property=\"og:image:width\" content=\"1000\" \/>\n\t<meta property=\"og:image:height\" content=\"667\" \/>\n\t<meta property=\"og:image:type\" content=\"image\/jpeg\" \/>\n<meta name=\"author\" content=\"stefanie Zeng\" \/>\n<meta name=\"twitter:card\" content=\"summary_large_image\" \/>\n<meta name=\"twitter:label1\" content=\"Scritto da\" \/>\n\t<meta name=\"twitter:data1\" content=\"stefanie Zeng\" \/>\n\t<meta name=\"twitter:label2\" content=\"Tempo di lettura stimato\" \/>\n\t<meta name=\"twitter:data2\" content=\"3 minuti\" \/>\n<script type=\"application\/ld+json\" class=\"yoast-schema-graph\">{\"@context\":\"https:\\\/\\\/schema.org\",\"@graph\":[{\"@type\":\"Article\",\"@id\":\"https:\\\/\\\/news.save.ch\\\/skiunfaelle-verursachen-jedes-jahr-ueber-800-000-absenztage\\\/#article\",\"isPartOf\":{\"@id\":\"https:\\\/\\\/news.save.ch\\\/skiunfaelle-verursachen-jedes-jahr-ueber-800-000-absenztage\\\/\"},\"author\":{\"name\":\"stefanie Zeng\",\"@id\":\"https:\\\/\\\/news.save.ch\\\/de\\\/#\\\/schema\\\/person\\\/10917387362b3961e882740f6cf6f2a2\"},\"headline\":\"Skiunf\u00e4lle verursachen jedes Jahr \u00fcber 800\u202f000 Absenztage\",\"datePublished\":\"2026-02-10T09:24:35+00:00\",\"dateModified\":\"2026-02-10T09:38:54+00:00\",\"mainEntityOfPage\":{\"@id\":\"https:\\\/\\\/news.save.ch\\\/skiunfaelle-verursachen-jedes-jahr-ueber-800-000-absenztage\\\/\"},\"wordCount\":358,\"publisher\":{\"@id\":\"https:\\\/\\\/news.save.ch\\\/de\\\/#organization\"},\"image\":{\"@id\":\"https:\\\/\\\/news.save.ch\\\/skiunfaelle-verursachen-jedes-jahr-ueber-800-000-absenztage\\\/#primaryimage\"},\"thumbnailUrl\":\"https:\\\/\\\/news.save.ch\\\/wp-content\\\/uploads\\\/2026\\\/02\\\/Depositphotos_327236256_S.jpg\",\"keywords\":[\"Schneesportunfall\",\"Skifahren\",\"Skiunfall\",\"Snowboard\",\"SUVA\"],\"articleSection\":[\"HEALTH &amp; SAFETY\"],\"inLanguage\":\"it-IT\"},{\"@type\":\"WebPage\",\"@id\":\"https:\\\/\\\/news.save.ch\\\/skiunfaelle-verursachen-jedes-jahr-ueber-800-000-absenztage\\\/\",\"url\":\"https:\\\/\\\/news.save.ch\\\/skiunfaelle-verursachen-jedes-jahr-ueber-800-000-absenztage\\\/\",\"name\":\"Skiunf\u00e4lle verursachen jedes Jahr \u00fcber 800\u202f000 Absenztage - Save\",\"isPartOf\":{\"@id\":\"https:\\\/\\\/news.save.ch\\\/de\\\/#website\"},\"primaryImageOfPage\":{\"@id\":\"https:\\\/\\\/news.save.ch\\\/skiunfaelle-verursachen-jedes-jahr-ueber-800-000-absenztage\\\/#primaryimage\"},\"image\":{\"@id\":\"https:\\\/\\\/news.save.ch\\\/skiunfaelle-verursachen-jedes-jahr-ueber-800-000-absenztage\\\/#primaryimage\"},\"thumbnailUrl\":\"https:\\\/\\\/news.save.ch\\\/wp-content\\\/uploads\\\/2026\\\/02\\\/Depositphotos_327236256_S.jpg\",\"datePublished\":\"2026-02-10T09:24:35+00:00\",\"dateModified\":\"2026-02-10T09:38:54+00:00\",\"description\":\"Rund 35\u202f000 Ski- und Snowboardunf\u00e4lle verursachen\u00a0jedes Jahr\u00a0einen Ausfall an Arbeitszeit im Umfang von rund 3300\u00a0Arbeitsjahren.\",\"breadcrumb\":{\"@id\":\"https:\\\/\\\/news.save.ch\\\/skiunfaelle-verursachen-jedes-jahr-ueber-800-000-absenztage\\\/#breadcrumb\"},\"inLanguage\":\"it-IT\",\"potentialAction\":[{\"@type\":\"ReadAction\",\"target\":[\"https:\\\/\\\/news.save.ch\\\/skiunfaelle-verursachen-jedes-jahr-ueber-800-000-absenztage\\\/\"]}]},{\"@type\":\"ImageObject\",\"inLanguage\":\"it-IT\",\"@id\":\"https:\\\/\\\/news.save.ch\\\/skiunfaelle-verursachen-jedes-jahr-ueber-800-000-absenztage\\\/#primaryimage\",\"url\":\"https:\\\/\\\/news.save.ch\\\/wp-content\\\/uploads\\\/2026\\\/02\\\/Depositphotos_327236256_S.jpg\",\"contentUrl\":\"https:\\\/\\\/news.save.ch\\\/wp-content\\\/uploads\\\/2026\\\/02\\\/Depositphotos_327236256_S.jpg\",\"width\":1000,\"height\":667,\"caption\":\"Foto: Depositphotos\\\/HayDimitri\"},{\"@type\":\"BreadcrumbList\",\"@id\":\"https:\\\/\\\/news.save.ch\\\/skiunfaelle-verursachen-jedes-jahr-ueber-800-000-absenztage\\\/#breadcrumb\",\"itemListElement\":[{\"@type\":\"ListItem\",\"position\":1,\"name\":\"Home\",\"item\":\"https:\\\/\\\/news.save.ch\\\/de\\\/\"},{\"@type\":\"ListItem\",\"position\":2,\"name\":\"Skiunf\u00e4lle verursachen jedes Jahr \u00fcber 800\u202f000 Absenztage\"}]},{\"@type\":\"WebSite\",\"@id\":\"https:\\\/\\\/news.save.ch\\\/de\\\/#website\",\"url\":\"https:\\\/\\\/news.save.ch\\\/de\\\/\",\"name\":\"Save\",\"description\":\"Schweizer Fachzeitschrift f\u00fcr Sicherheit\",\"publisher\":{\"@id\":\"https:\\\/\\\/news.save.ch\\\/de\\\/#organization\"},\"potentialAction\":[{\"@type\":\"SearchAction\",\"target\":{\"@type\":\"EntryPoint\",\"urlTemplate\":\"https:\\\/\\\/news.save.ch\\\/de\\\/?s={search_term_string}\"},\"query-input\":{\"@type\":\"PropertyValueSpecification\",\"valueRequired\":true,\"valueName\":\"search_term_string\"}}],\"inLanguage\":\"it-IT\"},{\"@type\":\"Organization\",\"@id\":\"https:\\\/\\\/news.save.ch\\\/de\\\/#organization\",\"name\":\"Sicherheitsforum\",\"url\":\"https:\\\/\\\/news.save.ch\\\/de\\\/\",\"logo\":{\"@type\":\"ImageObject\",\"inLanguage\":\"it-IT\",\"@id\":\"https:\\\/\\\/news.save.ch\\\/de\\\/#\\\/schema\\\/logo\\\/image\\\/\",\"url\":\"https:\\\/\\\/news.save.ch\\\/wp-content\\\/uploads\\\/2022\\\/06\\\/Logo_SF_2012.png\",\"contentUrl\":\"https:\\\/\\\/news.save.ch\\\/wp-content\\\/uploads\\\/2022\\\/06\\\/Logo_SF_2012.png\",\"width\":1100,\"height\":91,\"caption\":\"Sicherheitsforum\"},\"image\":{\"@id\":\"https:\\\/\\\/news.save.ch\\\/de\\\/#\\\/schema\\\/logo\\\/image\\\/\"}},{\"@type\":\"Person\",\"@id\":\"https:\\\/\\\/news.save.ch\\\/de\\\/#\\\/schema\\\/person\\\/10917387362b3961e882740f6cf6f2a2\",\"name\":\"stefanie Zeng\",\"image\":{\"@type\":\"ImageObject\",\"inLanguage\":\"it-IT\",\"@id\":\"https:\\\/\\\/secure.gravatar.com\\\/avatar\\\/eac43faa6e40bb2c41068c95c9d78bbd94c476d5efdff7abaab80bb3ea681e06?s=96&d=mm&r=g\",\"url\":\"https:\\\/\\\/secure.gravatar.com\\\/avatar\\\/eac43faa6e40bb2c41068c95c9d78bbd94c476d5efdff7abaab80bb3ea681e06?s=96&d=mm&r=g\",\"contentUrl\":\"https:\\\/\\\/secure.gravatar.com\\\/avatar\\\/eac43faa6e40bb2c41068c95c9d78bbd94c476d5efdff7abaab80bb3ea681e06?s=96&d=mm&r=g\",\"caption\":\"stefanie Zeng\"},\"url\":\"https:\\\/\\\/news.save.ch\\\/it\\\/author\\\/stefanie-zeng\\\/\"}]}<\/script>\n<!-- \/ Yoast SEO plugin. -->","yoast_head_json":{"title":"Gli incidenti sugli sci causano oltre 800.000 giorni di assenza ogni anno - Save","description":"Ogni anno, circa 35.000 incidenti di sci e snowboard causano una perdita di tempo di lavoro equivalente a circa 3.300 anni lavorativi.","robots":{"index":"index","follow":"follow","max-snippet":"max-snippet:-1","max-image-preview":"max-image-preview:large","max-video-preview":"max-video-preview:-1"},"canonical":"https:\/\/news.save.ch\/it\/skiunfaelle-verursachen-jedes-jahr-ueber-800-000-absenztage\/","og_locale":"it_IT","og_type":"article","og_title":"Skiunf\u00e4lle verursachen jedes Jahr \u00fcber 800\u202f000 Absenztage - Save","og_description":"Rund 35\u202f000 Ski- und Snowboardunf\u00e4lle verursachen\u00a0jedes Jahr\u00a0einen Ausfall an Arbeitszeit im Umfang von rund 3300\u00a0Arbeitsjahren.","og_url":"https:\/\/news.save.ch\/it\/skiunfaelle-verursachen-jedes-jahr-ueber-800-000-absenztage\/","og_site_name":"Save","article_published_time":"2026-02-10T09:24:35+00:00","article_modified_time":"2026-02-10T09:38:54+00:00","og_image":[{"width":1000,"height":667,"url":"https:\/\/news.save.ch\/wp-content\/uploads\/2026\/02\/Depositphotos_327236256_S.jpg","type":"image\/jpeg"}],"author":"stefanie Zeng","twitter_card":"summary_large_image","twitter_misc":{"Scritto da":"stefanie Zeng","Tempo di lettura stimato":"3 minuti"},"schema":{"@context":"https:\/\/schema.org","@graph":[{"@type":"Article","@id":"https:\/\/news.save.ch\/skiunfaelle-verursachen-jedes-jahr-ueber-800-000-absenztage\/#article","isPartOf":{"@id":"https:\/\/news.save.ch\/skiunfaelle-verursachen-jedes-jahr-ueber-800-000-absenztage\/"},"author":{"name":"stefanie Zeng","@id":"https:\/\/news.save.ch\/de\/#\/schema\/person\/10917387362b3961e882740f6cf6f2a2"},"headline":"Skiunf\u00e4lle verursachen jedes Jahr \u00fcber 800\u202f000 Absenztage","datePublished":"2026-02-10T09:24:35+00:00","dateModified":"2026-02-10T09:38:54+00:00","mainEntityOfPage":{"@id":"https:\/\/news.save.ch\/skiunfaelle-verursachen-jedes-jahr-ueber-800-000-absenztage\/"},"wordCount":358,"publisher":{"@id":"https:\/\/news.save.ch\/de\/#organization"},"image":{"@id":"https:\/\/news.save.ch\/skiunfaelle-verursachen-jedes-jahr-ueber-800-000-absenztage\/#primaryimage"},"thumbnailUrl":"https:\/\/news.save.ch\/wp-content\/uploads\/2026\/02\/Depositphotos_327236256_S.jpg","keywords":["Schneesportunfall","Skifahren","Skiunfall","Snowboard","SUVA"],"articleSection":["HEALTH &amp; SAFETY"],"inLanguage":"it-IT"},{"@type":"WebPage","@id":"https:\/\/news.save.ch\/skiunfaelle-verursachen-jedes-jahr-ueber-800-000-absenztage\/","url":"https:\/\/news.save.ch\/skiunfaelle-verursachen-jedes-jahr-ueber-800-000-absenztage\/","name":"Gli incidenti sugli sci causano oltre 800.000 giorni di assenza ogni anno - Save","isPartOf":{"@id":"https:\/\/news.save.ch\/de\/#website"},"primaryImageOfPage":{"@id":"https:\/\/news.save.ch\/skiunfaelle-verursachen-jedes-jahr-ueber-800-000-absenztage\/#primaryimage"},"image":{"@id":"https:\/\/news.save.ch\/skiunfaelle-verursachen-jedes-jahr-ueber-800-000-absenztage\/#primaryimage"},"thumbnailUrl":"https:\/\/news.save.ch\/wp-content\/uploads\/2026\/02\/Depositphotos_327236256_S.jpg","datePublished":"2026-02-10T09:24:35+00:00","dateModified":"2026-02-10T09:38:54+00:00","description":"Ogni anno, circa 35.000 incidenti di sci e snowboard causano una perdita di tempo di lavoro equivalente a circa 3.300 anni lavorativi.","breadcrumb":{"@id":"https:\/\/news.save.ch\/skiunfaelle-verursachen-jedes-jahr-ueber-800-000-absenztage\/#breadcrumb"},"inLanguage":"it-IT","potentialAction":[{"@type":"ReadAction","target":["https:\/\/news.save.ch\/skiunfaelle-verursachen-jedes-jahr-ueber-800-000-absenztage\/"]}]},{"@type":"ImageObject","inLanguage":"it-IT","@id":"https:\/\/news.save.ch\/skiunfaelle-verursachen-jedes-jahr-ueber-800-000-absenztage\/#primaryimage","url":"https:\/\/news.save.ch\/wp-content\/uploads\/2026\/02\/Depositphotos_327236256_S.jpg","contentUrl":"https:\/\/news.save.ch\/wp-content\/uploads\/2026\/02\/Depositphotos_327236256_S.jpg","width":1000,"height":667,"caption":"Foto: Depositphotos\/HayDimitri"},{"@type":"BreadcrumbList","@id":"https:\/\/news.save.ch\/skiunfaelle-verursachen-jedes-jahr-ueber-800-000-absenztage\/#breadcrumb","itemListElement":[{"@type":"ListItem","position":1,"name":"Home","item":"https:\/\/news.save.ch\/de\/"},{"@type":"ListItem","position":2,"name":"Skiunf\u00e4lle verursachen jedes Jahr \u00fcber 800\u202f000 Absenztage"}]},{"@type":"WebSite","@id":"https:\/\/news.save.ch\/de\/#website","url":"https:\/\/news.save.ch\/de\/","name":"Risparmiare","description":"Rivista svizzera specializzata in sicurezza","publisher":{"@id":"https:\/\/news.save.ch\/de\/#organization"},"potentialAction":[{"@type":"SearchAction","target":{"@type":"EntryPoint","urlTemplate":"https:\/\/news.save.ch\/de\/?s={search_term_string}"},"query-input":{"@type":"PropertyValueSpecification","valueRequired":true,"valueName":"search_term_string"}}],"inLanguage":"it-IT"},{"@type":"Organization","@id":"https:\/\/news.save.ch\/de\/#organization","name":"Forum sulla sicurezza","url":"https:\/\/news.save.ch\/de\/","logo":{"@type":"ImageObject","inLanguage":"it-IT","@id":"https:\/\/news.save.ch\/de\/#\/schema\/logo\/image\/","url":"https:\/\/news.save.ch\/wp-content\/uploads\/2022\/06\/Logo_SF_2012.png","contentUrl":"https:\/\/news.save.ch\/wp-content\/uploads\/2022\/06\/Logo_SF_2012.png","width":1100,"height":91,"caption":"Sicherheitsforum"},"image":{"@id":"https:\/\/news.save.ch\/de\/#\/schema\/logo\/image\/"}},{"@type":"Person","@id":"https:\/\/news.save.ch\/de\/#\/schema\/person\/10917387362b3961e882740f6cf6f2a2","name":"Stefanie Zeng","image":{"@type":"ImageObject","inLanguage":"it-IT","@id":"https:\/\/secure.gravatar.com\/avatar\/eac43faa6e40bb2c41068c95c9d78bbd94c476d5efdff7abaab80bb3ea681e06?s=96&d=mm&r=g","url":"https:\/\/secure.gravatar.com\/avatar\/eac43faa6e40bb2c41068c95c9d78bbd94c476d5efdff7abaab80bb3ea681e06?s=96&d=mm&r=g","contentUrl":"https:\/\/secure.gravatar.com\/avatar\/eac43faa6e40bb2c41068c95c9d78bbd94c476d5efdff7abaab80bb3ea681e06?s=96&d=mm&r=g","caption":"stefanie Zeng"},"url":"https:\/\/news.save.ch\/it\/author\/stefanie-zeng\/"}]}},"_links":{"self":[{"href":"https:\/\/news.save.ch\/it\/wp-json\/wp\/v2\/posts\/24955","targetHints":{"allow":["GET"]}}],"collection":[{"href":"https:\/\/news.save.ch\/it\/wp-json\/wp\/v2\/posts"}],"about":[{"href":"https:\/\/news.save.ch\/it\/wp-json\/wp\/v2\/types\/post"}],"author":[{"embeddable":true,"href":"https:\/\/news.save.ch\/it\/wp-json\/wp\/v2\/users\/31"}],"replies":[{"embeddable":true,"href":"https:\/\/news.save.ch\/it\/wp-json\/wp\/v2\/comments?post=24955"}],"version-history":[{"count":1,"href":"https:\/\/news.save.ch\/it\/wp-json\/wp\/v2\/posts\/24955\/revisions"}],"predecessor-version":[{"id":24957,"href":"https:\/\/news.save.ch\/it\/wp-json\/wp\/v2\/posts\/24955\/revisions\/24957"}],"wp:featuredmedia":[{"embeddable":true,"href":"https:\/\/news.save.ch\/it\/wp-json\/wp\/v2\/media\/24956"}],"wp:attachment":[{"href":"https:\/\/news.save.ch\/it\/wp-json\/wp\/v2\/media?parent=24955"}],"wp:term":[{"taxonomy":"category","embeddable":true,"href":"https:\/\/news.save.ch\/it\/wp-json\/wp\/v2\/categories?post=24955"},{"taxonomy":"post_tag","embeddable":true,"href":"https:\/\/news.save.ch\/it\/wp-json\/wp\/v2\/tags?post=24955"}],"curies":[{"name":"wp","href":"https:\/\/api.w.org\/{rel}","templated":true}]}}