{"id":25145,"date":"2026-04-22T11:22:04","date_gmt":"2026-04-22T09:22:04","guid":{"rendered":"https:\/\/news.save.ch\/?p=25145"},"modified":"2026-04-28T11:22:23","modified_gmt":"2026-04-28T09:22:23","slug":"elektrizitaet-verursacht-3000-braende-pro-jahr","status":null,"type":"post","link":"https:\/\/news.save.ch\/it\/elektrizitaet-verursacht-3000-braende-pro-jahr\/","title":{"rendered":"L'elettricit\u00e0 causa 3000 incendi all'anno"},"content":{"rendered":"<figure id=\"attachment_25146\" aria-describedby=\"caption-attachment-25146\" style=\"width: 680px\" class=\"wp-caption alignnone\"><img loading=\"lazy\" decoding=\"async\" class=\"size-medium wp-image-25146\" src=\"https:\/\/news.save.ch\/wp-content\/uploads\/2026\/04\/Depositphotos_522767376_S-1-680x508.jpg\" alt=\"\" width=\"680\" height=\"508\" srcset=\"https:\/\/news.save.ch\/wp-content\/uploads\/2026\/04\/Depositphotos_522767376_S-1-680x508.jpg 680w, https:\/\/news.save.ch\/wp-content\/uploads\/2026\/04\/Depositphotos_522767376_S-1-768x574.jpg 768w, https:\/\/news.save.ch\/wp-content\/uploads\/2026\/04\/Depositphotos_522767376_S-1-16x12.jpg 16w, https:\/\/news.save.ch\/wp-content\/uploads\/2026\/04\/Depositphotos_522767376_S-1-375x280.jpg 375w, https:\/\/news.save.ch\/wp-content\/uploads\/2026\/04\/Depositphotos_522767376_S-1-469x350.jpg 469w, https:\/\/news.save.ch\/wp-content\/uploads\/2026\/04\/Depositphotos_522767376_S-1.jpg 1000w\" sizes=\"auto, (max-width: 680px) 100vw, 680px\" \/><figcaption id=\"caption-attachment-25146\" class=\"wp-caption-text\">I dispositivi e gli impianti obsoleti, in particolare, comportano notevoli pericoli Foto: depositphotos\/K1tyara<\/figcaption><\/figure>\n<p class=\"x_MsoNormal\">Spesso \u00e8 difficile valutare correttamente le condizioni degli impianti elettrici, poich\u00e9 i difetti non sono sempre chiaramente riconoscibili. Si consiglia pertanto di usare cautela: Le riparazioni indipendenti sono pericolose e, nel peggiore dei casi, possono essere fatali. Inoltre, i difetti degli impianti elettrici sono spesso causa di incendi. Per questo motivo, gli interventi sugli impianti elettrici devono essere eseguiti solo da aziende elettriche qualificate.<\/p>\n<p class=\"x_MsoNormal\">Negli edifici pi\u00f9 vecchi si verificano spesso incidenti e incendi a causa di impianti elettrici obsoleti. Pertanto, gli impianti dovrebbero essere controllati da uno specialista a intervalli regolari e sostituiti se necessario. Molti vecchi edifici hanno anche un numero insufficiente di prese, per cui spesso si utilizzano spine e prese multiple. Bisogna fare attenzione a non superare il limite di carico. \u00c8 pi\u00f9 sicuro e sostenibile adattare l'impianto elettrico ai requisiti attuali.<\/p>\n<div class=\"greybox\">\n<p class=\"x_MsoNormal\"><b>Consigli di sicurezza BFB in sintesi<\/b><\/p>\n<ul>\n<li>Non riparare mai le installazioni elettriche da soli; eseguire sempre tali lavori da soli.<br \/>\nessere effettuata da uno specialista.<\/li>\n<li>Far riparare immediatamente le prese e gli apparecchi difettosi.<\/li>\n<li>Fate installare i dispositivi RCD sugli impianti elettrici pi\u00f9 vecchi.<\/li>\n<li>Rispettare i limiti di carico per spine e prese multiple.<br \/>\nNon collegare questi dispositivi tra loro.<\/li>\n<li>Non installare e utilizzare costruzioni di cavi temporanee.<\/li>\n<\/ul>\n<\/div>\n<p class=\"x_MsoNormal\">Il BFB fornisce ulteriori informazioni sulla sicurezza all'indirizzo\u00a0<a title=\"https:\/\/www.bfb-cipi.ch\/brandverhuetungs-tipps\/detail\/elektrische-installationen\" href=\"https:\/\/www.bfb-cipi.ch\/brandverhuetungs-tipps\/detail\/elektrische-installationen\" target=\"_blank\" rel=\"noopener noreferrer\" data-auth=\"NotApplicable\" data-linkindex=\"0\">bfb-cipi.ch\/installazioni elettriche.<\/a><\/p>","protected":false},"excerpt":{"rendered":"<p>Den Zustand elektrischer Installationen richtig zu beurteilen, ist oft schwierig, da M\u00e4ngel nicht immer eindeutig erkennbar sind. Deshalb ist Vorsicht geboten: Eigenst\u00e4ndige Reparaturen sind gef\u00e4hrlich und k\u00f6nnen im schlimmsten Fall t\u00f6dlich enden. Zudem f\u00fchren M\u00e4ngel an elektrischen Installationen immer wieder zu Br\u00e4nden. Aus diesem Grund sollten Arbeiten an elektrischen Installationen ausschliesslich von qualifizierten Elektrounternehmen ausgef\u00fchrt [&hellip;]<\/p>\n","protected":false},"author":31,"featured_media":0,"comment_status":"closed","ping_status":"closed","sticky":false,"template":"","format":"standard","meta":{"_acf_changed":false,"pgc_sgb_lightbox_settings":"","footnotes":""},"categories":[67],"tags":[335,972,1958],"class_list":["post-25145","post","type-post","status-publish","format-standard","hentry","category-brandschutz","tag-bfb","tag-brand","tag-elektrizitaet"],"acf":[],"hkrextid":null,"publication":null,"issue":null,"workflow":null,"startPage":null,"spitzmarke":null,"_posts_by_tag_page_fields":null,"_at_widget":null,"_yoast_wpseo_primary_category":"67","_yoast_wpseo_focuskw_text_input":null,"_yoast_wpseo_opengraph-image":null,"_yoast_wpseo_opengraph-description":null,"_yoast_wpseo_opengraph-title":null,"enclosure":null,"_yoast_wpseo_twitter-title":null,"_yoast_wpseo_twitter-description":null,"_yoast_wpseo_twitter-image":null,"_wp_old_slug":null,"_yoast_wpseo_title":null,"_yoast_wpseo_canonical":null,"yoast_head":"<!-- This site is optimized with the Yoast SEO plugin v27.4 - https:\/\/yoast.com\/product\/yoast-seo-wordpress\/ -->\n<title>Elektrizit\u00e4t verursacht 3000 Br\u00e4nde pro Jahr - Save<\/title>\n<meta name=\"description\" content=\"In den letzten zehn Jahren ereigneten sich in\u00a0der Schweiz j\u00e4hrlich rund\u00a03000\u00a0Geb\u00e4udebr\u00e4nde, die durch Elektrizit\u00e4t verursacht wurden.\" \/>\n<meta name=\"robots\" content=\"index, follow, max-snippet:-1, max-image-preview:large, max-video-preview:-1\" \/>\n<link rel=\"canonical\" href=\"https:\/\/news.save.ch\/it\/elektrizitaet-verursacht-3000-braende-pro-jahr\/\" \/>\n<meta property=\"og:locale\" content=\"it_IT\" \/>\n<meta property=\"og:type\" content=\"article\" \/>\n<meta property=\"og:title\" content=\"Elektrizit\u00e4t verursacht 3000 Br\u00e4nde pro Jahr - Save\" \/>\n<meta property=\"og:description\" content=\"In den letzten zehn Jahren ereigneten sich in\u00a0der Schweiz j\u00e4hrlich rund\u00a03000\u00a0Geb\u00e4udebr\u00e4nde, die durch Elektrizit\u00e4t verursacht wurden.\" \/>\n<meta property=\"og:url\" content=\"https:\/\/news.save.ch\/it\/elektrizitaet-verursacht-3000-braende-pro-jahr\/\" \/>\n<meta property=\"og:site_name\" content=\"Save\" \/>\n<meta property=\"article:published_time\" content=\"2026-04-22T09:22:04+00:00\" \/>\n<meta property=\"article:modified_time\" content=\"2026-04-28T09:22:23+00:00\" \/>\n<meta property=\"og:image\" content=\"https:\/\/news.save.ch\/wp-content\/uploads\/2026\/04\/Depositphotos_522767376_S-1.jpg\" \/>\n\t<meta property=\"og:image:width\" content=\"1000\" \/>\n\t<meta property=\"og:image:height\" content=\"747\" \/>\n\t<meta property=\"og:image:type\" content=\"image\/jpeg\" \/>\n<meta name=\"author\" content=\"stefanie Zeng\" \/>\n<meta name=\"twitter:card\" content=\"summary_large_image\" \/>\n<meta name=\"twitter:label1\" content=\"Scritto da\" \/>\n\t<meta name=\"twitter:data1\" content=\"stefanie Zeng\" \/>\n\t<meta name=\"twitter:label2\" content=\"Tempo di lettura stimato\" \/>\n\t<meta name=\"twitter:data2\" content=\"2 minuti\" \/>\n<script type=\"application\/ld+json\" class=\"yoast-schema-graph\">{\"@context\":\"https:\\\/\\\/schema.org\",\"@graph\":[{\"@type\":\"Article\",\"@id\":\"https:\\\/\\\/news.save.ch\\\/elektrizitaet-verursacht-3000-braende-pro-jahr\\\/#article\",\"isPartOf\":{\"@id\":\"https:\\\/\\\/news.save.ch\\\/elektrizitaet-verursacht-3000-braende-pro-jahr\\\/\"},\"author\":{\"name\":\"stefanie Zeng\",\"@id\":\"https:\\\/\\\/news.save.ch\\\/de\\\/#\\\/schema\\\/person\\\/10917387362b3961e882740f6cf6f2a2\"},\"headline\":\"Elektrizit\u00e4t verursacht 3000 Br\u00e4nde pro Jahr\",\"datePublished\":\"2026-04-22T09:22:04+00:00\",\"dateModified\":\"2026-04-28T09:22:23+00:00\",\"mainEntityOfPage\":{\"@id\":\"https:\\\/\\\/news.save.ch\\\/elektrizitaet-verursacht-3000-braende-pro-jahr\\\/\"},\"wordCount\":228,\"publisher\":{\"@id\":\"https:\\\/\\\/news.save.ch\\\/de\\\/#organization\"},\"image\":{\"@id\":\"https:\\\/\\\/news.save.ch\\\/elektrizitaet-verursacht-3000-braende-pro-jahr\\\/#primaryimage\"},\"thumbnailUrl\":\"https:\\\/\\\/news.save.ch\\\/wp-content\\\/uploads\\\/2026\\\/04\\\/Depositphotos_522767376_S-1-680x508.jpg\",\"keywords\":[\"BfB\",\"Brand\",\"Elektrizit\u00e4t\"],\"articleSection\":[\"BRANDSCHUTZ\"],\"inLanguage\":\"it-IT\"},{\"@type\":\"WebPage\",\"@id\":\"https:\\\/\\\/news.save.ch\\\/elektrizitaet-verursacht-3000-braende-pro-jahr\\\/\",\"url\":\"https:\\\/\\\/news.save.ch\\\/elektrizitaet-verursacht-3000-braende-pro-jahr\\\/\",\"name\":\"Elektrizit\u00e4t verursacht 3000 Br\u00e4nde pro Jahr - Save\",\"isPartOf\":{\"@id\":\"https:\\\/\\\/news.save.ch\\\/de\\\/#website\"},\"primaryImageOfPage\":{\"@id\":\"https:\\\/\\\/news.save.ch\\\/elektrizitaet-verursacht-3000-braende-pro-jahr\\\/#primaryimage\"},\"image\":{\"@id\":\"https:\\\/\\\/news.save.ch\\\/elektrizitaet-verursacht-3000-braende-pro-jahr\\\/#primaryimage\"},\"thumbnailUrl\":\"https:\\\/\\\/news.save.ch\\\/wp-content\\\/uploads\\\/2026\\\/04\\\/Depositphotos_522767376_S-1-680x508.jpg\",\"datePublished\":\"2026-04-22T09:22:04+00:00\",\"dateModified\":\"2026-04-28T09:22:23+00:00\",\"description\":\"In den letzten zehn Jahren ereigneten sich in\u00a0der Schweiz j\u00e4hrlich rund\u00a03000\u00a0Geb\u00e4udebr\u00e4nde, die durch Elektrizit\u00e4t verursacht wurden.\",\"breadcrumb\":{\"@id\":\"https:\\\/\\\/news.save.ch\\\/elektrizitaet-verursacht-3000-braende-pro-jahr\\\/#breadcrumb\"},\"inLanguage\":\"it-IT\",\"potentialAction\":[{\"@type\":\"ReadAction\",\"target\":[\"https:\\\/\\\/news.save.ch\\\/elektrizitaet-verursacht-3000-braende-pro-jahr\\\/\"]}]},{\"@type\":\"ImageObject\",\"inLanguage\":\"it-IT\",\"@id\":\"https:\\\/\\\/news.save.ch\\\/elektrizitaet-verursacht-3000-braende-pro-jahr\\\/#primaryimage\",\"url\":\"https:\\\/\\\/news.save.ch\\\/wp-content\\\/uploads\\\/2026\\\/04\\\/Depositphotos_522767376_S-1-680x508.jpg\",\"contentUrl\":\"https:\\\/\\\/news.save.ch\\\/wp-content\\\/uploads\\\/2026\\\/04\\\/Depositphotos_522767376_S-1-680x508.jpg\"},{\"@type\":\"BreadcrumbList\",\"@id\":\"https:\\\/\\\/news.save.ch\\\/elektrizitaet-verursacht-3000-braende-pro-jahr\\\/#breadcrumb\",\"itemListElement\":[{\"@type\":\"ListItem\",\"position\":1,\"name\":\"Home\",\"item\":\"https:\\\/\\\/news.save.ch\\\/de\\\/\"},{\"@type\":\"ListItem\",\"position\":2,\"name\":\"Elektrizit\u00e4t verursacht 3000 Br\u00e4nde pro Jahr\"}]},{\"@type\":\"WebSite\",\"@id\":\"https:\\\/\\\/news.save.ch\\\/de\\\/#website\",\"url\":\"https:\\\/\\\/news.save.ch\\\/de\\\/\",\"name\":\"Save\",\"description\":\"Schweizer Fachzeitschrift f\u00fcr Sicherheit\",\"publisher\":{\"@id\":\"https:\\\/\\\/news.save.ch\\\/de\\\/#organization\"},\"potentialAction\":[{\"@type\":\"SearchAction\",\"target\":{\"@type\":\"EntryPoint\",\"urlTemplate\":\"https:\\\/\\\/news.save.ch\\\/de\\\/?s={search_term_string}\"},\"query-input\":{\"@type\":\"PropertyValueSpecification\",\"valueRequired\":true,\"valueName\":\"search_term_string\"}}],\"inLanguage\":\"it-IT\"},{\"@type\":\"Organization\",\"@id\":\"https:\\\/\\\/news.save.ch\\\/de\\\/#organization\",\"name\":\"Sicherheitsforum\",\"url\":\"https:\\\/\\\/news.save.ch\\\/de\\\/\",\"logo\":{\"@type\":\"ImageObject\",\"inLanguage\":\"it-IT\",\"@id\":\"https:\\\/\\\/news.save.ch\\\/de\\\/#\\\/schema\\\/logo\\\/image\\\/\",\"url\":\"https:\\\/\\\/news.save.ch\\\/wp-content\\\/uploads\\\/2022\\\/06\\\/Logo_SF_2012.png\",\"contentUrl\":\"https:\\\/\\\/news.save.ch\\\/wp-content\\\/uploads\\\/2022\\\/06\\\/Logo_SF_2012.png\",\"width\":1100,\"height\":91,\"caption\":\"Sicherheitsforum\"},\"image\":{\"@id\":\"https:\\\/\\\/news.save.ch\\\/de\\\/#\\\/schema\\\/logo\\\/image\\\/\"}},{\"@type\":\"Person\",\"@id\":\"https:\\\/\\\/news.save.ch\\\/de\\\/#\\\/schema\\\/person\\\/10917387362b3961e882740f6cf6f2a2\",\"name\":\"stefanie Zeng\",\"image\":{\"@type\":\"ImageObject\",\"inLanguage\":\"it-IT\",\"@id\":\"https:\\\/\\\/secure.gravatar.com\\\/avatar\\\/eac43faa6e40bb2c41068c95c9d78bbd94c476d5efdff7abaab80bb3ea681e06?s=96&d=mm&r=g\",\"url\":\"https:\\\/\\\/secure.gravatar.com\\\/avatar\\\/eac43faa6e40bb2c41068c95c9d78bbd94c476d5efdff7abaab80bb3ea681e06?s=96&d=mm&r=g\",\"contentUrl\":\"https:\\\/\\\/secure.gravatar.com\\\/avatar\\\/eac43faa6e40bb2c41068c95c9d78bbd94c476d5efdff7abaab80bb3ea681e06?s=96&d=mm&r=g\",\"caption\":\"stefanie Zeng\"},\"url\":\"https:\\\/\\\/news.save.ch\\\/it\\\/author\\\/stefanie-zeng\\\/\"}]}<\/script>\n<!-- \/ Yoast SEO plugin. -->","yoast_head_json":{"title":"Elektrizit\u00e4t verursacht 3000 Br\u00e4nde pro Jahr - Save","description":"In den letzten zehn Jahren ereigneten sich in\u00a0der Schweiz j\u00e4hrlich rund\u00a03000\u00a0Geb\u00e4udebr\u00e4nde, die durch Elektrizit\u00e4t verursacht wurden.","robots":{"index":"index","follow":"follow","max-snippet":"max-snippet:-1","max-image-preview":"max-image-preview:large","max-video-preview":"max-video-preview:-1"},"canonical":"https:\/\/news.save.ch\/it\/elektrizitaet-verursacht-3000-braende-pro-jahr\/","og_locale":"it_IT","og_type":"article","og_title":"Elektrizit\u00e4t verursacht 3000 Br\u00e4nde pro Jahr - Save","og_description":"In den letzten zehn Jahren ereigneten sich in\u00a0der Schweiz j\u00e4hrlich rund\u00a03000\u00a0Geb\u00e4udebr\u00e4nde, die durch Elektrizit\u00e4t verursacht wurden.","og_url":"https:\/\/news.save.ch\/it\/elektrizitaet-verursacht-3000-braende-pro-jahr\/","og_site_name":"Save","article_published_time":"2026-04-22T09:22:04+00:00","article_modified_time":"2026-04-28T09:22:23+00:00","og_image":[{"width":1000,"height":747,"url":"https:\/\/news.save.ch\/wp-content\/uploads\/2026\/04\/Depositphotos_522767376_S-1.jpg","type":"image\/jpeg"}],"author":"stefanie Zeng","twitter_card":"summary_large_image","twitter_misc":{"Scritto da":"stefanie Zeng","Tempo di lettura stimato":"2 minuti"},"schema":{"@context":"https:\/\/schema.org","@graph":[{"@type":"Article","@id":"https:\/\/news.save.ch\/elektrizitaet-verursacht-3000-braende-pro-jahr\/#article","isPartOf":{"@id":"https:\/\/news.save.ch\/elektrizitaet-verursacht-3000-braende-pro-jahr\/"},"author":{"name":"stefanie Zeng","@id":"https:\/\/news.save.ch\/de\/#\/schema\/person\/10917387362b3961e882740f6cf6f2a2"},"headline":"Elektrizit\u00e4t verursacht 3000 Br\u00e4nde pro Jahr","datePublished":"2026-04-22T09:22:04+00:00","dateModified":"2026-04-28T09:22:23+00:00","mainEntityOfPage":{"@id":"https:\/\/news.save.ch\/elektrizitaet-verursacht-3000-braende-pro-jahr\/"},"wordCount":228,"publisher":{"@id":"https:\/\/news.save.ch\/de\/#organization"},"image":{"@id":"https:\/\/news.save.ch\/elektrizitaet-verursacht-3000-braende-pro-jahr\/#primaryimage"},"thumbnailUrl":"https:\/\/news.save.ch\/wp-content\/uploads\/2026\/04\/Depositphotos_522767376_S-1-680x508.jpg","keywords":["BfB","Brand","Elektrizit\u00e4t"],"articleSection":["BRANDSCHUTZ"],"inLanguage":"it-IT"},{"@type":"WebPage","@id":"https:\/\/news.save.ch\/elektrizitaet-verursacht-3000-braende-pro-jahr\/","url":"https:\/\/news.save.ch\/elektrizitaet-verursacht-3000-braende-pro-jahr\/","name":"Elektrizit\u00e4t verursacht 3000 Br\u00e4nde pro Jahr - Save","isPartOf":{"@id":"https:\/\/news.save.ch\/de\/#website"},"primaryImageOfPage":{"@id":"https:\/\/news.save.ch\/elektrizitaet-verursacht-3000-braende-pro-jahr\/#primaryimage"},"image":{"@id":"https:\/\/news.save.ch\/elektrizitaet-verursacht-3000-braende-pro-jahr\/#primaryimage"},"thumbnailUrl":"https:\/\/news.save.ch\/wp-content\/uploads\/2026\/04\/Depositphotos_522767376_S-1-680x508.jpg","datePublished":"2026-04-22T09:22:04+00:00","dateModified":"2026-04-28T09:22:23+00:00","description":"In den letzten zehn Jahren ereigneten sich in\u00a0der Schweiz j\u00e4hrlich rund\u00a03000\u00a0Geb\u00e4udebr\u00e4nde, die durch Elektrizit\u00e4t verursacht wurden.","breadcrumb":{"@id":"https:\/\/news.save.ch\/elektrizitaet-verursacht-3000-braende-pro-jahr\/#breadcrumb"},"inLanguage":"it-IT","potentialAction":[{"@type":"ReadAction","target":["https:\/\/news.save.ch\/elektrizitaet-verursacht-3000-braende-pro-jahr\/"]}]},{"@type":"ImageObject","inLanguage":"it-IT","@id":"https:\/\/news.save.ch\/elektrizitaet-verursacht-3000-braende-pro-jahr\/#primaryimage","url":"https:\/\/news.save.ch\/wp-content\/uploads\/2026\/04\/Depositphotos_522767376_S-1-680x508.jpg","contentUrl":"https:\/\/news.save.ch\/wp-content\/uploads\/2026\/04\/Depositphotos_522767376_S-1-680x508.jpg"},{"@type":"BreadcrumbList","@id":"https:\/\/news.save.ch\/elektrizitaet-verursacht-3000-braende-pro-jahr\/#breadcrumb","itemListElement":[{"@type":"ListItem","position":1,"name":"Home","item":"https:\/\/news.save.ch\/de\/"},{"@type":"ListItem","position":2,"name":"Elektrizit\u00e4t verursacht 3000 Br\u00e4nde pro Jahr"}]},{"@type":"WebSite","@id":"https:\/\/news.save.ch\/de\/#website","url":"https:\/\/news.save.ch\/de\/","name":"Risparmiare","description":"Rivista svizzera specializzata in sicurezza","publisher":{"@id":"https:\/\/news.save.ch\/de\/#organization"},"potentialAction":[{"@type":"SearchAction","target":{"@type":"EntryPoint","urlTemplate":"https:\/\/news.save.ch\/de\/?s={search_term_string}"},"query-input":{"@type":"PropertyValueSpecification","valueRequired":true,"valueName":"search_term_string"}}],"inLanguage":"it-IT"},{"@type":"Organization","@id":"https:\/\/news.save.ch\/de\/#organization","name":"Forum sulla sicurezza","url":"https:\/\/news.save.ch\/de\/","logo":{"@type":"ImageObject","inLanguage":"it-IT","@id":"https:\/\/news.save.ch\/de\/#\/schema\/logo\/image\/","url":"https:\/\/news.save.ch\/wp-content\/uploads\/2022\/06\/Logo_SF_2012.png","contentUrl":"https:\/\/news.save.ch\/wp-content\/uploads\/2022\/06\/Logo_SF_2012.png","width":1100,"height":91,"caption":"Sicherheitsforum"},"image":{"@id":"https:\/\/news.save.ch\/de\/#\/schema\/logo\/image\/"}},{"@type":"Person","@id":"https:\/\/news.save.ch\/de\/#\/schema\/person\/10917387362b3961e882740f6cf6f2a2","name":"Stefanie Zeng","image":{"@type":"ImageObject","inLanguage":"it-IT","@id":"https:\/\/secure.gravatar.com\/avatar\/eac43faa6e40bb2c41068c95c9d78bbd94c476d5efdff7abaab80bb3ea681e06?s=96&d=mm&r=g","url":"https:\/\/secure.gravatar.com\/avatar\/eac43faa6e40bb2c41068c95c9d78bbd94c476d5efdff7abaab80bb3ea681e06?s=96&d=mm&r=g","contentUrl":"https:\/\/secure.gravatar.com\/avatar\/eac43faa6e40bb2c41068c95c9d78bbd94c476d5efdff7abaab80bb3ea681e06?s=96&d=mm&r=g","caption":"stefanie Zeng"},"url":"https:\/\/news.save.ch\/it\/author\/stefanie-zeng\/"}]}},"_links":{"self":[{"href":"https:\/\/news.save.ch\/it\/wp-json\/wp\/v2\/posts\/25145","targetHints":{"allow":["GET"]}}],"collection":[{"href":"https:\/\/news.save.ch\/it\/wp-json\/wp\/v2\/posts"}],"about":[{"href":"https:\/\/news.save.ch\/it\/wp-json\/wp\/v2\/types\/post"}],"author":[{"embeddable":true,"href":"https:\/\/news.save.ch\/it\/wp-json\/wp\/v2\/users\/31"}],"replies":[{"embeddable":true,"href":"https:\/\/news.save.ch\/it\/wp-json\/wp\/v2\/comments?post=25145"}],"version-history":[{"count":2,"href":"https:\/\/news.save.ch\/it\/wp-json\/wp\/v2\/posts\/25145\/revisions"}],"predecessor-version":[{"id":25148,"href":"https:\/\/news.save.ch\/it\/wp-json\/wp\/v2\/posts\/25145\/revisions\/25148"}],"wp:attachment":[{"href":"https:\/\/news.save.ch\/it\/wp-json\/wp\/v2\/media?parent=25145"}],"wp:term":[{"taxonomy":"category","embeddable":true,"href":"https:\/\/news.save.ch\/it\/wp-json\/wp\/v2\/categories?post=25145"},{"taxonomy":"post_tag","embeddable":true,"href":"https:\/\/news.save.ch\/it\/wp-json\/wp\/v2\/tags?post=25145"}],"curies":[{"name":"wp","href":"https:\/\/api.w.org\/{rel}","templated":true}]}}