{"id":25150,"date":"2026-04-27T13:31:11","date_gmt":"2026-04-27T11:31:11","guid":{"rendered":"https:\/\/news.save.ch\/?p=25150"},"modified":"2026-04-27T13:31:11","modified_gmt":"2026-04-27T11:31:11","slug":"jubilaeums-gv-von-swiss-safety-im-kkl-luzern","status":null,"type":"post","link":"https:\/\/news.save.ch\/it\/jubilaeums-gv-von-swiss-safety-im-kkl-luzern\/","title":{"rendered":"Assemblea generale di swiss safety al KKL di Lucerna"},"content":{"rendered":"<figure id=\"attachment_25152\" aria-describedby=\"caption-attachment-25152\" style=\"width: 680px\" class=\"wp-caption alignnone\"><img loading=\"lazy\" decoding=\"async\" class=\"wp-image-25152 size-medium\" src=\"https:\/\/news.save.ch\/wp-content\/uploads\/2026\/04\/Bild_02_DormanLaura_GraberDominique_Ehrenmitglied_MartinClaude-680x510.jpg\" alt=\"\" width=\"680\" height=\"510\" srcset=\"https:\/\/news.save.ch\/wp-content\/uploads\/2026\/04\/Bild_02_DormanLaura_GraberDominique_Ehrenmitglied_MartinClaude-680x510.jpg 680w, https:\/\/news.save.ch\/wp-content\/uploads\/2026\/04\/Bild_02_DormanLaura_GraberDominique_Ehrenmitglied_MartinClaude-1024x768.jpg 1024w, https:\/\/news.save.ch\/wp-content\/uploads\/2026\/04\/Bild_02_DormanLaura_GraberDominique_Ehrenmitglied_MartinClaude-768x576.jpg 768w, https:\/\/news.save.ch\/wp-content\/uploads\/2026\/04\/Bild_02_DormanLaura_GraberDominique_Ehrenmitglied_MartinClaude-1536x1152.jpg 1536w, https:\/\/news.save.ch\/wp-content\/uploads\/2026\/04\/Bild_02_DormanLaura_GraberDominique_Ehrenmitglied_MartinClaude-2048x1536.jpg 2048w, https:\/\/news.save.ch\/wp-content\/uploads\/2026\/04\/Bild_02_DormanLaura_GraberDominique_Ehrenmitglied_MartinClaude-16x12.jpg 16w, https:\/\/news.save.ch\/wp-content\/uploads\/2026\/04\/Bild_02_DormanLaura_GraberDominique_Ehrenmitglied_MartinClaude-375x281.jpg 375w, https:\/\/news.save.ch\/wp-content\/uploads\/2026\/04\/Bild_02_DormanLaura_GraberDominique_Ehrenmitglied_MartinClaude-467x350.jpg 467w, https:\/\/news.save.ch\/wp-content\/uploads\/2026\/04\/Bild_02_DormanLaura_GraberDominique_Ehrenmitglied_MartinClaude-1000x750.jpg 1000w, https:\/\/news.save.ch\/wp-content\/uploads\/2026\/04\/Bild_02_DormanLaura_GraberDominique_Ehrenmitglied_MartinClaude-scaled.jpg 1200w\" sizes=\"auto, (max-width: 680px) 100vw, 680px\" \/><figcaption id=\"caption-attachment-25152\" class=\"wp-caption-text\">Laura Dorman (nuovo presidente di swiss safety) accompagnata dalla dimissionaria Dominique Graber e dal membro onorario Claude Martin (Foto: Markus Good)<\/figcaption><\/figure>\n<p>Le questioni statutarie sono state affrontate rapidamente. L'associazione ha una solida base finanziaria e pu\u00f2 facilmente far fronte alle perdite previste per il 2026 grazie alle maggiori spese nei settori del marketing, del sito web e delle attivit\u00e0 pi\u00f9 intense sui social media. Si \u00e8 discusso anche dello sviluppo dell'effettivo. Attualmente Swiss safety conta 53 membri attivi, otto membri specializzati, cinque membri passivi e cinque membri onorari. swiss safety ha inoltre potuto continuare a lavorare su una buona base in termini di comunicazione e cooperazione con le organizzazioni partner e intensificare i rapporti.<\/p>\n<h3>Punti focali del lavoro dell'associazione<\/h3>\n<p>Un punto importante del lavoro dell'associazione lo scorso anno \u00e8 stato anche il nuovo concetto di formazione per i membri. A questo scopo \u00e8 stato lanciato un nuovo \u00abworkshop sulla vendita dei DPI\u00bb. Il workshop, che si \u00e8 tenuto per la prima volta, ha suscitato grande interesse. Sono quindi previsti eventi successivi. Anche l'e-Toolbox, lanciato dall'associazione alcuni anni fa come opera di riferimento online per l'uso dei dispositivi di protezione individuale (DPI) e liberamente accessibile a tutte le parti interessate, \u00e8 uno dei principali obiettivi dell'associazione e offre misure di sensibilizzazione sul mercato per rendere i dipendenti a rischio consapevoli dell'uso efficace dei DPI. I video didattici, in particolare, offrono un valido supporto ai corsi di formazione e al trasferimento pratico delle conoscenze specialistiche.<\/p>\n<figure id=\"attachment_25153\" aria-describedby=\"caption-attachment-25153\" style=\"width: 680px\" class=\"wp-caption alignnone\"><img loading=\"lazy\" decoding=\"async\" class=\"wp-image-25153 size-medium\" src=\"https:\/\/news.save.ch\/wp-content\/uploads\/2026\/04\/Bild_03_GV_swiss_safety_Luzern-680x510.jpg\" alt=\"\" width=\"680\" height=\"510\" srcset=\"https:\/\/news.save.ch\/wp-content\/uploads\/2026\/04\/Bild_03_GV_swiss_safety_Luzern-680x510.jpg 680w, https:\/\/news.save.ch\/wp-content\/uploads\/2026\/04\/Bild_03_GV_swiss_safety_Luzern-1024x768.jpg 1024w, https:\/\/news.save.ch\/wp-content\/uploads\/2026\/04\/Bild_03_GV_swiss_safety_Luzern-768x576.jpg 768w, https:\/\/news.save.ch\/wp-content\/uploads\/2026\/04\/Bild_03_GV_swiss_safety_Luzern-1536x1152.jpg 1536w, https:\/\/news.save.ch\/wp-content\/uploads\/2026\/04\/Bild_03_GV_swiss_safety_Luzern-2048x1536.jpg 2048w, https:\/\/news.save.ch\/wp-content\/uploads\/2026\/04\/Bild_03_GV_swiss_safety_Luzern-16x12.jpg 16w, https:\/\/news.save.ch\/wp-content\/uploads\/2026\/04\/Bild_03_GV_swiss_safety_Luzern-375x281.jpg 375w, https:\/\/news.save.ch\/wp-content\/uploads\/2026\/04\/Bild_03_GV_swiss_safety_Luzern-467x350.jpg 467w, https:\/\/news.save.ch\/wp-content\/uploads\/2026\/04\/Bild_03_GV_swiss_safety_Luzern-1000x750.jpg 1000w, https:\/\/news.save.ch\/wp-content\/uploads\/2026\/04\/Bild_03_GV_swiss_safety_Luzern-scaled.jpg 1200w\" sizes=\"auto, (max-width: 680px) 100vw, 680px\" \/><figcaption id=\"caption-attachment-25153\" class=\"wp-caption-text\">Parte ordinaria dell'Assemblea generale dell'anniversario della sicurezza svizzera presso il KKL di Lucerna (Foto: Markus Good)<\/figcaption><\/figure>\n<p>&nbsp;<\/p>\n<p>Un momento speciale dell'Assemblea generale dell'anniversario \u00e8 stato il ritiro di Dominique Graber dalla presidenza. Dominique Graber \u00e8 stato attivo come presidente dell'associazione per quasi 15 anni ed \u00e8 stato membro del Consiglio direttivo per diversi anni. In questo periodo ha dato grande impulso al lavoro dell'associazione, ha avviato numerose attivit\u00e0 nell'interesse della sicurezza svizzera e le ha realizzate con successo insieme al Consiglio direttivo. Dominique Graber si \u00e8 ora dimesso dalla sua posizione. Il suo collega Ralph Jaschek ha reso omaggio al suo grande impegno con un discorso elogiativo. Dominique Graber \u00e8 stato poi nominato nuovo membro onorario con un grande applauso.<\/p>\n<p>Anche Denis B\u00fcrgi, che per oltre un decennio ha svolto un ruolo chiave nel dare forma all'associazione, \u00e8 stato allontanato dal Consiglio direttivo. Il suo impegno \u00e8 stato onorato anche da un discorso del collega Ralph Jaschek, membro del Consiglio direttivo. L'assemblea ha ringraziato calorosamente entrambe le persone per il loro impegno pluriennale, i loro servizi e la loro solidariet\u00e0 nei confronti di swiss safety.<\/p>\n<h3>Eletto il nuovo presidente<\/h3>\n<p>A causa delle due partenze di cui sopra, le elezioni sono state al centro dell'attenzione. Laura Dorman \u00e8 stata eletta nuovo Presidente di swiss safety. Subentra a Dominique Graber nella presidenza e guider\u00e0 l'associazione nella prossima fase. Si descrive come un'appassionata di DPI. Insieme all'associazione e a tutti i membri, continuer\u00e0 a lavorare duramente per garantire che in Svizzera vengano utilizzati e venduti solo DPI certificati e di alta qualit\u00e0. Stefan Bissig di Zeder AG e Lisa Weber di W\u00fcrth AG Svizzera sono stati eletti nuovi membri del Consiglio direttivo. I membri del Consiglio gi\u00e0 in carica, Ralf W. Jaschek, Yves Schwarz, Sandro Natuzzi e Alois Benz, sono stati rieletti.<\/p>\n<p>Nell'ambito del programma annuale sono state presentate le prossime attivit\u00e0 e i punti focali. Un'attenzione particolare \u00e8 stata rivolta anche alla cronaca degli ultimi 50 anni, che documenta lo sviluppo dell'associazione e le tappe importanti della sua storia.<\/p>\n<p>L'Assemblea generale dell'anniversario \u00e8 stata arricchita da diversi messaggi di benvenuto. Simon Schnyder dell'Associazione svizzera di categoria ha riconosciuto l'impegno di swiss safety. Ha sottolineato quanto sia importante che la protezione non rimanga pura teoria, ma sia effettivamente applicata sul mercato con soluzioni pragmatiche. Marcel Knecht dell'Associazione svizzera per la standardizzazione ha sottolineato l'importanza degli standard come base per la qualit\u00e0 e la sicurezza e come singolo ma importante tassello del puzzle nel settore dei dispositivi di protezione individuale. \u00c8 anche merito di swiss safety se le sue attivit\u00e0 di sensibilizzazione e la commercializzazione di DPI certificati e di alta qualit\u00e0 portano a una maggiore sicurezza sul posto di lavoro. Henk Vanhoutte della Federazione europea della sicurezza ha sottolineato l'importanza di una rete forte come quella di swiss safety. Soprattutto in un settore specializzato, lo scambio tra membri, partner e istituzioni \u00e8 fondamentale per sviluppare insieme soluzioni efficaci e rafforzare la sicurezza a lungo termine.<\/p>\n<figure id=\"attachment_25154\" aria-describedby=\"caption-attachment-25154\" style=\"width: 680px\" class=\"wp-caption alignnone\"><img loading=\"lazy\" decoding=\"async\" class=\"wp-image-25154 size-medium\" src=\"https:\/\/news.save.ch\/wp-content\/uploads\/2026\/04\/Bild_04_Fuehrung_KKL-680x510.jpg\" alt=\"\" width=\"680\" height=\"510\" srcset=\"https:\/\/news.save.ch\/wp-content\/uploads\/2026\/04\/Bild_04_Fuehrung_KKL-680x510.jpg 680w, https:\/\/news.save.ch\/wp-content\/uploads\/2026\/04\/Bild_04_Fuehrung_KKL-1024x768.jpg 1024w, https:\/\/news.save.ch\/wp-content\/uploads\/2026\/04\/Bild_04_Fuehrung_KKL-768x576.jpg 768w, https:\/\/news.save.ch\/wp-content\/uploads\/2026\/04\/Bild_04_Fuehrung_KKL-1536x1152.jpg 1536w, https:\/\/news.save.ch\/wp-content\/uploads\/2026\/04\/Bild_04_Fuehrung_KKL-2048x1536.jpg 2048w, https:\/\/news.save.ch\/wp-content\/uploads\/2026\/04\/Bild_04_Fuehrung_KKL-16x12.jpg 16w, https:\/\/news.save.ch\/wp-content\/uploads\/2026\/04\/Bild_04_Fuehrung_KKL-375x281.jpg 375w, https:\/\/news.save.ch\/wp-content\/uploads\/2026\/04\/Bild_04_Fuehrung_KKL-467x350.jpg 467w, https:\/\/news.save.ch\/wp-content\/uploads\/2026\/04\/Bild_04_Fuehrung_KKL-1000x750.jpg 1000w, https:\/\/news.save.ch\/wp-content\/uploads\/2026\/04\/Bild_04_Fuehrung_KKL-scaled.jpg 1200w\" sizes=\"auto, (max-width: 680px) 100vw, 680px\" \/><figcaption id=\"caption-attachment-25154\" class=\"wp-caption-text\">Visita guidata al KKL in occasione dell'assemblea generale di swiss safety (Foto: Markus Good)<\/figcaption><\/figure>\n<p>In occasione della sua 50a Assemblea Generale, swiss safety non solo ha guardato indietro a mezzo secolo di storia dell'associazione, ma ha anche tracciato la rotta per il futuro. L'incontro per l'anniversario, tenutosi al KKL di Lucerna, ha dimostrato che l'associazione dispone di una rete forte, di membri impegnati e di un chiaro orientamento verso soluzioni pratiche ed efficaci nel campo dei dispositivi di protezione individuale.<\/p>\n<p>Dopo la parte ufficiale, i partecipanti hanno assistito a un'emozionante visita del KKL Luzern, che ha fornito interessanti informazioni sull'architettura, la storia e il funzionamento del rinomato centro culturale e congressuale. \u00c8 seguito un aperitivo, che ha offerto l'opportunit\u00e0 di dialogare e confrontarsi personalmente. In seguito, i festeggiamenti sulla nave si sono conclusi in modo memorabile con un pranzo condiviso e molte conversazioni stimolanti. L'anniversario dei \u00ab50 anni di sicurezza svizzera\u00bb \u00e8 stato cos\u00ec celebrato in una cornice degna di nota e concluso in modo impressionante.<\/p>","protected":false},"excerpt":{"rendered":"<p>Die statutarischen Gesch\u00e4fte konnten speditiv behandelt werden. Der Verband steht auf einem soliden finanziellen Fundament und kann den f\u00fcr 2026 budgetierten Verlust aufgrund gr\u00f6sserer Aufwendungen im Bereich Marketing, Webauftritt und intensiveren Aktivit\u00e4ten auf Social Media locker verkraften. Auch die Mitgliederentwicklung wurde thematisiert. Swiss safety z\u00e4hlt aktuell 53 Aktivmitglieder, acht Fachmitglieder, f\u00fcnf Passivmitglieder sowie f\u00fcnf Ehrenmitglieder. [&hellip;]<\/p>\n","protected":false},"author":31,"featured_media":0,"comment_status":"closed","ping_status":"closed","sticky":false,"template":"","format":"standard","meta":{"_acf_changed":false,"pgc_sgb_lightbox_settings":"","footnotes":""},"categories":[3317],"tags":[2722,3052],"class_list":["post-25150","post","type-post","status-publish","format-standard","hentry","category-friends","tag-psa","tag-swiss-safety"],"acf":[],"hkrextid":null,"publication":null,"issue":null,"workflow":null,"startPage":null,"spitzmarke":null,"_posts_by_tag_page_fields":null,"_at_widget":null,"_yoast_wpseo_primary_category":"3317","_yoast_wpseo_focuskw_text_input":null,"_yoast_wpseo_opengraph-image":null,"_yoast_wpseo_opengraph-description":null,"_yoast_wpseo_opengraph-title":null,"enclosure":null,"_yoast_wpseo_twitter-title":null,"_yoast_wpseo_twitter-description":null,"_yoast_wpseo_twitter-image":null,"_wp_old_slug":null,"_yoast_wpseo_title":null,"_yoast_wpseo_canonical":null,"yoast_head":"<!-- This site is optimized with the Yoast SEO plugin v27.4 - https:\/\/yoast.com\/product\/yoast-seo-wordpress\/ -->\n<title>Jubil\u00e4ums-GV von swiss safety im KKL Luzern - Save<\/title>\n<meta name=\"description\" content=\"Die 50. Generalversammlung des Branchenverbands swiss safety fand am 24. April 2026 im KKL Luzern statt.\" \/>\n<meta name=\"robots\" content=\"index, follow, max-snippet:-1, max-image-preview:large, max-video-preview:-1\" \/>\n<link rel=\"canonical\" href=\"https:\/\/news.save.ch\/it\/jubilaeums-gv-von-swiss-safety-im-kkl-luzern\/\" \/>\n<meta property=\"og:locale\" content=\"it_IT\" \/>\n<meta property=\"og:type\" content=\"article\" \/>\n<meta property=\"og:title\" content=\"Jubil\u00e4ums-GV von swiss safety im KKL Luzern - Save\" \/>\n<meta property=\"og:description\" content=\"Die 50. Generalversammlung des Branchenverbands swiss safety fand am 24. April 2026 im KKL Luzern statt.\" \/>\n<meta property=\"og:url\" content=\"https:\/\/news.save.ch\/it\/jubilaeums-gv-von-swiss-safety-im-kkl-luzern\/\" \/>\n<meta property=\"og:site_name\" content=\"Save\" \/>\n<meta property=\"article:published_time\" content=\"2026-04-27T11:31:11+00:00\" \/>\n<meta property=\"og:image\" content=\"https:\/\/news.save.ch\/wp-content\/uploads\/2026\/04\/Bild_02_DormanLaura_GraberDominique_Ehrenmitglied_MartinClaude-scaled.jpg\" \/>\n\t<meta property=\"og:image:width\" content=\"1200\" \/>\n\t<meta property=\"og:image:height\" content=\"900\" \/>\n\t<meta property=\"og:image:type\" content=\"image\/jpeg\" \/>\n<meta name=\"author\" content=\"stefanie Zeng\" \/>\n<meta name=\"twitter:card\" content=\"summary_large_image\" \/>\n<meta name=\"twitter:label1\" content=\"Scritto da\" \/>\n\t<meta name=\"twitter:data1\" content=\"stefanie Zeng\" \/>\n\t<meta name=\"twitter:label2\" content=\"Tempo di lettura stimato\" \/>\n\t<meta name=\"twitter:data2\" content=\"6 minuti\" \/>\n<script type=\"application\/ld+json\" class=\"yoast-schema-graph\">{\"@context\":\"https:\\\/\\\/schema.org\",\"@graph\":[{\"@type\":\"Article\",\"@id\":\"https:\\\/\\\/news.save.ch\\\/jubilaeums-gv-von-swiss-safety-im-kkl-luzern\\\/#article\",\"isPartOf\":{\"@id\":\"https:\\\/\\\/news.save.ch\\\/jubilaeums-gv-von-swiss-safety-im-kkl-luzern\\\/\"},\"author\":{\"name\":\"stefanie Zeng\",\"@id\":\"https:\\\/\\\/news.save.ch\\\/de\\\/#\\\/schema\\\/person\\\/10917387362b3961e882740f6cf6f2a2\"},\"headline\":\"Jubil\u00e4ums-GV von swiss safety im KKL Luzern\",\"datePublished\":\"2026-04-27T11:31:11+00:00\",\"mainEntityOfPage\":{\"@id\":\"https:\\\/\\\/news.save.ch\\\/jubilaeums-gv-von-swiss-safety-im-kkl-luzern\\\/\"},\"wordCount\":886,\"publisher\":{\"@id\":\"https:\\\/\\\/news.save.ch\\\/de\\\/#organization\"},\"image\":{\"@id\":\"https:\\\/\\\/news.save.ch\\\/jubilaeums-gv-von-swiss-safety-im-kkl-luzern\\\/#primaryimage\"},\"thumbnailUrl\":\"https:\\\/\\\/news.save.ch\\\/wp-content\\\/uploads\\\/2026\\\/04\\\/Bild_02_DormanLaura_GraberDominique_Ehrenmitglied_MartinClaude-680x510.jpg\",\"keywords\":[\"PSA\",\"Swiss Safety\"],\"articleSection\":[\"FRIENDS\"],\"inLanguage\":\"it-IT\"},{\"@type\":\"WebPage\",\"@id\":\"https:\\\/\\\/news.save.ch\\\/jubilaeums-gv-von-swiss-safety-im-kkl-luzern\\\/\",\"url\":\"https:\\\/\\\/news.save.ch\\\/jubilaeums-gv-von-swiss-safety-im-kkl-luzern\\\/\",\"name\":\"Jubil\u00e4ums-GV von swiss safety im KKL Luzern - Save\",\"isPartOf\":{\"@id\":\"https:\\\/\\\/news.save.ch\\\/de\\\/#website\"},\"primaryImageOfPage\":{\"@id\":\"https:\\\/\\\/news.save.ch\\\/jubilaeums-gv-von-swiss-safety-im-kkl-luzern\\\/#primaryimage\"},\"image\":{\"@id\":\"https:\\\/\\\/news.save.ch\\\/jubilaeums-gv-von-swiss-safety-im-kkl-luzern\\\/#primaryimage\"},\"thumbnailUrl\":\"https:\\\/\\\/news.save.ch\\\/wp-content\\\/uploads\\\/2026\\\/04\\\/Bild_02_DormanLaura_GraberDominique_Ehrenmitglied_MartinClaude-680x510.jpg\",\"datePublished\":\"2026-04-27T11:31:11+00:00\",\"description\":\"Die 50. Generalversammlung des Branchenverbands swiss safety fand am 24. April 2026 im KKL Luzern statt.\",\"breadcrumb\":{\"@id\":\"https:\\\/\\\/news.save.ch\\\/jubilaeums-gv-von-swiss-safety-im-kkl-luzern\\\/#breadcrumb\"},\"inLanguage\":\"it-IT\",\"potentialAction\":[{\"@type\":\"ReadAction\",\"target\":[\"https:\\\/\\\/news.save.ch\\\/jubilaeums-gv-von-swiss-safety-im-kkl-luzern\\\/\"]}]},{\"@type\":\"ImageObject\",\"inLanguage\":\"it-IT\",\"@id\":\"https:\\\/\\\/news.save.ch\\\/jubilaeums-gv-von-swiss-safety-im-kkl-luzern\\\/#primaryimage\",\"url\":\"https:\\\/\\\/news.save.ch\\\/wp-content\\\/uploads\\\/2026\\\/04\\\/Bild_02_DormanLaura_GraberDominique_Ehrenmitglied_MartinClaude-680x510.jpg\",\"contentUrl\":\"https:\\\/\\\/news.save.ch\\\/wp-content\\\/uploads\\\/2026\\\/04\\\/Bild_02_DormanLaura_GraberDominique_Ehrenmitglied_MartinClaude-680x510.jpg\"},{\"@type\":\"BreadcrumbList\",\"@id\":\"https:\\\/\\\/news.save.ch\\\/jubilaeums-gv-von-swiss-safety-im-kkl-luzern\\\/#breadcrumb\",\"itemListElement\":[{\"@type\":\"ListItem\",\"position\":1,\"name\":\"Home\",\"item\":\"https:\\\/\\\/news.save.ch\\\/de\\\/\"},{\"@type\":\"ListItem\",\"position\":2,\"name\":\"Jubil\u00e4ums-GV von swiss safety im KKL Luzern\"}]},{\"@type\":\"WebSite\",\"@id\":\"https:\\\/\\\/news.save.ch\\\/de\\\/#website\",\"url\":\"https:\\\/\\\/news.save.ch\\\/de\\\/\",\"name\":\"Save\",\"description\":\"Schweizer Fachzeitschrift f\u00fcr Sicherheit\",\"publisher\":{\"@id\":\"https:\\\/\\\/news.save.ch\\\/de\\\/#organization\"},\"potentialAction\":[{\"@type\":\"SearchAction\",\"target\":{\"@type\":\"EntryPoint\",\"urlTemplate\":\"https:\\\/\\\/news.save.ch\\\/de\\\/?s={search_term_string}\"},\"query-input\":{\"@type\":\"PropertyValueSpecification\",\"valueRequired\":true,\"valueName\":\"search_term_string\"}}],\"inLanguage\":\"it-IT\"},{\"@type\":\"Organization\",\"@id\":\"https:\\\/\\\/news.save.ch\\\/de\\\/#organization\",\"name\":\"Sicherheitsforum\",\"url\":\"https:\\\/\\\/news.save.ch\\\/de\\\/\",\"logo\":{\"@type\":\"ImageObject\",\"inLanguage\":\"it-IT\",\"@id\":\"https:\\\/\\\/news.save.ch\\\/de\\\/#\\\/schema\\\/logo\\\/image\\\/\",\"url\":\"https:\\\/\\\/news.save.ch\\\/wp-content\\\/uploads\\\/2022\\\/06\\\/Logo_SF_2012.png\",\"contentUrl\":\"https:\\\/\\\/news.save.ch\\\/wp-content\\\/uploads\\\/2022\\\/06\\\/Logo_SF_2012.png\",\"width\":1100,\"height\":91,\"caption\":\"Sicherheitsforum\"},\"image\":{\"@id\":\"https:\\\/\\\/news.save.ch\\\/de\\\/#\\\/schema\\\/logo\\\/image\\\/\"}},{\"@type\":\"Person\",\"@id\":\"https:\\\/\\\/news.save.ch\\\/de\\\/#\\\/schema\\\/person\\\/10917387362b3961e882740f6cf6f2a2\",\"name\":\"stefanie Zeng\",\"image\":{\"@type\":\"ImageObject\",\"inLanguage\":\"it-IT\",\"@id\":\"https:\\\/\\\/secure.gravatar.com\\\/avatar\\\/eac43faa6e40bb2c41068c95c9d78bbd94c476d5efdff7abaab80bb3ea681e06?s=96&d=mm&r=g\",\"url\":\"https:\\\/\\\/secure.gravatar.com\\\/avatar\\\/eac43faa6e40bb2c41068c95c9d78bbd94c476d5efdff7abaab80bb3ea681e06?s=96&d=mm&r=g\",\"contentUrl\":\"https:\\\/\\\/secure.gravatar.com\\\/avatar\\\/eac43faa6e40bb2c41068c95c9d78bbd94c476d5efdff7abaab80bb3ea681e06?s=96&d=mm&r=g\",\"caption\":\"stefanie Zeng\"},\"url\":\"https:\\\/\\\/news.save.ch\\\/it\\\/author\\\/stefanie-zeng\\\/\"}]}<\/script>\n<!-- \/ Yoast SEO plugin. -->","yoast_head_json":{"title":"Assemblea generale di swiss safety al KKL di Lucerna - Save","description":"La 50a Assemblea generale dell'Associazione svizzera dell'industria della sicurezza si \u00e8 svolta il 24 aprile 2026 presso il KKL di Lucerna.","robots":{"index":"index","follow":"follow","max-snippet":"max-snippet:-1","max-image-preview":"max-image-preview:large","max-video-preview":"max-video-preview:-1"},"canonical":"https:\/\/news.save.ch\/it\/jubilaeums-gv-von-swiss-safety-im-kkl-luzern\/","og_locale":"it_IT","og_type":"article","og_title":"Jubil\u00e4ums-GV von swiss safety im KKL Luzern - Save","og_description":"Die 50. Generalversammlung des Branchenverbands swiss safety fand am 24. April 2026 im KKL Luzern statt.","og_url":"https:\/\/news.save.ch\/it\/jubilaeums-gv-von-swiss-safety-im-kkl-luzern\/","og_site_name":"Save","article_published_time":"2026-04-27T11:31:11+00:00","og_image":[{"width":1200,"height":900,"url":"https:\/\/news.save.ch\/wp-content\/uploads\/2026\/04\/Bild_02_DormanLaura_GraberDominique_Ehrenmitglied_MartinClaude-scaled.jpg","type":"image\/jpeg"}],"author":"stefanie Zeng","twitter_card":"summary_large_image","twitter_misc":{"Scritto da":"stefanie Zeng","Tempo di lettura stimato":"6 minuti"},"schema":{"@context":"https:\/\/schema.org","@graph":[{"@type":"Article","@id":"https:\/\/news.save.ch\/jubilaeums-gv-von-swiss-safety-im-kkl-luzern\/#article","isPartOf":{"@id":"https:\/\/news.save.ch\/jubilaeums-gv-von-swiss-safety-im-kkl-luzern\/"},"author":{"name":"stefanie Zeng","@id":"https:\/\/news.save.ch\/de\/#\/schema\/person\/10917387362b3961e882740f6cf6f2a2"},"headline":"Jubil\u00e4ums-GV von swiss safety im KKL Luzern","datePublished":"2026-04-27T11:31:11+00:00","mainEntityOfPage":{"@id":"https:\/\/news.save.ch\/jubilaeums-gv-von-swiss-safety-im-kkl-luzern\/"},"wordCount":886,"publisher":{"@id":"https:\/\/news.save.ch\/de\/#organization"},"image":{"@id":"https:\/\/news.save.ch\/jubilaeums-gv-von-swiss-safety-im-kkl-luzern\/#primaryimage"},"thumbnailUrl":"https:\/\/news.save.ch\/wp-content\/uploads\/2026\/04\/Bild_02_DormanLaura_GraberDominique_Ehrenmitglied_MartinClaude-680x510.jpg","keywords":["PSA","Swiss Safety"],"articleSection":["FRIENDS"],"inLanguage":"it-IT"},{"@type":"WebPage","@id":"https:\/\/news.save.ch\/jubilaeums-gv-von-swiss-safety-im-kkl-luzern\/","url":"https:\/\/news.save.ch\/jubilaeums-gv-von-swiss-safety-im-kkl-luzern\/","name":"Assemblea generale di swiss safety al KKL di Lucerna - Save","isPartOf":{"@id":"https:\/\/news.save.ch\/de\/#website"},"primaryImageOfPage":{"@id":"https:\/\/news.save.ch\/jubilaeums-gv-von-swiss-safety-im-kkl-luzern\/#primaryimage"},"image":{"@id":"https:\/\/news.save.ch\/jubilaeums-gv-von-swiss-safety-im-kkl-luzern\/#primaryimage"},"thumbnailUrl":"https:\/\/news.save.ch\/wp-content\/uploads\/2026\/04\/Bild_02_DormanLaura_GraberDominique_Ehrenmitglied_MartinClaude-680x510.jpg","datePublished":"2026-04-27T11:31:11+00:00","description":"La 50a Assemblea generale dell'Associazione svizzera dell'industria della sicurezza si \u00e8 svolta il 24 aprile 2026 presso il KKL di Lucerna.","breadcrumb":{"@id":"https:\/\/news.save.ch\/jubilaeums-gv-von-swiss-safety-im-kkl-luzern\/#breadcrumb"},"inLanguage":"it-IT","potentialAction":[{"@type":"ReadAction","target":["https:\/\/news.save.ch\/jubilaeums-gv-von-swiss-safety-im-kkl-luzern\/"]}]},{"@type":"ImageObject","inLanguage":"it-IT","@id":"https:\/\/news.save.ch\/jubilaeums-gv-von-swiss-safety-im-kkl-luzern\/#primaryimage","url":"https:\/\/news.save.ch\/wp-content\/uploads\/2026\/04\/Bild_02_DormanLaura_GraberDominique_Ehrenmitglied_MartinClaude-680x510.jpg","contentUrl":"https:\/\/news.save.ch\/wp-content\/uploads\/2026\/04\/Bild_02_DormanLaura_GraberDominique_Ehrenmitglied_MartinClaude-680x510.jpg"},{"@type":"BreadcrumbList","@id":"https:\/\/news.save.ch\/jubilaeums-gv-von-swiss-safety-im-kkl-luzern\/#breadcrumb","itemListElement":[{"@type":"ListItem","position":1,"name":"Home","item":"https:\/\/news.save.ch\/de\/"},{"@type":"ListItem","position":2,"name":"Jubil\u00e4ums-GV von swiss safety im KKL Luzern"}]},{"@type":"WebSite","@id":"https:\/\/news.save.ch\/de\/#website","url":"https:\/\/news.save.ch\/de\/","name":"Risparmiare","description":"Rivista svizzera specializzata in sicurezza","publisher":{"@id":"https:\/\/news.save.ch\/de\/#organization"},"potentialAction":[{"@type":"SearchAction","target":{"@type":"EntryPoint","urlTemplate":"https:\/\/news.save.ch\/de\/?s={search_term_string}"},"query-input":{"@type":"PropertyValueSpecification","valueRequired":true,"valueName":"search_term_string"}}],"inLanguage":"it-IT"},{"@type":"Organization","@id":"https:\/\/news.save.ch\/de\/#organization","name":"Forum sulla sicurezza","url":"https:\/\/news.save.ch\/de\/","logo":{"@type":"ImageObject","inLanguage":"it-IT","@id":"https:\/\/news.save.ch\/de\/#\/schema\/logo\/image\/","url":"https:\/\/news.save.ch\/wp-content\/uploads\/2022\/06\/Logo_SF_2012.png","contentUrl":"https:\/\/news.save.ch\/wp-content\/uploads\/2022\/06\/Logo_SF_2012.png","width":1100,"height":91,"caption":"Sicherheitsforum"},"image":{"@id":"https:\/\/news.save.ch\/de\/#\/schema\/logo\/image\/"}},{"@type":"Person","@id":"https:\/\/news.save.ch\/de\/#\/schema\/person\/10917387362b3961e882740f6cf6f2a2","name":"Stefanie Zeng","image":{"@type":"ImageObject","inLanguage":"it-IT","@id":"https:\/\/secure.gravatar.com\/avatar\/eac43faa6e40bb2c41068c95c9d78bbd94c476d5efdff7abaab80bb3ea681e06?s=96&d=mm&r=g","url":"https:\/\/secure.gravatar.com\/avatar\/eac43faa6e40bb2c41068c95c9d78bbd94c476d5efdff7abaab80bb3ea681e06?s=96&d=mm&r=g","contentUrl":"https:\/\/secure.gravatar.com\/avatar\/eac43faa6e40bb2c41068c95c9d78bbd94c476d5efdff7abaab80bb3ea681e06?s=96&d=mm&r=g","caption":"stefanie Zeng"},"url":"https:\/\/news.save.ch\/it\/author\/stefanie-zeng\/"}]}},"_links":{"self":[{"href":"https:\/\/news.save.ch\/it\/wp-json\/wp\/v2\/posts\/25150","targetHints":{"allow":["GET"]}}],"collection":[{"href":"https:\/\/news.save.ch\/it\/wp-json\/wp\/v2\/posts"}],"about":[{"href":"https:\/\/news.save.ch\/it\/wp-json\/wp\/v2\/types\/post"}],"author":[{"embeddable":true,"href":"https:\/\/news.save.ch\/it\/wp-json\/wp\/v2\/users\/31"}],"replies":[{"embeddable":true,"href":"https:\/\/news.save.ch\/it\/wp-json\/wp\/v2\/comments?post=25150"}],"version-history":[{"count":1,"href":"https:\/\/news.save.ch\/it\/wp-json\/wp\/v2\/posts\/25150\/revisions"}],"predecessor-version":[{"id":25156,"href":"https:\/\/news.save.ch\/it\/wp-json\/wp\/v2\/posts\/25150\/revisions\/25156"}],"wp:attachment":[{"href":"https:\/\/news.save.ch\/it\/wp-json\/wp\/v2\/media?parent=25150"}],"wp:term":[{"taxonomy":"category","embeddable":true,"href":"https:\/\/news.save.ch\/it\/wp-json\/wp\/v2\/categories?post=25150"},{"taxonomy":"post_tag","embeddable":true,"href":"https:\/\/news.save.ch\/it\/wp-json\/wp\/v2\/tags?post=25150"}],"curies":[{"name":"wp","href":"https:\/\/api.w.org\/{rel}","templated":true}]}}