{"id":25173,"date":"2026-04-29T10:57:24","date_gmt":"2026-04-29T08:57:24","guid":{"rendered":"https:\/\/news.save.ch\/?p=25173"},"modified":"2026-04-29T10:57:24","modified_gmt":"2026-04-29T08:57:24","slug":"motorradfahren-nur-3-fahrdistanz-doch-27-der-schwerverletzten","status":null,"type":"post","link":"https:\/\/news.save.ch\/it\/motorradfahren-nur-3-fahrdistanz-doch-27-der-schwerverletzten\/","title":{"rendered":"Motociclismo: Solo 3 % di distanza di guida - ma 27 % di lesioni gravi"},"content":{"rendered":"<figure id=\"attachment_25179\" aria-describedby=\"caption-attachment-25179\" style=\"width: 680px\" class=\"wp-caption alignnone\"><img loading=\"lazy\" decoding=\"async\" class=\"size-medium wp-image-25179\" src=\"https:\/\/news.save.ch\/wp-content\/uploads\/2026\/04\/Depositphotos_747386978_S-680x454.jpg\" alt=\"\" width=\"680\" height=\"454\" srcset=\"https:\/\/news.save.ch\/wp-content\/uploads\/2026\/04\/Depositphotos_747386978_S-680x454.jpg 680w, https:\/\/news.save.ch\/wp-content\/uploads\/2026\/04\/Depositphotos_747386978_S-768x512.jpg 768w, https:\/\/news.save.ch\/wp-content\/uploads\/2026\/04\/Depositphotos_747386978_S-18x12.jpg 18w, https:\/\/news.save.ch\/wp-content\/uploads\/2026\/04\/Depositphotos_747386978_S-375x250.jpg 375w, https:\/\/news.save.ch\/wp-content\/uploads\/2026\/04\/Depositphotos_747386978_S-525x350.jpg 525w, https:\/\/news.save.ch\/wp-content\/uploads\/2026\/04\/Depositphotos_747386978_S.jpg 1000w\" sizes=\"auto, (max-width: 680px) 100vw, 680px\" \/><figcaption id=\"caption-attachment-25179\" class=\"wp-caption-text\">Il motociclismo \u00e8 spesso causa di gravi incidenti (Foto: depositphotos\/eurybia)<\/figcaption><\/figure>\n<p>&nbsp;<\/p>\n<p>Misurato in termini di chilometri percorsi, il rischio di avere un incidente grave in moto \u00e8 fino a 60 volte superiore a quello in auto. Questa grande differenza dimostra quanto sia urgente una strategia di prevenzione coordinata che si concentri su formazione, infrastrutture, tecnologia e comportamenti protettivi.<\/p>\n<h3>Tabella di marcia del BFU per una riduzione sostenibile degli incidenti<\/h3>\n<p>La ricerca sugli incidenti ha dimostrato che di solito gli incidenti non sono causati da un singolo fattore, ma dall'interazione di diversi rischi. Per ottenere un miglioramento misurabile della situazione della sicurezza, sono necessarie misure efficaci a diversi livelli. Il BFU chiede quindi ai politici e al settore pubblico di intervenire in modo pi\u00f9 deciso. I campi d'azione principali:<\/p>\n<ul>\n<li>Infrastrutture: pianificazione stradale pi\u00f9 favorevole ai motociclisti e mitigazione dei punti critici per gli incidenti, ad esempio proteggendo le barriere anticollisione e segnalando le curve con frecce.<\/li>\n<li>Et\u00e0 minima: innalzamento del limite di et\u00e0 per le moto di 125 cc a 18 anni.<\/li>\n<li>Applicazione: controlli preventivi della velocit\u00e0 su percorsi a rischio di incidente<\/li>\n<li>Veicoli e tecnologia: maggiore consapevolezza dei vantaggi dei sistemi di assistenza come l'ABS in curva e delle condizioni tecniche delle moto.<\/li>\n<li>Dispositivi di protezione: promuovere l'uso costante di indumenti protettivi.<\/li>\n<li>Sensibilizzazione e formazione: rafforzare la consapevolezza dei pericoli, la guida difensiva e l'autovalutazione realistica.<\/li>\n<\/ul>\n<h3>Equipaggiamento protettivo: molte persone guidano senza indumenti protettivi<\/h3>\n<p>I motociclisti possono fare molto per proteggersi. Indossare costantemente i dispositivi di protezione individuale dovrebbe essere una cosa ovvia, ma una nuova breve analisi del BFU mostra la necessit\u00e0 di agire:<\/p>\n<ul>\n<li>Un casco, una giacca protettiva, protezioni e stivali robusti riducono notevolmente il rischio di lesioni, ma non sempre vengono indossati.<\/li>\n<li>Soprattutto in caso di temperature elevate o di brevi tragitti, molti motociclisti non indossano l'abbigliamento protettivo completo, un comportamento che aumenta notevolmente il rischio di lesioni gravi.<\/li>\n<\/ul>\n<p>La BFU utilizza pertanto misure di sensibilizzazione mirate per far conoscere i vantaggi dell'abbigliamento protettivo e il suo corretto utilizzo.<br \/>\nLe raccomandazioni pi\u00f9 importanti del BFU per i motociclisti:<\/p>\n<ul>\n<li>Guidare in modo difensivo e previdente, cercare il contatto visivo<\/li>\n<li>Adattare la velocit\u00e0 alla situazione, non solo al limite<\/li>\n<li>Indossare costantemente l'equipaggiamento protettivo completo: casco, stivali, giacca e pantaloni con protezioni.<\/li>\n<li>Partecipare a corsi di formazione regolari e mantenere la moto in buone condizioni tecniche.<\/li>\n<\/ul>\n<p><em>Fonte: upi\u00a0<\/em><\/p>","protected":false},"excerpt":{"rendered":"<p>&nbsp; Gemessen an den gefahrenen Kilometern ist das Risiko, mit dem T\u00f6ff schwer zu verunfallen, bis zu 60-mal h\u00f6her als mit dem Auto. Diese grosse Differenz zeigt, wie dringend eine koordinierte Pr\u00e4ventionsstrategie ist, die bei Ausbildung, Infrastruktur, Technik und Schutzverhalten ansetzt. BFU-Roadmap zur nachhaltigen Unfallreduktion Aus der Unfallforschung ist bekannt, dass Unf\u00e4lle meist nicht durch [&hellip;]<\/p>\n","protected":false},"author":31,"featured_media":0,"comment_status":"closed","ping_status":"closed","sticky":false,"template":"","format":"standard","meta":{"_acf_changed":false,"pgc_sgb_lightbox_settings":"","footnotes":""},"categories":[3314],"tags":[5162,2563],"class_list":["post-25173","post","type-post","status-publish","format-standard","hentry","category-health-safety","tag-beratungsstelle-fuer-unfallverhaltuetung-bfu","tag-motorradunfaelle"],"acf":[],"hkrextid":null,"publication":null,"issue":null,"workflow":null,"startPage":null,"spitzmarke":null,"_posts_by_tag_page_fields":null,"_at_widget":null,"_yoast_wpseo_primary_category":"3314","_yoast_wpseo_focuskw_text_input":null,"_yoast_wpseo_opengraph-image":null,"_yoast_wpseo_opengraph-description":null,"_yoast_wpseo_opengraph-title":null,"enclosure":null,"_yoast_wpseo_twitter-title":null,"_yoast_wpseo_twitter-description":null,"_yoast_wpseo_twitter-image":null,"_wp_old_slug":null,"_yoast_wpseo_title":null,"_yoast_wpseo_canonical":null,"yoast_head":"<!-- This site is optimized with the Yoast SEO plugin v27.5 - https:\/\/yoast.com\/product\/yoast-seo-wordpress\/ -->\n<title>Motorradfahren: Nur 3 % Fahrdistanz \u2013 doch 27 % der Schwerverletzten - Save<\/title>\n<meta name=\"description\" content=\"Obwohl Motorradfahrende nur 3 % der Fahrdistanz im motorisierten Strassenverkehr zur\u00fccklegen, entfallen auf sie mehr als ein Viertel der schweren Verkehrsunf\u00e4lle.\" \/>\n<meta name=\"robots\" content=\"index, follow, max-snippet:-1, max-image-preview:large, max-video-preview:-1\" \/>\n<link rel=\"canonical\" href=\"https:\/\/news.save.ch\/it\/motorradfahren-nur-3-fahrdistanz-doch-27-der-schwerverletzten\/\" \/>\n<meta property=\"og:locale\" content=\"it_IT\" \/>\n<meta property=\"og:type\" content=\"article\" \/>\n<meta property=\"og:title\" content=\"Motorradfahren: Nur 3 % Fahrdistanz \u2013 doch 27 % der Schwerverletzten - Save\" \/>\n<meta property=\"og:description\" content=\"Obwohl Motorradfahrende nur 3 % der Fahrdistanz im motorisierten Strassenverkehr zur\u00fccklegen, entfallen auf sie mehr als ein Viertel der schweren Verkehrsunf\u00e4lle.\" \/>\n<meta property=\"og:url\" content=\"https:\/\/news.save.ch\/it\/motorradfahren-nur-3-fahrdistanz-doch-27-der-schwerverletzten\/\" \/>\n<meta property=\"og:site_name\" content=\"Save\" \/>\n<meta property=\"article:published_time\" content=\"2026-04-29T08:57:24+00:00\" \/>\n<meta property=\"og:image\" content=\"https:\/\/news.save.ch\/wp-content\/uploads\/2026\/04\/Depositphotos_747386978_S.jpg\" \/>\n\t<meta property=\"og:image:width\" content=\"1000\" \/>\n\t<meta property=\"og:image:height\" content=\"667\" \/>\n\t<meta property=\"og:image:type\" content=\"image\/jpeg\" \/>\n<meta name=\"author\" content=\"stefanie Zeng\" \/>\n<meta name=\"twitter:card\" content=\"summary_large_image\" \/>\n<meta name=\"twitter:label1\" content=\"Scritto da\" \/>\n\t<meta name=\"twitter:data1\" content=\"stefanie Zeng\" \/>\n\t<meta name=\"twitter:label2\" content=\"Tempo di lettura stimato\" \/>\n\t<meta name=\"twitter:data2\" content=\"2 minuti\" \/>\n<script type=\"application\/ld+json\" class=\"yoast-schema-graph\">{\"@context\":\"https:\\\/\\\/schema.org\",\"@graph\":[{\"@type\":\"Article\",\"@id\":\"https:\\\/\\\/news.save.ch\\\/motorradfahren-nur-3-fahrdistanz-doch-27-der-schwerverletzten\\\/#article\",\"isPartOf\":{\"@id\":\"https:\\\/\\\/news.save.ch\\\/motorradfahren-nur-3-fahrdistanz-doch-27-der-schwerverletzten\\\/\"},\"author\":{\"name\":\"stefanie Zeng\",\"@id\":\"https:\\\/\\\/news.save.ch\\\/de\\\/#\\\/schema\\\/person\\\/10917387362b3961e882740f6cf6f2a2\"},\"headline\":\"Motorradfahren: Nur 3 % Fahrdistanz \u2013 doch 27 % der Schwerverletzten\",\"datePublished\":\"2026-04-29T08:57:24+00:00\",\"mainEntityOfPage\":{\"@id\":\"https:\\\/\\\/news.save.ch\\\/motorradfahren-nur-3-fahrdistanz-doch-27-der-schwerverletzten\\\/\"},\"wordCount\":352,\"publisher\":{\"@id\":\"https:\\\/\\\/news.save.ch\\\/de\\\/#organization\"},\"image\":{\"@id\":\"https:\\\/\\\/news.save.ch\\\/motorradfahren-nur-3-fahrdistanz-doch-27-der-schwerverletzten\\\/#primaryimage\"},\"thumbnailUrl\":\"https:\\\/\\\/news.save.ch\\\/wp-content\\\/uploads\\\/2026\\\/04\\\/Depositphotos_747386978_S-680x454.jpg\",\"keywords\":[\"Beratungsstelle f\u00fcr Unfallverhalt\u00fctung (BFU)\",\"Motorradunf\u00e4lle\"],\"articleSection\":[\"HEALTH &amp; SAFETY\"],\"inLanguage\":\"it-IT\"},{\"@type\":\"WebPage\",\"@id\":\"https:\\\/\\\/news.save.ch\\\/motorradfahren-nur-3-fahrdistanz-doch-27-der-schwerverletzten\\\/\",\"url\":\"https:\\\/\\\/news.save.ch\\\/motorradfahren-nur-3-fahrdistanz-doch-27-der-schwerverletzten\\\/\",\"name\":\"Motorradfahren: Nur 3 % Fahrdistanz \u2013 doch 27 % der Schwerverletzten - Save\",\"isPartOf\":{\"@id\":\"https:\\\/\\\/news.save.ch\\\/de\\\/#website\"},\"primaryImageOfPage\":{\"@id\":\"https:\\\/\\\/news.save.ch\\\/motorradfahren-nur-3-fahrdistanz-doch-27-der-schwerverletzten\\\/#primaryimage\"},\"image\":{\"@id\":\"https:\\\/\\\/news.save.ch\\\/motorradfahren-nur-3-fahrdistanz-doch-27-der-schwerverletzten\\\/#primaryimage\"},\"thumbnailUrl\":\"https:\\\/\\\/news.save.ch\\\/wp-content\\\/uploads\\\/2026\\\/04\\\/Depositphotos_747386978_S-680x454.jpg\",\"datePublished\":\"2026-04-29T08:57:24+00:00\",\"description\":\"Obwohl Motorradfahrende nur 3 % der Fahrdistanz im motorisierten Strassenverkehr zur\u00fccklegen, entfallen auf sie mehr als ein Viertel der schweren Verkehrsunf\u00e4lle.\",\"breadcrumb\":{\"@id\":\"https:\\\/\\\/news.save.ch\\\/motorradfahren-nur-3-fahrdistanz-doch-27-der-schwerverletzten\\\/#breadcrumb\"},\"inLanguage\":\"it-IT\",\"potentialAction\":[{\"@type\":\"ReadAction\",\"target\":[\"https:\\\/\\\/news.save.ch\\\/motorradfahren-nur-3-fahrdistanz-doch-27-der-schwerverletzten\\\/\"]}]},{\"@type\":\"ImageObject\",\"inLanguage\":\"it-IT\",\"@id\":\"https:\\\/\\\/news.save.ch\\\/motorradfahren-nur-3-fahrdistanz-doch-27-der-schwerverletzten\\\/#primaryimage\",\"url\":\"https:\\\/\\\/news.save.ch\\\/wp-content\\\/uploads\\\/2026\\\/04\\\/Depositphotos_747386978_S-680x454.jpg\",\"contentUrl\":\"https:\\\/\\\/news.save.ch\\\/wp-content\\\/uploads\\\/2026\\\/04\\\/Depositphotos_747386978_S-680x454.jpg\"},{\"@type\":\"BreadcrumbList\",\"@id\":\"https:\\\/\\\/news.save.ch\\\/motorradfahren-nur-3-fahrdistanz-doch-27-der-schwerverletzten\\\/#breadcrumb\",\"itemListElement\":[{\"@type\":\"ListItem\",\"position\":1,\"name\":\"Home\",\"item\":\"https:\\\/\\\/news.save.ch\\\/de\\\/\"},{\"@type\":\"ListItem\",\"position\":2,\"name\":\"Motorradfahren: Nur 3 % Fahrdistanz \u2013 doch 27 % der Schwerverletzten\"}]},{\"@type\":\"WebSite\",\"@id\":\"https:\\\/\\\/news.save.ch\\\/de\\\/#website\",\"url\":\"https:\\\/\\\/news.save.ch\\\/de\\\/\",\"name\":\"Save\",\"description\":\"Schweizer Fachzeitschrift f\u00fcr Sicherheit\",\"publisher\":{\"@id\":\"https:\\\/\\\/news.save.ch\\\/de\\\/#organization\"},\"potentialAction\":[{\"@type\":\"SearchAction\",\"target\":{\"@type\":\"EntryPoint\",\"urlTemplate\":\"https:\\\/\\\/news.save.ch\\\/de\\\/?s={search_term_string}\"},\"query-input\":{\"@type\":\"PropertyValueSpecification\",\"valueRequired\":true,\"valueName\":\"search_term_string\"}}],\"inLanguage\":\"it-IT\"},{\"@type\":\"Organization\",\"@id\":\"https:\\\/\\\/news.save.ch\\\/de\\\/#organization\",\"name\":\"Sicherheitsforum\",\"url\":\"https:\\\/\\\/news.save.ch\\\/de\\\/\",\"logo\":{\"@type\":\"ImageObject\",\"inLanguage\":\"it-IT\",\"@id\":\"https:\\\/\\\/news.save.ch\\\/de\\\/#\\\/schema\\\/logo\\\/image\\\/\",\"url\":\"https:\\\/\\\/news.save.ch\\\/wp-content\\\/uploads\\\/2022\\\/06\\\/Logo_SF_2012.png\",\"contentUrl\":\"https:\\\/\\\/news.save.ch\\\/wp-content\\\/uploads\\\/2022\\\/06\\\/Logo_SF_2012.png\",\"width\":1100,\"height\":91,\"caption\":\"Sicherheitsforum\"},\"image\":{\"@id\":\"https:\\\/\\\/news.save.ch\\\/de\\\/#\\\/schema\\\/logo\\\/image\\\/\"}},{\"@type\":\"Person\",\"@id\":\"https:\\\/\\\/news.save.ch\\\/de\\\/#\\\/schema\\\/person\\\/10917387362b3961e882740f6cf6f2a2\",\"name\":\"stefanie Zeng\",\"image\":{\"@type\":\"ImageObject\",\"inLanguage\":\"it-IT\",\"@id\":\"https:\\\/\\\/secure.gravatar.com\\\/avatar\\\/eac43faa6e40bb2c41068c95c9d78bbd94c476d5efdff7abaab80bb3ea681e06?s=96&d=mm&r=g\",\"url\":\"https:\\\/\\\/secure.gravatar.com\\\/avatar\\\/eac43faa6e40bb2c41068c95c9d78bbd94c476d5efdff7abaab80bb3ea681e06?s=96&d=mm&r=g\",\"contentUrl\":\"https:\\\/\\\/secure.gravatar.com\\\/avatar\\\/eac43faa6e40bb2c41068c95c9d78bbd94c476d5efdff7abaab80bb3ea681e06?s=96&d=mm&r=g\",\"caption\":\"stefanie Zeng\"},\"url\":\"https:\\\/\\\/news.save.ch\\\/it\\\/author\\\/stefanie-zeng\\\/\"}]}<\/script>\n<!-- \/ Yoast SEO plugin. -->","yoast_head_json":{"title":"Motociclismo: Solo 3 % di distanza di guida - ma 27 % di lesioni gravi - Save","description":"Sebbene i motociclisti coprano solo il 3 % della distanza percorsa nel traffico stradale motorizzato, sono responsabili di oltre un quarto degli incidenti stradali gravi.","robots":{"index":"index","follow":"follow","max-snippet":"max-snippet:-1","max-image-preview":"max-image-preview:large","max-video-preview":"max-video-preview:-1"},"canonical":"https:\/\/news.save.ch\/it\/motorradfahren-nur-3-fahrdistanz-doch-27-der-schwerverletzten\/","og_locale":"it_IT","og_type":"article","og_title":"Motorradfahren: Nur 3 % Fahrdistanz \u2013 doch 27 % der Schwerverletzten - Save","og_description":"Obwohl Motorradfahrende nur 3 % der Fahrdistanz im motorisierten Strassenverkehr zur\u00fccklegen, entfallen auf sie mehr als ein Viertel der schweren Verkehrsunf\u00e4lle.","og_url":"https:\/\/news.save.ch\/it\/motorradfahren-nur-3-fahrdistanz-doch-27-der-schwerverletzten\/","og_site_name":"Save","article_published_time":"2026-04-29T08:57:24+00:00","og_image":[{"width":1000,"height":667,"url":"https:\/\/news.save.ch\/wp-content\/uploads\/2026\/04\/Depositphotos_747386978_S.jpg","type":"image\/jpeg"}],"author":"stefanie Zeng","twitter_card":"summary_large_image","twitter_misc":{"Scritto da":"stefanie Zeng","Tempo di lettura stimato":"2 minuti"},"schema":{"@context":"https:\/\/schema.org","@graph":[{"@type":"Article","@id":"https:\/\/news.save.ch\/motorradfahren-nur-3-fahrdistanz-doch-27-der-schwerverletzten\/#article","isPartOf":{"@id":"https:\/\/news.save.ch\/motorradfahren-nur-3-fahrdistanz-doch-27-der-schwerverletzten\/"},"author":{"name":"stefanie Zeng","@id":"https:\/\/news.save.ch\/de\/#\/schema\/person\/10917387362b3961e882740f6cf6f2a2"},"headline":"Motorradfahren: Nur 3 % Fahrdistanz \u2013 doch 27 % der Schwerverletzten","datePublished":"2026-04-29T08:57:24+00:00","mainEntityOfPage":{"@id":"https:\/\/news.save.ch\/motorradfahren-nur-3-fahrdistanz-doch-27-der-schwerverletzten\/"},"wordCount":352,"publisher":{"@id":"https:\/\/news.save.ch\/de\/#organization"},"image":{"@id":"https:\/\/news.save.ch\/motorradfahren-nur-3-fahrdistanz-doch-27-der-schwerverletzten\/#primaryimage"},"thumbnailUrl":"https:\/\/news.save.ch\/wp-content\/uploads\/2026\/04\/Depositphotos_747386978_S-680x454.jpg","keywords":["Beratungsstelle f\u00fcr Unfallverhalt\u00fctung (BFU)","Motorradunf\u00e4lle"],"articleSection":["HEALTH &amp; SAFETY"],"inLanguage":"it-IT"},{"@type":"WebPage","@id":"https:\/\/news.save.ch\/motorradfahren-nur-3-fahrdistanz-doch-27-der-schwerverletzten\/","url":"https:\/\/news.save.ch\/motorradfahren-nur-3-fahrdistanz-doch-27-der-schwerverletzten\/","name":"Motociclismo: Solo 3 % di distanza di guida - ma 27 % di lesioni gravi - Save","isPartOf":{"@id":"https:\/\/news.save.ch\/de\/#website"},"primaryImageOfPage":{"@id":"https:\/\/news.save.ch\/motorradfahren-nur-3-fahrdistanz-doch-27-der-schwerverletzten\/#primaryimage"},"image":{"@id":"https:\/\/news.save.ch\/motorradfahren-nur-3-fahrdistanz-doch-27-der-schwerverletzten\/#primaryimage"},"thumbnailUrl":"https:\/\/news.save.ch\/wp-content\/uploads\/2026\/04\/Depositphotos_747386978_S-680x454.jpg","datePublished":"2026-04-29T08:57:24+00:00","description":"Sebbene i motociclisti coprano solo il 3 % della distanza percorsa nel traffico stradale motorizzato, sono responsabili di oltre un quarto degli incidenti stradali gravi.","breadcrumb":{"@id":"https:\/\/news.save.ch\/motorradfahren-nur-3-fahrdistanz-doch-27-der-schwerverletzten\/#breadcrumb"},"inLanguage":"it-IT","potentialAction":[{"@type":"ReadAction","target":["https:\/\/news.save.ch\/motorradfahren-nur-3-fahrdistanz-doch-27-der-schwerverletzten\/"]}]},{"@type":"ImageObject","inLanguage":"it-IT","@id":"https:\/\/news.save.ch\/motorradfahren-nur-3-fahrdistanz-doch-27-der-schwerverletzten\/#primaryimage","url":"https:\/\/news.save.ch\/wp-content\/uploads\/2026\/04\/Depositphotos_747386978_S-680x454.jpg","contentUrl":"https:\/\/news.save.ch\/wp-content\/uploads\/2026\/04\/Depositphotos_747386978_S-680x454.jpg"},{"@type":"BreadcrumbList","@id":"https:\/\/news.save.ch\/motorradfahren-nur-3-fahrdistanz-doch-27-der-schwerverletzten\/#breadcrumb","itemListElement":[{"@type":"ListItem","position":1,"name":"Home","item":"https:\/\/news.save.ch\/de\/"},{"@type":"ListItem","position":2,"name":"Motorradfahren: Nur 3 % Fahrdistanz \u2013 doch 27 % der Schwerverletzten"}]},{"@type":"WebSite","@id":"https:\/\/news.save.ch\/de\/#website","url":"https:\/\/news.save.ch\/de\/","name":"Risparmiare","description":"Rivista svizzera specializzata in sicurezza","publisher":{"@id":"https:\/\/news.save.ch\/de\/#organization"},"potentialAction":[{"@type":"SearchAction","target":{"@type":"EntryPoint","urlTemplate":"https:\/\/news.save.ch\/de\/?s={search_term_string}"},"query-input":{"@type":"PropertyValueSpecification","valueRequired":true,"valueName":"search_term_string"}}],"inLanguage":"it-IT"},{"@type":"Organization","@id":"https:\/\/news.save.ch\/de\/#organization","name":"Forum sulla sicurezza","url":"https:\/\/news.save.ch\/de\/","logo":{"@type":"ImageObject","inLanguage":"it-IT","@id":"https:\/\/news.save.ch\/de\/#\/schema\/logo\/image\/","url":"https:\/\/news.save.ch\/wp-content\/uploads\/2022\/06\/Logo_SF_2012.png","contentUrl":"https:\/\/news.save.ch\/wp-content\/uploads\/2022\/06\/Logo_SF_2012.png","width":1100,"height":91,"caption":"Sicherheitsforum"},"image":{"@id":"https:\/\/news.save.ch\/de\/#\/schema\/logo\/image\/"}},{"@type":"Person","@id":"https:\/\/news.save.ch\/de\/#\/schema\/person\/10917387362b3961e882740f6cf6f2a2","name":"Stefanie Zeng","image":{"@type":"ImageObject","inLanguage":"it-IT","@id":"https:\/\/secure.gravatar.com\/avatar\/eac43faa6e40bb2c41068c95c9d78bbd94c476d5efdff7abaab80bb3ea681e06?s=96&d=mm&r=g","url":"https:\/\/secure.gravatar.com\/avatar\/eac43faa6e40bb2c41068c95c9d78bbd94c476d5efdff7abaab80bb3ea681e06?s=96&d=mm&r=g","contentUrl":"https:\/\/secure.gravatar.com\/avatar\/eac43faa6e40bb2c41068c95c9d78bbd94c476d5efdff7abaab80bb3ea681e06?s=96&d=mm&r=g","caption":"stefanie Zeng"},"url":"https:\/\/news.save.ch\/it\/author\/stefanie-zeng\/"}]}},"_links":{"self":[{"href":"https:\/\/news.save.ch\/it\/wp-json\/wp\/v2\/posts\/25173","targetHints":{"allow":["GET"]}}],"collection":[{"href":"https:\/\/news.save.ch\/it\/wp-json\/wp\/v2\/posts"}],"about":[{"href":"https:\/\/news.save.ch\/it\/wp-json\/wp\/v2\/types\/post"}],"author":[{"embeddable":true,"href":"https:\/\/news.save.ch\/it\/wp-json\/wp\/v2\/users\/31"}],"replies":[{"embeddable":true,"href":"https:\/\/news.save.ch\/it\/wp-json\/wp\/v2\/comments?post=25173"}],"version-history":[{"count":3,"href":"https:\/\/news.save.ch\/it\/wp-json\/wp\/v2\/posts\/25173\/revisions"}],"predecessor-version":[{"id":25182,"href":"https:\/\/news.save.ch\/it\/wp-json\/wp\/v2\/posts\/25173\/revisions\/25182"}],"wp:attachment":[{"href":"https:\/\/news.save.ch\/it\/wp-json\/wp\/v2\/media?parent=25173"}],"wp:term":[{"taxonomy":"category","embeddable":true,"href":"https:\/\/news.save.ch\/it\/wp-json\/wp\/v2\/categories?post=25173"},{"taxonomy":"post_tag","embeddable":true,"href":"https:\/\/news.save.ch\/it\/wp-json\/wp\/v2\/tags?post=25173"}],"curies":[{"name":"wp","href":"https:\/\/api.w.org\/{rel}","templated":true}]}}