{"id":2575,"date":"2016-06-09T13:48:40","date_gmt":"2016-06-09T11:48:40","guid":{"rendered":"https:\/\/dev.sicherheitsforum.ch\/?p=2575"},"modified":"2016-06-09T13:48:40","modified_gmt":"2016-06-09T11:48:40","slug":"bankueberfall-wer-kennt-diesen-mann","status":null,"type":"post","link":"https:\/\/news.save.ch\/it\/bankueberfall-wer-kennt-diesen-mann\/","title":{"rendered":"Rapina in banca: chi conosce quest'uomo?"},"content":{"rendered":"<figure id=\"attachment_2576\" aria-describedby=\"caption-attachment-2576\" style=\"width: 680px\" class=\"wp-caption alignnone\"><img loading=\"lazy\" decoding=\"async\" class=\"wp-image-2576 size-medium\" src=\"https:\/\/news.save.ch\/wp-content\/uploads\/2016\/12\/Bankueberfall-Wer-kennt-diesen-Mann_sicherheitsforum.jpg\" width=\"680\" height=\"367\" srcset=\"https:\/\/news.save.ch\/wp-content\/uploads\/2016\/12\/Bankueberfall-Wer-kennt-diesen-Mann_sicherheitsforum.jpg 1246w, https:\/\/news.save.ch\/wp-content\/uploads\/2016\/12\/Bankueberfall-Wer-kennt-diesen-Mann_sicherheitsforum-375x203.jpg 375w\" sizes=\"auto, (max-width: 680px) 100vw, 680px\" \/><figcaption id=\"caption-attachment-2576\" class=\"wp-caption-text\">Il presunto colpevole.<\/figcaption><\/figure>\n<p>Il 13 maggio 2016, intorno alle 10.30, una filiale UBS \u00e8 stata rapinata in El\u00e4sserstrasse a Basilea. L'aggressore ha minacciato un dipendente con un coltello e ha chiesto del denaro. Secondo la polizia, \u00e8 riuscito a rubare una grande quantit\u00e0 di denaro. Nonostante le ricerche intensive, l'uomo non \u00e8 ancora stato identificato o arrestato. L'ufficio del pubblico ministero di Basilea Citt\u00e0 ha quindi pubblicato una foto del presunto colpevole.<\/p>\n<p><em>Le persone che possono fornire informazioni rilevanti sono pregate di contattare il dipartimento di indagini penali della Procura di Basilea Citt\u00e0, tel. 061 267 71 11, o la stazione di polizia pi\u00f9 vicina.<\/em><\/p>","protected":false},"excerpt":{"rendered":"<p>Am 13. Mai 2016, gegen 10.30 Uhr, wurde an der El\u00e4sserstrasse in Basel eine Filiale der UBS \u00fcberfallen. Der T\u00e4ter bedrohte eine Angestellte mit einem Messer und forderte Geld. Gem\u00e4ss Polizeiangaben gelang es ihm, einen gr\u00f6sseren Betrag zu rauben. Trotz intensiver Fahndung habe der Mann bis anhin nicht ermittelt beziehungsweise festgenommen werden k\u00f6nnen. Die Staatsanwaltschaft [&hellip;]<\/p>\n","protected":false},"author":1,"featured_media":2576,"comment_status":"open","ping_status":"open","sticky":false,"template":"","format":"standard","meta":{"_acf_changed":false,"pgc_sgb_lightbox_settings":"","footnotes":""},"categories":[1],"tags":[69,78],"class_list":["post-2575","post","type-post","status-publish","format-standard","has-post-thumbnail","hentry","category-allgemein","tag-justiz-polizei","tag-videoueberwachung"],"acf":[],"hkrextid":null,"publication":null,"issue":null,"workflow":null,"startPage":null,"spitzmarke":null,"_posts_by_tag_page_fields":{"widget_title":"","widget_tags":""},"_at_widget":"1","_yoast_wpseo_primary_category":"","_yoast_wpseo_focuskw_text_input":"Bank\u00fcberfall","_yoast_wpseo_opengraph-image":"https:\/\/news.save.ch\/wp-content\/uploads\/2016\/12\/Bank\u00fcberfall-Wer-kennt-diesen-Mann_sicherheitsforum.jpg","_yoast_wpseo_opengraph-description":"Die Staatsanwaltschaft Basel-Stadt sucht einen mutmasslichen Bankr\u00e4uber.","_yoast_wpseo_opengraph-title":"Bank\u00fcberfall: Wer kennt diesen Mann?","enclosure":null,"_yoast_wpseo_twitter-title":null,"_yoast_wpseo_twitter-description":null,"_yoast_wpseo_twitter-image":null,"_wp_old_slug":null,"_yoast_wpseo_title":null,"_yoast_wpseo_canonical":null,"yoast_head":"<!-- This site is optimized with the Yoast SEO plugin v27.5 - https:\/\/yoast.com\/product\/yoast-seo-wordpress\/ -->\n<title>Bank\u00fcberfall: Wer kennt diesen Mann? - Save<\/title>\n<meta name=\"description\" content=\"Bank\u00fcberfall: Die Staatsanwaltschaft Basel-Stadt sucht einen mutmasslichen Bankr\u00e4uber.\" \/>\n<meta name=\"robots\" content=\"index, follow, max-snippet:-1, max-image-preview:large, max-video-preview:-1\" \/>\n<link rel=\"canonical\" href=\"https:\/\/news.save.ch\/it\/bankueberfall-wer-kennt-diesen-mann\/\" \/>\n<meta property=\"og:locale\" content=\"it_IT\" \/>\n<meta property=\"og:type\" content=\"article\" \/>\n<meta property=\"og:title\" content=\"Bank\u00fcberfall: Wer kennt diesen Mann?\" \/>\n<meta property=\"og:description\" content=\"Die Staatsanwaltschaft Basel-Stadt sucht einen mutmasslichen Bankr\u00e4uber.\" \/>\n<meta property=\"og:url\" content=\"https:\/\/news.save.ch\/it\/bankueberfall-wer-kennt-diesen-mann\/\" \/>\n<meta property=\"og:site_name\" content=\"Save\" \/>\n<meta property=\"article:published_time\" content=\"2016-06-09T11:48:40+00:00\" \/>\n<meta property=\"og:image\" content=\"https:\/\/news.save.ch\/wp-content\/uploads\/2016\/12\/Bank\u00fcberfall-Wer-kennt-diesen-Mann_sicherheitsforum.jpg\" \/>\n<meta name=\"author\" content=\"admin\" \/>\n<meta name=\"twitter:card\" content=\"summary_large_image\" \/>\n<meta name=\"twitter:label1\" content=\"Scritto da\" \/>\n\t<meta name=\"twitter:data1\" content=\"admin\" \/>\n\t<meta name=\"twitter:label2\" content=\"Tempo di lettura stimato\" \/>\n\t<meta name=\"twitter:data2\" content=\"1 minuto\" \/>\n<script type=\"application\/ld+json\" class=\"yoast-schema-graph\">{\"@context\":\"https:\\\/\\\/schema.org\",\"@graph\":[{\"@type\":\"Article\",\"@id\":\"https:\\\/\\\/news.save.ch\\\/bankueberfall-wer-kennt-diesen-mann\\\/#article\",\"isPartOf\":{\"@id\":\"https:\\\/\\\/news.save.ch\\\/bankueberfall-wer-kennt-diesen-mann\\\/\"},\"author\":{\"name\":\"admin\",\"@id\":\"https:\\\/\\\/news.save.ch\\\/de\\\/#\\\/schema\\\/person\\\/d49e199490bad7c70d64b9ab51142f2b\"},\"headline\":\"Bank\u00fcberfall: Wer kennt diesen Mann?\",\"datePublished\":\"2016-06-09T11:48:40+00:00\",\"mainEntityOfPage\":{\"@id\":\"https:\\\/\\\/news.save.ch\\\/bankueberfall-wer-kennt-diesen-mann\\\/\"},\"wordCount\":111,\"commentCount\":0,\"publisher\":{\"@id\":\"https:\\\/\\\/news.save.ch\\\/de\\\/#organization\"},\"image\":{\"@id\":\"https:\\\/\\\/news.save.ch\\\/bankueberfall-wer-kennt-diesen-mann\\\/#primaryimage\"},\"thumbnailUrl\":\"https:\\\/\\\/news.save.ch\\\/wp-content\\\/uploads\\\/2016\\\/12\\\/Bankueberfall-Wer-kennt-diesen-Mann_sicherheitsforum.jpg\",\"keywords\":[\"Justiz &amp; Polizei\",\"Video\u00fcberwachung\"],\"articleSection\":[\"ALLGEMEIN\"],\"inLanguage\":\"it-IT\"},{\"@type\":\"WebPage\",\"@id\":\"https:\\\/\\\/news.save.ch\\\/bankueberfall-wer-kennt-diesen-mann\\\/\",\"url\":\"https:\\\/\\\/news.save.ch\\\/bankueberfall-wer-kennt-diesen-mann\\\/\",\"name\":\"Bank\u00fcberfall: Wer kennt diesen Mann? - Save\",\"isPartOf\":{\"@id\":\"https:\\\/\\\/news.save.ch\\\/de\\\/#website\"},\"primaryImageOfPage\":{\"@id\":\"https:\\\/\\\/news.save.ch\\\/bankueberfall-wer-kennt-diesen-mann\\\/#primaryimage\"},\"image\":{\"@id\":\"https:\\\/\\\/news.save.ch\\\/bankueberfall-wer-kennt-diesen-mann\\\/#primaryimage\"},\"thumbnailUrl\":\"https:\\\/\\\/news.save.ch\\\/wp-content\\\/uploads\\\/2016\\\/12\\\/Bankueberfall-Wer-kennt-diesen-Mann_sicherheitsforum.jpg\",\"datePublished\":\"2016-06-09T11:48:40+00:00\",\"description\":\"Bank\u00fcberfall: Die Staatsanwaltschaft Basel-Stadt sucht einen mutmasslichen Bankr\u00e4uber.\",\"breadcrumb\":{\"@id\":\"https:\\\/\\\/news.save.ch\\\/bankueberfall-wer-kennt-diesen-mann\\\/#breadcrumb\"},\"inLanguage\":\"it-IT\",\"potentialAction\":[{\"@type\":\"ReadAction\",\"target\":[\"https:\\\/\\\/news.save.ch\\\/bankueberfall-wer-kennt-diesen-mann\\\/\"]}]},{\"@type\":\"ImageObject\",\"inLanguage\":\"it-IT\",\"@id\":\"https:\\\/\\\/news.save.ch\\\/bankueberfall-wer-kennt-diesen-mann\\\/#primaryimage\",\"url\":\"https:\\\/\\\/news.save.ch\\\/wp-content\\\/uploads\\\/2016\\\/12\\\/Bankueberfall-Wer-kennt-diesen-Mann_sicherheitsforum.jpg\",\"contentUrl\":\"https:\\\/\\\/news.save.ch\\\/wp-content\\\/uploads\\\/2016\\\/12\\\/Bankueberfall-Wer-kennt-diesen-Mann_sicherheitsforum.jpg\",\"width\":1246,\"height\":673,\"caption\":\"Der mutmassliche T\u00e4ter.\"},{\"@type\":\"BreadcrumbList\",\"@id\":\"https:\\\/\\\/news.save.ch\\\/bankueberfall-wer-kennt-diesen-mann\\\/#breadcrumb\",\"itemListElement\":[{\"@type\":\"ListItem\",\"position\":1,\"name\":\"Home\",\"item\":\"https:\\\/\\\/news.save.ch\\\/de\\\/\"},{\"@type\":\"ListItem\",\"position\":2,\"name\":\"Bank\u00fcberfall: Wer kennt diesen Mann?\"}]},{\"@type\":\"WebSite\",\"@id\":\"https:\\\/\\\/news.save.ch\\\/de\\\/#website\",\"url\":\"https:\\\/\\\/news.save.ch\\\/de\\\/\",\"name\":\"Save\",\"description\":\"Schweizer Fachzeitschrift f\u00fcr Sicherheit\",\"publisher\":{\"@id\":\"https:\\\/\\\/news.save.ch\\\/de\\\/#organization\"},\"potentialAction\":[{\"@type\":\"SearchAction\",\"target\":{\"@type\":\"EntryPoint\",\"urlTemplate\":\"https:\\\/\\\/news.save.ch\\\/de\\\/?s={search_term_string}\"},\"query-input\":{\"@type\":\"PropertyValueSpecification\",\"valueRequired\":true,\"valueName\":\"search_term_string\"}}],\"inLanguage\":\"it-IT\"},{\"@type\":\"Organization\",\"@id\":\"https:\\\/\\\/news.save.ch\\\/de\\\/#organization\",\"name\":\"Sicherheitsforum\",\"url\":\"https:\\\/\\\/news.save.ch\\\/de\\\/\",\"logo\":{\"@type\":\"ImageObject\",\"inLanguage\":\"it-IT\",\"@id\":\"https:\\\/\\\/news.save.ch\\\/de\\\/#\\\/schema\\\/logo\\\/image\\\/\",\"url\":\"https:\\\/\\\/news.save.ch\\\/wp-content\\\/uploads\\\/2022\\\/06\\\/Logo_SF_2012.png\",\"contentUrl\":\"https:\\\/\\\/news.save.ch\\\/wp-content\\\/uploads\\\/2022\\\/06\\\/Logo_SF_2012.png\",\"width\":1100,\"height\":91,\"caption\":\"Sicherheitsforum\"},\"image\":{\"@id\":\"https:\\\/\\\/news.save.ch\\\/de\\\/#\\\/schema\\\/logo\\\/image\\\/\"}},{\"@type\":\"Person\",\"@id\":\"https:\\\/\\\/news.save.ch\\\/de\\\/#\\\/schema\\\/person\\\/d49e199490bad7c70d64b9ab51142f2b\",\"name\":\"admin\",\"image\":{\"@type\":\"ImageObject\",\"inLanguage\":\"it-IT\",\"@id\":\"https:\\\/\\\/secure.gravatar.com\\\/avatar\\\/ae2f4d718e6c49043e314ce431e7e645d646302a24a5ef5a8bc8e3f5a032e319?s=96&d=mm&r=g\",\"url\":\"https:\\\/\\\/secure.gravatar.com\\\/avatar\\\/ae2f4d718e6c49043e314ce431e7e645d646302a24a5ef5a8bc8e3f5a032e319?s=96&d=mm&r=g\",\"contentUrl\":\"https:\\\/\\\/secure.gravatar.com\\\/avatar\\\/ae2f4d718e6c49043e314ce431e7e645d646302a24a5ef5a8bc8e3f5a032e319?s=96&d=mm&r=g\",\"caption\":\"admin\"},\"sameAs\":[\"https:\\\/\\\/develop.organisator.galledia.ch\"],\"url\":\"https:\\\/\\\/news.save.ch\\\/it\\\/author\\\/admin\\\/\"}]}<\/script>\n<!-- \/ Yoast SEO plugin. -->","yoast_head_json":{"title":"Rapina in banca: chi conosce quest'uomo? - Salva","description":"Rapina in banca: la procura di Basilea Citt\u00e0 sta cercando un presunto rapinatore di banche.","robots":{"index":"index","follow":"follow","max-snippet":"max-snippet:-1","max-image-preview":"max-image-preview:large","max-video-preview":"max-video-preview:-1"},"canonical":"https:\/\/news.save.ch\/it\/bankueberfall-wer-kennt-diesen-mann\/","og_locale":"it_IT","og_type":"article","og_title":"Bank\u00fcberfall: Wer kennt diesen Mann?","og_description":"Die Staatsanwaltschaft Basel-Stadt sucht einen mutmasslichen Bankr\u00e4uber.","og_url":"https:\/\/news.save.ch\/it\/bankueberfall-wer-kennt-diesen-mann\/","og_site_name":"Save","article_published_time":"2016-06-09T11:48:40+00:00","og_image":[{"url":"https:\/\/news.save.ch\/wp-content\/uploads\/2016\/12\/Bank\u00fcberfall-Wer-kennt-diesen-Mann_sicherheitsforum.jpg","type":"","width":"","height":""}],"author":"admin","twitter_card":"summary_large_image","twitter_misc":{"Scritto da":"admin","Tempo di lettura stimato":"1 minuto"},"schema":{"@context":"https:\/\/schema.org","@graph":[{"@type":"Article","@id":"https:\/\/news.save.ch\/bankueberfall-wer-kennt-diesen-mann\/#article","isPartOf":{"@id":"https:\/\/news.save.ch\/bankueberfall-wer-kennt-diesen-mann\/"},"author":{"name":"admin","@id":"https:\/\/news.save.ch\/de\/#\/schema\/person\/d49e199490bad7c70d64b9ab51142f2b"},"headline":"Bank\u00fcberfall: Wer kennt diesen Mann?","datePublished":"2016-06-09T11:48:40+00:00","mainEntityOfPage":{"@id":"https:\/\/news.save.ch\/bankueberfall-wer-kennt-diesen-mann\/"},"wordCount":111,"commentCount":0,"publisher":{"@id":"https:\/\/news.save.ch\/de\/#organization"},"image":{"@id":"https:\/\/news.save.ch\/bankueberfall-wer-kennt-diesen-mann\/#primaryimage"},"thumbnailUrl":"https:\/\/news.save.ch\/wp-content\/uploads\/2016\/12\/Bankueberfall-Wer-kennt-diesen-Mann_sicherheitsforum.jpg","keywords":["Justiz &amp; Polizei","Video\u00fcberwachung"],"articleSection":["ALLGEMEIN"],"inLanguage":"it-IT"},{"@type":"WebPage","@id":"https:\/\/news.save.ch\/bankueberfall-wer-kennt-diesen-mann\/","url":"https:\/\/news.save.ch\/bankueberfall-wer-kennt-diesen-mann\/","name":"Rapina in banca: chi conosce quest'uomo? - Salva","isPartOf":{"@id":"https:\/\/news.save.ch\/de\/#website"},"primaryImageOfPage":{"@id":"https:\/\/news.save.ch\/bankueberfall-wer-kennt-diesen-mann\/#primaryimage"},"image":{"@id":"https:\/\/news.save.ch\/bankueberfall-wer-kennt-diesen-mann\/#primaryimage"},"thumbnailUrl":"https:\/\/news.save.ch\/wp-content\/uploads\/2016\/12\/Bankueberfall-Wer-kennt-diesen-Mann_sicherheitsforum.jpg","datePublished":"2016-06-09T11:48:40+00:00","description":"Rapina in banca: la procura di Basilea Citt\u00e0 sta cercando un presunto rapinatore di banche.","breadcrumb":{"@id":"https:\/\/news.save.ch\/bankueberfall-wer-kennt-diesen-mann\/#breadcrumb"},"inLanguage":"it-IT","potentialAction":[{"@type":"ReadAction","target":["https:\/\/news.save.ch\/bankueberfall-wer-kennt-diesen-mann\/"]}]},{"@type":"ImageObject","inLanguage":"it-IT","@id":"https:\/\/news.save.ch\/bankueberfall-wer-kennt-diesen-mann\/#primaryimage","url":"https:\/\/news.save.ch\/wp-content\/uploads\/2016\/12\/Bankueberfall-Wer-kennt-diesen-Mann_sicherheitsforum.jpg","contentUrl":"https:\/\/news.save.ch\/wp-content\/uploads\/2016\/12\/Bankueberfall-Wer-kennt-diesen-Mann_sicherheitsforum.jpg","width":1246,"height":673,"caption":"Der mutmassliche T\u00e4ter."},{"@type":"BreadcrumbList","@id":"https:\/\/news.save.ch\/bankueberfall-wer-kennt-diesen-mann\/#breadcrumb","itemListElement":[{"@type":"ListItem","position":1,"name":"Home","item":"https:\/\/news.save.ch\/de\/"},{"@type":"ListItem","position":2,"name":"Bank\u00fcberfall: Wer kennt diesen Mann?"}]},{"@type":"WebSite","@id":"https:\/\/news.save.ch\/de\/#website","url":"https:\/\/news.save.ch\/de\/","name":"Risparmiare","description":"Rivista svizzera specializzata in sicurezza","publisher":{"@id":"https:\/\/news.save.ch\/de\/#organization"},"potentialAction":[{"@type":"SearchAction","target":{"@type":"EntryPoint","urlTemplate":"https:\/\/news.save.ch\/de\/?s={search_term_string}"},"query-input":{"@type":"PropertyValueSpecification","valueRequired":true,"valueName":"search_term_string"}}],"inLanguage":"it-IT"},{"@type":"Organization","@id":"https:\/\/news.save.ch\/de\/#organization","name":"Forum sulla sicurezza","url":"https:\/\/news.save.ch\/de\/","logo":{"@type":"ImageObject","inLanguage":"it-IT","@id":"https:\/\/news.save.ch\/de\/#\/schema\/logo\/image\/","url":"https:\/\/news.save.ch\/wp-content\/uploads\/2022\/06\/Logo_SF_2012.png","contentUrl":"https:\/\/news.save.ch\/wp-content\/uploads\/2022\/06\/Logo_SF_2012.png","width":1100,"height":91,"caption":"Sicherheitsforum"},"image":{"@id":"https:\/\/news.save.ch\/de\/#\/schema\/logo\/image\/"}},{"@type":"Person","@id":"https:\/\/news.save.ch\/de\/#\/schema\/person\/d49e199490bad7c70d64b9ab51142f2b","name":"amministratore","image":{"@type":"ImageObject","inLanguage":"it-IT","@id":"https:\/\/secure.gravatar.com\/avatar\/ae2f4d718e6c49043e314ce431e7e645d646302a24a5ef5a8bc8e3f5a032e319?s=96&d=mm&r=g","url":"https:\/\/secure.gravatar.com\/avatar\/ae2f4d718e6c49043e314ce431e7e645d646302a24a5ef5a8bc8e3f5a032e319?s=96&d=mm&r=g","contentUrl":"https:\/\/secure.gravatar.com\/avatar\/ae2f4d718e6c49043e314ce431e7e645d646302a24a5ef5a8bc8e3f5a032e319?s=96&d=mm&r=g","caption":"admin"},"sameAs":["https:\/\/develop.organisator.galledia.ch"],"url":"https:\/\/news.save.ch\/it\/author\/admin\/"}]}},"_links":{"self":[{"href":"https:\/\/news.save.ch\/it\/wp-json\/wp\/v2\/posts\/2575","targetHints":{"allow":["GET"]}}],"collection":[{"href":"https:\/\/news.save.ch\/it\/wp-json\/wp\/v2\/posts"}],"about":[{"href":"https:\/\/news.save.ch\/it\/wp-json\/wp\/v2\/types\/post"}],"author":[{"embeddable":true,"href":"https:\/\/news.save.ch\/it\/wp-json\/wp\/v2\/users\/1"}],"replies":[{"embeddable":true,"href":"https:\/\/news.save.ch\/it\/wp-json\/wp\/v2\/comments?post=2575"}],"version-history":[{"count":0,"href":"https:\/\/news.save.ch\/it\/wp-json\/wp\/v2\/posts\/2575\/revisions"}],"wp:featuredmedia":[{"embeddable":true,"href":"https:\/\/news.save.ch\/it\/wp-json\/wp\/v2\/media\/2576"}],"wp:attachment":[{"href":"https:\/\/news.save.ch\/it\/wp-json\/wp\/v2\/media?parent=2575"}],"wp:term":[{"taxonomy":"category","embeddable":true,"href":"https:\/\/news.save.ch\/it\/wp-json\/wp\/v2\/categories?post=2575"},{"taxonomy":"post_tag","embeddable":true,"href":"https:\/\/news.save.ch\/it\/wp-json\/wp\/v2\/tags?post=2575"}],"curies":[{"name":"wp","href":"https:\/\/api.w.org\/{rel}","templated":true}]}}