{"id":2611,"date":"2016-05-27T14:16:59","date_gmt":"2016-05-27T12:16:59","guid":{"rendered":"https:\/\/dev.sicherheitsforum.ch\/?p=2611"},"modified":"2016-05-27T14:16:59","modified_gmt":"2016-05-27T12:16:59","slug":"sicherheitsbranche-im-stimmungshoch","status":null,"type":"post","link":"https:\/\/news.save.ch\/it\/sicherheitsbranche-im-stimmungshoch\/","title":{"rendered":"L'industria della sicurezza \u00e8 di buon umore"},"content":{"rendered":"<figure id=\"attachment_2612\" aria-describedby=\"caption-attachment-2612\" style=\"width: 680px\" class=\"wp-caption alignnone\"><img loading=\"lazy\" decoding=\"async\" class=\"wp-image-2612 size-medium\" src=\"https:\/\/news.save.ch\/wp-content\/uploads\/2016\/12\/Sicherheitsbranche-im-Stimmungshoch_sicherheitsforum.jpg\" width=\"680\" height=\"454\" srcset=\"https:\/\/news.save.ch\/wp-content\/uploads\/2016\/12\/Sicherheitsbranche-im-Stimmungshoch_sicherheitsforum.jpg 1000w, https:\/\/news.save.ch\/wp-content\/uploads\/2016\/12\/Sicherheitsbranche-im-Stimmungshoch_sicherheitsforum-375x250.jpg 375w\" sizes=\"auto, (max-width: 680px) 100vw, 680px\" \/><figcaption id=\"caption-attachment-2612\" class=\"wp-caption-text\">Foto: depositphotos<\/figcaption><\/figure>\n<p>\"L'attuale situazione aziendale raggiunge il massimo valore assoluto con una valutazione media di 1,78 sulla scala dei voti scolastici\", conferma Urban Brauer, amministratore delegato dell'istituto. <a href=\"https:\/\/www.bhe.de\" target=\"_blank\" data-cke-saved-href=\"https:\/\/www.bhe.de\" rel=\"noopener\">BHE<\/a>. Il contesto \u00e8 costituito in particolare dalla crescente domanda del mercato privato. Gli installatori si sono dichiarati ampiamente soddisfatti della loro situazione attuale, assegnando un voto medio di 2,35. Nel 2013, questo valore era ancora pari a 2,92.<\/p>\n<p>L'aumento della domanda nel settore privato \u00e8 evidente nei singoli settori. In questo caso, ad esempio, il settore dei sistemi di allarme antifurto ha raggiunto per la prima volta un indice di 1,89. Dall'inizio delle indagini, nessun settore ha valutato la propria situazione attuale in modo cos\u00ec positivo, come scrive la BHE.<\/p>\n<p>In tutti i settori, la situazione economica futura \u00e8 valutata pi\u00f9 promettente che mai (1,94). Nessuna delle aziende intervistate sta attualmente pianificando licenziamenti, anzi. Circa 57% di tutte le aziende vorrebbero assumere altri dipendenti, mentre le restanti 43% vorrebbero mantenere il personale attuale, scrive il Bundesverband Sicherheitstechnik.<\/p>","protected":false},"excerpt":{"rendered":"<p>\u201eDie aktuelle Gesch\u00e4ftslage erreicht mit einer durchschnittlichen Bewertung von 1,78 auf der Schulnotenskala einen absoluten Spitzenwert\u201c, best\u00e4tigt Urban Brauer, Gesch\u00e4ftsf\u00fchrer des BHE. Hintergrund sei insbesondere die steigende Nachfrage auf dem Privatmarkt. Die Errichter seien hier mit ihrer aktuellen Situation weitgehend zufrieden und benoten diese im Schnitt mit 2,35. Im Jahr 2013 lag dieser Wert noch [&hellip;]<\/p>\n","protected":false},"author":1,"featured_media":2612,"comment_status":"open","ping_status":"open","sticky":false,"template":"","format":"standard","meta":{"_acf_changed":false,"pgc_sgb_lightbox_settings":"","footnotes":""},"categories":[1],"tags":[70,65],"class_list":["post-2611","post","type-post","status-publish","format-standard","has-post-thumbnail","hentry","category-allgemein","tag-sicherheit-diverses","tag-unternehmen"],"acf":[],"hkrextid":null,"publication":null,"issue":null,"workflow":null,"startPage":null,"spitzmarke":null,"_posts_by_tag_page_fields":{"widget_title":"","widget_tags":""},"_at_widget":"1","_yoast_wpseo_primary_category":"","_yoast_wpseo_focuskw_text_input":"Stimmungshoch","_yoast_wpseo_opengraph-image":"https:\/\/news.save.ch\/wp-content\/uploads\/2016\/12\/Sicherheitsbranche-im-Stimmungshoch_sicherheitsforum.jpg","_yoast_wpseo_opengraph-description":"Die deutschen Facherrichter profitieren auch weiterhin von einer guten Gesch\u00e4ftslage. In der aktuellen Fr\u00fchjahres-Konjunkturumfrage des BHE Bundesverband Sicherheitstechnik wurden erneut zahlreiche Best-Werte erreicht.","_yoast_wpseo_opengraph-title":"Sicherheitsbranche im Stimmungshoch","enclosure":null,"_yoast_wpseo_twitter-title":null,"_yoast_wpseo_twitter-description":null,"_yoast_wpseo_twitter-image":null,"_wp_old_slug":null,"_yoast_wpseo_title":null,"_yoast_wpseo_canonical":null,"yoast_head":"<!-- This site is optimized with the Yoast SEO plugin v27.5 - https:\/\/yoast.com\/product\/yoast-seo-wordpress\/ -->\n<title>Sicherheitsbranche im Stimmungshoch - Save<\/title>\n<meta name=\"description\" content=\"Stimmungshoch: In der aktuellen Fr\u00fchjahres-Konjunkturumfrage des BHE Bundesverband Sicherheitstechnik wurden erneut zahlreiche Best-Werte erreicht.\" \/>\n<meta name=\"robots\" content=\"index, follow, max-snippet:-1, max-image-preview:large, max-video-preview:-1\" \/>\n<link rel=\"canonical\" href=\"https:\/\/news.save.ch\/it\/sicherheitsbranche-im-stimmungshoch\/\" \/>\n<meta property=\"og:locale\" content=\"it_IT\" \/>\n<meta property=\"og:type\" content=\"article\" \/>\n<meta property=\"og:title\" content=\"Sicherheitsbranche im Stimmungshoch\" \/>\n<meta property=\"og:description\" content=\"Die deutschen Facherrichter profitieren auch weiterhin von einer guten Gesch\u00e4ftslage. In der aktuellen Fr\u00fchjahres-Konjunkturumfrage des BHE Bundesverband Sicherheitstechnik wurden erneut zahlreiche Best-Werte erreicht.\" \/>\n<meta property=\"og:url\" content=\"https:\/\/news.save.ch\/it\/sicherheitsbranche-im-stimmungshoch\/\" \/>\n<meta property=\"og:site_name\" content=\"Save\" \/>\n<meta property=\"article:published_time\" content=\"2016-05-27T12:16:59+00:00\" \/>\n<meta property=\"og:image\" content=\"https:\/\/news.save.ch\/wp-content\/uploads\/2016\/12\/Sicherheitsbranche-im-Stimmungshoch_sicherheitsforum.jpg\" \/>\n<meta name=\"author\" content=\"admin\" \/>\n<meta name=\"twitter:card\" content=\"summary_large_image\" \/>\n<meta name=\"twitter:label1\" content=\"Scritto da\" \/>\n\t<meta name=\"twitter:data1\" content=\"admin\" \/>\n\t<meta name=\"twitter:label2\" content=\"Tempo di lettura stimato\" \/>\n\t<meta name=\"twitter:data2\" content=\"1 minuto\" \/>\n<script type=\"application\/ld+json\" class=\"yoast-schema-graph\">{\"@context\":\"https:\\\/\\\/schema.org\",\"@graph\":[{\"@type\":\"Article\",\"@id\":\"https:\\\/\\\/news.save.ch\\\/sicherheitsbranche-im-stimmungshoch\\\/#article\",\"isPartOf\":{\"@id\":\"https:\\\/\\\/news.save.ch\\\/sicherheitsbranche-im-stimmungshoch\\\/\"},\"author\":{\"name\":\"admin\",\"@id\":\"https:\\\/\\\/news.save.ch\\\/de\\\/#\\\/schema\\\/person\\\/d49e199490bad7c70d64b9ab51142f2b\"},\"headline\":\"Sicherheitsbranche im Stimmungshoch\",\"datePublished\":\"2016-05-27T12:16:59+00:00\",\"mainEntityOfPage\":{\"@id\":\"https:\\\/\\\/news.save.ch\\\/sicherheitsbranche-im-stimmungshoch\\\/\"},\"wordCount\":151,\"commentCount\":0,\"publisher\":{\"@id\":\"https:\\\/\\\/news.save.ch\\\/de\\\/#organization\"},\"image\":{\"@id\":\"https:\\\/\\\/news.save.ch\\\/sicherheitsbranche-im-stimmungshoch\\\/#primaryimage\"},\"thumbnailUrl\":\"https:\\\/\\\/news.save.ch\\\/wp-content\\\/uploads\\\/2016\\\/12\\\/Sicherheitsbranche-im-Stimmungshoch_sicherheitsforum.jpg\",\"keywords\":[\"Sicherheit diverses\",\"Unternehmen\"],\"articleSection\":[\"ALLGEMEIN\"],\"inLanguage\":\"it-IT\"},{\"@type\":\"WebPage\",\"@id\":\"https:\\\/\\\/news.save.ch\\\/sicherheitsbranche-im-stimmungshoch\\\/\",\"url\":\"https:\\\/\\\/news.save.ch\\\/sicherheitsbranche-im-stimmungshoch\\\/\",\"name\":\"Sicherheitsbranche im Stimmungshoch - Save\",\"isPartOf\":{\"@id\":\"https:\\\/\\\/news.save.ch\\\/de\\\/#website\"},\"primaryImageOfPage\":{\"@id\":\"https:\\\/\\\/news.save.ch\\\/sicherheitsbranche-im-stimmungshoch\\\/#primaryimage\"},\"image\":{\"@id\":\"https:\\\/\\\/news.save.ch\\\/sicherheitsbranche-im-stimmungshoch\\\/#primaryimage\"},\"thumbnailUrl\":\"https:\\\/\\\/news.save.ch\\\/wp-content\\\/uploads\\\/2016\\\/12\\\/Sicherheitsbranche-im-Stimmungshoch_sicherheitsforum.jpg\",\"datePublished\":\"2016-05-27T12:16:59+00:00\",\"description\":\"Stimmungshoch: In der aktuellen Fr\u00fchjahres-Konjunkturumfrage des BHE Bundesverband Sicherheitstechnik wurden erneut zahlreiche Best-Werte erreicht.\",\"breadcrumb\":{\"@id\":\"https:\\\/\\\/news.save.ch\\\/sicherheitsbranche-im-stimmungshoch\\\/#breadcrumb\"},\"inLanguage\":\"it-IT\",\"potentialAction\":[{\"@type\":\"ReadAction\",\"target\":[\"https:\\\/\\\/news.save.ch\\\/sicherheitsbranche-im-stimmungshoch\\\/\"]}]},{\"@type\":\"ImageObject\",\"inLanguage\":\"it-IT\",\"@id\":\"https:\\\/\\\/news.save.ch\\\/sicherheitsbranche-im-stimmungshoch\\\/#primaryimage\",\"url\":\"https:\\\/\\\/news.save.ch\\\/wp-content\\\/uploads\\\/2016\\\/12\\\/Sicherheitsbranche-im-Stimmungshoch_sicherheitsforum.jpg\",\"contentUrl\":\"https:\\\/\\\/news.save.ch\\\/wp-content\\\/uploads\\\/2016\\\/12\\\/Sicherheitsbranche-im-Stimmungshoch_sicherheitsforum.jpg\",\"width\":1000,\"height\":667,\"caption\":\"Foto: depositphotos\"},{\"@type\":\"BreadcrumbList\",\"@id\":\"https:\\\/\\\/news.save.ch\\\/sicherheitsbranche-im-stimmungshoch\\\/#breadcrumb\",\"itemListElement\":[{\"@type\":\"ListItem\",\"position\":1,\"name\":\"Home\",\"item\":\"https:\\\/\\\/news.save.ch\\\/de\\\/\"},{\"@type\":\"ListItem\",\"position\":2,\"name\":\"Sicherheitsbranche im Stimmungshoch\"}]},{\"@type\":\"WebSite\",\"@id\":\"https:\\\/\\\/news.save.ch\\\/de\\\/#website\",\"url\":\"https:\\\/\\\/news.save.ch\\\/de\\\/\",\"name\":\"Save\",\"description\":\"Schweizer Fachzeitschrift f\u00fcr Sicherheit\",\"publisher\":{\"@id\":\"https:\\\/\\\/news.save.ch\\\/de\\\/#organization\"},\"potentialAction\":[{\"@type\":\"SearchAction\",\"target\":{\"@type\":\"EntryPoint\",\"urlTemplate\":\"https:\\\/\\\/news.save.ch\\\/de\\\/?s={search_term_string}\"},\"query-input\":{\"@type\":\"PropertyValueSpecification\",\"valueRequired\":true,\"valueName\":\"search_term_string\"}}],\"inLanguage\":\"it-IT\"},{\"@type\":\"Organization\",\"@id\":\"https:\\\/\\\/news.save.ch\\\/de\\\/#organization\",\"name\":\"Sicherheitsforum\",\"url\":\"https:\\\/\\\/news.save.ch\\\/de\\\/\",\"logo\":{\"@type\":\"ImageObject\",\"inLanguage\":\"it-IT\",\"@id\":\"https:\\\/\\\/news.save.ch\\\/de\\\/#\\\/schema\\\/logo\\\/image\\\/\",\"url\":\"https:\\\/\\\/news.save.ch\\\/wp-content\\\/uploads\\\/2022\\\/06\\\/Logo_SF_2012.png\",\"contentUrl\":\"https:\\\/\\\/news.save.ch\\\/wp-content\\\/uploads\\\/2022\\\/06\\\/Logo_SF_2012.png\",\"width\":1100,\"height\":91,\"caption\":\"Sicherheitsforum\"},\"image\":{\"@id\":\"https:\\\/\\\/news.save.ch\\\/de\\\/#\\\/schema\\\/logo\\\/image\\\/\"}},{\"@type\":\"Person\",\"@id\":\"https:\\\/\\\/news.save.ch\\\/de\\\/#\\\/schema\\\/person\\\/d49e199490bad7c70d64b9ab51142f2b\",\"name\":\"admin\",\"image\":{\"@type\":\"ImageObject\",\"inLanguage\":\"it-IT\",\"@id\":\"https:\\\/\\\/secure.gravatar.com\\\/avatar\\\/ae2f4d718e6c49043e314ce431e7e645d646302a24a5ef5a8bc8e3f5a032e319?s=96&d=mm&r=g\",\"url\":\"https:\\\/\\\/secure.gravatar.com\\\/avatar\\\/ae2f4d718e6c49043e314ce431e7e645d646302a24a5ef5a8bc8e3f5a032e319?s=96&d=mm&r=g\",\"contentUrl\":\"https:\\\/\\\/secure.gravatar.com\\\/avatar\\\/ae2f4d718e6c49043e314ce431e7e645d646302a24a5ef5a8bc8e3f5a032e319?s=96&d=mm&r=g\",\"caption\":\"admin\"},\"sameAs\":[\"https:\\\/\\\/develop.organisator.galledia.ch\"],\"url\":\"https:\\\/\\\/news.save.ch\\\/it\\\/author\\\/admin\\\/\"}]}<\/script>\n<!-- \/ Yoast SEO plugin. -->","yoast_head_json":{"title":"L'industria della sicurezza \u00e8 in piena attivit\u00e0 - Save","description":"Sentimento alto: nell'attuale sondaggio economico di primavera del BHE Bundesverband Sicherheitstechnik (Associazione federale per la tecnologia della sicurezza), sono stati raggiunti nuovamente numerosi valori massimi.","robots":{"index":"index","follow":"follow","max-snippet":"max-snippet:-1","max-image-preview":"max-image-preview:large","max-video-preview":"max-video-preview:-1"},"canonical":"https:\/\/news.save.ch\/it\/sicherheitsbranche-im-stimmungshoch\/","og_locale":"it_IT","og_type":"article","og_title":"Sicherheitsbranche im Stimmungshoch","og_description":"Die deutschen Facherrichter profitieren auch weiterhin von einer guten Gesch\u00e4ftslage. In der aktuellen Fr\u00fchjahres-Konjunkturumfrage des BHE Bundesverband Sicherheitstechnik wurden erneut zahlreiche Best-Werte erreicht.","og_url":"https:\/\/news.save.ch\/it\/sicherheitsbranche-im-stimmungshoch\/","og_site_name":"Save","article_published_time":"2016-05-27T12:16:59+00:00","og_image":[{"url":"https:\/\/news.save.ch\/wp-content\/uploads\/2016\/12\/Sicherheitsbranche-im-Stimmungshoch_sicherheitsforum.jpg","type":"","width":"","height":""}],"author":"admin","twitter_card":"summary_large_image","twitter_misc":{"Scritto da":"admin","Tempo di lettura stimato":"1 minuto"},"schema":{"@context":"https:\/\/schema.org","@graph":[{"@type":"Article","@id":"https:\/\/news.save.ch\/sicherheitsbranche-im-stimmungshoch\/#article","isPartOf":{"@id":"https:\/\/news.save.ch\/sicherheitsbranche-im-stimmungshoch\/"},"author":{"name":"admin","@id":"https:\/\/news.save.ch\/de\/#\/schema\/person\/d49e199490bad7c70d64b9ab51142f2b"},"headline":"Sicherheitsbranche im Stimmungshoch","datePublished":"2016-05-27T12:16:59+00:00","mainEntityOfPage":{"@id":"https:\/\/news.save.ch\/sicherheitsbranche-im-stimmungshoch\/"},"wordCount":151,"commentCount":0,"publisher":{"@id":"https:\/\/news.save.ch\/de\/#organization"},"image":{"@id":"https:\/\/news.save.ch\/sicherheitsbranche-im-stimmungshoch\/#primaryimage"},"thumbnailUrl":"https:\/\/news.save.ch\/wp-content\/uploads\/2016\/12\/Sicherheitsbranche-im-Stimmungshoch_sicherheitsforum.jpg","keywords":["Sicherheit diverses","Unternehmen"],"articleSection":["ALLGEMEIN"],"inLanguage":"it-IT"},{"@type":"WebPage","@id":"https:\/\/news.save.ch\/sicherheitsbranche-im-stimmungshoch\/","url":"https:\/\/news.save.ch\/sicherheitsbranche-im-stimmungshoch\/","name":"L'industria della sicurezza \u00e8 in piena attivit\u00e0 - Save","isPartOf":{"@id":"https:\/\/news.save.ch\/de\/#website"},"primaryImageOfPage":{"@id":"https:\/\/news.save.ch\/sicherheitsbranche-im-stimmungshoch\/#primaryimage"},"image":{"@id":"https:\/\/news.save.ch\/sicherheitsbranche-im-stimmungshoch\/#primaryimage"},"thumbnailUrl":"https:\/\/news.save.ch\/wp-content\/uploads\/2016\/12\/Sicherheitsbranche-im-Stimmungshoch_sicherheitsforum.jpg","datePublished":"2016-05-27T12:16:59+00:00","description":"Sentimento alto: nell'attuale sondaggio economico di primavera del BHE Bundesverband Sicherheitstechnik (Associazione federale per la tecnologia della sicurezza), sono stati raggiunti nuovamente numerosi valori massimi.","breadcrumb":{"@id":"https:\/\/news.save.ch\/sicherheitsbranche-im-stimmungshoch\/#breadcrumb"},"inLanguage":"it-IT","potentialAction":[{"@type":"ReadAction","target":["https:\/\/news.save.ch\/sicherheitsbranche-im-stimmungshoch\/"]}]},{"@type":"ImageObject","inLanguage":"it-IT","@id":"https:\/\/news.save.ch\/sicherheitsbranche-im-stimmungshoch\/#primaryimage","url":"https:\/\/news.save.ch\/wp-content\/uploads\/2016\/12\/Sicherheitsbranche-im-Stimmungshoch_sicherheitsforum.jpg","contentUrl":"https:\/\/news.save.ch\/wp-content\/uploads\/2016\/12\/Sicherheitsbranche-im-Stimmungshoch_sicherheitsforum.jpg","width":1000,"height":667,"caption":"Foto: depositphotos"},{"@type":"BreadcrumbList","@id":"https:\/\/news.save.ch\/sicherheitsbranche-im-stimmungshoch\/#breadcrumb","itemListElement":[{"@type":"ListItem","position":1,"name":"Home","item":"https:\/\/news.save.ch\/de\/"},{"@type":"ListItem","position":2,"name":"Sicherheitsbranche im Stimmungshoch"}]},{"@type":"WebSite","@id":"https:\/\/news.save.ch\/de\/#website","url":"https:\/\/news.save.ch\/de\/","name":"Risparmiare","description":"Rivista svizzera specializzata in sicurezza","publisher":{"@id":"https:\/\/news.save.ch\/de\/#organization"},"potentialAction":[{"@type":"SearchAction","target":{"@type":"EntryPoint","urlTemplate":"https:\/\/news.save.ch\/de\/?s={search_term_string}"},"query-input":{"@type":"PropertyValueSpecification","valueRequired":true,"valueName":"search_term_string"}}],"inLanguage":"it-IT"},{"@type":"Organization","@id":"https:\/\/news.save.ch\/de\/#organization","name":"Forum sulla sicurezza","url":"https:\/\/news.save.ch\/de\/","logo":{"@type":"ImageObject","inLanguage":"it-IT","@id":"https:\/\/news.save.ch\/de\/#\/schema\/logo\/image\/","url":"https:\/\/news.save.ch\/wp-content\/uploads\/2022\/06\/Logo_SF_2012.png","contentUrl":"https:\/\/news.save.ch\/wp-content\/uploads\/2022\/06\/Logo_SF_2012.png","width":1100,"height":91,"caption":"Sicherheitsforum"},"image":{"@id":"https:\/\/news.save.ch\/de\/#\/schema\/logo\/image\/"}},{"@type":"Person","@id":"https:\/\/news.save.ch\/de\/#\/schema\/person\/d49e199490bad7c70d64b9ab51142f2b","name":"amministratore","image":{"@type":"ImageObject","inLanguage":"it-IT","@id":"https:\/\/secure.gravatar.com\/avatar\/ae2f4d718e6c49043e314ce431e7e645d646302a24a5ef5a8bc8e3f5a032e319?s=96&d=mm&r=g","url":"https:\/\/secure.gravatar.com\/avatar\/ae2f4d718e6c49043e314ce431e7e645d646302a24a5ef5a8bc8e3f5a032e319?s=96&d=mm&r=g","contentUrl":"https:\/\/secure.gravatar.com\/avatar\/ae2f4d718e6c49043e314ce431e7e645d646302a24a5ef5a8bc8e3f5a032e319?s=96&d=mm&r=g","caption":"admin"},"sameAs":["https:\/\/develop.organisator.galledia.ch"],"url":"https:\/\/news.save.ch\/it\/author\/admin\/"}]}},"_links":{"self":[{"href":"https:\/\/news.save.ch\/it\/wp-json\/wp\/v2\/posts\/2611","targetHints":{"allow":["GET"]}}],"collection":[{"href":"https:\/\/news.save.ch\/it\/wp-json\/wp\/v2\/posts"}],"about":[{"href":"https:\/\/news.save.ch\/it\/wp-json\/wp\/v2\/types\/post"}],"author":[{"embeddable":true,"href":"https:\/\/news.save.ch\/it\/wp-json\/wp\/v2\/users\/1"}],"replies":[{"embeddable":true,"href":"https:\/\/news.save.ch\/it\/wp-json\/wp\/v2\/comments?post=2611"}],"version-history":[{"count":0,"href":"https:\/\/news.save.ch\/it\/wp-json\/wp\/v2\/posts\/2611\/revisions"}],"wp:featuredmedia":[{"embeddable":true,"href":"https:\/\/news.save.ch\/it\/wp-json\/wp\/v2\/media\/2612"}],"wp:attachment":[{"href":"https:\/\/news.save.ch\/it\/wp-json\/wp\/v2\/media?parent=2611"}],"wp:term":[{"taxonomy":"category","embeddable":true,"href":"https:\/\/news.save.ch\/it\/wp-json\/wp\/v2\/categories?post=2611"},{"taxonomy":"post_tag","embeddable":true,"href":"https:\/\/news.save.ch\/it\/wp-json\/wp\/v2\/tags?post=2611"}],"curies":[{"name":"wp","href":"https:\/\/api.w.org\/{rel}","templated":true}]}}