{"id":2642,"date":"2016-05-17T14:34:24","date_gmt":"2016-05-17T12:34:24","guid":{"rendered":"https:\/\/dev.sicherheitsforum.ch\/?p=2642"},"modified":"2016-05-17T14:34:24","modified_gmt":"2016-05-17T12:34:24","slug":"toetungsdelikt-in-tg-neue-erkenntnisse","status":null,"type":"post","link":"https:\/\/news.save.ch\/it\/toetungsdelikt-in-tg-neue-erkenntnisse\/","title":{"rendered":"Omicidio nei TG: nuove scoperte"},"content":{"rendered":"<p><img loading=\"lazy\" decoding=\"async\" class=\"alignnone wp-image-2643 size-full\" src=\"https:\/\/news.save.ch\/wp-content\/uploads\/2016\/12\/Toetungsdelikt-in-TG-neue-Erkenntnisse_sicherheitsforum.jpg\" width=\"619\" height=\"311\" srcset=\"https:\/\/news.save.ch\/wp-content\/uploads\/2016\/12\/Toetungsdelikt-in-TG-neue-Erkenntnisse_sicherheitsforum.jpg 619w, https:\/\/news.save.ch\/wp-content\/uploads\/2016\/12\/Toetungsdelikt-in-TG-neue-Erkenntnisse_sicherheitsforum-375x188.jpg 375w\" sizes=\"auto, (max-width: 619px) 100vw, 619px\" \/><\/p>\n<p>L'esame del corpo da parte dell'Istituto di Medicina Legale ha rivelato gravi lesioni alla testa, che hanno portato alla morte. \u00c8 certo che il corpo non \u00e8 stato spazzato via dal diluvio. Le circostanze esatte del crimine non sono ancora chiare e sono oggetto di indagini. Per esempio, resta da vedere se il luogo in cui \u00e8 stato trovato il corpo \u00e8 anche la scena del crimine.<br \/>\nL'autopsia commissionata dalla procura di Kreuzlingen ha portato all'identificazione della donna. Tuttavia, l'identit\u00e0 non \u00e8 ancora stata completamente confermata. I servizi di emergenza sono in contatto con i parenti sospetti.<br \/>\nLe indagini hanno finora dimostrato che l'auto trovata nel parcheggio del Seerheinbadi \u00e8 collegata all'omicidio. Si tratta di una Peugeot bianca targata Costanza, che pu\u00f2 essere attribuita senza alcun dubbio alla vittima.<br \/>\nSotto la direzione della Procura di Kreuzlingen, la polizia cantonale della Turgovia sta indagando a pieno ritmo e vi \u00e8 una stretta collaborazione con le autorit\u00e0 tedesche. Al momento gli specialisti stanno analizzando le tracce provenienti dal luogo di ritrovamento del corpo e stanno ricevendo ed esaminando le segnalazioni dei testimoni. Le forze dell'ordine stanno indagando anche nelle immediate vicinanze della vittima.<br \/>\nLa polizia cantonale e la procura di Turgovia sono ancora alla ricerca di indizi che possano aiutare a chiarire il reato di omicidio. Si cercano persone che hanno fatto osservazioni nelle vicinanze del Seerheinbadi T\u00e4gerwilen sabato sera.<\/p>\n<p>Appello per i testimoni: Chiunque sia in grado di fornire informazioni rilevanti \u00e8 pregato di contattare la Polizia cantonale della Turgovia al numero 052 728 22 22.<\/p>\n<p><em>Fonte: Kapo TG<\/em><\/p>","protected":false},"excerpt":{"rendered":"<p>Bei der Untersuchung der Leiche durch das Institut f\u00fcr Rechtsmedizin konnten massive Kopfverletzungen festgestellt werden, die schlussendlich zum Tod gef\u00fchrt haben. Fest steht, dass der Leichnam nicht durch das Hochwasser angesp\u00fclt wurde. Die genauen Umst\u00e4nde der Tat sind weiter ungekl\u00e4rt und Gegenstand der Ermittlungen. Offen ist zum Beispiel, ob der Fundort auch Tatort ist. Die [&hellip;]<\/p>\n","protected":false},"author":1,"featured_media":2643,"comment_status":"open","ping_status":"open","sticky":false,"template":"","format":"standard","meta":{"_acf_changed":false,"pgc_sgb_lightbox_settings":"","footnotes":""},"categories":[1],"tags":[69],"class_list":["post-2642","post","type-post","status-publish","format-standard","has-post-thumbnail","hentry","category-allgemein","tag-justiz-polizei"],"acf":[],"hkrextid":null,"publication":null,"issue":null,"workflow":null,"startPage":null,"spitzmarke":null,"_posts_by_tag_page_fields":{"widget_title":"","widget_tags":""},"_at_widget":"1","_yoast_wpseo_primary_category":"","_yoast_wpseo_focuskw_text_input":"T\u00f6tungsdelikt","_yoast_wpseo_opengraph-image":"https:\/\/news.save.ch\/wp-content\/uploads\/2016\/12\/T\u00f6tungsdelikt-in-TG-neue-Erkenntnisse_sicherheitsforum.jpg","_yoast_wpseo_opengraph-description":"Aufgrund der bisherigen Erkenntnisse kann beim T\u00f6tungsdelikt vom vergangenen Sonntag in T\u00e4gerwilen eine Beziehungstat nicht ausgeschlossen werden. Die Suche nach Hinweisen dauert an.","_yoast_wpseo_opengraph-title":"T\u00f6tungsdelikt in TG: neue Erkenntnisse","enclosure":null,"_yoast_wpseo_twitter-title":null,"_yoast_wpseo_twitter-description":null,"_yoast_wpseo_twitter-image":null,"_wp_old_slug":null,"_yoast_wpseo_title":null,"_yoast_wpseo_canonical":null,"yoast_head":"<!-- This site is optimized with the Yoast SEO plugin v27.5 - https:\/\/yoast.com\/product\/yoast-seo-wordpress\/ -->\n<title>T\u00f6tungsdelikt in TG: neue Erkenntnisse - Save<\/title>\n<meta name=\"description\" content=\"Aufgrund der bisherigen Erkenntnisse kann beim T\u00f6tungsdelikt vom vergangenen Sonntag in T\u00e4gerwilen eine Beziehungstat nicht ausgeschlossen werden.\" \/>\n<meta name=\"robots\" content=\"index, follow, max-snippet:-1, max-image-preview:large, max-video-preview:-1\" \/>\n<link rel=\"canonical\" href=\"https:\/\/news.save.ch\/it\/toetungsdelikt-in-tg-neue-erkenntnisse\/\" \/>\n<meta property=\"og:locale\" content=\"it_IT\" \/>\n<meta property=\"og:type\" content=\"article\" \/>\n<meta property=\"og:title\" content=\"T\u00f6tungsdelikt in TG: neue Erkenntnisse\" \/>\n<meta property=\"og:description\" content=\"Aufgrund der bisherigen Erkenntnisse kann beim T\u00f6tungsdelikt vom vergangenen Sonntag in T\u00e4gerwilen eine Beziehungstat nicht ausgeschlossen werden. Die Suche nach Hinweisen dauert an.\" \/>\n<meta property=\"og:url\" content=\"https:\/\/news.save.ch\/it\/toetungsdelikt-in-tg-neue-erkenntnisse\/\" \/>\n<meta property=\"og:site_name\" content=\"Save\" \/>\n<meta property=\"article:published_time\" content=\"2016-05-17T12:34:24+00:00\" \/>\n<meta property=\"og:image\" content=\"https:\/\/news.save.ch\/wp-content\/uploads\/2016\/12\/T\u00f6tungsdelikt-in-TG-neue-Erkenntnisse_sicherheitsforum.jpg\" \/>\n<meta name=\"author\" content=\"admin\" \/>\n<meta name=\"twitter:card\" content=\"summary_large_image\" \/>\n<meta name=\"twitter:label1\" content=\"Scritto da\" \/>\n\t<meta name=\"twitter:data1\" content=\"admin\" \/>\n\t<meta name=\"twitter:label2\" content=\"Tempo di lettura stimato\" \/>\n\t<meta name=\"twitter:data2\" content=\"1 minuto\" \/>\n<script type=\"application\/ld+json\" class=\"yoast-schema-graph\">{\"@context\":\"https:\\\/\\\/schema.org\",\"@graph\":[{\"@type\":\"Article\",\"@id\":\"https:\\\/\\\/news.save.ch\\\/toetungsdelikt-in-tg-neue-erkenntnisse\\\/#article\",\"isPartOf\":{\"@id\":\"https:\\\/\\\/news.save.ch\\\/toetungsdelikt-in-tg-neue-erkenntnisse\\\/\"},\"author\":{\"name\":\"admin\",\"@id\":\"https:\\\/\\\/news.save.ch\\\/de\\\/#\\\/schema\\\/person\\\/d49e199490bad7c70d64b9ab51142f2b\"},\"headline\":\"T\u00f6tungsdelikt in TG: neue Erkenntnisse\",\"datePublished\":\"2016-05-17T12:34:24+00:00\",\"mainEntityOfPage\":{\"@id\":\"https:\\\/\\\/news.save.ch\\\/toetungsdelikt-in-tg-neue-erkenntnisse\\\/\"},\"wordCount\":248,\"commentCount\":0,\"publisher\":{\"@id\":\"https:\\\/\\\/news.save.ch\\\/de\\\/#organization\"},\"image\":{\"@id\":\"https:\\\/\\\/news.save.ch\\\/toetungsdelikt-in-tg-neue-erkenntnisse\\\/#primaryimage\"},\"thumbnailUrl\":\"https:\\\/\\\/news.save.ch\\\/wp-content\\\/uploads\\\/2016\\\/12\\\/Toetungsdelikt-in-TG-neue-Erkenntnisse_sicherheitsforum.jpg\",\"keywords\":[\"Justiz &amp; Polizei\"],\"articleSection\":[\"ALLGEMEIN\"],\"inLanguage\":\"it-IT\"},{\"@type\":\"WebPage\",\"@id\":\"https:\\\/\\\/news.save.ch\\\/toetungsdelikt-in-tg-neue-erkenntnisse\\\/\",\"url\":\"https:\\\/\\\/news.save.ch\\\/toetungsdelikt-in-tg-neue-erkenntnisse\\\/\",\"name\":\"T\u00f6tungsdelikt in TG: neue Erkenntnisse - Save\",\"isPartOf\":{\"@id\":\"https:\\\/\\\/news.save.ch\\\/de\\\/#website\"},\"primaryImageOfPage\":{\"@id\":\"https:\\\/\\\/news.save.ch\\\/toetungsdelikt-in-tg-neue-erkenntnisse\\\/#primaryimage\"},\"image\":{\"@id\":\"https:\\\/\\\/news.save.ch\\\/toetungsdelikt-in-tg-neue-erkenntnisse\\\/#primaryimage\"},\"thumbnailUrl\":\"https:\\\/\\\/news.save.ch\\\/wp-content\\\/uploads\\\/2016\\\/12\\\/Toetungsdelikt-in-TG-neue-Erkenntnisse_sicherheitsforum.jpg\",\"datePublished\":\"2016-05-17T12:34:24+00:00\",\"description\":\"Aufgrund der bisherigen Erkenntnisse kann beim T\u00f6tungsdelikt vom vergangenen Sonntag in T\u00e4gerwilen eine Beziehungstat nicht ausgeschlossen werden.\",\"breadcrumb\":{\"@id\":\"https:\\\/\\\/news.save.ch\\\/toetungsdelikt-in-tg-neue-erkenntnisse\\\/#breadcrumb\"},\"inLanguage\":\"it-IT\",\"potentialAction\":[{\"@type\":\"ReadAction\",\"target\":[\"https:\\\/\\\/news.save.ch\\\/toetungsdelikt-in-tg-neue-erkenntnisse\\\/\"]}]},{\"@type\":\"ImageObject\",\"inLanguage\":\"it-IT\",\"@id\":\"https:\\\/\\\/news.save.ch\\\/toetungsdelikt-in-tg-neue-erkenntnisse\\\/#primaryimage\",\"url\":\"https:\\\/\\\/news.save.ch\\\/wp-content\\\/uploads\\\/2016\\\/12\\\/Toetungsdelikt-in-TG-neue-Erkenntnisse_sicherheitsforum.jpg\",\"contentUrl\":\"https:\\\/\\\/news.save.ch\\\/wp-content\\\/uploads\\\/2016\\\/12\\\/Toetungsdelikt-in-TG-neue-Erkenntnisse_sicherheitsforum.jpg\",\"width\":619,\"height\":311},{\"@type\":\"BreadcrumbList\",\"@id\":\"https:\\\/\\\/news.save.ch\\\/toetungsdelikt-in-tg-neue-erkenntnisse\\\/#breadcrumb\",\"itemListElement\":[{\"@type\":\"ListItem\",\"position\":1,\"name\":\"Home\",\"item\":\"https:\\\/\\\/news.save.ch\\\/de\\\/\"},{\"@type\":\"ListItem\",\"position\":2,\"name\":\"T\u00f6tungsdelikt in TG: neue Erkenntnisse\"}]},{\"@type\":\"WebSite\",\"@id\":\"https:\\\/\\\/news.save.ch\\\/de\\\/#website\",\"url\":\"https:\\\/\\\/news.save.ch\\\/de\\\/\",\"name\":\"Save\",\"description\":\"Schweizer Fachzeitschrift f\u00fcr Sicherheit\",\"publisher\":{\"@id\":\"https:\\\/\\\/news.save.ch\\\/de\\\/#organization\"},\"potentialAction\":[{\"@type\":\"SearchAction\",\"target\":{\"@type\":\"EntryPoint\",\"urlTemplate\":\"https:\\\/\\\/news.save.ch\\\/de\\\/?s={search_term_string}\"},\"query-input\":{\"@type\":\"PropertyValueSpecification\",\"valueRequired\":true,\"valueName\":\"search_term_string\"}}],\"inLanguage\":\"it-IT\"},{\"@type\":\"Organization\",\"@id\":\"https:\\\/\\\/news.save.ch\\\/de\\\/#organization\",\"name\":\"Sicherheitsforum\",\"url\":\"https:\\\/\\\/news.save.ch\\\/de\\\/\",\"logo\":{\"@type\":\"ImageObject\",\"inLanguage\":\"it-IT\",\"@id\":\"https:\\\/\\\/news.save.ch\\\/de\\\/#\\\/schema\\\/logo\\\/image\\\/\",\"url\":\"https:\\\/\\\/news.save.ch\\\/wp-content\\\/uploads\\\/2022\\\/06\\\/Logo_SF_2012.png\",\"contentUrl\":\"https:\\\/\\\/news.save.ch\\\/wp-content\\\/uploads\\\/2022\\\/06\\\/Logo_SF_2012.png\",\"width\":1100,\"height\":91,\"caption\":\"Sicherheitsforum\"},\"image\":{\"@id\":\"https:\\\/\\\/news.save.ch\\\/de\\\/#\\\/schema\\\/logo\\\/image\\\/\"}},{\"@type\":\"Person\",\"@id\":\"https:\\\/\\\/news.save.ch\\\/de\\\/#\\\/schema\\\/person\\\/d49e199490bad7c70d64b9ab51142f2b\",\"name\":\"admin\",\"image\":{\"@type\":\"ImageObject\",\"inLanguage\":\"it-IT\",\"@id\":\"https:\\\/\\\/secure.gravatar.com\\\/avatar\\\/ae2f4d718e6c49043e314ce431e7e645d646302a24a5ef5a8bc8e3f5a032e319?s=96&d=mm&r=g\",\"url\":\"https:\\\/\\\/secure.gravatar.com\\\/avatar\\\/ae2f4d718e6c49043e314ce431e7e645d646302a24a5ef5a8bc8e3f5a032e319?s=96&d=mm&r=g\",\"contentUrl\":\"https:\\\/\\\/secure.gravatar.com\\\/avatar\\\/ae2f4d718e6c49043e314ce431e7e645d646302a24a5ef5a8bc8e3f5a032e319?s=96&d=mm&r=g\",\"caption\":\"admin\"},\"sameAs\":[\"https:\\\/\\\/develop.organisator.galledia.ch\"],\"url\":\"https:\\\/\\\/news.save.ch\\\/it\\\/author\\\/admin\\\/\"}]}<\/script>\n<!-- \/ Yoast SEO plugin. -->","yoast_head_json":{"title":"Omicidio nei TG: nuove scoperte - Save","description":"Sulla base dei risultati finora ottenuti, non si pu\u00f2 escludere una relazione nel caso dell'omicidio di domenica scorsa a T\u00e4gerwilen.","robots":{"index":"index","follow":"follow","max-snippet":"max-snippet:-1","max-image-preview":"max-image-preview:large","max-video-preview":"max-video-preview:-1"},"canonical":"https:\/\/news.save.ch\/it\/toetungsdelikt-in-tg-neue-erkenntnisse\/","og_locale":"it_IT","og_type":"article","og_title":"T\u00f6tungsdelikt in TG: neue Erkenntnisse","og_description":"Aufgrund der bisherigen Erkenntnisse kann beim T\u00f6tungsdelikt vom vergangenen Sonntag in T\u00e4gerwilen eine Beziehungstat nicht ausgeschlossen werden. Die Suche nach Hinweisen dauert an.","og_url":"https:\/\/news.save.ch\/it\/toetungsdelikt-in-tg-neue-erkenntnisse\/","og_site_name":"Save","article_published_time":"2016-05-17T12:34:24+00:00","og_image":[{"url":"https:\/\/news.save.ch\/wp-content\/uploads\/2016\/12\/T\u00f6tungsdelikt-in-TG-neue-Erkenntnisse_sicherheitsforum.jpg","type":"","width":"","height":""}],"author":"admin","twitter_card":"summary_large_image","twitter_misc":{"Scritto da":"admin","Tempo di lettura stimato":"1 minuto"},"schema":{"@context":"https:\/\/schema.org","@graph":[{"@type":"Article","@id":"https:\/\/news.save.ch\/toetungsdelikt-in-tg-neue-erkenntnisse\/#article","isPartOf":{"@id":"https:\/\/news.save.ch\/toetungsdelikt-in-tg-neue-erkenntnisse\/"},"author":{"name":"admin","@id":"https:\/\/news.save.ch\/de\/#\/schema\/person\/d49e199490bad7c70d64b9ab51142f2b"},"headline":"T\u00f6tungsdelikt in TG: neue Erkenntnisse","datePublished":"2016-05-17T12:34:24+00:00","mainEntityOfPage":{"@id":"https:\/\/news.save.ch\/toetungsdelikt-in-tg-neue-erkenntnisse\/"},"wordCount":248,"commentCount":0,"publisher":{"@id":"https:\/\/news.save.ch\/de\/#organization"},"image":{"@id":"https:\/\/news.save.ch\/toetungsdelikt-in-tg-neue-erkenntnisse\/#primaryimage"},"thumbnailUrl":"https:\/\/news.save.ch\/wp-content\/uploads\/2016\/12\/Toetungsdelikt-in-TG-neue-Erkenntnisse_sicherheitsforum.jpg","keywords":["Justiz &amp; Polizei"],"articleSection":["ALLGEMEIN"],"inLanguage":"it-IT"},{"@type":"WebPage","@id":"https:\/\/news.save.ch\/toetungsdelikt-in-tg-neue-erkenntnisse\/","url":"https:\/\/news.save.ch\/toetungsdelikt-in-tg-neue-erkenntnisse\/","name":"Omicidio nei TG: nuove scoperte - Save","isPartOf":{"@id":"https:\/\/news.save.ch\/de\/#website"},"primaryImageOfPage":{"@id":"https:\/\/news.save.ch\/toetungsdelikt-in-tg-neue-erkenntnisse\/#primaryimage"},"image":{"@id":"https:\/\/news.save.ch\/toetungsdelikt-in-tg-neue-erkenntnisse\/#primaryimage"},"thumbnailUrl":"https:\/\/news.save.ch\/wp-content\/uploads\/2016\/12\/Toetungsdelikt-in-TG-neue-Erkenntnisse_sicherheitsforum.jpg","datePublished":"2016-05-17T12:34:24+00:00","description":"Sulla base dei risultati finora ottenuti, non si pu\u00f2 escludere una relazione nel caso dell'omicidio di domenica scorsa a T\u00e4gerwilen.","breadcrumb":{"@id":"https:\/\/news.save.ch\/toetungsdelikt-in-tg-neue-erkenntnisse\/#breadcrumb"},"inLanguage":"it-IT","potentialAction":[{"@type":"ReadAction","target":["https:\/\/news.save.ch\/toetungsdelikt-in-tg-neue-erkenntnisse\/"]}]},{"@type":"ImageObject","inLanguage":"it-IT","@id":"https:\/\/news.save.ch\/toetungsdelikt-in-tg-neue-erkenntnisse\/#primaryimage","url":"https:\/\/news.save.ch\/wp-content\/uploads\/2016\/12\/Toetungsdelikt-in-TG-neue-Erkenntnisse_sicherheitsforum.jpg","contentUrl":"https:\/\/news.save.ch\/wp-content\/uploads\/2016\/12\/Toetungsdelikt-in-TG-neue-Erkenntnisse_sicherheitsforum.jpg","width":619,"height":311},{"@type":"BreadcrumbList","@id":"https:\/\/news.save.ch\/toetungsdelikt-in-tg-neue-erkenntnisse\/#breadcrumb","itemListElement":[{"@type":"ListItem","position":1,"name":"Home","item":"https:\/\/news.save.ch\/de\/"},{"@type":"ListItem","position":2,"name":"T\u00f6tungsdelikt in TG: neue Erkenntnisse"}]},{"@type":"WebSite","@id":"https:\/\/news.save.ch\/de\/#website","url":"https:\/\/news.save.ch\/de\/","name":"Risparmiare","description":"Rivista svizzera specializzata in sicurezza","publisher":{"@id":"https:\/\/news.save.ch\/de\/#organization"},"potentialAction":[{"@type":"SearchAction","target":{"@type":"EntryPoint","urlTemplate":"https:\/\/news.save.ch\/de\/?s={search_term_string}"},"query-input":{"@type":"PropertyValueSpecification","valueRequired":true,"valueName":"search_term_string"}}],"inLanguage":"it-IT"},{"@type":"Organization","@id":"https:\/\/news.save.ch\/de\/#organization","name":"Forum sulla sicurezza","url":"https:\/\/news.save.ch\/de\/","logo":{"@type":"ImageObject","inLanguage":"it-IT","@id":"https:\/\/news.save.ch\/de\/#\/schema\/logo\/image\/","url":"https:\/\/news.save.ch\/wp-content\/uploads\/2022\/06\/Logo_SF_2012.png","contentUrl":"https:\/\/news.save.ch\/wp-content\/uploads\/2022\/06\/Logo_SF_2012.png","width":1100,"height":91,"caption":"Sicherheitsforum"},"image":{"@id":"https:\/\/news.save.ch\/de\/#\/schema\/logo\/image\/"}},{"@type":"Person","@id":"https:\/\/news.save.ch\/de\/#\/schema\/person\/d49e199490bad7c70d64b9ab51142f2b","name":"amministratore","image":{"@type":"ImageObject","inLanguage":"it-IT","@id":"https:\/\/secure.gravatar.com\/avatar\/ae2f4d718e6c49043e314ce431e7e645d646302a24a5ef5a8bc8e3f5a032e319?s=96&d=mm&r=g","url":"https:\/\/secure.gravatar.com\/avatar\/ae2f4d718e6c49043e314ce431e7e645d646302a24a5ef5a8bc8e3f5a032e319?s=96&d=mm&r=g","contentUrl":"https:\/\/secure.gravatar.com\/avatar\/ae2f4d718e6c49043e314ce431e7e645d646302a24a5ef5a8bc8e3f5a032e319?s=96&d=mm&r=g","caption":"admin"},"sameAs":["https:\/\/develop.organisator.galledia.ch"],"url":"https:\/\/news.save.ch\/it\/author\/admin\/"}]}},"_links":{"self":[{"href":"https:\/\/news.save.ch\/it\/wp-json\/wp\/v2\/posts\/2642","targetHints":{"allow":["GET"]}}],"collection":[{"href":"https:\/\/news.save.ch\/it\/wp-json\/wp\/v2\/posts"}],"about":[{"href":"https:\/\/news.save.ch\/it\/wp-json\/wp\/v2\/types\/post"}],"author":[{"embeddable":true,"href":"https:\/\/news.save.ch\/it\/wp-json\/wp\/v2\/users\/1"}],"replies":[{"embeddable":true,"href":"https:\/\/news.save.ch\/it\/wp-json\/wp\/v2\/comments?post=2642"}],"version-history":[{"count":0,"href":"https:\/\/news.save.ch\/it\/wp-json\/wp\/v2\/posts\/2642\/revisions"}],"wp:featuredmedia":[{"embeddable":true,"href":"https:\/\/news.save.ch\/it\/wp-json\/wp\/v2\/media\/2643"}],"wp:attachment":[{"href":"https:\/\/news.save.ch\/it\/wp-json\/wp\/v2\/media?parent=2642"}],"wp:term":[{"taxonomy":"category","embeddable":true,"href":"https:\/\/news.save.ch\/it\/wp-json\/wp\/v2\/categories?post=2642"},{"taxonomy":"post_tag","embeddable":true,"href":"https:\/\/news.save.ch\/it\/wp-json\/wp\/v2\/tags?post=2642"}],"curies":[{"name":"wp","href":"https:\/\/api.w.org\/{rel}","templated":true}]}}