{"id":2670,"date":"2016-05-03T14:52:15","date_gmt":"2016-05-03T12:52:15","guid":{"rendered":"https:\/\/dev.sicherheitsforum.ch\/?p=2670"},"modified":"2016-05-03T14:52:15","modified_gmt":"2016-05-03T12:52:15","slug":"nachrichtendienst-stellt-lagebericht-vor","status":null,"type":"post","link":"https:\/\/news.save.ch\/it\/nachrichtendienst-stellt-lagebericht-vor\/","title":{"rendered":"Il servizio di intelligence presenta un rapporto sulla situazione"},"content":{"rendered":"<p><img loading=\"lazy\" decoding=\"async\" class=\"alignnone wp-image-2671 size-medium\" src=\"https:\/\/news.save.ch\/wp-content\/uploads\/2016\/12\/Nachrichtendienst-stellt-Lagebericht-vor_sicherheitsforum.jpg\" width=\"680\" height=\"488\" srcset=\"https:\/\/news.save.ch\/wp-content\/uploads\/2016\/12\/Nachrichtendienst-stellt-Lagebericht-vor_sicherheitsforum.jpg 937w, https:\/\/news.save.ch\/wp-content\/uploads\/2016\/12\/Nachrichtendienst-stellt-Lagebericht-vor_sicherheitsforum-375x269.jpg 375w\" sizes=\"auto, (max-width: 680px) 100vw, 680px\" \/><\/p>\n<p>Le situazioni di crisi nel Vicino e Medio Oriente hanno un impatto diretto sull'Europa e sulla Svizzera, con l'intensificarsi dei movimenti migratori e l'aumento delle minacce terroristiche. Lo \"Stato Islamico\" ha assunto il ruolo di leader del terrorismo jihadista. Un'ulteriore minaccia terroristica deriva dal fatto che invia in Europa persone incaricate di compiere o pianificare attentati. Il Servizio federale di intelligence (FIS) lo aveva gi\u00e0 sottolineato pubblicamente all'inizio di novembre 2015. I successivi attentati di Parigi e Bruxelles hanno purtroppo confermato la valutazione della minaccia. La minaccia terroristica rimane elevata anche per la Svizzera. La Svizzera o gli interessi svizzeri all'estero non sono obiettivi primari di un attacco commissionato o organizzato dallo \"Stato Islamico\". Tuttavia, la Svizzera fa parte del mondo occidentale, percepito dai jihadisti come ostile all'Islam, e rimane quindi un possibile obiettivo di attacchi terroristici. Gli interessi degli Stati che partecipano alla coalizione militare contro lo \"Stato Islamico\" e gli interessi russi, ebraici, israeliani e arabi sul territorio svizzero sono sempre pi\u00f9 minacciati.<\/p>\n<p>La situazione di crisi con la Russia si sta sviluppando gi\u00e0 da diversi anni. Con ogni probabilit\u00e0, il conflitto dell'Occidente con la Russia sta cambiando l'ambiente strategico della Svizzera nel lungo periodo e riduce le opzioni realistiche di sviluppo della politica di sicurezza in Europa a due grandi categorie: la formazione di zone di influenza o l'escalation graduale. In questo contesto, anche le operazioni informative stanno acquisendo maggiore importanza.<\/p>\n<p><strong>Spionaggio industriale: FIS sensibilizza con un cortometraggio <\/strong><\/p>\n<p>L'intelligence proibita rimane una minaccia, sia che venga condotta con mezzi tradizionali o come spionaggio informatico: la pressione sulle informazioni degne di protezione non si allenta nemmeno in Svizzera. Dal 2004, il FIS sensibilizza le aziende, le universit\u00e0 e gli istituti di ricerca svizzeri sulle minacce e sui rischi dello spionaggio e della proliferazione, nell'ambito del programma di prevenzione e sensibilizzazione Prophylax. In questo contesto, il FIS ha fatto realizzare il cortometraggio \"Im Visier\" (\"In the Sight\") sullo spionaggio industriale. Questo film \u00e8 stato prodotto per conto dello ZEM (Centro per i media elettronici). \"Im Visier\" intende contribuire a proteggere la Svizzera come centro industriale e di ricerca da fughe di dati indesiderate e da danni alla sua reputazione. Il film \u00e8 disponibile sul sito <a href=\"https:\/\/www.ndb.admin.ch\" target=\"_blank\" data-cke-saved-href=\"https:\/\/www.ndb.admin.ch\" rel=\"noopener\">Sito web VBS<\/a>\u00a0della NDB.<\/p>\n<p>Nel settore della non proliferazione, \u00e8 stato raggiunto un accordo con l'Iran sul suo programma nucleare, superando cos\u00ec una sfida. Dovrebbe impedire un Iran dotato di armi nucleari per i prossimi dieci o quindici anni. Ma il compito della non proliferazione non perde il suo peso.<\/p>\n<p><strong>La Cina come focus<\/strong><\/p>\n<p>L'obiettivo della NDB nel <a href=\"https:\/\/www.news.admin.ch\/NSBSubscriber\/message\/attachments\/43855.pdf\" target=\"_blank\" data-cke-saved-href=\"https:\/\/www.news.admin.ch\/NSBSubscriber\/message\/attachments\/43855.pdf\" rel=\"noopener\">l'edizione di quest'anno<\/a> del suo rapporto sullo stato, tuttavia, su uno Stato che ha subito un'enorme fase di rafforzamento negli ultimi trent'anni: Cina. La forza economica del Paese lo ha reso pi\u00f9 sicuro di s\u00e9 e sta affermando sempre pi\u00f9 la sua influenza a livello mondiale. Con il crescente impegno internazionale della Cina, aumentano anche i contatti con la Svizzera, da entrambe le parti.<\/p>\n<p><em>Fonte: Dipartimento federale della difesa, della protezione civile e dello sport<\/em><\/p>","protected":false},"excerpt":{"rendered":"<p>Die Krisenlagen im Nahen und Mittleren Osten haben als eskalierte Migrationsbewegungen und als erh\u00f6hte Terrorbedrohung unmittelbare Auswirkungen auf Europa und die Schweiz. Im dschihadistischen Terrorismus hat der \u00abIslamische Staat\u00bb die F\u00fchrungsrolle \u00fcbernommen. Eine nochmals erh\u00f6hte Terrorbedrohung ergibt sich daraus, dass er Personen nach Europa schickt, die er mit Anschl\u00e4gen oder Anschlagsplanungen beauftragt hat. Darauf hat [&hellip;]<\/p>\n","protected":false},"author":1,"featured_media":2671,"comment_status":"open","ping_status":"open","sticky":false,"template":"","format":"standard","meta":{"_acf_changed":false,"pgc_sgb_lightbox_settings":"","footnotes":""},"categories":[1],"tags":[96,165,43,115],"class_list":["post-2670","post","type-post","status-publish","format-standard","has-post-thumbnail","hentry","category-allgemein","tag-cyber-crime","tag-nachrichtendienst","tag-terrorismus","tag-wirtschaftskriminalitaet"],"acf":[],"hkrextid":null,"publication":null,"issue":null,"workflow":null,"startPage":null,"spitzmarke":null,"_posts_by_tag_page_fields":{"widget_title":"","widget_tags":""},"_at_widget":"1","_yoast_wpseo_primary_category":"","_yoast_wpseo_focuskw_text_input":"Nachrichtendienst","_yoast_wpseo_opengraph-image":"https:\/\/news.save.ch\/wp-content\/uploads\/2016\/12\/Nachrichtendienst-stellt-Lagebericht-vor_sicherheitsforum.jpg","_yoast_wpseo_opengraph-description":"Das sicherheitspolitische und das strategische Umfeld der Schweiz sei durch eine aussergew\u00f6hnlich hohe Belastung Europas durch unterschiedliche Krisenlagen gepr\u00e4gt, schreibt der Nachrichtendienst des Bundes. Sein j\u00e4hrlicher Lagebericht soll helfen, sicherheitspolitische Orientierung zu bieten.","_yoast_wpseo_opengraph-title":"Nachrichtendienst stellt Lagebericht vor","enclosure":null,"_yoast_wpseo_twitter-title":null,"_yoast_wpseo_twitter-description":null,"_yoast_wpseo_twitter-image":null,"_wp_old_slug":null,"_yoast_wpseo_title":null,"_yoast_wpseo_canonical":null,"yoast_head":"<!-- This site is optimized with the Yoast SEO plugin v27.5 - https:\/\/yoast.com\/product\/yoast-seo-wordpress\/ -->\n<title>Nachrichtendienst stellt Lagebericht vor - Save<\/title>\n<meta name=\"description\" content=\"Der j\u00e4hrliche Lagebericht des Nachrichtendienst vom Bundes soll helfen, sicherheitspolitische Orientierung zu bieten.\" \/>\n<meta name=\"robots\" content=\"index, follow, max-snippet:-1, max-image-preview:large, max-video-preview:-1\" \/>\n<link rel=\"canonical\" href=\"https:\/\/news.save.ch\/it\/nachrichtendienst-stellt-lagebericht-vor\/\" \/>\n<meta property=\"og:locale\" content=\"it_IT\" \/>\n<meta property=\"og:type\" content=\"article\" \/>\n<meta property=\"og:title\" content=\"Nachrichtendienst stellt Lagebericht vor\" \/>\n<meta property=\"og:description\" content=\"Das sicherheitspolitische und das strategische Umfeld der Schweiz sei durch eine aussergew\u00f6hnlich hohe Belastung Europas durch unterschiedliche Krisenlagen gepr\u00e4gt, schreibt der Nachrichtendienst des Bundes. Sein j\u00e4hrlicher Lagebericht soll helfen, sicherheitspolitische Orientierung zu bieten.\" \/>\n<meta property=\"og:url\" content=\"https:\/\/news.save.ch\/it\/nachrichtendienst-stellt-lagebericht-vor\/\" \/>\n<meta property=\"og:site_name\" content=\"Save\" \/>\n<meta property=\"article:published_time\" content=\"2016-05-03T12:52:15+00:00\" \/>\n<meta property=\"og:image\" content=\"https:\/\/news.save.ch\/wp-content\/uploads\/2016\/12\/Nachrichtendienst-stellt-Lagebericht-vor_sicherheitsforum.jpg\" \/>\n<meta name=\"author\" content=\"admin\" \/>\n<meta name=\"twitter:card\" content=\"summary_large_image\" \/>\n<meta name=\"twitter:label1\" content=\"Scritto da\" \/>\n\t<meta name=\"twitter:data1\" content=\"admin\" \/>\n\t<meta name=\"twitter:label2\" content=\"Tempo di lettura stimato\" \/>\n\t<meta name=\"twitter:data2\" content=\"2 minuti\" \/>\n<script type=\"application\/ld+json\" class=\"yoast-schema-graph\">{\"@context\":\"https:\\\/\\\/schema.org\",\"@graph\":[{\"@type\":\"Article\",\"@id\":\"https:\\\/\\\/news.save.ch\\\/nachrichtendienst-stellt-lagebericht-vor\\\/#article\",\"isPartOf\":{\"@id\":\"https:\\\/\\\/news.save.ch\\\/nachrichtendienst-stellt-lagebericht-vor\\\/\"},\"author\":{\"name\":\"admin\",\"@id\":\"https:\\\/\\\/news.save.ch\\\/de\\\/#\\\/schema\\\/person\\\/d49e199490bad7c70d64b9ab51142f2b\"},\"headline\":\"Nachrichtendienst stellt Lagebericht vor\",\"datePublished\":\"2016-05-03T12:52:15+00:00\",\"mainEntityOfPage\":{\"@id\":\"https:\\\/\\\/news.save.ch\\\/nachrichtendienst-stellt-lagebericht-vor\\\/\"},\"wordCount\":468,\"commentCount\":0,\"publisher\":{\"@id\":\"https:\\\/\\\/news.save.ch\\\/de\\\/#organization\"},\"image\":{\"@id\":\"https:\\\/\\\/news.save.ch\\\/nachrichtendienst-stellt-lagebericht-vor\\\/#primaryimage\"},\"thumbnailUrl\":\"https:\\\/\\\/news.save.ch\\\/wp-content\\\/uploads\\\/2016\\\/12\\\/Nachrichtendienst-stellt-Lagebericht-vor_sicherheitsforum.jpg\",\"keywords\":[\"Cyber-Crime\",\"Nachrichtendienst\",\"Terrorismus\",\"Wirtschaftskriminalit\u00e4t\"],\"articleSection\":[\"ALLGEMEIN\"],\"inLanguage\":\"it-IT\"},{\"@type\":\"WebPage\",\"@id\":\"https:\\\/\\\/news.save.ch\\\/nachrichtendienst-stellt-lagebericht-vor\\\/\",\"url\":\"https:\\\/\\\/news.save.ch\\\/nachrichtendienst-stellt-lagebericht-vor\\\/\",\"name\":\"Nachrichtendienst stellt Lagebericht vor - Save\",\"isPartOf\":{\"@id\":\"https:\\\/\\\/news.save.ch\\\/de\\\/#website\"},\"primaryImageOfPage\":{\"@id\":\"https:\\\/\\\/news.save.ch\\\/nachrichtendienst-stellt-lagebericht-vor\\\/#primaryimage\"},\"image\":{\"@id\":\"https:\\\/\\\/news.save.ch\\\/nachrichtendienst-stellt-lagebericht-vor\\\/#primaryimage\"},\"thumbnailUrl\":\"https:\\\/\\\/news.save.ch\\\/wp-content\\\/uploads\\\/2016\\\/12\\\/Nachrichtendienst-stellt-Lagebericht-vor_sicherheitsforum.jpg\",\"datePublished\":\"2016-05-03T12:52:15+00:00\",\"description\":\"Der j\u00e4hrliche Lagebericht des Nachrichtendienst vom Bundes soll helfen, sicherheitspolitische Orientierung zu bieten.\",\"breadcrumb\":{\"@id\":\"https:\\\/\\\/news.save.ch\\\/nachrichtendienst-stellt-lagebericht-vor\\\/#breadcrumb\"},\"inLanguage\":\"it-IT\",\"potentialAction\":[{\"@type\":\"ReadAction\",\"target\":[\"https:\\\/\\\/news.save.ch\\\/nachrichtendienst-stellt-lagebericht-vor\\\/\"]}]},{\"@type\":\"ImageObject\",\"inLanguage\":\"it-IT\",\"@id\":\"https:\\\/\\\/news.save.ch\\\/nachrichtendienst-stellt-lagebericht-vor\\\/#primaryimage\",\"url\":\"https:\\\/\\\/news.save.ch\\\/wp-content\\\/uploads\\\/2016\\\/12\\\/Nachrichtendienst-stellt-Lagebericht-vor_sicherheitsforum.jpg\",\"contentUrl\":\"https:\\\/\\\/news.save.ch\\\/wp-content\\\/uploads\\\/2016\\\/12\\\/Nachrichtendienst-stellt-Lagebericht-vor_sicherheitsforum.jpg\",\"width\":937,\"height\":672},{\"@type\":\"BreadcrumbList\",\"@id\":\"https:\\\/\\\/news.save.ch\\\/nachrichtendienst-stellt-lagebericht-vor\\\/#breadcrumb\",\"itemListElement\":[{\"@type\":\"ListItem\",\"position\":1,\"name\":\"Home\",\"item\":\"https:\\\/\\\/news.save.ch\\\/de\\\/\"},{\"@type\":\"ListItem\",\"position\":2,\"name\":\"Nachrichtendienst stellt Lagebericht vor\"}]},{\"@type\":\"WebSite\",\"@id\":\"https:\\\/\\\/news.save.ch\\\/de\\\/#website\",\"url\":\"https:\\\/\\\/news.save.ch\\\/de\\\/\",\"name\":\"Save\",\"description\":\"Schweizer Fachzeitschrift f\u00fcr Sicherheit\",\"publisher\":{\"@id\":\"https:\\\/\\\/news.save.ch\\\/de\\\/#organization\"},\"potentialAction\":[{\"@type\":\"SearchAction\",\"target\":{\"@type\":\"EntryPoint\",\"urlTemplate\":\"https:\\\/\\\/news.save.ch\\\/de\\\/?s={search_term_string}\"},\"query-input\":{\"@type\":\"PropertyValueSpecification\",\"valueRequired\":true,\"valueName\":\"search_term_string\"}}],\"inLanguage\":\"it-IT\"},{\"@type\":\"Organization\",\"@id\":\"https:\\\/\\\/news.save.ch\\\/de\\\/#organization\",\"name\":\"Sicherheitsforum\",\"url\":\"https:\\\/\\\/news.save.ch\\\/de\\\/\",\"logo\":{\"@type\":\"ImageObject\",\"inLanguage\":\"it-IT\",\"@id\":\"https:\\\/\\\/news.save.ch\\\/de\\\/#\\\/schema\\\/logo\\\/image\\\/\",\"url\":\"https:\\\/\\\/news.save.ch\\\/wp-content\\\/uploads\\\/2022\\\/06\\\/Logo_SF_2012.png\",\"contentUrl\":\"https:\\\/\\\/news.save.ch\\\/wp-content\\\/uploads\\\/2022\\\/06\\\/Logo_SF_2012.png\",\"width\":1100,\"height\":91,\"caption\":\"Sicherheitsforum\"},\"image\":{\"@id\":\"https:\\\/\\\/news.save.ch\\\/de\\\/#\\\/schema\\\/logo\\\/image\\\/\"}},{\"@type\":\"Person\",\"@id\":\"https:\\\/\\\/news.save.ch\\\/de\\\/#\\\/schema\\\/person\\\/d49e199490bad7c70d64b9ab51142f2b\",\"name\":\"admin\",\"image\":{\"@type\":\"ImageObject\",\"inLanguage\":\"it-IT\",\"@id\":\"https:\\\/\\\/secure.gravatar.com\\\/avatar\\\/ae2f4d718e6c49043e314ce431e7e645d646302a24a5ef5a8bc8e3f5a032e319?s=96&d=mm&r=g\",\"url\":\"https:\\\/\\\/secure.gravatar.com\\\/avatar\\\/ae2f4d718e6c49043e314ce431e7e645d646302a24a5ef5a8bc8e3f5a032e319?s=96&d=mm&r=g\",\"contentUrl\":\"https:\\\/\\\/secure.gravatar.com\\\/avatar\\\/ae2f4d718e6c49043e314ce431e7e645d646302a24a5ef5a8bc8e3f5a032e319?s=96&d=mm&r=g\",\"caption\":\"admin\"},\"sameAs\":[\"https:\\\/\\\/develop.organisator.galledia.ch\"],\"url\":\"https:\\\/\\\/news.save.ch\\\/it\\\/author\\\/admin\\\/\"}]}<\/script>\n<!-- \/ Yoast SEO plugin. -->","yoast_head_json":{"title":"Il servizio di intelligence presenta un rapporto sulla situazione - Save","description":"Il rapporto annuale sulla situazione del Servizio Federale di Intelligence ha lo scopo di contribuire a fornire un orientamento alla politica di sicurezza.","robots":{"index":"index","follow":"follow","max-snippet":"max-snippet:-1","max-image-preview":"max-image-preview:large","max-video-preview":"max-video-preview:-1"},"canonical":"https:\/\/news.save.ch\/it\/nachrichtendienst-stellt-lagebericht-vor\/","og_locale":"it_IT","og_type":"article","og_title":"Nachrichtendienst stellt Lagebericht vor","og_description":"Das sicherheitspolitische und das strategische Umfeld der Schweiz sei durch eine aussergew\u00f6hnlich hohe Belastung Europas durch unterschiedliche Krisenlagen gepr\u00e4gt, schreibt der Nachrichtendienst des Bundes. Sein j\u00e4hrlicher Lagebericht soll helfen, sicherheitspolitische Orientierung zu bieten.","og_url":"https:\/\/news.save.ch\/it\/nachrichtendienst-stellt-lagebericht-vor\/","og_site_name":"Save","article_published_time":"2016-05-03T12:52:15+00:00","og_image":[{"url":"https:\/\/news.save.ch\/wp-content\/uploads\/2016\/12\/Nachrichtendienst-stellt-Lagebericht-vor_sicherheitsforum.jpg","type":"","width":"","height":""}],"author":"admin","twitter_card":"summary_large_image","twitter_misc":{"Scritto da":"admin","Tempo di lettura stimato":"2 minuti"},"schema":{"@context":"https:\/\/schema.org","@graph":[{"@type":"Article","@id":"https:\/\/news.save.ch\/nachrichtendienst-stellt-lagebericht-vor\/#article","isPartOf":{"@id":"https:\/\/news.save.ch\/nachrichtendienst-stellt-lagebericht-vor\/"},"author":{"name":"admin","@id":"https:\/\/news.save.ch\/de\/#\/schema\/person\/d49e199490bad7c70d64b9ab51142f2b"},"headline":"Nachrichtendienst stellt Lagebericht vor","datePublished":"2016-05-03T12:52:15+00:00","mainEntityOfPage":{"@id":"https:\/\/news.save.ch\/nachrichtendienst-stellt-lagebericht-vor\/"},"wordCount":468,"commentCount":0,"publisher":{"@id":"https:\/\/news.save.ch\/de\/#organization"},"image":{"@id":"https:\/\/news.save.ch\/nachrichtendienst-stellt-lagebericht-vor\/#primaryimage"},"thumbnailUrl":"https:\/\/news.save.ch\/wp-content\/uploads\/2016\/12\/Nachrichtendienst-stellt-Lagebericht-vor_sicherheitsforum.jpg","keywords":["Cyber-Crime","Nachrichtendienst","Terrorismus","Wirtschaftskriminalit\u00e4t"],"articleSection":["ALLGEMEIN"],"inLanguage":"it-IT"},{"@type":"WebPage","@id":"https:\/\/news.save.ch\/nachrichtendienst-stellt-lagebericht-vor\/","url":"https:\/\/news.save.ch\/nachrichtendienst-stellt-lagebericht-vor\/","name":"Il servizio di intelligence presenta un rapporto sulla situazione - Save","isPartOf":{"@id":"https:\/\/news.save.ch\/de\/#website"},"primaryImageOfPage":{"@id":"https:\/\/news.save.ch\/nachrichtendienst-stellt-lagebericht-vor\/#primaryimage"},"image":{"@id":"https:\/\/news.save.ch\/nachrichtendienst-stellt-lagebericht-vor\/#primaryimage"},"thumbnailUrl":"https:\/\/news.save.ch\/wp-content\/uploads\/2016\/12\/Nachrichtendienst-stellt-Lagebericht-vor_sicherheitsforum.jpg","datePublished":"2016-05-03T12:52:15+00:00","description":"Il rapporto annuale sulla situazione del Servizio Federale di Intelligence ha lo scopo di contribuire a fornire un orientamento alla politica di sicurezza.","breadcrumb":{"@id":"https:\/\/news.save.ch\/nachrichtendienst-stellt-lagebericht-vor\/#breadcrumb"},"inLanguage":"it-IT","potentialAction":[{"@type":"ReadAction","target":["https:\/\/news.save.ch\/nachrichtendienst-stellt-lagebericht-vor\/"]}]},{"@type":"ImageObject","inLanguage":"it-IT","@id":"https:\/\/news.save.ch\/nachrichtendienst-stellt-lagebericht-vor\/#primaryimage","url":"https:\/\/news.save.ch\/wp-content\/uploads\/2016\/12\/Nachrichtendienst-stellt-Lagebericht-vor_sicherheitsforum.jpg","contentUrl":"https:\/\/news.save.ch\/wp-content\/uploads\/2016\/12\/Nachrichtendienst-stellt-Lagebericht-vor_sicherheitsforum.jpg","width":937,"height":672},{"@type":"BreadcrumbList","@id":"https:\/\/news.save.ch\/nachrichtendienst-stellt-lagebericht-vor\/#breadcrumb","itemListElement":[{"@type":"ListItem","position":1,"name":"Home","item":"https:\/\/news.save.ch\/de\/"},{"@type":"ListItem","position":2,"name":"Nachrichtendienst stellt Lagebericht vor"}]},{"@type":"WebSite","@id":"https:\/\/news.save.ch\/de\/#website","url":"https:\/\/news.save.ch\/de\/","name":"Risparmiare","description":"Rivista svizzera specializzata in sicurezza","publisher":{"@id":"https:\/\/news.save.ch\/de\/#organization"},"potentialAction":[{"@type":"SearchAction","target":{"@type":"EntryPoint","urlTemplate":"https:\/\/news.save.ch\/de\/?s={search_term_string}"},"query-input":{"@type":"PropertyValueSpecification","valueRequired":true,"valueName":"search_term_string"}}],"inLanguage":"it-IT"},{"@type":"Organization","@id":"https:\/\/news.save.ch\/de\/#organization","name":"Forum sulla sicurezza","url":"https:\/\/news.save.ch\/de\/","logo":{"@type":"ImageObject","inLanguage":"it-IT","@id":"https:\/\/news.save.ch\/de\/#\/schema\/logo\/image\/","url":"https:\/\/news.save.ch\/wp-content\/uploads\/2022\/06\/Logo_SF_2012.png","contentUrl":"https:\/\/news.save.ch\/wp-content\/uploads\/2022\/06\/Logo_SF_2012.png","width":1100,"height":91,"caption":"Sicherheitsforum"},"image":{"@id":"https:\/\/news.save.ch\/de\/#\/schema\/logo\/image\/"}},{"@type":"Person","@id":"https:\/\/news.save.ch\/de\/#\/schema\/person\/d49e199490bad7c70d64b9ab51142f2b","name":"amministratore","image":{"@type":"ImageObject","inLanguage":"it-IT","@id":"https:\/\/secure.gravatar.com\/avatar\/ae2f4d718e6c49043e314ce431e7e645d646302a24a5ef5a8bc8e3f5a032e319?s=96&d=mm&r=g","url":"https:\/\/secure.gravatar.com\/avatar\/ae2f4d718e6c49043e314ce431e7e645d646302a24a5ef5a8bc8e3f5a032e319?s=96&d=mm&r=g","contentUrl":"https:\/\/secure.gravatar.com\/avatar\/ae2f4d718e6c49043e314ce431e7e645d646302a24a5ef5a8bc8e3f5a032e319?s=96&d=mm&r=g","caption":"admin"},"sameAs":["https:\/\/develop.organisator.galledia.ch"],"url":"https:\/\/news.save.ch\/it\/author\/admin\/"}]}},"_links":{"self":[{"href":"https:\/\/news.save.ch\/it\/wp-json\/wp\/v2\/posts\/2670","targetHints":{"allow":["GET"]}}],"collection":[{"href":"https:\/\/news.save.ch\/it\/wp-json\/wp\/v2\/posts"}],"about":[{"href":"https:\/\/news.save.ch\/it\/wp-json\/wp\/v2\/types\/post"}],"author":[{"embeddable":true,"href":"https:\/\/news.save.ch\/it\/wp-json\/wp\/v2\/users\/1"}],"replies":[{"embeddable":true,"href":"https:\/\/news.save.ch\/it\/wp-json\/wp\/v2\/comments?post=2670"}],"version-history":[{"count":0,"href":"https:\/\/news.save.ch\/it\/wp-json\/wp\/v2\/posts\/2670\/revisions"}],"wp:featuredmedia":[{"embeddable":true,"href":"https:\/\/news.save.ch\/it\/wp-json\/wp\/v2\/media\/2671"}],"wp:attachment":[{"href":"https:\/\/news.save.ch\/it\/wp-json\/wp\/v2\/media?parent=2670"}],"wp:term":[{"taxonomy":"category","embeddable":true,"href":"https:\/\/news.save.ch\/it\/wp-json\/wp\/v2\/categories?post=2670"},{"taxonomy":"post_tag","embeddable":true,"href":"https:\/\/news.save.ch\/it\/wp-json\/wp\/v2\/tags?post=2670"}],"curies":[{"name":"wp","href":"https:\/\/api.w.org\/{rel}","templated":true}]}}