{"id":2713,"date":"2016-03-07T16:23:00","date_gmt":"2016-03-07T15:23:00","guid":{"rendered":"https:\/\/dev.sicherheitsforum.ch\/?p=2713"},"modified":"2016-03-07T16:23:00","modified_gmt":"2016-03-07T15:23:00","slug":"dormakaba-zahlen-des-ersten-geschaeftshalbjahres","status":null,"type":"post","link":"https:\/\/news.save.ch\/it\/dormakaba-zahlen-des-ersten-geschaeftshalbjahres\/","title":{"rendered":"Dorma+Kaba: i dati del primo semestre dell'anno finanziario"},"content":{"rendered":"<p><img loading=\"lazy\" decoding=\"async\" class=\"alignnone size-medium wp-image-2714\" src=\"https:\/\/news.save.ch\/wp-content\/uploads\/2016\/12\/56dd9ebebe445_kaba_Sicherheitsforum.jpg\" alt=\"\" width=\"680\" height=\"613\" srcset=\"https:\/\/news.save.ch\/wp-content\/uploads\/2016\/12\/56dd9ebebe445_kaba_Sicherheitsforum.jpg 939w, https:\/\/news.save.ch\/wp-content\/uploads\/2016\/12\/56dd9ebebe445_kaba_Sicherheitsforum-333x300.jpg 333w\" sizes=\"auto, (max-width: 680px) 100vw, 680px\" \/><\/p>\n<p>Il fatturato consolidato \u00e8 riuscito a superare il <a title=\"Dorma+Kaba\" href=\"https:\/\/www.dormakaba.com\" target=\"_blank\" data-cke-saved-href=\"https:\/\/www.dormakaba.com\" rel=\"noopener\">Gruppo<\/a> Secondo le informazioni, le vendite sono aumentate di 2,6% su base proforma a tassi di cambio costanti e hanno raggiunto 1.135,5 milioni di franchi svizzeri (947,6 milioni di franchi svizzeri) nel periodo di riferimento. La crescita delle vendite organiche \u00e8 stata di 1,8%, mentre gli effetti delle acquisizioni hanno contribuito alla crescita delle vendite per 0,8%, secondo la dichiarazione.<\/p>\n<p><strong>Redditivit\u00e0 e utile netto <\/strong><\/p>\n<p>Nel periodo in esame Dorma+Kaba Holding AG ha conseguito un risultato operativo superiore rispetto all'anno precedente. L'Ebitda \u00e8 stato di 165,4 milioni di franchi svizzeri (144,6 milioni di franchi svizzeri: 4 mesi ex Dorma, 6 mesi ex Kaba) e il margine Ebitda \u00e8 salito a 14,6% (15,3%) rispetto ai 13,7% dello stesso periodo dell'anno precedente. Il miglioramento della redditivit\u00e0 \u00e8 dovuto in gran parte ai risparmi iniziali sui costi come risultato diretto della fusione e a una performance molto incoraggiante in Nord America, ha aggiunto.<\/p>\n<p>Il risultato straordinario di -34,8 milioni di franchi svizzeri (-34,7 milioni di franchi svizzeri) comprende esclusivamente i costi di integrazione legati alla fusione del gruppo, secondo il comunicato. L'azienda ha chiuso il primo semestre dell'esercizio 2015\/2016 con un risultato di 67,1 milioni di franchi svizzeri (57,4 milioni di franchi svizzeri).<\/p>\n<p><strong>Sviluppo del mercato della regione DACH<\/strong><\/p>\n<p>Il segmento Access Solutions DACH (AS DACH) riunisce le attivit\u00e0 del Gruppo Dorma+Kaba in Germania, Austria e Svizzera. Alla luce dei diversi sviluppi economici della regione DACH, i risultati del segmento AS DACH per il primo semestre dell'esercizio 2015\/2016 sono stati in linea con le aspettative. Il segmento AS DACH, di recente creazione, ha generato un fatturato consolidato di 386,1 milioni di franchi svizzeri nel periodo in esame (margine Ebitda: 18,9 %).<\/p>\n<p>Per quanto riguarda l'andamento dell'economia nella regione DACH, il Rapporto Esecutivo afferma: \"In Germania, la situazione economica generale \u00e8 migliorata nel corso del periodo di riferimento; l'economia austriaca ha nuovamente mostrato una crescita lieve, anche se ancora molto contenuta. Per contro, lo slancio della crescita in Svizzera si \u00e8 indebolito, non da ultimo a causa del forte apprezzamento del franco svizzero a partire da met\u00e0 gennaio 2015.\" Grazie agli investimenti effettuati negli ultimi anni nell'automazione e nell'internalizzazione della catena del valore, la conseguente pressione sui prezzi in Svizzera \u00e8 stata ampiamente compensata e il margine \u00e8 stato mantenuto, riferisce l'azienda.<\/p>\n<p>Ulteriori informazioni <a href=\"https:\/\/www.dormakaba.com\/de\/investor-relations\/636254\/dorma-kaba-group-first-half-year-2015-2016.html\" target=\"_blank\" data-cke-saved-href=\"https:\/\/www.dormakaba.com\/de\/investor-relations\/636254\/dorma-kaba-group-first-half-year-2015-2016.html\" rel=\"noopener\">qui<\/a>.<\/p>","protected":false},"excerpt":{"rendered":"<p>Der konsolidierte Umsatz konnte die Gruppe gem\u00e4ss Angaben im Berichtszeitraum auf einer Pro-forma-Basis zu konstanten Wechselkursen um 2,6% gesteigert werden und erreichte 1135,5 Mio. Fr. (ausgewiesen 947,6 Mio. Fr.). Das organische Umsatzwachstum liegt bei\u00a01,8%, Akquisitionseffekte haben\u00a00,8% zum Umsatzwachstum beigetragen, wie es heisst. Profitabilit\u00e4t und Konzernergebnis Die Dorma+Kaba Holding AG erzielte im Berichtszeitraum gegen\u00fcber dem Vorjahr [&hellip;]<\/p>\n","protected":false},"author":1,"featured_media":2714,"comment_status":"open","ping_status":"open","sticky":false,"template":"","format":"standard","meta":{"_acf_changed":false,"pgc_sgb_lightbox_settings":"","footnotes":""},"categories":[1],"tags":[273,274,65],"class_list":["post-2713","post","type-post","status-publish","format-standard","has-post-thumbnail","hentry","category-allgemein","tag-dormakaba-gruppe","tag-geschaeftsjahr-20152016","tag-unternehmen"],"acf":[],"hkrextid":null,"publication":null,"issue":null,"workflow":null,"startPage":null,"spitzmarke":null,"_posts_by_tag_page_fields":{"widget_title":"","widget_tags":""},"_at_widget":"1","_yoast_wpseo_primary_category":"","_yoast_wpseo_focuskw_text_input":"Dorma+Kaba: Zahlen des ersten Gesch\u00e4ftshalbjahres","_yoast_wpseo_opengraph-image":"https:\/\/news.save.ch\/wp-content\/uploads\/2016\/12\/56dd9ebebe445_kaba_Sicherheitsforum.jpg","_yoast_wpseo_opengraph-description":"Die fusionierte Unternehmung Dorma+Kaba hat ihr erstes Gesch\u00e4ftshalbjahr 2015\/2016 hinter sich und schliesst mit guten Ergebnissen ab, wie die Gruppe mitgeteilt hat.","_yoast_wpseo_opengraph-title":"Dorma+Kaba: Zahlen des ersten Gesch\u00e4ftshalbjahres","enclosure":null,"_yoast_wpseo_twitter-title":null,"_yoast_wpseo_twitter-description":null,"_yoast_wpseo_twitter-image":null,"_wp_old_slug":null,"_yoast_wpseo_title":null,"_yoast_wpseo_canonical":null,"yoast_head":"<!-- This site is optimized with the Yoast SEO plugin v27.5 - https:\/\/yoast.com\/product\/yoast-seo-wordpress\/ -->\n<title>Dorma+Kaba: Zahlen des ersten Gesch\u00e4ftshalbjahres - Save<\/title>\n<meta name=\"description\" content=\"Die Unternehmung Dorma+Kaba hat ihr erstes Gesch\u00e4ftshalbjahr 2015\/2016 hinter sich und schliesst mit guten Ergebnissen ab, wie die Gruppe mitgeteilt hat.\" \/>\n<meta name=\"robots\" content=\"index, follow, max-snippet:-1, max-image-preview:large, max-video-preview:-1\" \/>\n<link rel=\"canonical\" href=\"https:\/\/news.save.ch\/it\/dormakaba-zahlen-des-ersten-geschaeftshalbjahres\/\" \/>\n<meta property=\"og:locale\" content=\"it_IT\" \/>\n<meta property=\"og:type\" content=\"article\" \/>\n<meta property=\"og:title\" content=\"Dorma+Kaba: Zahlen des ersten Gesch\u00e4ftshalbjahres\" \/>\n<meta property=\"og:description\" content=\"Die fusionierte Unternehmung Dorma+Kaba hat ihr erstes Gesch\u00e4ftshalbjahr 2015\/2016 hinter sich und schliesst mit guten Ergebnissen ab, wie die Gruppe mitgeteilt hat.\" \/>\n<meta property=\"og:url\" content=\"https:\/\/news.save.ch\/it\/dormakaba-zahlen-des-ersten-geschaeftshalbjahres\/\" \/>\n<meta property=\"og:site_name\" content=\"Save\" \/>\n<meta property=\"article:published_time\" content=\"2016-03-07T15:23:00+00:00\" \/>\n<meta property=\"og:image\" content=\"https:\/\/news.save.ch\/wp-content\/uploads\/2016\/12\/56dd9ebebe445_kaba_Sicherheitsforum.jpg\" \/>\n<meta name=\"author\" content=\"admin\" \/>\n<meta name=\"twitter:card\" content=\"summary_large_image\" \/>\n<meta name=\"twitter:label1\" content=\"Scritto da\" \/>\n\t<meta name=\"twitter:data1\" content=\"admin\" \/>\n\t<meta name=\"twitter:label2\" content=\"Tempo di lettura stimato\" \/>\n\t<meta name=\"twitter:data2\" content=\"2 minuti\" \/>\n<script type=\"application\/ld+json\" class=\"yoast-schema-graph\">{\"@context\":\"https:\\\/\\\/schema.org\",\"@graph\":[{\"@type\":\"Article\",\"@id\":\"https:\\\/\\\/news.save.ch\\\/dormakaba-zahlen-des-ersten-geschaeftshalbjahres\\\/#article\",\"isPartOf\":{\"@id\":\"https:\\\/\\\/news.save.ch\\\/dormakaba-zahlen-des-ersten-geschaeftshalbjahres\\\/\"},\"author\":{\"name\":\"admin\",\"@id\":\"https:\\\/\\\/news.save.ch\\\/de\\\/#\\\/schema\\\/person\\\/d49e199490bad7c70d64b9ab51142f2b\"},\"headline\":\"Dorma+Kaba: Zahlen des ersten Gesch\u00e4ftshalbjahres\",\"datePublished\":\"2016-03-07T15:23:00+00:00\",\"mainEntityOfPage\":{\"@id\":\"https:\\\/\\\/news.save.ch\\\/dormakaba-zahlen-des-ersten-geschaeftshalbjahres\\\/\"},\"wordCount\":341,\"commentCount\":0,\"publisher\":{\"@id\":\"https:\\\/\\\/news.save.ch\\\/de\\\/#organization\"},\"image\":{\"@id\":\"https:\\\/\\\/news.save.ch\\\/dormakaba-zahlen-des-ersten-geschaeftshalbjahres\\\/#primaryimage\"},\"thumbnailUrl\":\"https:\\\/\\\/news.save.ch\\\/wp-content\\\/uploads\\\/2016\\\/12\\\/56dd9ebebe445_kaba_Sicherheitsforum.jpg\",\"keywords\":[\"Dorma+Kaba Gruppe\",\"Gesch\u00e4ftsjahr 2015\\\/2016\",\"Unternehmen\"],\"articleSection\":[\"ALLGEMEIN\"],\"inLanguage\":\"it-IT\"},{\"@type\":\"WebPage\",\"@id\":\"https:\\\/\\\/news.save.ch\\\/dormakaba-zahlen-des-ersten-geschaeftshalbjahres\\\/\",\"url\":\"https:\\\/\\\/news.save.ch\\\/dormakaba-zahlen-des-ersten-geschaeftshalbjahres\\\/\",\"name\":\"Dorma+Kaba: Zahlen des ersten Gesch\u00e4ftshalbjahres - Save\",\"isPartOf\":{\"@id\":\"https:\\\/\\\/news.save.ch\\\/de\\\/#website\"},\"primaryImageOfPage\":{\"@id\":\"https:\\\/\\\/news.save.ch\\\/dormakaba-zahlen-des-ersten-geschaeftshalbjahres\\\/#primaryimage\"},\"image\":{\"@id\":\"https:\\\/\\\/news.save.ch\\\/dormakaba-zahlen-des-ersten-geschaeftshalbjahres\\\/#primaryimage\"},\"thumbnailUrl\":\"https:\\\/\\\/news.save.ch\\\/wp-content\\\/uploads\\\/2016\\\/12\\\/56dd9ebebe445_kaba_Sicherheitsforum.jpg\",\"datePublished\":\"2016-03-07T15:23:00+00:00\",\"description\":\"Die Unternehmung Dorma+Kaba hat ihr erstes Gesch\u00e4ftshalbjahr 2015\\\/2016 hinter sich und schliesst mit guten Ergebnissen ab, wie die Gruppe mitgeteilt hat.\",\"breadcrumb\":{\"@id\":\"https:\\\/\\\/news.save.ch\\\/dormakaba-zahlen-des-ersten-geschaeftshalbjahres\\\/#breadcrumb\"},\"inLanguage\":\"it-IT\",\"potentialAction\":[{\"@type\":\"ReadAction\",\"target\":[\"https:\\\/\\\/news.save.ch\\\/dormakaba-zahlen-des-ersten-geschaeftshalbjahres\\\/\"]}]},{\"@type\":\"ImageObject\",\"inLanguage\":\"it-IT\",\"@id\":\"https:\\\/\\\/news.save.ch\\\/dormakaba-zahlen-des-ersten-geschaeftshalbjahres\\\/#primaryimage\",\"url\":\"https:\\\/\\\/news.save.ch\\\/wp-content\\\/uploads\\\/2016\\\/12\\\/56dd9ebebe445_kaba_Sicherheitsforum.jpg\",\"contentUrl\":\"https:\\\/\\\/news.save.ch\\\/wp-content\\\/uploads\\\/2016\\\/12\\\/56dd9ebebe445_kaba_Sicherheitsforum.jpg\",\"width\":939,\"height\":847},{\"@type\":\"BreadcrumbList\",\"@id\":\"https:\\\/\\\/news.save.ch\\\/dormakaba-zahlen-des-ersten-geschaeftshalbjahres\\\/#breadcrumb\",\"itemListElement\":[{\"@type\":\"ListItem\",\"position\":1,\"name\":\"Home\",\"item\":\"https:\\\/\\\/news.save.ch\\\/de\\\/\"},{\"@type\":\"ListItem\",\"position\":2,\"name\":\"Dorma+Kaba: Zahlen des ersten Gesch\u00e4ftshalbjahres\"}]},{\"@type\":\"WebSite\",\"@id\":\"https:\\\/\\\/news.save.ch\\\/de\\\/#website\",\"url\":\"https:\\\/\\\/news.save.ch\\\/de\\\/\",\"name\":\"Save\",\"description\":\"Schweizer Fachzeitschrift f\u00fcr Sicherheit\",\"publisher\":{\"@id\":\"https:\\\/\\\/news.save.ch\\\/de\\\/#organization\"},\"potentialAction\":[{\"@type\":\"SearchAction\",\"target\":{\"@type\":\"EntryPoint\",\"urlTemplate\":\"https:\\\/\\\/news.save.ch\\\/de\\\/?s={search_term_string}\"},\"query-input\":{\"@type\":\"PropertyValueSpecification\",\"valueRequired\":true,\"valueName\":\"search_term_string\"}}],\"inLanguage\":\"it-IT\"},{\"@type\":\"Organization\",\"@id\":\"https:\\\/\\\/news.save.ch\\\/de\\\/#organization\",\"name\":\"Sicherheitsforum\",\"url\":\"https:\\\/\\\/news.save.ch\\\/de\\\/\",\"logo\":{\"@type\":\"ImageObject\",\"inLanguage\":\"it-IT\",\"@id\":\"https:\\\/\\\/news.save.ch\\\/de\\\/#\\\/schema\\\/logo\\\/image\\\/\",\"url\":\"https:\\\/\\\/news.save.ch\\\/wp-content\\\/uploads\\\/2022\\\/06\\\/Logo_SF_2012.png\",\"contentUrl\":\"https:\\\/\\\/news.save.ch\\\/wp-content\\\/uploads\\\/2022\\\/06\\\/Logo_SF_2012.png\",\"width\":1100,\"height\":91,\"caption\":\"Sicherheitsforum\"},\"image\":{\"@id\":\"https:\\\/\\\/news.save.ch\\\/de\\\/#\\\/schema\\\/logo\\\/image\\\/\"}},{\"@type\":\"Person\",\"@id\":\"https:\\\/\\\/news.save.ch\\\/de\\\/#\\\/schema\\\/person\\\/d49e199490bad7c70d64b9ab51142f2b\",\"name\":\"admin\",\"image\":{\"@type\":\"ImageObject\",\"inLanguage\":\"it-IT\",\"@id\":\"https:\\\/\\\/secure.gravatar.com\\\/avatar\\\/ae2f4d718e6c49043e314ce431e7e645d646302a24a5ef5a8bc8e3f5a032e319?s=96&d=mm&r=g\",\"url\":\"https:\\\/\\\/secure.gravatar.com\\\/avatar\\\/ae2f4d718e6c49043e314ce431e7e645d646302a24a5ef5a8bc8e3f5a032e319?s=96&d=mm&r=g\",\"contentUrl\":\"https:\\\/\\\/secure.gravatar.com\\\/avatar\\\/ae2f4d718e6c49043e314ce431e7e645d646302a24a5ef5a8bc8e3f5a032e319?s=96&d=mm&r=g\",\"caption\":\"admin\"},\"sameAs\":[\"https:\\\/\\\/develop.organisator.galledia.ch\"],\"url\":\"https:\\\/\\\/news.save.ch\\\/it\\\/author\\\/admin\\\/\"}]}<\/script>\n<!-- \/ Yoast SEO plugin. -->","yoast_head_json":{"title":"Dorma+Kaba: i dati del primo semestre dell'esercizio - Save","description":"L'azienda Dorma+Kaba ha completato il primo semestre dell'anno finanziario 2015\/2016 e sta chiudendo con buoni risultati, ha annunciato il Gruppo.","robots":{"index":"index","follow":"follow","max-snippet":"max-snippet:-1","max-image-preview":"max-image-preview:large","max-video-preview":"max-video-preview:-1"},"canonical":"https:\/\/news.save.ch\/it\/dormakaba-zahlen-des-ersten-geschaeftshalbjahres\/","og_locale":"it_IT","og_type":"article","og_title":"Dorma+Kaba: Zahlen des ersten Gesch\u00e4ftshalbjahres","og_description":"Die fusionierte Unternehmung Dorma+Kaba hat ihr erstes Gesch\u00e4ftshalbjahr 2015\/2016 hinter sich und schliesst mit guten Ergebnissen ab, wie die Gruppe mitgeteilt hat.","og_url":"https:\/\/news.save.ch\/it\/dormakaba-zahlen-des-ersten-geschaeftshalbjahres\/","og_site_name":"Save","article_published_time":"2016-03-07T15:23:00+00:00","og_image":[{"url":"https:\/\/news.save.ch\/wp-content\/uploads\/2016\/12\/56dd9ebebe445_kaba_Sicherheitsforum.jpg","type":"","width":"","height":""}],"author":"admin","twitter_card":"summary_large_image","twitter_misc":{"Scritto da":"admin","Tempo di lettura stimato":"2 minuti"},"schema":{"@context":"https:\/\/schema.org","@graph":[{"@type":"Article","@id":"https:\/\/news.save.ch\/dormakaba-zahlen-des-ersten-geschaeftshalbjahres\/#article","isPartOf":{"@id":"https:\/\/news.save.ch\/dormakaba-zahlen-des-ersten-geschaeftshalbjahres\/"},"author":{"name":"admin","@id":"https:\/\/news.save.ch\/de\/#\/schema\/person\/d49e199490bad7c70d64b9ab51142f2b"},"headline":"Dorma+Kaba: Zahlen des ersten Gesch\u00e4ftshalbjahres","datePublished":"2016-03-07T15:23:00+00:00","mainEntityOfPage":{"@id":"https:\/\/news.save.ch\/dormakaba-zahlen-des-ersten-geschaeftshalbjahres\/"},"wordCount":341,"commentCount":0,"publisher":{"@id":"https:\/\/news.save.ch\/de\/#organization"},"image":{"@id":"https:\/\/news.save.ch\/dormakaba-zahlen-des-ersten-geschaeftshalbjahres\/#primaryimage"},"thumbnailUrl":"https:\/\/news.save.ch\/wp-content\/uploads\/2016\/12\/56dd9ebebe445_kaba_Sicherheitsforum.jpg","keywords":["Dorma+Kaba Gruppe","Gesch\u00e4ftsjahr 2015\/2016","Unternehmen"],"articleSection":["ALLGEMEIN"],"inLanguage":"it-IT"},{"@type":"WebPage","@id":"https:\/\/news.save.ch\/dormakaba-zahlen-des-ersten-geschaeftshalbjahres\/","url":"https:\/\/news.save.ch\/dormakaba-zahlen-des-ersten-geschaeftshalbjahres\/","name":"Dorma+Kaba: i dati del primo semestre dell'esercizio - Save","isPartOf":{"@id":"https:\/\/news.save.ch\/de\/#website"},"primaryImageOfPage":{"@id":"https:\/\/news.save.ch\/dormakaba-zahlen-des-ersten-geschaeftshalbjahres\/#primaryimage"},"image":{"@id":"https:\/\/news.save.ch\/dormakaba-zahlen-des-ersten-geschaeftshalbjahres\/#primaryimage"},"thumbnailUrl":"https:\/\/news.save.ch\/wp-content\/uploads\/2016\/12\/56dd9ebebe445_kaba_Sicherheitsforum.jpg","datePublished":"2016-03-07T15:23:00+00:00","description":"L'azienda Dorma+Kaba ha completato il primo semestre dell'anno finanziario 2015\/2016 e sta chiudendo con buoni risultati, ha annunciato il Gruppo.","breadcrumb":{"@id":"https:\/\/news.save.ch\/dormakaba-zahlen-des-ersten-geschaeftshalbjahres\/#breadcrumb"},"inLanguage":"it-IT","potentialAction":[{"@type":"ReadAction","target":["https:\/\/news.save.ch\/dormakaba-zahlen-des-ersten-geschaeftshalbjahres\/"]}]},{"@type":"ImageObject","inLanguage":"it-IT","@id":"https:\/\/news.save.ch\/dormakaba-zahlen-des-ersten-geschaeftshalbjahres\/#primaryimage","url":"https:\/\/news.save.ch\/wp-content\/uploads\/2016\/12\/56dd9ebebe445_kaba_Sicherheitsforum.jpg","contentUrl":"https:\/\/news.save.ch\/wp-content\/uploads\/2016\/12\/56dd9ebebe445_kaba_Sicherheitsforum.jpg","width":939,"height":847},{"@type":"BreadcrumbList","@id":"https:\/\/news.save.ch\/dormakaba-zahlen-des-ersten-geschaeftshalbjahres\/#breadcrumb","itemListElement":[{"@type":"ListItem","position":1,"name":"Home","item":"https:\/\/news.save.ch\/de\/"},{"@type":"ListItem","position":2,"name":"Dorma+Kaba: Zahlen des ersten Gesch\u00e4ftshalbjahres"}]},{"@type":"WebSite","@id":"https:\/\/news.save.ch\/de\/#website","url":"https:\/\/news.save.ch\/de\/","name":"Risparmiare","description":"Rivista svizzera specializzata in sicurezza","publisher":{"@id":"https:\/\/news.save.ch\/de\/#organization"},"potentialAction":[{"@type":"SearchAction","target":{"@type":"EntryPoint","urlTemplate":"https:\/\/news.save.ch\/de\/?s={search_term_string}"},"query-input":{"@type":"PropertyValueSpecification","valueRequired":true,"valueName":"search_term_string"}}],"inLanguage":"it-IT"},{"@type":"Organization","@id":"https:\/\/news.save.ch\/de\/#organization","name":"Forum sulla sicurezza","url":"https:\/\/news.save.ch\/de\/","logo":{"@type":"ImageObject","inLanguage":"it-IT","@id":"https:\/\/news.save.ch\/de\/#\/schema\/logo\/image\/","url":"https:\/\/news.save.ch\/wp-content\/uploads\/2022\/06\/Logo_SF_2012.png","contentUrl":"https:\/\/news.save.ch\/wp-content\/uploads\/2022\/06\/Logo_SF_2012.png","width":1100,"height":91,"caption":"Sicherheitsforum"},"image":{"@id":"https:\/\/news.save.ch\/de\/#\/schema\/logo\/image\/"}},{"@type":"Person","@id":"https:\/\/news.save.ch\/de\/#\/schema\/person\/d49e199490bad7c70d64b9ab51142f2b","name":"amministratore","image":{"@type":"ImageObject","inLanguage":"it-IT","@id":"https:\/\/secure.gravatar.com\/avatar\/ae2f4d718e6c49043e314ce431e7e645d646302a24a5ef5a8bc8e3f5a032e319?s=96&d=mm&r=g","url":"https:\/\/secure.gravatar.com\/avatar\/ae2f4d718e6c49043e314ce431e7e645d646302a24a5ef5a8bc8e3f5a032e319?s=96&d=mm&r=g","contentUrl":"https:\/\/secure.gravatar.com\/avatar\/ae2f4d718e6c49043e314ce431e7e645d646302a24a5ef5a8bc8e3f5a032e319?s=96&d=mm&r=g","caption":"admin"},"sameAs":["https:\/\/develop.organisator.galledia.ch"],"url":"https:\/\/news.save.ch\/it\/author\/admin\/"}]}},"_links":{"self":[{"href":"https:\/\/news.save.ch\/it\/wp-json\/wp\/v2\/posts\/2713","targetHints":{"allow":["GET"]}}],"collection":[{"href":"https:\/\/news.save.ch\/it\/wp-json\/wp\/v2\/posts"}],"about":[{"href":"https:\/\/news.save.ch\/it\/wp-json\/wp\/v2\/types\/post"}],"author":[{"embeddable":true,"href":"https:\/\/news.save.ch\/it\/wp-json\/wp\/v2\/users\/1"}],"replies":[{"embeddable":true,"href":"https:\/\/news.save.ch\/it\/wp-json\/wp\/v2\/comments?post=2713"}],"version-history":[{"count":0,"href":"https:\/\/news.save.ch\/it\/wp-json\/wp\/v2\/posts\/2713\/revisions"}],"wp:featuredmedia":[{"embeddable":true,"href":"https:\/\/news.save.ch\/it\/wp-json\/wp\/v2\/media\/2714"}],"wp:attachment":[{"href":"https:\/\/news.save.ch\/it\/wp-json\/wp\/v2\/media?parent=2713"}],"wp:term":[{"taxonomy":"category","embeddable":true,"href":"https:\/\/news.save.ch\/it\/wp-json\/wp\/v2\/categories?post=2713"},{"taxonomy":"post_tag","embeddable":true,"href":"https:\/\/news.save.ch\/it\/wp-json\/wp\/v2\/tags?post=2713"}],"curies":[{"name":"wp","href":"https:\/\/api.w.org\/{rel}","templated":true}]}}