{"id":2749,"date":"2018-03-29T08:57:32","date_gmt":"2018-03-29T06:57:32","guid":{"rendered":"https:\/\/news.save.ch\/?p=2749"},"modified":"2023-03-14T09:01:03","modified_gmt":"2023-03-14T08:01:03","slug":"100-jahre-suva","status":null,"type":"post","link":"https:\/\/news.save.ch\/it\/100-jahre-suva\/","title":{"rendered":"100 anni di Suva"},"content":{"rendered":"<figure id=\"attachment_2750\" aria-describedby=\"caption-attachment-2750\" style=\"width: 680px\" class=\"wp-caption aligncenter\"><img loading=\"lazy\" decoding=\"async\" class=\"wp-image-2750 size-medium\" src=\"http:\/\/develop.safety-plus.ch\/wp-content\/uploads\/2018\/03\/02_Sozarch_F_5030-Fb-0029_Nahrungsmittelfabrik_Arbeiterinnen_an_Maschinen_und_Fliessband_ca_1900-1930.jpg\" alt=\"Suva\" width=\"680\" height=\"475\" \/><figcaption id=\"caption-attachment-2750\" class=\"wp-caption-text\">Lavoratrici alle macchine e alle catene di montaggio nell'industria alimentare, dopo il 1900. Immagine: Archivio sociale svizzero. Archivio sociale<\/figcaption><\/figure>\n<p>&nbsp;<\/p>\n<p>100 anni fa, l'Europa era nel pieno della Prima Guerra Mondiale e la Svizzera era sull'orlo di uno sciopero generale a livello nazionale. In questo esplosivo contesto socio-politico, in Svizzera nacque qualcosa di sostanziale: i datori di lavoro, i lavoratori e il governo federale crearono congiuntamente il fondo di assicurazione contro gli infortuni Suva. Il fondo inizi\u00f2 a funzionare a Lucerna il 1\u00b0 aprile 1918. \"Con questo risultato \u00e8 stato realizzato qualcosa che \u00e8 durato fino ad oggi\", ha dichiarato Gabriele Gendotti, Presidente del Consiglio della Suva, in occasione della conferenza stampa per il 100\u00b0 anniversario della Suva. Allora come oggi, le parti sociali, insieme alla Confederazione, determinano il destino della Suva ed elaborano insieme soluzioni praticabili.<\/p>\n<h4>Compromessi anzich\u00e9 requisiti massimi<\/h4>\n<p>100 anni di partenariato sociale e i conseguenti miglioramenti nella sicurezza sul lavoro sono stati al centro dell'evento per l'anniversario della Suva presso l'azienda ferroviaria BLS. Le parti sociali hanno inoltre giustificato l'attuale successo della Suva con la composizione paritaria del Consiglio della Suva, con 16 rappresentanti dei datori di lavoro e dei lavoratori ciascuno e 8 rappresentanti della Confederazione. Kurt Gfeller, vicepresidente del Consiglio della Suva e vicedirettore dell'Associazione svizzera di categoria, e Nico Lutz, membro del Comitato del Consiglio della Suva e membro della direzione del sindacato Unia, spesso non hanno lo stesso fieno nella vita politica quotidiana. Ma nel Consiglio della Suva lavorano entrambi come costruttori di ponti tra datori di lavoro e lavoratori. \"Tutti sono consapevoli che in una compagnia assicurativa come la Suva le richieste massime non portano all'obiettivo. Compromessi e concessioni ci portano molto pi\u00f9 lontano\", ha dichiarato Kurt Gfeller.<\/p>\n<h4>Le persone interessate diventano partecipanti<\/h4>\n<p>I due consiglieri della Suva hanno inoltre convenuto che la sicurezza sul lavoro \u00e8 nell'interesse di entrambi i rappresentanti, anche se le posizioni sull'attuazione sono decisamente diverse. Tuttavia: \"I lavoratori hanno un interesse personale diretto in un lavoro di prevenzione completo, in un alto livello di sicurezza sul lavoro e in un'estesa protezione della salute\", ha detto Lutz. La Suva ha adottato un approccio impressionante, trasformando gli interessati in partecipanti. Grazie alla partecipazione dei sindacati a numerosi comitati di esperti della Suva, al Consiglio della Suva e anche al Comitato del Consiglio della Suva, che \u00e8 simile al consiglio di amministrazione, le preoccupazioni e le opinioni dei dipendenti sono direttamente incorporate\".<\/p>\n<p>Gli sforzi di prevenzione nella sicurezza sul lavoro sono serviti anche a proteggere l'azienda. \"Non appena si verifica un incidente in un'azienda, ogni proprietario \u00e8 contento di avere una solida assicurazione\", spiega Gfeller. Mentre in passato un grave incidente significava la rovina per il dipendente, oggi - senza assicurazione - manderebbe in bancarotta molti imprenditori. Questo perch\u00e9 per coprire i costi di un incidente grave sono necessari i contributi dei premi di ben 2.500 assicurati.<\/p>\n<h4>Insieme per il successo<\/h4>\n<p>Felix Weber, Presidente del Consiglio Direttivo della Suva, ha evidenziato come l'attuazione della sicurezza sul lavoro non sia sempre stata facile negli ultimi 100 anni. \"A differenza del passato, per\u00f2, da tempo \u00e8 prevalso il concetto che i lavoratori e i datori di lavoro devono assumersi le proprie responsabilit\u00e0 in materia di prevenzione e sicurezza sul lavoro\". A titolo di esempio, ha citato le \"Regole vitali\" per i gruppi professionali ad alto rischio, che esistono sia per i datori di lavoro che per i lavoratori. Allo stesso modo, nella riabilitazione e nella reintegrazione delle persone infortunate, \u00e8 la cooperazione di tutti gli ambienti coinvolti che porta al successo.<\/p>\n<p>Questo \u00e8 stato il punto di partenza per Peter Fankhauser, membro della direzione della BLS. A nome delle 128.000 aziende attualmente assicurate presso la Suva, ha mostrato quali sono le sfide odierne in materia di sicurezza sul lavoro e quali responsabilit\u00e0 hanno le aziende e soprattutto i dirigenti. La BLS, che \u00e8 assicurata alla Suva da 100 anni, sta attualmente ristrutturando e modernizzando la sua officina ferroviaria di Spiez. In questo processo, attribuisce grande importanza a una progettazione sicura del posto di lavoro.<\/p>\n<h4>Solido dal punto di vista finanziario<\/h4>\n<p>Dalla met\u00e0 degli anni '80, la Suva ha registrato pi\u00f9 incidenti nel tempo libero che infortuni sul lavoro. L'amministratore delegato Felix Weber \u00e8 convinto: \"Indipendentemente dallo sviluppo della societ\u00e0, avremo bisogno di protezione. La Suva lo ha fatto con successo negli ultimi 100 anni\". Oggi, dice, l'azienda si regge su gambe sane. Ci\u00f2 \u00e8 dovuto al modello e alle fondamenta che la Suva si \u00e8 data al momento della sua fondazione. \"E lo deve a tutti i dipendenti, alle associazioni, ai sindacati e alle aziende che con il loro impegno e le loro innovazioni hanno reso pi\u00f9 sicuro il mondo del lavoro e del tempo libero\".<\/p>\n<p><em>Comunicato stampa Suva<\/em><\/p>\n<p>Sul sito web\u00a0<a href=\"http:\/\/www.suva.ch\/100jahre\">suva.ch\/100anni<\/a>\u00a0la storia della Suva \u00e8 presentata sul sito web. Inoltre, la Suva aggiorna continuamente il sito web con le ultime notizie sull'anno dell'anniversario.<\/p>\n<figure id=\"attachment_2753\" aria-describedby=\"caption-attachment-2753\" style=\"width: 680px\" class=\"wp-caption alignnone\"><img loading=\"lazy\" decoding=\"async\" class=\"size-medium wp-image-2753\" src=\"http:\/\/develop.safety-plus.ch\/wp-content\/uploads\/2018\/03\/05_Baugeschichtliches_Archiv_Zuerich_Aushub_von_Hand_in_Zuerich_1910.jpg\" alt=\"\" width=\"680\" height=\"506\" \/><figcaption id=\"caption-attachment-2753\" class=\"wp-caption-text\">Cantiere a Zurigo, scavo a mano, 1910. Foto: Archivio di Storia dell'Architettura della Citt\u00e0 di Zurigo<\/figcaption><\/figure>\n<p>&nbsp;<\/p>","protected":false},"excerpt":{"rendered":"<p>&nbsp; Vor 100 Jahren war Europa mitten im Ersten Weltkrieg und die Schweiz stand kurz vor dem landesweiten Generalstreik. In diesem explosiven sozial-politischen Umfeld entstand in der Schweiz etwas Substanzielles: Arbeitgeber, Arbeitnehmer und der Bund schufen gemeinsam die Unfallversicherung Suva. Am 1. April 1918 nahm sie in Luzern den Betrieb auf. \u00abDamit gelang etwas, was [&hellip;]<\/p>\n","protected":false},"author":1,"featured_media":16262,"comment_status":"open","ping_status":"open","sticky":false,"template":"","format":"standard","meta":{"_acf_changed":false,"pgc_sgb_lightbox_settings":"","footnotes":""},"categories":[3314],"tags":[1674,167],"class_list":["post-2749","post","type-post","status-publish","format-standard","has-post-thumbnail","hentry","category-health-safety","tag-arbeitsunfall","tag-suva"],"acf":[],"hkrextid":null,"publication":null,"issue":null,"workflow":null,"startPage":null,"spitzmarke":null,"_posts_by_tag_page_fields":{"widget_title":"","widget_tags":""},"_at_widget":"1","_yoast_wpseo_primary_category":"5","_yoast_wpseo_focuskw_text_input":"Unfallversicherung","_yoast_wpseo_opengraph-image":null,"_yoast_wpseo_opengraph-description":null,"_yoast_wpseo_opengraph-title":null,"enclosure":null,"_yoast_wpseo_twitter-title":null,"_yoast_wpseo_twitter-description":null,"_yoast_wpseo_twitter-image":null,"_wp_old_slug":null,"_yoast_wpseo_title":null,"_yoast_wpseo_canonical":null,"yoast_head":"<!-- This site is optimized with the Yoast SEO plugin v27.4 - https:\/\/yoast.com\/product\/yoast-seo-wordpress\/ -->\n<title>100 Jahre Suva - Save<\/title>\n<meta name=\"description\" content=\"Das erste grosse Sozialwerk der Schweiz feiert am 1. April 2018 seinen 100. Geburtstag. Die Suva bewahrt Arbeitnehmende vor einer sozialen Misere und sichert Arbeitgebende, damals wie heute, nach einem Unfall ab.\" \/>\n<meta name=\"robots\" content=\"index, follow, max-snippet:-1, max-image-preview:large, max-video-preview:-1\" \/>\n<link rel=\"canonical\" href=\"https:\/\/news.save.ch\/it\/100-jahre-suva\/\" \/>\n<meta property=\"og:locale\" content=\"it_IT\" \/>\n<meta property=\"og:type\" content=\"article\" \/>\n<meta property=\"og:title\" content=\"100 Jahre Suva - Save\" \/>\n<meta property=\"og:description\" content=\"Das erste grosse Sozialwerk der Schweiz feiert am 1. April 2018 seinen 100. Geburtstag. Die Suva bewahrt Arbeitnehmende vor einer sozialen Misere und sichert Arbeitgebende, damals wie heute, nach einem Unfall ab.\" \/>\n<meta property=\"og:url\" content=\"https:\/\/news.save.ch\/it\/100-jahre-suva\/\" \/>\n<meta property=\"og:site_name\" content=\"Save\" \/>\n<meta property=\"article:published_time\" content=\"2018-03-29T06:57:32+00:00\" \/>\n<meta property=\"article:modified_time\" content=\"2023-03-14T08:01:03+00:00\" \/>\n<meta property=\"og:image\" content=\"https:\/\/news.save.ch\/wp-content\/uploads\/2018\/03\/02_Sozarch_F_5030-Fb-0029_Nahrungsmittelfabrik_Arbeiterinnen_an_Maschinen_und_Fliessband_ca_1900-1930-scaled-1.jpg\" \/>\n\t<meta property=\"og:image:width\" content=\"1200\" \/>\n\t<meta property=\"og:image:height\" content=\"838\" \/>\n\t<meta property=\"og:image:type\" content=\"image\/jpeg\" \/>\n<meta name=\"author\" content=\"admin\" \/>\n<meta name=\"twitter:card\" content=\"summary_large_image\" \/>\n<meta name=\"twitter:label1\" content=\"Scritto da\" \/>\n\t<meta name=\"twitter:data1\" content=\"admin\" \/>\n\t<meta name=\"twitter:label2\" content=\"Tempo di lettura stimato\" \/>\n\t<meta name=\"twitter:data2\" content=\"4 minuti\" \/>\n<script type=\"application\/ld+json\" class=\"yoast-schema-graph\">{\"@context\":\"https:\\\/\\\/schema.org\",\"@graph\":[{\"@type\":\"Article\",\"@id\":\"https:\\\/\\\/news.save.ch\\\/100-jahre-suva\\\/#article\",\"isPartOf\":{\"@id\":\"https:\\\/\\\/news.save.ch\\\/100-jahre-suva\\\/\"},\"author\":{\"name\":\"admin\",\"@id\":\"https:\\\/\\\/news.save.ch\\\/de\\\/#\\\/schema\\\/person\\\/d49e199490bad7c70d64b9ab51142f2b\"},\"headline\":\"100 Jahre Suva\",\"datePublished\":\"2018-03-29T06:57:32+00:00\",\"dateModified\":\"2023-03-14T08:01:03+00:00\",\"mainEntityOfPage\":{\"@id\":\"https:\\\/\\\/news.save.ch\\\/100-jahre-suva\\\/\"},\"wordCount\":736,\"commentCount\":0,\"publisher\":{\"@id\":\"https:\\\/\\\/news.save.ch\\\/de\\\/#organization\"},\"image\":{\"@id\":\"https:\\\/\\\/news.save.ch\\\/100-jahre-suva\\\/#primaryimage\"},\"thumbnailUrl\":\"https:\\\/\\\/news.save.ch\\\/wp-content\\\/uploads\\\/2018\\\/03\\\/02_Sozarch_F_5030-Fb-0029_Nahrungsmittelfabrik_Arbeiterinnen_an_Maschinen_und_Fliessband_ca_1900-1930-scaled-1.jpg\",\"keywords\":[\"Arbeitsunfall\",\"SUVA\"],\"articleSection\":[\"HEALTH &amp; SAFETY\"],\"inLanguage\":\"it-IT\"},{\"@type\":\"WebPage\",\"@id\":\"https:\\\/\\\/news.save.ch\\\/100-jahre-suva\\\/\",\"url\":\"https:\\\/\\\/news.save.ch\\\/100-jahre-suva\\\/\",\"name\":\"100 Jahre Suva - Save\",\"isPartOf\":{\"@id\":\"https:\\\/\\\/news.save.ch\\\/de\\\/#website\"},\"primaryImageOfPage\":{\"@id\":\"https:\\\/\\\/news.save.ch\\\/100-jahre-suva\\\/#primaryimage\"},\"image\":{\"@id\":\"https:\\\/\\\/news.save.ch\\\/100-jahre-suva\\\/#primaryimage\"},\"thumbnailUrl\":\"https:\\\/\\\/news.save.ch\\\/wp-content\\\/uploads\\\/2018\\\/03\\\/02_Sozarch_F_5030-Fb-0029_Nahrungsmittelfabrik_Arbeiterinnen_an_Maschinen_und_Fliessband_ca_1900-1930-scaled-1.jpg\",\"datePublished\":\"2018-03-29T06:57:32+00:00\",\"dateModified\":\"2023-03-14T08:01:03+00:00\",\"description\":\"Das erste grosse Sozialwerk der Schweiz feiert am 1. April 2018 seinen 100. Geburtstag. Die Suva bewahrt Arbeitnehmende vor einer sozialen Misere und sichert Arbeitgebende, damals wie heute, nach einem Unfall ab.\",\"breadcrumb\":{\"@id\":\"https:\\\/\\\/news.save.ch\\\/100-jahre-suva\\\/#breadcrumb\"},\"inLanguage\":\"it-IT\",\"potentialAction\":[{\"@type\":\"ReadAction\",\"target\":[\"https:\\\/\\\/news.save.ch\\\/100-jahre-suva\\\/\"]}]},{\"@type\":\"ImageObject\",\"inLanguage\":\"it-IT\",\"@id\":\"https:\\\/\\\/news.save.ch\\\/100-jahre-suva\\\/#primaryimage\",\"url\":\"https:\\\/\\\/news.save.ch\\\/wp-content\\\/uploads\\\/2018\\\/03\\\/02_Sozarch_F_5030-Fb-0029_Nahrungsmittelfabrik_Arbeiterinnen_an_Maschinen_und_Fliessband_ca_1900-1930-scaled-1.jpg\",\"contentUrl\":\"https:\\\/\\\/news.save.ch\\\/wp-content\\\/uploads\\\/2018\\\/03\\\/02_Sozarch_F_5030-Fb-0029_Nahrungsmittelfabrik_Arbeiterinnen_an_Maschinen_und_Fliessband_ca_1900-1930-scaled-1.jpg\",\"width\":1200,\"height\":838,\"caption\":\"Arbeiterinnen an Maschinen und an Fliessb\u00e4ndern in der Nahrungsmittelindustrie, nach 1900. Bild: Schweiz. Sozialarchiv\"},{\"@type\":\"BreadcrumbList\",\"@id\":\"https:\\\/\\\/news.save.ch\\\/100-jahre-suva\\\/#breadcrumb\",\"itemListElement\":[{\"@type\":\"ListItem\",\"position\":1,\"name\":\"Home\",\"item\":\"https:\\\/\\\/news.save.ch\\\/de\\\/\"},{\"@type\":\"ListItem\",\"position\":2,\"name\":\"100 Jahre Suva\"}]},{\"@type\":\"WebSite\",\"@id\":\"https:\\\/\\\/news.save.ch\\\/de\\\/#website\",\"url\":\"https:\\\/\\\/news.save.ch\\\/de\\\/\",\"name\":\"Save\",\"description\":\"Schweizer Fachzeitschrift f\u00fcr Sicherheit\",\"publisher\":{\"@id\":\"https:\\\/\\\/news.save.ch\\\/de\\\/#organization\"},\"potentialAction\":[{\"@type\":\"SearchAction\",\"target\":{\"@type\":\"EntryPoint\",\"urlTemplate\":\"https:\\\/\\\/news.save.ch\\\/de\\\/?s={search_term_string}\"},\"query-input\":{\"@type\":\"PropertyValueSpecification\",\"valueRequired\":true,\"valueName\":\"search_term_string\"}}],\"inLanguage\":\"it-IT\"},{\"@type\":\"Organization\",\"@id\":\"https:\\\/\\\/news.save.ch\\\/de\\\/#organization\",\"name\":\"Sicherheitsforum\",\"url\":\"https:\\\/\\\/news.save.ch\\\/de\\\/\",\"logo\":{\"@type\":\"ImageObject\",\"inLanguage\":\"it-IT\",\"@id\":\"https:\\\/\\\/news.save.ch\\\/de\\\/#\\\/schema\\\/logo\\\/image\\\/\",\"url\":\"https:\\\/\\\/news.save.ch\\\/wp-content\\\/uploads\\\/2022\\\/06\\\/Logo_SF_2012.png\",\"contentUrl\":\"https:\\\/\\\/news.save.ch\\\/wp-content\\\/uploads\\\/2022\\\/06\\\/Logo_SF_2012.png\",\"width\":1100,\"height\":91,\"caption\":\"Sicherheitsforum\"},\"image\":{\"@id\":\"https:\\\/\\\/news.save.ch\\\/de\\\/#\\\/schema\\\/logo\\\/image\\\/\"}},{\"@type\":\"Person\",\"@id\":\"https:\\\/\\\/news.save.ch\\\/de\\\/#\\\/schema\\\/person\\\/d49e199490bad7c70d64b9ab51142f2b\",\"name\":\"admin\",\"image\":{\"@type\":\"ImageObject\",\"inLanguage\":\"it-IT\",\"@id\":\"https:\\\/\\\/secure.gravatar.com\\\/avatar\\\/ae2f4d718e6c49043e314ce431e7e645d646302a24a5ef5a8bc8e3f5a032e319?s=96&d=mm&r=g\",\"url\":\"https:\\\/\\\/secure.gravatar.com\\\/avatar\\\/ae2f4d718e6c49043e314ce431e7e645d646302a24a5ef5a8bc8e3f5a032e319?s=96&d=mm&r=g\",\"contentUrl\":\"https:\\\/\\\/secure.gravatar.com\\\/avatar\\\/ae2f4d718e6c49043e314ce431e7e645d646302a24a5ef5a8bc8e3f5a032e319?s=96&d=mm&r=g\",\"caption\":\"admin\"},\"sameAs\":[\"https:\\\/\\\/develop.organisator.galledia.ch\"],\"url\":\"https:\\\/\\\/news.save.ch\\\/it\\\/author\\\/admin\\\/\"}]}<\/script>\n<!-- \/ Yoast SEO plugin. -->","yoast_head_json":{"title":"100 anni di Suva - Salva","description":"La prima grande organizzazione di assistenza sociale della Svizzera compie 100 anni il 1\u00b0 aprile 2018. La Suva protegge i dipendenti dalla miseria sociale e offre ai datori di lavoro protezione dopo un infortunio, allora come oggi.","robots":{"index":"index","follow":"follow","max-snippet":"max-snippet:-1","max-image-preview":"max-image-preview:large","max-video-preview":"max-video-preview:-1"},"canonical":"https:\/\/news.save.ch\/it\/100-jahre-suva\/","og_locale":"it_IT","og_type":"article","og_title":"100 Jahre Suva - Save","og_description":"Das erste grosse Sozialwerk der Schweiz feiert am 1. April 2018 seinen 100. Geburtstag. Die Suva bewahrt Arbeitnehmende vor einer sozialen Misere und sichert Arbeitgebende, damals wie heute, nach einem Unfall ab.","og_url":"https:\/\/news.save.ch\/it\/100-jahre-suva\/","og_site_name":"Save","article_published_time":"2018-03-29T06:57:32+00:00","article_modified_time":"2023-03-14T08:01:03+00:00","og_image":[{"width":1200,"height":838,"url":"https:\/\/news.save.ch\/wp-content\/uploads\/2018\/03\/02_Sozarch_F_5030-Fb-0029_Nahrungsmittelfabrik_Arbeiterinnen_an_Maschinen_und_Fliessband_ca_1900-1930-scaled-1.jpg","type":"image\/jpeg"}],"author":"admin","twitter_card":"summary_large_image","twitter_misc":{"Scritto da":"admin","Tempo di lettura stimato":"4 minuti"},"schema":{"@context":"https:\/\/schema.org","@graph":[{"@type":"Article","@id":"https:\/\/news.save.ch\/100-jahre-suva\/#article","isPartOf":{"@id":"https:\/\/news.save.ch\/100-jahre-suva\/"},"author":{"name":"admin","@id":"https:\/\/news.save.ch\/de\/#\/schema\/person\/d49e199490bad7c70d64b9ab51142f2b"},"headline":"100 Jahre Suva","datePublished":"2018-03-29T06:57:32+00:00","dateModified":"2023-03-14T08:01:03+00:00","mainEntityOfPage":{"@id":"https:\/\/news.save.ch\/100-jahre-suva\/"},"wordCount":736,"commentCount":0,"publisher":{"@id":"https:\/\/news.save.ch\/de\/#organization"},"image":{"@id":"https:\/\/news.save.ch\/100-jahre-suva\/#primaryimage"},"thumbnailUrl":"https:\/\/news.save.ch\/wp-content\/uploads\/2018\/03\/02_Sozarch_F_5030-Fb-0029_Nahrungsmittelfabrik_Arbeiterinnen_an_Maschinen_und_Fliessband_ca_1900-1930-scaled-1.jpg","keywords":["Arbeitsunfall","SUVA"],"articleSection":["HEALTH &amp; SAFETY"],"inLanguage":"it-IT"},{"@type":"WebPage","@id":"https:\/\/news.save.ch\/100-jahre-suva\/","url":"https:\/\/news.save.ch\/100-jahre-suva\/","name":"100 anni di Suva - Salva","isPartOf":{"@id":"https:\/\/news.save.ch\/de\/#website"},"primaryImageOfPage":{"@id":"https:\/\/news.save.ch\/100-jahre-suva\/#primaryimage"},"image":{"@id":"https:\/\/news.save.ch\/100-jahre-suva\/#primaryimage"},"thumbnailUrl":"https:\/\/news.save.ch\/wp-content\/uploads\/2018\/03\/02_Sozarch_F_5030-Fb-0029_Nahrungsmittelfabrik_Arbeiterinnen_an_Maschinen_und_Fliessband_ca_1900-1930-scaled-1.jpg","datePublished":"2018-03-29T06:57:32+00:00","dateModified":"2023-03-14T08:01:03+00:00","description":"La prima grande organizzazione di assistenza sociale della Svizzera compie 100 anni il 1\u00b0 aprile 2018. La Suva protegge i dipendenti dalla miseria sociale e offre ai datori di lavoro protezione dopo un infortunio, allora come oggi.","breadcrumb":{"@id":"https:\/\/news.save.ch\/100-jahre-suva\/#breadcrumb"},"inLanguage":"it-IT","potentialAction":[{"@type":"ReadAction","target":["https:\/\/news.save.ch\/100-jahre-suva\/"]}]},{"@type":"ImageObject","inLanguage":"it-IT","@id":"https:\/\/news.save.ch\/100-jahre-suva\/#primaryimage","url":"https:\/\/news.save.ch\/wp-content\/uploads\/2018\/03\/02_Sozarch_F_5030-Fb-0029_Nahrungsmittelfabrik_Arbeiterinnen_an_Maschinen_und_Fliessband_ca_1900-1930-scaled-1.jpg","contentUrl":"https:\/\/news.save.ch\/wp-content\/uploads\/2018\/03\/02_Sozarch_F_5030-Fb-0029_Nahrungsmittelfabrik_Arbeiterinnen_an_Maschinen_und_Fliessband_ca_1900-1930-scaled-1.jpg","width":1200,"height":838,"caption":"Arbeiterinnen an Maschinen und an Fliessb\u00e4ndern in der Nahrungsmittelindustrie, nach 1900. Bild: Schweiz. Sozialarchiv"},{"@type":"BreadcrumbList","@id":"https:\/\/news.save.ch\/100-jahre-suva\/#breadcrumb","itemListElement":[{"@type":"ListItem","position":1,"name":"Home","item":"https:\/\/news.save.ch\/de\/"},{"@type":"ListItem","position":2,"name":"100 Jahre Suva"}]},{"@type":"WebSite","@id":"https:\/\/news.save.ch\/de\/#website","url":"https:\/\/news.save.ch\/de\/","name":"Risparmiare","description":"Rivista svizzera specializzata in sicurezza","publisher":{"@id":"https:\/\/news.save.ch\/de\/#organization"},"potentialAction":[{"@type":"SearchAction","target":{"@type":"EntryPoint","urlTemplate":"https:\/\/news.save.ch\/de\/?s={search_term_string}"},"query-input":{"@type":"PropertyValueSpecification","valueRequired":true,"valueName":"search_term_string"}}],"inLanguage":"it-IT"},{"@type":"Organization","@id":"https:\/\/news.save.ch\/de\/#organization","name":"Forum sulla sicurezza","url":"https:\/\/news.save.ch\/de\/","logo":{"@type":"ImageObject","inLanguage":"it-IT","@id":"https:\/\/news.save.ch\/de\/#\/schema\/logo\/image\/","url":"https:\/\/news.save.ch\/wp-content\/uploads\/2022\/06\/Logo_SF_2012.png","contentUrl":"https:\/\/news.save.ch\/wp-content\/uploads\/2022\/06\/Logo_SF_2012.png","width":1100,"height":91,"caption":"Sicherheitsforum"},"image":{"@id":"https:\/\/news.save.ch\/de\/#\/schema\/logo\/image\/"}},{"@type":"Person","@id":"https:\/\/news.save.ch\/de\/#\/schema\/person\/d49e199490bad7c70d64b9ab51142f2b","name":"amministratore","image":{"@type":"ImageObject","inLanguage":"it-IT","@id":"https:\/\/secure.gravatar.com\/avatar\/ae2f4d718e6c49043e314ce431e7e645d646302a24a5ef5a8bc8e3f5a032e319?s=96&d=mm&r=g","url":"https:\/\/secure.gravatar.com\/avatar\/ae2f4d718e6c49043e314ce431e7e645d646302a24a5ef5a8bc8e3f5a032e319?s=96&d=mm&r=g","contentUrl":"https:\/\/secure.gravatar.com\/avatar\/ae2f4d718e6c49043e314ce431e7e645d646302a24a5ef5a8bc8e3f5a032e319?s=96&d=mm&r=g","caption":"admin"},"sameAs":["https:\/\/develop.organisator.galledia.ch"],"url":"https:\/\/news.save.ch\/it\/author\/admin\/"}]}},"_links":{"self":[{"href":"https:\/\/news.save.ch\/it\/wp-json\/wp\/v2\/posts\/2749","targetHints":{"allow":["GET"]}}],"collection":[{"href":"https:\/\/news.save.ch\/it\/wp-json\/wp\/v2\/posts"}],"about":[{"href":"https:\/\/news.save.ch\/it\/wp-json\/wp\/v2\/types\/post"}],"author":[{"embeddable":true,"href":"https:\/\/news.save.ch\/it\/wp-json\/wp\/v2\/users\/1"}],"replies":[{"embeddable":true,"href":"https:\/\/news.save.ch\/it\/wp-json\/wp\/v2\/comments?post=2749"}],"version-history":[{"count":1,"href":"https:\/\/news.save.ch\/it\/wp-json\/wp\/v2\/posts\/2749\/revisions"}],"predecessor-version":[{"id":18314,"href":"https:\/\/news.save.ch\/it\/wp-json\/wp\/v2\/posts\/2749\/revisions\/18314"}],"wp:featuredmedia":[{"embeddable":true,"href":"https:\/\/news.save.ch\/it\/wp-json\/wp\/v2\/media\/16262"}],"wp:attachment":[{"href":"https:\/\/news.save.ch\/it\/wp-json\/wp\/v2\/media?parent=2749"}],"wp:term":[{"taxonomy":"category","embeddable":true,"href":"https:\/\/news.save.ch\/it\/wp-json\/wp\/v2\/categories?post=2749"},{"taxonomy":"post_tag","embeddable":true,"href":"https:\/\/news.save.ch\/it\/wp-json\/wp\/v2\/tags?post=2749"}],"curies":[{"name":"wp","href":"https:\/\/api.w.org\/{rel}","templated":true}]}}