{"id":2820,"date":"2016-04-13T08:10:16","date_gmt":"2016-04-13T06:10:16","guid":{"rendered":"https:\/\/dev.sicherheitsforum.ch\/?p=2820"},"modified":"2016-04-13T08:10:16","modified_gmt":"2016-04-13T06:10:16","slug":"wirksame-gewaltpraevention","status":null,"type":"post","link":"https:\/\/news.save.ch\/it\/wirksame-gewaltpraevention\/","title":{"rendered":"Prevenzione efficace della violenza"},"content":{"rendered":"<p><img loading=\"lazy\" decoding=\"async\" class=\"alignnone wp-image-2821 size-medium\" src=\"https:\/\/news.save.ch\/wp-content\/uploads\/2016\/12\/Wirksame-Gewaltpraevention_sicherheitsforum.jpg\" width=\"680\" height=\"538\" srcset=\"https:\/\/news.save.ch\/wp-content\/uploads\/2016\/12\/Wirksame-Gewaltpraevention_sicherheitsforum.jpg 999w, https:\/\/news.save.ch\/wp-content\/uploads\/2016\/12\/Wirksame-Gewaltpraevention_sicherheitsforum-375x297.jpg 375w\" sizes=\"auto, (max-width: 680px) 100vw, 680px\" \/><\/p>\n<p>Violenza, vandalismo e conflitti sull'uso dello spazio pubblico sono sfide importanti per molti comuni, spesso associate a costi elevati. Il successo di azioni individuali ben intenzionate \u00e8 solitamente limitato e, per esperienza, non dura a lungo. Una prevenzione efficace della violenza si basa su un piano di misure coordinato e orientato ai bisogni, che si adatta alle condizioni locali, \u00e8 a lungo termine e politicamente ancorato.<\/p>\n<p>L'Associazione dei Presidenti dei Comuni del Cantone di Zurigo, l'organizzazione cantonale per la promozione dell'infanzia e della giovent\u00f9 okaj z\u00fcrich e RADIX lanciano il progetto \"Profil g - Prevenzione della violenza giovanile nel Comune\" in stretta collaborazione.<\/p>\n<p>\"Profile g\" inizier\u00e0 inizialmente con i tre comuni zurighesi di Henggart, Pf\u00e4ffikon e R\u00fcmlang. Questi tre comuni pilota hanno l'opportunit\u00e0 di ricevere un supporto professionale gratuito per la pianificazione e l'attuazione di misure di prevenzione della violenza. Il progetto ha una durata di tre anni. Nel frattempo, sono state effettuate analisi dei bisogni nelle tre comunit\u00e0. Sono state raccolte le valutazioni e le opinioni di persone chiave (con rappresentanti di club, scuole, commercio al dettaglio, gastronomia, lavoro con i giovani, dirigenti e amministrazione) da un lato e, esplicitamente, anche dei bambini e dei giovani. I comuni pilota stanno attualmente definendo le priorit\u00e0 e attuando le misure su questa base.<\/p>\n<p>Da tutte e tre le comunit\u00e0 pilota sono gi\u00e0 disponibili importanti risultati e scoperte, che vorremmo far conoscere a una cerchia pi\u00f9 ampia e discutere nell'ambito di un simposio.<\/p>\n<p>Il pubblico <a href=\"https:\/\/www.profil-g.ch\" target=\"_blank\" data-cke-saved-href=\"https:\/\/www.profil-g.ch\" rel=\"noopener\">Conferenza <\/a>si terr\u00e0 gioved\u00ec 14 aprile 2016 (dalle 9.00 alle 13.00) presso il Toni-Areal della ZHAW, Pfingstweidstrasse 96, 8037 Zurigo.<\/p>","protected":false},"excerpt":{"rendered":"<p>Gewalt, Vandalismus und Nutzungskonflikte im \u00f6ffentlichen Raum stellen viele Gemeinden vor grosse Herausforderungen, oft verbunden mit hohen Kosten. Der Erfolg von gut gemeinten Einzelaktionen ist meist begrenzt und aus Erfahrung nicht von langer Dauer.\u00a0Wirksame Gewaltpr\u00e4vention basiert auf einem bedarfsgerechten, koordinierten Massnahmenplan, der zu den Verh\u00e4ltnissen vor Ort passt, langfristig angelegt und politisch verankert ist. Der [&hellip;]<\/p>\n","protected":false},"author":1,"featured_media":2821,"comment_status":"open","ping_status":"open","sticky":false,"template":"","format":"standard","meta":{"_acf_changed":false,"pgc_sgb_lightbox_settings":"","footnotes":""},"categories":[1],"tags":[109],"class_list":["post-2820","post","type-post","status-publish","format-standard","has-post-thumbnail","hentry","category-allgemein","tag-aus-und-weiterbildung"],"acf":[],"hkrextid":null,"publication":null,"issue":null,"workflow":null,"startPage":null,"spitzmarke":null,"_posts_by_tag_page_fields":{"widget_title":"","widget_tags":""},"_at_widget":"1","_yoast_wpseo_primary_category":"","_yoast_wpseo_focuskw_text_input":"Gewaltpr\u00e4vention","_yoast_wpseo_opengraph-image":"https:\/\/news.save.ch\/wp-content\/uploads\/2016\/12\/Wirksame-Gewaltpr\u00e4vention_sicherheitsforum.jpg","_yoast_wpseo_opengraph-description":"Am 14. April findet eine \u00f6ffentliche Fachtagung statt zum Thema \"Die Gemeinden \u2013 ideale Plattform f\u00fcr wirksame Gewaltpr\u00e4vention. Erkenntnisse aus dem Projekt Profil g\".","_yoast_wpseo_opengraph-title":"Wirksame Gewaltpr\u00e4vention","enclosure":null,"_yoast_wpseo_twitter-title":null,"_yoast_wpseo_twitter-description":null,"_yoast_wpseo_twitter-image":null,"_wp_old_slug":null,"_yoast_wpseo_title":null,"_yoast_wpseo_canonical":null,"yoast_head":"<!-- This site is optimized with the Yoast SEO plugin v27.5 - https:\/\/yoast.com\/product\/yoast-seo-wordpress\/ -->\n<title>Wirksame Gewaltpr\u00e4vention - Save<\/title>\n<meta name=\"description\" content=\"Am 14. April findet eine \u00f6ffentliche Fachtagung statt zum Thema &quot;Die Gemeinden \u2013 ideale Plattform f\u00fcr wirksame Gewaltpr\u00e4vention.\" \/>\n<meta name=\"robots\" content=\"index, follow, max-snippet:-1, max-image-preview:large, max-video-preview:-1\" \/>\n<link rel=\"canonical\" href=\"https:\/\/news.save.ch\/it\/wirksame-gewaltpraevention\/\" \/>\n<meta property=\"og:locale\" content=\"it_IT\" \/>\n<meta property=\"og:type\" content=\"article\" \/>\n<meta property=\"og:title\" content=\"Wirksame Gewaltpr\u00e4vention\" \/>\n<meta property=\"og:description\" content=\"Am 14. April findet eine \u00f6ffentliche Fachtagung statt zum Thema &quot;Die Gemeinden \u2013 ideale Plattform f\u00fcr wirksame Gewaltpr\u00e4vention. Erkenntnisse aus dem Projekt Profil g&quot;.\" \/>\n<meta property=\"og:url\" content=\"https:\/\/news.save.ch\/it\/wirksame-gewaltpraevention\/\" \/>\n<meta property=\"og:site_name\" content=\"Save\" \/>\n<meta property=\"article:published_time\" content=\"2016-04-13T06:10:16+00:00\" \/>\n<meta property=\"og:image\" content=\"https:\/\/news.save.ch\/wp-content\/uploads\/2016\/12\/Wirksame-Gewaltpr\u00e4vention_sicherheitsforum.jpg\" \/>\n<meta name=\"author\" content=\"admin\" \/>\n<meta name=\"twitter:card\" content=\"summary_large_image\" \/>\n<meta name=\"twitter:label1\" content=\"Scritto da\" \/>\n\t<meta name=\"twitter:data1\" content=\"admin\" \/>\n\t<meta name=\"twitter:label2\" content=\"Tempo di lettura stimato\" \/>\n\t<meta name=\"twitter:data2\" content=\"1 minuto\" \/>\n<script type=\"application\/ld+json\" class=\"yoast-schema-graph\">{\"@context\":\"https:\\\/\\\/schema.org\",\"@graph\":[{\"@type\":\"Article\",\"@id\":\"https:\\\/\\\/news.save.ch\\\/wirksame-gewaltpraevention\\\/#article\",\"isPartOf\":{\"@id\":\"https:\\\/\\\/news.save.ch\\\/wirksame-gewaltpraevention\\\/\"},\"author\":{\"name\":\"admin\",\"@id\":\"https:\\\/\\\/news.save.ch\\\/de\\\/#\\\/schema\\\/person\\\/d49e199490bad7c70d64b9ab51142f2b\"},\"headline\":\"Wirksame Gewaltpr\u00e4vention\",\"datePublished\":\"2016-04-13T06:10:16+00:00\",\"mainEntityOfPage\":{\"@id\":\"https:\\\/\\\/news.save.ch\\\/wirksame-gewaltpraevention\\\/\"},\"wordCount\":236,\"commentCount\":0,\"publisher\":{\"@id\":\"https:\\\/\\\/news.save.ch\\\/de\\\/#organization\"},\"image\":{\"@id\":\"https:\\\/\\\/news.save.ch\\\/wirksame-gewaltpraevention\\\/#primaryimage\"},\"thumbnailUrl\":\"https:\\\/\\\/news.save.ch\\\/wp-content\\\/uploads\\\/2016\\\/12\\\/Wirksame-Gewaltpraevention_sicherheitsforum.jpg\",\"keywords\":[\"Aus- und Weiterbildung\"],\"articleSection\":[\"ALLGEMEIN\"],\"inLanguage\":\"it-IT\"},{\"@type\":\"WebPage\",\"@id\":\"https:\\\/\\\/news.save.ch\\\/wirksame-gewaltpraevention\\\/\",\"url\":\"https:\\\/\\\/news.save.ch\\\/wirksame-gewaltpraevention\\\/\",\"name\":\"Wirksame Gewaltpr\u00e4vention - Save\",\"isPartOf\":{\"@id\":\"https:\\\/\\\/news.save.ch\\\/de\\\/#website\"},\"primaryImageOfPage\":{\"@id\":\"https:\\\/\\\/news.save.ch\\\/wirksame-gewaltpraevention\\\/#primaryimage\"},\"image\":{\"@id\":\"https:\\\/\\\/news.save.ch\\\/wirksame-gewaltpraevention\\\/#primaryimage\"},\"thumbnailUrl\":\"https:\\\/\\\/news.save.ch\\\/wp-content\\\/uploads\\\/2016\\\/12\\\/Wirksame-Gewaltpraevention_sicherheitsforum.jpg\",\"datePublished\":\"2016-04-13T06:10:16+00:00\",\"description\":\"Am 14. April findet eine \u00f6ffentliche Fachtagung statt zum Thema \\\"Die Gemeinden \u2013 ideale Plattform f\u00fcr wirksame Gewaltpr\u00e4vention.\",\"breadcrumb\":{\"@id\":\"https:\\\/\\\/news.save.ch\\\/wirksame-gewaltpraevention\\\/#breadcrumb\"},\"inLanguage\":\"it-IT\",\"potentialAction\":[{\"@type\":\"ReadAction\",\"target\":[\"https:\\\/\\\/news.save.ch\\\/wirksame-gewaltpraevention\\\/\"]}]},{\"@type\":\"ImageObject\",\"inLanguage\":\"it-IT\",\"@id\":\"https:\\\/\\\/news.save.ch\\\/wirksame-gewaltpraevention\\\/#primaryimage\",\"url\":\"https:\\\/\\\/news.save.ch\\\/wp-content\\\/uploads\\\/2016\\\/12\\\/Wirksame-Gewaltpraevention_sicherheitsforum.jpg\",\"contentUrl\":\"https:\\\/\\\/news.save.ch\\\/wp-content\\\/uploads\\\/2016\\\/12\\\/Wirksame-Gewaltpraevention_sicherheitsforum.jpg\",\"width\":999,\"height\":791},{\"@type\":\"BreadcrumbList\",\"@id\":\"https:\\\/\\\/news.save.ch\\\/wirksame-gewaltpraevention\\\/#breadcrumb\",\"itemListElement\":[{\"@type\":\"ListItem\",\"position\":1,\"name\":\"Home\",\"item\":\"https:\\\/\\\/news.save.ch\\\/de\\\/\"},{\"@type\":\"ListItem\",\"position\":2,\"name\":\"Wirksame Gewaltpr\u00e4vention\"}]},{\"@type\":\"WebSite\",\"@id\":\"https:\\\/\\\/news.save.ch\\\/de\\\/#website\",\"url\":\"https:\\\/\\\/news.save.ch\\\/de\\\/\",\"name\":\"Save\",\"description\":\"Schweizer Fachzeitschrift f\u00fcr Sicherheit\",\"publisher\":{\"@id\":\"https:\\\/\\\/news.save.ch\\\/de\\\/#organization\"},\"potentialAction\":[{\"@type\":\"SearchAction\",\"target\":{\"@type\":\"EntryPoint\",\"urlTemplate\":\"https:\\\/\\\/news.save.ch\\\/de\\\/?s={search_term_string}\"},\"query-input\":{\"@type\":\"PropertyValueSpecification\",\"valueRequired\":true,\"valueName\":\"search_term_string\"}}],\"inLanguage\":\"it-IT\"},{\"@type\":\"Organization\",\"@id\":\"https:\\\/\\\/news.save.ch\\\/de\\\/#organization\",\"name\":\"Sicherheitsforum\",\"url\":\"https:\\\/\\\/news.save.ch\\\/de\\\/\",\"logo\":{\"@type\":\"ImageObject\",\"inLanguage\":\"it-IT\",\"@id\":\"https:\\\/\\\/news.save.ch\\\/de\\\/#\\\/schema\\\/logo\\\/image\\\/\",\"url\":\"https:\\\/\\\/news.save.ch\\\/wp-content\\\/uploads\\\/2022\\\/06\\\/Logo_SF_2012.png\",\"contentUrl\":\"https:\\\/\\\/news.save.ch\\\/wp-content\\\/uploads\\\/2022\\\/06\\\/Logo_SF_2012.png\",\"width\":1100,\"height\":91,\"caption\":\"Sicherheitsforum\"},\"image\":{\"@id\":\"https:\\\/\\\/news.save.ch\\\/de\\\/#\\\/schema\\\/logo\\\/image\\\/\"}},{\"@type\":\"Person\",\"@id\":\"https:\\\/\\\/news.save.ch\\\/de\\\/#\\\/schema\\\/person\\\/d49e199490bad7c70d64b9ab51142f2b\",\"name\":\"admin\",\"image\":{\"@type\":\"ImageObject\",\"inLanguage\":\"it-IT\",\"@id\":\"https:\\\/\\\/secure.gravatar.com\\\/avatar\\\/ae2f4d718e6c49043e314ce431e7e645d646302a24a5ef5a8bc8e3f5a032e319?s=96&d=mm&r=g\",\"url\":\"https:\\\/\\\/secure.gravatar.com\\\/avatar\\\/ae2f4d718e6c49043e314ce431e7e645d646302a24a5ef5a8bc8e3f5a032e319?s=96&d=mm&r=g\",\"contentUrl\":\"https:\\\/\\\/secure.gravatar.com\\\/avatar\\\/ae2f4d718e6c49043e314ce431e7e645d646302a24a5ef5a8bc8e3f5a032e319?s=96&d=mm&r=g\",\"caption\":\"admin\"},\"sameAs\":[\"https:\\\/\\\/develop.organisator.galledia.ch\"],\"url\":\"https:\\\/\\\/news.save.ch\\\/it\\\/author\\\/admin\\\/\"}]}<\/script>\n<!-- \/ Yoast SEO plugin. -->","yoast_head_json":{"title":"Prevenzione efficace della violenza - Save","description":"Il 14 aprile si terr\u00e0 un simposio pubblico sul tema \"I comuni - piattaforma ideale per un'efficace prevenzione della violenza\".","robots":{"index":"index","follow":"follow","max-snippet":"max-snippet:-1","max-image-preview":"max-image-preview:large","max-video-preview":"max-video-preview:-1"},"canonical":"https:\/\/news.save.ch\/it\/wirksame-gewaltpraevention\/","og_locale":"it_IT","og_type":"article","og_title":"Wirksame Gewaltpr\u00e4vention","og_description":"Am 14. April findet eine \u00f6ffentliche Fachtagung statt zum Thema \"Die Gemeinden \u2013 ideale Plattform f\u00fcr wirksame Gewaltpr\u00e4vention. Erkenntnisse aus dem Projekt Profil g\".","og_url":"https:\/\/news.save.ch\/it\/wirksame-gewaltpraevention\/","og_site_name":"Save","article_published_time":"2016-04-13T06:10:16+00:00","og_image":[{"url":"https:\/\/news.save.ch\/wp-content\/uploads\/2016\/12\/Wirksame-Gewaltpr\u00e4vention_sicherheitsforum.jpg","type":"","width":"","height":""}],"author":"admin","twitter_card":"summary_large_image","twitter_misc":{"Scritto da":"admin","Tempo di lettura stimato":"1 minuto"},"schema":{"@context":"https:\/\/schema.org","@graph":[{"@type":"Article","@id":"https:\/\/news.save.ch\/wirksame-gewaltpraevention\/#article","isPartOf":{"@id":"https:\/\/news.save.ch\/wirksame-gewaltpraevention\/"},"author":{"name":"admin","@id":"https:\/\/news.save.ch\/de\/#\/schema\/person\/d49e199490bad7c70d64b9ab51142f2b"},"headline":"Wirksame Gewaltpr\u00e4vention","datePublished":"2016-04-13T06:10:16+00:00","mainEntityOfPage":{"@id":"https:\/\/news.save.ch\/wirksame-gewaltpraevention\/"},"wordCount":236,"commentCount":0,"publisher":{"@id":"https:\/\/news.save.ch\/de\/#organization"},"image":{"@id":"https:\/\/news.save.ch\/wirksame-gewaltpraevention\/#primaryimage"},"thumbnailUrl":"https:\/\/news.save.ch\/wp-content\/uploads\/2016\/12\/Wirksame-Gewaltpraevention_sicherheitsforum.jpg","keywords":["Aus- und Weiterbildung"],"articleSection":["ALLGEMEIN"],"inLanguage":"it-IT"},{"@type":"WebPage","@id":"https:\/\/news.save.ch\/wirksame-gewaltpraevention\/","url":"https:\/\/news.save.ch\/wirksame-gewaltpraevention\/","name":"Prevenzione efficace della violenza - Save","isPartOf":{"@id":"https:\/\/news.save.ch\/de\/#website"},"primaryImageOfPage":{"@id":"https:\/\/news.save.ch\/wirksame-gewaltpraevention\/#primaryimage"},"image":{"@id":"https:\/\/news.save.ch\/wirksame-gewaltpraevention\/#primaryimage"},"thumbnailUrl":"https:\/\/news.save.ch\/wp-content\/uploads\/2016\/12\/Wirksame-Gewaltpraevention_sicherheitsforum.jpg","datePublished":"2016-04-13T06:10:16+00:00","description":"Il 14 aprile si terr\u00e0 un simposio pubblico sul tema \"I comuni - piattaforma ideale per un'efficace prevenzione della violenza\".","breadcrumb":{"@id":"https:\/\/news.save.ch\/wirksame-gewaltpraevention\/#breadcrumb"},"inLanguage":"it-IT","potentialAction":[{"@type":"ReadAction","target":["https:\/\/news.save.ch\/wirksame-gewaltpraevention\/"]}]},{"@type":"ImageObject","inLanguage":"it-IT","@id":"https:\/\/news.save.ch\/wirksame-gewaltpraevention\/#primaryimage","url":"https:\/\/news.save.ch\/wp-content\/uploads\/2016\/12\/Wirksame-Gewaltpraevention_sicherheitsforum.jpg","contentUrl":"https:\/\/news.save.ch\/wp-content\/uploads\/2016\/12\/Wirksame-Gewaltpraevention_sicherheitsforum.jpg","width":999,"height":791},{"@type":"BreadcrumbList","@id":"https:\/\/news.save.ch\/wirksame-gewaltpraevention\/#breadcrumb","itemListElement":[{"@type":"ListItem","position":1,"name":"Home","item":"https:\/\/news.save.ch\/de\/"},{"@type":"ListItem","position":2,"name":"Wirksame Gewaltpr\u00e4vention"}]},{"@type":"WebSite","@id":"https:\/\/news.save.ch\/de\/#website","url":"https:\/\/news.save.ch\/de\/","name":"Risparmiare","description":"Rivista svizzera specializzata in sicurezza","publisher":{"@id":"https:\/\/news.save.ch\/de\/#organization"},"potentialAction":[{"@type":"SearchAction","target":{"@type":"EntryPoint","urlTemplate":"https:\/\/news.save.ch\/de\/?s={search_term_string}"},"query-input":{"@type":"PropertyValueSpecification","valueRequired":true,"valueName":"search_term_string"}}],"inLanguage":"it-IT"},{"@type":"Organization","@id":"https:\/\/news.save.ch\/de\/#organization","name":"Forum sulla sicurezza","url":"https:\/\/news.save.ch\/de\/","logo":{"@type":"ImageObject","inLanguage":"it-IT","@id":"https:\/\/news.save.ch\/de\/#\/schema\/logo\/image\/","url":"https:\/\/news.save.ch\/wp-content\/uploads\/2022\/06\/Logo_SF_2012.png","contentUrl":"https:\/\/news.save.ch\/wp-content\/uploads\/2022\/06\/Logo_SF_2012.png","width":1100,"height":91,"caption":"Sicherheitsforum"},"image":{"@id":"https:\/\/news.save.ch\/de\/#\/schema\/logo\/image\/"}},{"@type":"Person","@id":"https:\/\/news.save.ch\/de\/#\/schema\/person\/d49e199490bad7c70d64b9ab51142f2b","name":"amministratore","image":{"@type":"ImageObject","inLanguage":"it-IT","@id":"https:\/\/secure.gravatar.com\/avatar\/ae2f4d718e6c49043e314ce431e7e645d646302a24a5ef5a8bc8e3f5a032e319?s=96&d=mm&r=g","url":"https:\/\/secure.gravatar.com\/avatar\/ae2f4d718e6c49043e314ce431e7e645d646302a24a5ef5a8bc8e3f5a032e319?s=96&d=mm&r=g","contentUrl":"https:\/\/secure.gravatar.com\/avatar\/ae2f4d718e6c49043e314ce431e7e645d646302a24a5ef5a8bc8e3f5a032e319?s=96&d=mm&r=g","caption":"admin"},"sameAs":["https:\/\/develop.organisator.galledia.ch"],"url":"https:\/\/news.save.ch\/it\/author\/admin\/"}]}},"_links":{"self":[{"href":"https:\/\/news.save.ch\/it\/wp-json\/wp\/v2\/posts\/2820","targetHints":{"allow":["GET"]}}],"collection":[{"href":"https:\/\/news.save.ch\/it\/wp-json\/wp\/v2\/posts"}],"about":[{"href":"https:\/\/news.save.ch\/it\/wp-json\/wp\/v2\/types\/post"}],"author":[{"embeddable":true,"href":"https:\/\/news.save.ch\/it\/wp-json\/wp\/v2\/users\/1"}],"replies":[{"embeddable":true,"href":"https:\/\/news.save.ch\/it\/wp-json\/wp\/v2\/comments?post=2820"}],"version-history":[{"count":0,"href":"https:\/\/news.save.ch\/it\/wp-json\/wp\/v2\/posts\/2820\/revisions"}],"wp:featuredmedia":[{"embeddable":true,"href":"https:\/\/news.save.ch\/it\/wp-json\/wp\/v2\/media\/2821"}],"wp:attachment":[{"href":"https:\/\/news.save.ch\/it\/wp-json\/wp\/v2\/media?parent=2820"}],"wp:term":[{"taxonomy":"category","embeddable":true,"href":"https:\/\/news.save.ch\/it\/wp-json\/wp\/v2\/categories?post=2820"},{"taxonomy":"post_tag","embeddable":true,"href":"https:\/\/news.save.ch\/it\/wp-json\/wp\/v2\/tags?post=2820"}],"curies":[{"name":"wp","href":"https:\/\/api.w.org\/{rel}","templated":true}]}}