{"id":2834,"date":"2016-04-07T08:18:04","date_gmt":"2016-04-07T06:18:04","guid":{"rendered":"https:\/\/dev.sicherheitsforum.ch\/?p=2834"},"modified":"2016-04-07T08:18:04","modified_gmt":"2016-04-07T06:18:04","slug":"hikvision-eroeffnet-neue-europazentrale","status":null,"type":"post","link":"https:\/\/news.save.ch\/it\/hikvision-eroeffnet-neue-europazentrale\/","title":{"rendered":"Hikvision apre la nuova sede europea"},"content":{"rendered":"<figure id=\"attachment_2835\" aria-describedby=\"caption-attachment-2835\" style=\"width: 680px\" class=\"wp-caption alignnone\"><img loading=\"lazy\" decoding=\"async\" class=\"size-medium wp-image-2835\" src=\"https:\/\/news.save.ch\/wp-content\/uploads\/2016\/12\/Hikvision-eroeffnet-neue-Europazentrale_sicherheitsforum-scaled-1.jpg\" alt=\"\" width=\"680\" height=\"510\" \/><figcaption id=\"caption-attachment-2835\" class=\"wp-caption-text\">La nuova sede europea.<\/figcaption><\/figure>\n<p>La nuova sede europea segna l'inizio di una nuova era per l'azienda, fondata nel 2009. <a href=\"https:\/\/www.hikvision.com\" target=\"_blank\" data-cke-saved-href=\"https:\/\/www.hikvision.com\" rel=\"noopener\">Hikvision <\/a>Europa. Derek Yang, Direttore Generale, ha dichiarato: \"L'apertura della nostra nuova sede europea e del nostro centro logistico \u00e8 il culmine di sei anni di successi in cui le cifre annuali hanno mostrato una crescita continua di oltre 50%. Pertanto, la necessit\u00e0 di maggiori spazi per uffici e magazzini \u00e8 diventata sempre pi\u00f9 evidente\".<\/p>\n<p>Mark Beumer, Vice Presidente Operations di Hikvision Europe, \u00e8 soddisfatto dello showroom di 500 m2. Ci\u00f2 consentir\u00e0 loro di presentare in qualsiasi momento ai clienti europei le soluzioni di prodotto pi\u00f9 recenti e complete. \"Con un totale di 2000 m2, lo spazio per gli uffici soddisfa tutti i requisiti per un'attivit\u00e0 commerciale efficiente, compresi i servizi di formazione e assistenza per clienti e partner. Questo ci permette di servire meglio il mercato locale\", afferma Beumer.<\/p>\n<p>Hikvision Europe opera in 18 paesi con oltre 200 dipendenti e cinque filiali locali in Italia, Francia, Spagna, Regno Unito e Polonia.<\/p>","protected":false},"excerpt":{"rendered":"<p>Die neue Europazentrale markiere den Beginn einer neuen \u00c4ra f\u00fcr die im Jahr 2009 gegr\u00fcndete Hikvision Europe. Derek Yang, General Manager, meinte: \u201eDie Er\u00f6ffnung unseres neuen europ\u00e4ischen Hauptsitzes und Logistikzentrums ist die Kr\u00f6nung nach sechs erfolgreichen Jahren, in denen die Jahreszahlen ein kontinuierliches Wachstum von mehr als 50% aufzeigten. Deshalb wurde die Notwendigkeit f\u00fcr mehr [&hellip;]<\/p>\n","protected":false},"author":1,"featured_media":2835,"comment_status":"open","ping_status":"open","sticky":false,"template":"","format":"standard","meta":{"_acf_changed":false,"pgc_sgb_lightbox_settings":"","footnotes":""},"categories":[1],"tags":[65,78],"class_list":["post-2834","post","type-post","status-publish","format-standard","has-post-thumbnail","hentry","category-allgemein","tag-unternehmen","tag-videoueberwachung"],"acf":[],"hkrextid":null,"publication":null,"issue":null,"workflow":null,"startPage":null,"spitzmarke":null,"_posts_by_tag_page_fields":{"widget_title":"","widget_tags":""},"_at_widget":"1","_yoast_wpseo_primary_category":"","_yoast_wpseo_focuskw_text_input":"Neue Europazentrale","_yoast_wpseo_opengraph-image":"https:\/\/news.save.ch\/wp-content\/uploads\/2016\/12\/Hikvision-er\u00f6ffnet-neue-Europazentrale_sicherheitsforum.jpg","_yoast_wpseo_opengraph-description":"Die im Bereich Video\u00fcberwachung t\u00e4tige Hikvision hat einen neuen europ\u00e4ischen Hauptsitz und ein Logistikzentrum im niederl\u00e4ndischen Hoofddorp er\u00f6ffnet.","_yoast_wpseo_opengraph-title":"Hikvision er\u00f6ffnet neue Europazentrale","enclosure":null,"_yoast_wpseo_twitter-title":null,"_yoast_wpseo_twitter-description":null,"_yoast_wpseo_twitter-image":null,"_wp_old_slug":null,"_yoast_wpseo_title":null,"_yoast_wpseo_canonical":null,"yoast_head":"<!-- This site is optimized with the Yoast SEO plugin v27.5 - https:\/\/yoast.com\/product\/yoast-seo-wordpress\/ -->\n<title>Hikvision er\u00f6ffnet neue Europazentrale - Save<\/title>\n<meta name=\"description\" content=\"Die im Bereich Video\u00fcberwachung t\u00e4tige Hikvision hat eine neue Europazentrale und ein Logistikzentrum im niederl\u00e4ndischen Hoofddorp er\u00f6ffnet.\" \/>\n<meta name=\"robots\" content=\"index, follow, max-snippet:-1, max-image-preview:large, max-video-preview:-1\" \/>\n<link rel=\"canonical\" href=\"https:\/\/news.save.ch\/it\/hikvision-eroeffnet-neue-europazentrale\/\" \/>\n<meta property=\"og:locale\" content=\"it_IT\" \/>\n<meta property=\"og:type\" content=\"article\" \/>\n<meta property=\"og:title\" content=\"Hikvision er\u00f6ffnet neue Europazentrale\" \/>\n<meta property=\"og:description\" content=\"Die im Bereich Video\u00fcberwachung t\u00e4tige Hikvision hat einen neuen europ\u00e4ischen Hauptsitz und ein Logistikzentrum im niederl\u00e4ndischen Hoofddorp er\u00f6ffnet.\" \/>\n<meta property=\"og:url\" content=\"https:\/\/news.save.ch\/it\/hikvision-eroeffnet-neue-europazentrale\/\" \/>\n<meta property=\"og:site_name\" content=\"Save\" \/>\n<meta property=\"article:published_time\" content=\"2016-04-07T06:18:04+00:00\" \/>\n<meta property=\"og:image\" content=\"https:\/\/news.save.ch\/wp-content\/uploads\/2016\/12\/Hikvision-er\u00f6ffnet-neue-Europazentrale_sicherheitsforum.jpg\" \/>\n<meta name=\"author\" content=\"admin\" \/>\n<meta name=\"twitter:card\" content=\"summary_large_image\" \/>\n<meta name=\"twitter:label1\" content=\"Scritto da\" \/>\n\t<meta name=\"twitter:data1\" content=\"admin\" \/>\n\t<meta name=\"twitter:label2\" content=\"Tempo di lettura stimato\" \/>\n\t<meta name=\"twitter:data2\" content=\"1 minuto\" \/>\n<script type=\"application\/ld+json\" class=\"yoast-schema-graph\">{\"@context\":\"https:\\\/\\\/schema.org\",\"@graph\":[{\"@type\":\"Article\",\"@id\":\"https:\\\/\\\/news.save.ch\\\/hikvision-eroeffnet-neue-europazentrale\\\/#article\",\"isPartOf\":{\"@id\":\"https:\\\/\\\/news.save.ch\\\/hikvision-eroeffnet-neue-europazentrale\\\/\"},\"author\":{\"name\":\"admin\",\"@id\":\"https:\\\/\\\/news.save.ch\\\/de\\\/#\\\/schema\\\/person\\\/d49e199490bad7c70d64b9ab51142f2b\"},\"headline\":\"Hikvision er\u00f6ffnet neue Europazentrale\",\"datePublished\":\"2016-04-07T06:18:04+00:00\",\"mainEntityOfPage\":{\"@id\":\"https:\\\/\\\/news.save.ch\\\/hikvision-eroeffnet-neue-europazentrale\\\/\"},\"wordCount\":178,\"commentCount\":0,\"publisher\":{\"@id\":\"https:\\\/\\\/news.save.ch\\\/de\\\/#organization\"},\"image\":{\"@id\":\"https:\\\/\\\/news.save.ch\\\/hikvision-eroeffnet-neue-europazentrale\\\/#primaryimage\"},\"thumbnailUrl\":\"https:\\\/\\\/news.save.ch\\\/wp-content\\\/uploads\\\/2016\\\/12\\\/Hikvision-eroeffnet-neue-Europazentrale_sicherheitsforum-scaled-1-scaled.jpg\",\"keywords\":[\"Unternehmen\",\"Video\u00fcberwachung\"],\"articleSection\":[\"ALLGEMEIN\"],\"inLanguage\":\"it-IT\"},{\"@type\":\"WebPage\",\"@id\":\"https:\\\/\\\/news.save.ch\\\/hikvision-eroeffnet-neue-europazentrale\\\/\",\"url\":\"https:\\\/\\\/news.save.ch\\\/hikvision-eroeffnet-neue-europazentrale\\\/\",\"name\":\"Hikvision er\u00f6ffnet neue Europazentrale - Save\",\"isPartOf\":{\"@id\":\"https:\\\/\\\/news.save.ch\\\/de\\\/#website\"},\"primaryImageOfPage\":{\"@id\":\"https:\\\/\\\/news.save.ch\\\/hikvision-eroeffnet-neue-europazentrale\\\/#primaryimage\"},\"image\":{\"@id\":\"https:\\\/\\\/news.save.ch\\\/hikvision-eroeffnet-neue-europazentrale\\\/#primaryimage\"},\"thumbnailUrl\":\"https:\\\/\\\/news.save.ch\\\/wp-content\\\/uploads\\\/2016\\\/12\\\/Hikvision-eroeffnet-neue-Europazentrale_sicherheitsforum-scaled-1-scaled.jpg\",\"datePublished\":\"2016-04-07T06:18:04+00:00\",\"description\":\"Die im Bereich Video\u00fcberwachung t\u00e4tige Hikvision hat eine neue Europazentrale und ein Logistikzentrum im niederl\u00e4ndischen Hoofddorp er\u00f6ffnet.\",\"breadcrumb\":{\"@id\":\"https:\\\/\\\/news.save.ch\\\/hikvision-eroeffnet-neue-europazentrale\\\/#breadcrumb\"},\"inLanguage\":\"it-IT\",\"potentialAction\":[{\"@type\":\"ReadAction\",\"target\":[\"https:\\\/\\\/news.save.ch\\\/hikvision-eroeffnet-neue-europazentrale\\\/\"]}]},{\"@type\":\"ImageObject\",\"inLanguage\":\"it-IT\",\"@id\":\"https:\\\/\\\/news.save.ch\\\/hikvision-eroeffnet-neue-europazentrale\\\/#primaryimage\",\"url\":\"https:\\\/\\\/news.save.ch\\\/wp-content\\\/uploads\\\/2016\\\/12\\\/Hikvision-eroeffnet-neue-Europazentrale_sicherheitsforum-scaled-1-scaled.jpg\",\"contentUrl\":\"https:\\\/\\\/news.save.ch\\\/wp-content\\\/uploads\\\/2016\\\/12\\\/Hikvision-eroeffnet-neue-Europazentrale_sicherheitsforum-scaled-1-scaled.jpg\",\"width\":1400,\"height\":1050,\"caption\":\"Die neue Europazentrale.\"},{\"@type\":\"BreadcrumbList\",\"@id\":\"https:\\\/\\\/news.save.ch\\\/hikvision-eroeffnet-neue-europazentrale\\\/#breadcrumb\",\"itemListElement\":[{\"@type\":\"ListItem\",\"position\":1,\"name\":\"Home\",\"item\":\"https:\\\/\\\/news.save.ch\\\/de\\\/\"},{\"@type\":\"ListItem\",\"position\":2,\"name\":\"Hikvision er\u00f6ffnet neue Europazentrale\"}]},{\"@type\":\"WebSite\",\"@id\":\"https:\\\/\\\/news.save.ch\\\/de\\\/#website\",\"url\":\"https:\\\/\\\/news.save.ch\\\/de\\\/\",\"name\":\"Save\",\"description\":\"Schweizer Fachzeitschrift f\u00fcr Sicherheit\",\"publisher\":{\"@id\":\"https:\\\/\\\/news.save.ch\\\/de\\\/#organization\"},\"potentialAction\":[{\"@type\":\"SearchAction\",\"target\":{\"@type\":\"EntryPoint\",\"urlTemplate\":\"https:\\\/\\\/news.save.ch\\\/de\\\/?s={search_term_string}\"},\"query-input\":{\"@type\":\"PropertyValueSpecification\",\"valueRequired\":true,\"valueName\":\"search_term_string\"}}],\"inLanguage\":\"it-IT\"},{\"@type\":\"Organization\",\"@id\":\"https:\\\/\\\/news.save.ch\\\/de\\\/#organization\",\"name\":\"Sicherheitsforum\",\"url\":\"https:\\\/\\\/news.save.ch\\\/de\\\/\",\"logo\":{\"@type\":\"ImageObject\",\"inLanguage\":\"it-IT\",\"@id\":\"https:\\\/\\\/news.save.ch\\\/de\\\/#\\\/schema\\\/logo\\\/image\\\/\",\"url\":\"https:\\\/\\\/news.save.ch\\\/wp-content\\\/uploads\\\/2022\\\/06\\\/Logo_SF_2012.png\",\"contentUrl\":\"https:\\\/\\\/news.save.ch\\\/wp-content\\\/uploads\\\/2022\\\/06\\\/Logo_SF_2012.png\",\"width\":1100,\"height\":91,\"caption\":\"Sicherheitsforum\"},\"image\":{\"@id\":\"https:\\\/\\\/news.save.ch\\\/de\\\/#\\\/schema\\\/logo\\\/image\\\/\"}},{\"@type\":\"Person\",\"@id\":\"https:\\\/\\\/news.save.ch\\\/de\\\/#\\\/schema\\\/person\\\/d49e199490bad7c70d64b9ab51142f2b\",\"name\":\"admin\",\"image\":{\"@type\":\"ImageObject\",\"inLanguage\":\"it-IT\",\"@id\":\"https:\\\/\\\/secure.gravatar.com\\\/avatar\\\/ae2f4d718e6c49043e314ce431e7e645d646302a24a5ef5a8bc8e3f5a032e319?s=96&d=mm&r=g\",\"url\":\"https:\\\/\\\/secure.gravatar.com\\\/avatar\\\/ae2f4d718e6c49043e314ce431e7e645d646302a24a5ef5a8bc8e3f5a032e319?s=96&d=mm&r=g\",\"contentUrl\":\"https:\\\/\\\/secure.gravatar.com\\\/avatar\\\/ae2f4d718e6c49043e314ce431e7e645d646302a24a5ef5a8bc8e3f5a032e319?s=96&d=mm&r=g\",\"caption\":\"admin\"},\"sameAs\":[\"https:\\\/\\\/develop.organisator.galledia.ch\"],\"url\":\"https:\\\/\\\/news.save.ch\\\/it\\\/author\\\/admin\\\/\"}]}<\/script>\n<!-- \/ Yoast SEO plugin. -->","yoast_head_json":{"title":"Hikvision apre la nuova sede europea - Save","description":"L'azienda di videosorveglianza Hikvision ha aperto una nuova sede europea e un centro logistico a Hoofddorp, nei Paesi Bassi.","robots":{"index":"index","follow":"follow","max-snippet":"max-snippet:-1","max-image-preview":"max-image-preview:large","max-video-preview":"max-video-preview:-1"},"canonical":"https:\/\/news.save.ch\/it\/hikvision-eroeffnet-neue-europazentrale\/","og_locale":"it_IT","og_type":"article","og_title":"Hikvision er\u00f6ffnet neue Europazentrale","og_description":"Die im Bereich Video\u00fcberwachung t\u00e4tige Hikvision hat einen neuen europ\u00e4ischen Hauptsitz und ein Logistikzentrum im niederl\u00e4ndischen Hoofddorp er\u00f6ffnet.","og_url":"https:\/\/news.save.ch\/it\/hikvision-eroeffnet-neue-europazentrale\/","og_site_name":"Save","article_published_time":"2016-04-07T06:18:04+00:00","og_image":[{"url":"https:\/\/news.save.ch\/wp-content\/uploads\/2016\/12\/Hikvision-er\u00f6ffnet-neue-Europazentrale_sicherheitsforum.jpg","type":"","width":"","height":""}],"author":"admin","twitter_card":"summary_large_image","twitter_misc":{"Scritto da":"admin","Tempo di lettura stimato":"1 minuto"},"schema":{"@context":"https:\/\/schema.org","@graph":[{"@type":"Article","@id":"https:\/\/news.save.ch\/hikvision-eroeffnet-neue-europazentrale\/#article","isPartOf":{"@id":"https:\/\/news.save.ch\/hikvision-eroeffnet-neue-europazentrale\/"},"author":{"name":"admin","@id":"https:\/\/news.save.ch\/de\/#\/schema\/person\/d49e199490bad7c70d64b9ab51142f2b"},"headline":"Hikvision er\u00f6ffnet neue Europazentrale","datePublished":"2016-04-07T06:18:04+00:00","mainEntityOfPage":{"@id":"https:\/\/news.save.ch\/hikvision-eroeffnet-neue-europazentrale\/"},"wordCount":178,"commentCount":0,"publisher":{"@id":"https:\/\/news.save.ch\/de\/#organization"},"image":{"@id":"https:\/\/news.save.ch\/hikvision-eroeffnet-neue-europazentrale\/#primaryimage"},"thumbnailUrl":"https:\/\/news.save.ch\/wp-content\/uploads\/2016\/12\/Hikvision-eroeffnet-neue-Europazentrale_sicherheitsforum-scaled-1-scaled.jpg","keywords":["Unternehmen","Video\u00fcberwachung"],"articleSection":["ALLGEMEIN"],"inLanguage":"it-IT"},{"@type":"WebPage","@id":"https:\/\/news.save.ch\/hikvision-eroeffnet-neue-europazentrale\/","url":"https:\/\/news.save.ch\/hikvision-eroeffnet-neue-europazentrale\/","name":"Hikvision apre la nuova sede europea - Save","isPartOf":{"@id":"https:\/\/news.save.ch\/de\/#website"},"primaryImageOfPage":{"@id":"https:\/\/news.save.ch\/hikvision-eroeffnet-neue-europazentrale\/#primaryimage"},"image":{"@id":"https:\/\/news.save.ch\/hikvision-eroeffnet-neue-europazentrale\/#primaryimage"},"thumbnailUrl":"https:\/\/news.save.ch\/wp-content\/uploads\/2016\/12\/Hikvision-eroeffnet-neue-Europazentrale_sicherheitsforum-scaled-1-scaled.jpg","datePublished":"2016-04-07T06:18:04+00:00","description":"L'azienda di videosorveglianza Hikvision ha aperto una nuova sede europea e un centro logistico a Hoofddorp, nei Paesi Bassi.","breadcrumb":{"@id":"https:\/\/news.save.ch\/hikvision-eroeffnet-neue-europazentrale\/#breadcrumb"},"inLanguage":"it-IT","potentialAction":[{"@type":"ReadAction","target":["https:\/\/news.save.ch\/hikvision-eroeffnet-neue-europazentrale\/"]}]},{"@type":"ImageObject","inLanguage":"it-IT","@id":"https:\/\/news.save.ch\/hikvision-eroeffnet-neue-europazentrale\/#primaryimage","url":"https:\/\/news.save.ch\/wp-content\/uploads\/2016\/12\/Hikvision-eroeffnet-neue-Europazentrale_sicherheitsforum-scaled-1-scaled.jpg","contentUrl":"https:\/\/news.save.ch\/wp-content\/uploads\/2016\/12\/Hikvision-eroeffnet-neue-Europazentrale_sicherheitsforum-scaled-1-scaled.jpg","width":1400,"height":1050,"caption":"Die neue Europazentrale."},{"@type":"BreadcrumbList","@id":"https:\/\/news.save.ch\/hikvision-eroeffnet-neue-europazentrale\/#breadcrumb","itemListElement":[{"@type":"ListItem","position":1,"name":"Home","item":"https:\/\/news.save.ch\/de\/"},{"@type":"ListItem","position":2,"name":"Hikvision er\u00f6ffnet neue Europazentrale"}]},{"@type":"WebSite","@id":"https:\/\/news.save.ch\/de\/#website","url":"https:\/\/news.save.ch\/de\/","name":"Risparmiare","description":"Rivista svizzera specializzata in sicurezza","publisher":{"@id":"https:\/\/news.save.ch\/de\/#organization"},"potentialAction":[{"@type":"SearchAction","target":{"@type":"EntryPoint","urlTemplate":"https:\/\/news.save.ch\/de\/?s={search_term_string}"},"query-input":{"@type":"PropertyValueSpecification","valueRequired":true,"valueName":"search_term_string"}}],"inLanguage":"it-IT"},{"@type":"Organization","@id":"https:\/\/news.save.ch\/de\/#organization","name":"Forum sulla sicurezza","url":"https:\/\/news.save.ch\/de\/","logo":{"@type":"ImageObject","inLanguage":"it-IT","@id":"https:\/\/news.save.ch\/de\/#\/schema\/logo\/image\/","url":"https:\/\/news.save.ch\/wp-content\/uploads\/2022\/06\/Logo_SF_2012.png","contentUrl":"https:\/\/news.save.ch\/wp-content\/uploads\/2022\/06\/Logo_SF_2012.png","width":1100,"height":91,"caption":"Sicherheitsforum"},"image":{"@id":"https:\/\/news.save.ch\/de\/#\/schema\/logo\/image\/"}},{"@type":"Person","@id":"https:\/\/news.save.ch\/de\/#\/schema\/person\/d49e199490bad7c70d64b9ab51142f2b","name":"amministratore","image":{"@type":"ImageObject","inLanguage":"it-IT","@id":"https:\/\/secure.gravatar.com\/avatar\/ae2f4d718e6c49043e314ce431e7e645d646302a24a5ef5a8bc8e3f5a032e319?s=96&d=mm&r=g","url":"https:\/\/secure.gravatar.com\/avatar\/ae2f4d718e6c49043e314ce431e7e645d646302a24a5ef5a8bc8e3f5a032e319?s=96&d=mm&r=g","contentUrl":"https:\/\/secure.gravatar.com\/avatar\/ae2f4d718e6c49043e314ce431e7e645d646302a24a5ef5a8bc8e3f5a032e319?s=96&d=mm&r=g","caption":"admin"},"sameAs":["https:\/\/develop.organisator.galledia.ch"],"url":"https:\/\/news.save.ch\/it\/author\/admin\/"}]}},"_links":{"self":[{"href":"https:\/\/news.save.ch\/it\/wp-json\/wp\/v2\/posts\/2834","targetHints":{"allow":["GET"]}}],"collection":[{"href":"https:\/\/news.save.ch\/it\/wp-json\/wp\/v2\/posts"}],"about":[{"href":"https:\/\/news.save.ch\/it\/wp-json\/wp\/v2\/types\/post"}],"author":[{"embeddable":true,"href":"https:\/\/news.save.ch\/it\/wp-json\/wp\/v2\/users\/1"}],"replies":[{"embeddable":true,"href":"https:\/\/news.save.ch\/it\/wp-json\/wp\/v2\/comments?post=2834"}],"version-history":[{"count":0,"href":"https:\/\/news.save.ch\/it\/wp-json\/wp\/v2\/posts\/2834\/revisions"}],"wp:featuredmedia":[{"embeddable":true,"href":"https:\/\/news.save.ch\/it\/wp-json\/wp\/v2\/media\/2835"}],"wp:attachment":[{"href":"https:\/\/news.save.ch\/it\/wp-json\/wp\/v2\/media?parent=2834"}],"wp:term":[{"taxonomy":"category","embeddable":true,"href":"https:\/\/news.save.ch\/it\/wp-json\/wp\/v2\/categories?post=2834"},{"taxonomy":"post_tag","embeddable":true,"href":"https:\/\/news.save.ch\/it\/wp-json\/wp\/v2\/tags?post=2834"}],"curies":[{"name":"wp","href":"https:\/\/api.w.org\/{rel}","templated":true}]}}