{"id":2900,"date":"2015-07-24T09:15:28","date_gmt":"2015-07-24T07:15:28","guid":{"rendered":"https:\/\/dev.sicherheitsforum.ch\/?p=2900"},"modified":"2015-07-24T09:15:28","modified_gmt":"2015-07-24T07:15:28","slug":"brandschutznorm-en-16034-verabschiedet","status":null,"type":"post","link":"https:\/\/news.save.ch\/it\/brandschutznorm-en-16034-verabschiedet\/","title":{"rendered":"\"Standard di protezione antincendio\" EN 16034 adottato"},"content":{"rendered":"<figure id=\"attachment_2901\" aria-describedby=\"caption-attachment-2901\" style=\"width: 680px\" class=\"wp-caption alignnone\"><img loading=\"lazy\" decoding=\"async\" class=\"size-medium wp-image-2901\" src=\"https:\/\/news.save.ch\/wp-content\/uploads\/2016\/12\/\u201eBrandschutznorm-EN-16034-verabschiedet_sicherheitsforum.jpg\" alt=\"\" width=\"680\" height=\"645\" \/><figcaption id=\"caption-attachment-2901\" class=\"wp-caption-text\">Adottata dalla Commissione UE: la norma di prodotto EN 16034 \"Finestre, porte e portoni - con propriet\u00e0 di protezione dal fuoco e\/o dal fumo\".<\/figcaption><\/figure>\n<p>Ora \u00e8 arrivato il momento: con la pubblicazione sulla Gazzetta Ufficiale Europea del 10 luglio, la norma di prodotto EN 16034 \"Finestre, porte e portoni - con caratteristiche di controllo del fuoco e\/o del fumo\" \u00e8 stata armonizzata ed entrer\u00e0 in vigore il 1\u00b0 dicembre. La fase di coesistenza \u00e8 stata fissata a tre anni. Per architetti, produttori e fabbricanti, ci\u00f2 significa che le classi europee e le verifiche secondo il nuovo standard di prodotto europeo possono ora essere richieste nelle gare d'appalto. La base per la stesura della dichiarazione di prestazione e del marchio CE sono i rapporti di classificazione sotto la responsabilit\u00e0 di un organismo di certificazione di prodotto notificato (NPZ).<\/p>\n<p>L'organismo di certificazione dei prodotti assume quindi un ruolo importante e deve avere ampie competenze ed esperienza. Questo perch\u00e9 l'ambito di applicazione dei prodotti e l'utilizzabilit\u00e0 delle prove sono gi\u00e0 determinati durante la pianificazione del campione o la compilazione di tutte le prove per il rapporto EXAP e la classificazione.<\/p>\n<p>La marcatura CE basata su un rapporto di classificazione secondo la norma EN 13501-2 sostituisce quindi le \"Approvazioni dell'Ispettorato Generale dell'Edilizia\" (ABZ) per le chiusure antincendio o il \"Certificato di prova dell'Ispettorato Generale dell'Edilizia\" (ABP) per le chiusure antifumo. Il rapporto di classificazione descrive le caratteristiche del prodotto e la gamma di varianti ammesse del sistema, compreso l'ambito di applicazione esteso nel cosiddetto rapporto EXAP. Questo rapporto regola l'uso di ulteriori rapporti di prova, la trasferibilit\u00e0 delle dimensioni e l'intercambiabilit\u00e0 di raccordi, materiali e dettagli costruttivi. Particolarmente importante \u00e8 la sostituzione dei raccordi e degli accessori. Le informazioni contenute nel marchio CE secondo la norma EN 16034 devono essere integrate da ulteriori informazioni se il prodotto viene utilizzato come porta esterna (EN 14351-1), porta interna (prEN 14351-2), porta automatica (EN 16361) o come porta (EN 13241-1).<\/p>\n<p>Anche la procedura di approvazione cambia radicalmente perch\u00e9 l'organismo di certificazione del prodotto notificato (organismo NPZ) agisce ora come \"supervisore\" tecnico per le prove, la classificazione e la sorveglianza e deve essere accreditato e notificato per la EN 16034. A tal fine sono necessarie un'ampia competenza ed esperienza in materia di prodotti, perch\u00e9 le informazioni e le dichiarazioni devono essere affidabili in caso di danni o di richieste di informazioni da parte delle autorit\u00e0 di sorveglianza del mercato. Dopo l'esito positivo dei test e della valutazione del prodotto e il monitoraggio iniziale del controllo di produzione in fabbrica (FPC) del produttore, l'organismo NPZ pu\u00f2 rilasciare il \"Certificato di costanza delle prestazioni\", che costituisce la base per la dichiarazione di prestazione e la marcatura CE. L'ift Rosenheim \u00e8 gi\u00e0 stato accreditato con successo per la norma EN 16034 ed \u00e8 in grado di emettere tutte le verifiche necessarie per i produttori come organismo notificato dopo l'entrata in vigore dello standard di prodotto.<\/p>\n<p><em>Comunicato stampa<a href=\"https:\/\/www.ift-rosenheim.de\" target=\"_blank\" data-cke-saved-href=\"https:\/\/www.ift-rosenheim.de\" rel=\"noopener\"> ift Rosenheim<\/a>, Istituto per finestre e facciate, porte e portoni, vetro e materiali da costruzione<\/em><\/p>","protected":false},"excerpt":{"rendered":"<p>Nun ist es soweit \u2013 mit der Ver\u00f6ffentlichung im europ\u00e4ischen Amtsblatt am 10. Juli wurde die Produktnorm EN 16034 \u201eFenster, T\u00fcren und Tore \u2013 mit Feuer- und\/oder Rauchschutzeigenschaften\u201c harmonisiert und tritt zum 1. Dezember in Kraft \u2013 ab dann ist \u00a0eine CE-Kennzeichnung dieser Produkte m\u00f6glich. Die Koexistenzphase wurde auf drei Jahre festgesetzt. F\u00fcr Architekten, Hersteller [&hellip;]<\/p>\n","protected":false},"author":1,"featured_media":2901,"comment_status":"open","ping_status":"open","sticky":false,"template":"","format":"standard","meta":{"_acf_changed":false,"pgc_sgb_lightbox_settings":"","footnotes":""},"categories":[67],"tags":[105,156,108],"class_list":["post-2900","post","type-post","status-publish","format-standard","has-post-thumbnail","hentry","category-brandschutz","tag-brandbekaempfung","tag-brandschutz","tag-vkf"],"acf":[],"hkrextid":null,"publication":null,"issue":null,"workflow":null,"startPage":null,"spitzmarke":null,"_posts_by_tag_page_fields":{"widget_title":"","widget_tags":""},"_at_widget":"1","_yoast_wpseo_primary_category":"4","_yoast_wpseo_focuskw_text_input":"Brandschutznorm","_yoast_wpseo_opengraph-image":"https:\/\/sicherheitsforum.ch\/wp-content\/uploads\/2016\/12\/\u201eBrandschutznorm\u201c-EN-16034-verabschiedet_sicherheitsforum.jpg","_yoast_wpseo_opengraph-description":"Die Produktnorm EN 16034 \u201eFenster, T\u00fcren und Tore \u2013 mit Feuer- und\/oder Rauchschutzeigenschaften\u201c tritt am 1. Dezember 2015 in Kraft. Ab dann k\u00f6nnen Hersteller die entsprechenden Produkte als harmonisierte, CE-gekennzeichnete Feuer-\/Rauchschutzabschl\u00fcsse europaweit handeln. Nach dem 1. Dezember 2018 ist nur noch das CE-Zeichen zul\u00e4ssig.","_yoast_wpseo_opengraph-title":"\u201eBrandschutznorm\u201c EN 16034 verabschiedet","enclosure":null,"_yoast_wpseo_twitter-title":null,"_yoast_wpseo_twitter-description":null,"_yoast_wpseo_twitter-image":null,"_wp_old_slug":null,"_yoast_wpseo_title":null,"_yoast_wpseo_canonical":null,"yoast_head":"<!-- This site is optimized with the Yoast SEO plugin v27.5 - https:\/\/yoast.com\/product\/yoast-seo-wordpress\/ -->\n<title>\u201eBrandschutznorm\u201c EN 16034 verabschiedet - Save<\/title>\n<meta name=\"description\" content=\"Die Produktnorm EN 16034 \u201eFenster, T\u00fcren und Tore \u2013 mit Feuer- und\/oder Rauchschutzeigenschaften\u201c tritt am 1. Dezember 2015 in Kraft.\" \/>\n<meta name=\"robots\" content=\"index, follow, max-snippet:-1, max-image-preview:large, max-video-preview:-1\" \/>\n<link rel=\"canonical\" href=\"https:\/\/news.save.ch\/it\/brandschutznorm-en-16034-verabschiedet\/\" \/>\n<meta property=\"og:locale\" content=\"it_IT\" \/>\n<meta property=\"og:type\" content=\"article\" \/>\n<meta property=\"og:title\" content=\"\u201eBrandschutznorm\u201c EN 16034 verabschiedet\" \/>\n<meta property=\"og:description\" content=\"Die Produktnorm EN 16034 \u201eFenster, T\u00fcren und Tore \u2013 mit Feuer- und\/oder Rauchschutzeigenschaften\u201c tritt am 1. Dezember 2015 in Kraft. Ab dann k\u00f6nnen Hersteller die entsprechenden Produkte als harmonisierte, CE-gekennzeichnete Feuer-\/Rauchschutzabschl\u00fcsse europaweit handeln. Nach dem 1. Dezember 2018 ist nur noch das CE-Zeichen zul\u00e4ssig.\" \/>\n<meta property=\"og:url\" content=\"https:\/\/news.save.ch\/it\/brandschutznorm-en-16034-verabschiedet\/\" \/>\n<meta property=\"og:site_name\" content=\"Save\" \/>\n<meta property=\"article:published_time\" content=\"2015-07-24T07:15:28+00:00\" \/>\n<meta property=\"og:image\" content=\"https:\/\/sicherheitsforum.ch\/wp-content\/uploads\/2016\/12\/\u201eBrandschutznorm\u201c-EN-16034-verabschiedet_sicherheitsforum.jpg\" \/>\n<meta name=\"author\" content=\"admin\" \/>\n<meta name=\"twitter:card\" content=\"summary_large_image\" \/>\n<meta name=\"twitter:label1\" content=\"Scritto da\" \/>\n\t<meta name=\"twitter:data1\" content=\"admin\" \/>\n\t<meta name=\"twitter:label2\" content=\"Tempo di lettura stimato\" \/>\n\t<meta name=\"twitter:data2\" content=\"2 minuti\" \/>\n<script type=\"application\/ld+json\" class=\"yoast-schema-graph\">{\"@context\":\"https:\\\/\\\/schema.org\",\"@graph\":[{\"@type\":\"Article\",\"@id\":\"https:\\\/\\\/news.save.ch\\\/brandschutznorm-en-16034-verabschiedet\\\/#article\",\"isPartOf\":{\"@id\":\"https:\\\/\\\/news.save.ch\\\/brandschutznorm-en-16034-verabschiedet\\\/\"},\"author\":{\"name\":\"admin\",\"@id\":\"https:\\\/\\\/news.save.ch\\\/de\\\/#\\\/schema\\\/person\\\/d49e199490bad7c70d64b9ab51142f2b\"},\"headline\":\"\u201eBrandschutznorm\u201c EN 16034 verabschiedet\",\"datePublished\":\"2015-07-24T07:15:28+00:00\",\"mainEntityOfPage\":{\"@id\":\"https:\\\/\\\/news.save.ch\\\/brandschutznorm-en-16034-verabschiedet\\\/\"},\"wordCount\":445,\"commentCount\":0,\"publisher\":{\"@id\":\"https:\\\/\\\/news.save.ch\\\/de\\\/#organization\"},\"image\":{\"@id\":\"https:\\\/\\\/news.save.ch\\\/brandschutznorm-en-16034-verabschiedet\\\/#primaryimage\"},\"thumbnailUrl\":\"https:\\\/\\\/news.save.ch\\\/wp-content\\\/uploads\\\/2016\\\/12\\\/\u201eBrandschutznorm-EN-16034-verabschiedet_sicherheitsforum-scaled.jpg\",\"keywords\":[\"Brandbek\u00e4mpfung\",\"Brandschutz\",\"VKF\"],\"articleSection\":[\"BRANDSCHUTZ\"],\"inLanguage\":\"it-IT\"},{\"@type\":\"WebPage\",\"@id\":\"https:\\\/\\\/news.save.ch\\\/brandschutznorm-en-16034-verabschiedet\\\/\",\"url\":\"https:\\\/\\\/news.save.ch\\\/brandschutznorm-en-16034-verabschiedet\\\/\",\"name\":\"\u201eBrandschutznorm\u201c EN 16034 verabschiedet - Save\",\"isPartOf\":{\"@id\":\"https:\\\/\\\/news.save.ch\\\/de\\\/#website\"},\"primaryImageOfPage\":{\"@id\":\"https:\\\/\\\/news.save.ch\\\/brandschutznorm-en-16034-verabschiedet\\\/#primaryimage\"},\"image\":{\"@id\":\"https:\\\/\\\/news.save.ch\\\/brandschutznorm-en-16034-verabschiedet\\\/#primaryimage\"},\"thumbnailUrl\":\"https:\\\/\\\/news.save.ch\\\/wp-content\\\/uploads\\\/2016\\\/12\\\/\u201eBrandschutznorm-EN-16034-verabschiedet_sicherheitsforum-scaled.jpg\",\"datePublished\":\"2015-07-24T07:15:28+00:00\",\"description\":\"Die Produktnorm EN 16034 \u201eFenster, T\u00fcren und Tore \u2013 mit Feuer- und\\\/oder Rauchschutzeigenschaften\u201c tritt am 1. Dezember 2015 in Kraft.\",\"breadcrumb\":{\"@id\":\"https:\\\/\\\/news.save.ch\\\/brandschutznorm-en-16034-verabschiedet\\\/#breadcrumb\"},\"inLanguage\":\"it-IT\",\"potentialAction\":[{\"@type\":\"ReadAction\",\"target\":[\"https:\\\/\\\/news.save.ch\\\/brandschutznorm-en-16034-verabschiedet\\\/\"]}]},{\"@type\":\"ImageObject\",\"inLanguage\":\"it-IT\",\"@id\":\"https:\\\/\\\/news.save.ch\\\/brandschutznorm-en-16034-verabschiedet\\\/#primaryimage\",\"url\":\"https:\\\/\\\/news.save.ch\\\/wp-content\\\/uploads\\\/2016\\\/12\\\/\u201eBrandschutznorm-EN-16034-verabschiedet_sicherheitsforum-scaled.jpg\",\"contentUrl\":\"https:\\\/\\\/news.save.ch\\\/wp-content\\\/uploads\\\/2016\\\/12\\\/\u201eBrandschutznorm-EN-16034-verabschiedet_sicherheitsforum-scaled.jpg\",\"width\":1400,\"height\":1327,\"caption\":\"Von der EU-Kommission verabschiedet: die Produktnorm EN 16034 \u201eFenster, T\u00fcren und Tore \u2013 mit Feuer- und\\\/oder Rauchschutzeigenschaften\\\".\"},{\"@type\":\"BreadcrumbList\",\"@id\":\"https:\\\/\\\/news.save.ch\\\/brandschutznorm-en-16034-verabschiedet\\\/#breadcrumb\",\"itemListElement\":[{\"@type\":\"ListItem\",\"position\":1,\"name\":\"Home\",\"item\":\"https:\\\/\\\/news.save.ch\\\/de\\\/\"},{\"@type\":\"ListItem\",\"position\":2,\"name\":\"\u201eBrandschutznorm\u201c EN 16034 verabschiedet\"}]},{\"@type\":\"WebSite\",\"@id\":\"https:\\\/\\\/news.save.ch\\\/de\\\/#website\",\"url\":\"https:\\\/\\\/news.save.ch\\\/de\\\/\",\"name\":\"Save\",\"description\":\"Schweizer Fachzeitschrift f\u00fcr Sicherheit\",\"publisher\":{\"@id\":\"https:\\\/\\\/news.save.ch\\\/de\\\/#organization\"},\"potentialAction\":[{\"@type\":\"SearchAction\",\"target\":{\"@type\":\"EntryPoint\",\"urlTemplate\":\"https:\\\/\\\/news.save.ch\\\/de\\\/?s={search_term_string}\"},\"query-input\":{\"@type\":\"PropertyValueSpecification\",\"valueRequired\":true,\"valueName\":\"search_term_string\"}}],\"inLanguage\":\"it-IT\"},{\"@type\":\"Organization\",\"@id\":\"https:\\\/\\\/news.save.ch\\\/de\\\/#organization\",\"name\":\"Sicherheitsforum\",\"url\":\"https:\\\/\\\/news.save.ch\\\/de\\\/\",\"logo\":{\"@type\":\"ImageObject\",\"inLanguage\":\"it-IT\",\"@id\":\"https:\\\/\\\/news.save.ch\\\/de\\\/#\\\/schema\\\/logo\\\/image\\\/\",\"url\":\"https:\\\/\\\/news.save.ch\\\/wp-content\\\/uploads\\\/2022\\\/06\\\/Logo_SF_2012.png\",\"contentUrl\":\"https:\\\/\\\/news.save.ch\\\/wp-content\\\/uploads\\\/2022\\\/06\\\/Logo_SF_2012.png\",\"width\":1100,\"height\":91,\"caption\":\"Sicherheitsforum\"},\"image\":{\"@id\":\"https:\\\/\\\/news.save.ch\\\/de\\\/#\\\/schema\\\/logo\\\/image\\\/\"}},{\"@type\":\"Person\",\"@id\":\"https:\\\/\\\/news.save.ch\\\/de\\\/#\\\/schema\\\/person\\\/d49e199490bad7c70d64b9ab51142f2b\",\"name\":\"admin\",\"image\":{\"@type\":\"ImageObject\",\"inLanguage\":\"it-IT\",\"@id\":\"https:\\\/\\\/secure.gravatar.com\\\/avatar\\\/ae2f4d718e6c49043e314ce431e7e645d646302a24a5ef5a8bc8e3f5a032e319?s=96&d=mm&r=g\",\"url\":\"https:\\\/\\\/secure.gravatar.com\\\/avatar\\\/ae2f4d718e6c49043e314ce431e7e645d646302a24a5ef5a8bc8e3f5a032e319?s=96&d=mm&r=g\",\"contentUrl\":\"https:\\\/\\\/secure.gravatar.com\\\/avatar\\\/ae2f4d718e6c49043e314ce431e7e645d646302a24a5ef5a8bc8e3f5a032e319?s=96&d=mm&r=g\",\"caption\":\"admin\"},\"sameAs\":[\"https:\\\/\\\/develop.organisator.galledia.ch\"],\"url\":\"https:\\\/\\\/news.save.ch\\\/it\\\/author\\\/admin\\\/\"}]}<\/script>\n<!-- \/ Yoast SEO plugin. -->","yoast_head_json":{"title":"Adozione dello \"Standard di protezione antincendio\" EN 16034 - Salva","description":"La norma di prodotto EN 16034 \"Finestre, porte e portoni - con propriet\u00e0 di protezione dal fuoco e\/o dal fumo\" entra in vigore il 1\u00b0 dicembre 2015.","robots":{"index":"index","follow":"follow","max-snippet":"max-snippet:-1","max-image-preview":"max-image-preview:large","max-video-preview":"max-video-preview:-1"},"canonical":"https:\/\/news.save.ch\/it\/brandschutznorm-en-16034-verabschiedet\/","og_locale":"it_IT","og_type":"article","og_title":"\u201eBrandschutznorm\u201c EN 16034 verabschiedet","og_description":"Die Produktnorm EN 16034 \u201eFenster, T\u00fcren und Tore \u2013 mit Feuer- und\/oder Rauchschutzeigenschaften\u201c tritt am 1. Dezember 2015 in Kraft. Ab dann k\u00f6nnen Hersteller die entsprechenden Produkte als harmonisierte, CE-gekennzeichnete Feuer-\/Rauchschutzabschl\u00fcsse europaweit handeln. Nach dem 1. Dezember 2018 ist nur noch das CE-Zeichen zul\u00e4ssig.","og_url":"https:\/\/news.save.ch\/it\/brandschutznorm-en-16034-verabschiedet\/","og_site_name":"Save","article_published_time":"2015-07-24T07:15:28+00:00","og_image":[{"url":"https:\/\/sicherheitsforum.ch\/wp-content\/uploads\/2016\/12\/\u201eBrandschutznorm\u201c-EN-16034-verabschiedet_sicherheitsforum.jpg","type":"","width":"","height":""}],"author":"admin","twitter_card":"summary_large_image","twitter_misc":{"Scritto da":"admin","Tempo di lettura stimato":"2 minuti"},"schema":{"@context":"https:\/\/schema.org","@graph":[{"@type":"Article","@id":"https:\/\/news.save.ch\/brandschutznorm-en-16034-verabschiedet\/#article","isPartOf":{"@id":"https:\/\/news.save.ch\/brandschutznorm-en-16034-verabschiedet\/"},"author":{"name":"admin","@id":"https:\/\/news.save.ch\/de\/#\/schema\/person\/d49e199490bad7c70d64b9ab51142f2b"},"headline":"\u201eBrandschutznorm\u201c EN 16034 verabschiedet","datePublished":"2015-07-24T07:15:28+00:00","mainEntityOfPage":{"@id":"https:\/\/news.save.ch\/brandschutznorm-en-16034-verabschiedet\/"},"wordCount":445,"commentCount":0,"publisher":{"@id":"https:\/\/news.save.ch\/de\/#organization"},"image":{"@id":"https:\/\/news.save.ch\/brandschutznorm-en-16034-verabschiedet\/#primaryimage"},"thumbnailUrl":"https:\/\/news.save.ch\/wp-content\/uploads\/2016\/12\/\u201eBrandschutznorm-EN-16034-verabschiedet_sicherheitsforum-scaled.jpg","keywords":["Brandbek\u00e4mpfung","Brandschutz","VKF"],"articleSection":["BRANDSCHUTZ"],"inLanguage":"it-IT"},{"@type":"WebPage","@id":"https:\/\/news.save.ch\/brandschutznorm-en-16034-verabschiedet\/","url":"https:\/\/news.save.ch\/brandschutznorm-en-16034-verabschiedet\/","name":"Adozione dello \"Standard di protezione antincendio\" EN 16034 - Salva","isPartOf":{"@id":"https:\/\/news.save.ch\/de\/#website"},"primaryImageOfPage":{"@id":"https:\/\/news.save.ch\/brandschutznorm-en-16034-verabschiedet\/#primaryimage"},"image":{"@id":"https:\/\/news.save.ch\/brandschutznorm-en-16034-verabschiedet\/#primaryimage"},"thumbnailUrl":"https:\/\/news.save.ch\/wp-content\/uploads\/2016\/12\/\u201eBrandschutznorm-EN-16034-verabschiedet_sicherheitsforum-scaled.jpg","datePublished":"2015-07-24T07:15:28+00:00","description":"La norma di prodotto EN 16034 \"Finestre, porte e portoni - con propriet\u00e0 di protezione dal fuoco e\/o dal fumo\" entra in vigore il 1\u00b0 dicembre 2015.","breadcrumb":{"@id":"https:\/\/news.save.ch\/brandschutznorm-en-16034-verabschiedet\/#breadcrumb"},"inLanguage":"it-IT","potentialAction":[{"@type":"ReadAction","target":["https:\/\/news.save.ch\/brandschutznorm-en-16034-verabschiedet\/"]}]},{"@type":"ImageObject","inLanguage":"it-IT","@id":"https:\/\/news.save.ch\/brandschutznorm-en-16034-verabschiedet\/#primaryimage","url":"https:\/\/news.save.ch\/wp-content\/uploads\/2016\/12\/\u201eBrandschutznorm-EN-16034-verabschiedet_sicherheitsforum-scaled.jpg","contentUrl":"https:\/\/news.save.ch\/wp-content\/uploads\/2016\/12\/\u201eBrandschutznorm-EN-16034-verabschiedet_sicherheitsforum-scaled.jpg","width":1400,"height":1327,"caption":"Von der EU-Kommission verabschiedet: die Produktnorm EN 16034 \u201eFenster, T\u00fcren und Tore \u2013 mit Feuer- und\/oder Rauchschutzeigenschaften\"."},{"@type":"BreadcrumbList","@id":"https:\/\/news.save.ch\/brandschutznorm-en-16034-verabschiedet\/#breadcrumb","itemListElement":[{"@type":"ListItem","position":1,"name":"Home","item":"https:\/\/news.save.ch\/de\/"},{"@type":"ListItem","position":2,"name":"\u201eBrandschutznorm\u201c EN 16034 verabschiedet"}]},{"@type":"WebSite","@id":"https:\/\/news.save.ch\/de\/#website","url":"https:\/\/news.save.ch\/de\/","name":"Risparmiare","description":"Rivista svizzera specializzata in sicurezza","publisher":{"@id":"https:\/\/news.save.ch\/de\/#organization"},"potentialAction":[{"@type":"SearchAction","target":{"@type":"EntryPoint","urlTemplate":"https:\/\/news.save.ch\/de\/?s={search_term_string}"},"query-input":{"@type":"PropertyValueSpecification","valueRequired":true,"valueName":"search_term_string"}}],"inLanguage":"it-IT"},{"@type":"Organization","@id":"https:\/\/news.save.ch\/de\/#organization","name":"Forum sulla sicurezza","url":"https:\/\/news.save.ch\/de\/","logo":{"@type":"ImageObject","inLanguage":"it-IT","@id":"https:\/\/news.save.ch\/de\/#\/schema\/logo\/image\/","url":"https:\/\/news.save.ch\/wp-content\/uploads\/2022\/06\/Logo_SF_2012.png","contentUrl":"https:\/\/news.save.ch\/wp-content\/uploads\/2022\/06\/Logo_SF_2012.png","width":1100,"height":91,"caption":"Sicherheitsforum"},"image":{"@id":"https:\/\/news.save.ch\/de\/#\/schema\/logo\/image\/"}},{"@type":"Person","@id":"https:\/\/news.save.ch\/de\/#\/schema\/person\/d49e199490bad7c70d64b9ab51142f2b","name":"amministratore","image":{"@type":"ImageObject","inLanguage":"it-IT","@id":"https:\/\/secure.gravatar.com\/avatar\/ae2f4d718e6c49043e314ce431e7e645d646302a24a5ef5a8bc8e3f5a032e319?s=96&d=mm&r=g","url":"https:\/\/secure.gravatar.com\/avatar\/ae2f4d718e6c49043e314ce431e7e645d646302a24a5ef5a8bc8e3f5a032e319?s=96&d=mm&r=g","contentUrl":"https:\/\/secure.gravatar.com\/avatar\/ae2f4d718e6c49043e314ce431e7e645d646302a24a5ef5a8bc8e3f5a032e319?s=96&d=mm&r=g","caption":"admin"},"sameAs":["https:\/\/develop.organisator.galledia.ch"],"url":"https:\/\/news.save.ch\/it\/author\/admin\/"}]}},"_links":{"self":[{"href":"https:\/\/news.save.ch\/it\/wp-json\/wp\/v2\/posts\/2900","targetHints":{"allow":["GET"]}}],"collection":[{"href":"https:\/\/news.save.ch\/it\/wp-json\/wp\/v2\/posts"}],"about":[{"href":"https:\/\/news.save.ch\/it\/wp-json\/wp\/v2\/types\/post"}],"author":[{"embeddable":true,"href":"https:\/\/news.save.ch\/it\/wp-json\/wp\/v2\/users\/1"}],"replies":[{"embeddable":true,"href":"https:\/\/news.save.ch\/it\/wp-json\/wp\/v2\/comments?post=2900"}],"version-history":[{"count":0,"href":"https:\/\/news.save.ch\/it\/wp-json\/wp\/v2\/posts\/2900\/revisions"}],"wp:featuredmedia":[{"embeddable":true,"href":"https:\/\/news.save.ch\/it\/wp-json\/wp\/v2\/media\/2901"}],"wp:attachment":[{"href":"https:\/\/news.save.ch\/it\/wp-json\/wp\/v2\/media?parent=2900"}],"wp:term":[{"taxonomy":"category","embeddable":true,"href":"https:\/\/news.save.ch\/it\/wp-json\/wp\/v2\/categories?post=2900"},{"taxonomy":"post_tag","embeddable":true,"href":"https:\/\/news.save.ch\/it\/wp-json\/wp\/v2\/tags?post=2900"}],"curies":[{"name":"wp","href":"https:\/\/api.w.org\/{rel}","templated":true}]}}