{"id":2908,"date":"2015-03-02T09:18:32","date_gmt":"2015-03-02T08:18:32","guid":{"rendered":"https:\/\/dev.sicherheitsforum.ch\/?p=2908"},"modified":"2015-03-02T09:18:32","modified_gmt":"2015-03-02T08:18:32","slug":"event-tipp-branchentreffpunkt-sicherheit-2015","status":null,"type":"post","link":"https:\/\/news.save.ch\/it\/event-tipp-branchentreffpunkt-sicherheit-2015\/","title":{"rendered":"Suggerimento per l'evento: SICHERHEIT punto d'incontro dell'industria 2015"},"content":{"rendered":"<figure id=\"attachment_2910\" aria-describedby=\"caption-attachment-2910\" style=\"width: 680px\" class=\"wp-caption alignnone\"><img loading=\"lazy\" decoding=\"async\" class=\"size-medium wp-image-2910\" src=\"https:\/\/news.save.ch\/wp-content\/uploads\/2016\/12\/Event-Tipp-Branchentreffpunkt-SICHERHEIT-2015-sicherheitsforum.jpg\" alt=\"\" width=\"680\" height=\"538\" srcset=\"https:\/\/news.save.ch\/wp-content\/uploads\/2016\/12\/Event-Tipp-Branchentreffpunkt-SICHERHEIT-2015-sicherheitsforum.jpg 1017w, https:\/\/news.save.ch\/wp-content\/uploads\/2016\/12\/Event-Tipp-Branchentreffpunkt-SICHERHEIT-2015-sicherheitsforum-375x296.jpg 375w\" sizes=\"auto, (max-width: 680px) 100vw, 680px\" \/><figcaption id=\"caption-attachment-2910\" class=\"wp-caption-text\">Luogo di incontro del settore SECURITY 2015<\/figcaption><\/figure>\n<p>&nbsp;<\/p>\n<p>Il prossimo novembre, in occasione della sua 20a edizione, l'evento commerciale sar\u00e0 <a title=\"Link all&#039;evento\" href=\"https:\/\/www.sicherheit-messe.ch\/htm\/willkommen.htm\" target=\"_blank\" data-cke-saved-href=\"https:\/\/www.sicherheit-messe.ch\/htm\/willkommen.htm\" rel=\"noopener\">SICUREZZA 2015<\/a>\u00a0presenter\u00e0 ancora una volta diverse anteprime, nuove tendenze e sviluppi. \"Le sfide diventano sempre pi\u00f9 complesse, la necessit\u00e0 di informazioni cresce e il settore diventa pi\u00f9 dinamico. Per questo motivo ci siamo sempre preoccupati di mantenere l'esistente e di incorporare nuovi elementi e temi orientati al futuro. Questo sar\u00e0 anche il caso dell'edizione del 20\u00b0 anniversario\", afferma il direttore della mostra Heinz Salzgeber.<\/p>\n<p>Una componente centrale di SICHERHEIT 2015 sar\u00e0 ancora una volta il congresso specialistico. Secondo il comunicato stampa, i partecipanti saranno in media pi\u00f9 di 1000. Relatori di prim'ordine offriranno un buon mix di nozioni teoriche di base ed esempi pratici di implementazione, che saranno di grande utilit\u00e0 per l'uso quotidiano, come dicono gli organizzatori. La suddivisione in moduli di mezza giornata consente di visitare la fiera e il congresso nello stesso giorno e offre un ampio spettro di argomenti.<\/p>\n<p>L'ideazione e l'organizzazione del congresso sono di competenza del Comitato di presidenza. <a title=\"Link alla homepage di Save AG\" href=\"https:\/\/www.save.ch\/\" target=\"_blank\" data-cke-saved-href=\"https:\/\/www.save.ch\/\" rel=\"noopener\">Salva AG<\/a> - una societ\u00e0 del <a title=\"Link alla homepage del gruppo galledia\" href=\"https:\/\/www.galledia.ch\/\" target=\"_blank\" data-cke-saved-href=\"https:\/\/www.galledia.ch\/\" rel=\"noopener\">gruppo galledia<\/a> - responsabile. Il dettaglio <a title=\"Link alla homepage dell&#039;organizzatore\" href=\"https:\/\/www.save.ch\/\" target=\"_blank\" data-cke-saved-href=\"https:\/\/www.save.ch\/\" rel=\"noopener\">Programma<\/a> appare nel giugno 2015.<\/p>\n<p>Oggi le aziende e i responsabili della sicurezza sono tenuti a includere i rischi naturali nella pianificazione e nella gestione delle loro propriet\u00e0 e infrastrutture. Si tratta di una sfida non solo per le aziende, ma anche per le autorit\u00e0, le compagnie di assicurazione, le forze di intervento e ogni singola persona coinvolta. Come durante l'ultima fiera, anche nell'anno del giubileo la mostra speciale \"Gestione del rischio dei pericoli naturali\" collegher\u00e0 questi attori, trasmetter\u00e0 conoscenze ed esperienze specialistiche e fornir\u00e0 informazioni su temi attuali dalla pratica. Nel forum aperto, gli esperti di pericolo commenteranno gli aspetti pi\u00f9 diversi di questo settore. Inoltre, le aziende presenteranno se stesse e i loro prodotti nell'area espositiva adiacente. La mostra speciale pu\u00f2 gi\u00e0 contare sul sostegno delle pi\u00f9 importanti associazioni del settore. La pianificazione e la realizzazione dello spettacolo speciale \u00e8 ancora una volta nelle mani dell'azienda. <a title=\"Link alla homepage\" href=\"https:\/\/www.naturgefahr.ch\" target=\"_blank\" data-cke-saved-href=\"https:\/\/www.naturgefahr.ch\" rel=\"noopener\">Egli Engineering AG<\/a>.<\/p>\n<p>Diverse associazioni e organizzazioni riconoscono il congresso commerciale come unit\u00e0 formativa. La fiera gode anche del sostegno delle pi\u00f9 importanti associazioni di categoria e dei leader del settore: la <a title=\"Link alla homepage\" href=\"https:\/\/www.sicher-ses.ch\/\" target=\"_blank\" data-cke-saved-href=\"https:\/\/www.sicher-ses.ch\/\" rel=\"noopener\">SES<\/a> (Associazione degli installatori svizzeri di sistemi di sicurezza), <a title=\"Link alla homepage\" href=\"https:\/\/www.vssb.ch\/\" target=\"_blank\" data-cke-saved-href=\"https:\/\/www.vssb.ch\/\" rel=\"noopener\">VSSB<\/a> (Associazione dei produttori svizzeri di serrature e ferramenta), <a title=\"Link alla homepage\" href=\"https:\/\/www.swiss-safety.ch\/\" target=\"_blank\" data-cke-saved-href=\"https:\/\/www.swiss-safety.ch\/\" rel=\"noopener\">sicurezza svizzera<\/a> (Associazione dei fornitori svizzeri di DPI) e la SSI (Associazione svizzera degli ingegneri e consulenti indipendenti per la sicurezza) portano e sostengono l'imminente evento commerciale.<\/p>\n<p>Ulteriori informazioni sull'evento sono disponibili <a title=\"Link alla homepage dell&#039;evento\" href=\"https:\/\/www.sicherheit-messe.ch\/\" target=\"_blank\" data-cke-saved-href=\"https:\/\/www.sicherheit-messe.ch\/\" rel=\"noopener\">qui<\/a>.<\/p>\n<p>&nbsp;<\/p>\n<blockquote>\n<p>\"L'industria della sicurezza deve essere in grado di reagire sempre pi\u00f9 velocemente ai progressi tecnologici e alle mutevoli condizioni sociali\", Heinz Salzgeber, Direttore della fiera.<\/p>\n<\/blockquote>","protected":false},"excerpt":{"rendered":"<p>&nbsp; An ihrer 20. Auflage im kommenden November wird die Fachveranstaltung SICHERHEIT 2015\u00a0wieder verschiedene Premieren, neue Trends und Entwicklungen vorstellen.\u00a0\u201eDie Herausforderungen werden komplexer, das Informationsbed\u00fcrfnis w\u00e4chst und die Branche wird dynamischer. Deshalb haben wir stets darauf geachtet, sowohl Bestehendes zu pflegen, als auch neue Elemente und zukunftsorientierte Themen einfliessen zu lassen. Das wird auch an [&hellip;]<\/p>\n","protected":false},"author":1,"featured_media":2910,"comment_status":"open","ping_status":"open","sticky":false,"template":"","format":"standard","meta":{"_acf_changed":false,"pgc_sgb_lightbox_settings":"","footnotes":""},"categories":[1],"tags":[109,84],"class_list":["post-2908","post","type-post","status-publish","format-standard","has-post-thumbnail","hentry","category-allgemein","tag-aus-und-weiterbildung","tag-fachkongressfachmesse"],"acf":[],"hkrextid":null,"publication":null,"issue":null,"workflow":null,"startPage":null,"spitzmarke":null,"_posts_by_tag_page_fields":{"widget_title":"","widget_tags":""},"_at_widget":"1","_yoast_wpseo_primary_category":"1","_yoast_wpseo_focuskw_text_input":"Branchentreffpunkt","_yoast_wpseo_opengraph-image":"https:\/\/news.save.ch\/wp-content\/uploads\/2016\/12\/Event-Tipp-Branchentreffpunkt-SICHERHEIT-2015-sicherheitsforum.jpg","_yoast_wpseo_opengraph-description":"Die SICHERHEIT 2015 in Z\u00fcrich ist lanciert. Vom 10. bis 13. November wird sie wieder zum wichtigsten Treffpunkt der Schweizer Sicherheitsbranche \u2013 in diesem Jahr bereits zum 20. Mal.","_yoast_wpseo_opengraph-title":"Branchentreffpunkt","enclosure":null,"_yoast_wpseo_twitter-title":null,"_yoast_wpseo_twitter-description":null,"_yoast_wpseo_twitter-image":null,"_wp_old_slug":null,"_yoast_wpseo_title":null,"_yoast_wpseo_canonical":null,"yoast_head":"<!-- This site is optimized with the Yoast SEO plugin v27.4 - https:\/\/yoast.com\/product\/yoast-seo-wordpress\/ -->\n<title>Event-Tipp: Branchentreffpunkt SICHERHEIT 2015 - Save<\/title>\n<meta name=\"description\" content=\"Die SICHERHEIT 2015 in Z\u00fcrich ist lanciert. Vom 10. bis 13. November wird sie wieder zum wichtigsten Branchentreffpunkt der Schweizer Sicherheitsbranche.\" \/>\n<meta name=\"robots\" content=\"index, follow, max-snippet:-1, max-image-preview:large, max-video-preview:-1\" \/>\n<link rel=\"canonical\" href=\"https:\/\/news.save.ch\/it\/event-tipp-branchentreffpunkt-sicherheit-2015\/\" \/>\n<meta property=\"og:locale\" content=\"it_IT\" \/>\n<meta property=\"og:type\" content=\"article\" \/>\n<meta property=\"og:title\" content=\"Branchentreffpunkt\" \/>\n<meta property=\"og:description\" content=\"Die SICHERHEIT 2015 in Z\u00fcrich ist lanciert. Vom 10. bis 13. November wird sie wieder zum wichtigsten Treffpunkt der Schweizer Sicherheitsbranche \u2013 in diesem Jahr bereits zum 20. Mal.\" \/>\n<meta property=\"og:url\" content=\"https:\/\/news.save.ch\/it\/event-tipp-branchentreffpunkt-sicherheit-2015\/\" \/>\n<meta property=\"og:site_name\" content=\"Save\" \/>\n<meta property=\"article:published_time\" content=\"2015-03-02T08:18:32+00:00\" \/>\n<meta property=\"og:image\" content=\"https:\/\/news.save.ch\/wp-content\/uploads\/2016\/12\/Event-Tipp-Branchentreffpunkt-SICHERHEIT-2015-sicherheitsforum.jpg\" \/>\n<meta name=\"author\" content=\"admin\" \/>\n<meta name=\"twitter:card\" content=\"summary_large_image\" \/>\n<meta name=\"twitter:label1\" content=\"Scritto da\" \/>\n\t<meta name=\"twitter:data1\" content=\"admin\" \/>\n\t<meta name=\"twitter:label2\" content=\"Tempo di lettura stimato\" \/>\n\t<meta name=\"twitter:data2\" content=\"2 minuti\" \/>\n<script type=\"application\/ld+json\" class=\"yoast-schema-graph\">{\"@context\":\"https:\\\/\\\/schema.org\",\"@graph\":[{\"@type\":\"Article\",\"@id\":\"https:\\\/\\\/news.save.ch\\\/event-tipp-branchentreffpunkt-sicherheit-2015\\\/#article\",\"isPartOf\":{\"@id\":\"https:\\\/\\\/news.save.ch\\\/event-tipp-branchentreffpunkt-sicherheit-2015\\\/\"},\"author\":{\"name\":\"admin\",\"@id\":\"https:\\\/\\\/news.save.ch\\\/de\\\/#\\\/schema\\\/person\\\/d49e199490bad7c70d64b9ab51142f2b\"},\"headline\":\"Event-Tipp: Branchentreffpunkt SICHERHEIT 2015\",\"datePublished\":\"2015-03-02T08:18:32+00:00\",\"mainEntityOfPage\":{\"@id\":\"https:\\\/\\\/news.save.ch\\\/event-tipp-branchentreffpunkt-sicherheit-2015\\\/\"},\"wordCount\":386,\"commentCount\":0,\"publisher\":{\"@id\":\"https:\\\/\\\/news.save.ch\\\/de\\\/#organization\"},\"image\":{\"@id\":\"https:\\\/\\\/news.save.ch\\\/event-tipp-branchentreffpunkt-sicherheit-2015\\\/#primaryimage\"},\"thumbnailUrl\":\"https:\\\/\\\/news.save.ch\\\/wp-content\\\/uploads\\\/2016\\\/12\\\/Event-Tipp-Branchentreffpunkt-SICHERHEIT-2015-sicherheitsforum.jpg\",\"keywords\":[\"Aus- und Weiterbildung\",\"Fachkongress\\\/Fachmesse\"],\"articleSection\":[\"ALLGEMEIN\"],\"inLanguage\":\"it-IT\"},{\"@type\":\"WebPage\",\"@id\":\"https:\\\/\\\/news.save.ch\\\/event-tipp-branchentreffpunkt-sicherheit-2015\\\/\",\"url\":\"https:\\\/\\\/news.save.ch\\\/event-tipp-branchentreffpunkt-sicherheit-2015\\\/\",\"name\":\"Event-Tipp: Branchentreffpunkt SICHERHEIT 2015 - Save\",\"isPartOf\":{\"@id\":\"https:\\\/\\\/news.save.ch\\\/de\\\/#website\"},\"primaryImageOfPage\":{\"@id\":\"https:\\\/\\\/news.save.ch\\\/event-tipp-branchentreffpunkt-sicherheit-2015\\\/#primaryimage\"},\"image\":{\"@id\":\"https:\\\/\\\/news.save.ch\\\/event-tipp-branchentreffpunkt-sicherheit-2015\\\/#primaryimage\"},\"thumbnailUrl\":\"https:\\\/\\\/news.save.ch\\\/wp-content\\\/uploads\\\/2016\\\/12\\\/Event-Tipp-Branchentreffpunkt-SICHERHEIT-2015-sicherheitsforum.jpg\",\"datePublished\":\"2015-03-02T08:18:32+00:00\",\"description\":\"Die SICHERHEIT 2015 in Z\u00fcrich ist lanciert. Vom 10. bis 13. November wird sie wieder zum wichtigsten Branchentreffpunkt der Schweizer Sicherheitsbranche.\",\"breadcrumb\":{\"@id\":\"https:\\\/\\\/news.save.ch\\\/event-tipp-branchentreffpunkt-sicherheit-2015\\\/#breadcrumb\"},\"inLanguage\":\"it-IT\",\"potentialAction\":[{\"@type\":\"ReadAction\",\"target\":[\"https:\\\/\\\/news.save.ch\\\/event-tipp-branchentreffpunkt-sicherheit-2015\\\/\"]}]},{\"@type\":\"ImageObject\",\"inLanguage\":\"it-IT\",\"@id\":\"https:\\\/\\\/news.save.ch\\\/event-tipp-branchentreffpunkt-sicherheit-2015\\\/#primaryimage\",\"url\":\"https:\\\/\\\/news.save.ch\\\/wp-content\\\/uploads\\\/2016\\\/12\\\/Event-Tipp-Branchentreffpunkt-SICHERHEIT-2015-sicherheitsforum.jpg\",\"contentUrl\":\"https:\\\/\\\/news.save.ch\\\/wp-content\\\/uploads\\\/2016\\\/12\\\/Event-Tipp-Branchentreffpunkt-SICHERHEIT-2015-sicherheitsforum.jpg\",\"width\":1017,\"height\":804,\"caption\":\"Branchentreffpunkt SICHERHEIT 2015\"},{\"@type\":\"BreadcrumbList\",\"@id\":\"https:\\\/\\\/news.save.ch\\\/event-tipp-branchentreffpunkt-sicherheit-2015\\\/#breadcrumb\",\"itemListElement\":[{\"@type\":\"ListItem\",\"position\":1,\"name\":\"Home\",\"item\":\"https:\\\/\\\/news.save.ch\\\/de\\\/\"},{\"@type\":\"ListItem\",\"position\":2,\"name\":\"Event-Tipp: Branchentreffpunkt SICHERHEIT 2015\"}]},{\"@type\":\"WebSite\",\"@id\":\"https:\\\/\\\/news.save.ch\\\/de\\\/#website\",\"url\":\"https:\\\/\\\/news.save.ch\\\/de\\\/\",\"name\":\"Save\",\"description\":\"Schweizer Fachzeitschrift f\u00fcr Sicherheit\",\"publisher\":{\"@id\":\"https:\\\/\\\/news.save.ch\\\/de\\\/#organization\"},\"potentialAction\":[{\"@type\":\"SearchAction\",\"target\":{\"@type\":\"EntryPoint\",\"urlTemplate\":\"https:\\\/\\\/news.save.ch\\\/de\\\/?s={search_term_string}\"},\"query-input\":{\"@type\":\"PropertyValueSpecification\",\"valueRequired\":true,\"valueName\":\"search_term_string\"}}],\"inLanguage\":\"it-IT\"},{\"@type\":\"Organization\",\"@id\":\"https:\\\/\\\/news.save.ch\\\/de\\\/#organization\",\"name\":\"Sicherheitsforum\",\"url\":\"https:\\\/\\\/news.save.ch\\\/de\\\/\",\"logo\":{\"@type\":\"ImageObject\",\"inLanguage\":\"it-IT\",\"@id\":\"https:\\\/\\\/news.save.ch\\\/de\\\/#\\\/schema\\\/logo\\\/image\\\/\",\"url\":\"https:\\\/\\\/news.save.ch\\\/wp-content\\\/uploads\\\/2022\\\/06\\\/Logo_SF_2012.png\",\"contentUrl\":\"https:\\\/\\\/news.save.ch\\\/wp-content\\\/uploads\\\/2022\\\/06\\\/Logo_SF_2012.png\",\"width\":1100,\"height\":91,\"caption\":\"Sicherheitsforum\"},\"image\":{\"@id\":\"https:\\\/\\\/news.save.ch\\\/de\\\/#\\\/schema\\\/logo\\\/image\\\/\"}},{\"@type\":\"Person\",\"@id\":\"https:\\\/\\\/news.save.ch\\\/de\\\/#\\\/schema\\\/person\\\/d49e199490bad7c70d64b9ab51142f2b\",\"name\":\"admin\",\"image\":{\"@type\":\"ImageObject\",\"inLanguage\":\"it-IT\",\"@id\":\"https:\\\/\\\/secure.gravatar.com\\\/avatar\\\/ae2f4d718e6c49043e314ce431e7e645d646302a24a5ef5a8bc8e3f5a032e319?s=96&d=mm&r=g\",\"url\":\"https:\\\/\\\/secure.gravatar.com\\\/avatar\\\/ae2f4d718e6c49043e314ce431e7e645d646302a24a5ef5a8bc8e3f5a032e319?s=96&d=mm&r=g\",\"contentUrl\":\"https:\\\/\\\/secure.gravatar.com\\\/avatar\\\/ae2f4d718e6c49043e314ce431e7e645d646302a24a5ef5a8bc8e3f5a032e319?s=96&d=mm&r=g\",\"caption\":\"admin\"},\"sameAs\":[\"https:\\\/\\\/develop.organisator.galledia.ch\"],\"url\":\"https:\\\/\\\/news.save.ch\\\/it\\\/author\\\/admin\\\/\"}]}<\/script>\n<!-- \/ Yoast SEO plugin. -->","yoast_head_json":{"title":"Suggerimento per l'evento: Punto d'incontro dell'industria SECURITY 2015 - Risparmiare","description":"\u00c8 stata lanciata la SICHERHEIT 2015 di Zurigo. Dal 10 al 13 novembre, sar\u00e0 ancora una volta il luogo di incontro pi\u00f9 importante per l'industria della sicurezza svizzera.","robots":{"index":"index","follow":"follow","max-snippet":"max-snippet:-1","max-image-preview":"max-image-preview:large","max-video-preview":"max-video-preview:-1"},"canonical":"https:\/\/news.save.ch\/it\/event-tipp-branchentreffpunkt-sicherheit-2015\/","og_locale":"it_IT","og_type":"article","og_title":"Branchentreffpunkt","og_description":"Die SICHERHEIT 2015 in Z\u00fcrich ist lanciert. Vom 10. bis 13. November wird sie wieder zum wichtigsten Treffpunkt der Schweizer Sicherheitsbranche \u2013 in diesem Jahr bereits zum 20. Mal.","og_url":"https:\/\/news.save.ch\/it\/event-tipp-branchentreffpunkt-sicherheit-2015\/","og_site_name":"Save","article_published_time":"2015-03-02T08:18:32+00:00","og_image":[{"url":"https:\/\/news.save.ch\/wp-content\/uploads\/2016\/12\/Event-Tipp-Branchentreffpunkt-SICHERHEIT-2015-sicherheitsforum.jpg","type":"","width":"","height":""}],"author":"admin","twitter_card":"summary_large_image","twitter_misc":{"Scritto da":"admin","Tempo di lettura stimato":"2 minuti"},"schema":{"@context":"https:\/\/schema.org","@graph":[{"@type":"Article","@id":"https:\/\/news.save.ch\/event-tipp-branchentreffpunkt-sicherheit-2015\/#article","isPartOf":{"@id":"https:\/\/news.save.ch\/event-tipp-branchentreffpunkt-sicherheit-2015\/"},"author":{"name":"admin","@id":"https:\/\/news.save.ch\/de\/#\/schema\/person\/d49e199490bad7c70d64b9ab51142f2b"},"headline":"Event-Tipp: Branchentreffpunkt SICHERHEIT 2015","datePublished":"2015-03-02T08:18:32+00:00","mainEntityOfPage":{"@id":"https:\/\/news.save.ch\/event-tipp-branchentreffpunkt-sicherheit-2015\/"},"wordCount":386,"commentCount":0,"publisher":{"@id":"https:\/\/news.save.ch\/de\/#organization"},"image":{"@id":"https:\/\/news.save.ch\/event-tipp-branchentreffpunkt-sicherheit-2015\/#primaryimage"},"thumbnailUrl":"https:\/\/news.save.ch\/wp-content\/uploads\/2016\/12\/Event-Tipp-Branchentreffpunkt-SICHERHEIT-2015-sicherheitsforum.jpg","keywords":["Aus- und Weiterbildung","Fachkongress\/Fachmesse"],"articleSection":["ALLGEMEIN"],"inLanguage":"it-IT"},{"@type":"WebPage","@id":"https:\/\/news.save.ch\/event-tipp-branchentreffpunkt-sicherheit-2015\/","url":"https:\/\/news.save.ch\/event-tipp-branchentreffpunkt-sicherheit-2015\/","name":"Suggerimento per l'evento: Punto d'incontro dell'industria SECURITY 2015 - Risparmiare","isPartOf":{"@id":"https:\/\/news.save.ch\/de\/#website"},"primaryImageOfPage":{"@id":"https:\/\/news.save.ch\/event-tipp-branchentreffpunkt-sicherheit-2015\/#primaryimage"},"image":{"@id":"https:\/\/news.save.ch\/event-tipp-branchentreffpunkt-sicherheit-2015\/#primaryimage"},"thumbnailUrl":"https:\/\/news.save.ch\/wp-content\/uploads\/2016\/12\/Event-Tipp-Branchentreffpunkt-SICHERHEIT-2015-sicherheitsforum.jpg","datePublished":"2015-03-02T08:18:32+00:00","description":"\u00c8 stata lanciata la SICHERHEIT 2015 di Zurigo. Dal 10 al 13 novembre, sar\u00e0 ancora una volta il luogo di incontro pi\u00f9 importante per l'industria della sicurezza svizzera.","breadcrumb":{"@id":"https:\/\/news.save.ch\/event-tipp-branchentreffpunkt-sicherheit-2015\/#breadcrumb"},"inLanguage":"it-IT","potentialAction":[{"@type":"ReadAction","target":["https:\/\/news.save.ch\/event-tipp-branchentreffpunkt-sicherheit-2015\/"]}]},{"@type":"ImageObject","inLanguage":"it-IT","@id":"https:\/\/news.save.ch\/event-tipp-branchentreffpunkt-sicherheit-2015\/#primaryimage","url":"https:\/\/news.save.ch\/wp-content\/uploads\/2016\/12\/Event-Tipp-Branchentreffpunkt-SICHERHEIT-2015-sicherheitsforum.jpg","contentUrl":"https:\/\/news.save.ch\/wp-content\/uploads\/2016\/12\/Event-Tipp-Branchentreffpunkt-SICHERHEIT-2015-sicherheitsforum.jpg","width":1017,"height":804,"caption":"Branchentreffpunkt SICHERHEIT 2015"},{"@type":"BreadcrumbList","@id":"https:\/\/news.save.ch\/event-tipp-branchentreffpunkt-sicherheit-2015\/#breadcrumb","itemListElement":[{"@type":"ListItem","position":1,"name":"Home","item":"https:\/\/news.save.ch\/de\/"},{"@type":"ListItem","position":2,"name":"Event-Tipp: Branchentreffpunkt SICHERHEIT 2015"}]},{"@type":"WebSite","@id":"https:\/\/news.save.ch\/de\/#website","url":"https:\/\/news.save.ch\/de\/","name":"Risparmiare","description":"Rivista svizzera specializzata in sicurezza","publisher":{"@id":"https:\/\/news.save.ch\/de\/#organization"},"potentialAction":[{"@type":"SearchAction","target":{"@type":"EntryPoint","urlTemplate":"https:\/\/news.save.ch\/de\/?s={search_term_string}"},"query-input":{"@type":"PropertyValueSpecification","valueRequired":true,"valueName":"search_term_string"}}],"inLanguage":"it-IT"},{"@type":"Organization","@id":"https:\/\/news.save.ch\/de\/#organization","name":"Forum sulla sicurezza","url":"https:\/\/news.save.ch\/de\/","logo":{"@type":"ImageObject","inLanguage":"it-IT","@id":"https:\/\/news.save.ch\/de\/#\/schema\/logo\/image\/","url":"https:\/\/news.save.ch\/wp-content\/uploads\/2022\/06\/Logo_SF_2012.png","contentUrl":"https:\/\/news.save.ch\/wp-content\/uploads\/2022\/06\/Logo_SF_2012.png","width":1100,"height":91,"caption":"Sicherheitsforum"},"image":{"@id":"https:\/\/news.save.ch\/de\/#\/schema\/logo\/image\/"}},{"@type":"Person","@id":"https:\/\/news.save.ch\/de\/#\/schema\/person\/d49e199490bad7c70d64b9ab51142f2b","name":"amministratore","image":{"@type":"ImageObject","inLanguage":"it-IT","@id":"https:\/\/secure.gravatar.com\/avatar\/ae2f4d718e6c49043e314ce431e7e645d646302a24a5ef5a8bc8e3f5a032e319?s=96&d=mm&r=g","url":"https:\/\/secure.gravatar.com\/avatar\/ae2f4d718e6c49043e314ce431e7e645d646302a24a5ef5a8bc8e3f5a032e319?s=96&d=mm&r=g","contentUrl":"https:\/\/secure.gravatar.com\/avatar\/ae2f4d718e6c49043e314ce431e7e645d646302a24a5ef5a8bc8e3f5a032e319?s=96&d=mm&r=g","caption":"admin"},"sameAs":["https:\/\/develop.organisator.galledia.ch"],"url":"https:\/\/news.save.ch\/it\/author\/admin\/"}]}},"_links":{"self":[{"href":"https:\/\/news.save.ch\/it\/wp-json\/wp\/v2\/posts\/2908","targetHints":{"allow":["GET"]}}],"collection":[{"href":"https:\/\/news.save.ch\/it\/wp-json\/wp\/v2\/posts"}],"about":[{"href":"https:\/\/news.save.ch\/it\/wp-json\/wp\/v2\/types\/post"}],"author":[{"embeddable":true,"href":"https:\/\/news.save.ch\/it\/wp-json\/wp\/v2\/users\/1"}],"replies":[{"embeddable":true,"href":"https:\/\/news.save.ch\/it\/wp-json\/wp\/v2\/comments?post=2908"}],"version-history":[{"count":0,"href":"https:\/\/news.save.ch\/it\/wp-json\/wp\/v2\/posts\/2908\/revisions"}],"wp:featuredmedia":[{"embeddable":true,"href":"https:\/\/news.save.ch\/it\/wp-json\/wp\/v2\/media\/2910"}],"wp:attachment":[{"href":"https:\/\/news.save.ch\/it\/wp-json\/wp\/v2\/media?parent=2908"}],"wp:term":[{"taxonomy":"category","embeddable":true,"href":"https:\/\/news.save.ch\/it\/wp-json\/wp\/v2\/categories?post=2908"},{"taxonomy":"post_tag","embeddable":true,"href":"https:\/\/news.save.ch\/it\/wp-json\/wp\/v2\/tags?post=2908"}],"curies":[{"name":"wp","href":"https:\/\/api.w.org\/{rel}","templated":true}]}}