{"id":2916,"date":"2015-07-22T09:20:07","date_gmt":"2015-07-22T07:20:07","guid":{"rendered":"https:\/\/dev.sicherheitsforum.ch\/?p=2916"},"modified":"2015-07-22T09:20:07","modified_gmt":"2015-07-22T07:20:07","slug":"drogenhaendlerring-ausgehoben","status":null,"type":"post","link":"https:\/\/news.save.ch\/it\/drogenhaendlerring-ausgehoben\/","title":{"rendered":"Arrestato un traffico di droga"},"content":{"rendered":"<figure id=\"attachment_2917\" aria-describedby=\"caption-attachment-2917\" style=\"width: 680px\" class=\"wp-caption alignnone\"><img loading=\"lazy\" decoding=\"async\" class=\"wp-image-2917 size-medium\" src=\"https:\/\/news.save.ch\/wp-content\/uploads\/2016\/12\/Drogenhaendlerring-ausgehoben_sicherheitsforuzm.jpg\" width=\"680\" height=\"519\" srcset=\"https:\/\/news.save.ch\/wp-content\/uploads\/2016\/12\/Drogenhaendlerring-ausgehoben_sicherheitsforuzm.jpg 756w, https:\/\/news.save.ch\/wp-content\/uploads\/2016\/12\/Drogenhaendlerring-ausgehoben_sicherheitsforuzm-375x286.jpg 375w\" sizes=\"auto, (max-width: 680px) 100vw, 680px\" \/><figcaption id=\"caption-attachment-2917\" class=\"wp-caption-text\">Si tratta di uno dei pi\u00f9 grandi sequestri di droga nel cantone di Zurigo.<\/figcaption><\/figure>\n<p>La Procura di Zurigo-Limmat, in stretta collaborazione con la Polizia della citt\u00e0 di Zurigo, ha condotto indagini approfondite contro un giro di traffico di droga per un periodo di circa un anno e mezzo. Secondo la dichiarazione, i sette sospetti sono accusati di aver importato in Svizzera dall'Olanda almeno 63 kg di anfetamina e 63.000 pasticche di ecstasy tra luglio 2013 e novembre 2014. Il ricavato \u00e8 stato tra i 278.000 e i 393.000 franchi.<\/p>\n<p>Grazie alle intense indagini della polizia municipale di Zurigo e della procura, \u00e8 stato possibile sequestrare circa 20 kg di anfetamina e circa 4.800 pasticche di ecstasy. Si tratta di uno dei pi\u00f9 grandi sequestri di tali farmaci nel cantone di Zurigo.<\/p>\n<p>Pochi giorni fa, l'ufficio del pubblico ministero ha presentato presso il tribunale distrettuale di Zurigo un'accusa contro i tre principali responsabili per un reato qualificato contro la legge sugli stupefacenti. Secondo le informazioni, sono state richieste pene detentive di 51 mesi, 5 e 8 anni. Le accuse erano gi\u00e0 state mosse in precedenza nei confronti di altre due persone coinvolte e sono state richieste pene detentive di 20 mesi senza condizionale e 18 mesi con la condizionale. Inoltre, il Tribunale distrettuale di Zurigo ha gi\u00e0 emesso le prime sentenze nel giugno 2015 e ha condannato due imputati, anch'essi accusati in precedenza, a 20 mesi di reclusione con la condizionale e a 24 mesi di reclusione senza condizionale, oltre alla revoca di una precedente condanna a 18 mesi, si legge.<\/p>","protected":false},"excerpt":{"rendered":"<p>Die Staatsanwaltschaft Z\u00fcrich-Limmat f\u00fchrte w\u00e4hrend rund eineinhalb Jahren in enger Zusammenarbeit mit der Stadtpolizei Z\u00fcrich umfangreiche Ermittlungen gegen einen Drogenh\u00e4ndlerring. Den insgesamt sieben Beschuldigten wird gem\u00e4ss Mitteilung vorgeworfen, durch unterschiedlich grosse Tatbeitr\u00e4ge, zwischen Juli 2013 und November 2014 mindestens 63 kg Amphetamin und 63\u2018000 Ecstasytabletten aus Holland in die Schweiz eingef\u00fchrt zu haben. Der Erl\u00f6s [&hellip;]<\/p>\n","protected":false},"author":1,"featured_media":2917,"comment_status":"open","ping_status":"open","sticky":false,"template":"","format":"standard","meta":{"_acf_changed":false,"pgc_sgb_lightbox_settings":"","footnotes":""},"categories":[1],"tags":[69,113],"class_list":["post-2916","post","type-post","status-publish","format-standard","has-post-thumbnail","hentry","category-allgemein","tag-justiz-polizei","tag-kriminalitaet"],"acf":[],"hkrextid":null,"publication":null,"issue":null,"workflow":null,"startPage":null,"spitzmarke":null,"_posts_by_tag_page_fields":{"widget_title":"","widget_tags":""},"_at_widget":"1","_yoast_wpseo_primary_category":"","_yoast_wpseo_focuskw_text_input":"Drogenh\u00e4ndlerring","_yoast_wpseo_opengraph-image":"https:\/\/news.save.ch\/wp-content\/uploads\/2016\/12\/Drogenh\u00e4ndlerring-ausgehoben_sicherheitsforuzm.jpg","_yoast_wpseo_opengraph-description":"In einem aufw\u00e4ndigen Ermittlungsverfahren ist es der Staatsanwaltschaft Z\u00fcrich-Limmat zusammen mit der Stadtpolizei Z\u00fcrich gelungen, einen Drogenh\u00e4ndlerring auszuheben und eine grosse Menge Bet\u00e4ubungsmittel sicherzustellen, wie die Oberstaatsanwaltschaft, die Staatsanwaltschaft Z\u00fcrich-Limmat sowie die Stadtpolizei Z\u00fcrich bekanntgaben.","_yoast_wpseo_opengraph-title":"Drogenh\u00e4ndlerring ausgehoben","enclosure":null,"_yoast_wpseo_twitter-title":null,"_yoast_wpseo_twitter-description":null,"_yoast_wpseo_twitter-image":null,"_wp_old_slug":null,"_yoast_wpseo_title":null,"_yoast_wpseo_canonical":null,"yoast_head":"<!-- This site is optimized with the Yoast SEO plugin v27.5 - https:\/\/yoast.com\/product\/yoast-seo-wordpress\/ -->\n<title>Drogenh\u00e4ndlerring ausgehoben - Save<\/title>\n<meta name=\"description\" content=\"Der Staatsanwaltschaft Z\u00fcrich-Limmat ist es zusammen mit der Stadtpolizei Z\u00fcrich gelungen, einen Drogenh\u00e4ndlerring auszuheben.\" \/>\n<meta name=\"robots\" content=\"index, follow, max-snippet:-1, max-image-preview:large, max-video-preview:-1\" \/>\n<link rel=\"canonical\" href=\"https:\/\/news.save.ch\/it\/drogenhaendlerring-ausgehoben\/\" \/>\n<meta property=\"og:locale\" content=\"it_IT\" \/>\n<meta property=\"og:type\" content=\"article\" \/>\n<meta property=\"og:title\" content=\"Drogenh\u00e4ndlerring ausgehoben\" \/>\n<meta property=\"og:description\" content=\"In einem aufw\u00e4ndigen Ermittlungsverfahren ist es der Staatsanwaltschaft Z\u00fcrich-Limmat zusammen mit der Stadtpolizei Z\u00fcrich gelungen, einen Drogenh\u00e4ndlerring auszuheben und eine grosse Menge Bet\u00e4ubungsmittel sicherzustellen, wie die Oberstaatsanwaltschaft, die Staatsanwaltschaft Z\u00fcrich-Limmat sowie die Stadtpolizei Z\u00fcrich bekanntgaben.\" \/>\n<meta property=\"og:url\" content=\"https:\/\/news.save.ch\/it\/drogenhaendlerring-ausgehoben\/\" \/>\n<meta property=\"og:site_name\" content=\"Save\" \/>\n<meta property=\"article:published_time\" content=\"2015-07-22T07:20:07+00:00\" \/>\n<meta property=\"og:image\" content=\"https:\/\/news.save.ch\/wp-content\/uploads\/2016\/12\/Drogenh\u00e4ndlerring-ausgehoben_sicherheitsforuzm.jpg\" \/>\n<meta name=\"author\" content=\"admin\" \/>\n<meta name=\"twitter:card\" content=\"summary_large_image\" \/>\n<meta name=\"twitter:label1\" content=\"Scritto da\" \/>\n\t<meta name=\"twitter:data1\" content=\"admin\" \/>\n\t<meta name=\"twitter:label2\" content=\"Tempo di lettura stimato\" \/>\n\t<meta name=\"twitter:data2\" content=\"1 minuto\" \/>\n<script type=\"application\/ld+json\" class=\"yoast-schema-graph\">{\"@context\":\"https:\\\/\\\/schema.org\",\"@graph\":[{\"@type\":\"Article\",\"@id\":\"https:\\\/\\\/news.save.ch\\\/drogenhaendlerring-ausgehoben\\\/#article\",\"isPartOf\":{\"@id\":\"https:\\\/\\\/news.save.ch\\\/drogenhaendlerring-ausgehoben\\\/\"},\"author\":{\"name\":\"admin\",\"@id\":\"https:\\\/\\\/news.save.ch\\\/de\\\/#\\\/schema\\\/person\\\/d49e199490bad7c70d64b9ab51142f2b\"},\"headline\":\"Drogenh\u00e4ndlerring ausgehoben\",\"datePublished\":\"2015-07-22T07:20:07+00:00\",\"mainEntityOfPage\":{\"@id\":\"https:\\\/\\\/news.save.ch\\\/drogenhaendlerring-ausgehoben\\\/\"},\"wordCount\":225,\"commentCount\":0,\"publisher\":{\"@id\":\"https:\\\/\\\/news.save.ch\\\/de\\\/#organization\"},\"image\":{\"@id\":\"https:\\\/\\\/news.save.ch\\\/drogenhaendlerring-ausgehoben\\\/#primaryimage\"},\"thumbnailUrl\":\"https:\\\/\\\/news.save.ch\\\/wp-content\\\/uploads\\\/2016\\\/12\\\/Drogenhaendlerring-ausgehoben_sicherheitsforuzm.jpg\",\"keywords\":[\"Justiz &amp; Polizei\",\"Kriminalit\u00e4t\"],\"articleSection\":[\"ALLGEMEIN\"],\"inLanguage\":\"it-IT\"},{\"@type\":\"WebPage\",\"@id\":\"https:\\\/\\\/news.save.ch\\\/drogenhaendlerring-ausgehoben\\\/\",\"url\":\"https:\\\/\\\/news.save.ch\\\/drogenhaendlerring-ausgehoben\\\/\",\"name\":\"Drogenh\u00e4ndlerring ausgehoben - Save\",\"isPartOf\":{\"@id\":\"https:\\\/\\\/news.save.ch\\\/de\\\/#website\"},\"primaryImageOfPage\":{\"@id\":\"https:\\\/\\\/news.save.ch\\\/drogenhaendlerring-ausgehoben\\\/#primaryimage\"},\"image\":{\"@id\":\"https:\\\/\\\/news.save.ch\\\/drogenhaendlerring-ausgehoben\\\/#primaryimage\"},\"thumbnailUrl\":\"https:\\\/\\\/news.save.ch\\\/wp-content\\\/uploads\\\/2016\\\/12\\\/Drogenhaendlerring-ausgehoben_sicherheitsforuzm.jpg\",\"datePublished\":\"2015-07-22T07:20:07+00:00\",\"description\":\"Der Staatsanwaltschaft Z\u00fcrich-Limmat ist es zusammen mit der Stadtpolizei Z\u00fcrich gelungen, einen Drogenh\u00e4ndlerring auszuheben.\",\"breadcrumb\":{\"@id\":\"https:\\\/\\\/news.save.ch\\\/drogenhaendlerring-ausgehoben\\\/#breadcrumb\"},\"inLanguage\":\"it-IT\",\"potentialAction\":[{\"@type\":\"ReadAction\",\"target\":[\"https:\\\/\\\/news.save.ch\\\/drogenhaendlerring-ausgehoben\\\/\"]}]},{\"@type\":\"ImageObject\",\"inLanguage\":\"it-IT\",\"@id\":\"https:\\\/\\\/news.save.ch\\\/drogenhaendlerring-ausgehoben\\\/#primaryimage\",\"url\":\"https:\\\/\\\/news.save.ch\\\/wp-content\\\/uploads\\\/2016\\\/12\\\/Drogenhaendlerring-ausgehoben_sicherheitsforuzm.jpg\",\"contentUrl\":\"https:\\\/\\\/news.save.ch\\\/wp-content\\\/uploads\\\/2016\\\/12\\\/Drogenhaendlerring-ausgehoben_sicherheitsforuzm.jpg\",\"width\":756,\"height\":577,\"caption\":\"Es handelt sich um eine der gr\u00f6ssten Drogenbeschlagnahmung im Kanton Z\u00fcrich.\"},{\"@type\":\"BreadcrumbList\",\"@id\":\"https:\\\/\\\/news.save.ch\\\/drogenhaendlerring-ausgehoben\\\/#breadcrumb\",\"itemListElement\":[{\"@type\":\"ListItem\",\"position\":1,\"name\":\"Home\",\"item\":\"https:\\\/\\\/news.save.ch\\\/de\\\/\"},{\"@type\":\"ListItem\",\"position\":2,\"name\":\"Drogenh\u00e4ndlerring ausgehoben\"}]},{\"@type\":\"WebSite\",\"@id\":\"https:\\\/\\\/news.save.ch\\\/de\\\/#website\",\"url\":\"https:\\\/\\\/news.save.ch\\\/de\\\/\",\"name\":\"Save\",\"description\":\"Schweizer Fachzeitschrift f\u00fcr Sicherheit\",\"publisher\":{\"@id\":\"https:\\\/\\\/news.save.ch\\\/de\\\/#organization\"},\"potentialAction\":[{\"@type\":\"SearchAction\",\"target\":{\"@type\":\"EntryPoint\",\"urlTemplate\":\"https:\\\/\\\/news.save.ch\\\/de\\\/?s={search_term_string}\"},\"query-input\":{\"@type\":\"PropertyValueSpecification\",\"valueRequired\":true,\"valueName\":\"search_term_string\"}}],\"inLanguage\":\"it-IT\"},{\"@type\":\"Organization\",\"@id\":\"https:\\\/\\\/news.save.ch\\\/de\\\/#organization\",\"name\":\"Sicherheitsforum\",\"url\":\"https:\\\/\\\/news.save.ch\\\/de\\\/\",\"logo\":{\"@type\":\"ImageObject\",\"inLanguage\":\"it-IT\",\"@id\":\"https:\\\/\\\/news.save.ch\\\/de\\\/#\\\/schema\\\/logo\\\/image\\\/\",\"url\":\"https:\\\/\\\/news.save.ch\\\/wp-content\\\/uploads\\\/2022\\\/06\\\/Logo_SF_2012.png\",\"contentUrl\":\"https:\\\/\\\/news.save.ch\\\/wp-content\\\/uploads\\\/2022\\\/06\\\/Logo_SF_2012.png\",\"width\":1100,\"height\":91,\"caption\":\"Sicherheitsforum\"},\"image\":{\"@id\":\"https:\\\/\\\/news.save.ch\\\/de\\\/#\\\/schema\\\/logo\\\/image\\\/\"}},{\"@type\":\"Person\",\"@id\":\"https:\\\/\\\/news.save.ch\\\/de\\\/#\\\/schema\\\/person\\\/d49e199490bad7c70d64b9ab51142f2b\",\"name\":\"admin\",\"image\":{\"@type\":\"ImageObject\",\"inLanguage\":\"it-IT\",\"@id\":\"https:\\\/\\\/secure.gravatar.com\\\/avatar\\\/ae2f4d718e6c49043e314ce431e7e645d646302a24a5ef5a8bc8e3f5a032e319?s=96&d=mm&r=g\",\"url\":\"https:\\\/\\\/secure.gravatar.com\\\/avatar\\\/ae2f4d718e6c49043e314ce431e7e645d646302a24a5ef5a8bc8e3f5a032e319?s=96&d=mm&r=g\",\"contentUrl\":\"https:\\\/\\\/secure.gravatar.com\\\/avatar\\\/ae2f4d718e6c49043e314ce431e7e645d646302a24a5ef5a8bc8e3f5a032e319?s=96&d=mm&r=g\",\"caption\":\"admin\"},\"sameAs\":[\"https:\\\/\\\/develop.organisator.galledia.ch\"],\"url\":\"https:\\\/\\\/news.save.ch\\\/it\\\/author\\\/admin\\\/\"}]}<\/script>\n<!-- \/ Yoast SEO plugin. -->","yoast_head_json":{"title":"Arrestato un traffico di droga - Save","description":"La procura di Zurigo-Limmat, insieme alla polizia municipale di Zurigo, \u00e8 riuscita a sgominare un traffico di droga.","robots":{"index":"index","follow":"follow","max-snippet":"max-snippet:-1","max-image-preview":"max-image-preview:large","max-video-preview":"max-video-preview:-1"},"canonical":"https:\/\/news.save.ch\/it\/drogenhaendlerring-ausgehoben\/","og_locale":"it_IT","og_type":"article","og_title":"Drogenh\u00e4ndlerring ausgehoben","og_description":"In einem aufw\u00e4ndigen Ermittlungsverfahren ist es der Staatsanwaltschaft Z\u00fcrich-Limmat zusammen mit der Stadtpolizei Z\u00fcrich gelungen, einen Drogenh\u00e4ndlerring auszuheben und eine grosse Menge Bet\u00e4ubungsmittel sicherzustellen, wie die Oberstaatsanwaltschaft, die Staatsanwaltschaft Z\u00fcrich-Limmat sowie die Stadtpolizei Z\u00fcrich bekanntgaben.","og_url":"https:\/\/news.save.ch\/it\/drogenhaendlerring-ausgehoben\/","og_site_name":"Save","article_published_time":"2015-07-22T07:20:07+00:00","og_image":[{"url":"https:\/\/news.save.ch\/wp-content\/uploads\/2016\/12\/Drogenh\u00e4ndlerring-ausgehoben_sicherheitsforuzm.jpg","type":"","width":"","height":""}],"author":"admin","twitter_card":"summary_large_image","twitter_misc":{"Scritto da":"admin","Tempo di lettura stimato":"1 minuto"},"schema":{"@context":"https:\/\/schema.org","@graph":[{"@type":"Article","@id":"https:\/\/news.save.ch\/drogenhaendlerring-ausgehoben\/#article","isPartOf":{"@id":"https:\/\/news.save.ch\/drogenhaendlerring-ausgehoben\/"},"author":{"name":"admin","@id":"https:\/\/news.save.ch\/de\/#\/schema\/person\/d49e199490bad7c70d64b9ab51142f2b"},"headline":"Drogenh\u00e4ndlerring ausgehoben","datePublished":"2015-07-22T07:20:07+00:00","mainEntityOfPage":{"@id":"https:\/\/news.save.ch\/drogenhaendlerring-ausgehoben\/"},"wordCount":225,"commentCount":0,"publisher":{"@id":"https:\/\/news.save.ch\/de\/#organization"},"image":{"@id":"https:\/\/news.save.ch\/drogenhaendlerring-ausgehoben\/#primaryimage"},"thumbnailUrl":"https:\/\/news.save.ch\/wp-content\/uploads\/2016\/12\/Drogenhaendlerring-ausgehoben_sicherheitsforuzm.jpg","keywords":["Justiz &amp; Polizei","Kriminalit\u00e4t"],"articleSection":["ALLGEMEIN"],"inLanguage":"it-IT"},{"@type":"WebPage","@id":"https:\/\/news.save.ch\/drogenhaendlerring-ausgehoben\/","url":"https:\/\/news.save.ch\/drogenhaendlerring-ausgehoben\/","name":"Arrestato un traffico di droga - Save","isPartOf":{"@id":"https:\/\/news.save.ch\/de\/#website"},"primaryImageOfPage":{"@id":"https:\/\/news.save.ch\/drogenhaendlerring-ausgehoben\/#primaryimage"},"image":{"@id":"https:\/\/news.save.ch\/drogenhaendlerring-ausgehoben\/#primaryimage"},"thumbnailUrl":"https:\/\/news.save.ch\/wp-content\/uploads\/2016\/12\/Drogenhaendlerring-ausgehoben_sicherheitsforuzm.jpg","datePublished":"2015-07-22T07:20:07+00:00","description":"La procura di Zurigo-Limmat, insieme alla polizia municipale di Zurigo, \u00e8 riuscita a sgominare un traffico di droga.","breadcrumb":{"@id":"https:\/\/news.save.ch\/drogenhaendlerring-ausgehoben\/#breadcrumb"},"inLanguage":"it-IT","potentialAction":[{"@type":"ReadAction","target":["https:\/\/news.save.ch\/drogenhaendlerring-ausgehoben\/"]}]},{"@type":"ImageObject","inLanguage":"it-IT","@id":"https:\/\/news.save.ch\/drogenhaendlerring-ausgehoben\/#primaryimage","url":"https:\/\/news.save.ch\/wp-content\/uploads\/2016\/12\/Drogenhaendlerring-ausgehoben_sicherheitsforuzm.jpg","contentUrl":"https:\/\/news.save.ch\/wp-content\/uploads\/2016\/12\/Drogenhaendlerring-ausgehoben_sicherheitsforuzm.jpg","width":756,"height":577,"caption":"Es handelt sich um eine der gr\u00f6ssten Drogenbeschlagnahmung im Kanton Z\u00fcrich."},{"@type":"BreadcrumbList","@id":"https:\/\/news.save.ch\/drogenhaendlerring-ausgehoben\/#breadcrumb","itemListElement":[{"@type":"ListItem","position":1,"name":"Home","item":"https:\/\/news.save.ch\/de\/"},{"@type":"ListItem","position":2,"name":"Drogenh\u00e4ndlerring ausgehoben"}]},{"@type":"WebSite","@id":"https:\/\/news.save.ch\/de\/#website","url":"https:\/\/news.save.ch\/de\/","name":"Risparmiare","description":"Rivista svizzera specializzata in sicurezza","publisher":{"@id":"https:\/\/news.save.ch\/de\/#organization"},"potentialAction":[{"@type":"SearchAction","target":{"@type":"EntryPoint","urlTemplate":"https:\/\/news.save.ch\/de\/?s={search_term_string}"},"query-input":{"@type":"PropertyValueSpecification","valueRequired":true,"valueName":"search_term_string"}}],"inLanguage":"it-IT"},{"@type":"Organization","@id":"https:\/\/news.save.ch\/de\/#organization","name":"Forum sulla sicurezza","url":"https:\/\/news.save.ch\/de\/","logo":{"@type":"ImageObject","inLanguage":"it-IT","@id":"https:\/\/news.save.ch\/de\/#\/schema\/logo\/image\/","url":"https:\/\/news.save.ch\/wp-content\/uploads\/2022\/06\/Logo_SF_2012.png","contentUrl":"https:\/\/news.save.ch\/wp-content\/uploads\/2022\/06\/Logo_SF_2012.png","width":1100,"height":91,"caption":"Sicherheitsforum"},"image":{"@id":"https:\/\/news.save.ch\/de\/#\/schema\/logo\/image\/"}},{"@type":"Person","@id":"https:\/\/news.save.ch\/de\/#\/schema\/person\/d49e199490bad7c70d64b9ab51142f2b","name":"amministratore","image":{"@type":"ImageObject","inLanguage":"it-IT","@id":"https:\/\/secure.gravatar.com\/avatar\/ae2f4d718e6c49043e314ce431e7e645d646302a24a5ef5a8bc8e3f5a032e319?s=96&d=mm&r=g","url":"https:\/\/secure.gravatar.com\/avatar\/ae2f4d718e6c49043e314ce431e7e645d646302a24a5ef5a8bc8e3f5a032e319?s=96&d=mm&r=g","contentUrl":"https:\/\/secure.gravatar.com\/avatar\/ae2f4d718e6c49043e314ce431e7e645d646302a24a5ef5a8bc8e3f5a032e319?s=96&d=mm&r=g","caption":"admin"},"sameAs":["https:\/\/develop.organisator.galledia.ch"],"url":"https:\/\/news.save.ch\/it\/author\/admin\/"}]}},"_links":{"self":[{"href":"https:\/\/news.save.ch\/it\/wp-json\/wp\/v2\/posts\/2916","targetHints":{"allow":["GET"]}}],"collection":[{"href":"https:\/\/news.save.ch\/it\/wp-json\/wp\/v2\/posts"}],"about":[{"href":"https:\/\/news.save.ch\/it\/wp-json\/wp\/v2\/types\/post"}],"author":[{"embeddable":true,"href":"https:\/\/news.save.ch\/it\/wp-json\/wp\/v2\/users\/1"}],"replies":[{"embeddable":true,"href":"https:\/\/news.save.ch\/it\/wp-json\/wp\/v2\/comments?post=2916"}],"version-history":[{"count":0,"href":"https:\/\/news.save.ch\/it\/wp-json\/wp\/v2\/posts\/2916\/revisions"}],"wp:featuredmedia":[{"embeddable":true,"href":"https:\/\/news.save.ch\/it\/wp-json\/wp\/v2\/media\/2917"}],"wp:attachment":[{"href":"https:\/\/news.save.ch\/it\/wp-json\/wp\/v2\/media?parent=2916"}],"wp:term":[{"taxonomy":"category","embeddable":true,"href":"https:\/\/news.save.ch\/it\/wp-json\/wp\/v2\/categories?post=2916"},{"taxonomy":"post_tag","embeddable":true,"href":"https:\/\/news.save.ch\/it\/wp-json\/wp\/v2\/tags?post=2916"}],"curies":[{"name":"wp","href":"https:\/\/api.w.org\/{rel}","templated":true}]}}