{"id":2949,"date":"2015-03-02T09:30:34","date_gmt":"2015-03-02T08:30:34","guid":{"rendered":"https:\/\/dev.sicherheitsforum.ch\/?p=2949"},"modified":"2015-03-02T09:30:34","modified_gmt":"2015-03-02T08:30:34","slug":"weiterbildung-zum-projektleiterin-sicherheitssysteme","status":null,"type":"post","link":"https:\/\/news.save.ch\/it\/weiterbildung-zum-projektleiterin-sicherheitssysteme\/","title":{"rendered":"Formazione continua come \"Project Manager Sistemi di sicurezza"},"content":{"rendered":"<figure id=\"attachment_2951\" aria-describedby=\"caption-attachment-2951\" style=\"width: 370px\" class=\"wp-caption alignnone\"><img loading=\"lazy\" decoding=\"async\" class=\"size-full wp-image-2951\" src=\"https:\/\/news.save.ch\/wp-content\/uploads\/2016\/12\/Weiterbildung-zum-Projektleiterin-Sicherheitssysteme-sicherheitsforum.jpg\" alt=\"\" width=\"370\" height=\"247\" \/><figcaption id=\"caption-attachment-2951\" class=\"wp-caption-text\">I diplomati della formazione continua SES<\/figcaption><\/figure>\n<p>Il corso \u00e8 organizzato in collaborazione con il <a title=\"Link alla homepage del SES\" href=\"https:\/\/www.sicher-ses.ch\/\" target=\"_blank\" data-cke-saved-href=\"https:\/\/www.sicher-ses.ch\/\" rel=\"noopener\">Associazione degli installatori svizzeri di sistemi di sicurezza<\/a> (SES). Pu\u00f2 essere completato sia nella specializzazione \"Fire\" che in quella \"Security\". Il corso si rivolge a professionisti con una specializzazione tecnica che lavorano per un'azienda di installazione di tecnologie di sicurezza o che si occupano di sistemi di sicurezza per conto di un progettista di sicurezza o di un organismo di controllo ufficiale o privato. Di recente, la SES ha potuto nuovamente consegnare il diploma federale a 17 diplomati. Non solo hanno aumentato il loro valore di mercato, ma hanno anche fatto qualcosa per la formazione del carattere, ha detto il presidente dell'associazione Guido Portmann (Company\u00a0<a title=\"Link alla homepage dell&#039;azienda\" href=\"https:\/\/www.securiton.ch\/\" target=\"_blank\" data-cke-saved-href=\"https:\/\/www.securiton.ch\/\" rel=\"noopener\">Sicurezza<\/a>).  Ha inoltre sottolineato con orgoglio che la SES ha condotto il quinto corso e ha formato i primi 100 esperti.<\/p>\n<p>Il diploma \u00e8 stato consegnato il 20 gennaio a Lucerna: Markus Baumann, Marco Birrer *, David Bl\u00f6chliger, Michael Caprani, Simon Gilgen *, Christoph Huhle, Thomas Kr\u00e4henb\u00fchl*, Stefan Messerli, Reto Moser, Marco Profico *, Othmar Sch\u00e4fli *, Pascal Steiner, Sascha Stieger *, Martin Stocker *, Pascal Stocker, Martin W\u00fcest, Thom Young (*I laureati con il massimo dei voti; vedi foto).<\/p>","protected":false},"excerpt":{"rendered":"<p>Der Lehrgang wird in Zusammenarbeit mit dem Verband Schweizerischer Errichter von Sicherheitsanlagen (SES) angeboten. Er kann wahlweise in der Fachrichtung \u00abFire\u00bb oder \u00abSecurity\u00bb absolviert werden. Angesprochen sind Berufsleute mit einer technischen Fachrichtung, die in einer Errichterfirma der Sicherheitstechnik t\u00e4tig sind oder sich bei einem Sicherheitsplaner, einer beh\u00f6rdlichen oder privaten Abnahmestelle mit Sicherheitsanlagen befassen. K\u00fcrzlich konnte [&hellip;]<\/p>\n","protected":false},"author":1,"featured_media":2951,"comment_status":"open","ping_status":"open","sticky":false,"template":"","format":"standard","meta":{"_acf_changed":false,"pgc_sgb_lightbox_settings":"","footnotes":""},"categories":[1],"tags":[293],"class_list":["post-2949","post","type-post","status-publish","format-standard","has-post-thumbnail","hentry","category-allgemein","tag-aus-weiterbildung"],"acf":[],"hkrextid":null,"publication":null,"issue":null,"workflow":null,"startPage":null,"spitzmarke":null,"_posts_by_tag_page_fields":{"widget_title":"","widget_tags":""},"_at_widget":"1","_yoast_wpseo_primary_category":"1","_yoast_wpseo_focuskw_text_input":"Sicherheitssysteme","_yoast_wpseo_opengraph-image":"https:\/\/news.save.ch\/wp-content\/uploads\/2016\/12\/Weiterbildung-zum-\u00abProjektleiterin-Sicherheitssysteme\u00bb-sicherheitsforum.jpg","_yoast_wpseo_opengraph-description":"Die Anforderungen an die Sicherheitsspezialisten steigen, denn Sicherheits- und Alarmanlagen werden immer anspruchsvoller. Das verlangt einiges an K\u00f6pfchen von denjenigen, die die raffinierten Sicherheitssysteme planen, sie in Betrieb nehmen und schliesslich auch f\u00fcr den Unterhalt zust\u00e4ndig sind. Das n\u00f6tige R\u00fcstzeug verleiht die Weiterbildung \u00abProjektleiter\/in Sicherheitssysteme\u00bb \u2013 ein Diplom mit eidgen\u00f6ssischem Fachausweis.","_yoast_wpseo_opengraph-title":"Sicherheitssysteme","enclosure":null,"_yoast_wpseo_twitter-title":null,"_yoast_wpseo_twitter-description":null,"_yoast_wpseo_twitter-image":null,"_wp_old_slug":null,"_yoast_wpseo_title":null,"_yoast_wpseo_canonical":null,"yoast_head":"<!-- This site is optimized with the Yoast SEO plugin v27.4 - https:\/\/yoast.com\/product\/yoast-seo-wordpress\/ -->\n<title>Weiterbildung zum \u00abProjektleiter\/in Sicherheitssysteme\u00bb - Save<\/title>\n<meta name=\"description\" content=\"Die Anforderungen an die Sicherheitsspezialisten steigen. Das verlangt einiges an K\u00f6pfchen von denjenigen, die die raffinierten Sicherheitssysteme planen.\" \/>\n<meta name=\"robots\" content=\"index, follow, max-snippet:-1, max-image-preview:large, max-video-preview:-1\" \/>\n<link rel=\"canonical\" href=\"https:\/\/news.save.ch\/it\/weiterbildung-zum-projektleiterin-sicherheitssysteme\/\" \/>\n<meta property=\"og:locale\" content=\"it_IT\" \/>\n<meta property=\"og:type\" content=\"article\" \/>\n<meta property=\"og:title\" content=\"Sicherheitssysteme\" \/>\n<meta property=\"og:description\" content=\"Die Anforderungen an die Sicherheitsspezialisten steigen, denn Sicherheits- und Alarmanlagen werden immer anspruchsvoller. Das verlangt einiges an K\u00f6pfchen von denjenigen, die die raffinierten Sicherheitssysteme planen, sie in Betrieb nehmen und schliesslich auch f\u00fcr den Unterhalt zust\u00e4ndig sind. Das n\u00f6tige R\u00fcstzeug verleiht die Weiterbildung \u00abProjektleiter\/in Sicherheitssysteme\u00bb \u2013 ein Diplom mit eidgen\u00f6ssischem Fachausweis.\" \/>\n<meta property=\"og:url\" content=\"https:\/\/news.save.ch\/it\/weiterbildung-zum-projektleiterin-sicherheitssysteme\/\" \/>\n<meta property=\"og:site_name\" content=\"Save\" \/>\n<meta property=\"article:published_time\" content=\"2015-03-02T08:30:34+00:00\" \/>\n<meta property=\"og:image\" content=\"https:\/\/news.save.ch\/wp-content\/uploads\/2016\/12\/Weiterbildung-zum-\u00abProjektleiterin-Sicherheitssysteme\u00bb-sicherheitsforum.jpg\" \/>\n<meta name=\"author\" content=\"admin\" \/>\n<meta name=\"twitter:card\" content=\"summary_large_image\" \/>\n<meta name=\"twitter:label1\" content=\"Scritto da\" \/>\n\t<meta name=\"twitter:data1\" content=\"admin\" \/>\n\t<meta name=\"twitter:label2\" content=\"Tempo di lettura stimato\" \/>\n\t<meta name=\"twitter:data2\" content=\"1 minuto\" \/>\n<script type=\"application\/ld+json\" class=\"yoast-schema-graph\">{\"@context\":\"https:\\\/\\\/schema.org\",\"@graph\":[{\"@type\":\"Article\",\"@id\":\"https:\\\/\\\/news.save.ch\\\/weiterbildung-zum-projektleiterin-sicherheitssysteme\\\/#article\",\"isPartOf\":{\"@id\":\"https:\\\/\\\/news.save.ch\\\/weiterbildung-zum-projektleiterin-sicherheitssysteme\\\/\"},\"author\":{\"name\":\"admin\",\"@id\":\"https:\\\/\\\/news.save.ch\\\/de\\\/#\\\/schema\\\/person\\\/d49e199490bad7c70d64b9ab51142f2b\"},\"headline\":\"Weiterbildung zum \u00abProjektleiter\\\/in Sicherheitssysteme\u00bb\",\"datePublished\":\"2015-03-02T08:30:34+00:00\",\"mainEntityOfPage\":{\"@id\":\"https:\\\/\\\/news.save.ch\\\/weiterbildung-zum-projektleiterin-sicherheitssysteme\\\/\"},\"wordCount\":182,\"commentCount\":0,\"publisher\":{\"@id\":\"https:\\\/\\\/news.save.ch\\\/de\\\/#organization\"},\"image\":{\"@id\":\"https:\\\/\\\/news.save.ch\\\/weiterbildung-zum-projektleiterin-sicherheitssysteme\\\/#primaryimage\"},\"thumbnailUrl\":\"https:\\\/\\\/news.save.ch\\\/wp-content\\\/uploads\\\/2016\\\/12\\\/Weiterbildung-zum-Projektleiterin-Sicherheitssysteme-sicherheitsforum.jpg\",\"keywords\":[\"Aus- &amp; Weiterbildung\"],\"articleSection\":[\"ALLGEMEIN\"],\"inLanguage\":\"it-IT\"},{\"@type\":\"WebPage\",\"@id\":\"https:\\\/\\\/news.save.ch\\\/weiterbildung-zum-projektleiterin-sicherheitssysteme\\\/\",\"url\":\"https:\\\/\\\/news.save.ch\\\/weiterbildung-zum-projektleiterin-sicherheitssysteme\\\/\",\"name\":\"Weiterbildung zum \u00abProjektleiter\\\/in Sicherheitssysteme\u00bb - Save\",\"isPartOf\":{\"@id\":\"https:\\\/\\\/news.save.ch\\\/de\\\/#website\"},\"primaryImageOfPage\":{\"@id\":\"https:\\\/\\\/news.save.ch\\\/weiterbildung-zum-projektleiterin-sicherheitssysteme\\\/#primaryimage\"},\"image\":{\"@id\":\"https:\\\/\\\/news.save.ch\\\/weiterbildung-zum-projektleiterin-sicherheitssysteme\\\/#primaryimage\"},\"thumbnailUrl\":\"https:\\\/\\\/news.save.ch\\\/wp-content\\\/uploads\\\/2016\\\/12\\\/Weiterbildung-zum-Projektleiterin-Sicherheitssysteme-sicherheitsforum.jpg\",\"datePublished\":\"2015-03-02T08:30:34+00:00\",\"description\":\"Die Anforderungen an die Sicherheitsspezialisten steigen. Das verlangt einiges an K\u00f6pfchen von denjenigen, die die raffinierten Sicherheitssysteme planen.\",\"breadcrumb\":{\"@id\":\"https:\\\/\\\/news.save.ch\\\/weiterbildung-zum-projektleiterin-sicherheitssysteme\\\/#breadcrumb\"},\"inLanguage\":\"it-IT\",\"potentialAction\":[{\"@type\":\"ReadAction\",\"target\":[\"https:\\\/\\\/news.save.ch\\\/weiterbildung-zum-projektleiterin-sicherheitssysteme\\\/\"]}]},{\"@type\":\"ImageObject\",\"inLanguage\":\"it-IT\",\"@id\":\"https:\\\/\\\/news.save.ch\\\/weiterbildung-zum-projektleiterin-sicherheitssysteme\\\/#primaryimage\",\"url\":\"https:\\\/\\\/news.save.ch\\\/wp-content\\\/uploads\\\/2016\\\/12\\\/Weiterbildung-zum-Projektleiterin-Sicherheitssysteme-sicherheitsforum.jpg\",\"contentUrl\":\"https:\\\/\\\/news.save.ch\\\/wp-content\\\/uploads\\\/2016\\\/12\\\/Weiterbildung-zum-Projektleiterin-Sicherheitssysteme-sicherheitsforum.jpg\",\"width\":370,\"height\":247,\"caption\":\"Die Absolventen der SES-Weiterbildung\"},{\"@type\":\"BreadcrumbList\",\"@id\":\"https:\\\/\\\/news.save.ch\\\/weiterbildung-zum-projektleiterin-sicherheitssysteme\\\/#breadcrumb\",\"itemListElement\":[{\"@type\":\"ListItem\",\"position\":1,\"name\":\"Home\",\"item\":\"https:\\\/\\\/news.save.ch\\\/de\\\/\"},{\"@type\":\"ListItem\",\"position\":2,\"name\":\"Weiterbildung zum \u00abProjektleiter\\\/in Sicherheitssysteme\u00bb\"}]},{\"@type\":\"WebSite\",\"@id\":\"https:\\\/\\\/news.save.ch\\\/de\\\/#website\",\"url\":\"https:\\\/\\\/news.save.ch\\\/de\\\/\",\"name\":\"Save\",\"description\":\"Schweizer Fachzeitschrift f\u00fcr Sicherheit\",\"publisher\":{\"@id\":\"https:\\\/\\\/news.save.ch\\\/de\\\/#organization\"},\"potentialAction\":[{\"@type\":\"SearchAction\",\"target\":{\"@type\":\"EntryPoint\",\"urlTemplate\":\"https:\\\/\\\/news.save.ch\\\/de\\\/?s={search_term_string}\"},\"query-input\":{\"@type\":\"PropertyValueSpecification\",\"valueRequired\":true,\"valueName\":\"search_term_string\"}}],\"inLanguage\":\"it-IT\"},{\"@type\":\"Organization\",\"@id\":\"https:\\\/\\\/news.save.ch\\\/de\\\/#organization\",\"name\":\"Sicherheitsforum\",\"url\":\"https:\\\/\\\/news.save.ch\\\/de\\\/\",\"logo\":{\"@type\":\"ImageObject\",\"inLanguage\":\"it-IT\",\"@id\":\"https:\\\/\\\/news.save.ch\\\/de\\\/#\\\/schema\\\/logo\\\/image\\\/\",\"url\":\"https:\\\/\\\/news.save.ch\\\/wp-content\\\/uploads\\\/2022\\\/06\\\/Logo_SF_2012.png\",\"contentUrl\":\"https:\\\/\\\/news.save.ch\\\/wp-content\\\/uploads\\\/2022\\\/06\\\/Logo_SF_2012.png\",\"width\":1100,\"height\":91,\"caption\":\"Sicherheitsforum\"},\"image\":{\"@id\":\"https:\\\/\\\/news.save.ch\\\/de\\\/#\\\/schema\\\/logo\\\/image\\\/\"}},{\"@type\":\"Person\",\"@id\":\"https:\\\/\\\/news.save.ch\\\/de\\\/#\\\/schema\\\/person\\\/d49e199490bad7c70d64b9ab51142f2b\",\"name\":\"admin\",\"image\":{\"@type\":\"ImageObject\",\"inLanguage\":\"it-IT\",\"@id\":\"https:\\\/\\\/secure.gravatar.com\\\/avatar\\\/ae2f4d718e6c49043e314ce431e7e645d646302a24a5ef5a8bc8e3f5a032e319?s=96&d=mm&r=g\",\"url\":\"https:\\\/\\\/secure.gravatar.com\\\/avatar\\\/ae2f4d718e6c49043e314ce431e7e645d646302a24a5ef5a8bc8e3f5a032e319?s=96&d=mm&r=g\",\"contentUrl\":\"https:\\\/\\\/secure.gravatar.com\\\/avatar\\\/ae2f4d718e6c49043e314ce431e7e645d646302a24a5ef5a8bc8e3f5a032e319?s=96&d=mm&r=g\",\"caption\":\"admin\"},\"sameAs\":[\"https:\\\/\\\/develop.organisator.galledia.ch\"],\"url\":\"https:\\\/\\\/news.save.ch\\\/it\\\/author\\\/admin\\\/\"}]}<\/script>\n<!-- \/ Yoast SEO plugin. -->","yoast_head_json":{"title":"Formazione continua come \"Project Manager Sistemi di sicurezza\" - Salva","description":"Le richieste agli specialisti della sicurezza sono in aumento. Questo richiede molto cervello da parte di chi progetta i sofisticati sistemi di sicurezza.","robots":{"index":"index","follow":"follow","max-snippet":"max-snippet:-1","max-image-preview":"max-image-preview:large","max-video-preview":"max-video-preview:-1"},"canonical":"https:\/\/news.save.ch\/it\/weiterbildung-zum-projektleiterin-sicherheitssysteme\/","og_locale":"it_IT","og_type":"article","og_title":"Sicherheitssysteme","og_description":"Die Anforderungen an die Sicherheitsspezialisten steigen, denn Sicherheits- und Alarmanlagen werden immer anspruchsvoller. Das verlangt einiges an K\u00f6pfchen von denjenigen, die die raffinierten Sicherheitssysteme planen, sie in Betrieb nehmen und schliesslich auch f\u00fcr den Unterhalt zust\u00e4ndig sind. Das n\u00f6tige R\u00fcstzeug verleiht die Weiterbildung \u00abProjektleiter\/in Sicherheitssysteme\u00bb \u2013 ein Diplom mit eidgen\u00f6ssischem Fachausweis.","og_url":"https:\/\/news.save.ch\/it\/weiterbildung-zum-projektleiterin-sicherheitssysteme\/","og_site_name":"Save","article_published_time":"2015-03-02T08:30:34+00:00","og_image":[{"url":"https:\/\/news.save.ch\/wp-content\/uploads\/2016\/12\/Weiterbildung-zum-\u00abProjektleiterin-Sicherheitssysteme\u00bb-sicherheitsforum.jpg","type":"","width":"","height":""}],"author":"admin","twitter_card":"summary_large_image","twitter_misc":{"Scritto da":"admin","Tempo di lettura stimato":"1 minuto"},"schema":{"@context":"https:\/\/schema.org","@graph":[{"@type":"Article","@id":"https:\/\/news.save.ch\/weiterbildung-zum-projektleiterin-sicherheitssysteme\/#article","isPartOf":{"@id":"https:\/\/news.save.ch\/weiterbildung-zum-projektleiterin-sicherheitssysteme\/"},"author":{"name":"admin","@id":"https:\/\/news.save.ch\/de\/#\/schema\/person\/d49e199490bad7c70d64b9ab51142f2b"},"headline":"Weiterbildung zum \u00abProjektleiter\/in Sicherheitssysteme\u00bb","datePublished":"2015-03-02T08:30:34+00:00","mainEntityOfPage":{"@id":"https:\/\/news.save.ch\/weiterbildung-zum-projektleiterin-sicherheitssysteme\/"},"wordCount":182,"commentCount":0,"publisher":{"@id":"https:\/\/news.save.ch\/de\/#organization"},"image":{"@id":"https:\/\/news.save.ch\/weiterbildung-zum-projektleiterin-sicherheitssysteme\/#primaryimage"},"thumbnailUrl":"https:\/\/news.save.ch\/wp-content\/uploads\/2016\/12\/Weiterbildung-zum-Projektleiterin-Sicherheitssysteme-sicherheitsforum.jpg","keywords":["Aus- &amp; Weiterbildung"],"articleSection":["ALLGEMEIN"],"inLanguage":"it-IT"},{"@type":"WebPage","@id":"https:\/\/news.save.ch\/weiterbildung-zum-projektleiterin-sicherheitssysteme\/","url":"https:\/\/news.save.ch\/weiterbildung-zum-projektleiterin-sicherheitssysteme\/","name":"Formazione continua come \"Project Manager Sistemi di sicurezza\" - Salva","isPartOf":{"@id":"https:\/\/news.save.ch\/de\/#website"},"primaryImageOfPage":{"@id":"https:\/\/news.save.ch\/weiterbildung-zum-projektleiterin-sicherheitssysteme\/#primaryimage"},"image":{"@id":"https:\/\/news.save.ch\/weiterbildung-zum-projektleiterin-sicherheitssysteme\/#primaryimage"},"thumbnailUrl":"https:\/\/news.save.ch\/wp-content\/uploads\/2016\/12\/Weiterbildung-zum-Projektleiterin-Sicherheitssysteme-sicherheitsforum.jpg","datePublished":"2015-03-02T08:30:34+00:00","description":"Le richieste agli specialisti della sicurezza sono in aumento. Questo richiede molto cervello da parte di chi progetta i sofisticati sistemi di sicurezza.","breadcrumb":{"@id":"https:\/\/news.save.ch\/weiterbildung-zum-projektleiterin-sicherheitssysteme\/#breadcrumb"},"inLanguage":"it-IT","potentialAction":[{"@type":"ReadAction","target":["https:\/\/news.save.ch\/weiterbildung-zum-projektleiterin-sicherheitssysteme\/"]}]},{"@type":"ImageObject","inLanguage":"it-IT","@id":"https:\/\/news.save.ch\/weiterbildung-zum-projektleiterin-sicherheitssysteme\/#primaryimage","url":"https:\/\/news.save.ch\/wp-content\/uploads\/2016\/12\/Weiterbildung-zum-Projektleiterin-Sicherheitssysteme-sicherheitsforum.jpg","contentUrl":"https:\/\/news.save.ch\/wp-content\/uploads\/2016\/12\/Weiterbildung-zum-Projektleiterin-Sicherheitssysteme-sicherheitsforum.jpg","width":370,"height":247,"caption":"Die Absolventen der SES-Weiterbildung"},{"@type":"BreadcrumbList","@id":"https:\/\/news.save.ch\/weiterbildung-zum-projektleiterin-sicherheitssysteme\/#breadcrumb","itemListElement":[{"@type":"ListItem","position":1,"name":"Home","item":"https:\/\/news.save.ch\/de\/"},{"@type":"ListItem","position":2,"name":"Weiterbildung zum \u00abProjektleiter\/in Sicherheitssysteme\u00bb"}]},{"@type":"WebSite","@id":"https:\/\/news.save.ch\/de\/#website","url":"https:\/\/news.save.ch\/de\/","name":"Risparmiare","description":"Rivista svizzera specializzata in sicurezza","publisher":{"@id":"https:\/\/news.save.ch\/de\/#organization"},"potentialAction":[{"@type":"SearchAction","target":{"@type":"EntryPoint","urlTemplate":"https:\/\/news.save.ch\/de\/?s={search_term_string}"},"query-input":{"@type":"PropertyValueSpecification","valueRequired":true,"valueName":"search_term_string"}}],"inLanguage":"it-IT"},{"@type":"Organization","@id":"https:\/\/news.save.ch\/de\/#organization","name":"Forum sulla sicurezza","url":"https:\/\/news.save.ch\/de\/","logo":{"@type":"ImageObject","inLanguage":"it-IT","@id":"https:\/\/news.save.ch\/de\/#\/schema\/logo\/image\/","url":"https:\/\/news.save.ch\/wp-content\/uploads\/2022\/06\/Logo_SF_2012.png","contentUrl":"https:\/\/news.save.ch\/wp-content\/uploads\/2022\/06\/Logo_SF_2012.png","width":1100,"height":91,"caption":"Sicherheitsforum"},"image":{"@id":"https:\/\/news.save.ch\/de\/#\/schema\/logo\/image\/"}},{"@type":"Person","@id":"https:\/\/news.save.ch\/de\/#\/schema\/person\/d49e199490bad7c70d64b9ab51142f2b","name":"amministratore","image":{"@type":"ImageObject","inLanguage":"it-IT","@id":"https:\/\/secure.gravatar.com\/avatar\/ae2f4d718e6c49043e314ce431e7e645d646302a24a5ef5a8bc8e3f5a032e319?s=96&d=mm&r=g","url":"https:\/\/secure.gravatar.com\/avatar\/ae2f4d718e6c49043e314ce431e7e645d646302a24a5ef5a8bc8e3f5a032e319?s=96&d=mm&r=g","contentUrl":"https:\/\/secure.gravatar.com\/avatar\/ae2f4d718e6c49043e314ce431e7e645d646302a24a5ef5a8bc8e3f5a032e319?s=96&d=mm&r=g","caption":"admin"},"sameAs":["https:\/\/develop.organisator.galledia.ch"],"url":"https:\/\/news.save.ch\/it\/author\/admin\/"}]}},"_links":{"self":[{"href":"https:\/\/news.save.ch\/it\/wp-json\/wp\/v2\/posts\/2949","targetHints":{"allow":["GET"]}}],"collection":[{"href":"https:\/\/news.save.ch\/it\/wp-json\/wp\/v2\/posts"}],"about":[{"href":"https:\/\/news.save.ch\/it\/wp-json\/wp\/v2\/types\/post"}],"author":[{"embeddable":true,"href":"https:\/\/news.save.ch\/it\/wp-json\/wp\/v2\/users\/1"}],"replies":[{"embeddable":true,"href":"https:\/\/news.save.ch\/it\/wp-json\/wp\/v2\/comments?post=2949"}],"version-history":[{"count":0,"href":"https:\/\/news.save.ch\/it\/wp-json\/wp\/v2\/posts\/2949\/revisions"}],"wp:featuredmedia":[{"embeddable":true,"href":"https:\/\/news.save.ch\/it\/wp-json\/wp\/v2\/media\/2951"}],"wp:attachment":[{"href":"https:\/\/news.save.ch\/it\/wp-json\/wp\/v2\/media?parent=2949"}],"wp:term":[{"taxonomy":"category","embeddable":true,"href":"https:\/\/news.save.ch\/it\/wp-json\/wp\/v2\/categories?post=2949"},{"taxonomy":"post_tag","embeddable":true,"href":"https:\/\/news.save.ch\/it\/wp-json\/wp\/v2\/tags?post=2949"}],"curies":[{"name":"wp","href":"https:\/\/api.w.org\/{rel}","templated":true}]}}