{"id":2992,"date":"2015-03-03T10:27:45","date_gmt":"2015-03-03T09:27:45","guid":{"rendered":"https:\/\/dev.sicherheitsforum.ch\/?p=2992"},"modified":"2015-03-03T10:27:45","modified_gmt":"2015-03-03T09:27:45","slug":"rueckgang-der-fernmeldeueberwachung","status":null,"type":"post","link":"https:\/\/news.save.ch\/it\/rueckgang-der-fernmeldeueberwachung\/","title":{"rendered":"Diminuzione della sorveglianza delle telecomunicazioni"},"content":{"rendered":"<figure id=\"attachment_3008\" aria-describedby=\"caption-attachment-3008\" style=\"width: 400px\" class=\"wp-caption alignnone\"><img loading=\"lazy\" decoding=\"async\" class=\"size-full wp-image-3008\" src=\"https:\/\/news.save.ch\/wp-content\/uploads\/2016\/12\/Rueckgang-der-Fernmeldeueberwachung-sicherheitsforum.jpg\" alt=\"\" width=\"400\" height=\"300\" srcset=\"https:\/\/news.save.ch\/wp-content\/uploads\/2016\/12\/Rueckgang-der-Fernmeldeueberwachung-sicherheitsforum.jpg 400w, https:\/\/news.save.ch\/wp-content\/uploads\/2016\/12\/Rueckgang-der-Fernmeldeueberwachung-sicherheitsforum-375x281.jpg 375w\" sizes=\"auto, (max-width: 400px) 100vw, 400px\" \/><figcaption id=\"caption-attachment-3008\" class=\"wp-caption-text\">Circa 40% delle misure cautelari sono state disposte per reati gravi contro la legge sugli stupefacenti.<\/figcaption><\/figure>\n<p>Sono diminuite sia le misure di sorveglianza in tempo reale ordinate dalle autorit\u00e0 di perseguimento penale presso l'FSPO (intercettazioni di telefonate o lettura di e-mail) sia le misure di sorveglianza a posteriori (prova di connessione). Nel 2014 sono state ordinate 3.344 misure di sorveglianza in tempo reale (2013: 3.770) e 6.335 misure retroattive (2013: 6.872). Va notato che una persona \u00e8 spesso soggetta a pi\u00f9 misure di sorveglianza, ad esempio se utilizza pi\u00f9 telefoni.<\/p>\n<p><strong>Diminuzione delle informazioni dettagliate, aumento delle interrogazioni della rubrica telefonica:<\/strong>\u00a0Nel 2014, le autorit\u00e0 di polizia hanno ottenuto meno informazioni dal servizio \u00dcPF. Le informazioni tecnico-amministrative (informazioni dettagliate sui collegamenti di telecomunicazione, identificazione degli abbonati) hanno registrato una diminuzione di circa 9%, passando a 4.478. Le informazioni semplici (richieste di elenchi telefonici, richieste di indirizzi IP), invece, sono state richieste con una certa frequenza. Sono aumentati di quasi 4%, arrivando a 198.019 unit\u00e0.<\/p>\n<p><strong>Traffico di droga e reati contro la propriet\u00e0:<\/strong>\u00a0Circa 40% di queste misure di sorveglianza sono state ordinate dalle autorit\u00e0 giudiziarie per accertare gravi reati contro la legge sugli stupefacenti. Un terzo riguarda reati gravi contro la propriet\u00e0. Il resto \u00e8 suddiviso tra vari tipi di reati, tra cui i reati violenti e sessuali gravi.<\/p>\n<p><strong>Meno tasse e compensi:<\/strong>\u00a0Le autorit\u00e0 di perseguimento penale hanno pagato un totale di 13,63 milioni di franchi per le misure, circa 8% in meno rispetto all'anno precedente. Ai fornitori di servizi postali e di telecomunicazione \u00e8 stato corrisposto un risarcimento di 10,13 milioni di franchi svizzeri (circa 2% in pi\u00f9 rispetto al 2013). Va notato che le statistiche elencano la sorveglianza ordinata nel 2014, come scrive il DFGP. Tuttavia, le tasse non vengono pagate fino al completamento delle misure di sorveglianza, cio\u00e8 in alcuni casi non prima del 2015.<\/p>\n<p>Le informazioni pubblicate sul sito web del servizio \u00dcPF <a title=\"Link alle statistiche dettagliate\" href=\"https:\/\/www.li.admin.ch\/de\/themen\/statistik\" target=\"_blank\" data-cke-saved-href=\"https:\/\/www.li.admin.ch\/de\/themen\/statistik\" rel=\"noopener\">Statistiche<\/a> elenca in dettaglio tutte le misure di sorveglianza ordinate e le informazioni fornite dalle autorit\u00e0 giudiziarie nel 2014.<\/p>","protected":false},"excerpt":{"rendered":"<p>Sowohl die von den Strafverfolgungsbeh\u00f6rden beim Dienst \u00dcPF angeordneten Echtzeit\u00fcberwachungsmassnahmen (Mith\u00f6ren von Telefonaten bzw. Mitlesen von E-Mails), wie auch die r\u00fcckwirkenden \u00dcberwachungsmassnahmen (Verbindungsnachweise) haben abgenommen. 2014 wurden 3&#8217;344 Echtzeit\u00fcberwachungen angeordnet (2013: 3&#8217;770) und 6&#8217;335 r\u00fcckwirkende (2013: \u00a06&#8217;872). Dabei ist zu beachten, dass h\u00e4ufig auf eine Person mehrere \u00dcberwachungsmassnahmen fallen, beispielsweise wenn diese mehrere Telefone benutzt. [&hellip;]<\/p>\n","protected":false},"author":1,"featured_media":3008,"comment_status":"open","ping_status":"open","sticky":false,"template":"","format":"standard","meta":{"_acf_changed":false,"pgc_sgb_lightbox_settings":"","footnotes":""},"categories":[1],"tags":[69,113,55],"class_list":["post-2992","post","type-post","status-publish","format-standard","has-post-thumbnail","hentry","category-allgemein","tag-justiz-polizei","tag-kriminalitaet","tag-ueberwachung"],"acf":[],"hkrextid":null,"publication":null,"issue":null,"workflow":null,"startPage":null,"spitzmarke":null,"_posts_by_tag_page_fields":{"widget_title":"","widget_tags":""},"_at_widget":"1","_yoast_wpseo_primary_category":"1","_yoast_wpseo_focuskw_text_input":"Fernmelde\u00fcberwachung","_yoast_wpseo_opengraph-image":"https:\/\/news.save.ch\/wp-content\/uploads\/2016\/12\/R\u00fcckgang-der-Fernmelde\u00fcberwachung-sicherheitsforum.jpg","_yoast_wpseo_opengraph-description":"Im Jahr 2014 haben die Schweizer Strafverfolgungsbeh\u00f6rden rund 10% weniger \u00dcberwachungsmassnahmen beim Dienst \u00dcberwachung Post- und Fernmeldeverkehr (Dienst \u00dcPF) angeordnet als im Vorjahr. Insgesamt waren es 9679 \u00dcberwachungsmassnahmen, wie das Eidgen\u00f6ssisches Justiz- und Polizeidepartement mitgeteilt (EJPD) hat.","_yoast_wpseo_opengraph-title":"Fernmelde\u00fcberwachung","enclosure":null,"_yoast_wpseo_twitter-title":null,"_yoast_wpseo_twitter-description":null,"_yoast_wpseo_twitter-image":null,"_wp_old_slug":null,"_yoast_wpseo_title":null,"_yoast_wpseo_canonical":null,"yoast_head":"<!-- This site is optimized with the Yoast SEO plugin v27.5 - https:\/\/yoast.com\/product\/yoast-seo-wordpress\/ -->\n<title>R\u00fcckgang der Fernmelde\u00fcberwachung - Save<\/title>\n<meta name=\"description\" content=\"Rund 10% weniger \u00dcberwachungsmassnahmen beim Dienst \u00dcberwachung Post- und Fernmelde\u00fcberwachung (Dienst \u00dcPF)\" \/>\n<meta name=\"robots\" content=\"index, follow, max-snippet:-1, max-image-preview:large, max-video-preview:-1\" \/>\n<link rel=\"canonical\" href=\"https:\/\/news.save.ch\/it\/rueckgang-der-fernmeldeueberwachung\/\" \/>\n<meta property=\"og:locale\" content=\"it_IT\" \/>\n<meta property=\"og:type\" content=\"article\" \/>\n<meta property=\"og:title\" content=\"Fernmelde\u00fcberwachung\" \/>\n<meta property=\"og:description\" content=\"Im Jahr 2014 haben die Schweizer Strafverfolgungsbeh\u00f6rden rund 10% weniger \u00dcberwachungsmassnahmen beim Dienst \u00dcberwachung Post- und Fernmeldeverkehr (Dienst \u00dcPF) angeordnet als im Vorjahr. Insgesamt waren es 9679 \u00dcberwachungsmassnahmen, wie das Eidgen\u00f6ssisches Justiz- und Polizeidepartement mitgeteilt (EJPD) hat.\" \/>\n<meta property=\"og:url\" content=\"https:\/\/news.save.ch\/it\/rueckgang-der-fernmeldeueberwachung\/\" \/>\n<meta property=\"og:site_name\" content=\"Save\" \/>\n<meta property=\"article:published_time\" content=\"2015-03-03T09:27:45+00:00\" \/>\n<meta property=\"og:image\" content=\"https:\/\/news.save.ch\/wp-content\/uploads\/2016\/12\/R\u00fcckgang-der-Fernmelde\u00fcberwachung-sicherheitsforum.jpg\" \/>\n<meta name=\"author\" content=\"admin\" \/>\n<meta name=\"twitter:card\" content=\"summary_large_image\" \/>\n<meta name=\"twitter:label1\" content=\"Scritto da\" \/>\n\t<meta name=\"twitter:data1\" content=\"admin\" \/>\n\t<meta name=\"twitter:label2\" content=\"Tempo di lettura stimato\" \/>\n\t<meta name=\"twitter:data2\" content=\"1 minuto\" \/>\n<script type=\"application\/ld+json\" class=\"yoast-schema-graph\">{\"@context\":\"https:\\\/\\\/schema.org\",\"@graph\":[{\"@type\":\"Article\",\"@id\":\"https:\\\/\\\/news.save.ch\\\/rueckgang-der-fernmeldeueberwachung\\\/#article\",\"isPartOf\":{\"@id\":\"https:\\\/\\\/news.save.ch\\\/rueckgang-der-fernmeldeueberwachung\\\/\"},\"author\":{\"name\":\"admin\",\"@id\":\"https:\\\/\\\/news.save.ch\\\/de\\\/#\\\/schema\\\/person\\\/d49e199490bad7c70d64b9ab51142f2b\"},\"headline\":\"R\u00fcckgang der Fernmelde\u00fcberwachung\",\"datePublished\":\"2015-03-03T09:27:45+00:00\",\"mainEntityOfPage\":{\"@id\":\"https:\\\/\\\/news.save.ch\\\/rueckgang-der-fernmeldeueberwachung\\\/\"},\"wordCount\":282,\"commentCount\":0,\"publisher\":{\"@id\":\"https:\\\/\\\/news.save.ch\\\/de\\\/#organization\"},\"image\":{\"@id\":\"https:\\\/\\\/news.save.ch\\\/rueckgang-der-fernmeldeueberwachung\\\/#primaryimage\"},\"thumbnailUrl\":\"https:\\\/\\\/news.save.ch\\\/wp-content\\\/uploads\\\/2016\\\/12\\\/Rueckgang-der-Fernmeldeueberwachung-sicherheitsforum.jpg\",\"keywords\":[\"Justiz &amp; Polizei\",\"Kriminalit\u00e4t\",\"\u00dcberwachung\"],\"articleSection\":[\"ALLGEMEIN\"],\"inLanguage\":\"it-IT\"},{\"@type\":\"WebPage\",\"@id\":\"https:\\\/\\\/news.save.ch\\\/rueckgang-der-fernmeldeueberwachung\\\/\",\"url\":\"https:\\\/\\\/news.save.ch\\\/rueckgang-der-fernmeldeueberwachung\\\/\",\"name\":\"R\u00fcckgang der Fernmelde\u00fcberwachung - Save\",\"isPartOf\":{\"@id\":\"https:\\\/\\\/news.save.ch\\\/de\\\/#website\"},\"primaryImageOfPage\":{\"@id\":\"https:\\\/\\\/news.save.ch\\\/rueckgang-der-fernmeldeueberwachung\\\/#primaryimage\"},\"image\":{\"@id\":\"https:\\\/\\\/news.save.ch\\\/rueckgang-der-fernmeldeueberwachung\\\/#primaryimage\"},\"thumbnailUrl\":\"https:\\\/\\\/news.save.ch\\\/wp-content\\\/uploads\\\/2016\\\/12\\\/Rueckgang-der-Fernmeldeueberwachung-sicherheitsforum.jpg\",\"datePublished\":\"2015-03-03T09:27:45+00:00\",\"description\":\"Rund 10% weniger \u00dcberwachungsmassnahmen beim Dienst \u00dcberwachung Post- und Fernmelde\u00fcberwachung (Dienst \u00dcPF)\",\"breadcrumb\":{\"@id\":\"https:\\\/\\\/news.save.ch\\\/rueckgang-der-fernmeldeueberwachung\\\/#breadcrumb\"},\"inLanguage\":\"it-IT\",\"potentialAction\":[{\"@type\":\"ReadAction\",\"target\":[\"https:\\\/\\\/news.save.ch\\\/rueckgang-der-fernmeldeueberwachung\\\/\"]}]},{\"@type\":\"ImageObject\",\"inLanguage\":\"it-IT\",\"@id\":\"https:\\\/\\\/news.save.ch\\\/rueckgang-der-fernmeldeueberwachung\\\/#primaryimage\",\"url\":\"https:\\\/\\\/news.save.ch\\\/wp-content\\\/uploads\\\/2016\\\/12\\\/Rueckgang-der-Fernmeldeueberwachung-sicherheitsforum.jpg\",\"contentUrl\":\"https:\\\/\\\/news.save.ch\\\/wp-content\\\/uploads\\\/2016\\\/12\\\/Rueckgang-der-Fernmeldeueberwachung-sicherheitsforum.jpg\",\"width\":400,\"height\":300,\"caption\":\"Rund 40% der \u00dcberwachungsmassnahmen werden wegen schwere Widerhandlungen gegen das Bet\u00e4ubungsmittelgesetz angeordnet.\"},{\"@type\":\"BreadcrumbList\",\"@id\":\"https:\\\/\\\/news.save.ch\\\/rueckgang-der-fernmeldeueberwachung\\\/#breadcrumb\",\"itemListElement\":[{\"@type\":\"ListItem\",\"position\":1,\"name\":\"Home\",\"item\":\"https:\\\/\\\/news.save.ch\\\/de\\\/\"},{\"@type\":\"ListItem\",\"position\":2,\"name\":\"R\u00fcckgang der Fernmelde\u00fcberwachung\"}]},{\"@type\":\"WebSite\",\"@id\":\"https:\\\/\\\/news.save.ch\\\/de\\\/#website\",\"url\":\"https:\\\/\\\/news.save.ch\\\/de\\\/\",\"name\":\"Save\",\"description\":\"Schweizer Fachzeitschrift f\u00fcr Sicherheit\",\"publisher\":{\"@id\":\"https:\\\/\\\/news.save.ch\\\/de\\\/#organization\"},\"potentialAction\":[{\"@type\":\"SearchAction\",\"target\":{\"@type\":\"EntryPoint\",\"urlTemplate\":\"https:\\\/\\\/news.save.ch\\\/de\\\/?s={search_term_string}\"},\"query-input\":{\"@type\":\"PropertyValueSpecification\",\"valueRequired\":true,\"valueName\":\"search_term_string\"}}],\"inLanguage\":\"it-IT\"},{\"@type\":\"Organization\",\"@id\":\"https:\\\/\\\/news.save.ch\\\/de\\\/#organization\",\"name\":\"Sicherheitsforum\",\"url\":\"https:\\\/\\\/news.save.ch\\\/de\\\/\",\"logo\":{\"@type\":\"ImageObject\",\"inLanguage\":\"it-IT\",\"@id\":\"https:\\\/\\\/news.save.ch\\\/de\\\/#\\\/schema\\\/logo\\\/image\\\/\",\"url\":\"https:\\\/\\\/news.save.ch\\\/wp-content\\\/uploads\\\/2022\\\/06\\\/Logo_SF_2012.png\",\"contentUrl\":\"https:\\\/\\\/news.save.ch\\\/wp-content\\\/uploads\\\/2022\\\/06\\\/Logo_SF_2012.png\",\"width\":1100,\"height\":91,\"caption\":\"Sicherheitsforum\"},\"image\":{\"@id\":\"https:\\\/\\\/news.save.ch\\\/de\\\/#\\\/schema\\\/logo\\\/image\\\/\"}},{\"@type\":\"Person\",\"@id\":\"https:\\\/\\\/news.save.ch\\\/de\\\/#\\\/schema\\\/person\\\/d49e199490bad7c70d64b9ab51142f2b\",\"name\":\"admin\",\"image\":{\"@type\":\"ImageObject\",\"inLanguage\":\"it-IT\",\"@id\":\"https:\\\/\\\/secure.gravatar.com\\\/avatar\\\/ae2f4d718e6c49043e314ce431e7e645d646302a24a5ef5a8bc8e3f5a032e319?s=96&d=mm&r=g\",\"url\":\"https:\\\/\\\/secure.gravatar.com\\\/avatar\\\/ae2f4d718e6c49043e314ce431e7e645d646302a24a5ef5a8bc8e3f5a032e319?s=96&d=mm&r=g\",\"contentUrl\":\"https:\\\/\\\/secure.gravatar.com\\\/avatar\\\/ae2f4d718e6c49043e314ce431e7e645d646302a24a5ef5a8bc8e3f5a032e319?s=96&d=mm&r=g\",\"caption\":\"admin\"},\"sameAs\":[\"https:\\\/\\\/develop.organisator.galledia.ch\"],\"url\":\"https:\\\/\\\/news.save.ch\\\/it\\\/author\\\/admin\\\/\"}]}<\/script>\n<!-- \/ Yoast SEO plugin. -->","yoast_head_json":{"title":"Diminuzione della sorveglianza delle telecomunicazioni - Salva","description":"Circa 10% di misure di sorveglianza in meno nel Servizio di sorveglianza delle poste e delle telecomunicazioni (Servizio \u00dcPF)","robots":{"index":"index","follow":"follow","max-snippet":"max-snippet:-1","max-image-preview":"max-image-preview:large","max-video-preview":"max-video-preview:-1"},"canonical":"https:\/\/news.save.ch\/it\/rueckgang-der-fernmeldeueberwachung\/","og_locale":"it_IT","og_type":"article","og_title":"Fernmelde\u00fcberwachung","og_description":"Im Jahr 2014 haben die Schweizer Strafverfolgungsbeh\u00f6rden rund 10% weniger \u00dcberwachungsmassnahmen beim Dienst \u00dcberwachung Post- und Fernmeldeverkehr (Dienst \u00dcPF) angeordnet als im Vorjahr. Insgesamt waren es 9679 \u00dcberwachungsmassnahmen, wie das Eidgen\u00f6ssisches Justiz- und Polizeidepartement mitgeteilt (EJPD) hat.","og_url":"https:\/\/news.save.ch\/it\/rueckgang-der-fernmeldeueberwachung\/","og_site_name":"Save","article_published_time":"2015-03-03T09:27:45+00:00","og_image":[{"url":"https:\/\/news.save.ch\/wp-content\/uploads\/2016\/12\/R\u00fcckgang-der-Fernmelde\u00fcberwachung-sicherheitsforum.jpg","type":"","width":"","height":""}],"author":"admin","twitter_card":"summary_large_image","twitter_misc":{"Scritto da":"admin","Tempo di lettura stimato":"1 minuto"},"schema":{"@context":"https:\/\/schema.org","@graph":[{"@type":"Article","@id":"https:\/\/news.save.ch\/rueckgang-der-fernmeldeueberwachung\/#article","isPartOf":{"@id":"https:\/\/news.save.ch\/rueckgang-der-fernmeldeueberwachung\/"},"author":{"name":"admin","@id":"https:\/\/news.save.ch\/de\/#\/schema\/person\/d49e199490bad7c70d64b9ab51142f2b"},"headline":"R\u00fcckgang der Fernmelde\u00fcberwachung","datePublished":"2015-03-03T09:27:45+00:00","mainEntityOfPage":{"@id":"https:\/\/news.save.ch\/rueckgang-der-fernmeldeueberwachung\/"},"wordCount":282,"commentCount":0,"publisher":{"@id":"https:\/\/news.save.ch\/de\/#organization"},"image":{"@id":"https:\/\/news.save.ch\/rueckgang-der-fernmeldeueberwachung\/#primaryimage"},"thumbnailUrl":"https:\/\/news.save.ch\/wp-content\/uploads\/2016\/12\/Rueckgang-der-Fernmeldeueberwachung-sicherheitsforum.jpg","keywords":["Justiz &amp; Polizei","Kriminalit\u00e4t","\u00dcberwachung"],"articleSection":["ALLGEMEIN"],"inLanguage":"it-IT"},{"@type":"WebPage","@id":"https:\/\/news.save.ch\/rueckgang-der-fernmeldeueberwachung\/","url":"https:\/\/news.save.ch\/rueckgang-der-fernmeldeueberwachung\/","name":"Diminuzione della sorveglianza delle telecomunicazioni - Salva","isPartOf":{"@id":"https:\/\/news.save.ch\/de\/#website"},"primaryImageOfPage":{"@id":"https:\/\/news.save.ch\/rueckgang-der-fernmeldeueberwachung\/#primaryimage"},"image":{"@id":"https:\/\/news.save.ch\/rueckgang-der-fernmeldeueberwachung\/#primaryimage"},"thumbnailUrl":"https:\/\/news.save.ch\/wp-content\/uploads\/2016\/12\/Rueckgang-der-Fernmeldeueberwachung-sicherheitsforum.jpg","datePublished":"2015-03-03T09:27:45+00:00","description":"Circa 10% di misure di sorveglianza in meno nel Servizio di sorveglianza delle poste e delle telecomunicazioni (Servizio \u00dcPF)","breadcrumb":{"@id":"https:\/\/news.save.ch\/rueckgang-der-fernmeldeueberwachung\/#breadcrumb"},"inLanguage":"it-IT","potentialAction":[{"@type":"ReadAction","target":["https:\/\/news.save.ch\/rueckgang-der-fernmeldeueberwachung\/"]}]},{"@type":"ImageObject","inLanguage":"it-IT","@id":"https:\/\/news.save.ch\/rueckgang-der-fernmeldeueberwachung\/#primaryimage","url":"https:\/\/news.save.ch\/wp-content\/uploads\/2016\/12\/Rueckgang-der-Fernmeldeueberwachung-sicherheitsforum.jpg","contentUrl":"https:\/\/news.save.ch\/wp-content\/uploads\/2016\/12\/Rueckgang-der-Fernmeldeueberwachung-sicherheitsforum.jpg","width":400,"height":300,"caption":"Rund 40% der \u00dcberwachungsmassnahmen werden wegen schwere Widerhandlungen gegen das Bet\u00e4ubungsmittelgesetz angeordnet."},{"@type":"BreadcrumbList","@id":"https:\/\/news.save.ch\/rueckgang-der-fernmeldeueberwachung\/#breadcrumb","itemListElement":[{"@type":"ListItem","position":1,"name":"Home","item":"https:\/\/news.save.ch\/de\/"},{"@type":"ListItem","position":2,"name":"R\u00fcckgang der Fernmelde\u00fcberwachung"}]},{"@type":"WebSite","@id":"https:\/\/news.save.ch\/de\/#website","url":"https:\/\/news.save.ch\/de\/","name":"Risparmiare","description":"Rivista svizzera specializzata in sicurezza","publisher":{"@id":"https:\/\/news.save.ch\/de\/#organization"},"potentialAction":[{"@type":"SearchAction","target":{"@type":"EntryPoint","urlTemplate":"https:\/\/news.save.ch\/de\/?s={search_term_string}"},"query-input":{"@type":"PropertyValueSpecification","valueRequired":true,"valueName":"search_term_string"}}],"inLanguage":"it-IT"},{"@type":"Organization","@id":"https:\/\/news.save.ch\/de\/#organization","name":"Forum sulla sicurezza","url":"https:\/\/news.save.ch\/de\/","logo":{"@type":"ImageObject","inLanguage":"it-IT","@id":"https:\/\/news.save.ch\/de\/#\/schema\/logo\/image\/","url":"https:\/\/news.save.ch\/wp-content\/uploads\/2022\/06\/Logo_SF_2012.png","contentUrl":"https:\/\/news.save.ch\/wp-content\/uploads\/2022\/06\/Logo_SF_2012.png","width":1100,"height":91,"caption":"Sicherheitsforum"},"image":{"@id":"https:\/\/news.save.ch\/de\/#\/schema\/logo\/image\/"}},{"@type":"Person","@id":"https:\/\/news.save.ch\/de\/#\/schema\/person\/d49e199490bad7c70d64b9ab51142f2b","name":"amministratore","image":{"@type":"ImageObject","inLanguage":"it-IT","@id":"https:\/\/secure.gravatar.com\/avatar\/ae2f4d718e6c49043e314ce431e7e645d646302a24a5ef5a8bc8e3f5a032e319?s=96&d=mm&r=g","url":"https:\/\/secure.gravatar.com\/avatar\/ae2f4d718e6c49043e314ce431e7e645d646302a24a5ef5a8bc8e3f5a032e319?s=96&d=mm&r=g","contentUrl":"https:\/\/secure.gravatar.com\/avatar\/ae2f4d718e6c49043e314ce431e7e645d646302a24a5ef5a8bc8e3f5a032e319?s=96&d=mm&r=g","caption":"admin"},"sameAs":["https:\/\/develop.organisator.galledia.ch"],"url":"https:\/\/news.save.ch\/it\/author\/admin\/"}]}},"_links":{"self":[{"href":"https:\/\/news.save.ch\/it\/wp-json\/wp\/v2\/posts\/2992","targetHints":{"allow":["GET"]}}],"collection":[{"href":"https:\/\/news.save.ch\/it\/wp-json\/wp\/v2\/posts"}],"about":[{"href":"https:\/\/news.save.ch\/it\/wp-json\/wp\/v2\/types\/post"}],"author":[{"embeddable":true,"href":"https:\/\/news.save.ch\/it\/wp-json\/wp\/v2\/users\/1"}],"replies":[{"embeddable":true,"href":"https:\/\/news.save.ch\/it\/wp-json\/wp\/v2\/comments?post=2992"}],"version-history":[{"count":0,"href":"https:\/\/news.save.ch\/it\/wp-json\/wp\/v2\/posts\/2992\/revisions"}],"wp:featuredmedia":[{"embeddable":true,"href":"https:\/\/news.save.ch\/it\/wp-json\/wp\/v2\/media\/3008"}],"wp:attachment":[{"href":"https:\/\/news.save.ch\/it\/wp-json\/wp\/v2\/media?parent=2992"}],"wp:term":[{"taxonomy":"category","embeddable":true,"href":"https:\/\/news.save.ch\/it\/wp-json\/wp\/v2\/categories?post=2992"},{"taxonomy":"post_tag","embeddable":true,"href":"https:\/\/news.save.ch\/it\/wp-json\/wp\/v2\/tags?post=2992"}],"curies":[{"name":"wp","href":"https:\/\/api.w.org\/{rel}","templated":true}]}}