{"id":3018,"date":"2015-03-04T10:29:58","date_gmt":"2015-03-04T09:29:58","guid":{"rendered":"https:\/\/dev.sicherheitsforum.ch\/?p=3018"},"modified":"2023-03-14T09:00:06","modified_gmt":"2023-03-14T08:00:06","slug":"schloss-und-beschlaegefabrik-uebernommen","status":null,"type":"post","link":"https:\/\/news.save.ch\/it\/schloss-und-beschlaegefabrik-uebernommen\/","title":{"rendered":"Acquisizione di una fabbrica di serrature e ferramenta"},"content":{"rendered":"<figure id=\"attachment_3019\" aria-describedby=\"caption-attachment-3019\" style=\"width: 671px\" class=\"wp-caption alignnone\"><img loading=\"lazy\" decoding=\"async\" class=\"size-medium wp-image-3019\" src=\"https:\/\/news.save.ch\/wp-content\/uploads\/2016\/12\/Schloss-und-Beschlaegefabrik-uebernommen-sicherheitsforum-scaled-1.jpg\" alt=\"\" width=\"671\" height=\"1000\" \/><figcaption id=\"caption-attachment-3019\" class=\"wp-caption-text\">Xaver Allemann, delegato del Consiglio di amministrazione MSL, vede l'acquisizione come un'opportunit\u00e0<\/figcaption><\/figure>\n<p>Il fornitore svizzero, con sede a Kleinl\u00fctzel vicino a Basilea, ha oltre 100 dipendenti. Con l'acquisizione, Assa Abloy rafforza la sua posizione di fornitore leader di soluzioni di chiusura e di sistemi di sicurezza per porte.<\/p>\n<p>\"Con l'acquisizione di MSL, il gruppo attivo a livello internazionale guadagna dimensioni in Svizzera e nella regione DACH e colma una lacuna nel proprio portafoglio\", afferma Stefan Fischbach di Assa Abloy.<\/p>\n<p>MSL continuer\u00e0 a operare come unit\u00e0 commerciale indipendente con il team di gestione e i dipendenti esistenti. Ci\u00f2 significa che l'acquisizione non avr\u00e0 alcun impatto negativo sui dipendenti esistenti e la sede di Kleinl\u00fctzel (SO) rimarr\u00e0 invariata.<\/p>\n<p>La chiusura della transazione \u00e8 prevista per il secondo trimestre del 2015. Ulteriori informazioni sono disponibili sulla homepage di\u00a0<a title=\"Link alla homepage di MSL\" href=\"https:\/\/msl-lock.com\/\" target=\"_blank\" data-cke-saved-href=\"https:\/\/msl-lock.com\/\" rel=\"noopener\">MSL Schloss-und Beschl\u00e4gefabrik AG<\/a> o da <a title=\"Link alla homepage di Assa Abloy\" href=\"https:\/\/www.assaabloy.de\" target=\"_blank\" data-cke-saved-href=\"https:\/\/www.assaabloy.de\" rel=\"noopener\">Assa Abloy<\/a><\/p>\n<p>&nbsp;<\/p>\n<blockquote>\n<p>\"Esistono gi\u00e0 molti punti in comune tra MSL e Assa Abloy. Entrando a far parte del gruppo, abbiamo la possibilit\u00e0 di utilizzare i punti di forza di entrambe le aziende e di servire ancora meglio i nostri clienti\" - Xaver Allemann<\/p>\n<\/blockquote>","protected":false},"excerpt":{"rendered":"<p>Der Schweizer Anbieter mit Sitz in Kleinl\u00fctzel bei Basel hat \u00fcber 100 Mitarbeitende. Mit der \u00dcbernahme st\u00e4rke Assa Abloy seine Position als f\u00fchrender Anbieter von Schliessl\u00f6sungen und Sicherheitssystemen rund um die T\u00fcr, heisst es. \u201eMit der \u00dcbernahme von MSL gewinnt die international t\u00e4tige Gruppe in der Schweiz wie auch in der DACH-Region an Gr\u00f6sse und [&hellip;]<\/p>\n","protected":false},"author":1,"featured_media":3019,"comment_status":"open","ping_status":"open","sticky":false,"template":"","format":"standard","meta":{"_acf_changed":false,"pgc_sgb_lightbox_settings":"","footnotes":""},"categories":[3312],"tags":[44,157,158,90],"class_list":["post-3018","post","type-post","status-publish","format-standard","has-post-thumbnail","hentry","category-sicherheit","tag-kooperation","tag-video-security","tag-zutrittskontrolle","tag-zutrittskontrollevideo-security"],"acf":[],"hkrextid":null,"publication":null,"issue":null,"workflow":null,"startPage":null,"spitzmarke":null,"_posts_by_tag_page_fields":{"widget_title":"","widget_tags":""},"_at_widget":"1","_yoast_wpseo_primary_category":"3303","_yoast_wpseo_focuskw_text_input":"Beschl\u00e4gefabrik","_yoast_wpseo_opengraph-image":"https:\/\/news.save.ch\/wp-content\/uploads\/2016\/12\/Schloss-und-Beschl\u00e4gefabrik-\u00fcbernommen-sicherheitsforum.jpg","_yoast_wpseo_opengraph-description":"Assa Abloy in Albstadt, Deutschland, hat einen Vertrag \u00fcber die Akquisition der MSL Schloss- und Beschl\u00e4gefabrik AG unterzeichnet.","_yoast_wpseo_opengraph-title":"Beschl\u00e4gefabrik","enclosure":null,"_yoast_wpseo_twitter-title":null,"_yoast_wpseo_twitter-description":null,"_yoast_wpseo_twitter-image":null,"_wp_old_slug":null,"_yoast_wpseo_title":null,"_yoast_wpseo_canonical":null,"yoast_head":"<!-- This site is optimized with the Yoast SEO plugin v27.5 - https:\/\/yoast.com\/product\/yoast-seo-wordpress\/ -->\n<title>Schloss- und Beschl\u00e4gefabrik \u00fcbernommen - Save<\/title>\n<meta name=\"description\" content=\"Assa Abloy in Albstadt, Deutschland, hat einen Vertrag \u00fcber die Akquisition der MSL Schloss- und Beschl\u00e4gefabrik AG unterzeichnet.\" \/>\n<meta name=\"robots\" content=\"index, follow, max-snippet:-1, max-image-preview:large, max-video-preview:-1\" \/>\n<link rel=\"canonical\" href=\"https:\/\/news.save.ch\/it\/schloss-und-beschlaegefabrik-uebernommen\/\" \/>\n<meta property=\"og:locale\" content=\"it_IT\" \/>\n<meta property=\"og:type\" content=\"article\" \/>\n<meta property=\"og:title\" content=\"Beschl\u00e4gefabrik\" \/>\n<meta property=\"og:description\" content=\"Assa Abloy in Albstadt, Deutschland, hat einen Vertrag \u00fcber die Akquisition der MSL Schloss- und Beschl\u00e4gefabrik AG unterzeichnet.\" \/>\n<meta property=\"og:url\" content=\"https:\/\/news.save.ch\/it\/schloss-und-beschlaegefabrik-uebernommen\/\" \/>\n<meta property=\"og:site_name\" content=\"Save\" \/>\n<meta property=\"article:published_time\" content=\"2015-03-04T09:29:58+00:00\" \/>\n<meta property=\"article:modified_time\" content=\"2023-03-14T08:00:06+00:00\" \/>\n<meta property=\"og:image\" content=\"https:\/\/news.save.ch\/wp-content\/uploads\/2016\/12\/Schloss-und-Beschl\u00e4gefabrik-\u00fcbernommen-sicherheitsforum.jpg\" \/>\n<meta name=\"author\" content=\"admin\" \/>\n<meta name=\"twitter:card\" content=\"summary_large_image\" \/>\n<meta name=\"twitter:label1\" content=\"Scritto da\" \/>\n\t<meta name=\"twitter:data1\" content=\"admin\" \/>\n\t<meta name=\"twitter:label2\" content=\"Tempo di lettura stimato\" \/>\n\t<meta name=\"twitter:data2\" content=\"1 minuto\" \/>\n<script type=\"application\/ld+json\" class=\"yoast-schema-graph\">{\"@context\":\"https:\\\/\\\/schema.org\",\"@graph\":[{\"@type\":\"Article\",\"@id\":\"https:\\\/\\\/news.save.ch\\\/schloss-und-beschlaegefabrik-uebernommen\\\/#article\",\"isPartOf\":{\"@id\":\"https:\\\/\\\/news.save.ch\\\/schloss-und-beschlaegefabrik-uebernommen\\\/\"},\"author\":{\"name\":\"admin\",\"@id\":\"https:\\\/\\\/news.save.ch\\\/de\\\/#\\\/schema\\\/person\\\/d49e199490bad7c70d64b9ab51142f2b\"},\"headline\":\"Schloss- und Beschl\u00e4gefabrik \u00fcbernommen\",\"datePublished\":\"2015-03-04T09:29:58+00:00\",\"dateModified\":\"2023-03-14T08:00:06+00:00\",\"mainEntityOfPage\":{\"@id\":\"https:\\\/\\\/news.save.ch\\\/schloss-und-beschlaegefabrik-uebernommen\\\/\"},\"wordCount\":201,\"commentCount\":0,\"publisher\":{\"@id\":\"https:\\\/\\\/news.save.ch\\\/de\\\/#organization\"},\"image\":{\"@id\":\"https:\\\/\\\/news.save.ch\\\/schloss-und-beschlaegefabrik-uebernommen\\\/#primaryimage\"},\"thumbnailUrl\":\"https:\\\/\\\/news.save.ch\\\/wp-content\\\/uploads\\\/2016\\\/12\\\/Schloss-und-Beschlaegefabrik-uebernommen-sicherheitsforum-scaled-1-scaled.jpg\",\"keywords\":[\"Kooperation\",\"Video-Security\",\"Zutrittskontrolle\",\"Zutrittskontrolle\\\/Video-Security\"],\"articleSection\":[\"SICHERHEIT\"],\"inLanguage\":\"it-IT\"},{\"@type\":\"WebPage\",\"@id\":\"https:\\\/\\\/news.save.ch\\\/schloss-und-beschlaegefabrik-uebernommen\\\/\",\"url\":\"https:\\\/\\\/news.save.ch\\\/schloss-und-beschlaegefabrik-uebernommen\\\/\",\"name\":\"Schloss- und Beschl\u00e4gefabrik \u00fcbernommen - Save\",\"isPartOf\":{\"@id\":\"https:\\\/\\\/news.save.ch\\\/de\\\/#website\"},\"primaryImageOfPage\":{\"@id\":\"https:\\\/\\\/news.save.ch\\\/schloss-und-beschlaegefabrik-uebernommen\\\/#primaryimage\"},\"image\":{\"@id\":\"https:\\\/\\\/news.save.ch\\\/schloss-und-beschlaegefabrik-uebernommen\\\/#primaryimage\"},\"thumbnailUrl\":\"https:\\\/\\\/news.save.ch\\\/wp-content\\\/uploads\\\/2016\\\/12\\\/Schloss-und-Beschlaegefabrik-uebernommen-sicherheitsforum-scaled-1-scaled.jpg\",\"datePublished\":\"2015-03-04T09:29:58+00:00\",\"dateModified\":\"2023-03-14T08:00:06+00:00\",\"description\":\"Assa Abloy in Albstadt, Deutschland, hat einen Vertrag \u00fcber die Akquisition der MSL Schloss- und Beschl\u00e4gefabrik AG unterzeichnet.\",\"breadcrumb\":{\"@id\":\"https:\\\/\\\/news.save.ch\\\/schloss-und-beschlaegefabrik-uebernommen\\\/#breadcrumb\"},\"inLanguage\":\"it-IT\",\"potentialAction\":[{\"@type\":\"ReadAction\",\"target\":[\"https:\\\/\\\/news.save.ch\\\/schloss-und-beschlaegefabrik-uebernommen\\\/\"]}]},{\"@type\":\"ImageObject\",\"inLanguage\":\"it-IT\",\"@id\":\"https:\\\/\\\/news.save.ch\\\/schloss-und-beschlaegefabrik-uebernommen\\\/#primaryimage\",\"url\":\"https:\\\/\\\/news.save.ch\\\/wp-content\\\/uploads\\\/2016\\\/12\\\/Schloss-und-Beschlaegefabrik-uebernommen-sicherheitsforum-scaled-1-scaled.jpg\",\"contentUrl\":\"https:\\\/\\\/news.save.ch\\\/wp-content\\\/uploads\\\/2016\\\/12\\\/Schloss-und-Beschlaegefabrik-uebernommen-sicherheitsforum-scaled-1-scaled.jpg\",\"width\":939,\"height\":1400,\"caption\":\"Xaver Allemann, Delegierter des Verwaltungsrats MSL, sieht die \u00dcbernahme als Chance\"},{\"@type\":\"BreadcrumbList\",\"@id\":\"https:\\\/\\\/news.save.ch\\\/schloss-und-beschlaegefabrik-uebernommen\\\/#breadcrumb\",\"itemListElement\":[{\"@type\":\"ListItem\",\"position\":1,\"name\":\"Home\",\"item\":\"https:\\\/\\\/news.save.ch\\\/de\\\/\"},{\"@type\":\"ListItem\",\"position\":2,\"name\":\"Schloss- und Beschl\u00e4gefabrik \u00fcbernommen\"}]},{\"@type\":\"WebSite\",\"@id\":\"https:\\\/\\\/news.save.ch\\\/de\\\/#website\",\"url\":\"https:\\\/\\\/news.save.ch\\\/de\\\/\",\"name\":\"Save\",\"description\":\"Schweizer Fachzeitschrift f\u00fcr Sicherheit\",\"publisher\":{\"@id\":\"https:\\\/\\\/news.save.ch\\\/de\\\/#organization\"},\"potentialAction\":[{\"@type\":\"SearchAction\",\"target\":{\"@type\":\"EntryPoint\",\"urlTemplate\":\"https:\\\/\\\/news.save.ch\\\/de\\\/?s={search_term_string}\"},\"query-input\":{\"@type\":\"PropertyValueSpecification\",\"valueRequired\":true,\"valueName\":\"search_term_string\"}}],\"inLanguage\":\"it-IT\"},{\"@type\":\"Organization\",\"@id\":\"https:\\\/\\\/news.save.ch\\\/de\\\/#organization\",\"name\":\"Sicherheitsforum\",\"url\":\"https:\\\/\\\/news.save.ch\\\/de\\\/\",\"logo\":{\"@type\":\"ImageObject\",\"inLanguage\":\"it-IT\",\"@id\":\"https:\\\/\\\/news.save.ch\\\/de\\\/#\\\/schema\\\/logo\\\/image\\\/\",\"url\":\"https:\\\/\\\/news.save.ch\\\/wp-content\\\/uploads\\\/2022\\\/06\\\/Logo_SF_2012.png\",\"contentUrl\":\"https:\\\/\\\/news.save.ch\\\/wp-content\\\/uploads\\\/2022\\\/06\\\/Logo_SF_2012.png\",\"width\":1100,\"height\":91,\"caption\":\"Sicherheitsforum\"},\"image\":{\"@id\":\"https:\\\/\\\/news.save.ch\\\/de\\\/#\\\/schema\\\/logo\\\/image\\\/\"}},{\"@type\":\"Person\",\"@id\":\"https:\\\/\\\/news.save.ch\\\/de\\\/#\\\/schema\\\/person\\\/d49e199490bad7c70d64b9ab51142f2b\",\"name\":\"admin\",\"image\":{\"@type\":\"ImageObject\",\"inLanguage\":\"it-IT\",\"@id\":\"https:\\\/\\\/secure.gravatar.com\\\/avatar\\\/ae2f4d718e6c49043e314ce431e7e645d646302a24a5ef5a8bc8e3f5a032e319?s=96&d=mm&r=g\",\"url\":\"https:\\\/\\\/secure.gravatar.com\\\/avatar\\\/ae2f4d718e6c49043e314ce431e7e645d646302a24a5ef5a8bc8e3f5a032e319?s=96&d=mm&r=g\",\"contentUrl\":\"https:\\\/\\\/secure.gravatar.com\\\/avatar\\\/ae2f4d718e6c49043e314ce431e7e645d646302a24a5ef5a8bc8e3f5a032e319?s=96&d=mm&r=g\",\"caption\":\"admin\"},\"sameAs\":[\"https:\\\/\\\/develop.organisator.galledia.ch\"],\"url\":\"https:\\\/\\\/news.save.ch\\\/it\\\/author\\\/admin\\\/\"}]}<\/script>\n<!-- \/ Yoast SEO plugin. -->","yoast_head_json":{"title":"Fabbrica di serrature e ferramenta rilevata - Save","description":"Assa Abloy di Albstadt, in Germania, ha firmato un accordo per l'acquisizione di MSL Schloss- und Beschl\u00e4gefabrik AG.","robots":{"index":"index","follow":"follow","max-snippet":"max-snippet:-1","max-image-preview":"max-image-preview:large","max-video-preview":"max-video-preview:-1"},"canonical":"https:\/\/news.save.ch\/it\/schloss-und-beschlaegefabrik-uebernommen\/","og_locale":"it_IT","og_type":"article","og_title":"Beschl\u00e4gefabrik","og_description":"Assa Abloy in Albstadt, Deutschland, hat einen Vertrag \u00fcber die Akquisition der MSL Schloss- und Beschl\u00e4gefabrik AG unterzeichnet.","og_url":"https:\/\/news.save.ch\/it\/schloss-und-beschlaegefabrik-uebernommen\/","og_site_name":"Save","article_published_time":"2015-03-04T09:29:58+00:00","article_modified_time":"2023-03-14T08:00:06+00:00","og_image":[{"url":"https:\/\/news.save.ch\/wp-content\/uploads\/2016\/12\/Schloss-und-Beschl\u00e4gefabrik-\u00fcbernommen-sicherheitsforum.jpg","type":"","width":"","height":""}],"author":"admin","twitter_card":"summary_large_image","twitter_misc":{"Scritto da":"admin","Tempo di lettura stimato":"1 minuto"},"schema":{"@context":"https:\/\/schema.org","@graph":[{"@type":"Article","@id":"https:\/\/news.save.ch\/schloss-und-beschlaegefabrik-uebernommen\/#article","isPartOf":{"@id":"https:\/\/news.save.ch\/schloss-und-beschlaegefabrik-uebernommen\/"},"author":{"name":"admin","@id":"https:\/\/news.save.ch\/de\/#\/schema\/person\/d49e199490bad7c70d64b9ab51142f2b"},"headline":"Schloss- und Beschl\u00e4gefabrik \u00fcbernommen","datePublished":"2015-03-04T09:29:58+00:00","dateModified":"2023-03-14T08:00:06+00:00","mainEntityOfPage":{"@id":"https:\/\/news.save.ch\/schloss-und-beschlaegefabrik-uebernommen\/"},"wordCount":201,"commentCount":0,"publisher":{"@id":"https:\/\/news.save.ch\/de\/#organization"},"image":{"@id":"https:\/\/news.save.ch\/schloss-und-beschlaegefabrik-uebernommen\/#primaryimage"},"thumbnailUrl":"https:\/\/news.save.ch\/wp-content\/uploads\/2016\/12\/Schloss-und-Beschlaegefabrik-uebernommen-sicherheitsforum-scaled-1-scaled.jpg","keywords":["Kooperation","Video-Security","Zutrittskontrolle","Zutrittskontrolle\/Video-Security"],"articleSection":["SICHERHEIT"],"inLanguage":"it-IT"},{"@type":"WebPage","@id":"https:\/\/news.save.ch\/schloss-und-beschlaegefabrik-uebernommen\/","url":"https:\/\/news.save.ch\/schloss-und-beschlaegefabrik-uebernommen\/","name":"Fabbrica di serrature e ferramenta rilevata - Save","isPartOf":{"@id":"https:\/\/news.save.ch\/de\/#website"},"primaryImageOfPage":{"@id":"https:\/\/news.save.ch\/schloss-und-beschlaegefabrik-uebernommen\/#primaryimage"},"image":{"@id":"https:\/\/news.save.ch\/schloss-und-beschlaegefabrik-uebernommen\/#primaryimage"},"thumbnailUrl":"https:\/\/news.save.ch\/wp-content\/uploads\/2016\/12\/Schloss-und-Beschlaegefabrik-uebernommen-sicherheitsforum-scaled-1-scaled.jpg","datePublished":"2015-03-04T09:29:58+00:00","dateModified":"2023-03-14T08:00:06+00:00","description":"Assa Abloy di Albstadt, in Germania, ha firmato un accordo per l'acquisizione di MSL Schloss- und Beschl\u00e4gefabrik AG.","breadcrumb":{"@id":"https:\/\/news.save.ch\/schloss-und-beschlaegefabrik-uebernommen\/#breadcrumb"},"inLanguage":"it-IT","potentialAction":[{"@type":"ReadAction","target":["https:\/\/news.save.ch\/schloss-und-beschlaegefabrik-uebernommen\/"]}]},{"@type":"ImageObject","inLanguage":"it-IT","@id":"https:\/\/news.save.ch\/schloss-und-beschlaegefabrik-uebernommen\/#primaryimage","url":"https:\/\/news.save.ch\/wp-content\/uploads\/2016\/12\/Schloss-und-Beschlaegefabrik-uebernommen-sicherheitsforum-scaled-1-scaled.jpg","contentUrl":"https:\/\/news.save.ch\/wp-content\/uploads\/2016\/12\/Schloss-und-Beschlaegefabrik-uebernommen-sicherheitsforum-scaled-1-scaled.jpg","width":939,"height":1400,"caption":"Xaver Allemann, Delegierter des Verwaltungsrats MSL, sieht die \u00dcbernahme als Chance"},{"@type":"BreadcrumbList","@id":"https:\/\/news.save.ch\/schloss-und-beschlaegefabrik-uebernommen\/#breadcrumb","itemListElement":[{"@type":"ListItem","position":1,"name":"Home","item":"https:\/\/news.save.ch\/de\/"},{"@type":"ListItem","position":2,"name":"Schloss- und Beschl\u00e4gefabrik \u00fcbernommen"}]},{"@type":"WebSite","@id":"https:\/\/news.save.ch\/de\/#website","url":"https:\/\/news.save.ch\/de\/","name":"Risparmiare","description":"Rivista svizzera specializzata in sicurezza","publisher":{"@id":"https:\/\/news.save.ch\/de\/#organization"},"potentialAction":[{"@type":"SearchAction","target":{"@type":"EntryPoint","urlTemplate":"https:\/\/news.save.ch\/de\/?s={search_term_string}"},"query-input":{"@type":"PropertyValueSpecification","valueRequired":true,"valueName":"search_term_string"}}],"inLanguage":"it-IT"},{"@type":"Organization","@id":"https:\/\/news.save.ch\/de\/#organization","name":"Forum sulla sicurezza","url":"https:\/\/news.save.ch\/de\/","logo":{"@type":"ImageObject","inLanguage":"it-IT","@id":"https:\/\/news.save.ch\/de\/#\/schema\/logo\/image\/","url":"https:\/\/news.save.ch\/wp-content\/uploads\/2022\/06\/Logo_SF_2012.png","contentUrl":"https:\/\/news.save.ch\/wp-content\/uploads\/2022\/06\/Logo_SF_2012.png","width":1100,"height":91,"caption":"Sicherheitsforum"},"image":{"@id":"https:\/\/news.save.ch\/de\/#\/schema\/logo\/image\/"}},{"@type":"Person","@id":"https:\/\/news.save.ch\/de\/#\/schema\/person\/d49e199490bad7c70d64b9ab51142f2b","name":"amministratore","image":{"@type":"ImageObject","inLanguage":"it-IT","@id":"https:\/\/secure.gravatar.com\/avatar\/ae2f4d718e6c49043e314ce431e7e645d646302a24a5ef5a8bc8e3f5a032e319?s=96&d=mm&r=g","url":"https:\/\/secure.gravatar.com\/avatar\/ae2f4d718e6c49043e314ce431e7e645d646302a24a5ef5a8bc8e3f5a032e319?s=96&d=mm&r=g","contentUrl":"https:\/\/secure.gravatar.com\/avatar\/ae2f4d718e6c49043e314ce431e7e645d646302a24a5ef5a8bc8e3f5a032e319?s=96&d=mm&r=g","caption":"admin"},"sameAs":["https:\/\/develop.organisator.galledia.ch"],"url":"https:\/\/news.save.ch\/it\/author\/admin\/"}]}},"_links":{"self":[{"href":"https:\/\/news.save.ch\/it\/wp-json\/wp\/v2\/posts\/3018","targetHints":{"allow":["GET"]}}],"collection":[{"href":"https:\/\/news.save.ch\/it\/wp-json\/wp\/v2\/posts"}],"about":[{"href":"https:\/\/news.save.ch\/it\/wp-json\/wp\/v2\/types\/post"}],"author":[{"embeddable":true,"href":"https:\/\/news.save.ch\/it\/wp-json\/wp\/v2\/users\/1"}],"replies":[{"embeddable":true,"href":"https:\/\/news.save.ch\/it\/wp-json\/wp\/v2\/comments?post=3018"}],"version-history":[{"count":1,"href":"https:\/\/news.save.ch\/it\/wp-json\/wp\/v2\/posts\/3018\/revisions"}],"predecessor-version":[{"id":18026,"href":"https:\/\/news.save.ch\/it\/wp-json\/wp\/v2\/posts\/3018\/revisions\/18026"}],"wp:featuredmedia":[{"embeddable":true,"href":"https:\/\/news.save.ch\/it\/wp-json\/wp\/v2\/media\/3019"}],"wp:attachment":[{"href":"https:\/\/news.save.ch\/it\/wp-json\/wp\/v2\/media?parent=3018"}],"wp:term":[{"taxonomy":"category","embeddable":true,"href":"https:\/\/news.save.ch\/it\/wp-json\/wp\/v2\/categories?post=3018"},{"taxonomy":"post_tag","embeddable":true,"href":"https:\/\/news.save.ch\/it\/wp-json\/wp\/v2\/tags?post=3018"}],"curies":[{"name":"wp","href":"https:\/\/api.w.org\/{rel}","templated":true}]}}