{"id":3022,"date":"2015-03-04T10:32:57","date_gmt":"2015-03-04T09:32:57","guid":{"rendered":"https:\/\/dev.sicherheitsforum.ch\/?p=3022"},"modified":"2015-03-04T10:32:57","modified_gmt":"2015-03-04T09:32:57","slug":"brandschutz-neue-moeglichkeiten","status":null,"type":"post","link":"https:\/\/news.save.ch\/it\/brandschutz-neue-moeglichkeiten\/","title":{"rendered":"Protezione antincendio: nuove possibilit\u00e0"},"content":{"rendered":"<figure id=\"attachment_3023\" aria-describedby=\"caption-attachment-3023\" style=\"width: 680px\" class=\"wp-caption alignnone\"><img loading=\"lazy\" decoding=\"async\" class=\"size-medium wp-image-3023\" src=\"https:\/\/news.save.ch\/wp-content\/uploads\/2016\/12\/Brandschutz-Neue-Moeglichkeiten-sicherheitsforum.jpg\" alt=\"\" width=\"680\" height=\"453\" \/><figcaption id=\"caption-attachment-3023\" class=\"wp-caption-text\">Le nuove linee guida per la protezione antincendio sono in vigore dall'inizio dell'anno.<\/figcaption><\/figure>\n<p>Concettualmente, con il <a title=\"Le nuove linee guida in dettaglio\" href=\"https:\/\/www.praever.ch\/de\/bs\/bsv2015\/Seiten\/default_bsv2015.aspx\" target=\"_blank\" data-cke-saved-href=\"https:\/\/www.praever.ch\/de\/bs\/bsv2015\/Seiten\/default_bsv2015.aspx\" rel=\"noopener\">nuove linee guida per la protezione antincendio<\/a> L'80-90% di tutti i progetti di protezione antincendio possono ancora essere coperti secondo gli standard. Per il resto, le richieste di pianificazione sono aumentate notevolmente. Pertanto, in futuro la pianificazione pulita avr\u00e0 una priorit\u00e0 ancora maggiore nell'attuazione delle misure di protezione antincendio. Anche la garanzia di qualit\u00e0 nella protezione antincendio diventer\u00e0 sempre pi\u00f9 importante; lo conferma la linea guida sulla protezione antincendio appositamente redatta \"Garanzia di qualit\u00e0\".<\/p>\n<p>Il <a title=\"Ulteriori informazioni sull&#039;evento\" href=\"https:\/\/www.save.ch\/events\/neue_moeglichkeiten_im_brandschutz_24_03_2015\/\" target=\"_blank\" data-cke-saved-href=\"https:\/\/www.save.ch\/events\/neue_moeglichkeiten_im_brandschutz_24_03_2015\/\" rel=\"noopener\">Salva la conferenza<\/a> il 24 marzo 2015 si concentrer\u00e0 sulla garanzia di qualit\u00e0, sulla pianificazione e sull'implementazione tecnica dei progetti di protezione antincendio. Tra l'altro, progettisti esperti provenienti dai ranghi della SSI (Associazione Svizzera degli Ingegneri e Consulenti Indipendenti per la Sicurezza) terranno delle presentazioni per affrontare i lavori di protezione antincendio concettuali e le nuove possibilit\u00e0 offerte dalle linee guida VKF adattate. Gli installatori saranno presenti sul posto per presentare lo stato dell'arte dei sistemi di allarme antincendio e degli impianti sprinkler.<\/p>","protected":false},"excerpt":{"rendered":"<p>Konzeptionell sollten mit den neuen Brandschutzrichtlinien nach wie vor 80 bis 90 Prozent aller Brandschutzprojekte nach Standard abgedeckt werden k\u00f6nnen. F\u00fcr den Rest ist der Anspruch an die Planung stark gestiegen. Deshalb wird eine saubere Planung k\u00fcnftig einen noch h\u00f6heren Stellenwert in der gesamten Umsetzung von Brandschutzmassnahmen einnehmen. Auch wird die Qualit\u00e4tssicherung im Brandschutz wichtiger [&hellip;]<\/p>\n","protected":false},"author":1,"featured_media":3023,"comment_status":"open","ping_status":"open","sticky":false,"template":"","format":"standard","meta":{"_acf_changed":false,"pgc_sgb_lightbox_settings":"","footnotes":""},"categories":[67],"tags":[293,105,156,108],"class_list":["post-3022","post","type-post","status-publish","format-standard","has-post-thumbnail","hentry","category-brandschutz","tag-aus-weiterbildung","tag-brandbekaempfung","tag-brandschutz","tag-vkf"],"acf":[],"hkrextid":null,"publication":null,"issue":null,"workflow":null,"startPage":null,"spitzmarke":null,"_posts_by_tag_page_fields":{"widget_title":"","widget_tags":""},"_at_widget":"1","_yoast_wpseo_primary_category":"4","_yoast_wpseo_focuskw_text_input":"Brandschutz","_yoast_wpseo_opengraph-image":"https:\/\/news.save.ch\/wp-content\/uploads\/2016\/12\/Brandschutz-Neue-M\u00f6glichkeiten-sicherheitsforum.jpg","_yoast_wpseo_opengraph-description":"Die neuen Brandschutzrichtlinien VKF sind auf Anfang Jahr in Kraft getreten. Es liegt ein neues Regelwerk vor, das gegen\u00fcber der Vorg\u00e4nger-Version in fast allen Punkten eine Erleichterung bringt. Klar ist, dass die heutigen Schutzziele von j\u00e4hrlich rund vier Todesopfern pro Million Einwohner gehalten werden muss.","_yoast_wpseo_opengraph-title":"Brandschutz","enclosure":null,"_yoast_wpseo_twitter-title":null,"_yoast_wpseo_twitter-description":null,"_yoast_wpseo_twitter-image":null,"_wp_old_slug":null,"_yoast_wpseo_title":null,"_yoast_wpseo_canonical":null,"yoast_head":"<!-- This site is optimized with the Yoast SEO plugin v27.5 - https:\/\/yoast.com\/product\/yoast-seo-wordpress\/ -->\n<title>Brandschutz: Neue M\u00f6glichkeiten - Save<\/title>\n<meta name=\"description\" content=\"Die neuen Brandschutz (richtlinien) VKF sind auf Anfang Jahr in Kraft getreten.\" \/>\n<meta name=\"robots\" content=\"index, follow, max-snippet:-1, max-image-preview:large, max-video-preview:-1\" \/>\n<link rel=\"canonical\" href=\"https:\/\/news.save.ch\/it\/brandschutz-neue-moeglichkeiten\/\" \/>\n<meta property=\"og:locale\" content=\"it_IT\" \/>\n<meta property=\"og:type\" content=\"article\" \/>\n<meta property=\"og:title\" content=\"Brandschutz\" \/>\n<meta property=\"og:description\" content=\"Die neuen Brandschutzrichtlinien VKF sind auf Anfang Jahr in Kraft getreten. Es liegt ein neues Regelwerk vor, das gegen\u00fcber der Vorg\u00e4nger-Version in fast allen Punkten eine Erleichterung bringt. Klar ist, dass die heutigen Schutzziele von j\u00e4hrlich rund vier Todesopfern pro Million Einwohner gehalten werden muss.\" \/>\n<meta property=\"og:url\" content=\"https:\/\/news.save.ch\/it\/brandschutz-neue-moeglichkeiten\/\" \/>\n<meta property=\"og:site_name\" content=\"Save\" \/>\n<meta property=\"article:published_time\" content=\"2015-03-04T09:32:57+00:00\" \/>\n<meta property=\"og:image\" content=\"https:\/\/news.save.ch\/wp-content\/uploads\/2016\/12\/Brandschutz-Neue-M\u00f6glichkeiten-sicherheitsforum.jpg\" \/>\n<meta name=\"author\" content=\"admin\" \/>\n<meta name=\"twitter:card\" content=\"summary_large_image\" \/>\n<meta name=\"twitter:label1\" content=\"Scritto da\" \/>\n\t<meta name=\"twitter:data1\" content=\"admin\" \/>\n\t<meta name=\"twitter:label2\" content=\"Tempo di lettura stimato\" \/>\n\t<meta name=\"twitter:data2\" content=\"1 minuto\" \/>\n<script type=\"application\/ld+json\" class=\"yoast-schema-graph\">{\"@context\":\"https:\\\/\\\/schema.org\",\"@graph\":[{\"@type\":\"Article\",\"@id\":\"https:\\\/\\\/news.save.ch\\\/brandschutz-neue-moeglichkeiten\\\/#article\",\"isPartOf\":{\"@id\":\"https:\\\/\\\/news.save.ch\\\/brandschutz-neue-moeglichkeiten\\\/\"},\"author\":{\"name\":\"admin\",\"@id\":\"https:\\\/\\\/news.save.ch\\\/de\\\/#\\\/schema\\\/person\\\/d49e199490bad7c70d64b9ab51142f2b\"},\"headline\":\"Brandschutz: Neue M\u00f6glichkeiten\",\"datePublished\":\"2015-03-04T09:32:57+00:00\",\"mainEntityOfPage\":{\"@id\":\"https:\\\/\\\/news.save.ch\\\/brandschutz-neue-moeglichkeiten\\\/\"},\"wordCount\":156,\"commentCount\":0,\"publisher\":{\"@id\":\"https:\\\/\\\/news.save.ch\\\/de\\\/#organization\"},\"image\":{\"@id\":\"https:\\\/\\\/news.save.ch\\\/brandschutz-neue-moeglichkeiten\\\/#primaryimage\"},\"thumbnailUrl\":\"https:\\\/\\\/news.save.ch\\\/wp-content\\\/uploads\\\/2016\\\/12\\\/Brandschutz-Neue-Moeglichkeiten-sicherheitsforum-scaled.jpg\",\"keywords\":[\"Aus- &amp; Weiterbildung\",\"Brandbek\u00e4mpfung\",\"Brandschutz\",\"VKF\"],\"articleSection\":[\"BRANDSCHUTZ\"],\"inLanguage\":\"it-IT\"},{\"@type\":\"WebPage\",\"@id\":\"https:\\\/\\\/news.save.ch\\\/brandschutz-neue-moeglichkeiten\\\/\",\"url\":\"https:\\\/\\\/news.save.ch\\\/brandschutz-neue-moeglichkeiten\\\/\",\"name\":\"Brandschutz: Neue M\u00f6glichkeiten - Save\",\"isPartOf\":{\"@id\":\"https:\\\/\\\/news.save.ch\\\/de\\\/#website\"},\"primaryImageOfPage\":{\"@id\":\"https:\\\/\\\/news.save.ch\\\/brandschutz-neue-moeglichkeiten\\\/#primaryimage\"},\"image\":{\"@id\":\"https:\\\/\\\/news.save.ch\\\/brandschutz-neue-moeglichkeiten\\\/#primaryimage\"},\"thumbnailUrl\":\"https:\\\/\\\/news.save.ch\\\/wp-content\\\/uploads\\\/2016\\\/12\\\/Brandschutz-Neue-Moeglichkeiten-sicherheitsforum-scaled.jpg\",\"datePublished\":\"2015-03-04T09:32:57+00:00\",\"description\":\"Die neuen Brandschutz (richtlinien) VKF sind auf Anfang Jahr in Kraft getreten.\",\"breadcrumb\":{\"@id\":\"https:\\\/\\\/news.save.ch\\\/brandschutz-neue-moeglichkeiten\\\/#breadcrumb\"},\"inLanguage\":\"it-IT\",\"potentialAction\":[{\"@type\":\"ReadAction\",\"target\":[\"https:\\\/\\\/news.save.ch\\\/brandschutz-neue-moeglichkeiten\\\/\"]}]},{\"@type\":\"ImageObject\",\"inLanguage\":\"it-IT\",\"@id\":\"https:\\\/\\\/news.save.ch\\\/brandschutz-neue-moeglichkeiten\\\/#primaryimage\",\"url\":\"https:\\\/\\\/news.save.ch\\\/wp-content\\\/uploads\\\/2016\\\/12\\\/Brandschutz-Neue-Moeglichkeiten-sicherheitsforum-scaled.jpg\",\"contentUrl\":\"https:\\\/\\\/news.save.ch\\\/wp-content\\\/uploads\\\/2016\\\/12\\\/Brandschutz-Neue-Moeglichkeiten-sicherheitsforum-scaled.jpg\",\"width\":1400,\"height\":932,\"caption\":\"Die neuen Brandschutzrichtlinien gelten seit Anfang Jahr\"},{\"@type\":\"BreadcrumbList\",\"@id\":\"https:\\\/\\\/news.save.ch\\\/brandschutz-neue-moeglichkeiten\\\/#breadcrumb\",\"itemListElement\":[{\"@type\":\"ListItem\",\"position\":1,\"name\":\"Home\",\"item\":\"https:\\\/\\\/news.save.ch\\\/de\\\/\"},{\"@type\":\"ListItem\",\"position\":2,\"name\":\"Brandschutz: Neue M\u00f6glichkeiten\"}]},{\"@type\":\"WebSite\",\"@id\":\"https:\\\/\\\/news.save.ch\\\/de\\\/#website\",\"url\":\"https:\\\/\\\/news.save.ch\\\/de\\\/\",\"name\":\"Save\",\"description\":\"Schweizer Fachzeitschrift f\u00fcr Sicherheit\",\"publisher\":{\"@id\":\"https:\\\/\\\/news.save.ch\\\/de\\\/#organization\"},\"potentialAction\":[{\"@type\":\"SearchAction\",\"target\":{\"@type\":\"EntryPoint\",\"urlTemplate\":\"https:\\\/\\\/news.save.ch\\\/de\\\/?s={search_term_string}\"},\"query-input\":{\"@type\":\"PropertyValueSpecification\",\"valueRequired\":true,\"valueName\":\"search_term_string\"}}],\"inLanguage\":\"it-IT\"},{\"@type\":\"Organization\",\"@id\":\"https:\\\/\\\/news.save.ch\\\/de\\\/#organization\",\"name\":\"Sicherheitsforum\",\"url\":\"https:\\\/\\\/news.save.ch\\\/de\\\/\",\"logo\":{\"@type\":\"ImageObject\",\"inLanguage\":\"it-IT\",\"@id\":\"https:\\\/\\\/news.save.ch\\\/de\\\/#\\\/schema\\\/logo\\\/image\\\/\",\"url\":\"https:\\\/\\\/news.save.ch\\\/wp-content\\\/uploads\\\/2022\\\/06\\\/Logo_SF_2012.png\",\"contentUrl\":\"https:\\\/\\\/news.save.ch\\\/wp-content\\\/uploads\\\/2022\\\/06\\\/Logo_SF_2012.png\",\"width\":1100,\"height\":91,\"caption\":\"Sicherheitsforum\"},\"image\":{\"@id\":\"https:\\\/\\\/news.save.ch\\\/de\\\/#\\\/schema\\\/logo\\\/image\\\/\"}},{\"@type\":\"Person\",\"@id\":\"https:\\\/\\\/news.save.ch\\\/de\\\/#\\\/schema\\\/person\\\/d49e199490bad7c70d64b9ab51142f2b\",\"name\":\"admin\",\"image\":{\"@type\":\"ImageObject\",\"inLanguage\":\"it-IT\",\"@id\":\"https:\\\/\\\/secure.gravatar.com\\\/avatar\\\/ae2f4d718e6c49043e314ce431e7e645d646302a24a5ef5a8bc8e3f5a032e319?s=96&d=mm&r=g\",\"url\":\"https:\\\/\\\/secure.gravatar.com\\\/avatar\\\/ae2f4d718e6c49043e314ce431e7e645d646302a24a5ef5a8bc8e3f5a032e319?s=96&d=mm&r=g\",\"contentUrl\":\"https:\\\/\\\/secure.gravatar.com\\\/avatar\\\/ae2f4d718e6c49043e314ce431e7e645d646302a24a5ef5a8bc8e3f5a032e319?s=96&d=mm&r=g\",\"caption\":\"admin\"},\"sameAs\":[\"https:\\\/\\\/develop.organisator.galledia.ch\"],\"url\":\"https:\\\/\\\/news.save.ch\\\/it\\\/author\\\/admin\\\/\"}]}<\/script>\n<!-- \/ Yoast SEO plugin. -->","yoast_head_json":{"title":"Protezione antincendio: nuove possibilit\u00e0 - Save","description":"All'inizio dell'anno \u00e8 entrata in vigore la nuova protezione antincendio VKF (linee guida).","robots":{"index":"index","follow":"follow","max-snippet":"max-snippet:-1","max-image-preview":"max-image-preview:large","max-video-preview":"max-video-preview:-1"},"canonical":"https:\/\/news.save.ch\/it\/brandschutz-neue-moeglichkeiten\/","og_locale":"it_IT","og_type":"article","og_title":"Brandschutz","og_description":"Die neuen Brandschutzrichtlinien VKF sind auf Anfang Jahr in Kraft getreten. Es liegt ein neues Regelwerk vor, das gegen\u00fcber der Vorg\u00e4nger-Version in fast allen Punkten eine Erleichterung bringt. Klar ist, dass die heutigen Schutzziele von j\u00e4hrlich rund vier Todesopfern pro Million Einwohner gehalten werden muss.","og_url":"https:\/\/news.save.ch\/it\/brandschutz-neue-moeglichkeiten\/","og_site_name":"Save","article_published_time":"2015-03-04T09:32:57+00:00","og_image":[{"url":"https:\/\/news.save.ch\/wp-content\/uploads\/2016\/12\/Brandschutz-Neue-M\u00f6glichkeiten-sicherheitsforum.jpg","type":"","width":"","height":""}],"author":"admin","twitter_card":"summary_large_image","twitter_misc":{"Scritto da":"admin","Tempo di lettura stimato":"1 minuto"},"schema":{"@context":"https:\/\/schema.org","@graph":[{"@type":"Article","@id":"https:\/\/news.save.ch\/brandschutz-neue-moeglichkeiten\/#article","isPartOf":{"@id":"https:\/\/news.save.ch\/brandschutz-neue-moeglichkeiten\/"},"author":{"name":"admin","@id":"https:\/\/news.save.ch\/de\/#\/schema\/person\/d49e199490bad7c70d64b9ab51142f2b"},"headline":"Brandschutz: Neue M\u00f6glichkeiten","datePublished":"2015-03-04T09:32:57+00:00","mainEntityOfPage":{"@id":"https:\/\/news.save.ch\/brandschutz-neue-moeglichkeiten\/"},"wordCount":156,"commentCount":0,"publisher":{"@id":"https:\/\/news.save.ch\/de\/#organization"},"image":{"@id":"https:\/\/news.save.ch\/brandschutz-neue-moeglichkeiten\/#primaryimage"},"thumbnailUrl":"https:\/\/news.save.ch\/wp-content\/uploads\/2016\/12\/Brandschutz-Neue-Moeglichkeiten-sicherheitsforum-scaled.jpg","keywords":["Aus- &amp; Weiterbildung","Brandbek\u00e4mpfung","Brandschutz","VKF"],"articleSection":["BRANDSCHUTZ"],"inLanguage":"it-IT"},{"@type":"WebPage","@id":"https:\/\/news.save.ch\/brandschutz-neue-moeglichkeiten\/","url":"https:\/\/news.save.ch\/brandschutz-neue-moeglichkeiten\/","name":"Protezione antincendio: nuove possibilit\u00e0 - Save","isPartOf":{"@id":"https:\/\/news.save.ch\/de\/#website"},"primaryImageOfPage":{"@id":"https:\/\/news.save.ch\/brandschutz-neue-moeglichkeiten\/#primaryimage"},"image":{"@id":"https:\/\/news.save.ch\/brandschutz-neue-moeglichkeiten\/#primaryimage"},"thumbnailUrl":"https:\/\/news.save.ch\/wp-content\/uploads\/2016\/12\/Brandschutz-Neue-Moeglichkeiten-sicherheitsforum-scaled.jpg","datePublished":"2015-03-04T09:32:57+00:00","description":"All'inizio dell'anno \u00e8 entrata in vigore la nuova protezione antincendio VKF (linee guida).","breadcrumb":{"@id":"https:\/\/news.save.ch\/brandschutz-neue-moeglichkeiten\/#breadcrumb"},"inLanguage":"it-IT","potentialAction":[{"@type":"ReadAction","target":["https:\/\/news.save.ch\/brandschutz-neue-moeglichkeiten\/"]}]},{"@type":"ImageObject","inLanguage":"it-IT","@id":"https:\/\/news.save.ch\/brandschutz-neue-moeglichkeiten\/#primaryimage","url":"https:\/\/news.save.ch\/wp-content\/uploads\/2016\/12\/Brandschutz-Neue-Moeglichkeiten-sicherheitsforum-scaled.jpg","contentUrl":"https:\/\/news.save.ch\/wp-content\/uploads\/2016\/12\/Brandschutz-Neue-Moeglichkeiten-sicherheitsforum-scaled.jpg","width":1400,"height":932,"caption":"Die neuen Brandschutzrichtlinien gelten seit Anfang Jahr"},{"@type":"BreadcrumbList","@id":"https:\/\/news.save.ch\/brandschutz-neue-moeglichkeiten\/#breadcrumb","itemListElement":[{"@type":"ListItem","position":1,"name":"Home","item":"https:\/\/news.save.ch\/de\/"},{"@type":"ListItem","position":2,"name":"Brandschutz: Neue M\u00f6glichkeiten"}]},{"@type":"WebSite","@id":"https:\/\/news.save.ch\/de\/#website","url":"https:\/\/news.save.ch\/de\/","name":"Risparmiare","description":"Rivista svizzera specializzata in sicurezza","publisher":{"@id":"https:\/\/news.save.ch\/de\/#organization"},"potentialAction":[{"@type":"SearchAction","target":{"@type":"EntryPoint","urlTemplate":"https:\/\/news.save.ch\/de\/?s={search_term_string}"},"query-input":{"@type":"PropertyValueSpecification","valueRequired":true,"valueName":"search_term_string"}}],"inLanguage":"it-IT"},{"@type":"Organization","@id":"https:\/\/news.save.ch\/de\/#organization","name":"Forum sulla sicurezza","url":"https:\/\/news.save.ch\/de\/","logo":{"@type":"ImageObject","inLanguage":"it-IT","@id":"https:\/\/news.save.ch\/de\/#\/schema\/logo\/image\/","url":"https:\/\/news.save.ch\/wp-content\/uploads\/2022\/06\/Logo_SF_2012.png","contentUrl":"https:\/\/news.save.ch\/wp-content\/uploads\/2022\/06\/Logo_SF_2012.png","width":1100,"height":91,"caption":"Sicherheitsforum"},"image":{"@id":"https:\/\/news.save.ch\/de\/#\/schema\/logo\/image\/"}},{"@type":"Person","@id":"https:\/\/news.save.ch\/de\/#\/schema\/person\/d49e199490bad7c70d64b9ab51142f2b","name":"amministratore","image":{"@type":"ImageObject","inLanguage":"it-IT","@id":"https:\/\/secure.gravatar.com\/avatar\/ae2f4d718e6c49043e314ce431e7e645d646302a24a5ef5a8bc8e3f5a032e319?s=96&d=mm&r=g","url":"https:\/\/secure.gravatar.com\/avatar\/ae2f4d718e6c49043e314ce431e7e645d646302a24a5ef5a8bc8e3f5a032e319?s=96&d=mm&r=g","contentUrl":"https:\/\/secure.gravatar.com\/avatar\/ae2f4d718e6c49043e314ce431e7e645d646302a24a5ef5a8bc8e3f5a032e319?s=96&d=mm&r=g","caption":"admin"},"sameAs":["https:\/\/develop.organisator.galledia.ch"],"url":"https:\/\/news.save.ch\/it\/author\/admin\/"}]}},"_links":{"self":[{"href":"https:\/\/news.save.ch\/it\/wp-json\/wp\/v2\/posts\/3022","targetHints":{"allow":["GET"]}}],"collection":[{"href":"https:\/\/news.save.ch\/it\/wp-json\/wp\/v2\/posts"}],"about":[{"href":"https:\/\/news.save.ch\/it\/wp-json\/wp\/v2\/types\/post"}],"author":[{"embeddable":true,"href":"https:\/\/news.save.ch\/it\/wp-json\/wp\/v2\/users\/1"}],"replies":[{"embeddable":true,"href":"https:\/\/news.save.ch\/it\/wp-json\/wp\/v2\/comments?post=3022"}],"version-history":[{"count":0,"href":"https:\/\/news.save.ch\/it\/wp-json\/wp\/v2\/posts\/3022\/revisions"}],"wp:featuredmedia":[{"embeddable":true,"href":"https:\/\/news.save.ch\/it\/wp-json\/wp\/v2\/media\/3023"}],"wp:attachment":[{"href":"https:\/\/news.save.ch\/it\/wp-json\/wp\/v2\/media?parent=3022"}],"wp:term":[{"taxonomy":"category","embeddable":true,"href":"https:\/\/news.save.ch\/it\/wp-json\/wp\/v2\/categories?post=3022"},{"taxonomy":"post_tag","embeddable":true,"href":"https:\/\/news.save.ch\/it\/wp-json\/wp\/v2\/tags?post=3022"}],"curies":[{"name":"wp","href":"https:\/\/api.w.org\/{rel}","templated":true}]}}