{"id":3026,"date":"2015-03-04T10:36:25","date_gmt":"2015-03-04T09:36:25","guid":{"rendered":"https:\/\/dev.sicherheitsforum.ch\/?p=3026"},"modified":"2015-03-04T10:36:25","modified_gmt":"2015-03-04T09:36:25","slug":"die-abus-schweiz-ist-eroeffnet","status":null,"type":"post","link":"https:\/\/news.save.ch\/it\/die-abus-schweiz-ist-eroeffnet\/","title":{"rendered":"ABUS Svizzera \u00e8 aperta"},"content":{"rendered":"<figure id=\"attachment_3027\" aria-describedby=\"caption-attachment-3027\" style=\"width: 680px\" class=\"wp-caption alignnone\"><img loading=\"lazy\" decoding=\"async\" class=\"size-medium wp-image-3027\" src=\"https:\/\/news.save.ch\/wp-content\/uploads\/2016\/12\/Die-ABUS-Schweiz-ist-eroeffnet-sicherheitsforum-scaled-1.jpg\" alt=\"\" width=\"680\" height=\"510\" \/><figcaption id=\"caption-attachment-3027\" class=\"wp-caption-text\">Con la filiale ABUS di Zug, il settore della sicurezza svizzero dovrebbe beneficiare di strutture di vendita pi\u00f9 chiare, distanze pi\u00f9 brevi e un partner commerciale centrale.<\/figcaption><\/figure>\n<p>La presenza personale in Svizzera \u00e8 importante perch\u00e9, secondo gli addetti ai lavori, il mercato della sicurezza ha esigenze diverse rispetto, ad esempio, alla Germania o ad altri paesi. <a title=\"Collegamento a ABUS\" href=\"https:\/\/www.abus.com\/ch_de\/content\/view\/full\/38169\" target=\"_blank\" data-cke-saved-href=\"https:\/\/www.abus.com\/ch_de\/content\/view\/full\/38169\" rel=\"noopener\">ABUS<\/a>-Il direttore generale Christian Maag. Grazie alla nuova sede, il fornitore di sicurezza pu\u00f2 ottimizzare il servizio clienti in loco con i suoi prodotti \"Made in Germany\".<\/p>\n<p>I sistemi del fornitore seguono un concetto di sicurezza integrata: meccanica, elettronica, allarme e videosorveglianza sono combinati in soluzioni olistiche, come sottolineato.<\/p>\n<p>Con la filiale ABUS di Zug, il settore della sicurezza svizzero beneficia di strutture di vendita pi\u00f9 chiare, di distanze pi\u00f9 brevi e di un partner commerciale centrale. Questi sono solo alcuni punti che semplificheranno la partnership. L'assistenza diretta, grazie a un team ampliato di uffici e assistenza sul campo, il supporto competente per le attivit\u00e0 di marketing e il sostegno per una presenza professionale sul PoS sono ora tutti da un'unica fonte. Tutto questo aiuta il partner svizzero ABUS a operare con successo sul mercato.<\/p>\n<p>Il gruppo offre tecnologie di sicurezza dal 1924. Il produttore ha i suoi centri di ricerca in Germania e sviluppa soluzioni di sicurezza collegabili in rete: dai dispositivi di sicurezza per finestre, porte, biciclette e motociclette ai sistemi di chiusura, ai sistemi di allarme e videosorveglianza e ai rilevatori di pericolo.<\/p>\n<blockquote>\n<p>\"Vogliamo rendere la vita un po' pi\u00f9 sicura a casa, sulla strada e nell'edificio. In futuro, copriremo tutti i settori\". - Christian Maag, direttore generale di ABUS Security-Center.<\/p>\n<\/blockquote>","protected":false},"excerpt":{"rendered":"<p>Die pers\u00f6nliche Pr\u00e4senz in der Schweiz sei wichtig, denn hier habe der Sicherheitsmarkt andere Bed\u00fcrfnisse als beispielsweise in Deutschland oder anderswo, so Branchenkenner und ABUS-Gesch\u00e4ftsf\u00fchrer Christian Maag. Dank dem neuen Standort k\u00f6nne der Sicherheitsanbieter mit seinen Produkten \u201eMade in Germany\u201c den Kundenservice vor Ort optimieren. Die Systeme des Anbieters folgen einem durchg\u00e4ngigen Sicherheitskonzept: Mechanik, Elektronik, [&hellip;]<\/p>\n","protected":false},"author":1,"featured_media":3027,"comment_status":"open","ping_status":"open","sticky":false,"template":"","format":"standard","meta":{"_acf_changed":false,"pgc_sgb_lightbox_settings":"","footnotes":""},"categories":[1],"tags":[44],"class_list":["post-3026","post","type-post","status-publish","format-standard","has-post-thumbnail","hentry","category-allgemein","tag-kooperation"],"acf":[],"hkrextid":null,"publication":null,"issue":null,"workflow":null,"startPage":null,"spitzmarke":null,"_posts_by_tag_page_fields":{"widget_title":"","widget_tags":""},"_at_widget":"1","_yoast_wpseo_primary_category":"1","_yoast_wpseo_focuskw_text_input":"ABUS","_yoast_wpseo_opengraph-image":"https:\/\/news.save.ch\/wp-content\/uploads\/2016\/12\/Die-ABUS-Schweiz-ist-er\u00f6ffnet-sicherheitsforum.jpg","_yoast_wpseo_opengraph-description":"Aus Trigress Security AG wurde auf Anfang Jahr die ABUS Schweiz AG. Damit verfolgt die international t\u00e4tige ABUS-Gruppe auch hierzulande den Weg der ganzheitlichen Sicherheit aus einer Hand. Was das bedeutet, hat das Unternehmen am 20. Februar 2015 an seinem neu er\u00f6ffneten Standort in Baar (ZG) gezeigt.","_yoast_wpseo_opengraph-title":"ABUS","enclosure":null,"_yoast_wpseo_twitter-title":null,"_yoast_wpseo_twitter-description":null,"_yoast_wpseo_twitter-image":null,"_wp_old_slug":null,"_yoast_wpseo_title":null,"_yoast_wpseo_canonical":null,"yoast_head":"<!-- This site is optimized with the Yoast SEO plugin v27.5 - https:\/\/yoast.com\/product\/yoast-seo-wordpress\/ -->\n<title>Die ABUS Schweiz ist er\u00f6ffnet - Save<\/title>\n<meta name=\"description\" content=\"Aus Trigress Security AG wurde auf Anfang Jahr die ABUS Schweiz AG.\" \/>\n<meta name=\"robots\" content=\"index, follow, max-snippet:-1, max-image-preview:large, max-video-preview:-1\" \/>\n<link rel=\"canonical\" href=\"https:\/\/news.save.ch\/it\/die-abus-schweiz-ist-eroeffnet\/\" \/>\n<meta property=\"og:locale\" content=\"it_IT\" \/>\n<meta property=\"og:type\" content=\"article\" \/>\n<meta property=\"og:title\" content=\"ABUS\" \/>\n<meta property=\"og:description\" content=\"Aus Trigress Security AG wurde auf Anfang Jahr die ABUS Schweiz AG. Damit verfolgt die international t\u00e4tige ABUS-Gruppe auch hierzulande den Weg der ganzheitlichen Sicherheit aus einer Hand. Was das bedeutet, hat das Unternehmen am 20. Februar 2015 an seinem neu er\u00f6ffneten Standort in Baar (ZG) gezeigt.\" \/>\n<meta property=\"og:url\" content=\"https:\/\/news.save.ch\/it\/die-abus-schweiz-ist-eroeffnet\/\" \/>\n<meta property=\"og:site_name\" content=\"Save\" \/>\n<meta property=\"article:published_time\" content=\"2015-03-04T09:36:25+00:00\" \/>\n<meta property=\"og:image\" content=\"https:\/\/news.save.ch\/wp-content\/uploads\/2016\/12\/Die-ABUS-Schweiz-ist-er\u00f6ffnet-sicherheitsforum.jpg\" \/>\n<meta name=\"author\" content=\"admin\" \/>\n<meta name=\"twitter:card\" content=\"summary_large_image\" \/>\n<meta name=\"twitter:label1\" content=\"Scritto da\" \/>\n\t<meta name=\"twitter:data1\" content=\"admin\" \/>\n\t<meta name=\"twitter:label2\" content=\"Tempo di lettura stimato\" \/>\n\t<meta name=\"twitter:data2\" content=\"1 minuto\" \/>\n<script type=\"application\/ld+json\" class=\"yoast-schema-graph\">{\"@context\":\"https:\\\/\\\/schema.org\",\"@graph\":[{\"@type\":\"Article\",\"@id\":\"https:\\\/\\\/news.save.ch\\\/die-abus-schweiz-ist-eroeffnet\\\/#article\",\"isPartOf\":{\"@id\":\"https:\\\/\\\/news.save.ch\\\/die-abus-schweiz-ist-eroeffnet\\\/\"},\"author\":{\"name\":\"admin\",\"@id\":\"https:\\\/\\\/news.save.ch\\\/de\\\/#\\\/schema\\\/person\\\/d49e199490bad7c70d64b9ab51142f2b\"},\"headline\":\"Die ABUS Schweiz ist er\u00f6ffnet\",\"datePublished\":\"2015-03-04T09:36:25+00:00\",\"mainEntityOfPage\":{\"@id\":\"https:\\\/\\\/news.save.ch\\\/die-abus-schweiz-ist-eroeffnet\\\/\"},\"wordCount\":263,\"commentCount\":0,\"publisher\":{\"@id\":\"https:\\\/\\\/news.save.ch\\\/de\\\/#organization\"},\"image\":{\"@id\":\"https:\\\/\\\/news.save.ch\\\/die-abus-schweiz-ist-eroeffnet\\\/#primaryimage\"},\"thumbnailUrl\":\"https:\\\/\\\/news.save.ch\\\/wp-content\\\/uploads\\\/2016\\\/12\\\/Die-ABUS-Schweiz-ist-eroeffnet-sicherheitsforum-scaled-1-scaled.jpg\",\"keywords\":[\"Kooperation\"],\"articleSection\":[\"ALLGEMEIN\"],\"inLanguage\":\"it-IT\"},{\"@type\":\"WebPage\",\"@id\":\"https:\\\/\\\/news.save.ch\\\/die-abus-schweiz-ist-eroeffnet\\\/\",\"url\":\"https:\\\/\\\/news.save.ch\\\/die-abus-schweiz-ist-eroeffnet\\\/\",\"name\":\"Die ABUS Schweiz ist er\u00f6ffnet - Save\",\"isPartOf\":{\"@id\":\"https:\\\/\\\/news.save.ch\\\/de\\\/#website\"},\"primaryImageOfPage\":{\"@id\":\"https:\\\/\\\/news.save.ch\\\/die-abus-schweiz-ist-eroeffnet\\\/#primaryimage\"},\"image\":{\"@id\":\"https:\\\/\\\/news.save.ch\\\/die-abus-schweiz-ist-eroeffnet\\\/#primaryimage\"},\"thumbnailUrl\":\"https:\\\/\\\/news.save.ch\\\/wp-content\\\/uploads\\\/2016\\\/12\\\/Die-ABUS-Schweiz-ist-eroeffnet-sicherheitsforum-scaled-1-scaled.jpg\",\"datePublished\":\"2015-03-04T09:36:25+00:00\",\"description\":\"Aus Trigress Security AG wurde auf Anfang Jahr die ABUS Schweiz AG.\",\"breadcrumb\":{\"@id\":\"https:\\\/\\\/news.save.ch\\\/die-abus-schweiz-ist-eroeffnet\\\/#breadcrumb\"},\"inLanguage\":\"it-IT\",\"potentialAction\":[{\"@type\":\"ReadAction\",\"target\":[\"https:\\\/\\\/news.save.ch\\\/die-abus-schweiz-ist-eroeffnet\\\/\"]}]},{\"@type\":\"ImageObject\",\"inLanguage\":\"it-IT\",\"@id\":\"https:\\\/\\\/news.save.ch\\\/die-abus-schweiz-ist-eroeffnet\\\/#primaryimage\",\"url\":\"https:\\\/\\\/news.save.ch\\\/wp-content\\\/uploads\\\/2016\\\/12\\\/Die-ABUS-Schweiz-ist-eroeffnet-sicherheitsforum-scaled-1-scaled.jpg\",\"contentUrl\":\"https:\\\/\\\/news.save.ch\\\/wp-content\\\/uploads\\\/2016\\\/12\\\/Die-ABUS-Schweiz-ist-eroeffnet-sicherheitsforum-scaled-1-scaled.jpg\",\"width\":1400,\"height\":1050,\"caption\":\"Mit dem ABUS-Ableger in Zug soll der Schweizer Sicherheitsfachhandel durch \u00fcbersichtlichere Vertriebsstrukturen, k\u00fcrzere Wege und einen zentralen Gesch\u00e4ftspartner profitieren\"},{\"@type\":\"BreadcrumbList\",\"@id\":\"https:\\\/\\\/news.save.ch\\\/die-abus-schweiz-ist-eroeffnet\\\/#breadcrumb\",\"itemListElement\":[{\"@type\":\"ListItem\",\"position\":1,\"name\":\"Home\",\"item\":\"https:\\\/\\\/news.save.ch\\\/de\\\/\"},{\"@type\":\"ListItem\",\"position\":2,\"name\":\"Die ABUS Schweiz ist er\u00f6ffnet\"}]},{\"@type\":\"WebSite\",\"@id\":\"https:\\\/\\\/news.save.ch\\\/de\\\/#website\",\"url\":\"https:\\\/\\\/news.save.ch\\\/de\\\/\",\"name\":\"Save\",\"description\":\"Schweizer Fachzeitschrift f\u00fcr Sicherheit\",\"publisher\":{\"@id\":\"https:\\\/\\\/news.save.ch\\\/de\\\/#organization\"},\"potentialAction\":[{\"@type\":\"SearchAction\",\"target\":{\"@type\":\"EntryPoint\",\"urlTemplate\":\"https:\\\/\\\/news.save.ch\\\/de\\\/?s={search_term_string}\"},\"query-input\":{\"@type\":\"PropertyValueSpecification\",\"valueRequired\":true,\"valueName\":\"search_term_string\"}}],\"inLanguage\":\"it-IT\"},{\"@type\":\"Organization\",\"@id\":\"https:\\\/\\\/news.save.ch\\\/de\\\/#organization\",\"name\":\"Sicherheitsforum\",\"url\":\"https:\\\/\\\/news.save.ch\\\/de\\\/\",\"logo\":{\"@type\":\"ImageObject\",\"inLanguage\":\"it-IT\",\"@id\":\"https:\\\/\\\/news.save.ch\\\/de\\\/#\\\/schema\\\/logo\\\/image\\\/\",\"url\":\"https:\\\/\\\/news.save.ch\\\/wp-content\\\/uploads\\\/2022\\\/06\\\/Logo_SF_2012.png\",\"contentUrl\":\"https:\\\/\\\/news.save.ch\\\/wp-content\\\/uploads\\\/2022\\\/06\\\/Logo_SF_2012.png\",\"width\":1100,\"height\":91,\"caption\":\"Sicherheitsforum\"},\"image\":{\"@id\":\"https:\\\/\\\/news.save.ch\\\/de\\\/#\\\/schema\\\/logo\\\/image\\\/\"}},{\"@type\":\"Person\",\"@id\":\"https:\\\/\\\/news.save.ch\\\/de\\\/#\\\/schema\\\/person\\\/d49e199490bad7c70d64b9ab51142f2b\",\"name\":\"admin\",\"image\":{\"@type\":\"ImageObject\",\"inLanguage\":\"it-IT\",\"@id\":\"https:\\\/\\\/secure.gravatar.com\\\/avatar\\\/ae2f4d718e6c49043e314ce431e7e645d646302a24a5ef5a8bc8e3f5a032e319?s=96&d=mm&r=g\",\"url\":\"https:\\\/\\\/secure.gravatar.com\\\/avatar\\\/ae2f4d718e6c49043e314ce431e7e645d646302a24a5ef5a8bc8e3f5a032e319?s=96&d=mm&r=g\",\"contentUrl\":\"https:\\\/\\\/secure.gravatar.com\\\/avatar\\\/ae2f4d718e6c49043e314ce431e7e645d646302a24a5ef5a8bc8e3f5a032e319?s=96&d=mm&r=g\",\"caption\":\"admin\"},\"sameAs\":[\"https:\\\/\\\/develop.organisator.galledia.ch\"],\"url\":\"https:\\\/\\\/news.save.ch\\\/it\\\/author\\\/admin\\\/\"}]}<\/script>\n<!-- \/ Yoast SEO plugin. -->","yoast_head_json":{"title":"ABUS Svizzera \u00e8 aperta - Salva","description":"All'inizio dell'anno Trigress Security AG \u00e8 diventata ABUS Schweiz AG.","robots":{"index":"index","follow":"follow","max-snippet":"max-snippet:-1","max-image-preview":"max-image-preview:large","max-video-preview":"max-video-preview:-1"},"canonical":"https:\/\/news.save.ch\/it\/die-abus-schweiz-ist-eroeffnet\/","og_locale":"it_IT","og_type":"article","og_title":"ABUS","og_description":"Aus Trigress Security AG wurde auf Anfang Jahr die ABUS Schweiz AG. Damit verfolgt die international t\u00e4tige ABUS-Gruppe auch hierzulande den Weg der ganzheitlichen Sicherheit aus einer Hand. Was das bedeutet, hat das Unternehmen am 20. Februar 2015 an seinem neu er\u00f6ffneten Standort in Baar (ZG) gezeigt.","og_url":"https:\/\/news.save.ch\/it\/die-abus-schweiz-ist-eroeffnet\/","og_site_name":"Save","article_published_time":"2015-03-04T09:36:25+00:00","og_image":[{"url":"https:\/\/news.save.ch\/wp-content\/uploads\/2016\/12\/Die-ABUS-Schweiz-ist-er\u00f6ffnet-sicherheitsforum.jpg","type":"","width":"","height":""}],"author":"admin","twitter_card":"summary_large_image","twitter_misc":{"Scritto da":"admin","Tempo di lettura stimato":"1 minuto"},"schema":{"@context":"https:\/\/schema.org","@graph":[{"@type":"Article","@id":"https:\/\/news.save.ch\/die-abus-schweiz-ist-eroeffnet\/#article","isPartOf":{"@id":"https:\/\/news.save.ch\/die-abus-schweiz-ist-eroeffnet\/"},"author":{"name":"admin","@id":"https:\/\/news.save.ch\/de\/#\/schema\/person\/d49e199490bad7c70d64b9ab51142f2b"},"headline":"Die ABUS Schweiz ist er\u00f6ffnet","datePublished":"2015-03-04T09:36:25+00:00","mainEntityOfPage":{"@id":"https:\/\/news.save.ch\/die-abus-schweiz-ist-eroeffnet\/"},"wordCount":263,"commentCount":0,"publisher":{"@id":"https:\/\/news.save.ch\/de\/#organization"},"image":{"@id":"https:\/\/news.save.ch\/die-abus-schweiz-ist-eroeffnet\/#primaryimage"},"thumbnailUrl":"https:\/\/news.save.ch\/wp-content\/uploads\/2016\/12\/Die-ABUS-Schweiz-ist-eroeffnet-sicherheitsforum-scaled-1-scaled.jpg","keywords":["Kooperation"],"articleSection":["ALLGEMEIN"],"inLanguage":"it-IT"},{"@type":"WebPage","@id":"https:\/\/news.save.ch\/die-abus-schweiz-ist-eroeffnet\/","url":"https:\/\/news.save.ch\/die-abus-schweiz-ist-eroeffnet\/","name":"ABUS Svizzera \u00e8 aperta - Salva","isPartOf":{"@id":"https:\/\/news.save.ch\/de\/#website"},"primaryImageOfPage":{"@id":"https:\/\/news.save.ch\/die-abus-schweiz-ist-eroeffnet\/#primaryimage"},"image":{"@id":"https:\/\/news.save.ch\/die-abus-schweiz-ist-eroeffnet\/#primaryimage"},"thumbnailUrl":"https:\/\/news.save.ch\/wp-content\/uploads\/2016\/12\/Die-ABUS-Schweiz-ist-eroeffnet-sicherheitsforum-scaled-1-scaled.jpg","datePublished":"2015-03-04T09:36:25+00:00","description":"All'inizio dell'anno Trigress Security AG \u00e8 diventata ABUS Schweiz AG.","breadcrumb":{"@id":"https:\/\/news.save.ch\/die-abus-schweiz-ist-eroeffnet\/#breadcrumb"},"inLanguage":"it-IT","potentialAction":[{"@type":"ReadAction","target":["https:\/\/news.save.ch\/die-abus-schweiz-ist-eroeffnet\/"]}]},{"@type":"ImageObject","inLanguage":"it-IT","@id":"https:\/\/news.save.ch\/die-abus-schweiz-ist-eroeffnet\/#primaryimage","url":"https:\/\/news.save.ch\/wp-content\/uploads\/2016\/12\/Die-ABUS-Schweiz-ist-eroeffnet-sicherheitsforum-scaled-1-scaled.jpg","contentUrl":"https:\/\/news.save.ch\/wp-content\/uploads\/2016\/12\/Die-ABUS-Schweiz-ist-eroeffnet-sicherheitsforum-scaled-1-scaled.jpg","width":1400,"height":1050,"caption":"Mit dem ABUS-Ableger in Zug soll der Schweizer Sicherheitsfachhandel durch \u00fcbersichtlichere Vertriebsstrukturen, k\u00fcrzere Wege und einen zentralen Gesch\u00e4ftspartner profitieren"},{"@type":"BreadcrumbList","@id":"https:\/\/news.save.ch\/die-abus-schweiz-ist-eroeffnet\/#breadcrumb","itemListElement":[{"@type":"ListItem","position":1,"name":"Home","item":"https:\/\/news.save.ch\/de\/"},{"@type":"ListItem","position":2,"name":"Die ABUS Schweiz ist er\u00f6ffnet"}]},{"@type":"WebSite","@id":"https:\/\/news.save.ch\/de\/#website","url":"https:\/\/news.save.ch\/de\/","name":"Risparmiare","description":"Rivista svizzera specializzata in sicurezza","publisher":{"@id":"https:\/\/news.save.ch\/de\/#organization"},"potentialAction":[{"@type":"SearchAction","target":{"@type":"EntryPoint","urlTemplate":"https:\/\/news.save.ch\/de\/?s={search_term_string}"},"query-input":{"@type":"PropertyValueSpecification","valueRequired":true,"valueName":"search_term_string"}}],"inLanguage":"it-IT"},{"@type":"Organization","@id":"https:\/\/news.save.ch\/de\/#organization","name":"Forum sulla sicurezza","url":"https:\/\/news.save.ch\/de\/","logo":{"@type":"ImageObject","inLanguage":"it-IT","@id":"https:\/\/news.save.ch\/de\/#\/schema\/logo\/image\/","url":"https:\/\/news.save.ch\/wp-content\/uploads\/2022\/06\/Logo_SF_2012.png","contentUrl":"https:\/\/news.save.ch\/wp-content\/uploads\/2022\/06\/Logo_SF_2012.png","width":1100,"height":91,"caption":"Sicherheitsforum"},"image":{"@id":"https:\/\/news.save.ch\/de\/#\/schema\/logo\/image\/"}},{"@type":"Person","@id":"https:\/\/news.save.ch\/de\/#\/schema\/person\/d49e199490bad7c70d64b9ab51142f2b","name":"amministratore","image":{"@type":"ImageObject","inLanguage":"it-IT","@id":"https:\/\/secure.gravatar.com\/avatar\/ae2f4d718e6c49043e314ce431e7e645d646302a24a5ef5a8bc8e3f5a032e319?s=96&d=mm&r=g","url":"https:\/\/secure.gravatar.com\/avatar\/ae2f4d718e6c49043e314ce431e7e645d646302a24a5ef5a8bc8e3f5a032e319?s=96&d=mm&r=g","contentUrl":"https:\/\/secure.gravatar.com\/avatar\/ae2f4d718e6c49043e314ce431e7e645d646302a24a5ef5a8bc8e3f5a032e319?s=96&d=mm&r=g","caption":"admin"},"sameAs":["https:\/\/develop.organisator.galledia.ch"],"url":"https:\/\/news.save.ch\/it\/author\/admin\/"}]}},"_links":{"self":[{"href":"https:\/\/news.save.ch\/it\/wp-json\/wp\/v2\/posts\/3026","targetHints":{"allow":["GET"]}}],"collection":[{"href":"https:\/\/news.save.ch\/it\/wp-json\/wp\/v2\/posts"}],"about":[{"href":"https:\/\/news.save.ch\/it\/wp-json\/wp\/v2\/types\/post"}],"author":[{"embeddable":true,"href":"https:\/\/news.save.ch\/it\/wp-json\/wp\/v2\/users\/1"}],"replies":[{"embeddable":true,"href":"https:\/\/news.save.ch\/it\/wp-json\/wp\/v2\/comments?post=3026"}],"version-history":[{"count":0,"href":"https:\/\/news.save.ch\/it\/wp-json\/wp\/v2\/posts\/3026\/revisions"}],"wp:featuredmedia":[{"embeddable":true,"href":"https:\/\/news.save.ch\/it\/wp-json\/wp\/v2\/media\/3027"}],"wp:attachment":[{"href":"https:\/\/news.save.ch\/it\/wp-json\/wp\/v2\/media?parent=3026"}],"wp:term":[{"taxonomy":"category","embeddable":true,"href":"https:\/\/news.save.ch\/it\/wp-json\/wp\/v2\/categories?post=3026"},{"taxonomy":"post_tag","embeddable":true,"href":"https:\/\/news.save.ch\/it\/wp-json\/wp\/v2\/tags?post=3026"}],"curies":[{"name":"wp","href":"https:\/\/api.w.org\/{rel}","templated":true}]}}