{"id":3038,"date":"2015-03-12T10:41:17","date_gmt":"2015-03-12T09:41:17","guid":{"rendered":"https:\/\/dev.sicherheitsforum.ch\/?p=3038"},"modified":"2015-03-12T10:41:17","modified_gmt":"2015-03-12T09:41:17","slug":"kaba-gruppe-profitabilitaet-und-konzernergebnis-gesteigert","status":null,"type":"post","link":"https:\/\/news.save.ch\/it\/kaba-gruppe-profitabilitaet-und-konzernergebnis-gesteigert\/","title":{"rendered":"Kaba Group: aumento della redditivit\u00e0 e dell'utile netto"},"content":{"rendered":"<figure id=\"attachment_3040\" aria-describedby=\"caption-attachment-3040\" style=\"width: 680px\" class=\"wp-caption alignnone\"><img loading=\"lazy\" decoding=\"async\" class=\"size-medium wp-image-3040\" src=\"https:\/\/news.save.ch\/wp-content\/uploads\/2016\/12\/Kaba-Gruppe-Profitabilitaet-und-Konzernergebnis-gesteigert-sicherheitsforum.jpg\" alt=\"\" width=\"680\" height=\"453\" \/><figcaption id=\"caption-attachment-3040\" class=\"wp-caption-text\">Riet Cadonau, CEO del Gruppo Kaba<\/figcaption><\/figure>\n<p>Nel periodo di riferimento, il <a title=\"Link alla homepage dell&#039;azienda\" href=\"https:\/\/www.kaba.com\/de\" target=\"_blank\" data-cke-saved-href=\"https:\/\/www.kaba.com\/de\" rel=\"noopener\">Kaba<\/a> anche la redditivit\u00e0. Il <a title=\"Collegamento al calcolo dell&#039;EBITDA\" href=\"https:\/\/de.wikipedia.org\/wiki\/EBITDA\" target=\"_blank\" data-cke-saved-href=\"https:\/\/de.wikipedia.org\/wiki\/EBITDA\" rel=\"noopener\">EBITDA<\/a> \u00e8 aumentato del 15,2% a 85,7 milioni di franchi (anno precedente: 74,4 milioni). Poich\u00e9 l'EBITDA \u00e8 aumentato a un ritmo simile a quello delle vendite, il margine EBITDA \u00e8 rimasto invariato rispetto all'anno precedente, attestandosi a 15,5%. Kaba ha chiuso il periodo in esame con un utile netto superiore di 50,2 milioni di franchi (anno precedente: 44 milioni di franchi). L'utile per azione \u00e8 aumentato di 12,91 CHFTP2T a 13,10 CHF (anno precedente: 11,60 CHF).<\/p>\n<p>Cosa ci riserva il futuro? Il contesto economico rimane difficile, soprattutto in Europa, come sottolinea l'azienda. Inoltre, Key Systems non si aspetta che si ripeta il boom della domanda nell'industria automobilistica. Tuttavia, alla luce dell'eccellente andamento delle vendite fino ad oggi, Kaba ha alzato le sue previsioni per l'esercizio finanziario in corso da 3% a 5% e prevede ora di raggiungere una crescita organica di almeno 5% nell'intero 2014\/2015. Secondo il CEO Riet Cadonau, l'obiettivo di un margine EBITDA al livello dell'anno precedente sar\u00e0 mantenuto, a condizione che il contesto economico rimanga stabile nell'esercizio in corso.<\/p>","protected":false},"excerpt":{"rendered":"<p>Im Berichtszeitraum steigerte Kaba auch die Profitabilit\u00e4t. Das EBITDA stieg um 15,2% auf 85,7 Mio. CHF\u00a0(Vorjahr: 74,4 Mio.). Da sich das EBITDA in \u00e4hnlichem Ausmass wie der Umsatz erh\u00f6hte, blieb die EBITDA-Marge mit 15,5% gleich hoch wie im Vorjahr. Kaba schliesst die Berichtsperiode mit einem h\u00f6heren Konzernergebnis von 50,2 Mio. CHF\u00a0ab (Vorjahr: 44 Mio. CHF). [&hellip;]<\/p>\n","protected":false},"author":1,"featured_media":3040,"comment_status":"open","ping_status":"open","sticky":false,"template":"","format":"standard","meta":{"_acf_changed":false,"pgc_sgb_lightbox_settings":"","footnotes":""},"categories":[1],"tags":[132],"class_list":["post-3038","post","type-post","status-publish","format-standard","has-post-thumbnail","hentry","category-allgemein","tag-finanzierung"],"acf":[],"hkrextid":null,"publication":null,"issue":null,"workflow":null,"startPage":null,"spitzmarke":null,"_posts_by_tag_page_fields":{"widget_title":"","widget_tags":""},"_at_widget":"1","_yoast_wpseo_primary_category":"1","_yoast_wpseo_focuskw_text_input":"Kaba-Gruppe","_yoast_wpseo_opengraph-image":"https:\/\/news.save.ch\/wp-content\/uploads\/2016\/12\/Kaba-Gruppe-Profitabilit\u00e4t-und-Konzernergebnis-gesteigert-sicherheitsforum.jpg","_yoast_wpseo_opengraph-description":"Der Halbjahresabschluss der Kaba-Gruppe sieht gut aus: Die Schliess- und Sicherheitstechnikfirma steigerte per Ende Dezember 2014 den konsolidierten Umsatz um 14,7% auf 551,4 Mio. CHF; organisch ist das Unternehmen um kr\u00e4ftige 9,2% gewachsen, wie CEO Riet Cadonau betont.","_yoast_wpseo_opengraph-title":"Kaba-Gruppe","enclosure":null,"_yoast_wpseo_twitter-title":null,"_yoast_wpseo_twitter-description":null,"_yoast_wpseo_twitter-image":null,"_wp_old_slug":null,"_yoast_wpseo_title":null,"_yoast_wpseo_canonical":null,"yoast_head":"<!-- This site is optimized with the Yoast SEO plugin v27.4 - https:\/\/yoast.com\/product\/yoast-seo-wordpress\/ -->\n<title>Kaba-Gruppe: Profitabilit\u00e4t und Konzernergebnis gesteigert - Save<\/title>\n<meta name=\"description\" content=\"Halbjahresabschluss der Kaba-Gruppe sieht gut aus, die Schliess- &amp; Sicherheitstechnikfirma steigerte per Ende 2014 den Umsatz um 14,7% auf 551,4 Mio. CHF\" \/>\n<meta name=\"robots\" content=\"index, follow, max-snippet:-1, max-image-preview:large, max-video-preview:-1\" \/>\n<link rel=\"canonical\" href=\"https:\/\/news.save.ch\/it\/kaba-gruppe-profitabilitaet-und-konzernergebnis-gesteigert\/\" \/>\n<meta property=\"og:locale\" content=\"it_IT\" \/>\n<meta property=\"og:type\" content=\"article\" \/>\n<meta property=\"og:title\" content=\"Kaba-Gruppe\" \/>\n<meta property=\"og:description\" content=\"Der Halbjahresabschluss der Kaba-Gruppe sieht gut aus: Die Schliess- und Sicherheitstechnikfirma steigerte per Ende Dezember 2014 den konsolidierten Umsatz um 14,7% auf 551,4 Mio. CHF; organisch ist das Unternehmen um kr\u00e4ftige 9,2% gewachsen, wie CEO Riet Cadonau betont.\" \/>\n<meta property=\"og:url\" content=\"https:\/\/news.save.ch\/it\/kaba-gruppe-profitabilitaet-und-konzernergebnis-gesteigert\/\" \/>\n<meta property=\"og:site_name\" content=\"Save\" \/>\n<meta property=\"article:published_time\" content=\"2015-03-12T09:41:17+00:00\" \/>\n<meta property=\"og:image\" content=\"https:\/\/news.save.ch\/wp-content\/uploads\/2016\/12\/Kaba-Gruppe-Profitabilit\u00e4t-und-Konzernergebnis-gesteigert-sicherheitsforum.jpg\" \/>\n<meta name=\"author\" content=\"admin\" \/>\n<meta name=\"twitter:card\" content=\"summary_large_image\" \/>\n<meta name=\"twitter:label1\" content=\"Scritto da\" \/>\n\t<meta name=\"twitter:data1\" content=\"admin\" \/>\n\t<meta name=\"twitter:label2\" content=\"Tempo di lettura stimato\" \/>\n\t<meta name=\"twitter:data2\" content=\"1 minuto\" \/>\n<script type=\"application\/ld+json\" class=\"yoast-schema-graph\">{\"@context\":\"https:\\\/\\\/schema.org\",\"@graph\":[{\"@type\":\"Article\",\"@id\":\"https:\\\/\\\/news.save.ch\\\/kaba-gruppe-profitabilitaet-und-konzernergebnis-gesteigert\\\/#article\",\"isPartOf\":{\"@id\":\"https:\\\/\\\/news.save.ch\\\/kaba-gruppe-profitabilitaet-und-konzernergebnis-gesteigert\\\/\"},\"author\":{\"name\":\"admin\",\"@id\":\"https:\\\/\\\/news.save.ch\\\/de\\\/#\\\/schema\\\/person\\\/d49e199490bad7c70d64b9ab51142f2b\"},\"headline\":\"Kaba-Gruppe: Profitabilit\u00e4t und Konzernergebnis gesteigert\",\"datePublished\":\"2015-03-12T09:41:17+00:00\",\"mainEntityOfPage\":{\"@id\":\"https:\\\/\\\/news.save.ch\\\/kaba-gruppe-profitabilitaet-und-konzernergebnis-gesteigert\\\/\"},\"wordCount\":174,\"commentCount\":0,\"publisher\":{\"@id\":\"https:\\\/\\\/news.save.ch\\\/de\\\/#organization\"},\"image\":{\"@id\":\"https:\\\/\\\/news.save.ch\\\/kaba-gruppe-profitabilitaet-und-konzernergebnis-gesteigert\\\/#primaryimage\"},\"thumbnailUrl\":\"https:\\\/\\\/news.save.ch\\\/wp-content\\\/uploads\\\/2016\\\/12\\\/Kaba-Gruppe-Profitabilitaet-und-Konzernergebnis-gesteigert-sicherheitsforum-scaled.jpg\",\"keywords\":[\"Finanzierung\"],\"articleSection\":[\"ALLGEMEIN\"],\"inLanguage\":\"it-IT\"},{\"@type\":\"WebPage\",\"@id\":\"https:\\\/\\\/news.save.ch\\\/kaba-gruppe-profitabilitaet-und-konzernergebnis-gesteigert\\\/\",\"url\":\"https:\\\/\\\/news.save.ch\\\/kaba-gruppe-profitabilitaet-und-konzernergebnis-gesteigert\\\/\",\"name\":\"Kaba-Gruppe: Profitabilit\u00e4t und Konzernergebnis gesteigert - Save\",\"isPartOf\":{\"@id\":\"https:\\\/\\\/news.save.ch\\\/de\\\/#website\"},\"primaryImageOfPage\":{\"@id\":\"https:\\\/\\\/news.save.ch\\\/kaba-gruppe-profitabilitaet-und-konzernergebnis-gesteigert\\\/#primaryimage\"},\"image\":{\"@id\":\"https:\\\/\\\/news.save.ch\\\/kaba-gruppe-profitabilitaet-und-konzernergebnis-gesteigert\\\/#primaryimage\"},\"thumbnailUrl\":\"https:\\\/\\\/news.save.ch\\\/wp-content\\\/uploads\\\/2016\\\/12\\\/Kaba-Gruppe-Profitabilitaet-und-Konzernergebnis-gesteigert-sicherheitsforum-scaled.jpg\",\"datePublished\":\"2015-03-12T09:41:17+00:00\",\"description\":\"Halbjahresabschluss der Kaba-Gruppe sieht gut aus, die Schliess- & Sicherheitstechnikfirma steigerte per Ende 2014 den Umsatz um 14,7% auf 551,4 Mio. CHF\",\"breadcrumb\":{\"@id\":\"https:\\\/\\\/news.save.ch\\\/kaba-gruppe-profitabilitaet-und-konzernergebnis-gesteigert\\\/#breadcrumb\"},\"inLanguage\":\"it-IT\",\"potentialAction\":[{\"@type\":\"ReadAction\",\"target\":[\"https:\\\/\\\/news.save.ch\\\/kaba-gruppe-profitabilitaet-und-konzernergebnis-gesteigert\\\/\"]}]},{\"@type\":\"ImageObject\",\"inLanguage\":\"it-IT\",\"@id\":\"https:\\\/\\\/news.save.ch\\\/kaba-gruppe-profitabilitaet-und-konzernergebnis-gesteigert\\\/#primaryimage\",\"url\":\"https:\\\/\\\/news.save.ch\\\/wp-content\\\/uploads\\\/2016\\\/12\\\/Kaba-Gruppe-Profitabilitaet-und-Konzernergebnis-gesteigert-sicherheitsforum-scaled.jpg\",\"contentUrl\":\"https:\\\/\\\/news.save.ch\\\/wp-content\\\/uploads\\\/2016\\\/12\\\/Kaba-Gruppe-Profitabilitaet-und-Konzernergebnis-gesteigert-sicherheitsforum-scaled.jpg\",\"width\":1400,\"height\":932,\"caption\":\"Riet Cadonau, CEO Kaba-Gruppe\"},{\"@type\":\"BreadcrumbList\",\"@id\":\"https:\\\/\\\/news.save.ch\\\/kaba-gruppe-profitabilitaet-und-konzernergebnis-gesteigert\\\/#breadcrumb\",\"itemListElement\":[{\"@type\":\"ListItem\",\"position\":1,\"name\":\"Home\",\"item\":\"https:\\\/\\\/news.save.ch\\\/de\\\/\"},{\"@type\":\"ListItem\",\"position\":2,\"name\":\"Kaba-Gruppe: Profitabilit\u00e4t und Konzernergebnis gesteigert\"}]},{\"@type\":\"WebSite\",\"@id\":\"https:\\\/\\\/news.save.ch\\\/de\\\/#website\",\"url\":\"https:\\\/\\\/news.save.ch\\\/de\\\/\",\"name\":\"Save\",\"description\":\"Schweizer Fachzeitschrift f\u00fcr Sicherheit\",\"publisher\":{\"@id\":\"https:\\\/\\\/news.save.ch\\\/de\\\/#organization\"},\"potentialAction\":[{\"@type\":\"SearchAction\",\"target\":{\"@type\":\"EntryPoint\",\"urlTemplate\":\"https:\\\/\\\/news.save.ch\\\/de\\\/?s={search_term_string}\"},\"query-input\":{\"@type\":\"PropertyValueSpecification\",\"valueRequired\":true,\"valueName\":\"search_term_string\"}}],\"inLanguage\":\"it-IT\"},{\"@type\":\"Organization\",\"@id\":\"https:\\\/\\\/news.save.ch\\\/de\\\/#organization\",\"name\":\"Sicherheitsforum\",\"url\":\"https:\\\/\\\/news.save.ch\\\/de\\\/\",\"logo\":{\"@type\":\"ImageObject\",\"inLanguage\":\"it-IT\",\"@id\":\"https:\\\/\\\/news.save.ch\\\/de\\\/#\\\/schema\\\/logo\\\/image\\\/\",\"url\":\"https:\\\/\\\/news.save.ch\\\/wp-content\\\/uploads\\\/2022\\\/06\\\/Logo_SF_2012.png\",\"contentUrl\":\"https:\\\/\\\/news.save.ch\\\/wp-content\\\/uploads\\\/2022\\\/06\\\/Logo_SF_2012.png\",\"width\":1100,\"height\":91,\"caption\":\"Sicherheitsforum\"},\"image\":{\"@id\":\"https:\\\/\\\/news.save.ch\\\/de\\\/#\\\/schema\\\/logo\\\/image\\\/\"}},{\"@type\":\"Person\",\"@id\":\"https:\\\/\\\/news.save.ch\\\/de\\\/#\\\/schema\\\/person\\\/d49e199490bad7c70d64b9ab51142f2b\",\"name\":\"admin\",\"image\":{\"@type\":\"ImageObject\",\"inLanguage\":\"it-IT\",\"@id\":\"https:\\\/\\\/secure.gravatar.com\\\/avatar\\\/ae2f4d718e6c49043e314ce431e7e645d646302a24a5ef5a8bc8e3f5a032e319?s=96&d=mm&r=g\",\"url\":\"https:\\\/\\\/secure.gravatar.com\\\/avatar\\\/ae2f4d718e6c49043e314ce431e7e645d646302a24a5ef5a8bc8e3f5a032e319?s=96&d=mm&r=g\",\"contentUrl\":\"https:\\\/\\\/secure.gravatar.com\\\/avatar\\\/ae2f4d718e6c49043e314ce431e7e645d646302a24a5ef5a8bc8e3f5a032e319?s=96&d=mm&r=g\",\"caption\":\"admin\"},\"sameAs\":[\"https:\\\/\\\/develop.organisator.galledia.ch\"],\"url\":\"https:\\\/\\\/news.save.ch\\\/it\\\/author\\\/admin\\\/\"}]}<\/script>\n<!-- \/ Yoast SEO plugin. -->","yoast_head_json":{"title":"Kaba Group: aumento della redditivit\u00e0 e dell'utile netto - Save","description":"I risultati semestrali del Gruppo Kaba sono positivi, l'azienda di tecnologie per la chiusura e la sicurezza ha aumentato il fatturato del 14,7% a 551,4 milioni di franchi svizzeri alla fine del 2014","robots":{"index":"index","follow":"follow","max-snippet":"max-snippet:-1","max-image-preview":"max-image-preview:large","max-video-preview":"max-video-preview:-1"},"canonical":"https:\/\/news.save.ch\/it\/kaba-gruppe-profitabilitaet-und-konzernergebnis-gesteigert\/","og_locale":"it_IT","og_type":"article","og_title":"Kaba-Gruppe","og_description":"Der Halbjahresabschluss der Kaba-Gruppe sieht gut aus: Die Schliess- und Sicherheitstechnikfirma steigerte per Ende Dezember 2014 den konsolidierten Umsatz um 14,7% auf 551,4 Mio. CHF; organisch ist das Unternehmen um kr\u00e4ftige 9,2% gewachsen, wie CEO Riet Cadonau betont.","og_url":"https:\/\/news.save.ch\/it\/kaba-gruppe-profitabilitaet-und-konzernergebnis-gesteigert\/","og_site_name":"Save","article_published_time":"2015-03-12T09:41:17+00:00","og_image":[{"url":"https:\/\/news.save.ch\/wp-content\/uploads\/2016\/12\/Kaba-Gruppe-Profitabilit\u00e4t-und-Konzernergebnis-gesteigert-sicherheitsforum.jpg","type":"","width":"","height":""}],"author":"admin","twitter_card":"summary_large_image","twitter_misc":{"Scritto da":"admin","Tempo di lettura stimato":"1 minuto"},"schema":{"@context":"https:\/\/schema.org","@graph":[{"@type":"Article","@id":"https:\/\/news.save.ch\/kaba-gruppe-profitabilitaet-und-konzernergebnis-gesteigert\/#article","isPartOf":{"@id":"https:\/\/news.save.ch\/kaba-gruppe-profitabilitaet-und-konzernergebnis-gesteigert\/"},"author":{"name":"admin","@id":"https:\/\/news.save.ch\/de\/#\/schema\/person\/d49e199490bad7c70d64b9ab51142f2b"},"headline":"Kaba-Gruppe: Profitabilit\u00e4t und Konzernergebnis gesteigert","datePublished":"2015-03-12T09:41:17+00:00","mainEntityOfPage":{"@id":"https:\/\/news.save.ch\/kaba-gruppe-profitabilitaet-und-konzernergebnis-gesteigert\/"},"wordCount":174,"commentCount":0,"publisher":{"@id":"https:\/\/news.save.ch\/de\/#organization"},"image":{"@id":"https:\/\/news.save.ch\/kaba-gruppe-profitabilitaet-und-konzernergebnis-gesteigert\/#primaryimage"},"thumbnailUrl":"https:\/\/news.save.ch\/wp-content\/uploads\/2016\/12\/Kaba-Gruppe-Profitabilitaet-und-Konzernergebnis-gesteigert-sicherheitsforum-scaled.jpg","keywords":["Finanzierung"],"articleSection":["ALLGEMEIN"],"inLanguage":"it-IT"},{"@type":"WebPage","@id":"https:\/\/news.save.ch\/kaba-gruppe-profitabilitaet-und-konzernergebnis-gesteigert\/","url":"https:\/\/news.save.ch\/kaba-gruppe-profitabilitaet-und-konzernergebnis-gesteigert\/","name":"Kaba Group: aumento della redditivit\u00e0 e dell'utile netto - Save","isPartOf":{"@id":"https:\/\/news.save.ch\/de\/#website"},"primaryImageOfPage":{"@id":"https:\/\/news.save.ch\/kaba-gruppe-profitabilitaet-und-konzernergebnis-gesteigert\/#primaryimage"},"image":{"@id":"https:\/\/news.save.ch\/kaba-gruppe-profitabilitaet-und-konzernergebnis-gesteigert\/#primaryimage"},"thumbnailUrl":"https:\/\/news.save.ch\/wp-content\/uploads\/2016\/12\/Kaba-Gruppe-Profitabilitaet-und-Konzernergebnis-gesteigert-sicherheitsforum-scaled.jpg","datePublished":"2015-03-12T09:41:17+00:00","description":"I risultati semestrali del Gruppo Kaba sono positivi, l'azienda di tecnologie per la chiusura e la sicurezza ha aumentato il fatturato del 14,7% a 551,4 milioni di franchi svizzeri alla fine del 2014","breadcrumb":{"@id":"https:\/\/news.save.ch\/kaba-gruppe-profitabilitaet-und-konzernergebnis-gesteigert\/#breadcrumb"},"inLanguage":"it-IT","potentialAction":[{"@type":"ReadAction","target":["https:\/\/news.save.ch\/kaba-gruppe-profitabilitaet-und-konzernergebnis-gesteigert\/"]}]},{"@type":"ImageObject","inLanguage":"it-IT","@id":"https:\/\/news.save.ch\/kaba-gruppe-profitabilitaet-und-konzernergebnis-gesteigert\/#primaryimage","url":"https:\/\/news.save.ch\/wp-content\/uploads\/2016\/12\/Kaba-Gruppe-Profitabilitaet-und-Konzernergebnis-gesteigert-sicherheitsforum-scaled.jpg","contentUrl":"https:\/\/news.save.ch\/wp-content\/uploads\/2016\/12\/Kaba-Gruppe-Profitabilitaet-und-Konzernergebnis-gesteigert-sicherheitsforum-scaled.jpg","width":1400,"height":932,"caption":"Riet Cadonau, CEO Kaba-Gruppe"},{"@type":"BreadcrumbList","@id":"https:\/\/news.save.ch\/kaba-gruppe-profitabilitaet-und-konzernergebnis-gesteigert\/#breadcrumb","itemListElement":[{"@type":"ListItem","position":1,"name":"Home","item":"https:\/\/news.save.ch\/de\/"},{"@type":"ListItem","position":2,"name":"Kaba-Gruppe: Profitabilit\u00e4t und Konzernergebnis gesteigert"}]},{"@type":"WebSite","@id":"https:\/\/news.save.ch\/de\/#website","url":"https:\/\/news.save.ch\/de\/","name":"Risparmiare","description":"Rivista svizzera specializzata in sicurezza","publisher":{"@id":"https:\/\/news.save.ch\/de\/#organization"},"potentialAction":[{"@type":"SearchAction","target":{"@type":"EntryPoint","urlTemplate":"https:\/\/news.save.ch\/de\/?s={search_term_string}"},"query-input":{"@type":"PropertyValueSpecification","valueRequired":true,"valueName":"search_term_string"}}],"inLanguage":"it-IT"},{"@type":"Organization","@id":"https:\/\/news.save.ch\/de\/#organization","name":"Forum sulla sicurezza","url":"https:\/\/news.save.ch\/de\/","logo":{"@type":"ImageObject","inLanguage":"it-IT","@id":"https:\/\/news.save.ch\/de\/#\/schema\/logo\/image\/","url":"https:\/\/news.save.ch\/wp-content\/uploads\/2022\/06\/Logo_SF_2012.png","contentUrl":"https:\/\/news.save.ch\/wp-content\/uploads\/2022\/06\/Logo_SF_2012.png","width":1100,"height":91,"caption":"Sicherheitsforum"},"image":{"@id":"https:\/\/news.save.ch\/de\/#\/schema\/logo\/image\/"}},{"@type":"Person","@id":"https:\/\/news.save.ch\/de\/#\/schema\/person\/d49e199490bad7c70d64b9ab51142f2b","name":"amministratore","image":{"@type":"ImageObject","inLanguage":"it-IT","@id":"https:\/\/secure.gravatar.com\/avatar\/ae2f4d718e6c49043e314ce431e7e645d646302a24a5ef5a8bc8e3f5a032e319?s=96&d=mm&r=g","url":"https:\/\/secure.gravatar.com\/avatar\/ae2f4d718e6c49043e314ce431e7e645d646302a24a5ef5a8bc8e3f5a032e319?s=96&d=mm&r=g","contentUrl":"https:\/\/secure.gravatar.com\/avatar\/ae2f4d718e6c49043e314ce431e7e645d646302a24a5ef5a8bc8e3f5a032e319?s=96&d=mm&r=g","caption":"admin"},"sameAs":["https:\/\/develop.organisator.galledia.ch"],"url":"https:\/\/news.save.ch\/it\/author\/admin\/"}]}},"_links":{"self":[{"href":"https:\/\/news.save.ch\/it\/wp-json\/wp\/v2\/posts\/3038","targetHints":{"allow":["GET"]}}],"collection":[{"href":"https:\/\/news.save.ch\/it\/wp-json\/wp\/v2\/posts"}],"about":[{"href":"https:\/\/news.save.ch\/it\/wp-json\/wp\/v2\/types\/post"}],"author":[{"embeddable":true,"href":"https:\/\/news.save.ch\/it\/wp-json\/wp\/v2\/users\/1"}],"replies":[{"embeddable":true,"href":"https:\/\/news.save.ch\/it\/wp-json\/wp\/v2\/comments?post=3038"}],"version-history":[{"count":0,"href":"https:\/\/news.save.ch\/it\/wp-json\/wp\/v2\/posts\/3038\/revisions"}],"wp:featuredmedia":[{"embeddable":true,"href":"https:\/\/news.save.ch\/it\/wp-json\/wp\/v2\/media\/3040"}],"wp:attachment":[{"href":"https:\/\/news.save.ch\/it\/wp-json\/wp\/v2\/media?parent=3038"}],"wp:term":[{"taxonomy":"category","embeddable":true,"href":"https:\/\/news.save.ch\/it\/wp-json\/wp\/v2\/categories?post=3038"},{"taxonomy":"post_tag","embeddable":true,"href":"https:\/\/news.save.ch\/it\/wp-json\/wp\/v2\/tags?post=3038"}],"curies":[{"name":"wp","href":"https:\/\/api.w.org\/{rel}","templated":true}]}}