{"id":304,"date":"2015-04-10T09:06:29","date_gmt":"2015-04-10T07:06:29","guid":{"rendered":"https:\/\/dev.sicherheitsforum.ch\/?p=304"},"modified":"2023-03-14T08:57:42","modified_gmt":"2023-03-14T07:57:42","slug":"digitale-infrastruktur-schafft-viele-jobs","status":null,"type":"post","link":"https:\/\/news.save.ch\/it\/digitale-infrastruktur-schafft-viele-jobs\/","title":{"rendered":"L'infrastruttura digitale crea molti posti di lavoro"},"content":{"rendered":"<figure id=\"attachment_305\" aria-describedby=\"caption-attachment-305\" style=\"width: 680px\" class=\"wp-caption alignnone\"><img loading=\"lazy\" decoding=\"async\" class=\"size-medium wp-image-305\" src=\"https:\/\/sicherheitsforum.ch\/wp-content\/uploads\/2016\/12\/Digitale-Infrastruktur-schafft-viele-Jobs-it-security.jpg\" alt=\"La crescente domanda di capacit\u00e0 dei data center sta creando numerosi posti di lavoro.\" width=\"680\" height=\"510\" \/><figcaption id=\"caption-attachment-305\" class=\"wp-caption-text\">La crescente domanda di capacit\u00e0 dei data center sta creando numerosi posti di lavoro.<\/figcaption><\/figure>\n<p>Il mercato europeo dei data center crescer\u00e0 di oltre 6% all'anno fino al 2020, raggiungendo un volume di 270,4 miliardi di euro. Questo ha un <a href=\"https:\/\/www.atkearney.ch\/news-media\/news-release-at\/-\/asset_publisher\/0ZGmxQF0usGH\/content\/digitale-infrastruktur-schafft-europaweit-340-000-neue-jobs-bis-2020\" target=\"_blank\" data-cke-saved-href=\"https:\/\/www.atkearney.ch\/news-media\/news-release-at\/-\/asset_publisher\/0ZGmxQF0usGH\/content\/digitale-infrastruktur-schafft-europaweit-340-000-neue-jobs-bis-2020\" rel=\"noopener\">Intervista <\/a>dalla societ\u00e0 di consulenza manageriale A.T. Kearney. Oltre 50 leader IT in Europa hanno confermato che le aziende prevedono di aumentare i budget destinati a questo settore di 50% e oltre.<\/p>\n<p>Pertanto, \u00e8 assolutamente necessario intervenire per non mettere a repentaglio la competitivit\u00e0 delle localit\u00e0 europee nell'era della digitalizzazione: Secondo A.T. Kearney, la crescente domanda di capacit\u00e0 dei data center nei prossimi cinque anni creer\u00e0 pi\u00f9 di 340.000 nuovi posti di lavoro netti in tutta Europa. In questo periodo si aggiungeranno altri 172.000 posti vacanti a causa dei pensionamenti. Queste cifre includono gi\u00e0 gli effetti della razionalizzazione e della globalizzazione.<\/p>\n<p>Secondo l'indagine, i big data, il cloud computing, la digitalizzazione dei processi, dei prodotti e dei servizi, l'Internet delle cose e l'adeguamento dei sistemi pi\u00f9 vecchi porteranno a ulteriori investimenti nei data center. 65% dei decisori IT sceglierebbero l'Europa come sede.<\/p>\n<p>Allo stato attuale, la domanda di personale qualificato per costruire e gestire le infrastrutture digitali supera nettamente l'offerta. Secondo il rapporto, solo circa 50% delle posizioni possono essere occupate con i lavoratori qualificati disponibili.<\/p>","protected":false},"excerpt":{"rendered":"<p>Der europ\u00e4ische Rechenzentrumsmarkt wird bis 2020 um mehr als 6% j\u00e4hrlich wachsen und ein Volumen von 270,4 Milliarden Euro erreichen. Dies hat eine Befragung der Unternehmensberatung A.T.\u00a0Kearney ergeben. \u00dcber 50 IT-Leiter in Europa best\u00e4tigten, dass Unternehmen planen, ihre Budgets f\u00fcr diesen Bereich um 50% und mehr zu erh\u00f6hen. Deshalb ist akuter Handlungsbedarf angesagt, um die [&hellip;]<\/p>\n","protected":false},"author":1,"featured_media":305,"comment_status":"open","ping_status":"open","sticky":false,"template":"","format":"standard","meta":{"_acf_changed":false,"pgc_sgb_lightbox_settings":"","footnotes":""},"categories":[3313],"tags":[62,63],"class_list":["post-304","post","type-post","status-publish","format-standard","has-post-thumbnail","hentry","category-digitalisierung","tag-ict-sicherheit","tag-it-security"],"acf":[],"hkrextid":null,"publication":null,"issue":null,"workflow":null,"startPage":null,"spitzmarke":null,"_posts_by_tag_page_fields":{"widget_title":"","widget_tags":""},"_at_widget":"1","_yoast_wpseo_primary_category":"2","_yoast_wpseo_focuskw_text_input":"Infrastruktur","_yoast_wpseo_opengraph-image":"https:\/\/news.save.ch\/wp-content\/uploads\/2016\/12\/Digitale-Infrastruktur-schafft-viele-Jobs-it-security.jpg","_yoast_wpseo_opengraph-description":"Der europ\u00e4ische Rechenzentrumsmarkt wird bis 2020 um mehr als 6% j\u00e4hrlich wachsen und ein Volumen von 270,4 Milliarden Euro erreichen. Zudem entstehen viele neue Arbeitspl\u00e4tze.","_yoast_wpseo_opengraph-title":"Infrastruktur","enclosure":null,"_yoast_wpseo_twitter-title":null,"_yoast_wpseo_twitter-description":null,"_yoast_wpseo_twitter-image":null,"_wp_old_slug":null,"_yoast_wpseo_title":null,"_yoast_wpseo_canonical":null,"yoast_head":"<!-- This site is optimized with the Yoast SEO plugin v27.5 - https:\/\/yoast.com\/product\/yoast-seo-wordpress\/ -->\n<title>Digitale Infrastruktur schafft viele Jobs - Save<\/title>\n<meta name=\"description\" content=\"Infrastruktur: Der europ\u00e4ische Rechenzentrumsmarkt wird bis 2020 um mehr als 6% j\u00e4hrlich wachsen und ein Volumen von 270,4 Mil. Euro erreichen.\" \/>\n<meta name=\"robots\" content=\"index, follow, max-snippet:-1, max-image-preview:large, max-video-preview:-1\" \/>\n<link rel=\"canonical\" href=\"https:\/\/news.save.ch\/it\/digitale-infrastruktur-schafft-viele-jobs\/\" \/>\n<meta property=\"og:locale\" content=\"it_IT\" \/>\n<meta property=\"og:type\" content=\"article\" \/>\n<meta property=\"og:title\" content=\"Infrastruktur\" \/>\n<meta property=\"og:description\" content=\"Der europ\u00e4ische Rechenzentrumsmarkt wird bis 2020 um mehr als 6% j\u00e4hrlich wachsen und ein Volumen von 270,4 Milliarden Euro erreichen. Zudem entstehen viele neue Arbeitspl\u00e4tze.\" \/>\n<meta property=\"og:url\" content=\"https:\/\/news.save.ch\/it\/digitale-infrastruktur-schafft-viele-jobs\/\" \/>\n<meta property=\"og:site_name\" content=\"Save\" \/>\n<meta property=\"article:published_time\" content=\"2015-04-10T07:06:29+00:00\" \/>\n<meta property=\"article:modified_time\" content=\"2023-03-14T07:57:42+00:00\" \/>\n<meta property=\"og:image\" content=\"https:\/\/news.save.ch\/wp-content\/uploads\/2016\/12\/Digitale-Infrastruktur-schafft-viele-Jobs-it-security.jpg\" \/>\n<meta name=\"author\" content=\"admin\" \/>\n<meta name=\"twitter:card\" content=\"summary_large_image\" \/>\n<meta name=\"twitter:label1\" content=\"Scritto da\" \/>\n\t<meta name=\"twitter:data1\" content=\"admin\" \/>\n\t<meta name=\"twitter:label2\" content=\"Tempo di lettura stimato\" \/>\n\t<meta name=\"twitter:data2\" content=\"1 minuto\" \/>\n<script type=\"application\/ld+json\" class=\"yoast-schema-graph\">{\"@context\":\"https:\\\/\\\/schema.org\",\"@graph\":[{\"@type\":\"Article\",\"@id\":\"https:\\\/\\\/news.save.ch\\\/digitale-infrastruktur-schafft-viele-jobs\\\/#article\",\"isPartOf\":{\"@id\":\"https:\\\/\\\/news.save.ch\\\/digitale-infrastruktur-schafft-viele-jobs\\\/\"},\"author\":{\"name\":\"admin\",\"@id\":\"https:\\\/\\\/news.save.ch\\\/de\\\/#\\\/schema\\\/person\\\/d49e199490bad7c70d64b9ab51142f2b\"},\"headline\":\"Digitale Infrastruktur schafft viele Jobs\",\"datePublished\":\"2015-04-10T07:06:29+00:00\",\"dateModified\":\"2023-03-14T07:57:42+00:00\",\"mainEntityOfPage\":{\"@id\":\"https:\\\/\\\/news.save.ch\\\/digitale-infrastruktur-schafft-viele-jobs\\\/\"},\"wordCount\":213,\"commentCount\":0,\"publisher\":{\"@id\":\"https:\\\/\\\/news.save.ch\\\/de\\\/#organization\"},\"image\":{\"@id\":\"https:\\\/\\\/news.save.ch\\\/digitale-infrastruktur-schafft-viele-jobs\\\/#primaryimage\"},\"thumbnailUrl\":\"https:\\\/\\\/news.save.ch\\\/wp-content\\\/uploads\\\/2016\\\/12\\\/Digitale-Infrastruktur-schafft-viele-Jobs-it-security-scaled.jpg\",\"keywords\":[\"ICT-Sicherheit\",\"IT-SECURITY\"],\"articleSection\":[\"DIGITALISIERUNG\"],\"inLanguage\":\"it-IT\"},{\"@type\":\"WebPage\",\"@id\":\"https:\\\/\\\/news.save.ch\\\/digitale-infrastruktur-schafft-viele-jobs\\\/\",\"url\":\"https:\\\/\\\/news.save.ch\\\/digitale-infrastruktur-schafft-viele-jobs\\\/\",\"name\":\"Digitale Infrastruktur schafft viele Jobs - Save\",\"isPartOf\":{\"@id\":\"https:\\\/\\\/news.save.ch\\\/de\\\/#website\"},\"primaryImageOfPage\":{\"@id\":\"https:\\\/\\\/news.save.ch\\\/digitale-infrastruktur-schafft-viele-jobs\\\/#primaryimage\"},\"image\":{\"@id\":\"https:\\\/\\\/news.save.ch\\\/digitale-infrastruktur-schafft-viele-jobs\\\/#primaryimage\"},\"thumbnailUrl\":\"https:\\\/\\\/news.save.ch\\\/wp-content\\\/uploads\\\/2016\\\/12\\\/Digitale-Infrastruktur-schafft-viele-Jobs-it-security-scaled.jpg\",\"datePublished\":\"2015-04-10T07:06:29+00:00\",\"dateModified\":\"2023-03-14T07:57:42+00:00\",\"description\":\"Infrastruktur: Der europ\u00e4ische Rechenzentrumsmarkt wird bis 2020 um mehr als 6% j\u00e4hrlich wachsen und ein Volumen von 270,4 Mil. Euro erreichen.\",\"breadcrumb\":{\"@id\":\"https:\\\/\\\/news.save.ch\\\/digitale-infrastruktur-schafft-viele-jobs\\\/#breadcrumb\"},\"inLanguage\":\"it-IT\",\"potentialAction\":[{\"@type\":\"ReadAction\",\"target\":[\"https:\\\/\\\/news.save.ch\\\/digitale-infrastruktur-schafft-viele-jobs\\\/\"]}]},{\"@type\":\"ImageObject\",\"inLanguage\":\"it-IT\",\"@id\":\"https:\\\/\\\/news.save.ch\\\/digitale-infrastruktur-schafft-viele-jobs\\\/#primaryimage\",\"url\":\"https:\\\/\\\/news.save.ch\\\/wp-content\\\/uploads\\\/2016\\\/12\\\/Digitale-Infrastruktur-schafft-viele-Jobs-it-security-scaled.jpg\",\"contentUrl\":\"https:\\\/\\\/news.save.ch\\\/wp-content\\\/uploads\\\/2016\\\/12\\\/Digitale-Infrastruktur-schafft-viele-Jobs-it-security-scaled.jpg\",\"width\":1400,\"height\":1050,\"caption\":\"Die steigende Nachfrage nach Rechenzentrumskapazit\u00e4t schafft zahlreiche Jobs.\"},{\"@type\":\"BreadcrumbList\",\"@id\":\"https:\\\/\\\/news.save.ch\\\/digitale-infrastruktur-schafft-viele-jobs\\\/#breadcrumb\",\"itemListElement\":[{\"@type\":\"ListItem\",\"position\":1,\"name\":\"Home\",\"item\":\"https:\\\/\\\/news.save.ch\\\/de\\\/\"},{\"@type\":\"ListItem\",\"position\":2,\"name\":\"Digitale Infrastruktur schafft viele Jobs\"}]},{\"@type\":\"WebSite\",\"@id\":\"https:\\\/\\\/news.save.ch\\\/de\\\/#website\",\"url\":\"https:\\\/\\\/news.save.ch\\\/de\\\/\",\"name\":\"Save\",\"description\":\"Schweizer Fachzeitschrift f\u00fcr Sicherheit\",\"publisher\":{\"@id\":\"https:\\\/\\\/news.save.ch\\\/de\\\/#organization\"},\"potentialAction\":[{\"@type\":\"SearchAction\",\"target\":{\"@type\":\"EntryPoint\",\"urlTemplate\":\"https:\\\/\\\/news.save.ch\\\/de\\\/?s={search_term_string}\"},\"query-input\":{\"@type\":\"PropertyValueSpecification\",\"valueRequired\":true,\"valueName\":\"search_term_string\"}}],\"inLanguage\":\"it-IT\"},{\"@type\":\"Organization\",\"@id\":\"https:\\\/\\\/news.save.ch\\\/de\\\/#organization\",\"name\":\"Sicherheitsforum\",\"url\":\"https:\\\/\\\/news.save.ch\\\/de\\\/\",\"logo\":{\"@type\":\"ImageObject\",\"inLanguage\":\"it-IT\",\"@id\":\"https:\\\/\\\/news.save.ch\\\/de\\\/#\\\/schema\\\/logo\\\/image\\\/\",\"url\":\"https:\\\/\\\/news.save.ch\\\/wp-content\\\/uploads\\\/2022\\\/06\\\/Logo_SF_2012.png\",\"contentUrl\":\"https:\\\/\\\/news.save.ch\\\/wp-content\\\/uploads\\\/2022\\\/06\\\/Logo_SF_2012.png\",\"width\":1100,\"height\":91,\"caption\":\"Sicherheitsforum\"},\"image\":{\"@id\":\"https:\\\/\\\/news.save.ch\\\/de\\\/#\\\/schema\\\/logo\\\/image\\\/\"}},{\"@type\":\"Person\",\"@id\":\"https:\\\/\\\/news.save.ch\\\/de\\\/#\\\/schema\\\/person\\\/d49e199490bad7c70d64b9ab51142f2b\",\"name\":\"admin\",\"image\":{\"@type\":\"ImageObject\",\"inLanguage\":\"it-IT\",\"@id\":\"https:\\\/\\\/secure.gravatar.com\\\/avatar\\\/ae2f4d718e6c49043e314ce431e7e645d646302a24a5ef5a8bc8e3f5a032e319?s=96&d=mm&r=g\",\"url\":\"https:\\\/\\\/secure.gravatar.com\\\/avatar\\\/ae2f4d718e6c49043e314ce431e7e645d646302a24a5ef5a8bc8e3f5a032e319?s=96&d=mm&r=g\",\"contentUrl\":\"https:\\\/\\\/secure.gravatar.com\\\/avatar\\\/ae2f4d718e6c49043e314ce431e7e645d646302a24a5ef5a8bc8e3f5a032e319?s=96&d=mm&r=g\",\"caption\":\"admin\"},\"sameAs\":[\"https:\\\/\\\/develop.organisator.galledia.ch\"],\"url\":\"https:\\\/\\\/news.save.ch\\\/it\\\/author\\\/admin\\\/\"}]}<\/script>\n<!-- \/ Yoast SEO plugin. -->","yoast_head_json":{"title":"Le infrastrutture digitali creano molti posti di lavoro - Save","description":"Infrastruttura: il mercato europeo dei data center crescer\u00e0 di oltre 6% all'anno fino al 2020, raggiungendo un volume di 270,4 milioni di euro.","robots":{"index":"index","follow":"follow","max-snippet":"max-snippet:-1","max-image-preview":"max-image-preview:large","max-video-preview":"max-video-preview:-1"},"canonical":"https:\/\/news.save.ch\/it\/digitale-infrastruktur-schafft-viele-jobs\/","og_locale":"it_IT","og_type":"article","og_title":"Infrastruktur","og_description":"Der europ\u00e4ische Rechenzentrumsmarkt wird bis 2020 um mehr als 6% j\u00e4hrlich wachsen und ein Volumen von 270,4 Milliarden Euro erreichen. Zudem entstehen viele neue Arbeitspl\u00e4tze.","og_url":"https:\/\/news.save.ch\/it\/digitale-infrastruktur-schafft-viele-jobs\/","og_site_name":"Save","article_published_time":"2015-04-10T07:06:29+00:00","article_modified_time":"2023-03-14T07:57:42+00:00","og_image":[{"url":"https:\/\/news.save.ch\/wp-content\/uploads\/2016\/12\/Digitale-Infrastruktur-schafft-viele-Jobs-it-security.jpg","type":"","width":"","height":""}],"author":"admin","twitter_card":"summary_large_image","twitter_misc":{"Scritto da":"admin","Tempo di lettura stimato":"1 minuto"},"schema":{"@context":"https:\/\/schema.org","@graph":[{"@type":"Article","@id":"https:\/\/news.save.ch\/digitale-infrastruktur-schafft-viele-jobs\/#article","isPartOf":{"@id":"https:\/\/news.save.ch\/digitale-infrastruktur-schafft-viele-jobs\/"},"author":{"name":"admin","@id":"https:\/\/news.save.ch\/de\/#\/schema\/person\/d49e199490bad7c70d64b9ab51142f2b"},"headline":"Digitale Infrastruktur schafft viele Jobs","datePublished":"2015-04-10T07:06:29+00:00","dateModified":"2023-03-14T07:57:42+00:00","mainEntityOfPage":{"@id":"https:\/\/news.save.ch\/digitale-infrastruktur-schafft-viele-jobs\/"},"wordCount":213,"commentCount":0,"publisher":{"@id":"https:\/\/news.save.ch\/de\/#organization"},"image":{"@id":"https:\/\/news.save.ch\/digitale-infrastruktur-schafft-viele-jobs\/#primaryimage"},"thumbnailUrl":"https:\/\/news.save.ch\/wp-content\/uploads\/2016\/12\/Digitale-Infrastruktur-schafft-viele-Jobs-it-security-scaled.jpg","keywords":["ICT-Sicherheit","IT-SECURITY"],"articleSection":["DIGITALISIERUNG"],"inLanguage":"it-IT"},{"@type":"WebPage","@id":"https:\/\/news.save.ch\/digitale-infrastruktur-schafft-viele-jobs\/","url":"https:\/\/news.save.ch\/digitale-infrastruktur-schafft-viele-jobs\/","name":"Le infrastrutture digitali creano molti posti di lavoro - Save","isPartOf":{"@id":"https:\/\/news.save.ch\/de\/#website"},"primaryImageOfPage":{"@id":"https:\/\/news.save.ch\/digitale-infrastruktur-schafft-viele-jobs\/#primaryimage"},"image":{"@id":"https:\/\/news.save.ch\/digitale-infrastruktur-schafft-viele-jobs\/#primaryimage"},"thumbnailUrl":"https:\/\/news.save.ch\/wp-content\/uploads\/2016\/12\/Digitale-Infrastruktur-schafft-viele-Jobs-it-security-scaled.jpg","datePublished":"2015-04-10T07:06:29+00:00","dateModified":"2023-03-14T07:57:42+00:00","description":"Infrastruttura: il mercato europeo dei data center crescer\u00e0 di oltre 6% all'anno fino al 2020, raggiungendo un volume di 270,4 milioni di euro.","breadcrumb":{"@id":"https:\/\/news.save.ch\/digitale-infrastruktur-schafft-viele-jobs\/#breadcrumb"},"inLanguage":"it-IT","potentialAction":[{"@type":"ReadAction","target":["https:\/\/news.save.ch\/digitale-infrastruktur-schafft-viele-jobs\/"]}]},{"@type":"ImageObject","inLanguage":"it-IT","@id":"https:\/\/news.save.ch\/digitale-infrastruktur-schafft-viele-jobs\/#primaryimage","url":"https:\/\/news.save.ch\/wp-content\/uploads\/2016\/12\/Digitale-Infrastruktur-schafft-viele-Jobs-it-security-scaled.jpg","contentUrl":"https:\/\/news.save.ch\/wp-content\/uploads\/2016\/12\/Digitale-Infrastruktur-schafft-viele-Jobs-it-security-scaled.jpg","width":1400,"height":1050,"caption":"Die steigende Nachfrage nach Rechenzentrumskapazit\u00e4t schafft zahlreiche Jobs."},{"@type":"BreadcrumbList","@id":"https:\/\/news.save.ch\/digitale-infrastruktur-schafft-viele-jobs\/#breadcrumb","itemListElement":[{"@type":"ListItem","position":1,"name":"Home","item":"https:\/\/news.save.ch\/de\/"},{"@type":"ListItem","position":2,"name":"Digitale Infrastruktur schafft viele Jobs"}]},{"@type":"WebSite","@id":"https:\/\/news.save.ch\/de\/#website","url":"https:\/\/news.save.ch\/de\/","name":"Risparmiare","description":"Rivista svizzera specializzata in sicurezza","publisher":{"@id":"https:\/\/news.save.ch\/de\/#organization"},"potentialAction":[{"@type":"SearchAction","target":{"@type":"EntryPoint","urlTemplate":"https:\/\/news.save.ch\/de\/?s={search_term_string}"},"query-input":{"@type":"PropertyValueSpecification","valueRequired":true,"valueName":"search_term_string"}}],"inLanguage":"it-IT"},{"@type":"Organization","@id":"https:\/\/news.save.ch\/de\/#organization","name":"Forum sulla sicurezza","url":"https:\/\/news.save.ch\/de\/","logo":{"@type":"ImageObject","inLanguage":"it-IT","@id":"https:\/\/news.save.ch\/de\/#\/schema\/logo\/image\/","url":"https:\/\/news.save.ch\/wp-content\/uploads\/2022\/06\/Logo_SF_2012.png","contentUrl":"https:\/\/news.save.ch\/wp-content\/uploads\/2022\/06\/Logo_SF_2012.png","width":1100,"height":91,"caption":"Sicherheitsforum"},"image":{"@id":"https:\/\/news.save.ch\/de\/#\/schema\/logo\/image\/"}},{"@type":"Person","@id":"https:\/\/news.save.ch\/de\/#\/schema\/person\/d49e199490bad7c70d64b9ab51142f2b","name":"amministratore","image":{"@type":"ImageObject","inLanguage":"it-IT","@id":"https:\/\/secure.gravatar.com\/avatar\/ae2f4d718e6c49043e314ce431e7e645d646302a24a5ef5a8bc8e3f5a032e319?s=96&d=mm&r=g","url":"https:\/\/secure.gravatar.com\/avatar\/ae2f4d718e6c49043e314ce431e7e645d646302a24a5ef5a8bc8e3f5a032e319?s=96&d=mm&r=g","contentUrl":"https:\/\/secure.gravatar.com\/avatar\/ae2f4d718e6c49043e314ce431e7e645d646302a24a5ef5a8bc8e3f5a032e319?s=96&d=mm&r=g","caption":"admin"},"sameAs":["https:\/\/develop.organisator.galledia.ch"],"url":"https:\/\/news.save.ch\/it\/author\/admin\/"}]}},"_links":{"self":[{"href":"https:\/\/news.save.ch\/it\/wp-json\/wp\/v2\/posts\/304","targetHints":{"allow":["GET"]}}],"collection":[{"href":"https:\/\/news.save.ch\/it\/wp-json\/wp\/v2\/posts"}],"about":[{"href":"https:\/\/news.save.ch\/it\/wp-json\/wp\/v2\/types\/post"}],"author":[{"embeddable":true,"href":"https:\/\/news.save.ch\/it\/wp-json\/wp\/v2\/users\/1"}],"replies":[{"embeddable":true,"href":"https:\/\/news.save.ch\/it\/wp-json\/wp\/v2\/comments?post=304"}],"version-history":[{"count":1,"href":"https:\/\/news.save.ch\/it\/wp-json\/wp\/v2\/posts\/304\/revisions"}],"predecessor-version":[{"id":17810,"href":"https:\/\/news.save.ch\/it\/wp-json\/wp\/v2\/posts\/304\/revisions\/17810"}],"wp:featuredmedia":[{"embeddable":true,"href":"https:\/\/news.save.ch\/it\/wp-json\/wp\/v2\/media\/305"}],"wp:attachment":[{"href":"https:\/\/news.save.ch\/it\/wp-json\/wp\/v2\/media?parent=304"}],"wp:term":[{"taxonomy":"category","embeddable":true,"href":"https:\/\/news.save.ch\/it\/wp-json\/wp\/v2\/categories?post=304"},{"taxonomy":"post_tag","embeddable":true,"href":"https:\/\/news.save.ch\/it\/wp-json\/wp\/v2\/tags?post=304"}],"curies":[{"name":"wp","href":"https:\/\/api.w.org\/{rel}","templated":true}]}}