{"id":3049,"date":"2015-03-15T10:47:04","date_gmt":"2015-03-15T09:47:04","guid":{"rendered":"https:\/\/dev.sicherheitsforum.ch\/?p=3049"},"modified":"2023-03-14T09:00:06","modified_gmt":"2023-03-14T08:00:06","slug":"betafence-mit-eigener-verkaufsniederlassung-in-der-schweiz","status":null,"type":"post","link":"https:\/\/news.save.ch\/it\/betafence-mit-eigener-verkaufsniederlassung-in-der-schweiz\/","title":{"rendered":"Betafence con un proprio ufficio vendite in Svizzera"},"content":{"rendered":"<figure id=\"attachment_3050\" aria-describedby=\"caption-attachment-3050\" style=\"width: 680px\" class=\"wp-caption alignnone\"><img loading=\"lazy\" decoding=\"async\" class=\"size-medium wp-image-3050\" src=\"https:\/\/news.save.ch\/wp-content\/uploads\/2016\/12\/Betafence-mit-eigener-Verkaufsniederlassung-in-der-Schweiz-sicherheitsforum.jpg\" alt=\"\" width=\"680\" height=\"453\" \/><figcaption id=\"caption-attachment-3050\" class=\"wp-caption-text\">Specialista in recinzioni e fili metallici Betafence<\/figcaption><\/figure>\n<p>Dall'inizio di febbraio 2015, lo specialista di recinzioni e fili Betafence serve direttamente il mercato svizzero attraverso il proprio ufficio vendite di Neuenhof AG. In precedenza, l'azienda era rappresentata in questo Paese da Bekaert (Schweiz) AG come agenzia di vendita. Betafence opera in Svizzera principalmente con prodotti di recinzione per il segmento fai-da-te, sistemi di recinzione professionali, soluzioni di controllo degli accessi e recinzioni mobili.<\/p>\n<p>\"La Svizzera \u00e8 da tempo un mercato importante per Betafence\", spiega Martin G\u00f6tz, che in qualit\u00e0 di amministratore delegato di Betafence Deutschland GmbH \u00e8 anche responsabile delle attivit\u00e0 in Svizzera. \"Siamo rappresentati a livello nazionale nel mercato del fai-da-te attraverso il nostro partner di cooperazione Alois Dinkel AG. Continuiamo a crescere nel segmento delle recinzioni commerciali e abbiamo sempre pi\u00f9 successo con le nostre recinzioni mobili per la sicurezza temporanea di cantieri ed eventi.\" Con un team locale dedicato, l'azienda intende espandere ulteriormente le proprie attivit\u00e0 sul mercato svizzero, afferma G\u00f6tz.<\/p>\n<p>Nel corso della riorganizzazione delle attivit\u00e0 nella regione D-A-CH, l'azienda ha fuso le due organizzazioni di vendita tedesche in un centro di assistenza clienti comune per tutti i segmenti di prodotto. Da allora, la sede di Schwalmtal, vicino a D\u00fcsseldorf, \u00e8 il quartier generale di D-A-CH per l'intera attivit\u00e0 operativa nelle divisioni Protezione perimetrale (recinzioni professionali e sistemi di cancelli), Giardinaggio (fai-da-te), Agricoltura (agricoltura), Recinzione mobile, Gabbioni e Industria (rete elettrosaldata).<\/p>","protected":false},"excerpt":{"rendered":"<p>Der Zaun- und Drahtspezialist Betafence betreut den Schweizer Markt seit Anfang Februar 2015 direkt \u00fcber eine eigene Verkaufsniederlassung in Neuenhof AG. Zuvor war das Unternehmen hierzulande \u00fcber die Bekaert (Schweiz) AG als Verkaufsagentur vertreten worden. Betafence ist in der Schweiz vor allem mit Zaunprodukten f\u00fcr das Do-it-yourself-Segment, professionellen Zaunsystemen, Zutrittskontroll-L\u00f6sungen und Mobilz\u00e4unen aktiv. &#8222;Die Schweiz [&hellip;]<\/p>\n","protected":false},"author":1,"featured_media":3050,"comment_status":"open","ping_status":"open","sticky":false,"template":"","format":"standard","meta":{"_acf_changed":false,"pgc_sgb_lightbox_settings":"","footnotes":""},"categories":[3312],"tags":[157,158,90],"class_list":["post-3049","post","type-post","status-publish","format-standard","has-post-thumbnail","hentry","category-sicherheit","tag-video-security","tag-zutrittskontrolle","tag-zutrittskontrollevideo-security"],"acf":[],"hkrextid":null,"publication":null,"issue":null,"workflow":null,"startPage":null,"spitzmarke":null,"_posts_by_tag_page_fields":{"widget_title":"","widget_tags":""},"_at_widget":"1","_yoast_wpseo_primary_category":"","_yoast_wpseo_focuskw_text_input":"Betafence","_yoast_wpseo_opengraph-image":"https:\/\/sicherheitsforum.ch\/wp-content\/uploads\/2016\/12\/Betafence-mit-eigener-Verkaufsniederlassung-in-der-Schweiz-sicherheitsforum.jpg","_yoast_wpseo_opengraph-description":"Der Zaun- und Drahtspezialist Betafence betreut den Schweizer Markt neu direkt \u00fcber eine eigene Verkaufsniederlassung in Neuenhof AG.","_yoast_wpseo_opengraph-title":"Betafence mit eigener Verkaufsniederlassung in der Schweiz","enclosure":null,"_yoast_wpseo_twitter-title":null,"_yoast_wpseo_twitter-description":null,"_yoast_wpseo_twitter-image":null,"_wp_old_slug":null,"_yoast_wpseo_title":null,"_yoast_wpseo_canonical":null,"yoast_head":"<!-- This site is optimized with the Yoast SEO plugin v27.4 - https:\/\/yoast.com\/product\/yoast-seo-wordpress\/ -->\n<title>Betafence mit eigener Verkaufsniederlassung in der Schweiz - Save<\/title>\n<meta name=\"description\" content=\"Der Zaun- und Drahtspezialist Betafence betreut den Schweizer Markt neu direkt \u00fcber eine eigene Verkaufsniederlassung in Neuenhof AG.\" \/>\n<meta name=\"robots\" content=\"index, follow, max-snippet:-1, max-image-preview:large, max-video-preview:-1\" \/>\n<link rel=\"canonical\" href=\"https:\/\/news.save.ch\/it\/betafence-mit-eigener-verkaufsniederlassung-in-der-schweiz\/\" \/>\n<meta property=\"og:locale\" content=\"it_IT\" \/>\n<meta property=\"og:type\" content=\"article\" \/>\n<meta property=\"og:title\" content=\"Betafence mit eigener Verkaufsniederlassung in der Schweiz\" \/>\n<meta property=\"og:description\" content=\"Der Zaun- und Drahtspezialist Betafence betreut den Schweizer Markt neu direkt \u00fcber eine eigene Verkaufsniederlassung in Neuenhof AG.\" \/>\n<meta property=\"og:url\" content=\"https:\/\/news.save.ch\/it\/betafence-mit-eigener-verkaufsniederlassung-in-der-schweiz\/\" \/>\n<meta property=\"og:site_name\" content=\"Save\" \/>\n<meta property=\"article:published_time\" content=\"2015-03-15T09:47:04+00:00\" \/>\n<meta property=\"article:modified_time\" content=\"2023-03-14T08:00:06+00:00\" \/>\n<meta property=\"og:image\" content=\"https:\/\/sicherheitsforum.ch\/wp-content\/uploads\/2016\/12\/Betafence-mit-eigener-Verkaufsniederlassung-in-der-Schweiz-sicherheitsforum.jpg\" \/>\n<meta name=\"author\" content=\"admin\" \/>\n<meta name=\"twitter:card\" content=\"summary_large_image\" \/>\n<meta name=\"twitter:label1\" content=\"Scritto da\" \/>\n\t<meta name=\"twitter:data1\" content=\"admin\" \/>\n\t<meta name=\"twitter:label2\" content=\"Tempo di lettura stimato\" \/>\n\t<meta name=\"twitter:data2\" content=\"1 minuto\" \/>\n<script type=\"application\/ld+json\" class=\"yoast-schema-graph\">{\"@context\":\"https:\\\/\\\/schema.org\",\"@graph\":[{\"@type\":\"Article\",\"@id\":\"https:\\\/\\\/news.save.ch\\\/betafence-mit-eigener-verkaufsniederlassung-in-der-schweiz\\\/#article\",\"isPartOf\":{\"@id\":\"https:\\\/\\\/news.save.ch\\\/betafence-mit-eigener-verkaufsniederlassung-in-der-schweiz\\\/\"},\"author\":{\"name\":\"admin\",\"@id\":\"https:\\\/\\\/news.save.ch\\\/de\\\/#\\\/schema\\\/person\\\/d49e199490bad7c70d64b9ab51142f2b\"},\"headline\":\"Betafence mit eigener Verkaufsniederlassung in der Schweiz\",\"datePublished\":\"2015-03-15T09:47:04+00:00\",\"dateModified\":\"2023-03-14T08:00:06+00:00\",\"mainEntityOfPage\":{\"@id\":\"https:\\\/\\\/news.save.ch\\\/betafence-mit-eigener-verkaufsniederlassung-in-der-schweiz\\\/\"},\"wordCount\":228,\"commentCount\":0,\"publisher\":{\"@id\":\"https:\\\/\\\/news.save.ch\\\/de\\\/#organization\"},\"image\":{\"@id\":\"https:\\\/\\\/news.save.ch\\\/betafence-mit-eigener-verkaufsniederlassung-in-der-schweiz\\\/#primaryimage\"},\"thumbnailUrl\":\"https:\\\/\\\/news.save.ch\\\/wp-content\\\/uploads\\\/2016\\\/12\\\/Betafence-mit-eigener-Verkaufsniederlassung-in-der-Schweiz-sicherheitsforum-scaled.jpg\",\"keywords\":[\"Video-Security\",\"Zutrittskontrolle\",\"Zutrittskontrolle\\\/Video-Security\"],\"articleSection\":[\"SICHERHEIT\"],\"inLanguage\":\"it-IT\"},{\"@type\":\"WebPage\",\"@id\":\"https:\\\/\\\/news.save.ch\\\/betafence-mit-eigener-verkaufsniederlassung-in-der-schweiz\\\/\",\"url\":\"https:\\\/\\\/news.save.ch\\\/betafence-mit-eigener-verkaufsniederlassung-in-der-schweiz\\\/\",\"name\":\"Betafence mit eigener Verkaufsniederlassung in der Schweiz - Save\",\"isPartOf\":{\"@id\":\"https:\\\/\\\/news.save.ch\\\/de\\\/#website\"},\"primaryImageOfPage\":{\"@id\":\"https:\\\/\\\/news.save.ch\\\/betafence-mit-eigener-verkaufsniederlassung-in-der-schweiz\\\/#primaryimage\"},\"image\":{\"@id\":\"https:\\\/\\\/news.save.ch\\\/betafence-mit-eigener-verkaufsniederlassung-in-der-schweiz\\\/#primaryimage\"},\"thumbnailUrl\":\"https:\\\/\\\/news.save.ch\\\/wp-content\\\/uploads\\\/2016\\\/12\\\/Betafence-mit-eigener-Verkaufsniederlassung-in-der-Schweiz-sicherheitsforum-scaled.jpg\",\"datePublished\":\"2015-03-15T09:47:04+00:00\",\"dateModified\":\"2023-03-14T08:00:06+00:00\",\"description\":\"Der Zaun- und Drahtspezialist Betafence betreut den Schweizer Markt neu direkt \u00fcber eine eigene Verkaufsniederlassung in Neuenhof AG.\",\"breadcrumb\":{\"@id\":\"https:\\\/\\\/news.save.ch\\\/betafence-mit-eigener-verkaufsniederlassung-in-der-schweiz\\\/#breadcrumb\"},\"inLanguage\":\"it-IT\",\"potentialAction\":[{\"@type\":\"ReadAction\",\"target\":[\"https:\\\/\\\/news.save.ch\\\/betafence-mit-eigener-verkaufsniederlassung-in-der-schweiz\\\/\"]}]},{\"@type\":\"ImageObject\",\"inLanguage\":\"it-IT\",\"@id\":\"https:\\\/\\\/news.save.ch\\\/betafence-mit-eigener-verkaufsniederlassung-in-der-schweiz\\\/#primaryimage\",\"url\":\"https:\\\/\\\/news.save.ch\\\/wp-content\\\/uploads\\\/2016\\\/12\\\/Betafence-mit-eigener-Verkaufsniederlassung-in-der-Schweiz-sicherheitsforum-scaled.jpg\",\"contentUrl\":\"https:\\\/\\\/news.save.ch\\\/wp-content\\\/uploads\\\/2016\\\/12\\\/Betafence-mit-eigener-Verkaufsniederlassung-in-der-Schweiz-sicherheitsforum-scaled.jpg\",\"width\":1400,\"height\":933,\"caption\":\"Zaun- und Drahtspezialist Betafence\"},{\"@type\":\"BreadcrumbList\",\"@id\":\"https:\\\/\\\/news.save.ch\\\/betafence-mit-eigener-verkaufsniederlassung-in-der-schweiz\\\/#breadcrumb\",\"itemListElement\":[{\"@type\":\"ListItem\",\"position\":1,\"name\":\"Home\",\"item\":\"https:\\\/\\\/news.save.ch\\\/de\\\/\"},{\"@type\":\"ListItem\",\"position\":2,\"name\":\"Betafence mit eigener Verkaufsniederlassung in der Schweiz\"}]},{\"@type\":\"WebSite\",\"@id\":\"https:\\\/\\\/news.save.ch\\\/de\\\/#website\",\"url\":\"https:\\\/\\\/news.save.ch\\\/de\\\/\",\"name\":\"Save\",\"description\":\"Schweizer Fachzeitschrift f\u00fcr Sicherheit\",\"publisher\":{\"@id\":\"https:\\\/\\\/news.save.ch\\\/de\\\/#organization\"},\"potentialAction\":[{\"@type\":\"SearchAction\",\"target\":{\"@type\":\"EntryPoint\",\"urlTemplate\":\"https:\\\/\\\/news.save.ch\\\/de\\\/?s={search_term_string}\"},\"query-input\":{\"@type\":\"PropertyValueSpecification\",\"valueRequired\":true,\"valueName\":\"search_term_string\"}}],\"inLanguage\":\"it-IT\"},{\"@type\":\"Organization\",\"@id\":\"https:\\\/\\\/news.save.ch\\\/de\\\/#organization\",\"name\":\"Sicherheitsforum\",\"url\":\"https:\\\/\\\/news.save.ch\\\/de\\\/\",\"logo\":{\"@type\":\"ImageObject\",\"inLanguage\":\"it-IT\",\"@id\":\"https:\\\/\\\/news.save.ch\\\/de\\\/#\\\/schema\\\/logo\\\/image\\\/\",\"url\":\"https:\\\/\\\/news.save.ch\\\/wp-content\\\/uploads\\\/2022\\\/06\\\/Logo_SF_2012.png\",\"contentUrl\":\"https:\\\/\\\/news.save.ch\\\/wp-content\\\/uploads\\\/2022\\\/06\\\/Logo_SF_2012.png\",\"width\":1100,\"height\":91,\"caption\":\"Sicherheitsforum\"},\"image\":{\"@id\":\"https:\\\/\\\/news.save.ch\\\/de\\\/#\\\/schema\\\/logo\\\/image\\\/\"}},{\"@type\":\"Person\",\"@id\":\"https:\\\/\\\/news.save.ch\\\/de\\\/#\\\/schema\\\/person\\\/d49e199490bad7c70d64b9ab51142f2b\",\"name\":\"admin\",\"image\":{\"@type\":\"ImageObject\",\"inLanguage\":\"it-IT\",\"@id\":\"https:\\\/\\\/secure.gravatar.com\\\/avatar\\\/ae2f4d718e6c49043e314ce431e7e645d646302a24a5ef5a8bc8e3f5a032e319?s=96&d=mm&r=g\",\"url\":\"https:\\\/\\\/secure.gravatar.com\\\/avatar\\\/ae2f4d718e6c49043e314ce431e7e645d646302a24a5ef5a8bc8e3f5a032e319?s=96&d=mm&r=g\",\"contentUrl\":\"https:\\\/\\\/secure.gravatar.com\\\/avatar\\\/ae2f4d718e6c49043e314ce431e7e645d646302a24a5ef5a8bc8e3f5a032e319?s=96&d=mm&r=g\",\"caption\":\"admin\"},\"sameAs\":[\"https:\\\/\\\/develop.organisator.galledia.ch\"],\"url\":\"https:\\\/\\\/news.save.ch\\\/it\\\/author\\\/admin\\\/\"}]}<\/script>\n<!-- \/ Yoast SEO plugin. -->","yoast_head_json":{"title":"Betafence con un proprio ufficio vendite in Svizzera - Save","description":"Lo specialista di recinzioni e fili Betafence serve ora direttamente il mercato svizzero attraverso il proprio ufficio vendite di Neuenhof AG.","robots":{"index":"index","follow":"follow","max-snippet":"max-snippet:-1","max-image-preview":"max-image-preview:large","max-video-preview":"max-video-preview:-1"},"canonical":"https:\/\/news.save.ch\/it\/betafence-mit-eigener-verkaufsniederlassung-in-der-schweiz\/","og_locale":"it_IT","og_type":"article","og_title":"Betafence mit eigener Verkaufsniederlassung in der Schweiz","og_description":"Der Zaun- und Drahtspezialist Betafence betreut den Schweizer Markt neu direkt \u00fcber eine eigene Verkaufsniederlassung in Neuenhof AG.","og_url":"https:\/\/news.save.ch\/it\/betafence-mit-eigener-verkaufsniederlassung-in-der-schweiz\/","og_site_name":"Save","article_published_time":"2015-03-15T09:47:04+00:00","article_modified_time":"2023-03-14T08:00:06+00:00","og_image":[{"url":"https:\/\/sicherheitsforum.ch\/wp-content\/uploads\/2016\/12\/Betafence-mit-eigener-Verkaufsniederlassung-in-der-Schweiz-sicherheitsforum.jpg","type":"","width":"","height":""}],"author":"admin","twitter_card":"summary_large_image","twitter_misc":{"Scritto da":"admin","Tempo di lettura stimato":"1 minuto"},"schema":{"@context":"https:\/\/schema.org","@graph":[{"@type":"Article","@id":"https:\/\/news.save.ch\/betafence-mit-eigener-verkaufsniederlassung-in-der-schweiz\/#article","isPartOf":{"@id":"https:\/\/news.save.ch\/betafence-mit-eigener-verkaufsniederlassung-in-der-schweiz\/"},"author":{"name":"admin","@id":"https:\/\/news.save.ch\/de\/#\/schema\/person\/d49e199490bad7c70d64b9ab51142f2b"},"headline":"Betafence mit eigener Verkaufsniederlassung in der Schweiz","datePublished":"2015-03-15T09:47:04+00:00","dateModified":"2023-03-14T08:00:06+00:00","mainEntityOfPage":{"@id":"https:\/\/news.save.ch\/betafence-mit-eigener-verkaufsniederlassung-in-der-schweiz\/"},"wordCount":228,"commentCount":0,"publisher":{"@id":"https:\/\/news.save.ch\/de\/#organization"},"image":{"@id":"https:\/\/news.save.ch\/betafence-mit-eigener-verkaufsniederlassung-in-der-schweiz\/#primaryimage"},"thumbnailUrl":"https:\/\/news.save.ch\/wp-content\/uploads\/2016\/12\/Betafence-mit-eigener-Verkaufsniederlassung-in-der-Schweiz-sicherheitsforum-scaled.jpg","keywords":["Video-Security","Zutrittskontrolle","Zutrittskontrolle\/Video-Security"],"articleSection":["SICHERHEIT"],"inLanguage":"it-IT"},{"@type":"WebPage","@id":"https:\/\/news.save.ch\/betafence-mit-eigener-verkaufsniederlassung-in-der-schweiz\/","url":"https:\/\/news.save.ch\/betafence-mit-eigener-verkaufsniederlassung-in-der-schweiz\/","name":"Betafence con un proprio ufficio vendite in Svizzera - Save","isPartOf":{"@id":"https:\/\/news.save.ch\/de\/#website"},"primaryImageOfPage":{"@id":"https:\/\/news.save.ch\/betafence-mit-eigener-verkaufsniederlassung-in-der-schweiz\/#primaryimage"},"image":{"@id":"https:\/\/news.save.ch\/betafence-mit-eigener-verkaufsniederlassung-in-der-schweiz\/#primaryimage"},"thumbnailUrl":"https:\/\/news.save.ch\/wp-content\/uploads\/2016\/12\/Betafence-mit-eigener-Verkaufsniederlassung-in-der-Schweiz-sicherheitsforum-scaled.jpg","datePublished":"2015-03-15T09:47:04+00:00","dateModified":"2023-03-14T08:00:06+00:00","description":"Lo specialista di recinzioni e fili Betafence serve ora direttamente il mercato svizzero attraverso il proprio ufficio vendite di Neuenhof AG.","breadcrumb":{"@id":"https:\/\/news.save.ch\/betafence-mit-eigener-verkaufsniederlassung-in-der-schweiz\/#breadcrumb"},"inLanguage":"it-IT","potentialAction":[{"@type":"ReadAction","target":["https:\/\/news.save.ch\/betafence-mit-eigener-verkaufsniederlassung-in-der-schweiz\/"]}]},{"@type":"ImageObject","inLanguage":"it-IT","@id":"https:\/\/news.save.ch\/betafence-mit-eigener-verkaufsniederlassung-in-der-schweiz\/#primaryimage","url":"https:\/\/news.save.ch\/wp-content\/uploads\/2016\/12\/Betafence-mit-eigener-Verkaufsniederlassung-in-der-Schweiz-sicherheitsforum-scaled.jpg","contentUrl":"https:\/\/news.save.ch\/wp-content\/uploads\/2016\/12\/Betafence-mit-eigener-Verkaufsniederlassung-in-der-Schweiz-sicherheitsforum-scaled.jpg","width":1400,"height":933,"caption":"Zaun- und Drahtspezialist Betafence"},{"@type":"BreadcrumbList","@id":"https:\/\/news.save.ch\/betafence-mit-eigener-verkaufsniederlassung-in-der-schweiz\/#breadcrumb","itemListElement":[{"@type":"ListItem","position":1,"name":"Home","item":"https:\/\/news.save.ch\/de\/"},{"@type":"ListItem","position":2,"name":"Betafence mit eigener Verkaufsniederlassung in der Schweiz"}]},{"@type":"WebSite","@id":"https:\/\/news.save.ch\/de\/#website","url":"https:\/\/news.save.ch\/de\/","name":"Risparmiare","description":"Rivista svizzera specializzata in sicurezza","publisher":{"@id":"https:\/\/news.save.ch\/de\/#organization"},"potentialAction":[{"@type":"SearchAction","target":{"@type":"EntryPoint","urlTemplate":"https:\/\/news.save.ch\/de\/?s={search_term_string}"},"query-input":{"@type":"PropertyValueSpecification","valueRequired":true,"valueName":"search_term_string"}}],"inLanguage":"it-IT"},{"@type":"Organization","@id":"https:\/\/news.save.ch\/de\/#organization","name":"Forum sulla sicurezza","url":"https:\/\/news.save.ch\/de\/","logo":{"@type":"ImageObject","inLanguage":"it-IT","@id":"https:\/\/news.save.ch\/de\/#\/schema\/logo\/image\/","url":"https:\/\/news.save.ch\/wp-content\/uploads\/2022\/06\/Logo_SF_2012.png","contentUrl":"https:\/\/news.save.ch\/wp-content\/uploads\/2022\/06\/Logo_SF_2012.png","width":1100,"height":91,"caption":"Sicherheitsforum"},"image":{"@id":"https:\/\/news.save.ch\/de\/#\/schema\/logo\/image\/"}},{"@type":"Person","@id":"https:\/\/news.save.ch\/de\/#\/schema\/person\/d49e199490bad7c70d64b9ab51142f2b","name":"amministratore","image":{"@type":"ImageObject","inLanguage":"it-IT","@id":"https:\/\/secure.gravatar.com\/avatar\/ae2f4d718e6c49043e314ce431e7e645d646302a24a5ef5a8bc8e3f5a032e319?s=96&d=mm&r=g","url":"https:\/\/secure.gravatar.com\/avatar\/ae2f4d718e6c49043e314ce431e7e645d646302a24a5ef5a8bc8e3f5a032e319?s=96&d=mm&r=g","contentUrl":"https:\/\/secure.gravatar.com\/avatar\/ae2f4d718e6c49043e314ce431e7e645d646302a24a5ef5a8bc8e3f5a032e319?s=96&d=mm&r=g","caption":"admin"},"sameAs":["https:\/\/develop.organisator.galledia.ch"],"url":"https:\/\/news.save.ch\/it\/author\/admin\/"}]}},"_links":{"self":[{"href":"https:\/\/news.save.ch\/it\/wp-json\/wp\/v2\/posts\/3049","targetHints":{"allow":["GET"]}}],"collection":[{"href":"https:\/\/news.save.ch\/it\/wp-json\/wp\/v2\/posts"}],"about":[{"href":"https:\/\/news.save.ch\/it\/wp-json\/wp\/v2\/types\/post"}],"author":[{"embeddable":true,"href":"https:\/\/news.save.ch\/it\/wp-json\/wp\/v2\/users\/1"}],"replies":[{"embeddable":true,"href":"https:\/\/news.save.ch\/it\/wp-json\/wp\/v2\/comments?post=3049"}],"version-history":[{"count":1,"href":"https:\/\/news.save.ch\/it\/wp-json\/wp\/v2\/posts\/3049\/revisions"}],"predecessor-version":[{"id":18025,"href":"https:\/\/news.save.ch\/it\/wp-json\/wp\/v2\/posts\/3049\/revisions\/18025"}],"wp:featuredmedia":[{"embeddable":true,"href":"https:\/\/news.save.ch\/it\/wp-json\/wp\/v2\/media\/3050"}],"wp:attachment":[{"href":"https:\/\/news.save.ch\/it\/wp-json\/wp\/v2\/media?parent=3049"}],"wp:term":[{"taxonomy":"category","embeddable":true,"href":"https:\/\/news.save.ch\/it\/wp-json\/wp\/v2\/categories?post=3049"},{"taxonomy":"post_tag","embeddable":true,"href":"https:\/\/news.save.ch\/it\/wp-json\/wp\/v2\/tags?post=3049"}],"curies":[{"name":"wp","href":"https:\/\/api.w.org\/{rel}","templated":true}]}}