{"id":3053,"date":"2015-03-16T10:51:47","date_gmt":"2015-03-16T09:51:47","guid":{"rendered":"https:\/\/dev.sicherheitsforum.ch\/?p=3053"},"modified":"2015-03-16T10:51:47","modified_gmt":"2015-03-16T09:51:47","slug":"gesuchter-mann-verhaftet","status":null,"type":"post","link":"https:\/\/news.save.ch\/it\/gesuchter-mann-verhaftet\/","title":{"rendered":"Arrestato un ricercato"},"content":{"rendered":"<figure id=\"attachment_3054\" aria-describedby=\"caption-attachment-3054\" style=\"width: 437px\" class=\"wp-caption alignnone\"><img loading=\"lazy\" decoding=\"async\" class=\"size-full wp-image-3054\" src=\"https:\/\/news.save.ch\/wp-content\/uploads\/2016\/12\/Gesuchter-Mann-verhaftet-sicherheitsforum.jpg\" alt=\"\" width=\"437\" height=\"535\" srcset=\"https:\/\/news.save.ch\/wp-content\/uploads\/2016\/12\/Gesuchter-Mann-verhaftet-sicherheitsforum.jpg 437w, https:\/\/news.save.ch\/wp-content\/uploads\/2016\/12\/Gesuchter-Mann-verhaftet-sicherheitsforum-245x300.jpg 245w\" sizes=\"auto, (max-width: 437px) 100vw, 437px\" \/><figcaption id=\"caption-attachment-3054\" class=\"wp-caption-text\">La polizia cittadina ha offerto una ricompensa fino a 5.000 franchi svizzeri per la cattura dell'uomo.<\/figcaption><\/figure>\n<p>La polizia della citt\u00e0 di Zurigo ha arrestato un giovane luned\u00ec 16 marzo 2015: era ricercato per diversi reati di rapina con l'aiuto di una ricerca pubblica. Secondo la polizia, sono state ricevute numerose indicazioni concrete sul rapinatore ricercato. Nel corso delle intense attivit\u00e0 di indagine e ricerca degli investigatori della polizia municipale di Zurigo, le informazioni su un giovane che vive nella citt\u00e0 di Zurigo sono diventate pi\u00f9 solide. Di conseguenza, il 16 marzo un ventenne svizzero ha contattato telefonicamente la polizia municipale dichiarando di essere lui il ricercato. Poco dopo \u00e8 stato arrestato e portato alla Procura di Zurigo. Si sta ora indagando sui retroscena e sul movente delle rapine.<\/p>\n<p>Sabato 24 gennaio 2015, il sospetto autore ha rapinato una stazione di servizio nel Kreis 11 di Zurigo, rubando diverse centinaia di franchi. Nelle sei settimane successive, altre rapine a mano armata ai danni di distributori di benzina e negozi di alimentari sono state commesse nell'area cittadina e nel cantone di Zurigo.<\/p>","protected":false},"excerpt":{"rendered":"<p>Die Stadtpolizei Z\u00fcrich\u00a0hat am Montag, 16. M\u00e4rz 2015, einen jungen Mann verhaftet: Er war wegen\u00a0mehreren Raubdelikten mit Hilfe einer \u00d6ffentlichkeitsfahndung gesucht worden. Gem\u00e4ss Polizeiangaben\u00a0gingen zahlreiche konkrete Hinweise auf den gesuchten R\u00e4uber ein. Im Lauf der intensiven Ermittlungs- und Fahndungst\u00e4tigkeiten von Detektiven der Stadtpolizei Z\u00fcrich verdichteten sich die Hinweise auf einen jungen in der Stadt Z\u00fcrich [&hellip;]<\/p>\n","protected":false},"author":1,"featured_media":3054,"comment_status":"open","ping_status":"open","sticky":false,"template":"","format":"standard","meta":{"_acf_changed":false,"pgc_sgb_lightbox_settings":"","footnotes":""},"categories":[1],"tags":[69,113,171],"class_list":["post-3053","post","type-post","status-publish","format-standard","has-post-thumbnail","hentry","category-allgemein","tag-justiz-polizei","tag-kriminalitaet","tag-zeugenaufruf"],"acf":[],"hkrextid":null,"publication":null,"issue":null,"workflow":null,"startPage":null,"spitzmarke":null,"_posts_by_tag_page_fields":{"widget_title":"","widget_tags":""},"_at_widget":"1","_yoast_wpseo_primary_category":"1","_yoast_wpseo_focuskw_text_input":"Verhaftung","_yoast_wpseo_opengraph-image":"https:\/\/sicherheitsforum.ch\/wp-content\/uploads\/2016\/12\/Gesuchter-Mann-verhaftet-sicherheitsforum.jpg","_yoast_wpseo_opengraph-description":"Die Stadt- und Kantonspolizei Z\u00fcrich konnte den gesuchten R\u00e4uber verhaften. Er hat seit Januar 2015 mehrere Raubdelikte in der Stadt sowie im Kanton Z\u00fcrich ver\u00fcbt.","_yoast_wpseo_opengraph-title":"Gesuchter Mann verhaftet","enclosure":null,"_yoast_wpseo_twitter-title":null,"_yoast_wpseo_twitter-description":null,"_yoast_wpseo_twitter-image":null,"_wp_old_slug":null,"_yoast_wpseo_title":null,"_yoast_wpseo_canonical":null,"yoast_head":"<!-- This site is optimized with the Yoast SEO plugin v27.4 - https:\/\/yoast.com\/product\/yoast-seo-wordpress\/ -->\n<title>Gesuchter Mann verhaftet - Save<\/title>\n<meta name=\"description\" content=\"Die Stadt- und Kantonspolizei Z\u00fcrich konnte einen gesuchten R\u00e4uber verhaften. Er hat seit Januar 2015 mehrere Raubdelikte in Z\u00fcrich ver\u00fcbt.\" \/>\n<meta name=\"robots\" content=\"index, follow, max-snippet:-1, max-image-preview:large, max-video-preview:-1\" \/>\n<link rel=\"canonical\" href=\"https:\/\/news.save.ch\/it\/gesuchter-mann-verhaftet\/\" \/>\n<meta property=\"og:locale\" content=\"it_IT\" \/>\n<meta property=\"og:type\" content=\"article\" \/>\n<meta property=\"og:title\" content=\"Gesuchter Mann verhaftet\" \/>\n<meta property=\"og:description\" content=\"Die Stadt- und Kantonspolizei Z\u00fcrich konnte den gesuchten R\u00e4uber verhaften. Er hat seit Januar 2015 mehrere Raubdelikte in der Stadt sowie im Kanton Z\u00fcrich ver\u00fcbt.\" \/>\n<meta property=\"og:url\" content=\"https:\/\/news.save.ch\/it\/gesuchter-mann-verhaftet\/\" \/>\n<meta property=\"og:site_name\" content=\"Save\" \/>\n<meta property=\"article:published_time\" content=\"2015-03-16T09:51:47+00:00\" \/>\n<meta property=\"og:image\" content=\"https:\/\/sicherheitsforum.ch\/wp-content\/uploads\/2016\/12\/Gesuchter-Mann-verhaftet-sicherheitsforum.jpg\" \/>\n<meta name=\"author\" content=\"admin\" \/>\n<meta name=\"twitter:card\" content=\"summary_large_image\" \/>\n<meta name=\"twitter:label1\" content=\"Scritto da\" \/>\n\t<meta name=\"twitter:data1\" content=\"admin\" \/>\n\t<meta name=\"twitter:label2\" content=\"Tempo di lettura stimato\" \/>\n\t<meta name=\"twitter:data2\" content=\"1 minuto\" \/>\n<script type=\"application\/ld+json\" class=\"yoast-schema-graph\">{\"@context\":\"https:\\\/\\\/schema.org\",\"@graph\":[{\"@type\":\"Article\",\"@id\":\"https:\\\/\\\/news.save.ch\\\/gesuchter-mann-verhaftet\\\/#article\",\"isPartOf\":{\"@id\":\"https:\\\/\\\/news.save.ch\\\/gesuchter-mann-verhaftet\\\/\"},\"author\":{\"name\":\"admin\",\"@id\":\"https:\\\/\\\/news.save.ch\\\/de\\\/#\\\/schema\\\/person\\\/d49e199490bad7c70d64b9ab51142f2b\"},\"headline\":\"Gesuchter Mann verhaftet\",\"datePublished\":\"2015-03-16T09:51:47+00:00\",\"mainEntityOfPage\":{\"@id\":\"https:\\\/\\\/news.save.ch\\\/gesuchter-mann-verhaftet\\\/\"},\"wordCount\":181,\"commentCount\":0,\"publisher\":{\"@id\":\"https:\\\/\\\/news.save.ch\\\/de\\\/#organization\"},\"image\":{\"@id\":\"https:\\\/\\\/news.save.ch\\\/gesuchter-mann-verhaftet\\\/#primaryimage\"},\"thumbnailUrl\":\"https:\\\/\\\/news.save.ch\\\/wp-content\\\/uploads\\\/2016\\\/12\\\/Gesuchter-Mann-verhaftet-sicherheitsforum.jpg\",\"keywords\":[\"Justiz &amp; Polizei\",\"Kriminalit\u00e4t\",\"Zeugenaufruf\"],\"articleSection\":[\"ALLGEMEIN\"],\"inLanguage\":\"it-IT\"},{\"@type\":\"WebPage\",\"@id\":\"https:\\\/\\\/news.save.ch\\\/gesuchter-mann-verhaftet\\\/\",\"url\":\"https:\\\/\\\/news.save.ch\\\/gesuchter-mann-verhaftet\\\/\",\"name\":\"Gesuchter Mann verhaftet - Save\",\"isPartOf\":{\"@id\":\"https:\\\/\\\/news.save.ch\\\/de\\\/#website\"},\"primaryImageOfPage\":{\"@id\":\"https:\\\/\\\/news.save.ch\\\/gesuchter-mann-verhaftet\\\/#primaryimage\"},\"image\":{\"@id\":\"https:\\\/\\\/news.save.ch\\\/gesuchter-mann-verhaftet\\\/#primaryimage\"},\"thumbnailUrl\":\"https:\\\/\\\/news.save.ch\\\/wp-content\\\/uploads\\\/2016\\\/12\\\/Gesuchter-Mann-verhaftet-sicherheitsforum.jpg\",\"datePublished\":\"2015-03-16T09:51:47+00:00\",\"description\":\"Die Stadt- und Kantonspolizei Z\u00fcrich konnte einen gesuchten R\u00e4uber verhaften. Er hat seit Januar 2015 mehrere Raubdelikte in Z\u00fcrich ver\u00fcbt.\",\"breadcrumb\":{\"@id\":\"https:\\\/\\\/news.save.ch\\\/gesuchter-mann-verhaftet\\\/#breadcrumb\"},\"inLanguage\":\"it-IT\",\"potentialAction\":[{\"@type\":\"ReadAction\",\"target\":[\"https:\\\/\\\/news.save.ch\\\/gesuchter-mann-verhaftet\\\/\"]}]},{\"@type\":\"ImageObject\",\"inLanguage\":\"it-IT\",\"@id\":\"https:\\\/\\\/news.save.ch\\\/gesuchter-mann-verhaftet\\\/#primaryimage\",\"url\":\"https:\\\/\\\/news.save.ch\\\/wp-content\\\/uploads\\\/2016\\\/12\\\/Gesuchter-Mann-verhaftet-sicherheitsforum.jpg\",\"contentUrl\":\"https:\\\/\\\/news.save.ch\\\/wp-content\\\/uploads\\\/2016\\\/12\\\/Gesuchter-Mann-verhaftet-sicherheitsforum.jpg\",\"width\":437,\"height\":535,\"caption\":\"Zur Ergreifung des Mannes setzte die Stadtpolizei eine Belohnung von bis zu 5\u2018000 Franken aus\"},{\"@type\":\"BreadcrumbList\",\"@id\":\"https:\\\/\\\/news.save.ch\\\/gesuchter-mann-verhaftet\\\/#breadcrumb\",\"itemListElement\":[{\"@type\":\"ListItem\",\"position\":1,\"name\":\"Home\",\"item\":\"https:\\\/\\\/news.save.ch\\\/de\\\/\"},{\"@type\":\"ListItem\",\"position\":2,\"name\":\"Gesuchter Mann verhaftet\"}]},{\"@type\":\"WebSite\",\"@id\":\"https:\\\/\\\/news.save.ch\\\/de\\\/#website\",\"url\":\"https:\\\/\\\/news.save.ch\\\/de\\\/\",\"name\":\"Save\",\"description\":\"Schweizer Fachzeitschrift f\u00fcr Sicherheit\",\"publisher\":{\"@id\":\"https:\\\/\\\/news.save.ch\\\/de\\\/#organization\"},\"potentialAction\":[{\"@type\":\"SearchAction\",\"target\":{\"@type\":\"EntryPoint\",\"urlTemplate\":\"https:\\\/\\\/news.save.ch\\\/de\\\/?s={search_term_string}\"},\"query-input\":{\"@type\":\"PropertyValueSpecification\",\"valueRequired\":true,\"valueName\":\"search_term_string\"}}],\"inLanguage\":\"it-IT\"},{\"@type\":\"Organization\",\"@id\":\"https:\\\/\\\/news.save.ch\\\/de\\\/#organization\",\"name\":\"Sicherheitsforum\",\"url\":\"https:\\\/\\\/news.save.ch\\\/de\\\/\",\"logo\":{\"@type\":\"ImageObject\",\"inLanguage\":\"it-IT\",\"@id\":\"https:\\\/\\\/news.save.ch\\\/de\\\/#\\\/schema\\\/logo\\\/image\\\/\",\"url\":\"https:\\\/\\\/news.save.ch\\\/wp-content\\\/uploads\\\/2022\\\/06\\\/Logo_SF_2012.png\",\"contentUrl\":\"https:\\\/\\\/news.save.ch\\\/wp-content\\\/uploads\\\/2022\\\/06\\\/Logo_SF_2012.png\",\"width\":1100,\"height\":91,\"caption\":\"Sicherheitsforum\"},\"image\":{\"@id\":\"https:\\\/\\\/news.save.ch\\\/de\\\/#\\\/schema\\\/logo\\\/image\\\/\"}},{\"@type\":\"Person\",\"@id\":\"https:\\\/\\\/news.save.ch\\\/de\\\/#\\\/schema\\\/person\\\/d49e199490bad7c70d64b9ab51142f2b\",\"name\":\"admin\",\"image\":{\"@type\":\"ImageObject\",\"inLanguage\":\"it-IT\",\"@id\":\"https:\\\/\\\/secure.gravatar.com\\\/avatar\\\/ae2f4d718e6c49043e314ce431e7e645d646302a24a5ef5a8bc8e3f5a032e319?s=96&d=mm&r=g\",\"url\":\"https:\\\/\\\/secure.gravatar.com\\\/avatar\\\/ae2f4d718e6c49043e314ce431e7e645d646302a24a5ef5a8bc8e3f5a032e319?s=96&d=mm&r=g\",\"contentUrl\":\"https:\\\/\\\/secure.gravatar.com\\\/avatar\\\/ae2f4d718e6c49043e314ce431e7e645d646302a24a5ef5a8bc8e3f5a032e319?s=96&d=mm&r=g\",\"caption\":\"admin\"},\"sameAs\":[\"https:\\\/\\\/develop.organisator.galledia.ch\"],\"url\":\"https:\\\/\\\/news.save.ch\\\/it\\\/author\\\/admin\\\/\"}]}<\/script>\n<!-- \/ Yoast SEO plugin. -->","yoast_head_json":{"title":"Arrestato un ricercato - Save","description":"La polizia municipale e cantonale di Zurigo \u00e8 riuscita ad arrestare un rapinatore ricercato. Dal gennaio 2015 ha commesso diverse rapine a Zurigo.","robots":{"index":"index","follow":"follow","max-snippet":"max-snippet:-1","max-image-preview":"max-image-preview:large","max-video-preview":"max-video-preview:-1"},"canonical":"https:\/\/news.save.ch\/it\/gesuchter-mann-verhaftet\/","og_locale":"it_IT","og_type":"article","og_title":"Gesuchter Mann verhaftet","og_description":"Die Stadt- und Kantonspolizei Z\u00fcrich konnte den gesuchten R\u00e4uber verhaften. Er hat seit Januar 2015 mehrere Raubdelikte in der Stadt sowie im Kanton Z\u00fcrich ver\u00fcbt.","og_url":"https:\/\/news.save.ch\/it\/gesuchter-mann-verhaftet\/","og_site_name":"Save","article_published_time":"2015-03-16T09:51:47+00:00","og_image":[{"url":"https:\/\/sicherheitsforum.ch\/wp-content\/uploads\/2016\/12\/Gesuchter-Mann-verhaftet-sicherheitsforum.jpg","type":"","width":"","height":""}],"author":"admin","twitter_card":"summary_large_image","twitter_misc":{"Scritto da":"admin","Tempo di lettura stimato":"1 minuto"},"schema":{"@context":"https:\/\/schema.org","@graph":[{"@type":"Article","@id":"https:\/\/news.save.ch\/gesuchter-mann-verhaftet\/#article","isPartOf":{"@id":"https:\/\/news.save.ch\/gesuchter-mann-verhaftet\/"},"author":{"name":"admin","@id":"https:\/\/news.save.ch\/de\/#\/schema\/person\/d49e199490bad7c70d64b9ab51142f2b"},"headline":"Gesuchter Mann verhaftet","datePublished":"2015-03-16T09:51:47+00:00","mainEntityOfPage":{"@id":"https:\/\/news.save.ch\/gesuchter-mann-verhaftet\/"},"wordCount":181,"commentCount":0,"publisher":{"@id":"https:\/\/news.save.ch\/de\/#organization"},"image":{"@id":"https:\/\/news.save.ch\/gesuchter-mann-verhaftet\/#primaryimage"},"thumbnailUrl":"https:\/\/news.save.ch\/wp-content\/uploads\/2016\/12\/Gesuchter-Mann-verhaftet-sicherheitsforum.jpg","keywords":["Justiz &amp; Polizei","Kriminalit\u00e4t","Zeugenaufruf"],"articleSection":["ALLGEMEIN"],"inLanguage":"it-IT"},{"@type":"WebPage","@id":"https:\/\/news.save.ch\/gesuchter-mann-verhaftet\/","url":"https:\/\/news.save.ch\/gesuchter-mann-verhaftet\/","name":"Arrestato un ricercato - Save","isPartOf":{"@id":"https:\/\/news.save.ch\/de\/#website"},"primaryImageOfPage":{"@id":"https:\/\/news.save.ch\/gesuchter-mann-verhaftet\/#primaryimage"},"image":{"@id":"https:\/\/news.save.ch\/gesuchter-mann-verhaftet\/#primaryimage"},"thumbnailUrl":"https:\/\/news.save.ch\/wp-content\/uploads\/2016\/12\/Gesuchter-Mann-verhaftet-sicherheitsforum.jpg","datePublished":"2015-03-16T09:51:47+00:00","description":"La polizia municipale e cantonale di Zurigo \u00e8 riuscita ad arrestare un rapinatore ricercato. Dal gennaio 2015 ha commesso diverse rapine a Zurigo.","breadcrumb":{"@id":"https:\/\/news.save.ch\/gesuchter-mann-verhaftet\/#breadcrumb"},"inLanguage":"it-IT","potentialAction":[{"@type":"ReadAction","target":["https:\/\/news.save.ch\/gesuchter-mann-verhaftet\/"]}]},{"@type":"ImageObject","inLanguage":"it-IT","@id":"https:\/\/news.save.ch\/gesuchter-mann-verhaftet\/#primaryimage","url":"https:\/\/news.save.ch\/wp-content\/uploads\/2016\/12\/Gesuchter-Mann-verhaftet-sicherheitsforum.jpg","contentUrl":"https:\/\/news.save.ch\/wp-content\/uploads\/2016\/12\/Gesuchter-Mann-verhaftet-sicherheitsforum.jpg","width":437,"height":535,"caption":"Zur Ergreifung des Mannes setzte die Stadtpolizei eine Belohnung von bis zu 5\u2018000 Franken aus"},{"@type":"BreadcrumbList","@id":"https:\/\/news.save.ch\/gesuchter-mann-verhaftet\/#breadcrumb","itemListElement":[{"@type":"ListItem","position":1,"name":"Home","item":"https:\/\/news.save.ch\/de\/"},{"@type":"ListItem","position":2,"name":"Gesuchter Mann verhaftet"}]},{"@type":"WebSite","@id":"https:\/\/news.save.ch\/de\/#website","url":"https:\/\/news.save.ch\/de\/","name":"Risparmiare","description":"Rivista svizzera specializzata in sicurezza","publisher":{"@id":"https:\/\/news.save.ch\/de\/#organization"},"potentialAction":[{"@type":"SearchAction","target":{"@type":"EntryPoint","urlTemplate":"https:\/\/news.save.ch\/de\/?s={search_term_string}"},"query-input":{"@type":"PropertyValueSpecification","valueRequired":true,"valueName":"search_term_string"}}],"inLanguage":"it-IT"},{"@type":"Organization","@id":"https:\/\/news.save.ch\/de\/#organization","name":"Forum sulla sicurezza","url":"https:\/\/news.save.ch\/de\/","logo":{"@type":"ImageObject","inLanguage":"it-IT","@id":"https:\/\/news.save.ch\/de\/#\/schema\/logo\/image\/","url":"https:\/\/news.save.ch\/wp-content\/uploads\/2022\/06\/Logo_SF_2012.png","contentUrl":"https:\/\/news.save.ch\/wp-content\/uploads\/2022\/06\/Logo_SF_2012.png","width":1100,"height":91,"caption":"Sicherheitsforum"},"image":{"@id":"https:\/\/news.save.ch\/de\/#\/schema\/logo\/image\/"}},{"@type":"Person","@id":"https:\/\/news.save.ch\/de\/#\/schema\/person\/d49e199490bad7c70d64b9ab51142f2b","name":"amministratore","image":{"@type":"ImageObject","inLanguage":"it-IT","@id":"https:\/\/secure.gravatar.com\/avatar\/ae2f4d718e6c49043e314ce431e7e645d646302a24a5ef5a8bc8e3f5a032e319?s=96&d=mm&r=g","url":"https:\/\/secure.gravatar.com\/avatar\/ae2f4d718e6c49043e314ce431e7e645d646302a24a5ef5a8bc8e3f5a032e319?s=96&d=mm&r=g","contentUrl":"https:\/\/secure.gravatar.com\/avatar\/ae2f4d718e6c49043e314ce431e7e645d646302a24a5ef5a8bc8e3f5a032e319?s=96&d=mm&r=g","caption":"admin"},"sameAs":["https:\/\/develop.organisator.galledia.ch"],"url":"https:\/\/news.save.ch\/it\/author\/admin\/"}]}},"_links":{"self":[{"href":"https:\/\/news.save.ch\/it\/wp-json\/wp\/v2\/posts\/3053","targetHints":{"allow":["GET"]}}],"collection":[{"href":"https:\/\/news.save.ch\/it\/wp-json\/wp\/v2\/posts"}],"about":[{"href":"https:\/\/news.save.ch\/it\/wp-json\/wp\/v2\/types\/post"}],"author":[{"embeddable":true,"href":"https:\/\/news.save.ch\/it\/wp-json\/wp\/v2\/users\/1"}],"replies":[{"embeddable":true,"href":"https:\/\/news.save.ch\/it\/wp-json\/wp\/v2\/comments?post=3053"}],"version-history":[{"count":0,"href":"https:\/\/news.save.ch\/it\/wp-json\/wp\/v2\/posts\/3053\/revisions"}],"wp:featuredmedia":[{"embeddable":true,"href":"https:\/\/news.save.ch\/it\/wp-json\/wp\/v2\/media\/3054"}],"wp:attachment":[{"href":"https:\/\/news.save.ch\/it\/wp-json\/wp\/v2\/media?parent=3053"}],"wp:term":[{"taxonomy":"category","embeddable":true,"href":"https:\/\/news.save.ch\/it\/wp-json\/wp\/v2\/categories?post=3053"},{"taxonomy":"post_tag","embeddable":true,"href":"https:\/\/news.save.ch\/it\/wp-json\/wp\/v2\/tags?post=3053"}],"curies":[{"name":"wp","href":"https:\/\/api.w.org\/{rel}","templated":true}]}}